{"id":3640,"date":"2025-01-16T19:52:23","date_gmt":"2025-01-16T23:52:23","guid":{"rendered":"https:\/\/innoticiasbo.com\/?p=3640"},"modified":"2025-01-16T19:52:34","modified_gmt":"2025-01-16T23:52:34","slug":"detencion-preventiva-para-la-madre-que-prostituia-a-su-hija-en-santa-cruz","status":"publish","type":"post","link":"https:\/\/innoticiasbo.com\/index.php\/2025\/01\/16\/detencion-preventiva-para-la-madre-que-prostituia-a-su-hija-en-santa-cruz\/","title":{"rendered":"DETENCI\u00d3N PREVENTIVA PARA LA MADRE QUE PROSTITU\u00cdA A SU HIJA EN SANTA CRUZ"},"content":{"rendered":"\n<p>Santa Cruz, 16 de enero&nbsp; den2025.- El Fiscal Departamental de Santa Cruz, Alberto Zeballos, inform\u00f3 hoy que, en audiencia de medidas cautelares, el Ministerio P\u00fablico demostr\u00f3 con elementos de convicci\u00f3n suficientes que Ingrid S.L., de 40 a\u00f1os de edad, es con probabilidad autora del delito de Proxenetismo cometido en contra de su hija de 15 a\u00f1os, por ello el Juzgado de Instrucci\u00f3n Penal, Anticorrupci\u00f3n y Contra la Violencia Hacia la Mujer N\u00b028 de la capital determin\u00f3 la detenci\u00f3n preventiva a cumplir en el penal de Palmasola.<\/p>\n\n\n\n<figure class=\"wp-block-image size-large\"><img data-recalc-dims=\"1\" loading=\"lazy\" decoding=\"async\" width=\"640\" height=\"415\" src=\"https:\/\/i0.wp.com\/innoticiasbo.com\/wp-content\/uploads\/2025\/01\/img-20250116-wa02245619522488228816762.jpg?resize=640%2C415&#038;ssl=1\" alt=\"\" class=\"wp-image-3638\" srcset=\"https:\/\/i0.wp.com\/innoticiasbo.com\/wp-content\/uploads\/2025\/01\/img-20250116-wa02245619522488228816762.jpg?resize=1024%2C664&amp;ssl=1 1024w, https:\/\/i0.wp.com\/innoticiasbo.com\/wp-content\/uploads\/2025\/01\/img-20250116-wa02245619522488228816762.jpg?resize=300%2C195&amp;ssl=1 300w, https:\/\/i0.wp.com\/innoticiasbo.com\/wp-content\/uploads\/2025\/01\/img-20250116-wa02245619522488228816762.jpg?resize=768%2C498&amp;ssl=1 768w, https:\/\/i0.wp.com\/innoticiasbo.com\/wp-content\/uploads\/2025\/01\/img-20250116-wa02245619522488228816762.jpg?w=1280&amp;ssl=1 1280w\" sizes=\"auto, (max-width: 640px) 100vw, 640px\" \/><\/figure>\n\n\n\n<p>\u201cComo Ministerio P\u00fablico, una vez se conoci\u00f3 el hecho se inici\u00f3 la investigaci\u00f3n en contra de la mujer que fue denunciada por el padre biol\u00f3gico de la adolescente, se tom\u00f3 la declaraci\u00f3n de testigos, se realiz\u00f3 el examen m\u00e9dico forense de la v\u00edctima que corrobor\u00f3 la existencia del hecho, entre otros elementos que fueron valorados por la autoridad jurisdiccional\u201d, dijo Zeballos.<\/p>\n\n\n\n<p>El hecho se conoci\u00f3 el 10 de enero de 2025, cuando el padre biol\u00f3gico de la v\u00edctima present\u00f3 la denuncia formal ante la Polic\u00eda indicando que la adolescente se comunic\u00f3 con \u00e9l v\u00eda llamada telef\u00f3nica y le dijo que hab\u00eda escapado de la casa donde viv\u00eda con su madre y su padrastro porque el sujeto la hab\u00eda agredido sexualmente y su madre la obligaba a sostener relaciones sexuales con otros hombres por 30 bolivianos.<\/p>\n\n\n\n<p>El padrastro de la v\u00edctima fue enviado a la c\u00e1rcel con detenci\u00f3n preventiva por el delito de Encubrimiento y Violaci\u00f3n de Infante, Ni\u00f1a, Ni\u00f1o o Adolescente tambi\u00e9n cometido en contra de la adolescente.<\/p>\n","protected":false},"excerpt":{"rendered":"<p>Santa Cruz, 16 de enero&nbsp; den2025.- El Fiscal Departamental de Santa Cruz, Alberto Zeballos, inform\u00f3 hoy que, en audiencia de medidas cautelares, el Ministerio P\u00fablico demostr\u00f3 con elementos de convicci\u00f3n suficientes que Ingrid S.L., de 40 a\u00f1os de edad, es con probabilidad autora del delito de Proxenetismo cometido en contra de su hija de 15&#8230;<\/p>\n","protected":false},"author":2,"featured_media":3639,"comment_status":"open","ping_status":"open","sticky":false,"template":"","format":"standard","meta":{"_jetpack_memberships_contains_paid_content":false,"footnotes":"","jetpack_publicize_message":"","jetpack_publicize_feature_enabled":true,"jetpack_social_post_already_shared":true,"jetpack_social_options":{"image_generator_settings":{"template":"highway","enabled":false},"version":2}},"categories":[1,15],"tags":[],"class_list":["post-3640","post","type-post","status-publish","format-standard","has-post-thumbnail","hentry","category-bolivia","category-seguridad"],"jetpack_publicize_connections":[],"yoast_head":"<!-- This site is optimized with the Yoast SEO plugin v23.4 - https:\/\/yoast.com\/wordpress\/plugins\/seo\/ -->\n<title>DETENCI\u00d3N PREVENTIVA PARA LA MADRE QUE PROSTITU\u00cdA A SU HIJA EN SANTA CRUZ - innoticiasbo.com<\/title>\n<meta name=\"robots\" content=\"index, follow, max-snippet:-1, max-image-preview:large, max-video-preview:-1\" \/>\n<link rel=\"canonical\" href=\"https:\/\/innoticiasbo.com\/index.php\/2025\/01\/16\/detencion-preventiva-para-la-madre-que-prostituia-a-su-hija-en-santa-cruz\/\" \/>\n<meta property=\"og:locale\" content=\"es_ES\" \/>\n<meta property=\"og:type\" content=\"article\" \/>\n<meta property=\"og:title\" content=\"DETENCI\u00d3N PREVENTIVA PARA LA MADRE QUE PROSTITU\u00cdA A SU HIJA EN SANTA CRUZ - innoticiasbo.com\" \/>\n<meta property=\"og:description\" content=\"Santa Cruz, 16 de enero&nbsp; den2025.- El Fiscal Departamental de Santa Cruz, Alberto Zeballos, inform\u00f3 hoy que, en audiencia de medidas cautelares, el Ministerio P\u00fablico demostr\u00f3 con elementos de convicci\u00f3n suficientes que Ingrid S.L., de 40 a\u00f1os de edad, es con probabilidad autora del delito de Proxenetismo cometido en contra de su hija de 15...\" \/>\n<meta property=\"og:url\" content=\"https:\/\/innoticiasbo.com\/index.php\/2025\/01\/16\/detencion-preventiva-para-la-madre-que-prostituia-a-su-hija-en-santa-cruz\/\" \/>\n<meta property=\"og:site_name\" content=\"innoticiasbo.com\" \/>\n<meta property=\"article:publisher\" content=\"https:\/\/www.facebook.com\/innoticiasbolivia\" \/>\n<meta property=\"article:published_time\" content=\"2025-01-16T23:52:23+00:00\" \/>\n<meta property=\"article:modified_time\" content=\"2025-01-16T23:52:34+00:00\" \/>\n<meta property=\"og:image\" content=\"https:\/\/i0.wp.com\/innoticiasbo.com\/wp-content\/uploads\/2025\/01\/IMG-20250116-WA0224.jpg?fit=1280%2C830&ssl=1\" \/>\n\t<meta property=\"og:image:width\" content=\"1280\" \/>\n\t<meta property=\"og:image:height\" content=\"830\" \/>\n\t<meta property=\"og:image:type\" content=\"image\/jpeg\" \/>\n<meta name=\"author\" content=\"Prensa\" \/>\n<meta name=\"twitter:card\" content=\"summary_large_image\" \/>\n<meta name=\"twitter:creator\" content=\"@innoticiasbo\" \/>\n<meta name=\"twitter:site\" content=\"@innoticiasbo\" \/>\n<meta name=\"twitter:label1\" content=\"Escrito por\" \/>\n\t<meta name=\"twitter:data1\" content=\"Prensa\" \/>\n\t<meta name=\"twitter:label2\" content=\"Tiempo de lectura\" \/>\n\t<meta name=\"twitter:data2\" content=\"1 minuto\" \/>\n<script type=\"application\/ld+json\" class=\"yoast-schema-graph\">{\"@context\":\"https:\/\/schema.org\",\"@graph\":[{\"@type\":\"Article\",\"@id\":\"https:\/\/innoticiasbo.com\/index.php\/2025\/01\/16\/detencion-preventiva-para-la-madre-que-prostituia-a-su-hija-en-santa-cruz\/#article\",\"isPartOf\":{\"@id\":\"https:\/\/innoticiasbo.com\/index.php\/2025\/01\/16\/detencion-preventiva-para-la-madre-que-prostituia-a-su-hija-en-santa-cruz\/\"},\"author\":{\"name\":\"Prensa\",\"@id\":\"https:\/\/innoticiasbo.com\/#\/schema\/person\/589cd527c4211df1b943bdad85ec07ce\"},\"headline\":\"DETENCI\u00d3N PREVENTIVA PARA LA MADRE QUE PROSTITU\u00cdA A SU HIJA EN SANTA CRUZ\",\"datePublished\":\"2025-01-16T23:52:23+00:00\",\"dateModified\":\"2025-01-16T23:52:34+00:00\",\"mainEntityOfPage\":{\"@id\":\"https:\/\/innoticiasbo.com\/index.php\/2025\/01\/16\/detencion-preventiva-para-la-madre-que-prostituia-a-su-hija-en-santa-cruz\/\"},\"wordCount\":294,\"commentCount\":0,\"publisher\":{\"@id\":\"https:\/\/innoticiasbo.com\/#organization\"},\"image\":{\"@id\":\"https:\/\/innoticiasbo.com\/index.php\/2025\/01\/16\/detencion-preventiva-para-la-madre-que-prostituia-a-su-hija-en-santa-cruz\/#primaryimage\"},\"thumbnailUrl\":\"https:\/\/i0.wp.com\/innoticiasbo.com\/wp-content\/uploads\/2025\/01\/IMG-20250116-WA0224.jpg?fit=1280%2C830&ssl=1\",\"articleSection\":[\"Bolivia\",\"Seguridad\"],\"inLanguage\":\"es\",\"potentialAction\":[{\"@type\":\"CommentAction\",\"name\":\"Comment\",\"target\":[\"https:\/\/innoticiasbo.com\/index.php\/2025\/01\/16\/detencion-preventiva-para-la-madre-que-prostituia-a-su-hija-en-santa-cruz\/#respond\"]}]},{\"@type\":\"WebPage\",\"@id\":\"https:\/\/innoticiasbo.com\/index.php\/2025\/01\/16\/detencion-preventiva-para-la-madre-que-prostituia-a-su-hija-en-santa-cruz\/\",\"url\":\"https:\/\/innoticiasbo.com\/index.php\/2025\/01\/16\/detencion-preventiva-para-la-madre-que-prostituia-a-su-hija-en-santa-cruz\/\",\"name\":\"DETENCI\u00d3N PREVENTIVA PARA LA MADRE QUE PROSTITU\u00cdA A SU HIJA EN SANTA CRUZ - innoticiasbo.com\",\"isPartOf\":{\"@id\":\"https:\/\/innoticiasbo.com\/#website\"},\"primaryImageOfPage\":{\"@id\":\"https:\/\/innoticiasbo.com\/index.php\/2025\/01\/16\/detencion-preventiva-para-la-madre-que-prostituia-a-su-hija-en-santa-cruz\/#primaryimage\"},\"image\":{\"@id\":\"https:\/\/innoticiasbo.com\/index.php\/2025\/01\/16\/detencion-preventiva-para-la-madre-que-prostituia-a-su-hija-en-santa-cruz\/#primaryimage\"},\"thumbnailUrl\":\"https:\/\/i0.wp.com\/innoticiasbo.com\/wp-content\/uploads\/2025\/01\/IMG-20250116-WA0224.jpg?fit=1280%2C830&ssl=1\",\"datePublished\":\"2025-01-16T23:52:23+00:00\",\"dateModified\":\"2025-01-16T23:52:34+00:00\",\"breadcrumb\":{\"@id\":\"https:\/\/innoticiasbo.com\/index.php\/2025\/01\/16\/detencion-preventiva-para-la-madre-que-prostituia-a-su-hija-en-santa-cruz\/#breadcrumb\"},\"inLanguage\":\"es\",\"potentialAction\":[{\"@type\":\"ReadAction\",\"target\":[\"https:\/\/innoticiasbo.com\/index.php\/2025\/01\/16\/detencion-preventiva-para-la-madre-que-prostituia-a-su-hija-en-santa-cruz\/\"]}]},{\"@type\":\"ImageObject\",\"inLanguage\":\"es\",\"@id\":\"https:\/\/innoticiasbo.com\/index.php\/2025\/01\/16\/detencion-preventiva-para-la-madre-que-prostituia-a-su-hija-en-santa-cruz\/#primaryimage\",\"url\":\"https:\/\/i0.wp.com\/innoticiasbo.com\/wp-content\/uploads\/2025\/01\/IMG-20250116-WA0224.jpg?fit=1280%2C830&ssl=1\",\"contentUrl\":\"https:\/\/i0.wp.com\/innoticiasbo.com\/wp-content\/uploads\/2025\/01\/IMG-20250116-WA0224.jpg?fit=1280%2C830&ssl=1\",\"width\":1280,\"height\":830},{\"@type\":\"BreadcrumbList\",\"@id\":\"https:\/\/innoticiasbo.com\/index.php\/2025\/01\/16\/detencion-preventiva-para-la-madre-que-prostituia-a-su-hija-en-santa-cruz\/#breadcrumb\",\"itemListElement\":[{\"@type\":\"ListItem\",\"position\":1,\"name\":\"Portada\",\"item\":\"https:\/\/innoticiasbo.com\/\"},{\"@type\":\"ListItem\",\"position\":2,\"name\":\"DETENCI\u00d3N PREVENTIVA PARA LA MADRE QUE PROSTITU\u00cdA A SU HIJA EN SANTA CRUZ\"}]},{\"@type\":\"WebSite\",\"@id\":\"https:\/\/innoticiasbo.com\/#website\",\"url\":\"https:\/\/innoticiasbo.com\/\",\"name\":\"innoticiasbo.com\",\"description\":\"\",\"publisher\":{\"@id\":\"https:\/\/innoticiasbo.com\/#organization\"},\"potentialAction\":[{\"@type\":\"SearchAction\",\"target\":{\"@type\":\"EntryPoint\",\"urlTemplate\":\"https:\/\/innoticiasbo.com\/?s={search_term_string}\"},\"query-input\":{\"@type\":\"PropertyValueSpecification\",\"valueRequired\":true,\"valueName\":\"search_term_string\"}}],\"inLanguage\":\"es\"},{\"@type\":\"Organization\",\"@id\":\"https:\/\/innoticiasbo.com\/#organization\",\"name\":\"innoticiasbo.com\",\"url\":\"https:\/\/innoticiasbo.com\/\",\"logo\":{\"@type\":\"ImageObject\",\"inLanguage\":\"es\",\"@id\":\"https:\/\/innoticiasbo.com\/#\/schema\/logo\/image\/\",\"url\":\"https:\/\/i0.wp.com\/innoticiasbo.com\/wp-content\/uploads\/2026\/04\/cropped-IN-LOGO.png?fit=1476%2C1476&ssl=1\",\"contentUrl\":\"https:\/\/i0.wp.com\/innoticiasbo.com\/wp-content\/uploads\/2026\/04\/cropped-IN-LOGO.png?fit=1476%2C1476&ssl=1\",\"width\":1476,\"height\":1476,\"caption\":\"innoticiasbo.com\"},\"image\":{\"@id\":\"https:\/\/innoticiasbo.com\/#\/schema\/logo\/image\/\"},\"sameAs\":[\"https:\/\/www.facebook.com\/innoticiasbolivia\",\"https:\/\/x.com\/innoticiasbo\",\"https:\/\/www.instagram.com\/innoticiasbo\",\"https:\/\/www.youtube.com\/innoticiasbo\"]},{\"@type\":\"Person\",\"@id\":\"https:\/\/innoticiasbo.com\/#\/schema\/person\/589cd527c4211df1b943bdad85ec07ce\",\"name\":\"Prensa\",\"image\":{\"@type\":\"ImageObject\",\"inLanguage\":\"es\",\"@id\":\"https:\/\/innoticiasbo.com\/#\/schema\/person\/image\/\",\"url\":\"https:\/\/secure.gravatar.com\/avatar\/d359bbdf112023c1c0a3ec7fe1600657?s=96&d=mm&r=g\",\"contentUrl\":\"https:\/\/secure.gravatar.com\/avatar\/d359bbdf112023c1c0a3ec7fe1600657?s=96&d=mm&r=g\",\"caption\":\"Prensa\"},\"sameAs\":[\"http:\/\/www.innoticiasbo.com\"],\"url\":\"https:\/\/innoticiasbo.com\/index.php\/author\/prensa\/\"}]}<\/script>\n<!-- \/ Yoast SEO plugin. -->","yoast_head_json":{"title":"DETENCI\u00d3N PREVENTIVA PARA LA MADRE QUE PROSTITU\u00cdA A SU HIJA EN SANTA CRUZ - innoticiasbo.com","robots":{"index":"index","follow":"follow","max-snippet":"max-snippet:-1","max-image-preview":"max-image-preview:large","max-video-preview":"max-video-preview:-1"},"canonical":"https:\/\/innoticiasbo.com\/index.php\/2025\/01\/16\/detencion-preventiva-para-la-madre-que-prostituia-a-su-hija-en-santa-cruz\/","og_locale":"es_ES","og_type":"article","og_title":"DETENCI\u00d3N PREVENTIVA PARA LA MADRE QUE PROSTITU\u00cdA A SU HIJA EN SANTA CRUZ - innoticiasbo.com","og_description":"Santa Cruz, 16 de enero&nbsp; den2025.- El Fiscal Departamental de Santa Cruz, Alberto Zeballos, inform\u00f3 hoy que, en audiencia de medidas cautelares, el Ministerio P\u00fablico demostr\u00f3 con elementos de convicci\u00f3n suficientes que Ingrid S.L., de 40 a\u00f1os de edad, es con probabilidad autora del delito de Proxenetismo cometido en contra de su hija de 15...","og_url":"https:\/\/innoticiasbo.com\/index.php\/2025\/01\/16\/detencion-preventiva-para-la-madre-que-prostituia-a-su-hija-en-santa-cruz\/","og_site_name":"innoticiasbo.com","article_publisher":"https:\/\/www.facebook.com\/innoticiasbolivia","article_published_time":"2025-01-16T23:52:23+00:00","article_modified_time":"2025-01-16T23:52:34+00:00","og_image":[{"width":1280,"height":830,"url":"https:\/\/i0.wp.com\/innoticiasbo.com\/wp-content\/uploads\/2025\/01\/IMG-20250116-WA0224.jpg?fit=1280%2C830&ssl=1","type":"image\/jpeg"}],"author":"Prensa","twitter_card":"summary_large_image","twitter_creator":"@innoticiasbo","twitter_site":"@innoticiasbo","twitter_misc":{"Escrito por":"Prensa","Tiempo de lectura":"1 minuto"},"schema":{"@context":"https:\/\/schema.org","@graph":[{"@type":"Article","@id":"https:\/\/innoticiasbo.com\/index.php\/2025\/01\/16\/detencion-preventiva-para-la-madre-que-prostituia-a-su-hija-en-santa-cruz\/#article","isPartOf":{"@id":"https:\/\/innoticiasbo.com\/index.php\/2025\/01\/16\/detencion-preventiva-para-la-madre-que-prostituia-a-su-hija-en-santa-cruz\/"},"author":{"name":"Prensa","@id":"https:\/\/innoticiasbo.com\/#\/schema\/person\/589cd527c4211df1b943bdad85ec07ce"},"headline":"DETENCI\u00d3N PREVENTIVA PARA LA MADRE QUE PROSTITU\u00cdA A SU HIJA EN SANTA CRUZ","datePublished":"2025-01-16T23:52:23+00:00","dateModified":"2025-01-16T23:52:34+00:00","mainEntityOfPage":{"@id":"https:\/\/innoticiasbo.com\/index.php\/2025\/01\/16\/detencion-preventiva-para-la-madre-que-prostituia-a-su-hija-en-santa-cruz\/"},"wordCount":294,"commentCount":0,"publisher":{"@id":"https:\/\/innoticiasbo.com\/#organization"},"image":{"@id":"https:\/\/innoticiasbo.com\/index.php\/2025\/01\/16\/detencion-preventiva-para-la-madre-que-prostituia-a-su-hija-en-santa-cruz\/#primaryimage"},"thumbnailUrl":"https:\/\/i0.wp.com\/innoticiasbo.com\/wp-content\/uploads\/2025\/01\/IMG-20250116-WA0224.jpg?fit=1280%2C830&ssl=1","articleSection":["Bolivia","Seguridad"],"inLanguage":"es","potentialAction":[{"@type":"CommentAction","name":"Comment","target":["https:\/\/innoticiasbo.com\/index.php\/2025\/01\/16\/detencion-preventiva-para-la-madre-que-prostituia-a-su-hija-en-santa-cruz\/#respond"]}]},{"@type":"WebPage","@id":"https:\/\/innoticiasbo.com\/index.php\/2025\/01\/16\/detencion-preventiva-para-la-madre-que-prostituia-a-su-hija-en-santa-cruz\/","url":"https:\/\/innoticiasbo.com\/index.php\/2025\/01\/16\/detencion-preventiva-para-la-madre-que-prostituia-a-su-hija-en-santa-cruz\/","name":"DETENCI\u00d3N PREVENTIVA PARA LA MADRE QUE PROSTITU\u00cdA A SU HIJA EN SANTA CRUZ - innoticiasbo.com","isPartOf":{"@id":"https:\/\/innoticiasbo.com\/#website"},"primaryImageOfPage":{"@id":"https:\/\/innoticiasbo.com\/index.php\/2025\/01\/16\/detencion-preventiva-para-la-madre-que-prostituia-a-su-hija-en-santa-cruz\/#primaryimage"},"image":{"@id":"https:\/\/innoticiasbo.com\/index.php\/2025\/01\/16\/detencion-preventiva-para-la-madre-que-prostituia-a-su-hija-en-santa-cruz\/#primaryimage"},"thumbnailUrl":"https:\/\/i0.wp.com\/innoticiasbo.com\/wp-content\/uploads\/2025\/01\/IMG-20250116-WA0224.jpg?fit=1280%2C830&ssl=1","datePublished":"2025-01-16T23:52:23+00:00","dateModified":"2025-01-16T23:52:34+00:00","breadcrumb":{"@id":"https:\/\/innoticiasbo.com\/index.php\/2025\/01\/16\/detencion-preventiva-para-la-madre-que-prostituia-a-su-hija-en-santa-cruz\/#breadcrumb"},"inLanguage":"es","potentialAction":[{"@type":"ReadAction","target":["https:\/\/innoticiasbo.com\/index.php\/2025\/01\/16\/detencion-preventiva-para-la-madre-que-prostituia-a-su-hija-en-santa-cruz\/"]}]},{"@type":"ImageObject","inLanguage":"es","@id":"https:\/\/innoticiasbo.com\/index.php\/2025\/01\/16\/detencion-preventiva-para-la-madre-que-prostituia-a-su-hija-en-santa-cruz\/#primaryimage","url":"https:\/\/i0.wp.com\/innoticiasbo.com\/wp-content\/uploads\/2025\/01\/IMG-20250116-WA0224.jpg?fit=1280%2C830&ssl=1","contentUrl":"https:\/\/i0.wp.com\/innoticiasbo.com\/wp-content\/uploads\/2025\/01\/IMG-20250116-WA0224.jpg?fit=1280%2C830&ssl=1","width":1280,"height":830},{"@type":"BreadcrumbList","@id":"https:\/\/innoticiasbo.com\/index.php\/2025\/01\/16\/detencion-preventiva-para-la-madre-que-prostituia-a-su-hija-en-santa-cruz\/#breadcrumb","itemListElement":[{"@type":"ListItem","position":1,"name":"Portada","item":"https:\/\/innoticiasbo.com\/"},{"@type":"ListItem","position":2,"name":"DETENCI\u00d3N PREVENTIVA PARA LA MADRE QUE PROSTITU\u00cdA A SU HIJA EN SANTA CRUZ"}]},{"@type":"WebSite","@id":"https:\/\/innoticiasbo.com\/#website","url":"https:\/\/innoticiasbo.com\/","name":"innoticiasbo.com","description":"","publisher":{"@id":"https:\/\/innoticiasbo.com\/#organization"},"potentialAction":[{"@type":"SearchAction","target":{"@type":"EntryPoint","urlTemplate":"https:\/\/innoticiasbo.com\/?s={search_term_string}"},"query-input":{"@type":"PropertyValueSpecification","valueRequired":true,"valueName":"search_term_string"}}],"inLanguage":"es"},{"@type":"Organization","@id":"https:\/\/innoticiasbo.com\/#organization","name":"innoticiasbo.com","url":"https:\/\/innoticiasbo.com\/","logo":{"@type":"ImageObject","inLanguage":"es","@id":"https:\/\/innoticiasbo.com\/#\/schema\/logo\/image\/","url":"https:\/\/i0.wp.com\/innoticiasbo.com\/wp-content\/uploads\/2026\/04\/cropped-IN-LOGO.png?fit=1476%2C1476&ssl=1","contentUrl":"https:\/\/i0.wp.com\/innoticiasbo.com\/wp-content\/uploads\/2026\/04\/cropped-IN-LOGO.png?fit=1476%2C1476&ssl=1","width":1476,"height":1476,"caption":"innoticiasbo.com"},"image":{"@id":"https:\/\/innoticiasbo.com\/#\/schema\/logo\/image\/"},"sameAs":["https:\/\/www.facebook.com\/innoticiasbolivia","https:\/\/x.com\/innoticiasbo","https:\/\/www.instagram.com\/innoticiasbo","https:\/\/www.youtube.com\/innoticiasbo"]},{"@type":"Person","@id":"https:\/\/innoticiasbo.com\/#\/schema\/person\/589cd527c4211df1b943bdad85ec07ce","name":"Prensa","image":{"@type":"ImageObject","inLanguage":"es","@id":"https:\/\/innoticiasbo.com\/#\/schema\/person\/image\/","url":"https:\/\/secure.gravatar.com\/avatar\/d359bbdf112023c1c0a3ec7fe1600657?s=96&d=mm&r=g","contentUrl":"https:\/\/secure.gravatar.com\/avatar\/d359bbdf112023c1c0a3ec7fe1600657?s=96&d=mm&r=g","caption":"Prensa"},"sameAs":["http:\/\/www.innoticiasbo.com"],"url":"https:\/\/innoticiasbo.com\/index.php\/author\/prensa\/"}]}},"jetpack_featured_media_url":"https:\/\/i0.wp.com\/innoticiasbo.com\/wp-content\/uploads\/2025\/01\/IMG-20250116-WA0224.jpg?fit=1280%2C830&ssl=1","jetpack_likes_enabled":true,"jetpack_sharing_enabled":true,"jetpack_shortlink":"https:\/\/wp.me\/pg298x-WI","_links":{"self":[{"href":"https:\/\/innoticiasbo.com\/index.php\/wp-json\/wp\/v2\/posts\/3640","targetHints":{"allow":["GET"]}}],"collection":[{"href":"https:\/\/innoticiasbo.com\/index.php\/wp-json\/wp\/v2\/posts"}],"about":[{"href":"https:\/\/innoticiasbo.com\/index.php\/wp-json\/wp\/v2\/types\/post"}],"author":[{"embeddable":true,"href":"https:\/\/innoticiasbo.com\/index.php\/wp-json\/wp\/v2\/users\/2"}],"replies":[{"embeddable":true,"href":"https:\/\/innoticiasbo.com\/index.php\/wp-json\/wp\/v2\/comments?post=3640"}],"version-history":[{"count":1,"href":"https:\/\/innoticiasbo.com\/index.php\/wp-json\/wp\/v2\/posts\/3640\/revisions"}],"predecessor-version":[{"id":3641,"href":"https:\/\/innoticiasbo.com\/index.php\/wp-json\/wp\/v2\/posts\/3640\/revisions\/3641"}],"wp:featuredmedia":[{"embeddable":true,"href":"https:\/\/innoticiasbo.com\/index.php\/wp-json\/wp\/v2\/media\/3639"}],"wp:attachment":[{"href":"https:\/\/innoticiasbo.com\/index.php\/wp-json\/wp\/v2\/media?parent=3640"}],"wp:term":[{"taxonomy":"category","embeddable":true,"href":"https:\/\/innoticiasbo.com\/index.php\/wp-json\/wp\/v2\/categories?post=3640"},{"taxonomy":"post_tag","embeddable":true,"href":"https:\/\/innoticiasbo.com\/index.php\/wp-json\/wp\/v2\/tags?post=3640"}],"curies":[{"name":"wp","href":"https:\/\/api.w.org\/{rel}","templated":true}]}}