{"id":3625,"date":"2025-01-15T16:35:09","date_gmt":"2025-01-15T20:35:09","guid":{"rendered":"https:\/\/innoticiasbo.com\/?p=3625"},"modified":"2025-01-15T16:35:22","modified_gmt":"2025-01-15T20:35:22","slug":"los-ataques-a-reyes-villa-el-bloque-de-unidad-y-el-oficialismo","status":"publish","type":"post","link":"https:\/\/innoticiasbo.com\/index.php\/2025\/01\/15\/los-ataques-a-reyes-villa-el-bloque-de-unidad-y-el-oficialismo\/","title":{"rendered":"LOS ATAQUES A REYES VILLA, EL BLOQUE DE UNIDAD Y EL OFICIALISMO"},"content":{"rendered":"\n<p class=\"MsoNormal\">Por Henry Gonzalo Rico\u00a0 Garc\u00eda, abogado y docente en la UMSS<\/p>\n\n\n\n<figure class=\"wp-block-image size-large\"><img data-recalc-dims=\"1\" loading=\"lazy\" decoding=\"async\" width=\"640\" height=\"804\" src=\"https:\/\/i0.wp.com\/innoticiasbo.com\/wp-content\/uploads\/2025\/01\/img-20250115-wa01592120216773457101497.jpg?resize=640%2C804&#038;ssl=1\" alt=\"\" class=\"wp-image-3623\" srcset=\"https:\/\/i0.wp.com\/innoticiasbo.com\/wp-content\/uploads\/2025\/01\/img-20250115-wa01592120216773457101497.jpg?resize=815%2C1024&amp;ssl=1 815w, https:\/\/i0.wp.com\/innoticiasbo.com\/wp-content\/uploads\/2025\/01\/img-20250115-wa01592120216773457101497.jpg?resize=239%2C300&amp;ssl=1 239w, https:\/\/i0.wp.com\/innoticiasbo.com\/wp-content\/uploads\/2025\/01\/img-20250115-wa01592120216773457101497.jpg?resize=768%2C965&amp;ssl=1 768w, https:\/\/i0.wp.com\/innoticiasbo.com\/wp-content\/uploads\/2025\/01\/img-20250115-wa01592120216773457101497.jpg?resize=1223%2C1536&amp;ssl=1 1223w, https:\/\/i0.wp.com\/innoticiasbo.com\/wp-content\/uploads\/2025\/01\/img-20250115-wa01592120216773457101497.jpg?w=1274&amp;ssl=1 1274w\" sizes=\"auto, (max-width: 640px) 100vw, 640px\" \/><\/figure>\n\n\n\n<p class=\"MsoNormal\">Si bien muchos aprueban la alianza del bloque de unidad entre dos ex presidentes por sucesi\u00f3n constitucional con representantes de partidos y agrupaciones pol\u00edticas, la realidad pone en evidencia que varios de ellos han sido, desde el a\u00f1o 2000, \u00fatiles a Evo Morales y al MAS para que lleguen al poder y gobiernen entre 2006-2009, 2010-2014 y 2015-2019, as\u00ed como del gobierno de Jeanine A\u00f1ez 2019-2020 que se esforzaron para que el MAS retorne al gobierno el 2020.<\/p>\n\n\n\n<p class=\"MsoNormal\">Seg\u00fan ellos, es lo que el pa\u00eds necesita para recuperar Bolivia. Sin embargo, el accionar de todos ellos genera m\u00e1s dudas que certezas, enfrasc\u00e1ndose en el vilipendio contra del Alcalde del Cochabamba.<\/p>\n\n\n\n<p class=\"MsoNormal\">Es innegable la trayectoria de Manfred Reyes Villa en Cochabamba y en la pol\u00edtica boliviana y su gesti\u00f3n como Prefecto y jefe edil deja un legado tangible de desarrollo que marca una diferencia notable en gesti\u00f3n p\u00fablica, y eso lo convierte en blanco de ataques pol\u00edticos y maniobras de desprestigio, similares a las que sufri\u00f3 el a\u00f1o 2002 cuando se le arrebat\u00f3, mediante una guerra sucia, la posibilidad de alcanzar la Presidencia de Bolivia.<\/p>\n\n\n\n<p class=\"MsoNormal\">Algunos reporteros, periodistas, pol\u00edticos, opinadores y analistas intentan cuestionar la legitimidad y la firmeza que tiene Reyes Villa como l\u00edder pol\u00edtico. Resulta evidente que los procesos legales y las controversias que se han levantado contra \u00e9l, no son m\u00e1s que pertrechos utilizados por quienes conforman el autodenominado bloque de unidad, en consonancia con el MAS y con Evo Morales, con la \u00fanica finalidad de debilitar su influencia. Resulta significativo machacar que muchas de las denuncias han sido rechazadas, desestimadas o anuladas por la falta de pruebas contundentes contra su gesti\u00f3n con resultados.<\/p>\n\n\n\n<p class=\"MsoNormal\">Pero lo que no logran destacar es que, pese a estos constantes ataques, Reyes Villa mantiene un apoyo s\u00f3lido de la poblaci\u00f3n. Su retorno del exilio en enero de 2020 marc\u00f3 un resurgimiento pol\u00edtico que, lejos de ser una estrategia calculada, refleja el deseo de un pueblo que recuerda las obras y el progreso alcanzado bajo su liderazgo. Su victoria en las elecciones municipales del mes de marzo de 2021, lograda a pesar de los intentos de inhabilitaci\u00f3n, es prueba de su conexi\u00f3n genuina con el ciudadano\/elector, privilegio que no tienen los integrantes de la pensada unidad ni otros.<\/p>\n\n\n\n<p class=\"MsoNormal\">Los se\u00f1alamientos de que Reyes Villa podr\u00eda ser una figura que favorece al oficialismo o que busca dividir a los infrascritos del bloque, no solo que carecen de fundamentos s\u00f3lidos, sino que son parte de una narrativa dise\u00f1ada para pretender deslegitimarlo. Su posici\u00f3n firme contra Evo Morales y su diferenciaci\u00f3n valiosa respecto a ellos y a otros, reflejan, m\u00e1s bien, una postura pol\u00edtica madura que busca construir una opci\u00f3n de oposici\u00f3n seria y viable para el pa\u00eds.<\/p>\n\n\n\n<p class=\"MsoNormal\">En un contexto pol\u00edtico tan polarizado, Manfred Reyes Villa es una figura que inspira admiraci\u00f3n y temor en sus adversarios, sean del bloque de unidad, del MAS o de los dem\u00e1s. Su trayectoria, lejos de ser ensombrecida, se fortalece con cada obst\u00e1culo superado, consolid\u00e1ndose como un l\u00edder con visi\u00f3n y compromiso con Bolivia y con su gente, y si gana la Presidencia, les puedo asegurar que ser\u00e1 para garantizar derechos no para proteger sentimientos.<\/p>\n\n\n\n<p class=\"MsoNormal\"><strong><em>*El autor es docente en la UMSS y Abogado.<\/em><\/strong><\/p>\n","protected":false},"excerpt":{"rendered":"<p>Por Henry Gonzalo Rico\u00a0 Garc\u00eda, abogado y docente en la UMSS Si bien muchos aprueban la alianza del bloque de unidad entre dos ex presidentes por sucesi\u00f3n constitucional con representantes de partidos y agrupaciones pol\u00edticas, la realidad pone en evidencia que varios de ellos han sido, desde el a\u00f1o 2000, \u00fatiles a Evo Morales y&#8230;<\/p>\n","protected":false},"author":2,"featured_media":3624,"comment_status":"open","ping_status":"open","sticky":false,"template":"","format":"standard","meta":{"_jetpack_memberships_contains_paid_content":false,"footnotes":"","jetpack_publicize_message":"","jetpack_publicize_feature_enabled":true,"jetpack_social_post_already_shared":true,"jetpack_social_options":{"image_generator_settings":{"template":"highway","enabled":false},"version":2}},"categories":[17,3],"tags":[],"class_list":["post-3625","post","type-post","status-publish","format-standard","has-post-thumbnail","hentry","category-opinion","category-politica"],"jetpack_publicize_connections":[],"yoast_head":"<!-- This site is optimized with the Yoast SEO plugin v23.4 - https:\/\/yoast.com\/wordpress\/plugins\/seo\/ -->\n<title>LOS ATAQUES A REYES VILLA, EL BLOQUE DE UNIDAD Y EL OFICIALISMO - innoticiasbo.com<\/title>\n<meta name=\"robots\" content=\"index, follow, max-snippet:-1, max-image-preview:large, max-video-preview:-1\" \/>\n<link rel=\"canonical\" href=\"https:\/\/innoticiasbo.com\/index.php\/2025\/01\/15\/los-ataques-a-reyes-villa-el-bloque-de-unidad-y-el-oficialismo\/\" \/>\n<meta property=\"og:locale\" content=\"es_ES\" \/>\n<meta property=\"og:type\" content=\"article\" \/>\n<meta property=\"og:title\" content=\"LOS ATAQUES A REYES VILLA, EL BLOQUE DE UNIDAD Y EL OFICIALISMO - innoticiasbo.com\" \/>\n<meta property=\"og:description\" content=\"Por Henry Gonzalo Rico\u00a0 Garc\u00eda, abogado y docente en la UMSS Si bien muchos aprueban la alianza del bloque de unidad entre dos ex presidentes por sucesi\u00f3n constitucional con representantes de partidos y agrupaciones pol\u00edticas, la realidad pone en evidencia que varios de ellos han sido, desde el a\u00f1o 2000, \u00fatiles a Evo Morales y...\" \/>\n<meta property=\"og:url\" content=\"https:\/\/innoticiasbo.com\/index.php\/2025\/01\/15\/los-ataques-a-reyes-villa-el-bloque-de-unidad-y-el-oficialismo\/\" \/>\n<meta property=\"og:site_name\" content=\"innoticiasbo.com\" \/>\n<meta property=\"article:publisher\" content=\"https:\/\/www.facebook.com\/innoticiasbolivia\" \/>\n<meta property=\"article:published_time\" content=\"2025-01-15T20:35:09+00:00\" \/>\n<meta property=\"article:modified_time\" content=\"2025-01-15T20:35:22+00:00\" \/>\n<meta property=\"og:image\" content=\"https:\/\/i0.wp.com\/innoticiasbo.com\/wp-content\/uploads\/2025\/01\/IMG-20250115-WA0159.jpg?fit=1274%2C1600&ssl=1\" \/>\n\t<meta property=\"og:image:width\" content=\"1274\" \/>\n\t<meta property=\"og:image:height\" content=\"1600\" \/>\n\t<meta property=\"og:image:type\" content=\"image\/jpeg\" \/>\n<meta name=\"author\" content=\"Prensa\" \/>\n<meta name=\"twitter:card\" content=\"summary_large_image\" \/>\n<meta name=\"twitter:creator\" content=\"@innoticiasbo\" \/>\n<meta name=\"twitter:site\" content=\"@innoticiasbo\" \/>\n<meta name=\"twitter:label1\" content=\"Escrito por\" \/>\n\t<meta name=\"twitter:data1\" content=\"Prensa\" \/>\n\t<meta name=\"twitter:label2\" content=\"Tiempo de lectura\" \/>\n\t<meta name=\"twitter:data2\" content=\"3 minutos\" \/>\n<script type=\"application\/ld+json\" class=\"yoast-schema-graph\">{\"@context\":\"https:\/\/schema.org\",\"@graph\":[{\"@type\":\"Article\",\"@id\":\"https:\/\/innoticiasbo.com\/index.php\/2025\/01\/15\/los-ataques-a-reyes-villa-el-bloque-de-unidad-y-el-oficialismo\/#article\",\"isPartOf\":{\"@id\":\"https:\/\/innoticiasbo.com\/index.php\/2025\/01\/15\/los-ataques-a-reyes-villa-el-bloque-de-unidad-y-el-oficialismo\/\"},\"author\":{\"name\":\"Prensa\",\"@id\":\"https:\/\/innoticiasbo.com\/#\/schema\/person\/589cd527c4211df1b943bdad85ec07ce\"},\"headline\":\"LOS ATAQUES A REYES VILLA, EL BLOQUE DE UNIDAD Y EL OFICIALISMO\",\"datePublished\":\"2025-01-15T20:35:09+00:00\",\"dateModified\":\"2025-01-15T20:35:22+00:00\",\"mainEntityOfPage\":{\"@id\":\"https:\/\/innoticiasbo.com\/index.php\/2025\/01\/15\/los-ataques-a-reyes-villa-el-bloque-de-unidad-y-el-oficialismo\/\"},\"wordCount\":597,\"commentCount\":0,\"publisher\":{\"@id\":\"https:\/\/innoticiasbo.com\/#organization\"},\"image\":{\"@id\":\"https:\/\/innoticiasbo.com\/index.php\/2025\/01\/15\/los-ataques-a-reyes-villa-el-bloque-de-unidad-y-el-oficialismo\/#primaryimage\"},\"thumbnailUrl\":\"https:\/\/i0.wp.com\/innoticiasbo.com\/wp-content\/uploads\/2025\/01\/IMG-20250115-WA0159.jpg?fit=1274%2C1600&ssl=1\",\"articleSection\":[\"Opini\u00f3n\",\"Pol\u00edtica\"],\"inLanguage\":\"es\",\"potentialAction\":[{\"@type\":\"CommentAction\",\"name\":\"Comment\",\"target\":[\"https:\/\/innoticiasbo.com\/index.php\/2025\/01\/15\/los-ataques-a-reyes-villa-el-bloque-de-unidad-y-el-oficialismo\/#respond\"]}]},{\"@type\":\"WebPage\",\"@id\":\"https:\/\/innoticiasbo.com\/index.php\/2025\/01\/15\/los-ataques-a-reyes-villa-el-bloque-de-unidad-y-el-oficialismo\/\",\"url\":\"https:\/\/innoticiasbo.com\/index.php\/2025\/01\/15\/los-ataques-a-reyes-villa-el-bloque-de-unidad-y-el-oficialismo\/\",\"name\":\"LOS ATAQUES A REYES VILLA, EL BLOQUE DE UNIDAD Y EL OFICIALISMO - innoticiasbo.com\",\"isPartOf\":{\"@id\":\"https:\/\/innoticiasbo.com\/#website\"},\"primaryImageOfPage\":{\"@id\":\"https:\/\/innoticiasbo.com\/index.php\/2025\/01\/15\/los-ataques-a-reyes-villa-el-bloque-de-unidad-y-el-oficialismo\/#primaryimage\"},\"image\":{\"@id\":\"https:\/\/innoticiasbo.com\/index.php\/2025\/01\/15\/los-ataques-a-reyes-villa-el-bloque-de-unidad-y-el-oficialismo\/#primaryimage\"},\"thumbnailUrl\":\"https:\/\/i0.wp.com\/innoticiasbo.com\/wp-content\/uploads\/2025\/01\/IMG-20250115-WA0159.jpg?fit=1274%2C1600&ssl=1\",\"datePublished\":\"2025-01-15T20:35:09+00:00\",\"dateModified\":\"2025-01-15T20:35:22+00:00\",\"breadcrumb\":{\"@id\":\"https:\/\/innoticiasbo.com\/index.php\/2025\/01\/15\/los-ataques-a-reyes-villa-el-bloque-de-unidad-y-el-oficialismo\/#breadcrumb\"},\"inLanguage\":\"es\",\"potentialAction\":[{\"@type\":\"ReadAction\",\"target\":[\"https:\/\/innoticiasbo.com\/index.php\/2025\/01\/15\/los-ataques-a-reyes-villa-el-bloque-de-unidad-y-el-oficialismo\/\"]}]},{\"@type\":\"ImageObject\",\"inLanguage\":\"es\",\"@id\":\"https:\/\/innoticiasbo.com\/index.php\/2025\/01\/15\/los-ataques-a-reyes-villa-el-bloque-de-unidad-y-el-oficialismo\/#primaryimage\",\"url\":\"https:\/\/i0.wp.com\/innoticiasbo.com\/wp-content\/uploads\/2025\/01\/IMG-20250115-WA0159.jpg?fit=1274%2C1600&ssl=1\",\"contentUrl\":\"https:\/\/i0.wp.com\/innoticiasbo.com\/wp-content\/uploads\/2025\/01\/IMG-20250115-WA0159.jpg?fit=1274%2C1600&ssl=1\",\"width\":1274,\"height\":1600},{\"@type\":\"BreadcrumbList\",\"@id\":\"https:\/\/innoticiasbo.com\/index.php\/2025\/01\/15\/los-ataques-a-reyes-villa-el-bloque-de-unidad-y-el-oficialismo\/#breadcrumb\",\"itemListElement\":[{\"@type\":\"ListItem\",\"position\":1,\"name\":\"Portada\",\"item\":\"https:\/\/innoticiasbo.com\/\"},{\"@type\":\"ListItem\",\"position\":2,\"name\":\"LOS ATAQUES A REYES VILLA, EL BLOQUE DE UNIDAD Y EL OFICIALISMO\"}]},{\"@type\":\"WebSite\",\"@id\":\"https:\/\/innoticiasbo.com\/#website\",\"url\":\"https:\/\/innoticiasbo.com\/\",\"name\":\"innoticiasbo.com\",\"description\":\"\",\"publisher\":{\"@id\":\"https:\/\/innoticiasbo.com\/#organization\"},\"potentialAction\":[{\"@type\":\"SearchAction\",\"target\":{\"@type\":\"EntryPoint\",\"urlTemplate\":\"https:\/\/innoticiasbo.com\/?s={search_term_string}\"},\"query-input\":{\"@type\":\"PropertyValueSpecification\",\"valueRequired\":true,\"valueName\":\"search_term_string\"}}],\"inLanguage\":\"es\"},{\"@type\":\"Organization\",\"@id\":\"https:\/\/innoticiasbo.com\/#organization\",\"name\":\"innoticiasbo.com\",\"url\":\"https:\/\/innoticiasbo.com\/\",\"logo\":{\"@type\":\"ImageObject\",\"inLanguage\":\"es\",\"@id\":\"https:\/\/innoticiasbo.com\/#\/schema\/logo\/image\/\",\"url\":\"https:\/\/i0.wp.com\/innoticiasbo.com\/wp-content\/uploads\/2026\/04\/cropped-IN-LOGO.png?fit=1476%2C1476&ssl=1\",\"contentUrl\":\"https:\/\/i0.wp.com\/innoticiasbo.com\/wp-content\/uploads\/2026\/04\/cropped-IN-LOGO.png?fit=1476%2C1476&ssl=1\",\"width\":1476,\"height\":1476,\"caption\":\"innoticiasbo.com\"},\"image\":{\"@id\":\"https:\/\/innoticiasbo.com\/#\/schema\/logo\/image\/\"},\"sameAs\":[\"https:\/\/www.facebook.com\/innoticiasbolivia\",\"https:\/\/x.com\/innoticiasbo\",\"https:\/\/www.instagram.com\/innoticiasbo\",\"https:\/\/www.youtube.com\/innoticiasbo\"]},{\"@type\":\"Person\",\"@id\":\"https:\/\/innoticiasbo.com\/#\/schema\/person\/589cd527c4211df1b943bdad85ec07ce\",\"name\":\"Prensa\",\"image\":{\"@type\":\"ImageObject\",\"inLanguage\":\"es\",\"@id\":\"https:\/\/innoticiasbo.com\/#\/schema\/person\/image\/\",\"url\":\"https:\/\/secure.gravatar.com\/avatar\/d359bbdf112023c1c0a3ec7fe1600657?s=96&d=mm&r=g\",\"contentUrl\":\"https:\/\/secure.gravatar.com\/avatar\/d359bbdf112023c1c0a3ec7fe1600657?s=96&d=mm&r=g\",\"caption\":\"Prensa\"},\"sameAs\":[\"http:\/\/www.innoticiasbo.com\"],\"url\":\"https:\/\/innoticiasbo.com\/index.php\/author\/prensa\/\"}]}<\/script>\n<!-- \/ Yoast SEO plugin. -->","yoast_head_json":{"title":"LOS ATAQUES A REYES VILLA, EL BLOQUE DE UNIDAD Y EL OFICIALISMO - innoticiasbo.com","robots":{"index":"index","follow":"follow","max-snippet":"max-snippet:-1","max-image-preview":"max-image-preview:large","max-video-preview":"max-video-preview:-1"},"canonical":"https:\/\/innoticiasbo.com\/index.php\/2025\/01\/15\/los-ataques-a-reyes-villa-el-bloque-de-unidad-y-el-oficialismo\/","og_locale":"es_ES","og_type":"article","og_title":"LOS ATAQUES A REYES VILLA, EL BLOQUE DE UNIDAD Y EL OFICIALISMO - innoticiasbo.com","og_description":"Por Henry Gonzalo Rico\u00a0 Garc\u00eda, abogado y docente en la UMSS Si bien muchos aprueban la alianza del bloque de unidad entre dos ex presidentes por sucesi\u00f3n constitucional con representantes de partidos y agrupaciones pol\u00edticas, la realidad pone en evidencia que varios de ellos han sido, desde el a\u00f1o 2000, \u00fatiles a Evo Morales y...","og_url":"https:\/\/innoticiasbo.com\/index.php\/2025\/01\/15\/los-ataques-a-reyes-villa-el-bloque-de-unidad-y-el-oficialismo\/","og_site_name":"innoticiasbo.com","article_publisher":"https:\/\/www.facebook.com\/innoticiasbolivia","article_published_time":"2025-01-15T20:35:09+00:00","article_modified_time":"2025-01-15T20:35:22+00:00","og_image":[{"width":1274,"height":1600,"url":"https:\/\/i0.wp.com\/innoticiasbo.com\/wp-content\/uploads\/2025\/01\/IMG-20250115-WA0159.jpg?fit=1274%2C1600&ssl=1","type":"image\/jpeg"}],"author":"Prensa","twitter_card":"summary_large_image","twitter_creator":"@innoticiasbo","twitter_site":"@innoticiasbo","twitter_misc":{"Escrito por":"Prensa","Tiempo de lectura":"3 minutos"},"schema":{"@context":"https:\/\/schema.org","@graph":[{"@type":"Article","@id":"https:\/\/innoticiasbo.com\/index.php\/2025\/01\/15\/los-ataques-a-reyes-villa-el-bloque-de-unidad-y-el-oficialismo\/#article","isPartOf":{"@id":"https:\/\/innoticiasbo.com\/index.php\/2025\/01\/15\/los-ataques-a-reyes-villa-el-bloque-de-unidad-y-el-oficialismo\/"},"author":{"name":"Prensa","@id":"https:\/\/innoticiasbo.com\/#\/schema\/person\/589cd527c4211df1b943bdad85ec07ce"},"headline":"LOS ATAQUES A REYES VILLA, EL BLOQUE DE UNIDAD Y EL OFICIALISMO","datePublished":"2025-01-15T20:35:09+00:00","dateModified":"2025-01-15T20:35:22+00:00","mainEntityOfPage":{"@id":"https:\/\/innoticiasbo.com\/index.php\/2025\/01\/15\/los-ataques-a-reyes-villa-el-bloque-de-unidad-y-el-oficialismo\/"},"wordCount":597,"commentCount":0,"publisher":{"@id":"https:\/\/innoticiasbo.com\/#organization"},"image":{"@id":"https:\/\/innoticiasbo.com\/index.php\/2025\/01\/15\/los-ataques-a-reyes-villa-el-bloque-de-unidad-y-el-oficialismo\/#primaryimage"},"thumbnailUrl":"https:\/\/i0.wp.com\/innoticiasbo.com\/wp-content\/uploads\/2025\/01\/IMG-20250115-WA0159.jpg?fit=1274%2C1600&ssl=1","articleSection":["Opini\u00f3n","Pol\u00edtica"],"inLanguage":"es","potentialAction":[{"@type":"CommentAction","name":"Comment","target":["https:\/\/innoticiasbo.com\/index.php\/2025\/01\/15\/los-ataques-a-reyes-villa-el-bloque-de-unidad-y-el-oficialismo\/#respond"]}]},{"@type":"WebPage","@id":"https:\/\/innoticiasbo.com\/index.php\/2025\/01\/15\/los-ataques-a-reyes-villa-el-bloque-de-unidad-y-el-oficialismo\/","url":"https:\/\/innoticiasbo.com\/index.php\/2025\/01\/15\/los-ataques-a-reyes-villa-el-bloque-de-unidad-y-el-oficialismo\/","name":"LOS ATAQUES A REYES VILLA, EL BLOQUE DE UNIDAD Y EL OFICIALISMO - innoticiasbo.com","isPartOf":{"@id":"https:\/\/innoticiasbo.com\/#website"},"primaryImageOfPage":{"@id":"https:\/\/innoticiasbo.com\/index.php\/2025\/01\/15\/los-ataques-a-reyes-villa-el-bloque-de-unidad-y-el-oficialismo\/#primaryimage"},"image":{"@id":"https:\/\/innoticiasbo.com\/index.php\/2025\/01\/15\/los-ataques-a-reyes-villa-el-bloque-de-unidad-y-el-oficialismo\/#primaryimage"},"thumbnailUrl":"https:\/\/i0.wp.com\/innoticiasbo.com\/wp-content\/uploads\/2025\/01\/IMG-20250115-WA0159.jpg?fit=1274%2C1600&ssl=1","datePublished":"2025-01-15T20:35:09+00:00","dateModified":"2025-01-15T20:35:22+00:00","breadcrumb":{"@id":"https:\/\/innoticiasbo.com\/index.php\/2025\/01\/15\/los-ataques-a-reyes-villa-el-bloque-de-unidad-y-el-oficialismo\/#breadcrumb"},"inLanguage":"es","potentialAction":[{"@type":"ReadAction","target":["https:\/\/innoticiasbo.com\/index.php\/2025\/01\/15\/los-ataques-a-reyes-villa-el-bloque-de-unidad-y-el-oficialismo\/"]}]},{"@type":"ImageObject","inLanguage":"es","@id":"https:\/\/innoticiasbo.com\/index.php\/2025\/01\/15\/los-ataques-a-reyes-villa-el-bloque-de-unidad-y-el-oficialismo\/#primaryimage","url":"https:\/\/i0.wp.com\/innoticiasbo.com\/wp-content\/uploads\/2025\/01\/IMG-20250115-WA0159.jpg?fit=1274%2C1600&ssl=1","contentUrl":"https:\/\/i0.wp.com\/innoticiasbo.com\/wp-content\/uploads\/2025\/01\/IMG-20250115-WA0159.jpg?fit=1274%2C1600&ssl=1","width":1274,"height":1600},{"@type":"BreadcrumbList","@id":"https:\/\/innoticiasbo.com\/index.php\/2025\/01\/15\/los-ataques-a-reyes-villa-el-bloque-de-unidad-y-el-oficialismo\/#breadcrumb","itemListElement":[{"@type":"ListItem","position":1,"name":"Portada","item":"https:\/\/innoticiasbo.com\/"},{"@type":"ListItem","position":2,"name":"LOS ATAQUES A REYES VILLA, EL BLOQUE DE UNIDAD Y EL OFICIALISMO"}]},{"@type":"WebSite","@id":"https:\/\/innoticiasbo.com\/#website","url":"https:\/\/innoticiasbo.com\/","name":"innoticiasbo.com","description":"","publisher":{"@id":"https:\/\/innoticiasbo.com\/#organization"},"potentialAction":[{"@type":"SearchAction","target":{"@type":"EntryPoint","urlTemplate":"https:\/\/innoticiasbo.com\/?s={search_term_string}"},"query-input":{"@type":"PropertyValueSpecification","valueRequired":true,"valueName":"search_term_string"}}],"inLanguage":"es"},{"@type":"Organization","@id":"https:\/\/innoticiasbo.com\/#organization","name":"innoticiasbo.com","url":"https:\/\/innoticiasbo.com\/","logo":{"@type":"ImageObject","inLanguage":"es","@id":"https:\/\/innoticiasbo.com\/#\/schema\/logo\/image\/","url":"https:\/\/i0.wp.com\/innoticiasbo.com\/wp-content\/uploads\/2026\/04\/cropped-IN-LOGO.png?fit=1476%2C1476&ssl=1","contentUrl":"https:\/\/i0.wp.com\/innoticiasbo.com\/wp-content\/uploads\/2026\/04\/cropped-IN-LOGO.png?fit=1476%2C1476&ssl=1","width":1476,"height":1476,"caption":"innoticiasbo.com"},"image":{"@id":"https:\/\/innoticiasbo.com\/#\/schema\/logo\/image\/"},"sameAs":["https:\/\/www.facebook.com\/innoticiasbolivia","https:\/\/x.com\/innoticiasbo","https:\/\/www.instagram.com\/innoticiasbo","https:\/\/www.youtube.com\/innoticiasbo"]},{"@type":"Person","@id":"https:\/\/innoticiasbo.com\/#\/schema\/person\/589cd527c4211df1b943bdad85ec07ce","name":"Prensa","image":{"@type":"ImageObject","inLanguage":"es","@id":"https:\/\/innoticiasbo.com\/#\/schema\/person\/image\/","url":"https:\/\/secure.gravatar.com\/avatar\/d359bbdf112023c1c0a3ec7fe1600657?s=96&d=mm&r=g","contentUrl":"https:\/\/secure.gravatar.com\/avatar\/d359bbdf112023c1c0a3ec7fe1600657?s=96&d=mm&r=g","caption":"Prensa"},"sameAs":["http:\/\/www.innoticiasbo.com"],"url":"https:\/\/innoticiasbo.com\/index.php\/author\/prensa\/"}]}},"jetpack_featured_media_url":"https:\/\/i0.wp.com\/innoticiasbo.com\/wp-content\/uploads\/2025\/01\/IMG-20250115-WA0159.jpg?fit=1274%2C1600&ssl=1","jetpack_likes_enabled":true,"jetpack_sharing_enabled":true,"jetpack_shortlink":"https:\/\/wp.me\/pg298x-Wt","_links":{"self":[{"href":"https:\/\/innoticiasbo.com\/index.php\/wp-json\/wp\/v2\/posts\/3625","targetHints":{"allow":["GET"]}}],"collection":[{"href":"https:\/\/innoticiasbo.com\/index.php\/wp-json\/wp\/v2\/posts"}],"about":[{"href":"https:\/\/innoticiasbo.com\/index.php\/wp-json\/wp\/v2\/types\/post"}],"author":[{"embeddable":true,"href":"https:\/\/innoticiasbo.com\/index.php\/wp-json\/wp\/v2\/users\/2"}],"replies":[{"embeddable":true,"href":"https:\/\/innoticiasbo.com\/index.php\/wp-json\/wp\/v2\/comments?post=3625"}],"version-history":[{"count":1,"href":"https:\/\/innoticiasbo.com\/index.php\/wp-json\/wp\/v2\/posts\/3625\/revisions"}],"predecessor-version":[{"id":3626,"href":"https:\/\/innoticiasbo.com\/index.php\/wp-json\/wp\/v2\/posts\/3625\/revisions\/3626"}],"wp:featuredmedia":[{"embeddable":true,"href":"https:\/\/innoticiasbo.com\/index.php\/wp-json\/wp\/v2\/media\/3624"}],"wp:attachment":[{"href":"https:\/\/innoticiasbo.com\/index.php\/wp-json\/wp\/v2\/media?parent=3625"}],"wp:term":[{"taxonomy":"category","embeddable":true,"href":"https:\/\/innoticiasbo.com\/index.php\/wp-json\/wp\/v2\/categories?post=3625"},{"taxonomy":"post_tag","embeddable":true,"href":"https:\/\/innoticiasbo.com\/index.php\/wp-json\/wp\/v2\/tags?post=3625"}],"curies":[{"name":"wp","href":"https:\/\/api.w.org\/{rel}","templated":true}]}}