{"id":3620,"date":"2025-01-15T16:30:40","date_gmt":"2025-01-15T20:30:40","guid":{"rendered":"https:\/\/innoticiasbo.com\/?p=3620"},"modified":"2025-01-15T16:32:18","modified_gmt":"2025-01-15T20:32:18","slug":"3620","status":"publish","type":"post","link":"https:\/\/innoticiasbo.com\/index.php\/2025\/01\/15\/3620\/","title":{"rendered":"ASOCIACI\u00d3N DE DEFENSA DE LOS DANZARINES DE ORURO DENUNCIA DISCRIMINACI\u00d3N,&nbsp; TIRAN\u00cdA Y REPRESALIAS CONTRA LOS BAILARINES"},"content":{"rendered":"\n<p>Oruro, 15 de enero de 2024.- El presidente de Asociaci\u00f3n de defensa de los danzarines del carnaval de Oruro (ASODEDACO) Roger Chavez, en entrevista con #ElAvispero denunci\u00f3 que muchos bailarines sufren discriminaci\u00f3n, acoso, persecusi\u00f3n, maltrato y tiran\u00eda en sus fraternidades por parte de algunas dirigencias y tambien por parte de la ACFO. La denuncia surge luego de que la Fiscal\u00eda admitiera una demanda penal por discriminaci\u00f3n contra la joven madre Karon Oporto que fue discriminada en la Morenada Central Oruro por ser mam\u00e1 y estar casada.<\/p>\n\n\n\n<figure class=\"wp-block-image size-large\"><img data-recalc-dims=\"1\" loading=\"lazy\" decoding=\"async\" width=\"640\" height=\"370\" src=\"https:\/\/i0.wp.com\/innoticiasbo.com\/wp-content\/uploads\/2025\/01\/screenshot_20250115_161205_capcut6447382176116857694.jpg?resize=640%2C370&#038;ssl=1\" alt=\"\" class=\"wp-image-3616\" srcset=\"https:\/\/i0.wp.com\/innoticiasbo.com\/wp-content\/uploads\/2025\/01\/screenshot_20250115_161205_capcut6447382176116857694.jpg?resize=1024%2C592&amp;ssl=1 1024w, https:\/\/i0.wp.com\/innoticiasbo.com\/wp-content\/uploads\/2025\/01\/screenshot_20250115_161205_capcut6447382176116857694.jpg?resize=300%2C173&amp;ssl=1 300w, https:\/\/i0.wp.com\/innoticiasbo.com\/wp-content\/uploads\/2025\/01\/screenshot_20250115_161205_capcut6447382176116857694.jpg?resize=768%2C444&amp;ssl=1 768w, https:\/\/i0.wp.com\/innoticiasbo.com\/wp-content\/uploads\/2025\/01\/screenshot_20250115_161205_capcut6447382176116857694.jpg?w=1080&amp;ssl=1 1080w\" sizes=\"auto, (max-width: 640px) 100vw, 640px\" \/><\/figure>\n\n\n\n<p>\u201cSi bien hay dirigentes buenos, hay otros que son verdaderamente malos, no son todos, hay gente buena\u201d, se\u00f1al\u00f3 a tiempo de afirmarr que \u201clos bailarines son atemorizados, tienen miedo de hablar porque hay tiran\u00eda\u201d. A\u00f1adi\u00f3 que \u201csi alguien est\u00e1 en contra de la ACFO o la dirigencia, o si alguien cuestiona o pregunta, de inmediato te activan procesos, te suspenden y te dejan sin bailar a\u00f1os\u201d, sostuvo.<\/p>\n\n\n\n<figure class=\"wp-block-image size-large\"><img data-recalc-dims=\"1\" loading=\"lazy\" decoding=\"async\" width=\"640\" height=\"794\" src=\"https:\/\/i0.wp.com\/innoticiasbo.com\/wp-content\/uploads\/2025\/01\/fb_img_17333689006057796679371042169931.jpg?resize=640%2C794&#038;ssl=1\" alt=\"\" class=\"wp-image-3617\" srcset=\"https:\/\/i0.wp.com\/innoticiasbo.com\/wp-content\/uploads\/2025\/01\/fb_img_17333689006057796679371042169931.jpg?resize=825%2C1024&amp;ssl=1 825w, https:\/\/i0.wp.com\/innoticiasbo.com\/wp-content\/uploads\/2025\/01\/fb_img_17333689006057796679371042169931.jpg?resize=242%2C300&amp;ssl=1 242w, https:\/\/i0.wp.com\/innoticiasbo.com\/wp-content\/uploads\/2025\/01\/fb_img_17333689006057796679371042169931.jpg?resize=768%2C954&amp;ssl=1 768w, https:\/\/i0.wp.com\/innoticiasbo.com\/wp-content\/uploads\/2025\/01\/fb_img_17333689006057796679371042169931.jpg?w=1080&amp;ssl=1 1080w\" sizes=\"auto, (max-width: 640px) 100vw, 640px\" \/><figcaption class=\"wp-element-caption\">Doris Castell\u00f3n-Pdta. Tribunal \u00c9tica-Foto de RR.SS <\/figcaption><\/figure>\n\n\n\n<p>Cont\u00f3 su experiencia y dijo que cuando decidi\u00f3 proclamarse candidato a la Asociaci\u00f3n de Conjuntos Folckl\u00f3ricos de Oruro ACFO recibi\u00f3 una serie de represalias. \u201cLlegaron al extremo de quitarme la imagen de la Virgencita, suspendieron a mi hija, a mi esposa y ahora est\u00e1n atacando a mi hijo menor (\u2026) yo sufr\u00ed persecusi\u00f3n y mi familia tambi\u00e9n, pese a que he ganado dos amparos constitucionales\u201d afirm\u00f3.<\/p>\n\n\n\n<p>REUNI\u00d3N CON EL VICEMINISTRO DE DESCOLONIZACI\u00d3N<\/p>\n\n\n\n<figure class=\"wp-block-image size-large\"><img data-recalc-dims=\"1\" loading=\"lazy\" decoding=\"async\" width=\"640\" height=\"357\" src=\"https:\/\/i0.wp.com\/innoticiasbo.com\/wp-content\/uploads\/2025\/01\/esp_seguridad_2_apg3087035407651084715.jpg?resize=640%2C357&#038;ssl=1\" alt=\"\" class=\"wp-image-3618\" srcset=\"https:\/\/i0.wp.com\/innoticiasbo.com\/wp-content\/uploads\/2025\/01\/esp_seguridad_2_apg3087035407651084715.jpg?w=770&amp;ssl=1 770w, https:\/\/i0.wp.com\/innoticiasbo.com\/wp-content\/uploads\/2025\/01\/esp_seguridad_2_apg3087035407651084715.jpg?resize=300%2C168&amp;ssl=1 300w, https:\/\/i0.wp.com\/innoticiasbo.com\/wp-content\/uploads\/2025\/01\/esp_seguridad_2_apg3087035407651084715.jpg?resize=768%2C429&amp;ssl=1 768w\" sizes=\"auto, (max-width: 640px) 100vw, 640px\" \/><figcaption class=\"wp-element-caption\">Pelagio Condori Yana &#8211; Viceministro Descolonizaci\u00f3n &#8211; Foto: APG<\/figcaption><\/figure>\n\n\n\n<p>Chavez inform\u00f3 que al menos 35 danzarines representantes de diferentes fraternidades, que que sufrieron discriminaci\u00f3n, expulsiones injustificadas, procesos, sanciones, suspensiones y maltrato, viajaron a La Paz para reunirse con el Viceministro de Descolonizaci\u00f3n, Pelagio Condori Yana, a quien le pidieron que ponga freno a los abusos y atropellos.<\/p>\n\n\n\n<p>La reuni\u00f3n se produjo antes de que este jueves 16 de enero el gobierno se reuna con los dirigentes de 52 fraternidades de Oruro para que presenten sus estatutos.<\/p>\n\n\n\n<p>\u201cLA ACFO ES UN SUPRAPODER\u201d<\/p>\n\n\n\n<p>El representante de los danzarines de Oruro afirm\u00f3 que algunas dirigencias operan de forma vertical y \u201csacan del camino a las personas que se pronuncian contra sus directivas o contra la ACFO, iniciando procesos o declarando suspensiones cuyos procesos duran 5 y hasta 6 a\u00f1os\u201d.<\/p>\n\n\n\n<p>Chavez afirm\u00f3 que \u201cJorge Bilbao, vicepresidente de la ACFO se cree due\u00f1o del carnaval\u201d, a tiempo de denunciar que los danzarines \u201ctienen temor porque son amenazados\u201d. Asimismo Chavez sostuvo que han discrimiando a m\u00e1s de 150 danzarines este \u00faltimo a\u00f1o y que ninguna denuncia proespera porque la ACFO ser\u00eda un \u201csuprapoder\u201d en Oruro que tendr\u00eda poder sobre autoridades departamentales de la gobernaci\u00f3n, autoridades judiciales e inclusive medios de comunicaci\u00f3n.<\/p>\n\n\n\n<p>Afirmo que la ACFO mand\u00f3 cartas a la Gobernaci\u00f3n de Oruro pidiendo que no se de curso a la personer\u00eda jur\u00eddica de la Asociaci\u00f3n de Defensa de los Danzarines del Carnaval de Oruro (ASODEDACO), pero que el Viceministerio de Dscolonizaci\u00f3n se comprometi\u00f3 a coadyuvar con este derecho a la libre asociaci\u00f3n.<\/p>\n\n\n\n<p>Finalmente record\u00f3 que el Carnaval de Oruro es una fiesta de fe y cultura. Dijo que nadie quiere empa\u00f1ar ni da\u00f1ar el carnaval y que lo que se busca es que estos actos abusivos ya no se repitan.<\/p>\n\n\n\n<p>\u201cHablan de fe \u00bfD\u00f3n est\u00e1 la fe? \u00bfPor qu\u00e9 no escuchan a los danzarines?\u201d cuestion\u00f3 el dirigente a tiempo de denunciar que estos dirigentes verticales son quienes hacen da\u00f1o a los conjuntos y al Carnaval de Oruro.<\/p>\n\n\n\n<h1 class=\"wp-block-heading\">#Acfo #ASODEDACO #Asociaci\u00f3ndedanzarines #CarnavalDeOruro #discriminaci\u00f3n #tiran\u00eda #danzarines #AngelArancibia #Rogerchavez<\/h1>\n","protected":false},"excerpt":{"rendered":"<p>Oruro, 15 de enero de 2024.- El presidente de Asociaci\u00f3n de defensa de los danzarines del carnaval de Oruro (ASODEDACO) Roger Chavez, en entrevista con #ElAvispero denunci\u00f3 que muchos bailarines sufren discriminaci\u00f3n, acoso, persecusi\u00f3n, maltrato y tiran\u00eda en sus fraternidades por parte de algunas dirigencias y tambien por parte de la ACFO. La denuncia surge&#8230;<\/p>\n","protected":false},"author":2,"featured_media":3619,"comment_status":"open","ping_status":"open","sticky":false,"template":"","format":"standard","meta":{"_jetpack_memberships_contains_paid_content":false,"footnotes":"","jetpack_publicize_message":"","jetpack_publicize_feature_enabled":true,"jetpack_social_post_already_shared":true,"jetpack_social_options":{"image_generator_settings":{"template":"highway","enabled":false},"version":2}},"categories":[1,14],"tags":[],"class_list":["post-3620","post","type-post","status-publish","format-standard","has-post-thumbnail","hentry","category-bolivia","category-cultura"],"jetpack_publicize_connections":[],"yoast_head":"<!-- This site is optimized with the Yoast SEO plugin v23.4 - https:\/\/yoast.com\/wordpress\/plugins\/seo\/ -->\n<title>ASOCIACI\u00d3N DE DEFENSA DE LOS DANZARINES DE ORURO DENUNCIA DISCRIMINACI\u00d3N,&nbsp; TIRAN\u00cdA Y REPRESALIAS CONTRA LOS BAILARINES - innoticiasbo.com<\/title>\n<meta name=\"robots\" content=\"index, follow, max-snippet:-1, max-image-preview:large, max-video-preview:-1\" \/>\n<link rel=\"canonical\" href=\"https:\/\/innoticiasbo.com\/index.php\/2025\/01\/15\/3620\/\" \/>\n<meta property=\"og:locale\" content=\"es_ES\" \/>\n<meta property=\"og:type\" content=\"article\" \/>\n<meta property=\"og:title\" content=\"ASOCIACI\u00d3N DE DEFENSA DE LOS DANZARINES DE ORURO DENUNCIA DISCRIMINACI\u00d3N,&nbsp; TIRAN\u00cdA Y REPRESALIAS CONTRA LOS BAILARINES - innoticiasbo.com\" \/>\n<meta property=\"og:description\" content=\"Oruro, 15 de enero de 2024.- El presidente de Asociaci\u00f3n de defensa de los danzarines del carnaval de Oruro (ASODEDACO) Roger Chavez, en entrevista con #ElAvispero denunci\u00f3 que muchos bailarines sufren discriminaci\u00f3n, acoso, persecusi\u00f3n, maltrato y tiran\u00eda en sus fraternidades por parte de algunas dirigencias y tambien por parte de la ACFO. La denuncia surge...\" \/>\n<meta property=\"og:url\" content=\"https:\/\/innoticiasbo.com\/index.php\/2025\/01\/15\/3620\/\" \/>\n<meta property=\"og:site_name\" content=\"innoticiasbo.com\" \/>\n<meta property=\"article:publisher\" content=\"https:\/\/www.facebook.com\/innoticiasbolivia\" \/>\n<meta property=\"article:published_time\" content=\"2025-01-15T20:30:40+00:00\" \/>\n<meta property=\"article:modified_time\" content=\"2025-01-15T20:32:18+00:00\" \/>\n<meta property=\"og:image\" content=\"https:\/\/i0.wp.com\/innoticiasbo.com\/wp-content\/uploads\/2025\/01\/Screenshot_20250115_161205_CapCut.jpg?fit=1080%2C624&ssl=1\" \/>\n\t<meta property=\"og:image:width\" content=\"1080\" \/>\n\t<meta property=\"og:image:height\" content=\"624\" \/>\n\t<meta property=\"og:image:type\" content=\"image\/jpeg\" \/>\n<meta name=\"author\" content=\"Prensa\" \/>\n<meta name=\"twitter:card\" content=\"summary_large_image\" \/>\n<meta name=\"twitter:creator\" content=\"@innoticiasbo\" \/>\n<meta name=\"twitter:site\" content=\"@innoticiasbo\" \/>\n<meta name=\"twitter:label1\" content=\"Escrito por\" \/>\n\t<meta name=\"twitter:data1\" content=\"Prensa\" \/>\n\t<meta name=\"twitter:label2\" content=\"Tiempo de lectura\" \/>\n\t<meta name=\"twitter:data2\" content=\"3 minutos\" \/>\n<script type=\"application\/ld+json\" class=\"yoast-schema-graph\">{\"@context\":\"https:\/\/schema.org\",\"@graph\":[{\"@type\":\"Article\",\"@id\":\"https:\/\/innoticiasbo.com\/index.php\/2025\/01\/15\/3620\/#article\",\"isPartOf\":{\"@id\":\"https:\/\/innoticiasbo.com\/index.php\/2025\/01\/15\/3620\/\"},\"author\":{\"name\":\"Prensa\",\"@id\":\"https:\/\/innoticiasbo.com\/#\/schema\/person\/589cd527c4211df1b943bdad85ec07ce\"},\"headline\":\"ASOCIACI\u00d3N DE DEFENSA DE LOS DANZARINES DE ORURO DENUNCIA DISCRIMINACI\u00d3N,&nbsp; TIRAN\u00cdA Y REPRESALIAS CONTRA LOS BAILARINES\",\"datePublished\":\"2025-01-15T20:30:40+00:00\",\"dateModified\":\"2025-01-15T20:32:18+00:00\",\"mainEntityOfPage\":{\"@id\":\"https:\/\/innoticiasbo.com\/index.php\/2025\/01\/15\/3620\/\"},\"wordCount\":627,\"commentCount\":0,\"publisher\":{\"@id\":\"https:\/\/innoticiasbo.com\/#organization\"},\"image\":{\"@id\":\"https:\/\/innoticiasbo.com\/index.php\/2025\/01\/15\/3620\/#primaryimage\"},\"thumbnailUrl\":\"https:\/\/i0.wp.com\/innoticiasbo.com\/wp-content\/uploads\/2025\/01\/Screenshot_20250115_161205_CapCut.jpg?fit=1080%2C624&ssl=1\",\"articleSection\":[\"Bolivia\",\"Cultura\"],\"inLanguage\":\"es\",\"potentialAction\":[{\"@type\":\"CommentAction\",\"name\":\"Comment\",\"target\":[\"https:\/\/innoticiasbo.com\/index.php\/2025\/01\/15\/3620\/#respond\"]}]},{\"@type\":\"WebPage\",\"@id\":\"https:\/\/innoticiasbo.com\/index.php\/2025\/01\/15\/3620\/\",\"url\":\"https:\/\/innoticiasbo.com\/index.php\/2025\/01\/15\/3620\/\",\"name\":\"ASOCIACI\u00d3N DE DEFENSA DE LOS DANZARINES DE ORURO DENUNCIA DISCRIMINACI\u00d3N,&nbsp; TIRAN\u00cdA Y REPRESALIAS CONTRA LOS BAILARINES - innoticiasbo.com\",\"isPartOf\":{\"@id\":\"https:\/\/innoticiasbo.com\/#website\"},\"primaryImageOfPage\":{\"@id\":\"https:\/\/innoticiasbo.com\/index.php\/2025\/01\/15\/3620\/#primaryimage\"},\"image\":{\"@id\":\"https:\/\/innoticiasbo.com\/index.php\/2025\/01\/15\/3620\/#primaryimage\"},\"thumbnailUrl\":\"https:\/\/i0.wp.com\/innoticiasbo.com\/wp-content\/uploads\/2025\/01\/Screenshot_20250115_161205_CapCut.jpg?fit=1080%2C624&ssl=1\",\"datePublished\":\"2025-01-15T20:30:40+00:00\",\"dateModified\":\"2025-01-15T20:32:18+00:00\",\"breadcrumb\":{\"@id\":\"https:\/\/innoticiasbo.com\/index.php\/2025\/01\/15\/3620\/#breadcrumb\"},\"inLanguage\":\"es\",\"potentialAction\":[{\"@type\":\"ReadAction\",\"target\":[\"https:\/\/innoticiasbo.com\/index.php\/2025\/01\/15\/3620\/\"]}]},{\"@type\":\"ImageObject\",\"inLanguage\":\"es\",\"@id\":\"https:\/\/innoticiasbo.com\/index.php\/2025\/01\/15\/3620\/#primaryimage\",\"url\":\"https:\/\/i0.wp.com\/innoticiasbo.com\/wp-content\/uploads\/2025\/01\/Screenshot_20250115_161205_CapCut.jpg?fit=1080%2C624&ssl=1\",\"contentUrl\":\"https:\/\/i0.wp.com\/innoticiasbo.com\/wp-content\/uploads\/2025\/01\/Screenshot_20250115_161205_CapCut.jpg?fit=1080%2C624&ssl=1\",\"width\":1080,\"height\":624},{\"@type\":\"BreadcrumbList\",\"@id\":\"https:\/\/innoticiasbo.com\/index.php\/2025\/01\/15\/3620\/#breadcrumb\",\"itemListElement\":[{\"@type\":\"ListItem\",\"position\":1,\"name\":\"Portada\",\"item\":\"https:\/\/innoticiasbo.com\/\"},{\"@type\":\"ListItem\",\"position\":2,\"name\":\"ASOCIACI\u00d3N DE DEFENSA DE LOS DANZARINES DE ORURO DENUNCIA DISCRIMINACI\u00d3N,&nbsp; TIRAN\u00cdA Y REPRESALIAS CONTRA LOS BAILARINES\"}]},{\"@type\":\"WebSite\",\"@id\":\"https:\/\/innoticiasbo.com\/#website\",\"url\":\"https:\/\/innoticiasbo.com\/\",\"name\":\"innoticiasbo.com\",\"description\":\"\",\"publisher\":{\"@id\":\"https:\/\/innoticiasbo.com\/#organization\"},\"potentialAction\":[{\"@type\":\"SearchAction\",\"target\":{\"@type\":\"EntryPoint\",\"urlTemplate\":\"https:\/\/innoticiasbo.com\/?s={search_term_string}\"},\"query-input\":{\"@type\":\"PropertyValueSpecification\",\"valueRequired\":true,\"valueName\":\"search_term_string\"}}],\"inLanguage\":\"es\"},{\"@type\":\"Organization\",\"@id\":\"https:\/\/innoticiasbo.com\/#organization\",\"name\":\"innoticiasbo.com\",\"url\":\"https:\/\/innoticiasbo.com\/\",\"logo\":{\"@type\":\"ImageObject\",\"inLanguage\":\"es\",\"@id\":\"https:\/\/innoticiasbo.com\/#\/schema\/logo\/image\/\",\"url\":\"https:\/\/i0.wp.com\/innoticiasbo.com\/wp-content\/uploads\/2026\/04\/cropped-IN-LOGO.png?fit=1476%2C1476&ssl=1\",\"contentUrl\":\"https:\/\/i0.wp.com\/innoticiasbo.com\/wp-content\/uploads\/2026\/04\/cropped-IN-LOGO.png?fit=1476%2C1476&ssl=1\",\"width\":1476,\"height\":1476,\"caption\":\"innoticiasbo.com\"},\"image\":{\"@id\":\"https:\/\/innoticiasbo.com\/#\/schema\/logo\/image\/\"},\"sameAs\":[\"https:\/\/www.facebook.com\/innoticiasbolivia\",\"https:\/\/x.com\/innoticiasbo\",\"https:\/\/www.instagram.com\/innoticiasbo\",\"https:\/\/www.youtube.com\/innoticiasbo\"]},{\"@type\":\"Person\",\"@id\":\"https:\/\/innoticiasbo.com\/#\/schema\/person\/589cd527c4211df1b943bdad85ec07ce\",\"name\":\"Prensa\",\"image\":{\"@type\":\"ImageObject\",\"inLanguage\":\"es\",\"@id\":\"https:\/\/innoticiasbo.com\/#\/schema\/person\/image\/\",\"url\":\"https:\/\/secure.gravatar.com\/avatar\/d359bbdf112023c1c0a3ec7fe1600657?s=96&d=mm&r=g\",\"contentUrl\":\"https:\/\/secure.gravatar.com\/avatar\/d359bbdf112023c1c0a3ec7fe1600657?s=96&d=mm&r=g\",\"caption\":\"Prensa\"},\"sameAs\":[\"http:\/\/www.innoticiasbo.com\"],\"url\":\"https:\/\/innoticiasbo.com\/index.php\/author\/prensa\/\"}]}<\/script>\n<!-- \/ Yoast SEO plugin. -->","yoast_head_json":{"title":"ASOCIACI\u00d3N DE DEFENSA DE LOS DANZARINES DE ORURO DENUNCIA DISCRIMINACI\u00d3N,&nbsp; TIRAN\u00cdA Y REPRESALIAS CONTRA LOS BAILARINES - innoticiasbo.com","robots":{"index":"index","follow":"follow","max-snippet":"max-snippet:-1","max-image-preview":"max-image-preview:large","max-video-preview":"max-video-preview:-1"},"canonical":"https:\/\/innoticiasbo.com\/index.php\/2025\/01\/15\/3620\/","og_locale":"es_ES","og_type":"article","og_title":"ASOCIACI\u00d3N DE DEFENSA DE LOS DANZARINES DE ORURO DENUNCIA DISCRIMINACI\u00d3N,&nbsp; TIRAN\u00cdA Y REPRESALIAS CONTRA LOS BAILARINES - innoticiasbo.com","og_description":"Oruro, 15 de enero de 2024.- El presidente de Asociaci\u00f3n de defensa de los danzarines del carnaval de Oruro (ASODEDACO) Roger Chavez, en entrevista con #ElAvispero denunci\u00f3 que muchos bailarines sufren discriminaci\u00f3n, acoso, persecusi\u00f3n, maltrato y tiran\u00eda en sus fraternidades por parte de algunas dirigencias y tambien por parte de la ACFO. La denuncia surge...","og_url":"https:\/\/innoticiasbo.com\/index.php\/2025\/01\/15\/3620\/","og_site_name":"innoticiasbo.com","article_publisher":"https:\/\/www.facebook.com\/innoticiasbolivia","article_published_time":"2025-01-15T20:30:40+00:00","article_modified_time":"2025-01-15T20:32:18+00:00","og_image":[{"width":1080,"height":624,"url":"https:\/\/i0.wp.com\/innoticiasbo.com\/wp-content\/uploads\/2025\/01\/Screenshot_20250115_161205_CapCut.jpg?fit=1080%2C624&ssl=1","type":"image\/jpeg"}],"author":"Prensa","twitter_card":"summary_large_image","twitter_creator":"@innoticiasbo","twitter_site":"@innoticiasbo","twitter_misc":{"Escrito por":"Prensa","Tiempo de lectura":"3 minutos"},"schema":{"@context":"https:\/\/schema.org","@graph":[{"@type":"Article","@id":"https:\/\/innoticiasbo.com\/index.php\/2025\/01\/15\/3620\/#article","isPartOf":{"@id":"https:\/\/innoticiasbo.com\/index.php\/2025\/01\/15\/3620\/"},"author":{"name":"Prensa","@id":"https:\/\/innoticiasbo.com\/#\/schema\/person\/589cd527c4211df1b943bdad85ec07ce"},"headline":"ASOCIACI\u00d3N DE DEFENSA DE LOS DANZARINES DE ORURO DENUNCIA DISCRIMINACI\u00d3N,&nbsp; TIRAN\u00cdA Y REPRESALIAS CONTRA LOS BAILARINES","datePublished":"2025-01-15T20:30:40+00:00","dateModified":"2025-01-15T20:32:18+00:00","mainEntityOfPage":{"@id":"https:\/\/innoticiasbo.com\/index.php\/2025\/01\/15\/3620\/"},"wordCount":627,"commentCount":0,"publisher":{"@id":"https:\/\/innoticiasbo.com\/#organization"},"image":{"@id":"https:\/\/innoticiasbo.com\/index.php\/2025\/01\/15\/3620\/#primaryimage"},"thumbnailUrl":"https:\/\/i0.wp.com\/innoticiasbo.com\/wp-content\/uploads\/2025\/01\/Screenshot_20250115_161205_CapCut.jpg?fit=1080%2C624&ssl=1","articleSection":["Bolivia","Cultura"],"inLanguage":"es","potentialAction":[{"@type":"CommentAction","name":"Comment","target":["https:\/\/innoticiasbo.com\/index.php\/2025\/01\/15\/3620\/#respond"]}]},{"@type":"WebPage","@id":"https:\/\/innoticiasbo.com\/index.php\/2025\/01\/15\/3620\/","url":"https:\/\/innoticiasbo.com\/index.php\/2025\/01\/15\/3620\/","name":"ASOCIACI\u00d3N DE DEFENSA DE LOS DANZARINES DE ORURO DENUNCIA DISCRIMINACI\u00d3N,&nbsp; TIRAN\u00cdA Y REPRESALIAS CONTRA LOS BAILARINES - innoticiasbo.com","isPartOf":{"@id":"https:\/\/innoticiasbo.com\/#website"},"primaryImageOfPage":{"@id":"https:\/\/innoticiasbo.com\/index.php\/2025\/01\/15\/3620\/#primaryimage"},"image":{"@id":"https:\/\/innoticiasbo.com\/index.php\/2025\/01\/15\/3620\/#primaryimage"},"thumbnailUrl":"https:\/\/i0.wp.com\/innoticiasbo.com\/wp-content\/uploads\/2025\/01\/Screenshot_20250115_161205_CapCut.jpg?fit=1080%2C624&ssl=1","datePublished":"2025-01-15T20:30:40+00:00","dateModified":"2025-01-15T20:32:18+00:00","breadcrumb":{"@id":"https:\/\/innoticiasbo.com\/index.php\/2025\/01\/15\/3620\/#breadcrumb"},"inLanguage":"es","potentialAction":[{"@type":"ReadAction","target":["https:\/\/innoticiasbo.com\/index.php\/2025\/01\/15\/3620\/"]}]},{"@type":"ImageObject","inLanguage":"es","@id":"https:\/\/innoticiasbo.com\/index.php\/2025\/01\/15\/3620\/#primaryimage","url":"https:\/\/i0.wp.com\/innoticiasbo.com\/wp-content\/uploads\/2025\/01\/Screenshot_20250115_161205_CapCut.jpg?fit=1080%2C624&ssl=1","contentUrl":"https:\/\/i0.wp.com\/innoticiasbo.com\/wp-content\/uploads\/2025\/01\/Screenshot_20250115_161205_CapCut.jpg?fit=1080%2C624&ssl=1","width":1080,"height":624},{"@type":"BreadcrumbList","@id":"https:\/\/innoticiasbo.com\/index.php\/2025\/01\/15\/3620\/#breadcrumb","itemListElement":[{"@type":"ListItem","position":1,"name":"Portada","item":"https:\/\/innoticiasbo.com\/"},{"@type":"ListItem","position":2,"name":"ASOCIACI\u00d3N DE DEFENSA DE LOS DANZARINES DE ORURO DENUNCIA DISCRIMINACI\u00d3N,&nbsp; TIRAN\u00cdA Y REPRESALIAS CONTRA LOS BAILARINES"}]},{"@type":"WebSite","@id":"https:\/\/innoticiasbo.com\/#website","url":"https:\/\/innoticiasbo.com\/","name":"innoticiasbo.com","description":"","publisher":{"@id":"https:\/\/innoticiasbo.com\/#organization"},"potentialAction":[{"@type":"SearchAction","target":{"@type":"EntryPoint","urlTemplate":"https:\/\/innoticiasbo.com\/?s={search_term_string}"},"query-input":{"@type":"PropertyValueSpecification","valueRequired":true,"valueName":"search_term_string"}}],"inLanguage":"es"},{"@type":"Organization","@id":"https:\/\/innoticiasbo.com\/#organization","name":"innoticiasbo.com","url":"https:\/\/innoticiasbo.com\/","logo":{"@type":"ImageObject","inLanguage":"es","@id":"https:\/\/innoticiasbo.com\/#\/schema\/logo\/image\/","url":"https:\/\/i0.wp.com\/innoticiasbo.com\/wp-content\/uploads\/2026\/04\/cropped-IN-LOGO.png?fit=1476%2C1476&ssl=1","contentUrl":"https:\/\/i0.wp.com\/innoticiasbo.com\/wp-content\/uploads\/2026\/04\/cropped-IN-LOGO.png?fit=1476%2C1476&ssl=1","width":1476,"height":1476,"caption":"innoticiasbo.com"},"image":{"@id":"https:\/\/innoticiasbo.com\/#\/schema\/logo\/image\/"},"sameAs":["https:\/\/www.facebook.com\/innoticiasbolivia","https:\/\/x.com\/innoticiasbo","https:\/\/www.instagram.com\/innoticiasbo","https:\/\/www.youtube.com\/innoticiasbo"]},{"@type":"Person","@id":"https:\/\/innoticiasbo.com\/#\/schema\/person\/589cd527c4211df1b943bdad85ec07ce","name":"Prensa","image":{"@type":"ImageObject","inLanguage":"es","@id":"https:\/\/innoticiasbo.com\/#\/schema\/person\/image\/","url":"https:\/\/secure.gravatar.com\/avatar\/d359bbdf112023c1c0a3ec7fe1600657?s=96&d=mm&r=g","contentUrl":"https:\/\/secure.gravatar.com\/avatar\/d359bbdf112023c1c0a3ec7fe1600657?s=96&d=mm&r=g","caption":"Prensa"},"sameAs":["http:\/\/www.innoticiasbo.com"],"url":"https:\/\/innoticiasbo.com\/index.php\/author\/prensa\/"}]}},"jetpack_featured_media_url":"https:\/\/i0.wp.com\/innoticiasbo.com\/wp-content\/uploads\/2025\/01\/Screenshot_20250115_161205_CapCut.jpg?fit=1080%2C624&ssl=1","jetpack_likes_enabled":true,"jetpack_sharing_enabled":true,"jetpack_shortlink":"https:\/\/wp.me\/sg298x-3620","_links":{"self":[{"href":"https:\/\/innoticiasbo.com\/index.php\/wp-json\/wp\/v2\/posts\/3620","targetHints":{"allow":["GET"]}}],"collection":[{"href":"https:\/\/innoticiasbo.com\/index.php\/wp-json\/wp\/v2\/posts"}],"about":[{"href":"https:\/\/innoticiasbo.com\/index.php\/wp-json\/wp\/v2\/types\/post"}],"author":[{"embeddable":true,"href":"https:\/\/innoticiasbo.com\/index.php\/wp-json\/wp\/v2\/users\/2"}],"replies":[{"embeddable":true,"href":"https:\/\/innoticiasbo.com\/index.php\/wp-json\/wp\/v2\/comments?post=3620"}],"version-history":[{"count":2,"href":"https:\/\/innoticiasbo.com\/index.php\/wp-json\/wp\/v2\/posts\/3620\/revisions"}],"predecessor-version":[{"id":3622,"href":"https:\/\/innoticiasbo.com\/index.php\/wp-json\/wp\/v2\/posts\/3620\/revisions\/3622"}],"wp:featuredmedia":[{"embeddable":true,"href":"https:\/\/innoticiasbo.com\/index.php\/wp-json\/wp\/v2\/media\/3619"}],"wp:attachment":[{"href":"https:\/\/innoticiasbo.com\/index.php\/wp-json\/wp\/v2\/media?parent=3620"}],"wp:term":[{"taxonomy":"category","embeddable":true,"href":"https:\/\/innoticiasbo.com\/index.php\/wp-json\/wp\/v2\/categories?post=3620"},{"taxonomy":"post_tag","embeddable":true,"href":"https:\/\/innoticiasbo.com\/index.php\/wp-json\/wp\/v2\/tags?post=3620"}],"curies":[{"name":"wp","href":"https:\/\/api.w.org\/{rel}","templated":true}]}}