{"id":3614,"date":"2025-01-15T16:25:03","date_gmt":"2025-01-15T20:25:03","guid":{"rendered":"https:\/\/innoticiasbo.com\/?p=3614"},"modified":"2025-01-15T16:25:20","modified_gmt":"2025-01-15T20:25:20","slug":"sujeto-acusado-de-agredir-a-una-madre-y-su-hijo-fue-trasladado-a-dependencias-policiales-por-3-delitos","status":"publish","type":"post","link":"https:\/\/innoticiasbo.com\/index.php\/2025\/01\/15\/sujeto-acusado-de-agredir-a-una-madre-y-su-hijo-fue-trasladado-a-dependencias-policiales-por-3-delitos\/","title":{"rendered":"SUJETO ACUSADO DE AGREDIR A UNA MADRE Y SU HIJO FUE TRASLADADO&nbsp; A DEPENDENCIAS POLICIALES POR 3 DELITOS"},"content":{"rendered":"\n<p><br>La Paz, 15 de enero de 2025.<strong>&#8211;<\/strong>\u00a0En la Meseta Baja de Achumani, un hombre fue arrestado tras ser identificado como el agresor de una madre y su hijo que recog\u00edan tunas en un espacio p\u00fablico. El caso gan\u00f3 atenci\u00f3n p\u00fablica luego de que un video del incidente se difundiera en redes sociales.<\/p>\n\n\n\n<figure class=\"wp-block-image size-large\"><img data-recalc-dims=\"1\" loading=\"lazy\" decoding=\"async\" width=\"640\" height=\"357\" src=\"https:\/\/i0.wp.com\/innoticiasbo.com\/wp-content\/uploads\/2025\/01\/473619832_988011293373974_7498667306078356567747485.webp?resize=640%2C357&#038;ssl=1\" alt=\"\" class=\"wp-image-3611\" srcset=\"https:\/\/i0.wp.com\/innoticiasbo.com\/wp-content\/uploads\/2025\/01\/473619832_988011293373974_7498667306078356567747485.webp?w=770&amp;ssl=1 770w, https:\/\/i0.wp.com\/innoticiasbo.com\/wp-content\/uploads\/2025\/01\/473619832_988011293373974_7498667306078356567747485.webp?resize=300%2C168&amp;ssl=1 300w, https:\/\/i0.wp.com\/innoticiasbo.com\/wp-content\/uploads\/2025\/01\/473619832_988011293373974_7498667306078356567747485.webp?resize=768%2C429&amp;ssl=1 768w\" sizes=\"auto, (max-width: 640px) 100vw, 640px\" \/><\/figure>\n\n\n\n<p>El sujeto, identificado como Hugo O. E. G., fue denunciado por racismo, discriminaci\u00f3n y agresi\u00f3n psicol\u00f3gica hacia la madre y el menor. Seg\u00fan el reporte policial, la Fuerza Especial de Lucha Contra el Crimen (FELCC) realiz\u00f3 investigaciones que permitieron su aprehensi\u00f3n.<\/p>\n\n\n\n<figure class=\"wp-block-image size-large\"><img data-recalc-dims=\"1\" loading=\"lazy\" decoding=\"async\" width=\"640\" height=\"365\" src=\"https:\/\/i0.wp.com\/innoticiasbo.com\/wp-content\/uploads\/2025\/01\/captura-de-pantalla-2025-01-15-1218501643205777906917595.jpg?resize=640%2C365&#038;ssl=1\" alt=\"\" class=\"wp-image-3612\" srcset=\"https:\/\/i0.wp.com\/innoticiasbo.com\/wp-content\/uploads\/2025\/01\/captura-de-pantalla-2025-01-15-1218501643205777906917595.jpg?w=711&amp;ssl=1 711w, https:\/\/i0.wp.com\/innoticiasbo.com\/wp-content\/uploads\/2025\/01\/captura-de-pantalla-2025-01-15-1218501643205777906917595.jpg?resize=300%2C171&amp;ssl=1 300w\" sizes=\"auto, (max-width: 640px) 100vw, 640px\" \/><\/figure>\n\n\n\n<p>El acusado fue trasladado a dependencias policiales y puesto a disposici\u00f3n del Ministerio P\u00fablico para que se realicen las diligencias correspondientes. Las autoridades destacaron su compromiso con la justicia y su solidaridad con las v\u00edctimas, reafirmando su intenci\u00f3n de no dejar ning\u00fan caso en la impunidad.<\/p>\n\n\n\n<p>Fuente: La Prensa<\/p>\n","protected":false},"excerpt":{"rendered":"<p>La Paz, 15 de enero de 2025.&#8211;\u00a0En la Meseta Baja de Achumani, un hombre fue arrestado tras ser identificado como el agresor de una madre y su hijo que recog\u00edan tunas en un espacio p\u00fablico. El caso gan\u00f3 atenci\u00f3n p\u00fablica luego de que un video del incidente se difundiera en redes sociales. El sujeto, identificado&#8230;<\/p>\n","protected":false},"author":2,"featured_media":3613,"comment_status":"open","ping_status":"open","sticky":false,"template":"","format":"standard","meta":{"_jetpack_memberships_contains_paid_content":false,"footnotes":"","jetpack_publicize_message":"","jetpack_publicize_feature_enabled":true,"jetpack_social_post_already_shared":true,"jetpack_social_options":{"image_generator_settings":{"template":"highway","enabled":false},"version":2}},"categories":[1],"tags":[],"class_list":["post-3614","post","type-post","status-publish","format-standard","has-post-thumbnail","hentry","category-bolivia"],"jetpack_publicize_connections":[],"yoast_head":"<!-- This site is optimized with the Yoast SEO plugin v23.4 - https:\/\/yoast.com\/wordpress\/plugins\/seo\/ -->\n<title>SUJETO ACUSADO DE AGREDIR A UNA MADRE Y SU HIJO FUE TRASLADADO&nbsp; A DEPENDENCIAS POLICIALES POR 3 DELITOS - innoticiasbo.com<\/title>\n<meta name=\"robots\" content=\"index, follow, max-snippet:-1, max-image-preview:large, max-video-preview:-1\" \/>\n<link rel=\"canonical\" href=\"https:\/\/innoticiasbo.com\/index.php\/2025\/01\/15\/sujeto-acusado-de-agredir-a-una-madre-y-su-hijo-fue-trasladado-a-dependencias-policiales-por-3-delitos\/\" \/>\n<meta property=\"og:locale\" content=\"es_ES\" \/>\n<meta property=\"og:type\" content=\"article\" \/>\n<meta property=\"og:title\" content=\"SUJETO ACUSADO DE AGREDIR A UNA MADRE Y SU HIJO FUE TRASLADADO&nbsp; A DEPENDENCIAS POLICIALES POR 3 DELITOS - innoticiasbo.com\" \/>\n<meta property=\"og:description\" content=\"La Paz, 15 de enero de 2025.&#8211;\u00a0En la Meseta Baja de Achumani, un hombre fue arrestado tras ser identificado como el agresor de una madre y su hijo que recog\u00edan tunas en un espacio p\u00fablico. El caso gan\u00f3 atenci\u00f3n p\u00fablica luego de que un video del incidente se difundiera en redes sociales. El sujeto, identificado...\" \/>\n<meta property=\"og:url\" content=\"https:\/\/innoticiasbo.com\/index.php\/2025\/01\/15\/sujeto-acusado-de-agredir-a-una-madre-y-su-hijo-fue-trasladado-a-dependencias-policiales-por-3-delitos\/\" \/>\n<meta property=\"og:site_name\" content=\"innoticiasbo.com\" \/>\n<meta property=\"article:publisher\" content=\"https:\/\/www.facebook.com\/innoticiasbolivia\" \/>\n<meta property=\"article:published_time\" content=\"2025-01-15T20:25:03+00:00\" \/>\n<meta property=\"article:modified_time\" content=\"2025-01-15T20:25:20+00:00\" \/>\n<meta property=\"og:image\" content=\"https:\/\/i0.wp.com\/innoticiasbo.com\/wp-content\/uploads\/2025\/01\/473619832_988011293373974_749866.jpg.webp?fit=770%2C430&ssl=1\" \/>\n\t<meta property=\"og:image:width\" content=\"770\" \/>\n\t<meta property=\"og:image:height\" content=\"430\" \/>\n\t<meta property=\"og:image:type\" content=\"image\/webp\" \/>\n<meta name=\"author\" content=\"Prensa\" \/>\n<meta name=\"twitter:card\" content=\"summary_large_image\" \/>\n<meta name=\"twitter:creator\" content=\"@innoticiasbo\" \/>\n<meta name=\"twitter:site\" content=\"@innoticiasbo\" \/>\n<meta name=\"twitter:label1\" content=\"Escrito por\" \/>\n\t<meta name=\"twitter:data1\" content=\"Prensa\" \/>\n\t<meta name=\"twitter:label2\" content=\"Tiempo de lectura\" \/>\n\t<meta name=\"twitter:data2\" content=\"1 minuto\" \/>\n<script type=\"application\/ld+json\" class=\"yoast-schema-graph\">{\"@context\":\"https:\/\/schema.org\",\"@graph\":[{\"@type\":\"Article\",\"@id\":\"https:\/\/innoticiasbo.com\/index.php\/2025\/01\/15\/sujeto-acusado-de-agredir-a-una-madre-y-su-hijo-fue-trasladado-a-dependencias-policiales-por-3-delitos\/#article\",\"isPartOf\":{\"@id\":\"https:\/\/innoticiasbo.com\/index.php\/2025\/01\/15\/sujeto-acusado-de-agredir-a-una-madre-y-su-hijo-fue-trasladado-a-dependencias-policiales-por-3-delitos\/\"},\"author\":{\"name\":\"Prensa\",\"@id\":\"https:\/\/innoticiasbo.com\/#\/schema\/person\/589cd527c4211df1b943bdad85ec07ce\"},\"headline\":\"SUJETO ACUSADO DE AGREDIR A UNA MADRE Y SU HIJO FUE TRASLADADO&nbsp; A DEPENDENCIAS POLICIALES POR 3 DELITOS\",\"datePublished\":\"2025-01-15T20:25:03+00:00\",\"dateModified\":\"2025-01-15T20:25:20+00:00\",\"mainEntityOfPage\":{\"@id\":\"https:\/\/innoticiasbo.com\/index.php\/2025\/01\/15\/sujeto-acusado-de-agredir-a-una-madre-y-su-hijo-fue-trasladado-a-dependencias-policiales-por-3-delitos\/\"},\"wordCount\":174,\"commentCount\":0,\"publisher\":{\"@id\":\"https:\/\/innoticiasbo.com\/#organization\"},\"image\":{\"@id\":\"https:\/\/innoticiasbo.com\/index.php\/2025\/01\/15\/sujeto-acusado-de-agredir-a-una-madre-y-su-hijo-fue-trasladado-a-dependencias-policiales-por-3-delitos\/#primaryimage\"},\"thumbnailUrl\":\"https:\/\/i0.wp.com\/innoticiasbo.com\/wp-content\/uploads\/2025\/01\/473619832_988011293373974_749866.jpg.webp?fit=770%2C430&ssl=1\",\"articleSection\":[\"Bolivia\"],\"inLanguage\":\"es\",\"potentialAction\":[{\"@type\":\"CommentAction\",\"name\":\"Comment\",\"target\":[\"https:\/\/innoticiasbo.com\/index.php\/2025\/01\/15\/sujeto-acusado-de-agredir-a-una-madre-y-su-hijo-fue-trasladado-a-dependencias-policiales-por-3-delitos\/#respond\"]}]},{\"@type\":\"WebPage\",\"@id\":\"https:\/\/innoticiasbo.com\/index.php\/2025\/01\/15\/sujeto-acusado-de-agredir-a-una-madre-y-su-hijo-fue-trasladado-a-dependencias-policiales-por-3-delitos\/\",\"url\":\"https:\/\/innoticiasbo.com\/index.php\/2025\/01\/15\/sujeto-acusado-de-agredir-a-una-madre-y-su-hijo-fue-trasladado-a-dependencias-policiales-por-3-delitos\/\",\"name\":\"SUJETO ACUSADO DE AGREDIR A UNA MADRE Y SU HIJO FUE TRASLADADO&nbsp; A DEPENDENCIAS POLICIALES POR 3 DELITOS - innoticiasbo.com\",\"isPartOf\":{\"@id\":\"https:\/\/innoticiasbo.com\/#website\"},\"primaryImageOfPage\":{\"@id\":\"https:\/\/innoticiasbo.com\/index.php\/2025\/01\/15\/sujeto-acusado-de-agredir-a-una-madre-y-su-hijo-fue-trasladado-a-dependencias-policiales-por-3-delitos\/#primaryimage\"},\"image\":{\"@id\":\"https:\/\/innoticiasbo.com\/index.php\/2025\/01\/15\/sujeto-acusado-de-agredir-a-una-madre-y-su-hijo-fue-trasladado-a-dependencias-policiales-por-3-delitos\/#primaryimage\"},\"thumbnailUrl\":\"https:\/\/i0.wp.com\/innoticiasbo.com\/wp-content\/uploads\/2025\/01\/473619832_988011293373974_749866.jpg.webp?fit=770%2C430&ssl=1\",\"datePublished\":\"2025-01-15T20:25:03+00:00\",\"dateModified\":\"2025-01-15T20:25:20+00:00\",\"breadcrumb\":{\"@id\":\"https:\/\/innoticiasbo.com\/index.php\/2025\/01\/15\/sujeto-acusado-de-agredir-a-una-madre-y-su-hijo-fue-trasladado-a-dependencias-policiales-por-3-delitos\/#breadcrumb\"},\"inLanguage\":\"es\",\"potentialAction\":[{\"@type\":\"ReadAction\",\"target\":[\"https:\/\/innoticiasbo.com\/index.php\/2025\/01\/15\/sujeto-acusado-de-agredir-a-una-madre-y-su-hijo-fue-trasladado-a-dependencias-policiales-por-3-delitos\/\"]}]},{\"@type\":\"ImageObject\",\"inLanguage\":\"es\",\"@id\":\"https:\/\/innoticiasbo.com\/index.php\/2025\/01\/15\/sujeto-acusado-de-agredir-a-una-madre-y-su-hijo-fue-trasladado-a-dependencias-policiales-por-3-delitos\/#primaryimage\",\"url\":\"https:\/\/i0.wp.com\/innoticiasbo.com\/wp-content\/uploads\/2025\/01\/473619832_988011293373974_749866.jpg.webp?fit=770%2C430&ssl=1\",\"contentUrl\":\"https:\/\/i0.wp.com\/innoticiasbo.com\/wp-content\/uploads\/2025\/01\/473619832_988011293373974_749866.jpg.webp?fit=770%2C430&ssl=1\",\"width\":770,\"height\":430},{\"@type\":\"BreadcrumbList\",\"@id\":\"https:\/\/innoticiasbo.com\/index.php\/2025\/01\/15\/sujeto-acusado-de-agredir-a-una-madre-y-su-hijo-fue-trasladado-a-dependencias-policiales-por-3-delitos\/#breadcrumb\",\"itemListElement\":[{\"@type\":\"ListItem\",\"position\":1,\"name\":\"Portada\",\"item\":\"https:\/\/innoticiasbo.com\/\"},{\"@type\":\"ListItem\",\"position\":2,\"name\":\"SUJETO ACUSADO DE AGREDIR A UNA MADRE Y SU HIJO FUE TRASLADADO&nbsp; A DEPENDENCIAS POLICIALES POR 3 DELITOS\"}]},{\"@type\":\"WebSite\",\"@id\":\"https:\/\/innoticiasbo.com\/#website\",\"url\":\"https:\/\/innoticiasbo.com\/\",\"name\":\"innoticiasbo.com\",\"description\":\"\",\"publisher\":{\"@id\":\"https:\/\/innoticiasbo.com\/#organization\"},\"potentialAction\":[{\"@type\":\"SearchAction\",\"target\":{\"@type\":\"EntryPoint\",\"urlTemplate\":\"https:\/\/innoticiasbo.com\/?s={search_term_string}\"},\"query-input\":{\"@type\":\"PropertyValueSpecification\",\"valueRequired\":true,\"valueName\":\"search_term_string\"}}],\"inLanguage\":\"es\"},{\"@type\":\"Organization\",\"@id\":\"https:\/\/innoticiasbo.com\/#organization\",\"name\":\"innoticiasbo.com\",\"url\":\"https:\/\/innoticiasbo.com\/\",\"logo\":{\"@type\":\"ImageObject\",\"inLanguage\":\"es\",\"@id\":\"https:\/\/innoticiasbo.com\/#\/schema\/logo\/image\/\",\"url\":\"https:\/\/i0.wp.com\/innoticiasbo.com\/wp-content\/uploads\/2026\/04\/cropped-IN-LOGO.png?fit=1476%2C1476&ssl=1\",\"contentUrl\":\"https:\/\/i0.wp.com\/innoticiasbo.com\/wp-content\/uploads\/2026\/04\/cropped-IN-LOGO.png?fit=1476%2C1476&ssl=1\",\"width\":1476,\"height\":1476,\"caption\":\"innoticiasbo.com\"},\"image\":{\"@id\":\"https:\/\/innoticiasbo.com\/#\/schema\/logo\/image\/\"},\"sameAs\":[\"https:\/\/www.facebook.com\/innoticiasbolivia\",\"https:\/\/x.com\/innoticiasbo\",\"https:\/\/www.instagram.com\/innoticiasbo\",\"https:\/\/www.youtube.com\/innoticiasbo\"]},{\"@type\":\"Person\",\"@id\":\"https:\/\/innoticiasbo.com\/#\/schema\/person\/589cd527c4211df1b943bdad85ec07ce\",\"name\":\"Prensa\",\"image\":{\"@type\":\"ImageObject\",\"inLanguage\":\"es\",\"@id\":\"https:\/\/innoticiasbo.com\/#\/schema\/person\/image\/\",\"url\":\"https:\/\/secure.gravatar.com\/avatar\/d359bbdf112023c1c0a3ec7fe1600657?s=96&d=mm&r=g\",\"contentUrl\":\"https:\/\/secure.gravatar.com\/avatar\/d359bbdf112023c1c0a3ec7fe1600657?s=96&d=mm&r=g\",\"caption\":\"Prensa\"},\"sameAs\":[\"http:\/\/www.innoticiasbo.com\"],\"url\":\"https:\/\/innoticiasbo.com\/index.php\/author\/prensa\/\"}]}<\/script>\n<!-- \/ Yoast SEO plugin. -->","yoast_head_json":{"title":"SUJETO ACUSADO DE AGREDIR A UNA MADRE Y SU HIJO FUE TRASLADADO&nbsp; A DEPENDENCIAS POLICIALES POR 3 DELITOS - innoticiasbo.com","robots":{"index":"index","follow":"follow","max-snippet":"max-snippet:-1","max-image-preview":"max-image-preview:large","max-video-preview":"max-video-preview:-1"},"canonical":"https:\/\/innoticiasbo.com\/index.php\/2025\/01\/15\/sujeto-acusado-de-agredir-a-una-madre-y-su-hijo-fue-trasladado-a-dependencias-policiales-por-3-delitos\/","og_locale":"es_ES","og_type":"article","og_title":"SUJETO ACUSADO DE AGREDIR A UNA MADRE Y SU HIJO FUE TRASLADADO&nbsp; A DEPENDENCIAS POLICIALES POR 3 DELITOS - innoticiasbo.com","og_description":"La Paz, 15 de enero de 2025.&#8211;\u00a0En la Meseta Baja de Achumani, un hombre fue arrestado tras ser identificado como el agresor de una madre y su hijo que recog\u00edan tunas en un espacio p\u00fablico. El caso gan\u00f3 atenci\u00f3n p\u00fablica luego de que un video del incidente se difundiera en redes sociales. El sujeto, identificado...","og_url":"https:\/\/innoticiasbo.com\/index.php\/2025\/01\/15\/sujeto-acusado-de-agredir-a-una-madre-y-su-hijo-fue-trasladado-a-dependencias-policiales-por-3-delitos\/","og_site_name":"innoticiasbo.com","article_publisher":"https:\/\/www.facebook.com\/innoticiasbolivia","article_published_time":"2025-01-15T20:25:03+00:00","article_modified_time":"2025-01-15T20:25:20+00:00","og_image":[{"width":770,"height":430,"url":"https:\/\/i0.wp.com\/innoticiasbo.com\/wp-content\/uploads\/2025\/01\/473619832_988011293373974_749866.jpg.webp?fit=770%2C430&ssl=1","type":"image\/webp"}],"author":"Prensa","twitter_card":"summary_large_image","twitter_creator":"@innoticiasbo","twitter_site":"@innoticiasbo","twitter_misc":{"Escrito por":"Prensa","Tiempo de lectura":"1 minuto"},"schema":{"@context":"https:\/\/schema.org","@graph":[{"@type":"Article","@id":"https:\/\/innoticiasbo.com\/index.php\/2025\/01\/15\/sujeto-acusado-de-agredir-a-una-madre-y-su-hijo-fue-trasladado-a-dependencias-policiales-por-3-delitos\/#article","isPartOf":{"@id":"https:\/\/innoticiasbo.com\/index.php\/2025\/01\/15\/sujeto-acusado-de-agredir-a-una-madre-y-su-hijo-fue-trasladado-a-dependencias-policiales-por-3-delitos\/"},"author":{"name":"Prensa","@id":"https:\/\/innoticiasbo.com\/#\/schema\/person\/589cd527c4211df1b943bdad85ec07ce"},"headline":"SUJETO ACUSADO DE AGREDIR A UNA MADRE Y SU HIJO FUE TRASLADADO&nbsp; A DEPENDENCIAS POLICIALES POR 3 DELITOS","datePublished":"2025-01-15T20:25:03+00:00","dateModified":"2025-01-15T20:25:20+00:00","mainEntityOfPage":{"@id":"https:\/\/innoticiasbo.com\/index.php\/2025\/01\/15\/sujeto-acusado-de-agredir-a-una-madre-y-su-hijo-fue-trasladado-a-dependencias-policiales-por-3-delitos\/"},"wordCount":174,"commentCount":0,"publisher":{"@id":"https:\/\/innoticiasbo.com\/#organization"},"image":{"@id":"https:\/\/innoticiasbo.com\/index.php\/2025\/01\/15\/sujeto-acusado-de-agredir-a-una-madre-y-su-hijo-fue-trasladado-a-dependencias-policiales-por-3-delitos\/#primaryimage"},"thumbnailUrl":"https:\/\/i0.wp.com\/innoticiasbo.com\/wp-content\/uploads\/2025\/01\/473619832_988011293373974_749866.jpg.webp?fit=770%2C430&ssl=1","articleSection":["Bolivia"],"inLanguage":"es","potentialAction":[{"@type":"CommentAction","name":"Comment","target":["https:\/\/innoticiasbo.com\/index.php\/2025\/01\/15\/sujeto-acusado-de-agredir-a-una-madre-y-su-hijo-fue-trasladado-a-dependencias-policiales-por-3-delitos\/#respond"]}]},{"@type":"WebPage","@id":"https:\/\/innoticiasbo.com\/index.php\/2025\/01\/15\/sujeto-acusado-de-agredir-a-una-madre-y-su-hijo-fue-trasladado-a-dependencias-policiales-por-3-delitos\/","url":"https:\/\/innoticiasbo.com\/index.php\/2025\/01\/15\/sujeto-acusado-de-agredir-a-una-madre-y-su-hijo-fue-trasladado-a-dependencias-policiales-por-3-delitos\/","name":"SUJETO ACUSADO DE AGREDIR A UNA MADRE Y SU HIJO FUE TRASLADADO&nbsp; A DEPENDENCIAS POLICIALES POR 3 DELITOS - innoticiasbo.com","isPartOf":{"@id":"https:\/\/innoticiasbo.com\/#website"},"primaryImageOfPage":{"@id":"https:\/\/innoticiasbo.com\/index.php\/2025\/01\/15\/sujeto-acusado-de-agredir-a-una-madre-y-su-hijo-fue-trasladado-a-dependencias-policiales-por-3-delitos\/#primaryimage"},"image":{"@id":"https:\/\/innoticiasbo.com\/index.php\/2025\/01\/15\/sujeto-acusado-de-agredir-a-una-madre-y-su-hijo-fue-trasladado-a-dependencias-policiales-por-3-delitos\/#primaryimage"},"thumbnailUrl":"https:\/\/i0.wp.com\/innoticiasbo.com\/wp-content\/uploads\/2025\/01\/473619832_988011293373974_749866.jpg.webp?fit=770%2C430&ssl=1","datePublished":"2025-01-15T20:25:03+00:00","dateModified":"2025-01-15T20:25:20+00:00","breadcrumb":{"@id":"https:\/\/innoticiasbo.com\/index.php\/2025\/01\/15\/sujeto-acusado-de-agredir-a-una-madre-y-su-hijo-fue-trasladado-a-dependencias-policiales-por-3-delitos\/#breadcrumb"},"inLanguage":"es","potentialAction":[{"@type":"ReadAction","target":["https:\/\/innoticiasbo.com\/index.php\/2025\/01\/15\/sujeto-acusado-de-agredir-a-una-madre-y-su-hijo-fue-trasladado-a-dependencias-policiales-por-3-delitos\/"]}]},{"@type":"ImageObject","inLanguage":"es","@id":"https:\/\/innoticiasbo.com\/index.php\/2025\/01\/15\/sujeto-acusado-de-agredir-a-una-madre-y-su-hijo-fue-trasladado-a-dependencias-policiales-por-3-delitos\/#primaryimage","url":"https:\/\/i0.wp.com\/innoticiasbo.com\/wp-content\/uploads\/2025\/01\/473619832_988011293373974_749866.jpg.webp?fit=770%2C430&ssl=1","contentUrl":"https:\/\/i0.wp.com\/innoticiasbo.com\/wp-content\/uploads\/2025\/01\/473619832_988011293373974_749866.jpg.webp?fit=770%2C430&ssl=1","width":770,"height":430},{"@type":"BreadcrumbList","@id":"https:\/\/innoticiasbo.com\/index.php\/2025\/01\/15\/sujeto-acusado-de-agredir-a-una-madre-y-su-hijo-fue-trasladado-a-dependencias-policiales-por-3-delitos\/#breadcrumb","itemListElement":[{"@type":"ListItem","position":1,"name":"Portada","item":"https:\/\/innoticiasbo.com\/"},{"@type":"ListItem","position":2,"name":"SUJETO ACUSADO DE AGREDIR A UNA MADRE Y SU HIJO FUE TRASLADADO&nbsp; A DEPENDENCIAS POLICIALES POR 3 DELITOS"}]},{"@type":"WebSite","@id":"https:\/\/innoticiasbo.com\/#website","url":"https:\/\/innoticiasbo.com\/","name":"innoticiasbo.com","description":"","publisher":{"@id":"https:\/\/innoticiasbo.com\/#organization"},"potentialAction":[{"@type":"SearchAction","target":{"@type":"EntryPoint","urlTemplate":"https:\/\/innoticiasbo.com\/?s={search_term_string}"},"query-input":{"@type":"PropertyValueSpecification","valueRequired":true,"valueName":"search_term_string"}}],"inLanguage":"es"},{"@type":"Organization","@id":"https:\/\/innoticiasbo.com\/#organization","name":"innoticiasbo.com","url":"https:\/\/innoticiasbo.com\/","logo":{"@type":"ImageObject","inLanguage":"es","@id":"https:\/\/innoticiasbo.com\/#\/schema\/logo\/image\/","url":"https:\/\/i0.wp.com\/innoticiasbo.com\/wp-content\/uploads\/2026\/04\/cropped-IN-LOGO.png?fit=1476%2C1476&ssl=1","contentUrl":"https:\/\/i0.wp.com\/innoticiasbo.com\/wp-content\/uploads\/2026\/04\/cropped-IN-LOGO.png?fit=1476%2C1476&ssl=1","width":1476,"height":1476,"caption":"innoticiasbo.com"},"image":{"@id":"https:\/\/innoticiasbo.com\/#\/schema\/logo\/image\/"},"sameAs":["https:\/\/www.facebook.com\/innoticiasbolivia","https:\/\/x.com\/innoticiasbo","https:\/\/www.instagram.com\/innoticiasbo","https:\/\/www.youtube.com\/innoticiasbo"]},{"@type":"Person","@id":"https:\/\/innoticiasbo.com\/#\/schema\/person\/589cd527c4211df1b943bdad85ec07ce","name":"Prensa","image":{"@type":"ImageObject","inLanguage":"es","@id":"https:\/\/innoticiasbo.com\/#\/schema\/person\/image\/","url":"https:\/\/secure.gravatar.com\/avatar\/d359bbdf112023c1c0a3ec7fe1600657?s=96&d=mm&r=g","contentUrl":"https:\/\/secure.gravatar.com\/avatar\/d359bbdf112023c1c0a3ec7fe1600657?s=96&d=mm&r=g","caption":"Prensa"},"sameAs":["http:\/\/www.innoticiasbo.com"],"url":"https:\/\/innoticiasbo.com\/index.php\/author\/prensa\/"}]}},"jetpack_featured_media_url":"https:\/\/i0.wp.com\/innoticiasbo.com\/wp-content\/uploads\/2025\/01\/473619832_988011293373974_749866.jpg.webp?fit=770%2C430&ssl=1","jetpack_likes_enabled":true,"jetpack_sharing_enabled":true,"jetpack_shortlink":"https:\/\/wp.me\/pg298x-Wi","_links":{"self":[{"href":"https:\/\/innoticiasbo.com\/index.php\/wp-json\/wp\/v2\/posts\/3614","targetHints":{"allow":["GET"]}}],"collection":[{"href":"https:\/\/innoticiasbo.com\/index.php\/wp-json\/wp\/v2\/posts"}],"about":[{"href":"https:\/\/innoticiasbo.com\/index.php\/wp-json\/wp\/v2\/types\/post"}],"author":[{"embeddable":true,"href":"https:\/\/innoticiasbo.com\/index.php\/wp-json\/wp\/v2\/users\/2"}],"replies":[{"embeddable":true,"href":"https:\/\/innoticiasbo.com\/index.php\/wp-json\/wp\/v2\/comments?post=3614"}],"version-history":[{"count":1,"href":"https:\/\/innoticiasbo.com\/index.php\/wp-json\/wp\/v2\/posts\/3614\/revisions"}],"predecessor-version":[{"id":3615,"href":"https:\/\/innoticiasbo.com\/index.php\/wp-json\/wp\/v2\/posts\/3614\/revisions\/3615"}],"wp:featuredmedia":[{"embeddable":true,"href":"https:\/\/innoticiasbo.com\/index.php\/wp-json\/wp\/v2\/media\/3613"}],"wp:attachment":[{"href":"https:\/\/innoticiasbo.com\/index.php\/wp-json\/wp\/v2\/media?parent=3614"}],"wp:term":[{"taxonomy":"category","embeddable":true,"href":"https:\/\/innoticiasbo.com\/index.php\/wp-json\/wp\/v2\/categories?post=3614"},{"taxonomy":"post_tag","embeddable":true,"href":"https:\/\/innoticiasbo.com\/index.php\/wp-json\/wp\/v2\/tags?post=3614"}],"curies":[{"name":"wp","href":"https:\/\/api.w.org\/{rel}","templated":true}]}}