{"id":3605,"date":"2025-01-14T12:06:06","date_gmt":"2025-01-14T16:06:06","guid":{"rendered":"https:\/\/innoticiasbo.com\/?p=3605"},"modified":"2025-01-14T12:06:13","modified_gmt":"2025-01-14T16:06:13","slug":"medio-ambiente-del-gams-rescato-un-tatu-de-una-vivienda-en-lava-lava","status":"publish","type":"post","link":"https:\/\/innoticiasbo.com\/index.php\/2025\/01\/14\/medio-ambiente-del-gams-rescato-un-tatu-de-una-vivienda-en-lava-lava\/","title":{"rendered":"MEDIO AMBIENTE DEL GAMS RESCAT\u00d3 UN TAT\u00da DE UNA VIVIENDA&nbsp; EN LAVA LAVA"},"content":{"rendered":"\n<p>Sacaba, 14 de enero de 2025.-Personal de la Direcci\u00f3n de Medio Ambiente y de \u00c1reas Protegidas del Gobierno Aut\u00f3nomo Municipal de Sacaba, realiz\u00f3 el rescate de un animal silvestre Tat\u00fa de una vivienda del Distrito Rural de Lava Lava.<\/p>\n\n\n\n<figure class=\"wp-block-image size-large\"><img data-recalc-dims=\"1\" loading=\"lazy\" decoding=\"async\" width=\"640\" height=\"433\" src=\"https:\/\/i0.wp.com\/innoticiasbo.com\/wp-content\/uploads\/2025\/01\/img-20250114-wa00758668758360948581251.jpg?resize=640%2C433&#038;ssl=1\" alt=\"\" class=\"wp-image-3601\" srcset=\"https:\/\/i0.wp.com\/innoticiasbo.com\/wp-content\/uploads\/2025\/01\/img-20250114-wa00758668758360948581251.jpg?resize=1024%2C692&amp;ssl=1 1024w, https:\/\/i0.wp.com\/innoticiasbo.com\/wp-content\/uploads\/2025\/01\/img-20250114-wa00758668758360948581251.jpg?resize=300%2C203&amp;ssl=1 300w, https:\/\/i0.wp.com\/innoticiasbo.com\/wp-content\/uploads\/2025\/01\/img-20250114-wa00758668758360948581251.jpg?resize=768%2C519&amp;ssl=1 768w, https:\/\/i0.wp.com\/innoticiasbo.com\/wp-content\/uploads\/2025\/01\/img-20250114-wa00758668758360948581251.jpg?resize=1536%2C1038&amp;ssl=1 1536w, https:\/\/i0.wp.com\/innoticiasbo.com\/wp-content\/uploads\/2025\/01\/img-20250114-wa00758668758360948581251.jpg?w=1600&amp;ssl=1 1600w, https:\/\/i0.wp.com\/innoticiasbo.com\/wp-content\/uploads\/2025\/01\/img-20250114-wa00758668758360948581251.jpg?w=1280&amp;ssl=1 1280w\" sizes=\"auto, (max-width: 640px) 100vw, 640px\" \/><\/figure>\n\n\n\n<p><br>El animal fue encontrado por un chofer en una calle de la zona de Guadalupe del Distrito 4 de Sacaba en horas de la noche del pasado lunes y fue trasladado a su vivienda particular de Lava Lava, desde donde se llam\u00f3 a personal del GAMS.<br>\u201cEl Tat\u00fa ha sido encontrado en \u00e1rea urbana,<\/p>\n\n\n\n<p> vimos que present\u00f3 un da\u00f1o en una de sus patas, en este caso una familia lo acogi\u00f3 y dio aviso al municipio para su rescate. Se coordinar\u00e1 con la Gobernaci\u00f3n para su evaluaci\u00f3n y su siguiente reinserci\u00f3n\u201d, se\u00f1al\u00f3 la encargada de Gesti\u00f3n Atmosf\u00e9rica del GAMS, Damaris Mu\u00f1oz.<\/p>\n\n\n\n<figure class=\"wp-block-image size-large\"><img data-recalc-dims=\"1\" loading=\"lazy\" decoding=\"async\" width=\"640\" height=\"359\" src=\"https:\/\/i0.wp.com\/innoticiasbo.com\/wp-content\/uploads\/2025\/01\/img-20250114-wa00712991163823266615287.jpg?resize=640%2C359&#038;ssl=1\" alt=\"\" class=\"wp-image-3603\" srcset=\"https:\/\/i0.wp.com\/innoticiasbo.com\/wp-content\/uploads\/2025\/01\/img-20250114-wa00712991163823266615287.jpg?resize=1024%2C575&amp;ssl=1 1024w, https:\/\/i0.wp.com\/innoticiasbo.com\/wp-content\/uploads\/2025\/01\/img-20250114-wa00712991163823266615287.jpg?resize=300%2C168&amp;ssl=1 300w, https:\/\/i0.wp.com\/innoticiasbo.com\/wp-content\/uploads\/2025\/01\/img-20250114-wa00712991163823266615287.jpg?resize=768%2C431&amp;ssl=1 768w, https:\/\/i0.wp.com\/innoticiasbo.com\/wp-content\/uploads\/2025\/01\/img-20250114-wa00712991163823266615287.jpg?resize=1536%2C862&amp;ssl=1 1536w, https:\/\/i0.wp.com\/innoticiasbo.com\/wp-content\/uploads\/2025\/01\/img-20250114-wa00712991163823266615287.jpg?w=1600&amp;ssl=1 1600w, https:\/\/i0.wp.com\/innoticiasbo.com\/wp-content\/uploads\/2025\/01\/img-20250114-wa00712991163823266615287.jpg?w=1280&amp;ssl=1 1280w\" sizes=\"auto, (max-width: 640px) 100vw, 640px\" \/><\/figure>\n\n\n\n<figure class=\"wp-block-image size-large\"><img data-recalc-dims=\"1\" loading=\"lazy\" decoding=\"async\" width=\"640\" height=\"359\" src=\"https:\/\/i0.wp.com\/innoticiasbo.com\/wp-content\/uploads\/2025\/01\/img-20250114-wa00721445796470862232441.jpg?resize=640%2C359&#038;ssl=1\" alt=\"\" class=\"wp-image-3602\" srcset=\"https:\/\/i0.wp.com\/innoticiasbo.com\/wp-content\/uploads\/2025\/01\/img-20250114-wa00721445796470862232441.jpg?resize=1024%2C575&amp;ssl=1 1024w, https:\/\/i0.wp.com\/innoticiasbo.com\/wp-content\/uploads\/2025\/01\/img-20250114-wa00721445796470862232441.jpg?resize=300%2C168&amp;ssl=1 300w, https:\/\/i0.wp.com\/innoticiasbo.com\/wp-content\/uploads\/2025\/01\/img-20250114-wa00721445796470862232441.jpg?resize=768%2C431&amp;ssl=1 768w, https:\/\/i0.wp.com\/innoticiasbo.com\/wp-content\/uploads\/2025\/01\/img-20250114-wa00721445796470862232441.jpg?resize=1536%2C862&amp;ssl=1 1536w, https:\/\/i0.wp.com\/innoticiasbo.com\/wp-content\/uploads\/2025\/01\/img-20250114-wa00721445796470862232441.jpg?w=1600&amp;ssl=1 1600w, https:\/\/i0.wp.com\/innoticiasbo.com\/wp-content\/uploads\/2025\/01\/img-20250114-wa00721445796470862232441.jpg?w=1280&amp;ssl=1 1280w\" sizes=\"auto, (max-width: 640px) 100vw, 640px\" \/><\/figure>\n\n\n\n<p><br>Tambi\u00e9n se coordinar\u00e1 con la Polic\u00eda Forestal y Preservaci\u00f3n del Medio Ambiente (POFOMA).<\/p>\n","protected":false},"excerpt":{"rendered":"<p>Sacaba, 14 de enero de 2025.-Personal de la Direcci\u00f3n de Medio Ambiente y de \u00c1reas Protegidas del Gobierno Aut\u00f3nomo Municipal de Sacaba, realiz\u00f3 el rescate de un animal silvestre Tat\u00fa de una vivienda del Distrito Rural de Lava Lava. El animal fue encontrado por un chofer en una calle de la zona de Guadalupe del&#8230;<\/p>\n","protected":false},"author":2,"featured_media":3604,"comment_status":"open","ping_status":"open","sticky":false,"template":"","format":"standard","meta":{"_jetpack_memberships_contains_paid_content":false,"footnotes":"","jetpack_publicize_message":"","jetpack_publicize_feature_enabled":true,"jetpack_social_post_already_shared":true,"jetpack_social_options":{"image_generator_settings":{"template":"highway","enabled":false},"version":2}},"categories":[2],"tags":[],"class_list":["post-3605","post","type-post","status-publish","format-standard","has-post-thumbnail","hentry","category-cochabamba"],"jetpack_publicize_connections":[],"yoast_head":"<!-- This site is optimized with the Yoast SEO plugin v23.4 - https:\/\/yoast.com\/wordpress\/plugins\/seo\/ -->\n<title>MEDIO AMBIENTE DEL GAMS RESCAT\u00d3 UN TAT\u00da DE UNA VIVIENDA&nbsp; EN LAVA LAVA - innoticiasbo.com<\/title>\n<meta name=\"robots\" content=\"index, follow, max-snippet:-1, max-image-preview:large, max-video-preview:-1\" \/>\n<link rel=\"canonical\" href=\"https:\/\/innoticiasbo.com\/index.php\/2025\/01\/14\/medio-ambiente-del-gams-rescato-un-tatu-de-una-vivienda-en-lava-lava\/\" \/>\n<meta property=\"og:locale\" content=\"es_ES\" \/>\n<meta property=\"og:type\" content=\"article\" \/>\n<meta property=\"og:title\" content=\"MEDIO AMBIENTE DEL GAMS RESCAT\u00d3 UN TAT\u00da DE UNA VIVIENDA&nbsp; EN LAVA LAVA - innoticiasbo.com\" \/>\n<meta property=\"og:description\" content=\"Sacaba, 14 de enero de 2025.-Personal de la Direcci\u00f3n de Medio Ambiente y de \u00c1reas Protegidas del Gobierno Aut\u00f3nomo Municipal de Sacaba, realiz\u00f3 el rescate de un animal silvestre Tat\u00fa de una vivienda del Distrito Rural de Lava Lava. El animal fue encontrado por un chofer en una calle de la zona de Guadalupe del...\" \/>\n<meta property=\"og:url\" content=\"https:\/\/innoticiasbo.com\/index.php\/2025\/01\/14\/medio-ambiente-del-gams-rescato-un-tatu-de-una-vivienda-en-lava-lava\/\" \/>\n<meta property=\"og:site_name\" content=\"innoticiasbo.com\" \/>\n<meta property=\"article:publisher\" content=\"https:\/\/www.facebook.com\/innoticiasbolivia\" \/>\n<meta property=\"article:published_time\" content=\"2025-01-14T16:06:06+00:00\" \/>\n<meta property=\"article:modified_time\" content=\"2025-01-14T16:06:13+00:00\" \/>\n<meta property=\"og:image\" content=\"https:\/\/i0.wp.com\/innoticiasbo.com\/wp-content\/uploads\/2025\/01\/IMG-20250114-WA0075.jpg?fit=1600%2C1081&ssl=1\" \/>\n\t<meta property=\"og:image:width\" content=\"1600\" \/>\n\t<meta property=\"og:image:height\" content=\"1081\" \/>\n\t<meta property=\"og:image:type\" content=\"image\/jpeg\" \/>\n<meta name=\"author\" content=\"Prensa\" \/>\n<meta name=\"twitter:card\" content=\"summary_large_image\" \/>\n<meta name=\"twitter:creator\" content=\"@innoticiasbo\" \/>\n<meta name=\"twitter:site\" content=\"@innoticiasbo\" \/>\n<meta name=\"twitter:label1\" content=\"Escrito por\" \/>\n\t<meta name=\"twitter:data1\" content=\"Prensa\" \/>\n\t<meta name=\"twitter:label2\" content=\"Tiempo de lectura\" \/>\n\t<meta name=\"twitter:data2\" content=\"1 minuto\" \/>\n<script type=\"application\/ld+json\" class=\"yoast-schema-graph\">{\"@context\":\"https:\/\/schema.org\",\"@graph\":[{\"@type\":\"Article\",\"@id\":\"https:\/\/innoticiasbo.com\/index.php\/2025\/01\/14\/medio-ambiente-del-gams-rescato-un-tatu-de-una-vivienda-en-lava-lava\/#article\",\"isPartOf\":{\"@id\":\"https:\/\/innoticiasbo.com\/index.php\/2025\/01\/14\/medio-ambiente-del-gams-rescato-un-tatu-de-una-vivienda-en-lava-lava\/\"},\"author\":{\"name\":\"Prensa\",\"@id\":\"https:\/\/innoticiasbo.com\/#\/schema\/person\/589cd527c4211df1b943bdad85ec07ce\"},\"headline\":\"MEDIO AMBIENTE DEL GAMS RESCAT\u00d3 UN TAT\u00da DE UNA VIVIENDA&nbsp; EN LAVA LAVA\",\"datePublished\":\"2025-01-14T16:06:06+00:00\",\"dateModified\":\"2025-01-14T16:06:13+00:00\",\"mainEntityOfPage\":{\"@id\":\"https:\/\/innoticiasbo.com\/index.php\/2025\/01\/14\/medio-ambiente-del-gams-rescato-un-tatu-de-una-vivienda-en-lava-lava\/\"},\"wordCount\":178,\"commentCount\":0,\"publisher\":{\"@id\":\"https:\/\/innoticiasbo.com\/#organization\"},\"image\":{\"@id\":\"https:\/\/innoticiasbo.com\/index.php\/2025\/01\/14\/medio-ambiente-del-gams-rescato-un-tatu-de-una-vivienda-en-lava-lava\/#primaryimage\"},\"thumbnailUrl\":\"https:\/\/i0.wp.com\/innoticiasbo.com\/wp-content\/uploads\/2025\/01\/IMG-20250114-WA0075.jpg?fit=1600%2C1081&ssl=1\",\"articleSection\":[\"Cochabamba\"],\"inLanguage\":\"es\",\"potentialAction\":[{\"@type\":\"CommentAction\",\"name\":\"Comment\",\"target\":[\"https:\/\/innoticiasbo.com\/index.php\/2025\/01\/14\/medio-ambiente-del-gams-rescato-un-tatu-de-una-vivienda-en-lava-lava\/#respond\"]}]},{\"@type\":\"WebPage\",\"@id\":\"https:\/\/innoticiasbo.com\/index.php\/2025\/01\/14\/medio-ambiente-del-gams-rescato-un-tatu-de-una-vivienda-en-lava-lava\/\",\"url\":\"https:\/\/innoticiasbo.com\/index.php\/2025\/01\/14\/medio-ambiente-del-gams-rescato-un-tatu-de-una-vivienda-en-lava-lava\/\",\"name\":\"MEDIO AMBIENTE DEL GAMS RESCAT\u00d3 UN TAT\u00da DE UNA VIVIENDA&nbsp; EN LAVA LAVA - innoticiasbo.com\",\"isPartOf\":{\"@id\":\"https:\/\/innoticiasbo.com\/#website\"},\"primaryImageOfPage\":{\"@id\":\"https:\/\/innoticiasbo.com\/index.php\/2025\/01\/14\/medio-ambiente-del-gams-rescato-un-tatu-de-una-vivienda-en-lava-lava\/#primaryimage\"},\"image\":{\"@id\":\"https:\/\/innoticiasbo.com\/index.php\/2025\/01\/14\/medio-ambiente-del-gams-rescato-un-tatu-de-una-vivienda-en-lava-lava\/#primaryimage\"},\"thumbnailUrl\":\"https:\/\/i0.wp.com\/innoticiasbo.com\/wp-content\/uploads\/2025\/01\/IMG-20250114-WA0075.jpg?fit=1600%2C1081&ssl=1\",\"datePublished\":\"2025-01-14T16:06:06+00:00\",\"dateModified\":\"2025-01-14T16:06:13+00:00\",\"breadcrumb\":{\"@id\":\"https:\/\/innoticiasbo.com\/index.php\/2025\/01\/14\/medio-ambiente-del-gams-rescato-un-tatu-de-una-vivienda-en-lava-lava\/#breadcrumb\"},\"inLanguage\":\"es\",\"potentialAction\":[{\"@type\":\"ReadAction\",\"target\":[\"https:\/\/innoticiasbo.com\/index.php\/2025\/01\/14\/medio-ambiente-del-gams-rescato-un-tatu-de-una-vivienda-en-lava-lava\/\"]}]},{\"@type\":\"ImageObject\",\"inLanguage\":\"es\",\"@id\":\"https:\/\/innoticiasbo.com\/index.php\/2025\/01\/14\/medio-ambiente-del-gams-rescato-un-tatu-de-una-vivienda-en-lava-lava\/#primaryimage\",\"url\":\"https:\/\/i0.wp.com\/innoticiasbo.com\/wp-content\/uploads\/2025\/01\/IMG-20250114-WA0075.jpg?fit=1600%2C1081&ssl=1\",\"contentUrl\":\"https:\/\/i0.wp.com\/innoticiasbo.com\/wp-content\/uploads\/2025\/01\/IMG-20250114-WA0075.jpg?fit=1600%2C1081&ssl=1\",\"width\":1600,\"height\":1081},{\"@type\":\"BreadcrumbList\",\"@id\":\"https:\/\/innoticiasbo.com\/index.php\/2025\/01\/14\/medio-ambiente-del-gams-rescato-un-tatu-de-una-vivienda-en-lava-lava\/#breadcrumb\",\"itemListElement\":[{\"@type\":\"ListItem\",\"position\":1,\"name\":\"Portada\",\"item\":\"https:\/\/innoticiasbo.com\/\"},{\"@type\":\"ListItem\",\"position\":2,\"name\":\"MEDIO AMBIENTE DEL GAMS RESCAT\u00d3 UN TAT\u00da DE UNA VIVIENDA&nbsp; EN LAVA LAVA\"}]},{\"@type\":\"WebSite\",\"@id\":\"https:\/\/innoticiasbo.com\/#website\",\"url\":\"https:\/\/innoticiasbo.com\/\",\"name\":\"innoticiasbo.com\",\"description\":\"\",\"publisher\":{\"@id\":\"https:\/\/innoticiasbo.com\/#organization\"},\"potentialAction\":[{\"@type\":\"SearchAction\",\"target\":{\"@type\":\"EntryPoint\",\"urlTemplate\":\"https:\/\/innoticiasbo.com\/?s={search_term_string}\"},\"query-input\":{\"@type\":\"PropertyValueSpecification\",\"valueRequired\":true,\"valueName\":\"search_term_string\"}}],\"inLanguage\":\"es\"},{\"@type\":\"Organization\",\"@id\":\"https:\/\/innoticiasbo.com\/#organization\",\"name\":\"innoticiasbo.com\",\"url\":\"https:\/\/innoticiasbo.com\/\",\"logo\":{\"@type\":\"ImageObject\",\"inLanguage\":\"es\",\"@id\":\"https:\/\/innoticiasbo.com\/#\/schema\/logo\/image\/\",\"url\":\"https:\/\/i0.wp.com\/innoticiasbo.com\/wp-content\/uploads\/2026\/04\/cropped-IN-LOGO.png?fit=1476%2C1476&ssl=1\",\"contentUrl\":\"https:\/\/i0.wp.com\/innoticiasbo.com\/wp-content\/uploads\/2026\/04\/cropped-IN-LOGO.png?fit=1476%2C1476&ssl=1\",\"width\":1476,\"height\":1476,\"caption\":\"innoticiasbo.com\"},\"image\":{\"@id\":\"https:\/\/innoticiasbo.com\/#\/schema\/logo\/image\/\"},\"sameAs\":[\"https:\/\/www.facebook.com\/innoticiasbolivia\",\"https:\/\/x.com\/innoticiasbo\",\"https:\/\/www.instagram.com\/innoticiasbo\",\"https:\/\/www.youtube.com\/innoticiasbo\"]},{\"@type\":\"Person\",\"@id\":\"https:\/\/innoticiasbo.com\/#\/schema\/person\/589cd527c4211df1b943bdad85ec07ce\",\"name\":\"Prensa\",\"image\":{\"@type\":\"ImageObject\",\"inLanguage\":\"es\",\"@id\":\"https:\/\/innoticiasbo.com\/#\/schema\/person\/image\/\",\"url\":\"https:\/\/secure.gravatar.com\/avatar\/d359bbdf112023c1c0a3ec7fe1600657?s=96&d=mm&r=g\",\"contentUrl\":\"https:\/\/secure.gravatar.com\/avatar\/d359bbdf112023c1c0a3ec7fe1600657?s=96&d=mm&r=g\",\"caption\":\"Prensa\"},\"sameAs\":[\"http:\/\/www.innoticiasbo.com\"],\"url\":\"https:\/\/innoticiasbo.com\/index.php\/author\/prensa\/\"}]}<\/script>\n<!-- \/ Yoast SEO plugin. -->","yoast_head_json":{"title":"MEDIO AMBIENTE DEL GAMS RESCAT\u00d3 UN TAT\u00da DE UNA VIVIENDA&nbsp; EN LAVA LAVA - innoticiasbo.com","robots":{"index":"index","follow":"follow","max-snippet":"max-snippet:-1","max-image-preview":"max-image-preview:large","max-video-preview":"max-video-preview:-1"},"canonical":"https:\/\/innoticiasbo.com\/index.php\/2025\/01\/14\/medio-ambiente-del-gams-rescato-un-tatu-de-una-vivienda-en-lava-lava\/","og_locale":"es_ES","og_type":"article","og_title":"MEDIO AMBIENTE DEL GAMS RESCAT\u00d3 UN TAT\u00da DE UNA VIVIENDA&nbsp; EN LAVA LAVA - innoticiasbo.com","og_description":"Sacaba, 14 de enero de 2025.-Personal de la Direcci\u00f3n de Medio Ambiente y de \u00c1reas Protegidas del Gobierno Aut\u00f3nomo Municipal de Sacaba, realiz\u00f3 el rescate de un animal silvestre Tat\u00fa de una vivienda del Distrito Rural de Lava Lava. El animal fue encontrado por un chofer en una calle de la zona de Guadalupe del...","og_url":"https:\/\/innoticiasbo.com\/index.php\/2025\/01\/14\/medio-ambiente-del-gams-rescato-un-tatu-de-una-vivienda-en-lava-lava\/","og_site_name":"innoticiasbo.com","article_publisher":"https:\/\/www.facebook.com\/innoticiasbolivia","article_published_time":"2025-01-14T16:06:06+00:00","article_modified_time":"2025-01-14T16:06:13+00:00","og_image":[{"width":1600,"height":1081,"url":"https:\/\/i0.wp.com\/innoticiasbo.com\/wp-content\/uploads\/2025\/01\/IMG-20250114-WA0075.jpg?fit=1600%2C1081&ssl=1","type":"image\/jpeg"}],"author":"Prensa","twitter_card":"summary_large_image","twitter_creator":"@innoticiasbo","twitter_site":"@innoticiasbo","twitter_misc":{"Escrito por":"Prensa","Tiempo de lectura":"1 minuto"},"schema":{"@context":"https:\/\/schema.org","@graph":[{"@type":"Article","@id":"https:\/\/innoticiasbo.com\/index.php\/2025\/01\/14\/medio-ambiente-del-gams-rescato-un-tatu-de-una-vivienda-en-lava-lava\/#article","isPartOf":{"@id":"https:\/\/innoticiasbo.com\/index.php\/2025\/01\/14\/medio-ambiente-del-gams-rescato-un-tatu-de-una-vivienda-en-lava-lava\/"},"author":{"name":"Prensa","@id":"https:\/\/innoticiasbo.com\/#\/schema\/person\/589cd527c4211df1b943bdad85ec07ce"},"headline":"MEDIO AMBIENTE DEL GAMS RESCAT\u00d3 UN TAT\u00da DE UNA VIVIENDA&nbsp; EN LAVA LAVA","datePublished":"2025-01-14T16:06:06+00:00","dateModified":"2025-01-14T16:06:13+00:00","mainEntityOfPage":{"@id":"https:\/\/innoticiasbo.com\/index.php\/2025\/01\/14\/medio-ambiente-del-gams-rescato-un-tatu-de-una-vivienda-en-lava-lava\/"},"wordCount":178,"commentCount":0,"publisher":{"@id":"https:\/\/innoticiasbo.com\/#organization"},"image":{"@id":"https:\/\/innoticiasbo.com\/index.php\/2025\/01\/14\/medio-ambiente-del-gams-rescato-un-tatu-de-una-vivienda-en-lava-lava\/#primaryimage"},"thumbnailUrl":"https:\/\/i0.wp.com\/innoticiasbo.com\/wp-content\/uploads\/2025\/01\/IMG-20250114-WA0075.jpg?fit=1600%2C1081&ssl=1","articleSection":["Cochabamba"],"inLanguage":"es","potentialAction":[{"@type":"CommentAction","name":"Comment","target":["https:\/\/innoticiasbo.com\/index.php\/2025\/01\/14\/medio-ambiente-del-gams-rescato-un-tatu-de-una-vivienda-en-lava-lava\/#respond"]}]},{"@type":"WebPage","@id":"https:\/\/innoticiasbo.com\/index.php\/2025\/01\/14\/medio-ambiente-del-gams-rescato-un-tatu-de-una-vivienda-en-lava-lava\/","url":"https:\/\/innoticiasbo.com\/index.php\/2025\/01\/14\/medio-ambiente-del-gams-rescato-un-tatu-de-una-vivienda-en-lava-lava\/","name":"MEDIO AMBIENTE DEL GAMS RESCAT\u00d3 UN TAT\u00da DE UNA VIVIENDA&nbsp; EN LAVA LAVA - innoticiasbo.com","isPartOf":{"@id":"https:\/\/innoticiasbo.com\/#website"},"primaryImageOfPage":{"@id":"https:\/\/innoticiasbo.com\/index.php\/2025\/01\/14\/medio-ambiente-del-gams-rescato-un-tatu-de-una-vivienda-en-lava-lava\/#primaryimage"},"image":{"@id":"https:\/\/innoticiasbo.com\/index.php\/2025\/01\/14\/medio-ambiente-del-gams-rescato-un-tatu-de-una-vivienda-en-lava-lava\/#primaryimage"},"thumbnailUrl":"https:\/\/i0.wp.com\/innoticiasbo.com\/wp-content\/uploads\/2025\/01\/IMG-20250114-WA0075.jpg?fit=1600%2C1081&ssl=1","datePublished":"2025-01-14T16:06:06+00:00","dateModified":"2025-01-14T16:06:13+00:00","breadcrumb":{"@id":"https:\/\/innoticiasbo.com\/index.php\/2025\/01\/14\/medio-ambiente-del-gams-rescato-un-tatu-de-una-vivienda-en-lava-lava\/#breadcrumb"},"inLanguage":"es","potentialAction":[{"@type":"ReadAction","target":["https:\/\/innoticiasbo.com\/index.php\/2025\/01\/14\/medio-ambiente-del-gams-rescato-un-tatu-de-una-vivienda-en-lava-lava\/"]}]},{"@type":"ImageObject","inLanguage":"es","@id":"https:\/\/innoticiasbo.com\/index.php\/2025\/01\/14\/medio-ambiente-del-gams-rescato-un-tatu-de-una-vivienda-en-lava-lava\/#primaryimage","url":"https:\/\/i0.wp.com\/innoticiasbo.com\/wp-content\/uploads\/2025\/01\/IMG-20250114-WA0075.jpg?fit=1600%2C1081&ssl=1","contentUrl":"https:\/\/i0.wp.com\/innoticiasbo.com\/wp-content\/uploads\/2025\/01\/IMG-20250114-WA0075.jpg?fit=1600%2C1081&ssl=1","width":1600,"height":1081},{"@type":"BreadcrumbList","@id":"https:\/\/innoticiasbo.com\/index.php\/2025\/01\/14\/medio-ambiente-del-gams-rescato-un-tatu-de-una-vivienda-en-lava-lava\/#breadcrumb","itemListElement":[{"@type":"ListItem","position":1,"name":"Portada","item":"https:\/\/innoticiasbo.com\/"},{"@type":"ListItem","position":2,"name":"MEDIO AMBIENTE DEL GAMS RESCAT\u00d3 UN TAT\u00da DE UNA VIVIENDA&nbsp; EN LAVA LAVA"}]},{"@type":"WebSite","@id":"https:\/\/innoticiasbo.com\/#website","url":"https:\/\/innoticiasbo.com\/","name":"innoticiasbo.com","description":"","publisher":{"@id":"https:\/\/innoticiasbo.com\/#organization"},"potentialAction":[{"@type":"SearchAction","target":{"@type":"EntryPoint","urlTemplate":"https:\/\/innoticiasbo.com\/?s={search_term_string}"},"query-input":{"@type":"PropertyValueSpecification","valueRequired":true,"valueName":"search_term_string"}}],"inLanguage":"es"},{"@type":"Organization","@id":"https:\/\/innoticiasbo.com\/#organization","name":"innoticiasbo.com","url":"https:\/\/innoticiasbo.com\/","logo":{"@type":"ImageObject","inLanguage":"es","@id":"https:\/\/innoticiasbo.com\/#\/schema\/logo\/image\/","url":"https:\/\/i0.wp.com\/innoticiasbo.com\/wp-content\/uploads\/2026\/04\/cropped-IN-LOGO.png?fit=1476%2C1476&ssl=1","contentUrl":"https:\/\/i0.wp.com\/innoticiasbo.com\/wp-content\/uploads\/2026\/04\/cropped-IN-LOGO.png?fit=1476%2C1476&ssl=1","width":1476,"height":1476,"caption":"innoticiasbo.com"},"image":{"@id":"https:\/\/innoticiasbo.com\/#\/schema\/logo\/image\/"},"sameAs":["https:\/\/www.facebook.com\/innoticiasbolivia","https:\/\/x.com\/innoticiasbo","https:\/\/www.instagram.com\/innoticiasbo","https:\/\/www.youtube.com\/innoticiasbo"]},{"@type":"Person","@id":"https:\/\/innoticiasbo.com\/#\/schema\/person\/589cd527c4211df1b943bdad85ec07ce","name":"Prensa","image":{"@type":"ImageObject","inLanguage":"es","@id":"https:\/\/innoticiasbo.com\/#\/schema\/person\/image\/","url":"https:\/\/secure.gravatar.com\/avatar\/d359bbdf112023c1c0a3ec7fe1600657?s=96&d=mm&r=g","contentUrl":"https:\/\/secure.gravatar.com\/avatar\/d359bbdf112023c1c0a3ec7fe1600657?s=96&d=mm&r=g","caption":"Prensa"},"sameAs":["http:\/\/www.innoticiasbo.com"],"url":"https:\/\/innoticiasbo.com\/index.php\/author\/prensa\/"}]}},"jetpack_featured_media_url":"https:\/\/i0.wp.com\/innoticiasbo.com\/wp-content\/uploads\/2025\/01\/IMG-20250114-WA0075.jpg?fit=1600%2C1081&ssl=1","jetpack_likes_enabled":true,"jetpack_sharing_enabled":true,"jetpack_shortlink":"https:\/\/wp.me\/pg298x-W9","_links":{"self":[{"href":"https:\/\/innoticiasbo.com\/index.php\/wp-json\/wp\/v2\/posts\/3605","targetHints":{"allow":["GET"]}}],"collection":[{"href":"https:\/\/innoticiasbo.com\/index.php\/wp-json\/wp\/v2\/posts"}],"about":[{"href":"https:\/\/innoticiasbo.com\/index.php\/wp-json\/wp\/v2\/types\/post"}],"author":[{"embeddable":true,"href":"https:\/\/innoticiasbo.com\/index.php\/wp-json\/wp\/v2\/users\/2"}],"replies":[{"embeddable":true,"href":"https:\/\/innoticiasbo.com\/index.php\/wp-json\/wp\/v2\/comments?post=3605"}],"version-history":[{"count":1,"href":"https:\/\/innoticiasbo.com\/index.php\/wp-json\/wp\/v2\/posts\/3605\/revisions"}],"predecessor-version":[{"id":3606,"href":"https:\/\/innoticiasbo.com\/index.php\/wp-json\/wp\/v2\/posts\/3605\/revisions\/3606"}],"wp:featuredmedia":[{"embeddable":true,"href":"https:\/\/innoticiasbo.com\/index.php\/wp-json\/wp\/v2\/media\/3604"}],"wp:attachment":[{"href":"https:\/\/innoticiasbo.com\/index.php\/wp-json\/wp\/v2\/media?parent=3605"}],"wp:term":[{"taxonomy":"category","embeddable":true,"href":"https:\/\/innoticiasbo.com\/index.php\/wp-json\/wp\/v2\/categories?post=3605"},{"taxonomy":"post_tag","embeddable":true,"href":"https:\/\/innoticiasbo.com\/index.php\/wp-json\/wp\/v2\/tags?post=3605"}],"curies":[{"name":"wp","href":"https:\/\/api.w.org\/{rel}","templated":true}]}}