{"id":3586,"date":"2025-01-14T10:12:28","date_gmt":"2025-01-14T14:12:28","guid":{"rendered":"https:\/\/innoticiasbo.com\/?p=3586"},"modified":"2025-01-14T10:12:41","modified_gmt":"2025-01-14T14:12:41","slug":"sin-evo-instalan-audiencia-por-el-caso-de-trata-contra-el-exmandatario","status":"publish","type":"post","link":"https:\/\/innoticiasbo.com\/index.php\/2025\/01\/14\/sin-evo-instalan-audiencia-por-el-caso-de-trata-contra-el-exmandatario\/","title":{"rendered":"SIN EVO, INSTALAN AUDIENCIA POR EL CASO DE TRATA CONTRA EL EXMANDATARIO"},"content":{"rendered":"\n<p>Tarija, 14 de enero de 2025.- Como hab\u00edan anunciado sus seguidores, Evo Morales no asisti\u00f3 a la audiencia de medidas cautelares por el caso de trata.<\/p>\n\n\n\n<p>El juez de Instrucci\u00f3n Penal, Anticorrupci\u00f3n y Contra la Violencia hacia la Mujeres Quinto de Tarija, Nelson Alberto Rocabado, instal\u00f3 la vista judicial minutos despu\u00e9s de las 09:30.<\/p>\n\n\n\n<figure class=\"wp-block-image size-large\"><img data-recalc-dims=\"1\" loading=\"lazy\" decoding=\"async\" width=\"640\" height=\"374\" src=\"https:\/\/i0.wp.com\/innoticiasbo.com\/wp-content\/uploads\/2025\/01\/img-20250114-wa00353924652253454606246.jpg?resize=640%2C374&#038;ssl=1\" alt=\"\" class=\"wp-image-3584\" srcset=\"https:\/\/i0.wp.com\/innoticiasbo.com\/wp-content\/uploads\/2025\/01\/img-20250114-wa00353924652253454606246.jpg?w=860&amp;ssl=1 860w, https:\/\/i0.wp.com\/innoticiasbo.com\/wp-content\/uploads\/2025\/01\/img-20250114-wa00353924652253454606246.jpg?resize=300%2C175&amp;ssl=1 300w, https:\/\/i0.wp.com\/innoticiasbo.com\/wp-content\/uploads\/2025\/01\/img-20250114-wa00353924652253454606246.jpg?resize=768%2C448&amp;ssl=1 768w\" sizes=\"auto, (max-width: 640px) 100vw, 640px\" \/><figcaption class=\"wp-element-caption\">Foro: Unitel<\/figcaption><\/figure>\n\n\n\n<p>El juez notific\u00f3 por edicto al l\u00edder cocalero por este proceso y fij\u00f3 para este martes 14 de enero de 2025 la audiencia en la cual se definir\u00e1 si el expresidente se defiende en libertad o desde la c\u00e1rcel.<\/p>\n\n\n\n<p>En esta audiencia el exministro de Gobierno y abogado Jorge P\u00e9rez representa a Evo Morales en la audiencia de este martes.<\/p>\n\n\n\n<h1 class=\"wp-block-heading\">EvoMorales #tratadepersonas #innoticias #audiencia<\/h1>\n","protected":false},"excerpt":{"rendered":"<p>Tarija, 14 de enero de 2025.- Como hab\u00edan anunciado sus seguidores, Evo Morales no asisti\u00f3 a la audiencia de medidas cautelares por el caso de trata. El juez de Instrucci\u00f3n Penal, Anticorrupci\u00f3n y Contra la Violencia hacia la Mujeres Quinto de Tarija, Nelson Alberto Rocabado, instal\u00f3 la vista judicial minutos despu\u00e9s de las 09:30. El&#8230;<\/p>\n","protected":false},"author":2,"featured_media":3585,"comment_status":"open","ping_status":"open","sticky":false,"template":"","format":"standard","meta":{"_jetpack_memberships_contains_paid_content":false,"footnotes":"","jetpack_publicize_message":"","jetpack_publicize_feature_enabled":true,"jetpack_social_post_already_shared":true,"jetpack_social_options":{"image_generator_settings":{"template":"highway","enabled":false},"version":2}},"categories":[1,15],"tags":[],"class_list":["post-3586","post","type-post","status-publish","format-standard","has-post-thumbnail","hentry","category-bolivia","category-seguridad"],"jetpack_publicize_connections":[],"yoast_head":"<!-- This site is optimized with the Yoast SEO plugin v23.4 - https:\/\/yoast.com\/wordpress\/plugins\/seo\/ -->\n<title>SIN EVO, INSTALAN AUDIENCIA POR EL CASO DE TRATA CONTRA EL EXMANDATARIO - innoticiasbo.com<\/title>\n<meta name=\"robots\" content=\"index, follow, max-snippet:-1, max-image-preview:large, max-video-preview:-1\" \/>\n<link rel=\"canonical\" href=\"https:\/\/innoticiasbo.com\/index.php\/2025\/01\/14\/sin-evo-instalan-audiencia-por-el-caso-de-trata-contra-el-exmandatario\/\" \/>\n<meta property=\"og:locale\" content=\"es_ES\" \/>\n<meta property=\"og:type\" content=\"article\" \/>\n<meta property=\"og:title\" content=\"SIN EVO, INSTALAN AUDIENCIA POR EL CASO DE TRATA CONTRA EL EXMANDATARIO - innoticiasbo.com\" \/>\n<meta property=\"og:description\" content=\"Tarija, 14 de enero de 2025.- Como hab\u00edan anunciado sus seguidores, Evo Morales no asisti\u00f3 a la audiencia de medidas cautelares por el caso de trata. El juez de Instrucci\u00f3n Penal, Anticorrupci\u00f3n y Contra la Violencia hacia la Mujeres Quinto de Tarija, Nelson Alberto Rocabado, instal\u00f3 la vista judicial minutos despu\u00e9s de las 09:30. El...\" \/>\n<meta property=\"og:url\" content=\"https:\/\/innoticiasbo.com\/index.php\/2025\/01\/14\/sin-evo-instalan-audiencia-por-el-caso-de-trata-contra-el-exmandatario\/\" \/>\n<meta property=\"og:site_name\" content=\"innoticiasbo.com\" \/>\n<meta property=\"article:publisher\" content=\"https:\/\/www.facebook.com\/innoticiasbolivia\" \/>\n<meta property=\"article:published_time\" content=\"2025-01-14T14:12:28+00:00\" \/>\n<meta property=\"article:modified_time\" content=\"2025-01-14T14:12:41+00:00\" \/>\n<meta property=\"og:image\" content=\"https:\/\/i0.wp.com\/innoticiasbo.com\/wp-content\/uploads\/2025\/01\/IMG-20250114-WA0035.jpg?fit=860%2C502&ssl=1\" \/>\n\t<meta property=\"og:image:width\" content=\"860\" \/>\n\t<meta property=\"og:image:height\" content=\"502\" \/>\n\t<meta property=\"og:image:type\" content=\"image\/jpeg\" \/>\n<meta name=\"author\" content=\"Prensa\" \/>\n<meta name=\"twitter:card\" content=\"summary_large_image\" \/>\n<meta name=\"twitter:creator\" content=\"@innoticiasbo\" \/>\n<meta name=\"twitter:site\" content=\"@innoticiasbo\" \/>\n<meta name=\"twitter:label1\" content=\"Escrito por\" \/>\n\t<meta name=\"twitter:data1\" content=\"Prensa\" \/>\n\t<meta name=\"twitter:label2\" content=\"Tiempo de lectura\" \/>\n\t<meta name=\"twitter:data2\" content=\"1 minuto\" \/>\n<script type=\"application\/ld+json\" class=\"yoast-schema-graph\">{\"@context\":\"https:\/\/schema.org\",\"@graph\":[{\"@type\":\"Article\",\"@id\":\"https:\/\/innoticiasbo.com\/index.php\/2025\/01\/14\/sin-evo-instalan-audiencia-por-el-caso-de-trata-contra-el-exmandatario\/#article\",\"isPartOf\":{\"@id\":\"https:\/\/innoticiasbo.com\/index.php\/2025\/01\/14\/sin-evo-instalan-audiencia-por-el-caso-de-trata-contra-el-exmandatario\/\"},\"author\":{\"name\":\"Prensa\",\"@id\":\"https:\/\/innoticiasbo.com\/#\/schema\/person\/589cd527c4211df1b943bdad85ec07ce\"},\"headline\":\"SIN EVO, INSTALAN AUDIENCIA POR EL CASO DE TRATA CONTRA EL EXMANDATARIO\",\"datePublished\":\"2025-01-14T14:12:28+00:00\",\"dateModified\":\"2025-01-14T14:12:41+00:00\",\"mainEntityOfPage\":{\"@id\":\"https:\/\/innoticiasbo.com\/index.php\/2025\/01\/14\/sin-evo-instalan-audiencia-por-el-caso-de-trata-contra-el-exmandatario\/\"},\"wordCount\":135,\"commentCount\":0,\"publisher\":{\"@id\":\"https:\/\/innoticiasbo.com\/#organization\"},\"image\":{\"@id\":\"https:\/\/innoticiasbo.com\/index.php\/2025\/01\/14\/sin-evo-instalan-audiencia-por-el-caso-de-trata-contra-el-exmandatario\/#primaryimage\"},\"thumbnailUrl\":\"https:\/\/i0.wp.com\/innoticiasbo.com\/wp-content\/uploads\/2025\/01\/IMG-20250114-WA0035.jpg?fit=860%2C502&ssl=1\",\"articleSection\":[\"Bolivia\",\"Seguridad\"],\"inLanguage\":\"es\",\"potentialAction\":[{\"@type\":\"CommentAction\",\"name\":\"Comment\",\"target\":[\"https:\/\/innoticiasbo.com\/index.php\/2025\/01\/14\/sin-evo-instalan-audiencia-por-el-caso-de-trata-contra-el-exmandatario\/#respond\"]}]},{\"@type\":\"WebPage\",\"@id\":\"https:\/\/innoticiasbo.com\/index.php\/2025\/01\/14\/sin-evo-instalan-audiencia-por-el-caso-de-trata-contra-el-exmandatario\/\",\"url\":\"https:\/\/innoticiasbo.com\/index.php\/2025\/01\/14\/sin-evo-instalan-audiencia-por-el-caso-de-trata-contra-el-exmandatario\/\",\"name\":\"SIN EVO, INSTALAN AUDIENCIA POR EL CASO DE TRATA CONTRA EL EXMANDATARIO - innoticiasbo.com\",\"isPartOf\":{\"@id\":\"https:\/\/innoticiasbo.com\/#website\"},\"primaryImageOfPage\":{\"@id\":\"https:\/\/innoticiasbo.com\/index.php\/2025\/01\/14\/sin-evo-instalan-audiencia-por-el-caso-de-trata-contra-el-exmandatario\/#primaryimage\"},\"image\":{\"@id\":\"https:\/\/innoticiasbo.com\/index.php\/2025\/01\/14\/sin-evo-instalan-audiencia-por-el-caso-de-trata-contra-el-exmandatario\/#primaryimage\"},\"thumbnailUrl\":\"https:\/\/i0.wp.com\/innoticiasbo.com\/wp-content\/uploads\/2025\/01\/IMG-20250114-WA0035.jpg?fit=860%2C502&ssl=1\",\"datePublished\":\"2025-01-14T14:12:28+00:00\",\"dateModified\":\"2025-01-14T14:12:41+00:00\",\"breadcrumb\":{\"@id\":\"https:\/\/innoticiasbo.com\/index.php\/2025\/01\/14\/sin-evo-instalan-audiencia-por-el-caso-de-trata-contra-el-exmandatario\/#breadcrumb\"},\"inLanguage\":\"es\",\"potentialAction\":[{\"@type\":\"ReadAction\",\"target\":[\"https:\/\/innoticiasbo.com\/index.php\/2025\/01\/14\/sin-evo-instalan-audiencia-por-el-caso-de-trata-contra-el-exmandatario\/\"]}]},{\"@type\":\"ImageObject\",\"inLanguage\":\"es\",\"@id\":\"https:\/\/innoticiasbo.com\/index.php\/2025\/01\/14\/sin-evo-instalan-audiencia-por-el-caso-de-trata-contra-el-exmandatario\/#primaryimage\",\"url\":\"https:\/\/i0.wp.com\/innoticiasbo.com\/wp-content\/uploads\/2025\/01\/IMG-20250114-WA0035.jpg?fit=860%2C502&ssl=1\",\"contentUrl\":\"https:\/\/i0.wp.com\/innoticiasbo.com\/wp-content\/uploads\/2025\/01\/IMG-20250114-WA0035.jpg?fit=860%2C502&ssl=1\",\"width\":860,\"height\":502},{\"@type\":\"BreadcrumbList\",\"@id\":\"https:\/\/innoticiasbo.com\/index.php\/2025\/01\/14\/sin-evo-instalan-audiencia-por-el-caso-de-trata-contra-el-exmandatario\/#breadcrumb\",\"itemListElement\":[{\"@type\":\"ListItem\",\"position\":1,\"name\":\"Portada\",\"item\":\"https:\/\/innoticiasbo.com\/\"},{\"@type\":\"ListItem\",\"position\":2,\"name\":\"SIN EVO, INSTALAN AUDIENCIA POR EL CASO DE TRATA CONTRA EL EXMANDATARIO\"}]},{\"@type\":\"WebSite\",\"@id\":\"https:\/\/innoticiasbo.com\/#website\",\"url\":\"https:\/\/innoticiasbo.com\/\",\"name\":\"innoticiasbo.com\",\"description\":\"\",\"publisher\":{\"@id\":\"https:\/\/innoticiasbo.com\/#organization\"},\"potentialAction\":[{\"@type\":\"SearchAction\",\"target\":{\"@type\":\"EntryPoint\",\"urlTemplate\":\"https:\/\/innoticiasbo.com\/?s={search_term_string}\"},\"query-input\":{\"@type\":\"PropertyValueSpecification\",\"valueRequired\":true,\"valueName\":\"search_term_string\"}}],\"inLanguage\":\"es\"},{\"@type\":\"Organization\",\"@id\":\"https:\/\/innoticiasbo.com\/#organization\",\"name\":\"innoticiasbo.com\",\"url\":\"https:\/\/innoticiasbo.com\/\",\"logo\":{\"@type\":\"ImageObject\",\"inLanguage\":\"es\",\"@id\":\"https:\/\/innoticiasbo.com\/#\/schema\/logo\/image\/\",\"url\":\"https:\/\/i0.wp.com\/innoticiasbo.com\/wp-content\/uploads\/2026\/04\/cropped-IN-LOGO.png?fit=1476%2C1476&ssl=1\",\"contentUrl\":\"https:\/\/i0.wp.com\/innoticiasbo.com\/wp-content\/uploads\/2026\/04\/cropped-IN-LOGO.png?fit=1476%2C1476&ssl=1\",\"width\":1476,\"height\":1476,\"caption\":\"innoticiasbo.com\"},\"image\":{\"@id\":\"https:\/\/innoticiasbo.com\/#\/schema\/logo\/image\/\"},\"sameAs\":[\"https:\/\/www.facebook.com\/innoticiasbolivia\",\"https:\/\/x.com\/innoticiasbo\",\"https:\/\/www.instagram.com\/innoticiasbo\",\"https:\/\/www.youtube.com\/innoticiasbo\"]},{\"@type\":\"Person\",\"@id\":\"https:\/\/innoticiasbo.com\/#\/schema\/person\/589cd527c4211df1b943bdad85ec07ce\",\"name\":\"Prensa\",\"image\":{\"@type\":\"ImageObject\",\"inLanguage\":\"es\",\"@id\":\"https:\/\/innoticiasbo.com\/#\/schema\/person\/image\/\",\"url\":\"https:\/\/secure.gravatar.com\/avatar\/d359bbdf112023c1c0a3ec7fe1600657?s=96&d=mm&r=g\",\"contentUrl\":\"https:\/\/secure.gravatar.com\/avatar\/d359bbdf112023c1c0a3ec7fe1600657?s=96&d=mm&r=g\",\"caption\":\"Prensa\"},\"sameAs\":[\"http:\/\/www.innoticiasbo.com\"],\"url\":\"https:\/\/innoticiasbo.com\/index.php\/author\/prensa\/\"}]}<\/script>\n<!-- \/ Yoast SEO plugin. -->","yoast_head_json":{"title":"SIN EVO, INSTALAN AUDIENCIA POR EL CASO DE TRATA CONTRA EL EXMANDATARIO - innoticiasbo.com","robots":{"index":"index","follow":"follow","max-snippet":"max-snippet:-1","max-image-preview":"max-image-preview:large","max-video-preview":"max-video-preview:-1"},"canonical":"https:\/\/innoticiasbo.com\/index.php\/2025\/01\/14\/sin-evo-instalan-audiencia-por-el-caso-de-trata-contra-el-exmandatario\/","og_locale":"es_ES","og_type":"article","og_title":"SIN EVO, INSTALAN AUDIENCIA POR EL CASO DE TRATA CONTRA EL EXMANDATARIO - innoticiasbo.com","og_description":"Tarija, 14 de enero de 2025.- Como hab\u00edan anunciado sus seguidores, Evo Morales no asisti\u00f3 a la audiencia de medidas cautelares por el caso de trata. El juez de Instrucci\u00f3n Penal, Anticorrupci\u00f3n y Contra la Violencia hacia la Mujeres Quinto de Tarija, Nelson Alberto Rocabado, instal\u00f3 la vista judicial minutos despu\u00e9s de las 09:30. El...","og_url":"https:\/\/innoticiasbo.com\/index.php\/2025\/01\/14\/sin-evo-instalan-audiencia-por-el-caso-de-trata-contra-el-exmandatario\/","og_site_name":"innoticiasbo.com","article_publisher":"https:\/\/www.facebook.com\/innoticiasbolivia","article_published_time":"2025-01-14T14:12:28+00:00","article_modified_time":"2025-01-14T14:12:41+00:00","og_image":[{"width":860,"height":502,"url":"https:\/\/i0.wp.com\/innoticiasbo.com\/wp-content\/uploads\/2025\/01\/IMG-20250114-WA0035.jpg?fit=860%2C502&ssl=1","type":"image\/jpeg"}],"author":"Prensa","twitter_card":"summary_large_image","twitter_creator":"@innoticiasbo","twitter_site":"@innoticiasbo","twitter_misc":{"Escrito por":"Prensa","Tiempo de lectura":"1 minuto"},"schema":{"@context":"https:\/\/schema.org","@graph":[{"@type":"Article","@id":"https:\/\/innoticiasbo.com\/index.php\/2025\/01\/14\/sin-evo-instalan-audiencia-por-el-caso-de-trata-contra-el-exmandatario\/#article","isPartOf":{"@id":"https:\/\/innoticiasbo.com\/index.php\/2025\/01\/14\/sin-evo-instalan-audiencia-por-el-caso-de-trata-contra-el-exmandatario\/"},"author":{"name":"Prensa","@id":"https:\/\/innoticiasbo.com\/#\/schema\/person\/589cd527c4211df1b943bdad85ec07ce"},"headline":"SIN EVO, INSTALAN AUDIENCIA POR EL CASO DE TRATA CONTRA EL EXMANDATARIO","datePublished":"2025-01-14T14:12:28+00:00","dateModified":"2025-01-14T14:12:41+00:00","mainEntityOfPage":{"@id":"https:\/\/innoticiasbo.com\/index.php\/2025\/01\/14\/sin-evo-instalan-audiencia-por-el-caso-de-trata-contra-el-exmandatario\/"},"wordCount":135,"commentCount":0,"publisher":{"@id":"https:\/\/innoticiasbo.com\/#organization"},"image":{"@id":"https:\/\/innoticiasbo.com\/index.php\/2025\/01\/14\/sin-evo-instalan-audiencia-por-el-caso-de-trata-contra-el-exmandatario\/#primaryimage"},"thumbnailUrl":"https:\/\/i0.wp.com\/innoticiasbo.com\/wp-content\/uploads\/2025\/01\/IMG-20250114-WA0035.jpg?fit=860%2C502&ssl=1","articleSection":["Bolivia","Seguridad"],"inLanguage":"es","potentialAction":[{"@type":"CommentAction","name":"Comment","target":["https:\/\/innoticiasbo.com\/index.php\/2025\/01\/14\/sin-evo-instalan-audiencia-por-el-caso-de-trata-contra-el-exmandatario\/#respond"]}]},{"@type":"WebPage","@id":"https:\/\/innoticiasbo.com\/index.php\/2025\/01\/14\/sin-evo-instalan-audiencia-por-el-caso-de-trata-contra-el-exmandatario\/","url":"https:\/\/innoticiasbo.com\/index.php\/2025\/01\/14\/sin-evo-instalan-audiencia-por-el-caso-de-trata-contra-el-exmandatario\/","name":"SIN EVO, INSTALAN AUDIENCIA POR EL CASO DE TRATA CONTRA EL EXMANDATARIO - innoticiasbo.com","isPartOf":{"@id":"https:\/\/innoticiasbo.com\/#website"},"primaryImageOfPage":{"@id":"https:\/\/innoticiasbo.com\/index.php\/2025\/01\/14\/sin-evo-instalan-audiencia-por-el-caso-de-trata-contra-el-exmandatario\/#primaryimage"},"image":{"@id":"https:\/\/innoticiasbo.com\/index.php\/2025\/01\/14\/sin-evo-instalan-audiencia-por-el-caso-de-trata-contra-el-exmandatario\/#primaryimage"},"thumbnailUrl":"https:\/\/i0.wp.com\/innoticiasbo.com\/wp-content\/uploads\/2025\/01\/IMG-20250114-WA0035.jpg?fit=860%2C502&ssl=1","datePublished":"2025-01-14T14:12:28+00:00","dateModified":"2025-01-14T14:12:41+00:00","breadcrumb":{"@id":"https:\/\/innoticiasbo.com\/index.php\/2025\/01\/14\/sin-evo-instalan-audiencia-por-el-caso-de-trata-contra-el-exmandatario\/#breadcrumb"},"inLanguage":"es","potentialAction":[{"@type":"ReadAction","target":["https:\/\/innoticiasbo.com\/index.php\/2025\/01\/14\/sin-evo-instalan-audiencia-por-el-caso-de-trata-contra-el-exmandatario\/"]}]},{"@type":"ImageObject","inLanguage":"es","@id":"https:\/\/innoticiasbo.com\/index.php\/2025\/01\/14\/sin-evo-instalan-audiencia-por-el-caso-de-trata-contra-el-exmandatario\/#primaryimage","url":"https:\/\/i0.wp.com\/innoticiasbo.com\/wp-content\/uploads\/2025\/01\/IMG-20250114-WA0035.jpg?fit=860%2C502&ssl=1","contentUrl":"https:\/\/i0.wp.com\/innoticiasbo.com\/wp-content\/uploads\/2025\/01\/IMG-20250114-WA0035.jpg?fit=860%2C502&ssl=1","width":860,"height":502},{"@type":"BreadcrumbList","@id":"https:\/\/innoticiasbo.com\/index.php\/2025\/01\/14\/sin-evo-instalan-audiencia-por-el-caso-de-trata-contra-el-exmandatario\/#breadcrumb","itemListElement":[{"@type":"ListItem","position":1,"name":"Portada","item":"https:\/\/innoticiasbo.com\/"},{"@type":"ListItem","position":2,"name":"SIN EVO, INSTALAN AUDIENCIA POR EL CASO DE TRATA CONTRA EL EXMANDATARIO"}]},{"@type":"WebSite","@id":"https:\/\/innoticiasbo.com\/#website","url":"https:\/\/innoticiasbo.com\/","name":"innoticiasbo.com","description":"","publisher":{"@id":"https:\/\/innoticiasbo.com\/#organization"},"potentialAction":[{"@type":"SearchAction","target":{"@type":"EntryPoint","urlTemplate":"https:\/\/innoticiasbo.com\/?s={search_term_string}"},"query-input":{"@type":"PropertyValueSpecification","valueRequired":true,"valueName":"search_term_string"}}],"inLanguage":"es"},{"@type":"Organization","@id":"https:\/\/innoticiasbo.com\/#organization","name":"innoticiasbo.com","url":"https:\/\/innoticiasbo.com\/","logo":{"@type":"ImageObject","inLanguage":"es","@id":"https:\/\/innoticiasbo.com\/#\/schema\/logo\/image\/","url":"https:\/\/i0.wp.com\/innoticiasbo.com\/wp-content\/uploads\/2026\/04\/cropped-IN-LOGO.png?fit=1476%2C1476&ssl=1","contentUrl":"https:\/\/i0.wp.com\/innoticiasbo.com\/wp-content\/uploads\/2026\/04\/cropped-IN-LOGO.png?fit=1476%2C1476&ssl=1","width":1476,"height":1476,"caption":"innoticiasbo.com"},"image":{"@id":"https:\/\/innoticiasbo.com\/#\/schema\/logo\/image\/"},"sameAs":["https:\/\/www.facebook.com\/innoticiasbolivia","https:\/\/x.com\/innoticiasbo","https:\/\/www.instagram.com\/innoticiasbo","https:\/\/www.youtube.com\/innoticiasbo"]},{"@type":"Person","@id":"https:\/\/innoticiasbo.com\/#\/schema\/person\/589cd527c4211df1b943bdad85ec07ce","name":"Prensa","image":{"@type":"ImageObject","inLanguage":"es","@id":"https:\/\/innoticiasbo.com\/#\/schema\/person\/image\/","url":"https:\/\/secure.gravatar.com\/avatar\/d359bbdf112023c1c0a3ec7fe1600657?s=96&d=mm&r=g","contentUrl":"https:\/\/secure.gravatar.com\/avatar\/d359bbdf112023c1c0a3ec7fe1600657?s=96&d=mm&r=g","caption":"Prensa"},"sameAs":["http:\/\/www.innoticiasbo.com"],"url":"https:\/\/innoticiasbo.com\/index.php\/author\/prensa\/"}]}},"jetpack_featured_media_url":"https:\/\/i0.wp.com\/innoticiasbo.com\/wp-content\/uploads\/2025\/01\/IMG-20250114-WA0035.jpg?fit=860%2C502&ssl=1","jetpack_likes_enabled":true,"jetpack_sharing_enabled":true,"jetpack_shortlink":"https:\/\/wp.me\/pg298x-VQ","_links":{"self":[{"href":"https:\/\/innoticiasbo.com\/index.php\/wp-json\/wp\/v2\/posts\/3586","targetHints":{"allow":["GET"]}}],"collection":[{"href":"https:\/\/innoticiasbo.com\/index.php\/wp-json\/wp\/v2\/posts"}],"about":[{"href":"https:\/\/innoticiasbo.com\/index.php\/wp-json\/wp\/v2\/types\/post"}],"author":[{"embeddable":true,"href":"https:\/\/innoticiasbo.com\/index.php\/wp-json\/wp\/v2\/users\/2"}],"replies":[{"embeddable":true,"href":"https:\/\/innoticiasbo.com\/index.php\/wp-json\/wp\/v2\/comments?post=3586"}],"version-history":[{"count":1,"href":"https:\/\/innoticiasbo.com\/index.php\/wp-json\/wp\/v2\/posts\/3586\/revisions"}],"predecessor-version":[{"id":3587,"href":"https:\/\/innoticiasbo.com\/index.php\/wp-json\/wp\/v2\/posts\/3586\/revisions\/3587"}],"wp:featuredmedia":[{"embeddable":true,"href":"https:\/\/innoticiasbo.com\/index.php\/wp-json\/wp\/v2\/media\/3585"}],"wp:attachment":[{"href":"https:\/\/innoticiasbo.com\/index.php\/wp-json\/wp\/v2\/media?parent=3586"}],"wp:term":[{"taxonomy":"category","embeddable":true,"href":"https:\/\/innoticiasbo.com\/index.php\/wp-json\/wp\/v2\/categories?post=3586"},{"taxonomy":"post_tag","embeddable":true,"href":"https:\/\/innoticiasbo.com\/index.php\/wp-json\/wp\/v2\/tags?post=3586"}],"curies":[{"name":"wp","href":"https:\/\/api.w.org\/{rel}","templated":true}]}}