{"id":3483,"date":"2025-01-08T18:09:41","date_gmt":"2025-01-08T22:09:41","guid":{"rendered":"https:\/\/innoticiasbo.com\/?p=3483"},"modified":"2025-01-08T18:09:53","modified_gmt":"2025-01-08T22:09:53","slug":"trabajabadores-de-semapa-atienden-hundimiento-en-la-avenida-6-de-agosto-y-panamericana","status":"publish","type":"post","link":"https:\/\/innoticiasbo.com\/index.php\/2025\/01\/08\/trabajabadores-de-semapa-atienden-hundimiento-en-la-avenida-6-de-agosto-y-panamericana\/","title":{"rendered":"TRABAJABADORES DE SEMAPA ATIENDEN HUNDIMIENTO EN LA AVENIDA 6 DE AGOSTO Y PANAMERICANA"},"content":{"rendered":"\n<p>Cochabamba,\u00a0 8 de enero de 2024.- El hundimiento de la av. 06 de Agosto y Panamericana se debe al asentamiento de terreno de la capa asf\u00e1ltica, toda vez que, en el lugar se realiz\u00f3 el trabajo de renovaci\u00f3n de la red de alcantarillado, el movimiento de tierra ocasion\u00f3 que el asfalto cediera, adem\u00e1s tambi\u00e9n influy\u00f3 las precipitaciones pluviales.<\/p>\n\n\n\n<figure class=\"wp-block-image size-large\"><img data-recalc-dims=\"1\" loading=\"lazy\" decoding=\"async\" width=\"640\" height=\"709\" src=\"https:\/\/i0.wp.com\/innoticiasbo.com\/wp-content\/uploads\/2025\/01\/img-20250108-wa02045346371126447137608.jpg?resize=640%2C709&#038;ssl=1\" alt=\"\" class=\"wp-image-3479\" srcset=\"https:\/\/i0.wp.com\/innoticiasbo.com\/wp-content\/uploads\/2025\/01\/img-20250108-wa02045346371126447137608.jpg?resize=924%2C1024&amp;ssl=1 924w, https:\/\/i0.wp.com\/innoticiasbo.com\/wp-content\/uploads\/2025\/01\/img-20250108-wa02045346371126447137608.jpg?resize=271%2C300&amp;ssl=1 271w, https:\/\/i0.wp.com\/innoticiasbo.com\/wp-content\/uploads\/2025\/01\/img-20250108-wa02045346371126447137608.jpg?resize=768%2C851&amp;ssl=1 768w, https:\/\/i0.wp.com\/innoticiasbo.com\/wp-content\/uploads\/2025\/01\/img-20250108-wa02045346371126447137608.jpg?resize=1386%2C1536&amp;ssl=1 1386w, https:\/\/i0.wp.com\/innoticiasbo.com\/wp-content\/uploads\/2025\/01\/img-20250108-wa02045346371126447137608.jpg?w=1444&amp;ssl=1 1444w, https:\/\/i0.wp.com\/innoticiasbo.com\/wp-content\/uploads\/2025\/01\/img-20250108-wa02045346371126447137608.jpg?w=1280&amp;ssl=1 1280w\" sizes=\"auto, (max-width: 640px) 100vw, 640px\" \/><\/figure>\n\n\n\n<p><br>El gerente del Servicio Municipal de Agua Potable y Alcantarillado Sanitario (SEMAPA), Luis Prudencio inform\u00f3 que por la noche se desplazar\u00e1 una cuadrilla de emergencia para que realice los trabajos en el lugar.<\/p>\n\n\n\n<figure class=\"wp-block-image size-large\"><img data-recalc-dims=\"1\" loading=\"lazy\" decoding=\"async\" width=\"640\" height=\"422\" src=\"https:\/\/i0.wp.com\/innoticiasbo.com\/wp-content\/uploads\/2025\/01\/img-20250108-wa02091145352776756849743.jpg?resize=640%2C422&#038;ssl=1\" alt=\"\" class=\"wp-image-3480\" srcset=\"https:\/\/i0.wp.com\/innoticiasbo.com\/wp-content\/uploads\/2025\/01\/img-20250108-wa02091145352776756849743.jpg?resize=1024%2C675&amp;ssl=1 1024w, https:\/\/i0.wp.com\/innoticiasbo.com\/wp-content\/uploads\/2025\/01\/img-20250108-wa02091145352776756849743.jpg?resize=300%2C198&amp;ssl=1 300w, https:\/\/i0.wp.com\/innoticiasbo.com\/wp-content\/uploads\/2025\/01\/img-20250108-wa02091145352776756849743.jpg?resize=768%2C506&amp;ssl=1 768w, https:\/\/i0.wp.com\/innoticiasbo.com\/wp-content\/uploads\/2025\/01\/img-20250108-wa02091145352776756849743.jpg?resize=1536%2C1012&amp;ssl=1 1536w, https:\/\/i0.wp.com\/innoticiasbo.com\/wp-content\/uploads\/2025\/01\/img-20250108-wa02091145352776756849743.jpg?w=1600&amp;ssl=1 1600w, https:\/\/i0.wp.com\/innoticiasbo.com\/wp-content\/uploads\/2025\/01\/img-20250108-wa02091145352776756849743.jpg?w=1280&amp;ssl=1 1280w\" sizes=\"auto, (max-width: 640px) 100vw, 640px\" \/><\/figure>\n\n\n\n<p><br>\u201cPedimos las disculpas del caso a la poblaci\u00f3n, pero se est\u00e1 en constante trabajo atendiendo las distintas necesidades y emergencias por la temporada de lluvia\u201d, dijo Prudencio.<br>Precis\u00f3 que en el sector del hundimiento se debe trabajar con material y agregado seco para realizar la reposici\u00f3n con un re-compactado y deje de presentar este tipo de problemas, generando perjuicio a la poblaci\u00f3n que circula por la av. 06 de Agosto.<\/p>\n\n\n\n<figure class=\"wp-block-image size-large\"><img data-recalc-dims=\"1\" loading=\"lazy\" decoding=\"async\" width=\"640\" height=\"453\" src=\"https:\/\/i0.wp.com\/innoticiasbo.com\/wp-content\/uploads\/2025\/01\/img-20250108-wa02071914810313479850158.jpg?resize=640%2C453&#038;ssl=1\" alt=\"\" class=\"wp-image-3481\" srcset=\"https:\/\/i0.wp.com\/innoticiasbo.com\/wp-content\/uploads\/2025\/01\/img-20250108-wa02071914810313479850158.jpg?resize=1024%2C725&amp;ssl=1 1024w, https:\/\/i0.wp.com\/innoticiasbo.com\/wp-content\/uploads\/2025\/01\/img-20250108-wa02071914810313479850158.jpg?resize=300%2C212&amp;ssl=1 300w, https:\/\/i0.wp.com\/innoticiasbo.com\/wp-content\/uploads\/2025\/01\/img-20250108-wa02071914810313479850158.jpg?resize=768%2C544&amp;ssl=1 768w, https:\/\/i0.wp.com\/innoticiasbo.com\/wp-content\/uploads\/2025\/01\/img-20250108-wa02071914810313479850158.jpg?resize=1536%2C1088&amp;ssl=1 1536w, https:\/\/i0.wp.com\/innoticiasbo.com\/wp-content\/uploads\/2025\/01\/img-20250108-wa02071914810313479850158.jpg?w=1600&amp;ssl=1 1600w, https:\/\/i0.wp.com\/innoticiasbo.com\/wp-content\/uploads\/2025\/01\/img-20250108-wa02071914810313479850158.jpg?w=1280&amp;ssl=1 1280w\" sizes=\"auto, (max-width: 640px) 100vw, 640px\" \/><\/figure>\n\n\n\n<p><br>Prudencio mencion\u00f3 que para evitar accidentes se coloc\u00f3 la debida se\u00f1alizaci\u00f3n y descart\u00f3 que ese problema se haya registrado por alguna filtraci\u00f3n o se encuentre da\u00f1ada la c\u00e1mara o la red de alcantarillado.<\/p>\n","protected":false},"excerpt":{"rendered":"<p>Cochabamba,\u00a0 8 de enero de 2024.- El hundimiento de la av. 06 de Agosto y Panamericana se debe al asentamiento de terreno de la capa asf\u00e1ltica, toda vez que, en el lugar se realiz\u00f3 el trabajo de renovaci\u00f3n de la red de alcantarillado, el movimiento de tierra ocasion\u00f3 que el asfalto cediera, adem\u00e1s tambi\u00e9n influy\u00f3&#8230;<\/p>\n","protected":false},"author":2,"featured_media":3482,"comment_status":"open","ping_status":"open","sticky":false,"template":"","format":"standard","meta":{"_jetpack_memberships_contains_paid_content":false,"footnotes":"","jetpack_publicize_message":"","jetpack_publicize_feature_enabled":true,"jetpack_social_post_already_shared":true,"jetpack_social_options":{"image_generator_settings":{"template":"highway","enabled":false},"version":2}},"categories":[2],"tags":[],"class_list":["post-3483","post","type-post","status-publish","format-standard","has-post-thumbnail","hentry","category-cochabamba"],"jetpack_publicize_connections":[],"yoast_head":"<!-- This site is optimized with the Yoast SEO plugin v23.4 - https:\/\/yoast.com\/wordpress\/plugins\/seo\/ -->\n<title>TRABAJABADORES DE SEMAPA ATIENDEN HUNDIMIENTO EN LA AVENIDA 6 DE AGOSTO Y PANAMERICANA - innoticiasbo.com<\/title>\n<meta name=\"robots\" content=\"index, follow, max-snippet:-1, max-image-preview:large, max-video-preview:-1\" \/>\n<link rel=\"canonical\" href=\"https:\/\/innoticiasbo.com\/index.php\/2025\/01\/08\/trabajabadores-de-semapa-atienden-hundimiento-en-la-avenida-6-de-agosto-y-panamericana\/\" \/>\n<meta property=\"og:locale\" content=\"es_ES\" \/>\n<meta property=\"og:type\" content=\"article\" \/>\n<meta property=\"og:title\" content=\"TRABAJABADORES DE SEMAPA ATIENDEN HUNDIMIENTO EN LA AVENIDA 6 DE AGOSTO Y PANAMERICANA - innoticiasbo.com\" \/>\n<meta property=\"og:description\" content=\"Cochabamba,\u00a0 8 de enero de 2024.- El hundimiento de la av. 06 de Agosto y Panamericana se debe al asentamiento de terreno de la capa asf\u00e1ltica, toda vez que, en el lugar se realiz\u00f3 el trabajo de renovaci\u00f3n de la red de alcantarillado, el movimiento de tierra ocasion\u00f3 que el asfalto cediera, adem\u00e1s tambi\u00e9n influy\u00f3...\" \/>\n<meta property=\"og:url\" content=\"https:\/\/innoticiasbo.com\/index.php\/2025\/01\/08\/trabajabadores-de-semapa-atienden-hundimiento-en-la-avenida-6-de-agosto-y-panamericana\/\" \/>\n<meta property=\"og:site_name\" content=\"innoticiasbo.com\" \/>\n<meta property=\"article:publisher\" content=\"https:\/\/www.facebook.com\/innoticiasbolivia\" \/>\n<meta property=\"article:published_time\" content=\"2025-01-08T22:09:41+00:00\" \/>\n<meta property=\"article:modified_time\" content=\"2025-01-08T22:09:53+00:00\" \/>\n<meta property=\"og:image\" content=\"https:\/\/i0.wp.com\/innoticiasbo.com\/wp-content\/uploads\/2025\/01\/IMG-20250108-WA0206.jpg?fit=1600%2C1172&ssl=1\" \/>\n\t<meta property=\"og:image:width\" content=\"1600\" \/>\n\t<meta property=\"og:image:height\" content=\"1172\" \/>\n\t<meta property=\"og:image:type\" content=\"image\/jpeg\" \/>\n<meta name=\"author\" content=\"Prensa\" \/>\n<meta name=\"twitter:card\" content=\"summary_large_image\" \/>\n<meta name=\"twitter:creator\" content=\"@innoticiasbo\" \/>\n<meta name=\"twitter:site\" content=\"@innoticiasbo\" \/>\n<meta name=\"twitter:label1\" content=\"Escrito por\" \/>\n\t<meta name=\"twitter:data1\" content=\"Prensa\" \/>\n\t<meta name=\"twitter:label2\" content=\"Tiempo de lectura\" \/>\n\t<meta name=\"twitter:data2\" content=\"1 minuto\" \/>\n<script type=\"application\/ld+json\" class=\"yoast-schema-graph\">{\"@context\":\"https:\/\/schema.org\",\"@graph\":[{\"@type\":\"Article\",\"@id\":\"https:\/\/innoticiasbo.com\/index.php\/2025\/01\/08\/trabajabadores-de-semapa-atienden-hundimiento-en-la-avenida-6-de-agosto-y-panamericana\/#article\",\"isPartOf\":{\"@id\":\"https:\/\/innoticiasbo.com\/index.php\/2025\/01\/08\/trabajabadores-de-semapa-atienden-hundimiento-en-la-avenida-6-de-agosto-y-panamericana\/\"},\"author\":{\"name\":\"Prensa\",\"@id\":\"https:\/\/innoticiasbo.com\/#\/schema\/person\/589cd527c4211df1b943bdad85ec07ce\"},\"headline\":\"TRABAJABADORES DE SEMAPA ATIENDEN HUNDIMIENTO EN LA AVENIDA 6 DE AGOSTO Y PANAMERICANA\",\"datePublished\":\"2025-01-08T22:09:41+00:00\",\"dateModified\":\"2025-01-08T22:09:53+00:00\",\"mainEntityOfPage\":{\"@id\":\"https:\/\/innoticiasbo.com\/index.php\/2025\/01\/08\/trabajabadores-de-semapa-atienden-hundimiento-en-la-avenida-6-de-agosto-y-panamericana\/\"},\"wordCount\":215,\"commentCount\":0,\"publisher\":{\"@id\":\"https:\/\/innoticiasbo.com\/#organization\"},\"image\":{\"@id\":\"https:\/\/innoticiasbo.com\/index.php\/2025\/01\/08\/trabajabadores-de-semapa-atienden-hundimiento-en-la-avenida-6-de-agosto-y-panamericana\/#primaryimage\"},\"thumbnailUrl\":\"https:\/\/i0.wp.com\/innoticiasbo.com\/wp-content\/uploads\/2025\/01\/IMG-20250108-WA0206.jpg?fit=1600%2C1172&ssl=1\",\"articleSection\":[\"Cochabamba\"],\"inLanguage\":\"es\",\"potentialAction\":[{\"@type\":\"CommentAction\",\"name\":\"Comment\",\"target\":[\"https:\/\/innoticiasbo.com\/index.php\/2025\/01\/08\/trabajabadores-de-semapa-atienden-hundimiento-en-la-avenida-6-de-agosto-y-panamericana\/#respond\"]}]},{\"@type\":\"WebPage\",\"@id\":\"https:\/\/innoticiasbo.com\/index.php\/2025\/01\/08\/trabajabadores-de-semapa-atienden-hundimiento-en-la-avenida-6-de-agosto-y-panamericana\/\",\"url\":\"https:\/\/innoticiasbo.com\/index.php\/2025\/01\/08\/trabajabadores-de-semapa-atienden-hundimiento-en-la-avenida-6-de-agosto-y-panamericana\/\",\"name\":\"TRABAJABADORES DE SEMAPA ATIENDEN HUNDIMIENTO EN LA AVENIDA 6 DE AGOSTO Y PANAMERICANA - innoticiasbo.com\",\"isPartOf\":{\"@id\":\"https:\/\/innoticiasbo.com\/#website\"},\"primaryImageOfPage\":{\"@id\":\"https:\/\/innoticiasbo.com\/index.php\/2025\/01\/08\/trabajabadores-de-semapa-atienden-hundimiento-en-la-avenida-6-de-agosto-y-panamericana\/#primaryimage\"},\"image\":{\"@id\":\"https:\/\/innoticiasbo.com\/index.php\/2025\/01\/08\/trabajabadores-de-semapa-atienden-hundimiento-en-la-avenida-6-de-agosto-y-panamericana\/#primaryimage\"},\"thumbnailUrl\":\"https:\/\/i0.wp.com\/innoticiasbo.com\/wp-content\/uploads\/2025\/01\/IMG-20250108-WA0206.jpg?fit=1600%2C1172&ssl=1\",\"datePublished\":\"2025-01-08T22:09:41+00:00\",\"dateModified\":\"2025-01-08T22:09:53+00:00\",\"breadcrumb\":{\"@id\":\"https:\/\/innoticiasbo.com\/index.php\/2025\/01\/08\/trabajabadores-de-semapa-atienden-hundimiento-en-la-avenida-6-de-agosto-y-panamericana\/#breadcrumb\"},\"inLanguage\":\"es\",\"potentialAction\":[{\"@type\":\"ReadAction\",\"target\":[\"https:\/\/innoticiasbo.com\/index.php\/2025\/01\/08\/trabajabadores-de-semapa-atienden-hundimiento-en-la-avenida-6-de-agosto-y-panamericana\/\"]}]},{\"@type\":\"ImageObject\",\"inLanguage\":\"es\",\"@id\":\"https:\/\/innoticiasbo.com\/index.php\/2025\/01\/08\/trabajabadores-de-semapa-atienden-hundimiento-en-la-avenida-6-de-agosto-y-panamericana\/#primaryimage\",\"url\":\"https:\/\/i0.wp.com\/innoticiasbo.com\/wp-content\/uploads\/2025\/01\/IMG-20250108-WA0206.jpg?fit=1600%2C1172&ssl=1\",\"contentUrl\":\"https:\/\/i0.wp.com\/innoticiasbo.com\/wp-content\/uploads\/2025\/01\/IMG-20250108-WA0206.jpg?fit=1600%2C1172&ssl=1\",\"width\":1600,\"height\":1172},{\"@type\":\"BreadcrumbList\",\"@id\":\"https:\/\/innoticiasbo.com\/index.php\/2025\/01\/08\/trabajabadores-de-semapa-atienden-hundimiento-en-la-avenida-6-de-agosto-y-panamericana\/#breadcrumb\",\"itemListElement\":[{\"@type\":\"ListItem\",\"position\":1,\"name\":\"Portada\",\"item\":\"https:\/\/innoticiasbo.com\/\"},{\"@type\":\"ListItem\",\"position\":2,\"name\":\"TRABAJABADORES DE SEMAPA ATIENDEN HUNDIMIENTO EN LA AVENIDA 6 DE AGOSTO Y PANAMERICANA\"}]},{\"@type\":\"WebSite\",\"@id\":\"https:\/\/innoticiasbo.com\/#website\",\"url\":\"https:\/\/innoticiasbo.com\/\",\"name\":\"innoticiasbo.com\",\"description\":\"\",\"publisher\":{\"@id\":\"https:\/\/innoticiasbo.com\/#organization\"},\"potentialAction\":[{\"@type\":\"SearchAction\",\"target\":{\"@type\":\"EntryPoint\",\"urlTemplate\":\"https:\/\/innoticiasbo.com\/?s={search_term_string}\"},\"query-input\":{\"@type\":\"PropertyValueSpecification\",\"valueRequired\":true,\"valueName\":\"search_term_string\"}}],\"inLanguage\":\"es\"},{\"@type\":\"Organization\",\"@id\":\"https:\/\/innoticiasbo.com\/#organization\",\"name\":\"innoticiasbo.com\",\"url\":\"https:\/\/innoticiasbo.com\/\",\"logo\":{\"@type\":\"ImageObject\",\"inLanguage\":\"es\",\"@id\":\"https:\/\/innoticiasbo.com\/#\/schema\/logo\/image\/\",\"url\":\"https:\/\/i0.wp.com\/innoticiasbo.com\/wp-content\/uploads\/2026\/04\/cropped-IN-LOGO.png?fit=1476%2C1476&ssl=1\",\"contentUrl\":\"https:\/\/i0.wp.com\/innoticiasbo.com\/wp-content\/uploads\/2026\/04\/cropped-IN-LOGO.png?fit=1476%2C1476&ssl=1\",\"width\":1476,\"height\":1476,\"caption\":\"innoticiasbo.com\"},\"image\":{\"@id\":\"https:\/\/innoticiasbo.com\/#\/schema\/logo\/image\/\"},\"sameAs\":[\"https:\/\/www.facebook.com\/innoticiasbolivia\",\"https:\/\/x.com\/innoticiasbo\",\"https:\/\/www.instagram.com\/innoticiasbo\",\"https:\/\/www.youtube.com\/innoticiasbo\"]},{\"@type\":\"Person\",\"@id\":\"https:\/\/innoticiasbo.com\/#\/schema\/person\/589cd527c4211df1b943bdad85ec07ce\",\"name\":\"Prensa\",\"image\":{\"@type\":\"ImageObject\",\"inLanguage\":\"es\",\"@id\":\"https:\/\/innoticiasbo.com\/#\/schema\/person\/image\/\",\"url\":\"https:\/\/secure.gravatar.com\/avatar\/d359bbdf112023c1c0a3ec7fe1600657?s=96&d=mm&r=g\",\"contentUrl\":\"https:\/\/secure.gravatar.com\/avatar\/d359bbdf112023c1c0a3ec7fe1600657?s=96&d=mm&r=g\",\"caption\":\"Prensa\"},\"sameAs\":[\"http:\/\/www.innoticiasbo.com\"],\"url\":\"https:\/\/innoticiasbo.com\/index.php\/author\/prensa\/\"}]}<\/script>\n<!-- \/ Yoast SEO plugin. -->","yoast_head_json":{"title":"TRABAJABADORES DE SEMAPA ATIENDEN HUNDIMIENTO EN LA AVENIDA 6 DE AGOSTO Y PANAMERICANA - innoticiasbo.com","robots":{"index":"index","follow":"follow","max-snippet":"max-snippet:-1","max-image-preview":"max-image-preview:large","max-video-preview":"max-video-preview:-1"},"canonical":"https:\/\/innoticiasbo.com\/index.php\/2025\/01\/08\/trabajabadores-de-semapa-atienden-hundimiento-en-la-avenida-6-de-agosto-y-panamericana\/","og_locale":"es_ES","og_type":"article","og_title":"TRABAJABADORES DE SEMAPA ATIENDEN HUNDIMIENTO EN LA AVENIDA 6 DE AGOSTO Y PANAMERICANA - innoticiasbo.com","og_description":"Cochabamba,\u00a0 8 de enero de 2024.- El hundimiento de la av. 06 de Agosto y Panamericana se debe al asentamiento de terreno de la capa asf\u00e1ltica, toda vez que, en el lugar se realiz\u00f3 el trabajo de renovaci\u00f3n de la red de alcantarillado, el movimiento de tierra ocasion\u00f3 que el asfalto cediera, adem\u00e1s tambi\u00e9n influy\u00f3...","og_url":"https:\/\/innoticiasbo.com\/index.php\/2025\/01\/08\/trabajabadores-de-semapa-atienden-hundimiento-en-la-avenida-6-de-agosto-y-panamericana\/","og_site_name":"innoticiasbo.com","article_publisher":"https:\/\/www.facebook.com\/innoticiasbolivia","article_published_time":"2025-01-08T22:09:41+00:00","article_modified_time":"2025-01-08T22:09:53+00:00","og_image":[{"width":1600,"height":1172,"url":"https:\/\/i0.wp.com\/innoticiasbo.com\/wp-content\/uploads\/2025\/01\/IMG-20250108-WA0206.jpg?fit=1600%2C1172&ssl=1","type":"image\/jpeg"}],"author":"Prensa","twitter_card":"summary_large_image","twitter_creator":"@innoticiasbo","twitter_site":"@innoticiasbo","twitter_misc":{"Escrito por":"Prensa","Tiempo de lectura":"1 minuto"},"schema":{"@context":"https:\/\/schema.org","@graph":[{"@type":"Article","@id":"https:\/\/innoticiasbo.com\/index.php\/2025\/01\/08\/trabajabadores-de-semapa-atienden-hundimiento-en-la-avenida-6-de-agosto-y-panamericana\/#article","isPartOf":{"@id":"https:\/\/innoticiasbo.com\/index.php\/2025\/01\/08\/trabajabadores-de-semapa-atienden-hundimiento-en-la-avenida-6-de-agosto-y-panamericana\/"},"author":{"name":"Prensa","@id":"https:\/\/innoticiasbo.com\/#\/schema\/person\/589cd527c4211df1b943bdad85ec07ce"},"headline":"TRABAJABADORES DE SEMAPA ATIENDEN HUNDIMIENTO EN LA AVENIDA 6 DE AGOSTO Y PANAMERICANA","datePublished":"2025-01-08T22:09:41+00:00","dateModified":"2025-01-08T22:09:53+00:00","mainEntityOfPage":{"@id":"https:\/\/innoticiasbo.com\/index.php\/2025\/01\/08\/trabajabadores-de-semapa-atienden-hundimiento-en-la-avenida-6-de-agosto-y-panamericana\/"},"wordCount":215,"commentCount":0,"publisher":{"@id":"https:\/\/innoticiasbo.com\/#organization"},"image":{"@id":"https:\/\/innoticiasbo.com\/index.php\/2025\/01\/08\/trabajabadores-de-semapa-atienden-hundimiento-en-la-avenida-6-de-agosto-y-panamericana\/#primaryimage"},"thumbnailUrl":"https:\/\/i0.wp.com\/innoticiasbo.com\/wp-content\/uploads\/2025\/01\/IMG-20250108-WA0206.jpg?fit=1600%2C1172&ssl=1","articleSection":["Cochabamba"],"inLanguage":"es","potentialAction":[{"@type":"CommentAction","name":"Comment","target":["https:\/\/innoticiasbo.com\/index.php\/2025\/01\/08\/trabajabadores-de-semapa-atienden-hundimiento-en-la-avenida-6-de-agosto-y-panamericana\/#respond"]}]},{"@type":"WebPage","@id":"https:\/\/innoticiasbo.com\/index.php\/2025\/01\/08\/trabajabadores-de-semapa-atienden-hundimiento-en-la-avenida-6-de-agosto-y-panamericana\/","url":"https:\/\/innoticiasbo.com\/index.php\/2025\/01\/08\/trabajabadores-de-semapa-atienden-hundimiento-en-la-avenida-6-de-agosto-y-panamericana\/","name":"TRABAJABADORES DE SEMAPA ATIENDEN HUNDIMIENTO EN LA AVENIDA 6 DE AGOSTO Y PANAMERICANA - innoticiasbo.com","isPartOf":{"@id":"https:\/\/innoticiasbo.com\/#website"},"primaryImageOfPage":{"@id":"https:\/\/innoticiasbo.com\/index.php\/2025\/01\/08\/trabajabadores-de-semapa-atienden-hundimiento-en-la-avenida-6-de-agosto-y-panamericana\/#primaryimage"},"image":{"@id":"https:\/\/innoticiasbo.com\/index.php\/2025\/01\/08\/trabajabadores-de-semapa-atienden-hundimiento-en-la-avenida-6-de-agosto-y-panamericana\/#primaryimage"},"thumbnailUrl":"https:\/\/i0.wp.com\/innoticiasbo.com\/wp-content\/uploads\/2025\/01\/IMG-20250108-WA0206.jpg?fit=1600%2C1172&ssl=1","datePublished":"2025-01-08T22:09:41+00:00","dateModified":"2025-01-08T22:09:53+00:00","breadcrumb":{"@id":"https:\/\/innoticiasbo.com\/index.php\/2025\/01\/08\/trabajabadores-de-semapa-atienden-hundimiento-en-la-avenida-6-de-agosto-y-panamericana\/#breadcrumb"},"inLanguage":"es","potentialAction":[{"@type":"ReadAction","target":["https:\/\/innoticiasbo.com\/index.php\/2025\/01\/08\/trabajabadores-de-semapa-atienden-hundimiento-en-la-avenida-6-de-agosto-y-panamericana\/"]}]},{"@type":"ImageObject","inLanguage":"es","@id":"https:\/\/innoticiasbo.com\/index.php\/2025\/01\/08\/trabajabadores-de-semapa-atienden-hundimiento-en-la-avenida-6-de-agosto-y-panamericana\/#primaryimage","url":"https:\/\/i0.wp.com\/innoticiasbo.com\/wp-content\/uploads\/2025\/01\/IMG-20250108-WA0206.jpg?fit=1600%2C1172&ssl=1","contentUrl":"https:\/\/i0.wp.com\/innoticiasbo.com\/wp-content\/uploads\/2025\/01\/IMG-20250108-WA0206.jpg?fit=1600%2C1172&ssl=1","width":1600,"height":1172},{"@type":"BreadcrumbList","@id":"https:\/\/innoticiasbo.com\/index.php\/2025\/01\/08\/trabajabadores-de-semapa-atienden-hundimiento-en-la-avenida-6-de-agosto-y-panamericana\/#breadcrumb","itemListElement":[{"@type":"ListItem","position":1,"name":"Portada","item":"https:\/\/innoticiasbo.com\/"},{"@type":"ListItem","position":2,"name":"TRABAJABADORES DE SEMAPA ATIENDEN HUNDIMIENTO EN LA AVENIDA 6 DE AGOSTO Y PANAMERICANA"}]},{"@type":"WebSite","@id":"https:\/\/innoticiasbo.com\/#website","url":"https:\/\/innoticiasbo.com\/","name":"innoticiasbo.com","description":"","publisher":{"@id":"https:\/\/innoticiasbo.com\/#organization"},"potentialAction":[{"@type":"SearchAction","target":{"@type":"EntryPoint","urlTemplate":"https:\/\/innoticiasbo.com\/?s={search_term_string}"},"query-input":{"@type":"PropertyValueSpecification","valueRequired":true,"valueName":"search_term_string"}}],"inLanguage":"es"},{"@type":"Organization","@id":"https:\/\/innoticiasbo.com\/#organization","name":"innoticiasbo.com","url":"https:\/\/innoticiasbo.com\/","logo":{"@type":"ImageObject","inLanguage":"es","@id":"https:\/\/innoticiasbo.com\/#\/schema\/logo\/image\/","url":"https:\/\/i0.wp.com\/innoticiasbo.com\/wp-content\/uploads\/2026\/04\/cropped-IN-LOGO.png?fit=1476%2C1476&ssl=1","contentUrl":"https:\/\/i0.wp.com\/innoticiasbo.com\/wp-content\/uploads\/2026\/04\/cropped-IN-LOGO.png?fit=1476%2C1476&ssl=1","width":1476,"height":1476,"caption":"innoticiasbo.com"},"image":{"@id":"https:\/\/innoticiasbo.com\/#\/schema\/logo\/image\/"},"sameAs":["https:\/\/www.facebook.com\/innoticiasbolivia","https:\/\/x.com\/innoticiasbo","https:\/\/www.instagram.com\/innoticiasbo","https:\/\/www.youtube.com\/innoticiasbo"]},{"@type":"Person","@id":"https:\/\/innoticiasbo.com\/#\/schema\/person\/589cd527c4211df1b943bdad85ec07ce","name":"Prensa","image":{"@type":"ImageObject","inLanguage":"es","@id":"https:\/\/innoticiasbo.com\/#\/schema\/person\/image\/","url":"https:\/\/secure.gravatar.com\/avatar\/d359bbdf112023c1c0a3ec7fe1600657?s=96&d=mm&r=g","contentUrl":"https:\/\/secure.gravatar.com\/avatar\/d359bbdf112023c1c0a3ec7fe1600657?s=96&d=mm&r=g","caption":"Prensa"},"sameAs":["http:\/\/www.innoticiasbo.com"],"url":"https:\/\/innoticiasbo.com\/index.php\/author\/prensa\/"}]}},"jetpack_featured_media_url":"https:\/\/i0.wp.com\/innoticiasbo.com\/wp-content\/uploads\/2025\/01\/IMG-20250108-WA0206.jpg?fit=1600%2C1172&ssl=1","jetpack_likes_enabled":true,"jetpack_sharing_enabled":true,"jetpack_shortlink":"https:\/\/wp.me\/pg298x-Ub","_links":{"self":[{"href":"https:\/\/innoticiasbo.com\/index.php\/wp-json\/wp\/v2\/posts\/3483","targetHints":{"allow":["GET"]}}],"collection":[{"href":"https:\/\/innoticiasbo.com\/index.php\/wp-json\/wp\/v2\/posts"}],"about":[{"href":"https:\/\/innoticiasbo.com\/index.php\/wp-json\/wp\/v2\/types\/post"}],"author":[{"embeddable":true,"href":"https:\/\/innoticiasbo.com\/index.php\/wp-json\/wp\/v2\/users\/2"}],"replies":[{"embeddable":true,"href":"https:\/\/innoticiasbo.com\/index.php\/wp-json\/wp\/v2\/comments?post=3483"}],"version-history":[{"count":1,"href":"https:\/\/innoticiasbo.com\/index.php\/wp-json\/wp\/v2\/posts\/3483\/revisions"}],"predecessor-version":[{"id":3484,"href":"https:\/\/innoticiasbo.com\/index.php\/wp-json\/wp\/v2\/posts\/3483\/revisions\/3484"}],"wp:featuredmedia":[{"embeddable":true,"href":"https:\/\/innoticiasbo.com\/index.php\/wp-json\/wp\/v2\/media\/3482"}],"wp:attachment":[{"href":"https:\/\/innoticiasbo.com\/index.php\/wp-json\/wp\/v2\/media?parent=3483"}],"wp:term":[{"taxonomy":"category","embeddable":true,"href":"https:\/\/innoticiasbo.com\/index.php\/wp-json\/wp\/v2\/categories?post=3483"},{"taxonomy":"post_tag","embeddable":true,"href":"https:\/\/innoticiasbo.com\/index.php\/wp-json\/wp\/v2\/tags?post=3483"}],"curies":[{"name":"wp","href":"https:\/\/api.w.org\/{rel}","templated":true}]}}