{"id":3458,"date":"2025-01-08T08:14:19","date_gmt":"2025-01-08T12:14:19","guid":{"rendered":"https:\/\/innoticiasbo.com\/?p=3458"},"modified":"2025-01-08T08:14:19","modified_gmt":"2025-01-08T12:14:19","slug":"hallan-sin-vida-a-nino-arrastrado-por-un-rio-en-alto-beni-y-otro-bebe-muere-ahogado-en-santa-cruz","status":"publish","type":"post","link":"https:\/\/innoticiasbo.com\/index.php\/2025\/01\/08\/hallan-sin-vida-a-nino-arrastrado-por-un-rio-en-alto-beni-y-otro-bebe-muere-ahogado-en-santa-cruz\/","title":{"rendered":"HALLAN SIN VIDA A NI\u00d1O ARRASTRADO POR UN R\u00cdO, EN ALTO BENI Y OTRO BEB\u00c9 MUERE AHOGADO EN SANTA CRUZ&nbsp;"},"content":{"rendered":"\n<p class=\"p1\">Dos beb\u00e9s mueren ahogados, uno en el municipio de Alto Beni, en La Paz, y el segundo en el Plan 3.000, Santa Cruz. Ambos ni\u00f1os fueron v\u00edctimas de las torrenciales lluvias y presuntamente del descuido de sus pap\u00e1s.<\/p>\n\n\n\n<p class=\"p1\">Ayer encontraron sin vida al beb\u00e9 ocho meses de edad que fue arrastrado por el r\u00edo Piquendo,&nbsp; en la zona de Alto Beni, en el norte de La Paz.&nbsp;<\/p>\n\n\n\n<p class=\"p1\">Este lamentable hecho ocurri\u00f3 el lunes cuando varias personas fueron arrastradas por el r\u00edo, todos lograron salir con ayuda de comunarios, excepto el ni\u00f1o.<\/p>\n\n\n\n<p class=\"p1\">En Santa Cruz, en la zona del Plan 3.000, otro beb\u00e9 , de tres meses de edad, cay\u00f3 de la cama, mientras sus pap\u00e1s dorm\u00edan y muri\u00f3 ahogado, debido al agua que inund\u00f3 su vivienda.<\/p>\n\n\n\n<p class=\"p1\">\u201cMi pareja y yo nos dormimos y despertamos en menos de 20 minutos y no encontramos a mi beb\u00e9 que estaba en la cama. La busqu\u00e9 y la encontr\u00e9 debajo de la cama ahogada, porque el cuarto se hab\u00eda inundado por la lluvia\u201d, relat\u00f3 el padre.<\/p>\n\n\n\n<figure class=\"wp-block-image size-large\"><img data-recalc-dims=\"1\" loading=\"lazy\" decoding=\"async\" width=\"640\" height=\"418\" src=\"https:\/\/i0.wp.com\/innoticiasbo.com\/wp-content\/uploads\/2025\/01\/img_1235-1.jpg?resize=640%2C418&#038;ssl=1\" class=\"wp-image-3457\" srcset=\"https:\/\/i0.wp.com\/innoticiasbo.com\/wp-content\/uploads\/2025\/01\/img_1235-1.jpg?w=720&amp;ssl=1 720w, https:\/\/i0.wp.com\/innoticiasbo.com\/wp-content\/uploads\/2025\/01\/img_1235-1.jpg?resize=300%2C196&amp;ssl=1 300w\" sizes=\"auto, (max-width: 640px) 100vw, 640px\" \/><\/figure>\n\n\n\n<p class=\"p1\">El progenitor presume que su hija se gir\u00f3 de la cama y se cay\u00f3 al agua, que llegaba hasta su rodilla. \u201cNo escuchamos nada y como est\u00e1bamos dormidos no nos percatamos que el agua hab\u00eda entrado al cuarto\u201d, agreg\u00f3 en declaraciones a El Deber.<\/p>\n\n\n\n<p class=\"p1\">&nbsp;#lluviasmuertos #bolivia #innoticias&nbsp;<\/p>\n\n\n\n<p><\/p>\n","protected":false},"excerpt":{"rendered":"<p>Dos beb\u00e9s mueren ahogados, uno en el municipio de Alto Beni, en La Paz, y el segundo en el Plan 3.000, Santa Cruz. Ambos ni\u00f1os fueron v\u00edctimas de las torrenciales lluvias y presuntamente del descuido de sus pap\u00e1s. Ayer encontraron sin vida al beb\u00e9 ocho meses de edad que fue arrastrado por el r\u00edo Piquendo,&nbsp;&#8230;<\/p>\n","protected":false},"author":6,"featured_media":3456,"comment_status":"closed","ping_status":"open","sticky":false,"template":"","format":"standard","meta":{"_jetpack_memberships_contains_paid_content":false,"footnotes":"","jetpack_publicize_message":"","jetpack_publicize_feature_enabled":true,"jetpack_social_post_already_shared":true,"jetpack_social_options":{"image_generator_settings":{"template":"highway","enabled":false},"version":2}},"categories":[1],"tags":[],"class_list":["post-3458","post","type-post","status-publish","format-standard","has-post-thumbnail","hentry","category-bolivia"],"jetpack_publicize_connections":[],"yoast_head":"<!-- This site is optimized with the Yoast SEO plugin v23.4 - https:\/\/yoast.com\/wordpress\/plugins\/seo\/ -->\n<title>HALLAN SIN VIDA A NI\u00d1O ARRASTRADO POR UN R\u00cdO, EN ALTO BENI Y OTRO BEB\u00c9 MUERE AHOGADO EN SANTA CRUZ&nbsp; - innoticiasbo.com<\/title>\n<meta name=\"robots\" content=\"index, follow, max-snippet:-1, max-image-preview:large, max-video-preview:-1\" \/>\n<link rel=\"canonical\" href=\"https:\/\/innoticiasbo.com\/index.php\/2025\/01\/08\/hallan-sin-vida-a-nino-arrastrado-por-un-rio-en-alto-beni-y-otro-bebe-muere-ahogado-en-santa-cruz\/\" \/>\n<meta property=\"og:locale\" content=\"es_ES\" \/>\n<meta property=\"og:type\" content=\"article\" \/>\n<meta property=\"og:title\" content=\"HALLAN SIN VIDA A NI\u00d1O ARRASTRADO POR UN R\u00cdO, EN ALTO BENI Y OTRO BEB\u00c9 MUERE AHOGADO EN SANTA CRUZ&nbsp; - innoticiasbo.com\" \/>\n<meta property=\"og:description\" content=\"Dos beb\u00e9s mueren ahogados, uno en el municipio de Alto Beni, en La Paz, y el segundo en el Plan 3.000, Santa Cruz. Ambos ni\u00f1os fueron v\u00edctimas de las torrenciales lluvias y presuntamente del descuido de sus pap\u00e1s. Ayer encontraron sin vida al beb\u00e9 ocho meses de edad que fue arrastrado por el r\u00edo Piquendo,&nbsp;...\" \/>\n<meta property=\"og:url\" content=\"https:\/\/innoticiasbo.com\/index.php\/2025\/01\/08\/hallan-sin-vida-a-nino-arrastrado-por-un-rio-en-alto-beni-y-otro-bebe-muere-ahogado-en-santa-cruz\/\" \/>\n<meta property=\"og:site_name\" content=\"innoticiasbo.com\" \/>\n<meta property=\"article:publisher\" content=\"https:\/\/www.facebook.com\/innoticiasbolivia\" \/>\n<meta property=\"article:published_time\" content=\"2025-01-08T12:14:19+00:00\" \/>\n<meta property=\"og:image\" content=\"https:\/\/i0.wp.com\/innoticiasbo.com\/wp-content\/uploads\/2025\/01\/img_1232-1.jpg?fit=992%2C558&ssl=1\" \/>\n\t<meta property=\"og:image:width\" content=\"992\" \/>\n\t<meta property=\"og:image:height\" content=\"558\" \/>\n\t<meta property=\"og:image:type\" content=\"image\/jpeg\" \/>\n<meta name=\"author\" content=\"Eliza Riva\" \/>\n<meta name=\"twitter:card\" content=\"summary_large_image\" \/>\n<meta name=\"twitter:creator\" content=\"@innoticiasbo\" \/>\n<meta name=\"twitter:site\" content=\"@innoticiasbo\" \/>\n<meta name=\"twitter:label1\" content=\"Escrito por\" \/>\n\t<meta name=\"twitter:data1\" content=\"Eliza Riva\" \/>\n\t<meta name=\"twitter:label2\" content=\"Tiempo de lectura\" \/>\n\t<meta name=\"twitter:data2\" content=\"1 minuto\" \/>\n<script type=\"application\/ld+json\" class=\"yoast-schema-graph\">{\"@context\":\"https:\/\/schema.org\",\"@graph\":[{\"@type\":\"Article\",\"@id\":\"https:\/\/innoticiasbo.com\/index.php\/2025\/01\/08\/hallan-sin-vida-a-nino-arrastrado-por-un-rio-en-alto-beni-y-otro-bebe-muere-ahogado-en-santa-cruz\/#article\",\"isPartOf\":{\"@id\":\"https:\/\/innoticiasbo.com\/index.php\/2025\/01\/08\/hallan-sin-vida-a-nino-arrastrado-por-un-rio-en-alto-beni-y-otro-bebe-muere-ahogado-en-santa-cruz\/\"},\"author\":{\"name\":\"Eliza Riva\",\"@id\":\"https:\/\/innoticiasbo.com\/#\/schema\/person\/8c935b6b11c0223d8f77dc01fc948202\"},\"headline\":\"HALLAN SIN VIDA A NI\u00d1O ARRASTRADO POR UN R\u00cdO, EN ALTO BENI Y OTRO BEB\u00c9 MUERE AHOGADO EN SANTA CRUZ&nbsp;\",\"datePublished\":\"2025-01-08T12:14:19+00:00\",\"dateModified\":\"2025-01-08T12:14:19+00:00\",\"mainEntityOfPage\":{\"@id\":\"https:\/\/innoticiasbo.com\/index.php\/2025\/01\/08\/hallan-sin-vida-a-nino-arrastrado-por-un-rio-en-alto-beni-y-otro-bebe-muere-ahogado-en-santa-cruz\/\"},\"wordCount\":254,\"publisher\":{\"@id\":\"https:\/\/innoticiasbo.com\/#organization\"},\"image\":{\"@id\":\"https:\/\/innoticiasbo.com\/index.php\/2025\/01\/08\/hallan-sin-vida-a-nino-arrastrado-por-un-rio-en-alto-beni-y-otro-bebe-muere-ahogado-en-santa-cruz\/#primaryimage\"},\"thumbnailUrl\":\"https:\/\/i0.wp.com\/innoticiasbo.com\/wp-content\/uploads\/2025\/01\/img_1232-1.jpg?fit=992%2C558&ssl=1\",\"articleSection\":[\"Bolivia\"],\"inLanguage\":\"es\"},{\"@type\":\"WebPage\",\"@id\":\"https:\/\/innoticiasbo.com\/index.php\/2025\/01\/08\/hallan-sin-vida-a-nino-arrastrado-por-un-rio-en-alto-beni-y-otro-bebe-muere-ahogado-en-santa-cruz\/\",\"url\":\"https:\/\/innoticiasbo.com\/index.php\/2025\/01\/08\/hallan-sin-vida-a-nino-arrastrado-por-un-rio-en-alto-beni-y-otro-bebe-muere-ahogado-en-santa-cruz\/\",\"name\":\"HALLAN SIN VIDA A NI\u00d1O ARRASTRADO POR UN R\u00cdO, EN ALTO BENI Y OTRO BEB\u00c9 MUERE AHOGADO EN SANTA CRUZ&nbsp; - innoticiasbo.com\",\"isPartOf\":{\"@id\":\"https:\/\/innoticiasbo.com\/#website\"},\"primaryImageOfPage\":{\"@id\":\"https:\/\/innoticiasbo.com\/index.php\/2025\/01\/08\/hallan-sin-vida-a-nino-arrastrado-por-un-rio-en-alto-beni-y-otro-bebe-muere-ahogado-en-santa-cruz\/#primaryimage\"},\"image\":{\"@id\":\"https:\/\/innoticiasbo.com\/index.php\/2025\/01\/08\/hallan-sin-vida-a-nino-arrastrado-por-un-rio-en-alto-beni-y-otro-bebe-muere-ahogado-en-santa-cruz\/#primaryimage\"},\"thumbnailUrl\":\"https:\/\/i0.wp.com\/innoticiasbo.com\/wp-content\/uploads\/2025\/01\/img_1232-1.jpg?fit=992%2C558&ssl=1\",\"datePublished\":\"2025-01-08T12:14:19+00:00\",\"dateModified\":\"2025-01-08T12:14:19+00:00\",\"breadcrumb\":{\"@id\":\"https:\/\/innoticiasbo.com\/index.php\/2025\/01\/08\/hallan-sin-vida-a-nino-arrastrado-por-un-rio-en-alto-beni-y-otro-bebe-muere-ahogado-en-santa-cruz\/#breadcrumb\"},\"inLanguage\":\"es\",\"potentialAction\":[{\"@type\":\"ReadAction\",\"target\":[\"https:\/\/innoticiasbo.com\/index.php\/2025\/01\/08\/hallan-sin-vida-a-nino-arrastrado-por-un-rio-en-alto-beni-y-otro-bebe-muere-ahogado-en-santa-cruz\/\"]}]},{\"@type\":\"ImageObject\",\"inLanguage\":\"es\",\"@id\":\"https:\/\/innoticiasbo.com\/index.php\/2025\/01\/08\/hallan-sin-vida-a-nino-arrastrado-por-un-rio-en-alto-beni-y-otro-bebe-muere-ahogado-en-santa-cruz\/#primaryimage\",\"url\":\"https:\/\/i0.wp.com\/innoticiasbo.com\/wp-content\/uploads\/2025\/01\/img_1232-1.jpg?fit=992%2C558&ssl=1\",\"contentUrl\":\"https:\/\/i0.wp.com\/innoticiasbo.com\/wp-content\/uploads\/2025\/01\/img_1232-1.jpg?fit=992%2C558&ssl=1\",\"width\":992,\"height\":558},{\"@type\":\"BreadcrumbList\",\"@id\":\"https:\/\/innoticiasbo.com\/index.php\/2025\/01\/08\/hallan-sin-vida-a-nino-arrastrado-por-un-rio-en-alto-beni-y-otro-bebe-muere-ahogado-en-santa-cruz\/#breadcrumb\",\"itemListElement\":[{\"@type\":\"ListItem\",\"position\":1,\"name\":\"Portada\",\"item\":\"https:\/\/innoticiasbo.com\/\"},{\"@type\":\"ListItem\",\"position\":2,\"name\":\"HALLAN SIN VIDA A NI\u00d1O ARRASTRADO POR UN R\u00cdO, EN ALTO BENI Y OTRO BEB\u00c9 MUERE AHOGADO EN SANTA CRUZ&nbsp;\"}]},{\"@type\":\"WebSite\",\"@id\":\"https:\/\/innoticiasbo.com\/#website\",\"url\":\"https:\/\/innoticiasbo.com\/\",\"name\":\"innoticiasbo.com\",\"description\":\"\",\"publisher\":{\"@id\":\"https:\/\/innoticiasbo.com\/#organization\"},\"potentialAction\":[{\"@type\":\"SearchAction\",\"target\":{\"@type\":\"EntryPoint\",\"urlTemplate\":\"https:\/\/innoticiasbo.com\/?s={search_term_string}\"},\"query-input\":{\"@type\":\"PropertyValueSpecification\",\"valueRequired\":true,\"valueName\":\"search_term_string\"}}],\"inLanguage\":\"es\"},{\"@type\":\"Organization\",\"@id\":\"https:\/\/innoticiasbo.com\/#organization\",\"name\":\"innoticiasbo.com\",\"url\":\"https:\/\/innoticiasbo.com\/\",\"logo\":{\"@type\":\"ImageObject\",\"inLanguage\":\"es\",\"@id\":\"https:\/\/innoticiasbo.com\/#\/schema\/logo\/image\/\",\"url\":\"https:\/\/i0.wp.com\/innoticiasbo.com\/wp-content\/uploads\/2026\/04\/cropped-IN-LOGO.png?fit=1476%2C1476&ssl=1\",\"contentUrl\":\"https:\/\/i0.wp.com\/innoticiasbo.com\/wp-content\/uploads\/2026\/04\/cropped-IN-LOGO.png?fit=1476%2C1476&ssl=1\",\"width\":1476,\"height\":1476,\"caption\":\"innoticiasbo.com\"},\"image\":{\"@id\":\"https:\/\/innoticiasbo.com\/#\/schema\/logo\/image\/\"},\"sameAs\":[\"https:\/\/www.facebook.com\/innoticiasbolivia\",\"https:\/\/x.com\/innoticiasbo\",\"https:\/\/www.instagram.com\/innoticiasbo\",\"https:\/\/www.youtube.com\/innoticiasbo\"]},{\"@type\":\"Person\",\"@id\":\"https:\/\/innoticiasbo.com\/#\/schema\/person\/8c935b6b11c0223d8f77dc01fc948202\",\"name\":\"Eliza Riva\",\"image\":{\"@type\":\"ImageObject\",\"inLanguage\":\"es\",\"@id\":\"https:\/\/innoticiasbo.com\/#\/schema\/person\/image\/\",\"url\":\"https:\/\/secure.gravatar.com\/avatar\/fdc172c2af344133d19e57e4b7acdee4?s=96&d=mm&r=g\",\"contentUrl\":\"https:\/\/secure.gravatar.com\/avatar\/fdc172c2af344133d19e57e4b7acdee4?s=96&d=mm&r=g\",\"caption\":\"Eliza Riva\"},\"sameAs\":[\"http:\/\/www.innoticiasbo.com\"],\"url\":\"https:\/\/innoticiasbo.com\/index.php\/author\/prensa-4\/\"}]}<\/script>\n<!-- \/ Yoast SEO plugin. -->","yoast_head_json":{"title":"HALLAN SIN VIDA A NI\u00d1O ARRASTRADO POR UN R\u00cdO, EN ALTO BENI Y OTRO BEB\u00c9 MUERE AHOGADO EN SANTA CRUZ&nbsp; - innoticiasbo.com","robots":{"index":"index","follow":"follow","max-snippet":"max-snippet:-1","max-image-preview":"max-image-preview:large","max-video-preview":"max-video-preview:-1"},"canonical":"https:\/\/innoticiasbo.com\/index.php\/2025\/01\/08\/hallan-sin-vida-a-nino-arrastrado-por-un-rio-en-alto-beni-y-otro-bebe-muere-ahogado-en-santa-cruz\/","og_locale":"es_ES","og_type":"article","og_title":"HALLAN SIN VIDA A NI\u00d1O ARRASTRADO POR UN R\u00cdO, EN ALTO BENI Y OTRO BEB\u00c9 MUERE AHOGADO EN SANTA CRUZ&nbsp; - innoticiasbo.com","og_description":"Dos beb\u00e9s mueren ahogados, uno en el municipio de Alto Beni, en La Paz, y el segundo en el Plan 3.000, Santa Cruz. Ambos ni\u00f1os fueron v\u00edctimas de las torrenciales lluvias y presuntamente del descuido de sus pap\u00e1s. Ayer encontraron sin vida al beb\u00e9 ocho meses de edad que fue arrastrado por el r\u00edo Piquendo,&nbsp;...","og_url":"https:\/\/innoticiasbo.com\/index.php\/2025\/01\/08\/hallan-sin-vida-a-nino-arrastrado-por-un-rio-en-alto-beni-y-otro-bebe-muere-ahogado-en-santa-cruz\/","og_site_name":"innoticiasbo.com","article_publisher":"https:\/\/www.facebook.com\/innoticiasbolivia","article_published_time":"2025-01-08T12:14:19+00:00","og_image":[{"width":992,"height":558,"url":"https:\/\/i0.wp.com\/innoticiasbo.com\/wp-content\/uploads\/2025\/01\/img_1232-1.jpg?fit=992%2C558&ssl=1","type":"image\/jpeg"}],"author":"Eliza Riva","twitter_card":"summary_large_image","twitter_creator":"@innoticiasbo","twitter_site":"@innoticiasbo","twitter_misc":{"Escrito por":"Eliza Riva","Tiempo de lectura":"1 minuto"},"schema":{"@context":"https:\/\/schema.org","@graph":[{"@type":"Article","@id":"https:\/\/innoticiasbo.com\/index.php\/2025\/01\/08\/hallan-sin-vida-a-nino-arrastrado-por-un-rio-en-alto-beni-y-otro-bebe-muere-ahogado-en-santa-cruz\/#article","isPartOf":{"@id":"https:\/\/innoticiasbo.com\/index.php\/2025\/01\/08\/hallan-sin-vida-a-nino-arrastrado-por-un-rio-en-alto-beni-y-otro-bebe-muere-ahogado-en-santa-cruz\/"},"author":{"name":"Eliza Riva","@id":"https:\/\/innoticiasbo.com\/#\/schema\/person\/8c935b6b11c0223d8f77dc01fc948202"},"headline":"HALLAN SIN VIDA A NI\u00d1O ARRASTRADO POR UN R\u00cdO, EN ALTO BENI Y OTRO BEB\u00c9 MUERE AHOGADO EN SANTA CRUZ&nbsp;","datePublished":"2025-01-08T12:14:19+00:00","dateModified":"2025-01-08T12:14:19+00:00","mainEntityOfPage":{"@id":"https:\/\/innoticiasbo.com\/index.php\/2025\/01\/08\/hallan-sin-vida-a-nino-arrastrado-por-un-rio-en-alto-beni-y-otro-bebe-muere-ahogado-en-santa-cruz\/"},"wordCount":254,"publisher":{"@id":"https:\/\/innoticiasbo.com\/#organization"},"image":{"@id":"https:\/\/innoticiasbo.com\/index.php\/2025\/01\/08\/hallan-sin-vida-a-nino-arrastrado-por-un-rio-en-alto-beni-y-otro-bebe-muere-ahogado-en-santa-cruz\/#primaryimage"},"thumbnailUrl":"https:\/\/i0.wp.com\/innoticiasbo.com\/wp-content\/uploads\/2025\/01\/img_1232-1.jpg?fit=992%2C558&ssl=1","articleSection":["Bolivia"],"inLanguage":"es"},{"@type":"WebPage","@id":"https:\/\/innoticiasbo.com\/index.php\/2025\/01\/08\/hallan-sin-vida-a-nino-arrastrado-por-un-rio-en-alto-beni-y-otro-bebe-muere-ahogado-en-santa-cruz\/","url":"https:\/\/innoticiasbo.com\/index.php\/2025\/01\/08\/hallan-sin-vida-a-nino-arrastrado-por-un-rio-en-alto-beni-y-otro-bebe-muere-ahogado-en-santa-cruz\/","name":"HALLAN SIN VIDA A NI\u00d1O ARRASTRADO POR UN R\u00cdO, EN ALTO BENI Y OTRO BEB\u00c9 MUERE AHOGADO EN SANTA CRUZ&nbsp; - innoticiasbo.com","isPartOf":{"@id":"https:\/\/innoticiasbo.com\/#website"},"primaryImageOfPage":{"@id":"https:\/\/innoticiasbo.com\/index.php\/2025\/01\/08\/hallan-sin-vida-a-nino-arrastrado-por-un-rio-en-alto-beni-y-otro-bebe-muere-ahogado-en-santa-cruz\/#primaryimage"},"image":{"@id":"https:\/\/innoticiasbo.com\/index.php\/2025\/01\/08\/hallan-sin-vida-a-nino-arrastrado-por-un-rio-en-alto-beni-y-otro-bebe-muere-ahogado-en-santa-cruz\/#primaryimage"},"thumbnailUrl":"https:\/\/i0.wp.com\/innoticiasbo.com\/wp-content\/uploads\/2025\/01\/img_1232-1.jpg?fit=992%2C558&ssl=1","datePublished":"2025-01-08T12:14:19+00:00","dateModified":"2025-01-08T12:14:19+00:00","breadcrumb":{"@id":"https:\/\/innoticiasbo.com\/index.php\/2025\/01\/08\/hallan-sin-vida-a-nino-arrastrado-por-un-rio-en-alto-beni-y-otro-bebe-muere-ahogado-en-santa-cruz\/#breadcrumb"},"inLanguage":"es","potentialAction":[{"@type":"ReadAction","target":["https:\/\/innoticiasbo.com\/index.php\/2025\/01\/08\/hallan-sin-vida-a-nino-arrastrado-por-un-rio-en-alto-beni-y-otro-bebe-muere-ahogado-en-santa-cruz\/"]}]},{"@type":"ImageObject","inLanguage":"es","@id":"https:\/\/innoticiasbo.com\/index.php\/2025\/01\/08\/hallan-sin-vida-a-nino-arrastrado-por-un-rio-en-alto-beni-y-otro-bebe-muere-ahogado-en-santa-cruz\/#primaryimage","url":"https:\/\/i0.wp.com\/innoticiasbo.com\/wp-content\/uploads\/2025\/01\/img_1232-1.jpg?fit=992%2C558&ssl=1","contentUrl":"https:\/\/i0.wp.com\/innoticiasbo.com\/wp-content\/uploads\/2025\/01\/img_1232-1.jpg?fit=992%2C558&ssl=1","width":992,"height":558},{"@type":"BreadcrumbList","@id":"https:\/\/innoticiasbo.com\/index.php\/2025\/01\/08\/hallan-sin-vida-a-nino-arrastrado-por-un-rio-en-alto-beni-y-otro-bebe-muere-ahogado-en-santa-cruz\/#breadcrumb","itemListElement":[{"@type":"ListItem","position":1,"name":"Portada","item":"https:\/\/innoticiasbo.com\/"},{"@type":"ListItem","position":2,"name":"HALLAN SIN VIDA A NI\u00d1O ARRASTRADO POR UN R\u00cdO, EN ALTO BENI Y OTRO BEB\u00c9 MUERE AHOGADO EN SANTA CRUZ&nbsp;"}]},{"@type":"WebSite","@id":"https:\/\/innoticiasbo.com\/#website","url":"https:\/\/innoticiasbo.com\/","name":"innoticiasbo.com","description":"","publisher":{"@id":"https:\/\/innoticiasbo.com\/#organization"},"potentialAction":[{"@type":"SearchAction","target":{"@type":"EntryPoint","urlTemplate":"https:\/\/innoticiasbo.com\/?s={search_term_string}"},"query-input":{"@type":"PropertyValueSpecification","valueRequired":true,"valueName":"search_term_string"}}],"inLanguage":"es"},{"@type":"Organization","@id":"https:\/\/innoticiasbo.com\/#organization","name":"innoticiasbo.com","url":"https:\/\/innoticiasbo.com\/","logo":{"@type":"ImageObject","inLanguage":"es","@id":"https:\/\/innoticiasbo.com\/#\/schema\/logo\/image\/","url":"https:\/\/i0.wp.com\/innoticiasbo.com\/wp-content\/uploads\/2026\/04\/cropped-IN-LOGO.png?fit=1476%2C1476&ssl=1","contentUrl":"https:\/\/i0.wp.com\/innoticiasbo.com\/wp-content\/uploads\/2026\/04\/cropped-IN-LOGO.png?fit=1476%2C1476&ssl=1","width":1476,"height":1476,"caption":"innoticiasbo.com"},"image":{"@id":"https:\/\/innoticiasbo.com\/#\/schema\/logo\/image\/"},"sameAs":["https:\/\/www.facebook.com\/innoticiasbolivia","https:\/\/x.com\/innoticiasbo","https:\/\/www.instagram.com\/innoticiasbo","https:\/\/www.youtube.com\/innoticiasbo"]},{"@type":"Person","@id":"https:\/\/innoticiasbo.com\/#\/schema\/person\/8c935b6b11c0223d8f77dc01fc948202","name":"Eliza Riva","image":{"@type":"ImageObject","inLanguage":"es","@id":"https:\/\/innoticiasbo.com\/#\/schema\/person\/image\/","url":"https:\/\/secure.gravatar.com\/avatar\/fdc172c2af344133d19e57e4b7acdee4?s=96&d=mm&r=g","contentUrl":"https:\/\/secure.gravatar.com\/avatar\/fdc172c2af344133d19e57e4b7acdee4?s=96&d=mm&r=g","caption":"Eliza Riva"},"sameAs":["http:\/\/www.innoticiasbo.com"],"url":"https:\/\/innoticiasbo.com\/index.php\/author\/prensa-4\/"}]}},"jetpack_featured_media_url":"https:\/\/i0.wp.com\/innoticiasbo.com\/wp-content\/uploads\/2025\/01\/img_1232-1.jpg?fit=992%2C558&ssl=1","jetpack_likes_enabled":true,"jetpack_sharing_enabled":true,"jetpack_shortlink":"https:\/\/wp.me\/pg298x-TM","_links":{"self":[{"href":"https:\/\/innoticiasbo.com\/index.php\/wp-json\/wp\/v2\/posts\/3458","targetHints":{"allow":["GET"]}}],"collection":[{"href":"https:\/\/innoticiasbo.com\/index.php\/wp-json\/wp\/v2\/posts"}],"about":[{"href":"https:\/\/innoticiasbo.com\/index.php\/wp-json\/wp\/v2\/types\/post"}],"author":[{"embeddable":true,"href":"https:\/\/innoticiasbo.com\/index.php\/wp-json\/wp\/v2\/users\/6"}],"replies":[{"embeddable":true,"href":"https:\/\/innoticiasbo.com\/index.php\/wp-json\/wp\/v2\/comments?post=3458"}],"version-history":[{"count":1,"href":"https:\/\/innoticiasbo.com\/index.php\/wp-json\/wp\/v2\/posts\/3458\/revisions"}],"predecessor-version":[{"id":3459,"href":"https:\/\/innoticiasbo.com\/index.php\/wp-json\/wp\/v2\/posts\/3458\/revisions\/3459"}],"wp:featuredmedia":[{"embeddable":true,"href":"https:\/\/innoticiasbo.com\/index.php\/wp-json\/wp\/v2\/media\/3456"}],"wp:attachment":[{"href":"https:\/\/innoticiasbo.com\/index.php\/wp-json\/wp\/v2\/media?parent=3458"}],"wp:term":[{"taxonomy":"category","embeddable":true,"href":"https:\/\/innoticiasbo.com\/index.php\/wp-json\/wp\/v2\/categories?post=3458"},{"taxonomy":"post_tag","embeddable":true,"href":"https:\/\/innoticiasbo.com\/index.php\/wp-json\/wp\/v2\/tags?post=3458"}],"curies":[{"name":"wp","href":"https:\/\/api.w.org\/{rel}","templated":true}]}}