{"id":3383,"date":"2025-01-03T22:24:09","date_gmt":"2025-01-04T02:24:09","guid":{"rendered":"https:\/\/innoticiasbo.com\/?p=3383"},"modified":"2025-01-03T22:24:09","modified_gmt":"2025-01-04T02:24:09","slug":"cochabamba-fiscalia-policia-y-alcaldia-coordinaran-acciones-para-fortalecer-la-atencion-a-victimas-de-violencia","status":"publish","type":"post","link":"https:\/\/innoticiasbo.com\/index.php\/2025\/01\/03\/cochabamba-fiscalia-policia-y-alcaldia-coordinaran-acciones-para-fortalecer-la-atencion-a-victimas-de-violencia\/","title":{"rendered":"COCHABAMBA: FISCAL\u00cdA, POLIC\u00cdA Y ALCALD\u00cdA COORDINAR\u00c1N ACCIONES PARA FORTALECER LA ATENCI\u00d3N A V\u00cdCTIMAS DE VIOLENCIA"},"content":{"rendered":"\n<p>Cochabamba, 3 de enero, 2024.- El Fiscal Departamental de Cochabamba, Osvaldo Tejerina R\u00edos, sostuvo hoy una reuni\u00f3n con el Comandante Departamental de la Polic\u00eda, Edson Claure, y la Secretaria de Desarrollo Humano del Gobierno Aut\u00f3nomo Municipal de Cercado, Jenny Rivera, con quienes acordaron coordinar acciones para fortalecer la atenci\u00f3n prioritaria de las v\u00edctimas de violencia de g\u00e9nero, como son las ni\u00f1as, ni\u00f1os, adolescentes, mujeres y adultos mayores.<\/p>\n\n\n\n<p>\u00abEs importante la coordinaci\u00f3n permanente entre las instituciones para poder otorgar esa atenci\u00f3n y protecci\u00f3n oportuna y eficaz a las v\u00edctimas. Sabemos que a inicio de a\u00f1o hay personal de contrato que ya no presta servicios en distintas instituciones, por ello, debemos reforzar los turnos para garantizar que las v\u00edctimas sean atendidas\u00bb, dijo Tejerina.<\/p>\n\n\n\n<p>Por su parte, el Comandante Departamental de la Polic\u00eda, Edson Claure, y la Secretaria de Desarrollo Humano de la Alcald\u00eda de Cercado, Jenny Rivera, se comprometieron a realizar las acciones necesarias para mejorar la atenci\u00f3n a las v\u00edctimas de violencia.<\/p>\n\n\n\n<p>Actualmente Cochabamba cuenta con la Mesa Interinstitucional de Lucha contra la Violencia de G\u00e9nero, que agrupa a varias instituciones, que trabajan de manera activa en ese tipo de delitos, misma que se reunir\u00e1 este mes de enero para programar las actividades que permitan mejorar el servicio a las v\u00edctimas para que tengan una atenci\u00f3n pronta y oportuna.<\/p>\n\n\n\n<p>Fuente: Prensa FGE<\/p>\n\n\n\n<p><\/p>\n","protected":false},"excerpt":{"rendered":"<p>Cochabamba, 3 de enero, 2024.- El Fiscal Departamental de Cochabamba, Osvaldo Tejerina R\u00edos, sostuvo hoy una reuni\u00f3n con el Comandante Departamental de la Polic\u00eda, Edson Claure, y la Secretaria de Desarrollo Humano del Gobierno Aut\u00f3nomo Municipal de Cercado, Jenny Rivera, con quienes acordaron coordinar acciones para fortalecer la atenci\u00f3n prioritaria de las v\u00edctimas de violencia&#8230;<\/p>\n","protected":false},"author":6,"featured_media":3382,"comment_status":"closed","ping_status":"open","sticky":false,"template":"","format":"standard","meta":{"_jetpack_memberships_contains_paid_content":false,"footnotes":"","jetpack_publicize_message":"","jetpack_publicize_feature_enabled":true,"jetpack_social_post_already_shared":true,"jetpack_social_options":{"image_generator_settings":{"template":"highway","enabled":false},"version":2}},"categories":[1],"tags":[],"class_list":["post-3383","post","type-post","status-publish","format-standard","has-post-thumbnail","hentry","category-bolivia"],"jetpack_publicize_connections":[],"yoast_head":"<!-- This site is optimized with the Yoast SEO plugin v23.4 - https:\/\/yoast.com\/wordpress\/plugins\/seo\/ -->\n<title>COCHABAMBA: FISCAL\u00cdA, POLIC\u00cdA Y ALCALD\u00cdA COORDINAR\u00c1N ACCIONES PARA FORTALECER LA ATENCI\u00d3N A V\u00cdCTIMAS DE VIOLENCIA - innoticiasbo.com<\/title>\n<meta name=\"robots\" content=\"index, follow, max-snippet:-1, max-image-preview:large, max-video-preview:-1\" \/>\n<link rel=\"canonical\" href=\"https:\/\/innoticiasbo.com\/index.php\/2025\/01\/03\/cochabamba-fiscalia-policia-y-alcaldia-coordinaran-acciones-para-fortalecer-la-atencion-a-victimas-de-violencia\/\" \/>\n<meta property=\"og:locale\" content=\"es_ES\" \/>\n<meta property=\"og:type\" content=\"article\" \/>\n<meta property=\"og:title\" content=\"COCHABAMBA: FISCAL\u00cdA, POLIC\u00cdA Y ALCALD\u00cdA COORDINAR\u00c1N ACCIONES PARA FORTALECER LA ATENCI\u00d3N A V\u00cdCTIMAS DE VIOLENCIA - innoticiasbo.com\" \/>\n<meta property=\"og:description\" content=\"Cochabamba, 3 de enero, 2024.- El Fiscal Departamental de Cochabamba, Osvaldo Tejerina R\u00edos, sostuvo hoy una reuni\u00f3n con el Comandante Departamental de la Polic\u00eda, Edson Claure, y la Secretaria de Desarrollo Humano del Gobierno Aut\u00f3nomo Municipal de Cercado, Jenny Rivera, con quienes acordaron coordinar acciones para fortalecer la atenci\u00f3n prioritaria de las v\u00edctimas de violencia...\" \/>\n<meta property=\"og:url\" content=\"https:\/\/innoticiasbo.com\/index.php\/2025\/01\/03\/cochabamba-fiscalia-policia-y-alcaldia-coordinaran-acciones-para-fortalecer-la-atencion-a-victimas-de-violencia\/\" \/>\n<meta property=\"og:site_name\" content=\"innoticiasbo.com\" \/>\n<meta property=\"article:publisher\" content=\"https:\/\/www.facebook.com\/innoticiasbolivia\" \/>\n<meta property=\"article:published_time\" content=\"2025-01-04T02:24:09+00:00\" \/>\n<meta property=\"og:image\" content=\"https:\/\/i0.wp.com\/innoticiasbo.com\/wp-content\/uploads\/2025\/01\/c42695e5-7ac5-400c-8b92-b6d493e4fb6a-1.jpg?fit=1600%2C1066&ssl=1\" \/>\n\t<meta property=\"og:image:width\" content=\"1600\" \/>\n\t<meta property=\"og:image:height\" content=\"1066\" \/>\n\t<meta property=\"og:image:type\" content=\"image\/jpeg\" \/>\n<meta name=\"author\" content=\"Eliza Riva\" \/>\n<meta name=\"twitter:card\" content=\"summary_large_image\" \/>\n<meta name=\"twitter:creator\" content=\"@innoticiasbo\" \/>\n<meta name=\"twitter:site\" content=\"@innoticiasbo\" \/>\n<meta name=\"twitter:label1\" content=\"Escrito por\" \/>\n\t<meta name=\"twitter:data1\" content=\"Eliza Riva\" \/>\n\t<meta name=\"twitter:label2\" content=\"Tiempo de lectura\" \/>\n\t<meta name=\"twitter:data2\" content=\"1 minuto\" \/>\n<script type=\"application\/ld+json\" class=\"yoast-schema-graph\">{\"@context\":\"https:\/\/schema.org\",\"@graph\":[{\"@type\":\"Article\",\"@id\":\"https:\/\/innoticiasbo.com\/index.php\/2025\/01\/03\/cochabamba-fiscalia-policia-y-alcaldia-coordinaran-acciones-para-fortalecer-la-atencion-a-victimas-de-violencia\/#article\",\"isPartOf\":{\"@id\":\"https:\/\/innoticiasbo.com\/index.php\/2025\/01\/03\/cochabamba-fiscalia-policia-y-alcaldia-coordinaran-acciones-para-fortalecer-la-atencion-a-victimas-de-violencia\/\"},\"author\":{\"name\":\"Eliza Riva\",\"@id\":\"https:\/\/innoticiasbo.com\/#\/schema\/person\/8c935b6b11c0223d8f77dc01fc948202\"},\"headline\":\"COCHABAMBA: FISCAL\u00cdA, POLIC\u00cdA Y ALCALD\u00cdA COORDINAR\u00c1N ACCIONES PARA FORTALECER LA ATENCI\u00d3N A V\u00cdCTIMAS DE VIOLENCIA\",\"datePublished\":\"2025-01-04T02:24:09+00:00\",\"dateModified\":\"2025-01-04T02:24:09+00:00\",\"mainEntityOfPage\":{\"@id\":\"https:\/\/innoticiasbo.com\/index.php\/2025\/01\/03\/cochabamba-fiscalia-policia-y-alcaldia-coordinaran-acciones-para-fortalecer-la-atencion-a-victimas-de-violencia\/\"},\"wordCount\":263,\"publisher\":{\"@id\":\"https:\/\/innoticiasbo.com\/#organization\"},\"image\":{\"@id\":\"https:\/\/innoticiasbo.com\/index.php\/2025\/01\/03\/cochabamba-fiscalia-policia-y-alcaldia-coordinaran-acciones-para-fortalecer-la-atencion-a-victimas-de-violencia\/#primaryimage\"},\"thumbnailUrl\":\"https:\/\/i0.wp.com\/innoticiasbo.com\/wp-content\/uploads\/2025\/01\/c42695e5-7ac5-400c-8b92-b6d493e4fb6a-1.jpg?fit=1600%2C1066&ssl=1\",\"articleSection\":[\"Bolivia\"],\"inLanguage\":\"es\"},{\"@type\":\"WebPage\",\"@id\":\"https:\/\/innoticiasbo.com\/index.php\/2025\/01\/03\/cochabamba-fiscalia-policia-y-alcaldia-coordinaran-acciones-para-fortalecer-la-atencion-a-victimas-de-violencia\/\",\"url\":\"https:\/\/innoticiasbo.com\/index.php\/2025\/01\/03\/cochabamba-fiscalia-policia-y-alcaldia-coordinaran-acciones-para-fortalecer-la-atencion-a-victimas-de-violencia\/\",\"name\":\"COCHABAMBA: FISCAL\u00cdA, POLIC\u00cdA Y ALCALD\u00cdA COORDINAR\u00c1N ACCIONES PARA FORTALECER LA ATENCI\u00d3N A V\u00cdCTIMAS DE VIOLENCIA - innoticiasbo.com\",\"isPartOf\":{\"@id\":\"https:\/\/innoticiasbo.com\/#website\"},\"primaryImageOfPage\":{\"@id\":\"https:\/\/innoticiasbo.com\/index.php\/2025\/01\/03\/cochabamba-fiscalia-policia-y-alcaldia-coordinaran-acciones-para-fortalecer-la-atencion-a-victimas-de-violencia\/#primaryimage\"},\"image\":{\"@id\":\"https:\/\/innoticiasbo.com\/index.php\/2025\/01\/03\/cochabamba-fiscalia-policia-y-alcaldia-coordinaran-acciones-para-fortalecer-la-atencion-a-victimas-de-violencia\/#primaryimage\"},\"thumbnailUrl\":\"https:\/\/i0.wp.com\/innoticiasbo.com\/wp-content\/uploads\/2025\/01\/c42695e5-7ac5-400c-8b92-b6d493e4fb6a-1.jpg?fit=1600%2C1066&ssl=1\",\"datePublished\":\"2025-01-04T02:24:09+00:00\",\"dateModified\":\"2025-01-04T02:24:09+00:00\",\"breadcrumb\":{\"@id\":\"https:\/\/innoticiasbo.com\/index.php\/2025\/01\/03\/cochabamba-fiscalia-policia-y-alcaldia-coordinaran-acciones-para-fortalecer-la-atencion-a-victimas-de-violencia\/#breadcrumb\"},\"inLanguage\":\"es\",\"potentialAction\":[{\"@type\":\"ReadAction\",\"target\":[\"https:\/\/innoticiasbo.com\/index.php\/2025\/01\/03\/cochabamba-fiscalia-policia-y-alcaldia-coordinaran-acciones-para-fortalecer-la-atencion-a-victimas-de-violencia\/\"]}]},{\"@type\":\"ImageObject\",\"inLanguage\":\"es\",\"@id\":\"https:\/\/innoticiasbo.com\/index.php\/2025\/01\/03\/cochabamba-fiscalia-policia-y-alcaldia-coordinaran-acciones-para-fortalecer-la-atencion-a-victimas-de-violencia\/#primaryimage\",\"url\":\"https:\/\/i0.wp.com\/innoticiasbo.com\/wp-content\/uploads\/2025\/01\/c42695e5-7ac5-400c-8b92-b6d493e4fb6a-1.jpg?fit=1600%2C1066&ssl=1\",\"contentUrl\":\"https:\/\/i0.wp.com\/innoticiasbo.com\/wp-content\/uploads\/2025\/01\/c42695e5-7ac5-400c-8b92-b6d493e4fb6a-1.jpg?fit=1600%2C1066&ssl=1\",\"width\":1600,\"height\":1066},{\"@type\":\"BreadcrumbList\",\"@id\":\"https:\/\/innoticiasbo.com\/index.php\/2025\/01\/03\/cochabamba-fiscalia-policia-y-alcaldia-coordinaran-acciones-para-fortalecer-la-atencion-a-victimas-de-violencia\/#breadcrumb\",\"itemListElement\":[{\"@type\":\"ListItem\",\"position\":1,\"name\":\"Portada\",\"item\":\"https:\/\/innoticiasbo.com\/\"},{\"@type\":\"ListItem\",\"position\":2,\"name\":\"COCHABAMBA: FISCAL\u00cdA, POLIC\u00cdA Y ALCALD\u00cdA COORDINAR\u00c1N ACCIONES PARA FORTALECER LA ATENCI\u00d3N A V\u00cdCTIMAS DE VIOLENCIA\"}]},{\"@type\":\"WebSite\",\"@id\":\"https:\/\/innoticiasbo.com\/#website\",\"url\":\"https:\/\/innoticiasbo.com\/\",\"name\":\"innoticiasbo.com\",\"description\":\"\",\"publisher\":{\"@id\":\"https:\/\/innoticiasbo.com\/#organization\"},\"potentialAction\":[{\"@type\":\"SearchAction\",\"target\":{\"@type\":\"EntryPoint\",\"urlTemplate\":\"https:\/\/innoticiasbo.com\/?s={search_term_string}\"},\"query-input\":{\"@type\":\"PropertyValueSpecification\",\"valueRequired\":true,\"valueName\":\"search_term_string\"}}],\"inLanguage\":\"es\"},{\"@type\":\"Organization\",\"@id\":\"https:\/\/innoticiasbo.com\/#organization\",\"name\":\"innoticiasbo.com\",\"url\":\"https:\/\/innoticiasbo.com\/\",\"logo\":{\"@type\":\"ImageObject\",\"inLanguage\":\"es\",\"@id\":\"https:\/\/innoticiasbo.com\/#\/schema\/logo\/image\/\",\"url\":\"https:\/\/i0.wp.com\/innoticiasbo.com\/wp-content\/uploads\/2026\/04\/cropped-IN-LOGO.png?fit=1476%2C1476&ssl=1\",\"contentUrl\":\"https:\/\/i0.wp.com\/innoticiasbo.com\/wp-content\/uploads\/2026\/04\/cropped-IN-LOGO.png?fit=1476%2C1476&ssl=1\",\"width\":1476,\"height\":1476,\"caption\":\"innoticiasbo.com\"},\"image\":{\"@id\":\"https:\/\/innoticiasbo.com\/#\/schema\/logo\/image\/\"},\"sameAs\":[\"https:\/\/www.facebook.com\/innoticiasbolivia\",\"https:\/\/x.com\/innoticiasbo\",\"https:\/\/www.instagram.com\/innoticiasbo\",\"https:\/\/www.youtube.com\/innoticiasbo\"]},{\"@type\":\"Person\",\"@id\":\"https:\/\/innoticiasbo.com\/#\/schema\/person\/8c935b6b11c0223d8f77dc01fc948202\",\"name\":\"Eliza Riva\",\"image\":{\"@type\":\"ImageObject\",\"inLanguage\":\"es\",\"@id\":\"https:\/\/innoticiasbo.com\/#\/schema\/person\/image\/\",\"url\":\"https:\/\/secure.gravatar.com\/avatar\/fdc172c2af344133d19e57e4b7acdee4?s=96&d=mm&r=g\",\"contentUrl\":\"https:\/\/secure.gravatar.com\/avatar\/fdc172c2af344133d19e57e4b7acdee4?s=96&d=mm&r=g\",\"caption\":\"Eliza Riva\"},\"sameAs\":[\"http:\/\/www.innoticiasbo.com\"],\"url\":\"https:\/\/innoticiasbo.com\/index.php\/author\/prensa-4\/\"}]}<\/script>\n<!-- \/ Yoast SEO plugin. -->","yoast_head_json":{"title":"COCHABAMBA: FISCAL\u00cdA, POLIC\u00cdA Y ALCALD\u00cdA COORDINAR\u00c1N ACCIONES PARA FORTALECER LA ATENCI\u00d3N A V\u00cdCTIMAS DE VIOLENCIA - innoticiasbo.com","robots":{"index":"index","follow":"follow","max-snippet":"max-snippet:-1","max-image-preview":"max-image-preview:large","max-video-preview":"max-video-preview:-1"},"canonical":"https:\/\/innoticiasbo.com\/index.php\/2025\/01\/03\/cochabamba-fiscalia-policia-y-alcaldia-coordinaran-acciones-para-fortalecer-la-atencion-a-victimas-de-violencia\/","og_locale":"es_ES","og_type":"article","og_title":"COCHABAMBA: FISCAL\u00cdA, POLIC\u00cdA Y ALCALD\u00cdA COORDINAR\u00c1N ACCIONES PARA FORTALECER LA ATENCI\u00d3N A V\u00cdCTIMAS DE VIOLENCIA - innoticiasbo.com","og_description":"Cochabamba, 3 de enero, 2024.- El Fiscal Departamental de Cochabamba, Osvaldo Tejerina R\u00edos, sostuvo hoy una reuni\u00f3n con el Comandante Departamental de la Polic\u00eda, Edson Claure, y la Secretaria de Desarrollo Humano del Gobierno Aut\u00f3nomo Municipal de Cercado, Jenny Rivera, con quienes acordaron coordinar acciones para fortalecer la atenci\u00f3n prioritaria de las v\u00edctimas de violencia...","og_url":"https:\/\/innoticiasbo.com\/index.php\/2025\/01\/03\/cochabamba-fiscalia-policia-y-alcaldia-coordinaran-acciones-para-fortalecer-la-atencion-a-victimas-de-violencia\/","og_site_name":"innoticiasbo.com","article_publisher":"https:\/\/www.facebook.com\/innoticiasbolivia","article_published_time":"2025-01-04T02:24:09+00:00","og_image":[{"width":1600,"height":1066,"url":"https:\/\/i0.wp.com\/innoticiasbo.com\/wp-content\/uploads\/2025\/01\/c42695e5-7ac5-400c-8b92-b6d493e4fb6a-1.jpg?fit=1600%2C1066&ssl=1","type":"image\/jpeg"}],"author":"Eliza Riva","twitter_card":"summary_large_image","twitter_creator":"@innoticiasbo","twitter_site":"@innoticiasbo","twitter_misc":{"Escrito por":"Eliza Riva","Tiempo de lectura":"1 minuto"},"schema":{"@context":"https:\/\/schema.org","@graph":[{"@type":"Article","@id":"https:\/\/innoticiasbo.com\/index.php\/2025\/01\/03\/cochabamba-fiscalia-policia-y-alcaldia-coordinaran-acciones-para-fortalecer-la-atencion-a-victimas-de-violencia\/#article","isPartOf":{"@id":"https:\/\/innoticiasbo.com\/index.php\/2025\/01\/03\/cochabamba-fiscalia-policia-y-alcaldia-coordinaran-acciones-para-fortalecer-la-atencion-a-victimas-de-violencia\/"},"author":{"name":"Eliza Riva","@id":"https:\/\/innoticiasbo.com\/#\/schema\/person\/8c935b6b11c0223d8f77dc01fc948202"},"headline":"COCHABAMBA: FISCAL\u00cdA, POLIC\u00cdA Y ALCALD\u00cdA COORDINAR\u00c1N ACCIONES PARA FORTALECER LA ATENCI\u00d3N A V\u00cdCTIMAS DE VIOLENCIA","datePublished":"2025-01-04T02:24:09+00:00","dateModified":"2025-01-04T02:24:09+00:00","mainEntityOfPage":{"@id":"https:\/\/innoticiasbo.com\/index.php\/2025\/01\/03\/cochabamba-fiscalia-policia-y-alcaldia-coordinaran-acciones-para-fortalecer-la-atencion-a-victimas-de-violencia\/"},"wordCount":263,"publisher":{"@id":"https:\/\/innoticiasbo.com\/#organization"},"image":{"@id":"https:\/\/innoticiasbo.com\/index.php\/2025\/01\/03\/cochabamba-fiscalia-policia-y-alcaldia-coordinaran-acciones-para-fortalecer-la-atencion-a-victimas-de-violencia\/#primaryimage"},"thumbnailUrl":"https:\/\/i0.wp.com\/innoticiasbo.com\/wp-content\/uploads\/2025\/01\/c42695e5-7ac5-400c-8b92-b6d493e4fb6a-1.jpg?fit=1600%2C1066&ssl=1","articleSection":["Bolivia"],"inLanguage":"es"},{"@type":"WebPage","@id":"https:\/\/innoticiasbo.com\/index.php\/2025\/01\/03\/cochabamba-fiscalia-policia-y-alcaldia-coordinaran-acciones-para-fortalecer-la-atencion-a-victimas-de-violencia\/","url":"https:\/\/innoticiasbo.com\/index.php\/2025\/01\/03\/cochabamba-fiscalia-policia-y-alcaldia-coordinaran-acciones-para-fortalecer-la-atencion-a-victimas-de-violencia\/","name":"COCHABAMBA: FISCAL\u00cdA, POLIC\u00cdA Y ALCALD\u00cdA COORDINAR\u00c1N ACCIONES PARA FORTALECER LA ATENCI\u00d3N A V\u00cdCTIMAS DE VIOLENCIA - innoticiasbo.com","isPartOf":{"@id":"https:\/\/innoticiasbo.com\/#website"},"primaryImageOfPage":{"@id":"https:\/\/innoticiasbo.com\/index.php\/2025\/01\/03\/cochabamba-fiscalia-policia-y-alcaldia-coordinaran-acciones-para-fortalecer-la-atencion-a-victimas-de-violencia\/#primaryimage"},"image":{"@id":"https:\/\/innoticiasbo.com\/index.php\/2025\/01\/03\/cochabamba-fiscalia-policia-y-alcaldia-coordinaran-acciones-para-fortalecer-la-atencion-a-victimas-de-violencia\/#primaryimage"},"thumbnailUrl":"https:\/\/i0.wp.com\/innoticiasbo.com\/wp-content\/uploads\/2025\/01\/c42695e5-7ac5-400c-8b92-b6d493e4fb6a-1.jpg?fit=1600%2C1066&ssl=1","datePublished":"2025-01-04T02:24:09+00:00","dateModified":"2025-01-04T02:24:09+00:00","breadcrumb":{"@id":"https:\/\/innoticiasbo.com\/index.php\/2025\/01\/03\/cochabamba-fiscalia-policia-y-alcaldia-coordinaran-acciones-para-fortalecer-la-atencion-a-victimas-de-violencia\/#breadcrumb"},"inLanguage":"es","potentialAction":[{"@type":"ReadAction","target":["https:\/\/innoticiasbo.com\/index.php\/2025\/01\/03\/cochabamba-fiscalia-policia-y-alcaldia-coordinaran-acciones-para-fortalecer-la-atencion-a-victimas-de-violencia\/"]}]},{"@type":"ImageObject","inLanguage":"es","@id":"https:\/\/innoticiasbo.com\/index.php\/2025\/01\/03\/cochabamba-fiscalia-policia-y-alcaldia-coordinaran-acciones-para-fortalecer-la-atencion-a-victimas-de-violencia\/#primaryimage","url":"https:\/\/i0.wp.com\/innoticiasbo.com\/wp-content\/uploads\/2025\/01\/c42695e5-7ac5-400c-8b92-b6d493e4fb6a-1.jpg?fit=1600%2C1066&ssl=1","contentUrl":"https:\/\/i0.wp.com\/innoticiasbo.com\/wp-content\/uploads\/2025\/01\/c42695e5-7ac5-400c-8b92-b6d493e4fb6a-1.jpg?fit=1600%2C1066&ssl=1","width":1600,"height":1066},{"@type":"BreadcrumbList","@id":"https:\/\/innoticiasbo.com\/index.php\/2025\/01\/03\/cochabamba-fiscalia-policia-y-alcaldia-coordinaran-acciones-para-fortalecer-la-atencion-a-victimas-de-violencia\/#breadcrumb","itemListElement":[{"@type":"ListItem","position":1,"name":"Portada","item":"https:\/\/innoticiasbo.com\/"},{"@type":"ListItem","position":2,"name":"COCHABAMBA: FISCAL\u00cdA, POLIC\u00cdA Y ALCALD\u00cdA COORDINAR\u00c1N ACCIONES PARA FORTALECER LA ATENCI\u00d3N A V\u00cdCTIMAS DE VIOLENCIA"}]},{"@type":"WebSite","@id":"https:\/\/innoticiasbo.com\/#website","url":"https:\/\/innoticiasbo.com\/","name":"innoticiasbo.com","description":"","publisher":{"@id":"https:\/\/innoticiasbo.com\/#organization"},"potentialAction":[{"@type":"SearchAction","target":{"@type":"EntryPoint","urlTemplate":"https:\/\/innoticiasbo.com\/?s={search_term_string}"},"query-input":{"@type":"PropertyValueSpecification","valueRequired":true,"valueName":"search_term_string"}}],"inLanguage":"es"},{"@type":"Organization","@id":"https:\/\/innoticiasbo.com\/#organization","name":"innoticiasbo.com","url":"https:\/\/innoticiasbo.com\/","logo":{"@type":"ImageObject","inLanguage":"es","@id":"https:\/\/innoticiasbo.com\/#\/schema\/logo\/image\/","url":"https:\/\/i0.wp.com\/innoticiasbo.com\/wp-content\/uploads\/2026\/04\/cropped-IN-LOGO.png?fit=1476%2C1476&ssl=1","contentUrl":"https:\/\/i0.wp.com\/innoticiasbo.com\/wp-content\/uploads\/2026\/04\/cropped-IN-LOGO.png?fit=1476%2C1476&ssl=1","width":1476,"height":1476,"caption":"innoticiasbo.com"},"image":{"@id":"https:\/\/innoticiasbo.com\/#\/schema\/logo\/image\/"},"sameAs":["https:\/\/www.facebook.com\/innoticiasbolivia","https:\/\/x.com\/innoticiasbo","https:\/\/www.instagram.com\/innoticiasbo","https:\/\/www.youtube.com\/innoticiasbo"]},{"@type":"Person","@id":"https:\/\/innoticiasbo.com\/#\/schema\/person\/8c935b6b11c0223d8f77dc01fc948202","name":"Eliza Riva","image":{"@type":"ImageObject","inLanguage":"es","@id":"https:\/\/innoticiasbo.com\/#\/schema\/person\/image\/","url":"https:\/\/secure.gravatar.com\/avatar\/fdc172c2af344133d19e57e4b7acdee4?s=96&d=mm&r=g","contentUrl":"https:\/\/secure.gravatar.com\/avatar\/fdc172c2af344133d19e57e4b7acdee4?s=96&d=mm&r=g","caption":"Eliza Riva"},"sameAs":["http:\/\/www.innoticiasbo.com"],"url":"https:\/\/innoticiasbo.com\/index.php\/author\/prensa-4\/"}]}},"jetpack_featured_media_url":"https:\/\/i0.wp.com\/innoticiasbo.com\/wp-content\/uploads\/2025\/01\/c42695e5-7ac5-400c-8b92-b6d493e4fb6a-1.jpg?fit=1600%2C1066&ssl=1","jetpack_likes_enabled":true,"jetpack_sharing_enabled":true,"jetpack_shortlink":"https:\/\/wp.me\/pg298x-Sz","_links":{"self":[{"href":"https:\/\/innoticiasbo.com\/index.php\/wp-json\/wp\/v2\/posts\/3383","targetHints":{"allow":["GET"]}}],"collection":[{"href":"https:\/\/innoticiasbo.com\/index.php\/wp-json\/wp\/v2\/posts"}],"about":[{"href":"https:\/\/innoticiasbo.com\/index.php\/wp-json\/wp\/v2\/types\/post"}],"author":[{"embeddable":true,"href":"https:\/\/innoticiasbo.com\/index.php\/wp-json\/wp\/v2\/users\/6"}],"replies":[{"embeddable":true,"href":"https:\/\/innoticiasbo.com\/index.php\/wp-json\/wp\/v2\/comments?post=3383"}],"version-history":[{"count":1,"href":"https:\/\/innoticiasbo.com\/index.php\/wp-json\/wp\/v2\/posts\/3383\/revisions"}],"predecessor-version":[{"id":3384,"href":"https:\/\/innoticiasbo.com\/index.php\/wp-json\/wp\/v2\/posts\/3383\/revisions\/3384"}],"wp:featuredmedia":[{"embeddable":true,"href":"https:\/\/innoticiasbo.com\/index.php\/wp-json\/wp\/v2\/media\/3382"}],"wp:attachment":[{"href":"https:\/\/innoticiasbo.com\/index.php\/wp-json\/wp\/v2\/media?parent=3383"}],"wp:term":[{"taxonomy":"category","embeddable":true,"href":"https:\/\/innoticiasbo.com\/index.php\/wp-json\/wp\/v2\/categories?post=3383"},{"taxonomy":"post_tag","embeddable":true,"href":"https:\/\/innoticiasbo.com\/index.php\/wp-json\/wp\/v2\/tags?post=3383"}],"curies":[{"name":"wp","href":"https:\/\/api.w.org\/{rel}","templated":true}]}}