{"id":3363,"date":"2025-01-02T15:38:50","date_gmt":"2025-01-02T19:38:50","guid":{"rendered":"https:\/\/innoticiasbo.com\/?p=3363"},"modified":"2025-01-02T15:38:57","modified_gmt":"2025-01-02T19:38:57","slug":"samuel-doria-medina-el-que-firma-un-papel-y-no-cumple-esta-mostrando-que-clase-de-persona-es","status":"publish","type":"post","link":"https:\/\/innoticiasbo.com\/index.php\/2025\/01\/02\/samuel-doria-medina-el-que-firma-un-papel-y-no-cumple-esta-mostrando-que-clase-de-persona-es\/","title":{"rendered":"SAMUEL DORIA MEDINA: \u00abEL QUE FIRMA UN PAPEL Y NO CUMPLE, EST\u00c1 MOSTRANDO QU\u00c9 CLASE DE PERSONA ES\u00bb"},"content":{"rendered":"\n<p>Cochabamba, 2 de enero de 2024.- El empresario y l\u00edder de Unidad Nacional, Samuel Doria Medina convers\u00f3 con #ElAvispero<\/p>\n\n\n\n<figure class=\"wp-block-image size-large\"><img data-recalc-dims=\"1\" loading=\"lazy\" decoding=\"async\" width=\"640\" height=\"333\" src=\"https:\/\/i0.wp.com\/innoticiasbo.com\/wp-content\/uploads\/2025\/01\/screenshot_20241228_212138_canva2740106015542859111.jpg?resize=640%2C333&#038;ssl=1\" alt=\"\" class=\"wp-image-3360\" srcset=\"https:\/\/i0.wp.com\/innoticiasbo.com\/wp-content\/uploads\/2025\/01\/screenshot_20241228_212138_canva2740106015542859111.jpg?resize=1024%2C532&amp;ssl=1 1024w, https:\/\/i0.wp.com\/innoticiasbo.com\/wp-content\/uploads\/2025\/01\/screenshot_20241228_212138_canva2740106015542859111.jpg?resize=300%2C156&amp;ssl=1 300w, https:\/\/i0.wp.com\/innoticiasbo.com\/wp-content\/uploads\/2025\/01\/screenshot_20241228_212138_canva2740106015542859111.jpg?resize=768%2C399&amp;ssl=1 768w, https:\/\/i0.wp.com\/innoticiasbo.com\/wp-content\/uploads\/2025\/01\/screenshot_20241228_212138_canva2740106015542859111.jpg?w=1080&amp;ssl=1 1080w\" sizes=\"auto, (max-width: 640px) 100vw, 640px\" \/><\/figure>\n\n\n\n<p>EA.- Usted ha descartado ir de candidato a la Vicepresidencia. Dijo que usted lidera proyectos y que ser complemento no es su trabajo. \u00bfSe ratifica, es asi?<\/p>\n\n\n\n<p>SDM.- S\u00ed, s\u00ed Ang\u00e9lica. Yo creo que est\u00e1 claro el m\u00e9todo que hemos planteado, es un m\u00e9todo muy democr\u00e1tico, veamos a fines de marzo qui\u00e9n es el candidato que tiene m\u00e1s apoyo y el que tiene m\u00e1s apoyo tiene que ser el candidato y los dem\u00e1s apoyarlo, ese es el planteamiento.<\/p>\n\n\n\n<p>Incluso he visto que Manfred Reyes Villa se ha sumado, ha dicho que si \u00e9l no est\u00e1 primero en las encuestas \u00e9l se va a retirar, entonces este es el camino m\u00e1s adecuado.<\/p>\n\n\n\n<p>EA.- Luego que Tuto firmar\u00e1 con el FRI y Carlos Mesa dejara deslizar que hubo una traici\u00f3n, usted dijo que no hab\u00eda confianza. \u00bfUsted confia que este acuerdo de cuatro l\u00edderes y otros que se van sumando lo van a cumplir todos? \u00bfLo cumplir\u00e1 Tuto cuando dijo que su candidatura era \u201cirreversible\u201d?<\/p>\n\n\n\n<p>SDM.- Yo creo que fue un desliz de Tuto Quiroga, despu\u00e9s ha matizado, pero aqu\u00ed esta claro, el que firma un papel y no cumple, esta mostrando que clase de persona es. Ya hemos visto con Evo Morales que llamo a un Referendum el 21 de enero de 20216 que dijo si gana el no me voy a mi casa, gan\u00f3 el no y no cumpli\u00f3, entonces yo creo que en esta \u00e9poca esta claro que estamos viendo qui\u00e9n tiene palabra, qui\u00e9n cumple, qui\u00e9n va a cumplir en el gobierno. Si aguna persona que ha firmado el acuerdo no cumple, yo creo que solo se esta inmolando se est\u00e1 autoinmolando porque la poblaci\u00f3n lo que menos quiere en esta \u00e9poca es al politico tradicional que te dice blanco y hace negro, creo que es una gran prueba, el que firma y no cumple se autoelimina porque nadie ha obligado a nadie a firmar, entonces esa es una prueba que yo creo que toda la poblacion esta viendo. No ser\u00eda razonable que firme y que despu\u00e9s diga no no me gusta.<\/p>\n\n\n\n<p>Hemos conversado y hemos dicho se puede hacer un equipo que sea una especie de tribunal electoral del Bloque de Unidad, con gente que todos conf\u00eden, que nadie pueda dudar de su imparcialidad, hemos mencionado e Enrique Garcia por ejemplo sin haberle consultado, a varios comunicadores y no hay duda que todos confian y que ellos contraten la empresa, seleccionen la empresa, que definan la muestra y todos puedan supervisar la encuesta, de manera tal que no haya ningun reclamo y el resultado sea asumido por todos. Incluso hemos visto el caso que si hay una diferencia entre dos candidatos y esa diferencia es peque\u00f1a que esa sea menor al margen de error, tendr\u00e1 que haber una segunda vuelta solo entre esos dos candidatos para definir; de tal forma que no quede duda que es la poblaci\u00f3n la que elige.<\/p>\n\n\n\n<p>Adem\u00e1s que como se estan incorporando nuevos miembros de unidad para reunirnos todos ellos para definir muy bien el metodo de selecci\u00f2n de candidatos.<\/p>\n\n\n\n<p>E.A. Dijeron que har\u00edan un acomisi\u00f3n t\u00e9cnica, se ha sumado Amparo Ballivi\u00e1n. Si todo sale bien, si todos cumplen su palabra, en marzo tendr\u00edamos primarias organizadas por este Bloque de Unidad en el que participar\u00edan de forma irresctricta todos los bolivianos habilitados para votar?<\/p>\n\n\n\n<p>SDM.- Ser\u00eda una encuesta Ang\u00e9lica. Hemos analizado sobre la primaria digital, hemos hablado con Maria Corina Machado y en Venezuela trataron de utilizar ese m\u00e9todo y no funcion\u00f3, tuvieron problemas, en la Argentina, en el PRO, en el partido de Mauricio Macri trataron de utilizar, se metieron los peronistas a votar y les ocasionaron desorden; entonces todav\u00eda no hay tecnolog\u00eda adecuada que permita hacer una primaria digital y lo que hemos visto es que el m\u00e9todo m\u00e1s adecuado que se utiliza en muchos pa\u00edses del mundo sin ning\u00fan problema, es hacer una encuesta seria, cre\u00edble que consulte a la poblaci\u00f3n, que consulte a todos los segmentos de la poblaci\u00f3n con varios miles de encuestados, de manera tal que no haya duda que ese es el candidato preferido por la poblaci\u00f3n.<\/p>\n\n\n\n<figure class=\"wp-block-image size-large\"><img data-recalc-dims=\"1\" loading=\"lazy\" decoding=\"async\" width=\"640\" height=\"359\" src=\"https:\/\/i0.wp.com\/innoticiasbo.com\/wp-content\/uploads\/2025\/01\/screenshot_20250102_153443_capcut3911620595288398162.jpg?resize=640%2C359&#038;ssl=1\" alt=\"\" class=\"wp-image-3361\" srcset=\"https:\/\/i0.wp.com\/innoticiasbo.com\/wp-content\/uploads\/2025\/01\/screenshot_20250102_153443_capcut3911620595288398162.jpg?resize=1024%2C574&amp;ssl=1 1024w, https:\/\/i0.wp.com\/innoticiasbo.com\/wp-content\/uploads\/2025\/01\/screenshot_20250102_153443_capcut3911620595288398162.jpg?resize=300%2C168&amp;ssl=1 300w, https:\/\/i0.wp.com\/innoticiasbo.com\/wp-content\/uploads\/2025\/01\/screenshot_20250102_153443_capcut3911620595288398162.jpg?resize=768%2C431&amp;ssl=1 768w, https:\/\/i0.wp.com\/innoticiasbo.com\/wp-content\/uploads\/2025\/01\/screenshot_20250102_153443_capcut3911620595288398162.jpg?w=1075&amp;ssl=1 1075w\" sizes=\"auto, (max-width: 640px) 100vw, 640px\" \/><\/figure>\n\n\n\n<p>E.A. Como bloque ya se han reunido, tienen agenda para el a\u00f1o. \u00bfHay proposiciones de revisi\u00f3n del padron electoral? Se har\u00e1 seguimiento a las elecciones viendo el caso de Venezuela? C\u00f3mo van a trabajar para garantizar que se cumpla la normativa?<\/p>\n\n\n\n<p>SDM.- Como mencionaba Liza, hemos designado un representante a este equipo t\u00e9cnico y ese equipo ya tiene una serie de tareas. Est\u00e1 el tema de la revisi\u00f3n del padr\u00f3n y una serie de elementos necesarios para garantizar que tengamos elecciones limpias en agosto de este a\u00f1o y tambi\u00e9n hemos acordado que nos vamos a pronunciar de manera conjunta sobre el tema Venezuela, que tendr\u00e1 un momento importante este 10 de enero, cuando tiene que asumir el nuevo gobierno.<\/p>\n\n\n\n<p>E.A.- Mencion\u00f3 a Reyes Villa quien, dijo que si no va primero en las encuestas y si le \u201csacar\u00edan 8 a 10 puntos bajar\u00eda su candidatura. Lo cree posible?<\/p>\n\n\n\n<p>SDM.- Una precisi\u00f3n. No es que alguien diga arbitrariamente si me superan en 8 o en 15, no es as\u00ed; lo que t\u00e9cnicamente es adecuado, lo l\u00f3gico es que haya una diferencia superior al margen de error, una encuesta siempre tiene margen de error de m\u00e1s 1 menos 1%, m\u00e1s 2 menos 2%. Si es una diferencia de 3 est\u00e1 claro que no es el margen de error, hecha esa aclaraci\u00f3n, yo creo que es positivo que el alcalde de Cochabamba se haya dado cuenta que la unidad es una demanda nacional, no queremos que se divida el voto porque por ejemplo el a\u00f1o 2019 si Oscar Ortiz dejaba su candidatura y no era candidato, Carlos Mesa hubiera tenido una votaci\u00f3n tal que hubieramos tenido una segunda vuelta, pero como Ortiz se mantuvo y los Dem\u00f3cratas mantuvieron esa candidatura que sac\u00f3 menos de 5 % pero; esos puntos perjudicaron y el MAS vio que como la diferencia era peque\u00f1a y se animaron a hacer un fraude, hicieron un fraude que nos llev\u00f3 a todo lo que ha vivido el pais desde el 2019.<br \/>Imag\u00ednate, podriamos haber tenido transici\u00f3n democratica por el voto si es que no habria habido esa disperi\u00f3n, entonces, esa es la raz\u00f3n por la que la poblaci\u00f3n no quiere que se divida el voto, la poblaci\u00f3n quiere que haya esta unidad.<\/p>\n\n\n\n<p>E.A.- A Tuto lo acusan de haber acompa\u00f1ado a Evo a que fugue del pa\u00eds cuando se pod\u00eda quitar la personeria al MAS, a Manfred lo acusan de \u201carcista\u201d porque le habr\u00edan levantado sus procesos penales; a usted lo acusan de haber sido parte de la gesti\u00f3n de Jeanine A\u00f1ez con gente como Arturo Murillo, Marcel Rivas, Marcelo navajas, Jaime Navarro, y otros \u00bfQu\u00e9 responde?<\/p>\n\n\n\n<p>SDM.- Unidad Nacional no fue parte del gobierno de Jeanine A\u00f1ez, Arturo Murillo fue elegido senador por Unidad Dem\u00f3crata y despu\u00e9s se alejo Murillo y se acerc\u00f3 m\u00e1s a los Dem\u00f3cratas y ya no participaba en Unidad Nacional, eso era de car\u00e1cter p\u00fablico \u00bfno es verdad? y est\u00e1 registrado en la prensa, eso es muy claro.<\/p>\n\n\n\n<p>Jaime Navarro no particip\u00f3 en el gobierno de A\u00f1ez, es falso. Marcelo Navajas era un m\u00e9dico profesional que se invit\u00f3 al gobierno de Jeanine A\u00f1ez por lo tanto, claro son argumentos que utilizan, pero en un inicio se pensaba que Jeanine pod\u00eda ser la transici\u00f3n hacia una nueva etapa democr\u00e1tica y a pedido de muchos sectores yo fui de candidato a vicepresidente, pero cuando vimos que no era posible, nosotros fuimos los primeros en hablar con Jeaanine y hacer que se levante esa candidatura, para que no haya divisi\u00f3n, porque Jeanine no iba a ser un factor de unidad sino un factor de divisi\u00f3n y ningun militante de Unidad Nacional particip\u00f3 en el gobierno de Jeanine, eso se puede demostrar, claro se le puede preguntar a la misma Jeanine, en ning\u00fan momento particip\u00f3 nadie de Unidad Nacional en ese momento.<\/p>\n\n\n\n<p>E.A. Cuando Samuel publica en su cuenta X inmediatamente responde Branko Marinkovic quien sale a criticar. \u00bfQu\u00e9 le decimos a la gente, vamos a lograr el bloque opositor?<\/p>\n\n\n\n<p>SDM.- El hecho que se haya firmado un acuerdo de unidad es una prueba de que hay unidad, hay un Bloque de Unidad, se han sumado ya otros candidatos y esperamos que se sumen otros m\u00e1s, entonces hay un principio de unidad y obviamente hay sectores que son m\u00e1s marginales dir\u00edamos desde le punto de vista politico, no son l\u00edderes nacionales que creen que pueden adquirir relevancia siendo opositores a la unidad, estrell\u00e1ndose contra la unidad, entonces eso siempre vamos a ver en una elecci\u00f3n, alguien que quiere tene notoriedad, porque no es un l\u00edder nacional, va a atacar a uno y a otro; pero nosotros estamos para construir unidad y discutir los temas que le interesan a la poblaci\u00f3n.<\/p>\n\n\n\n<p>Yo tengo la confianza Angelica, Liza que cuando la poblaci\u00f3n analice, va a ver que yo tengo un trabajo de m\u00e1s de 30 a\u00f1os en el pa\u00eds. No soy un pol\u00edtico profesional, soy fundamentalmente un empresario que he cambiado totalmente la industria del cemento en el pa\u00eds, he construido los edifcios m\u00e1s importantes en La Paz, en Santa Cruz, he desarrollado la hoteler\u00eda, la industria de la comida r\u00e1pida. Yo soy una persona que lo que dice cumple y la poblaci\u00f3n no tiene que pensar mucho, no tiene que investigar mucho porque todas las obras que yo he hecho est\u00e1n a la vista, est\u00e1n para revisarse, para analizarse; y yo creo que hay gente que no tiene esos antecedentes, que no tiene esos logros para mostrarle a la poblaci\u00f3n y entonces recurre al insulto, al ataque.<\/p>\n\n\n\n<p>EA.- \u00bfCree Samuel en las encuestas? En la de Marcelo Claure lo destacan como un lider en crecimiento, en el sondeo digital de El Bunker va tercero tras Manfred y Tuto y en el sondeo de facebook del colega periodista Jhon Arandia aparece como tercero tambi\u00e9n.<\/p>\n\n\n\n<p>SDM.- Hay que diferenciar, una cosa son las encuestas que se hacen con un m\u00e9todo cient\u00edfico, de establece desde cierta edad y de cierto nivel econ\u00f3mico y se consulta a esas personas; otra cosa muy diferente es sacar en las redes sociales una votaci\u00f3n, esas votaciones en las redes sociales, por ejemplo si alguien tiene el acceso o el poder a una instituci\u00f3n p\u00f9blica, f\u00e1cilmente puede instruir que todos los empleados de esa instituci\u00f3n voten por ese candidato o inclusive en esta \u00e9poca se puede comprar votos en las redes sociales, entonces eso no es representativo eso no es una encuesta, lo mismo, lo que hizo Jhon Arandia, \u00e9l no controla, no es una muestra representativa de la poblaci\u00f3n, podr\u00e1 tener gran n\u00famero de personas que participen, pero puede ser, he visto que han hecho que algunos de estos sondeos digitales se hicieron en Facebook, en Facebook est\u00e1 la gente de mayor edad, en cambio no est\u00e1n tomando en cuenta los m\u00e1s j\u00f3venes, entonces esto cl\u00e1ramente se presta a que la gente y los operadores voten.<\/p>\n\n\n\n<p>A mi me han ofrecido miles de votos, pero no, yo cuando yo he entrado a la pol\u00edtica, he entrado con la claridad de que no voy avender mi alma Al dialo. Hay gente que cree que mostrando estos sondeos va a lograr que la gente se imagine que est\u00e1 mejor un candidato y no otro, pero eso est\u00e1 compobado cient\u00edficamente de que no es as\u00ed.<\/p>\n","protected":false},"excerpt":{"rendered":"<p>Cochabamba, 2 de enero de 2024.- El empresario y l\u00edder de Unidad Nacional, Samuel Doria Medina convers\u00f3 con #ElAvispero EA.- Usted ha descartado ir de candidato a la Vicepresidencia. Dijo que usted lidera proyectos y que ser complemento no es su trabajo. \u00bfSe ratifica, es asi? SDM.- S\u00ed, s\u00ed Ang\u00e9lica. Yo creo que est\u00e1 claro&#8230;<\/p>\n","protected":false},"author":2,"featured_media":3362,"comment_status":"open","ping_status":"open","sticky":false,"template":"","format":"standard","meta":{"_jetpack_memberships_contains_paid_content":false,"footnotes":"","jetpack_publicize_message":"","jetpack_publicize_feature_enabled":true,"jetpack_social_post_already_shared":true,"jetpack_social_options":{"image_generator_settings":{"template":"highway","enabled":false},"version":2}},"categories":[1,3],"tags":[],"class_list":["post-3363","post","type-post","status-publish","format-standard","has-post-thumbnail","hentry","category-bolivia","category-politica"],"jetpack_publicize_connections":[],"yoast_head":"<!-- This site is optimized with the Yoast SEO plugin v23.4 - https:\/\/yoast.com\/wordpress\/plugins\/seo\/ -->\n<title>SAMUEL DORIA MEDINA: &quot;EL QUE FIRMA UN PAPEL Y NO CUMPLE, EST\u00c1 MOSTRANDO QU\u00c9 CLASE DE PERSONA ES&quot; - innoticiasbo.com<\/title>\n<meta name=\"robots\" content=\"index, follow, max-snippet:-1, max-image-preview:large, max-video-preview:-1\" \/>\n<link rel=\"canonical\" href=\"https:\/\/innoticiasbo.com\/index.php\/2025\/01\/02\/samuel-doria-medina-el-que-firma-un-papel-y-no-cumple-esta-mostrando-que-clase-de-persona-es\/\" \/>\n<meta property=\"og:locale\" content=\"es_ES\" \/>\n<meta property=\"og:type\" content=\"article\" \/>\n<meta property=\"og:title\" content=\"SAMUEL DORIA MEDINA: &quot;EL QUE FIRMA UN PAPEL Y NO CUMPLE, EST\u00c1 MOSTRANDO QU\u00c9 CLASE DE PERSONA ES&quot; - innoticiasbo.com\" \/>\n<meta property=\"og:description\" content=\"Cochabamba, 2 de enero de 2024.- El empresario y l\u00edder de Unidad Nacional, Samuel Doria Medina convers\u00f3 con #ElAvispero EA.- Usted ha descartado ir de candidato a la Vicepresidencia. Dijo que usted lidera proyectos y que ser complemento no es su trabajo. \u00bfSe ratifica, es asi? SDM.- S\u00ed, s\u00ed Ang\u00e9lica. Yo creo que est\u00e1 claro...\" \/>\n<meta property=\"og:url\" content=\"https:\/\/innoticiasbo.com\/index.php\/2025\/01\/02\/samuel-doria-medina-el-que-firma-un-papel-y-no-cumple-esta-mostrando-que-clase-de-persona-es\/\" \/>\n<meta property=\"og:site_name\" content=\"innoticiasbo.com\" \/>\n<meta property=\"article:publisher\" content=\"https:\/\/www.facebook.com\/innoticiasbolivia\" \/>\n<meta property=\"article:published_time\" content=\"2025-01-02T19:38:50+00:00\" \/>\n<meta property=\"article:modified_time\" content=\"2025-01-02T19:38:57+00:00\" \/>\n<meta property=\"og:image\" content=\"https:\/\/i0.wp.com\/innoticiasbo.com\/wp-content\/uploads\/2025\/01\/Screenshot_20250102_153443_CapCut.jpg?fit=1075%2C603&ssl=1\" \/>\n\t<meta property=\"og:image:width\" content=\"1075\" \/>\n\t<meta property=\"og:image:height\" content=\"603\" \/>\n\t<meta property=\"og:image:type\" content=\"image\/jpeg\" \/>\n<meta name=\"author\" content=\"Prensa\" \/>\n<meta name=\"twitter:card\" content=\"summary_large_image\" \/>\n<meta name=\"twitter:creator\" content=\"@innoticiasbo\" \/>\n<meta name=\"twitter:site\" content=\"@innoticiasbo\" \/>\n<meta name=\"twitter:label1\" content=\"Escrito por\" \/>\n\t<meta name=\"twitter:data1\" content=\"Prensa\" \/>\n\t<meta name=\"twitter:label2\" content=\"Tiempo de lectura\" \/>\n\t<meta name=\"twitter:data2\" content=\"10 minutos\" \/>\n<script type=\"application\/ld+json\" class=\"yoast-schema-graph\">{\"@context\":\"https:\/\/schema.org\",\"@graph\":[{\"@type\":\"Article\",\"@id\":\"https:\/\/innoticiasbo.com\/index.php\/2025\/01\/02\/samuel-doria-medina-el-que-firma-un-papel-y-no-cumple-esta-mostrando-que-clase-de-persona-es\/#article\",\"isPartOf\":{\"@id\":\"https:\/\/innoticiasbo.com\/index.php\/2025\/01\/02\/samuel-doria-medina-el-que-firma-un-papel-y-no-cumple-esta-mostrando-que-clase-de-persona-es\/\"},\"author\":{\"name\":\"Prensa\",\"@id\":\"https:\/\/innoticiasbo.com\/#\/schema\/person\/589cd527c4211df1b943bdad85ec07ce\"},\"headline\":\"SAMUEL DORIA MEDINA: \u00abEL QUE FIRMA UN PAPEL Y NO CUMPLE, EST\u00c1 MOSTRANDO QU\u00c9 CLASE DE PERSONA ES\u00bb\",\"datePublished\":\"2025-01-02T19:38:50+00:00\",\"dateModified\":\"2025-01-02T19:38:57+00:00\",\"mainEntityOfPage\":{\"@id\":\"https:\/\/innoticiasbo.com\/index.php\/2025\/01\/02\/samuel-doria-medina-el-que-firma-un-papel-y-no-cumple-esta-mostrando-que-clase-de-persona-es\/\"},\"wordCount\":2053,\"commentCount\":0,\"publisher\":{\"@id\":\"https:\/\/innoticiasbo.com\/#organization\"},\"image\":{\"@id\":\"https:\/\/innoticiasbo.com\/index.php\/2025\/01\/02\/samuel-doria-medina-el-que-firma-un-papel-y-no-cumple-esta-mostrando-que-clase-de-persona-es\/#primaryimage\"},\"thumbnailUrl\":\"https:\/\/i0.wp.com\/innoticiasbo.com\/wp-content\/uploads\/2025\/01\/Screenshot_20250102_153443_CapCut.jpg?fit=1075%2C603&ssl=1\",\"articleSection\":[\"Bolivia\",\"Pol\u00edtica\"],\"inLanguage\":\"es\",\"potentialAction\":[{\"@type\":\"CommentAction\",\"name\":\"Comment\",\"target\":[\"https:\/\/innoticiasbo.com\/index.php\/2025\/01\/02\/samuel-doria-medina-el-que-firma-un-papel-y-no-cumple-esta-mostrando-que-clase-de-persona-es\/#respond\"]}]},{\"@type\":\"WebPage\",\"@id\":\"https:\/\/innoticiasbo.com\/index.php\/2025\/01\/02\/samuel-doria-medina-el-que-firma-un-papel-y-no-cumple-esta-mostrando-que-clase-de-persona-es\/\",\"url\":\"https:\/\/innoticiasbo.com\/index.php\/2025\/01\/02\/samuel-doria-medina-el-que-firma-un-papel-y-no-cumple-esta-mostrando-que-clase-de-persona-es\/\",\"name\":\"SAMUEL DORIA MEDINA: \\\"EL QUE FIRMA UN PAPEL Y NO CUMPLE, EST\u00c1 MOSTRANDO QU\u00c9 CLASE DE PERSONA ES\\\" - innoticiasbo.com\",\"isPartOf\":{\"@id\":\"https:\/\/innoticiasbo.com\/#website\"},\"primaryImageOfPage\":{\"@id\":\"https:\/\/innoticiasbo.com\/index.php\/2025\/01\/02\/samuel-doria-medina-el-que-firma-un-papel-y-no-cumple-esta-mostrando-que-clase-de-persona-es\/#primaryimage\"},\"image\":{\"@id\":\"https:\/\/innoticiasbo.com\/index.php\/2025\/01\/02\/samuel-doria-medina-el-que-firma-un-papel-y-no-cumple-esta-mostrando-que-clase-de-persona-es\/#primaryimage\"},\"thumbnailUrl\":\"https:\/\/i0.wp.com\/innoticiasbo.com\/wp-content\/uploads\/2025\/01\/Screenshot_20250102_153443_CapCut.jpg?fit=1075%2C603&ssl=1\",\"datePublished\":\"2025-01-02T19:38:50+00:00\",\"dateModified\":\"2025-01-02T19:38:57+00:00\",\"breadcrumb\":{\"@id\":\"https:\/\/innoticiasbo.com\/index.php\/2025\/01\/02\/samuel-doria-medina-el-que-firma-un-papel-y-no-cumple-esta-mostrando-que-clase-de-persona-es\/#breadcrumb\"},\"inLanguage\":\"es\",\"potentialAction\":[{\"@type\":\"ReadAction\",\"target\":[\"https:\/\/innoticiasbo.com\/index.php\/2025\/01\/02\/samuel-doria-medina-el-que-firma-un-papel-y-no-cumple-esta-mostrando-que-clase-de-persona-es\/\"]}]},{\"@type\":\"ImageObject\",\"inLanguage\":\"es\",\"@id\":\"https:\/\/innoticiasbo.com\/index.php\/2025\/01\/02\/samuel-doria-medina-el-que-firma-un-papel-y-no-cumple-esta-mostrando-que-clase-de-persona-es\/#primaryimage\",\"url\":\"https:\/\/i0.wp.com\/innoticiasbo.com\/wp-content\/uploads\/2025\/01\/Screenshot_20250102_153443_CapCut.jpg?fit=1075%2C603&ssl=1\",\"contentUrl\":\"https:\/\/i0.wp.com\/innoticiasbo.com\/wp-content\/uploads\/2025\/01\/Screenshot_20250102_153443_CapCut.jpg?fit=1075%2C603&ssl=1\",\"width\":1075,\"height\":603},{\"@type\":\"BreadcrumbList\",\"@id\":\"https:\/\/innoticiasbo.com\/index.php\/2025\/01\/02\/samuel-doria-medina-el-que-firma-un-papel-y-no-cumple-esta-mostrando-que-clase-de-persona-es\/#breadcrumb\",\"itemListElement\":[{\"@type\":\"ListItem\",\"position\":1,\"name\":\"Portada\",\"item\":\"https:\/\/innoticiasbo.com\/\"},{\"@type\":\"ListItem\",\"position\":2,\"name\":\"SAMUEL DORIA MEDINA: \u00abEL QUE FIRMA UN PAPEL Y NO CUMPLE, EST\u00c1 MOSTRANDO QU\u00c9 CLASE DE PERSONA ES\u00bb\"}]},{\"@type\":\"WebSite\",\"@id\":\"https:\/\/innoticiasbo.com\/#website\",\"url\":\"https:\/\/innoticiasbo.com\/\",\"name\":\"innoticiasbo.com\",\"description\":\"\",\"publisher\":{\"@id\":\"https:\/\/innoticiasbo.com\/#organization\"},\"potentialAction\":[{\"@type\":\"SearchAction\",\"target\":{\"@type\":\"EntryPoint\",\"urlTemplate\":\"https:\/\/innoticiasbo.com\/?s={search_term_string}\"},\"query-input\":{\"@type\":\"PropertyValueSpecification\",\"valueRequired\":true,\"valueName\":\"search_term_string\"}}],\"inLanguage\":\"es\"},{\"@type\":\"Organization\",\"@id\":\"https:\/\/innoticiasbo.com\/#organization\",\"name\":\"innoticiasbo.com\",\"url\":\"https:\/\/innoticiasbo.com\/\",\"logo\":{\"@type\":\"ImageObject\",\"inLanguage\":\"es\",\"@id\":\"https:\/\/innoticiasbo.com\/#\/schema\/logo\/image\/\",\"url\":\"https:\/\/i0.wp.com\/innoticiasbo.com\/wp-content\/uploads\/2026\/04\/cropped-IN-LOGO.png?fit=1476%2C1476&ssl=1\",\"contentUrl\":\"https:\/\/i0.wp.com\/innoticiasbo.com\/wp-content\/uploads\/2026\/04\/cropped-IN-LOGO.png?fit=1476%2C1476&ssl=1\",\"width\":1476,\"height\":1476,\"caption\":\"innoticiasbo.com\"},\"image\":{\"@id\":\"https:\/\/innoticiasbo.com\/#\/schema\/logo\/image\/\"},\"sameAs\":[\"https:\/\/www.facebook.com\/innoticiasbolivia\",\"https:\/\/x.com\/innoticiasbo\",\"https:\/\/www.instagram.com\/innoticiasbo\",\"https:\/\/www.youtube.com\/innoticiasbo\"]},{\"@type\":\"Person\",\"@id\":\"https:\/\/innoticiasbo.com\/#\/schema\/person\/589cd527c4211df1b943bdad85ec07ce\",\"name\":\"Prensa\",\"image\":{\"@type\":\"ImageObject\",\"inLanguage\":\"es\",\"@id\":\"https:\/\/innoticiasbo.com\/#\/schema\/person\/image\/\",\"url\":\"https:\/\/secure.gravatar.com\/avatar\/d359bbdf112023c1c0a3ec7fe1600657?s=96&d=mm&r=g\",\"contentUrl\":\"https:\/\/secure.gravatar.com\/avatar\/d359bbdf112023c1c0a3ec7fe1600657?s=96&d=mm&r=g\",\"caption\":\"Prensa\"},\"sameAs\":[\"http:\/\/www.innoticiasbo.com\"],\"url\":\"https:\/\/innoticiasbo.com\/index.php\/author\/prensa\/\"}]}<\/script>\n<!-- \/ Yoast SEO plugin. -->","yoast_head_json":{"title":"SAMUEL DORIA MEDINA: \"EL QUE FIRMA UN PAPEL Y NO CUMPLE, EST\u00c1 MOSTRANDO QU\u00c9 CLASE DE PERSONA ES\" - innoticiasbo.com","robots":{"index":"index","follow":"follow","max-snippet":"max-snippet:-1","max-image-preview":"max-image-preview:large","max-video-preview":"max-video-preview:-1"},"canonical":"https:\/\/innoticiasbo.com\/index.php\/2025\/01\/02\/samuel-doria-medina-el-que-firma-un-papel-y-no-cumple-esta-mostrando-que-clase-de-persona-es\/","og_locale":"es_ES","og_type":"article","og_title":"SAMUEL DORIA MEDINA: \"EL QUE FIRMA UN PAPEL Y NO CUMPLE, EST\u00c1 MOSTRANDO QU\u00c9 CLASE DE PERSONA ES\" - innoticiasbo.com","og_description":"Cochabamba, 2 de enero de 2024.- El empresario y l\u00edder de Unidad Nacional, Samuel Doria Medina convers\u00f3 con #ElAvispero EA.- Usted ha descartado ir de candidato a la Vicepresidencia. Dijo que usted lidera proyectos y que ser complemento no es su trabajo. \u00bfSe ratifica, es asi? SDM.- S\u00ed, s\u00ed Ang\u00e9lica. Yo creo que est\u00e1 claro...","og_url":"https:\/\/innoticiasbo.com\/index.php\/2025\/01\/02\/samuel-doria-medina-el-que-firma-un-papel-y-no-cumple-esta-mostrando-que-clase-de-persona-es\/","og_site_name":"innoticiasbo.com","article_publisher":"https:\/\/www.facebook.com\/innoticiasbolivia","article_published_time":"2025-01-02T19:38:50+00:00","article_modified_time":"2025-01-02T19:38:57+00:00","og_image":[{"width":1075,"height":603,"url":"https:\/\/i0.wp.com\/innoticiasbo.com\/wp-content\/uploads\/2025\/01\/Screenshot_20250102_153443_CapCut.jpg?fit=1075%2C603&ssl=1","type":"image\/jpeg"}],"author":"Prensa","twitter_card":"summary_large_image","twitter_creator":"@innoticiasbo","twitter_site":"@innoticiasbo","twitter_misc":{"Escrito por":"Prensa","Tiempo de lectura":"10 minutos"},"schema":{"@context":"https:\/\/schema.org","@graph":[{"@type":"Article","@id":"https:\/\/innoticiasbo.com\/index.php\/2025\/01\/02\/samuel-doria-medina-el-que-firma-un-papel-y-no-cumple-esta-mostrando-que-clase-de-persona-es\/#article","isPartOf":{"@id":"https:\/\/innoticiasbo.com\/index.php\/2025\/01\/02\/samuel-doria-medina-el-que-firma-un-papel-y-no-cumple-esta-mostrando-que-clase-de-persona-es\/"},"author":{"name":"Prensa","@id":"https:\/\/innoticiasbo.com\/#\/schema\/person\/589cd527c4211df1b943bdad85ec07ce"},"headline":"SAMUEL DORIA MEDINA: \u00abEL QUE FIRMA UN PAPEL Y NO CUMPLE, EST\u00c1 MOSTRANDO QU\u00c9 CLASE DE PERSONA ES\u00bb","datePublished":"2025-01-02T19:38:50+00:00","dateModified":"2025-01-02T19:38:57+00:00","mainEntityOfPage":{"@id":"https:\/\/innoticiasbo.com\/index.php\/2025\/01\/02\/samuel-doria-medina-el-que-firma-un-papel-y-no-cumple-esta-mostrando-que-clase-de-persona-es\/"},"wordCount":2053,"commentCount":0,"publisher":{"@id":"https:\/\/innoticiasbo.com\/#organization"},"image":{"@id":"https:\/\/innoticiasbo.com\/index.php\/2025\/01\/02\/samuel-doria-medina-el-que-firma-un-papel-y-no-cumple-esta-mostrando-que-clase-de-persona-es\/#primaryimage"},"thumbnailUrl":"https:\/\/i0.wp.com\/innoticiasbo.com\/wp-content\/uploads\/2025\/01\/Screenshot_20250102_153443_CapCut.jpg?fit=1075%2C603&ssl=1","articleSection":["Bolivia","Pol\u00edtica"],"inLanguage":"es","potentialAction":[{"@type":"CommentAction","name":"Comment","target":["https:\/\/innoticiasbo.com\/index.php\/2025\/01\/02\/samuel-doria-medina-el-que-firma-un-papel-y-no-cumple-esta-mostrando-que-clase-de-persona-es\/#respond"]}]},{"@type":"WebPage","@id":"https:\/\/innoticiasbo.com\/index.php\/2025\/01\/02\/samuel-doria-medina-el-que-firma-un-papel-y-no-cumple-esta-mostrando-que-clase-de-persona-es\/","url":"https:\/\/innoticiasbo.com\/index.php\/2025\/01\/02\/samuel-doria-medina-el-que-firma-un-papel-y-no-cumple-esta-mostrando-que-clase-de-persona-es\/","name":"SAMUEL DORIA MEDINA: \"EL QUE FIRMA UN PAPEL Y NO CUMPLE, EST\u00c1 MOSTRANDO QU\u00c9 CLASE DE PERSONA ES\" - innoticiasbo.com","isPartOf":{"@id":"https:\/\/innoticiasbo.com\/#website"},"primaryImageOfPage":{"@id":"https:\/\/innoticiasbo.com\/index.php\/2025\/01\/02\/samuel-doria-medina-el-que-firma-un-papel-y-no-cumple-esta-mostrando-que-clase-de-persona-es\/#primaryimage"},"image":{"@id":"https:\/\/innoticiasbo.com\/index.php\/2025\/01\/02\/samuel-doria-medina-el-que-firma-un-papel-y-no-cumple-esta-mostrando-que-clase-de-persona-es\/#primaryimage"},"thumbnailUrl":"https:\/\/i0.wp.com\/innoticiasbo.com\/wp-content\/uploads\/2025\/01\/Screenshot_20250102_153443_CapCut.jpg?fit=1075%2C603&ssl=1","datePublished":"2025-01-02T19:38:50+00:00","dateModified":"2025-01-02T19:38:57+00:00","breadcrumb":{"@id":"https:\/\/innoticiasbo.com\/index.php\/2025\/01\/02\/samuel-doria-medina-el-que-firma-un-papel-y-no-cumple-esta-mostrando-que-clase-de-persona-es\/#breadcrumb"},"inLanguage":"es","potentialAction":[{"@type":"ReadAction","target":["https:\/\/innoticiasbo.com\/index.php\/2025\/01\/02\/samuel-doria-medina-el-que-firma-un-papel-y-no-cumple-esta-mostrando-que-clase-de-persona-es\/"]}]},{"@type":"ImageObject","inLanguage":"es","@id":"https:\/\/innoticiasbo.com\/index.php\/2025\/01\/02\/samuel-doria-medina-el-que-firma-un-papel-y-no-cumple-esta-mostrando-que-clase-de-persona-es\/#primaryimage","url":"https:\/\/i0.wp.com\/innoticiasbo.com\/wp-content\/uploads\/2025\/01\/Screenshot_20250102_153443_CapCut.jpg?fit=1075%2C603&ssl=1","contentUrl":"https:\/\/i0.wp.com\/innoticiasbo.com\/wp-content\/uploads\/2025\/01\/Screenshot_20250102_153443_CapCut.jpg?fit=1075%2C603&ssl=1","width":1075,"height":603},{"@type":"BreadcrumbList","@id":"https:\/\/innoticiasbo.com\/index.php\/2025\/01\/02\/samuel-doria-medina-el-que-firma-un-papel-y-no-cumple-esta-mostrando-que-clase-de-persona-es\/#breadcrumb","itemListElement":[{"@type":"ListItem","position":1,"name":"Portada","item":"https:\/\/innoticiasbo.com\/"},{"@type":"ListItem","position":2,"name":"SAMUEL DORIA MEDINA: \u00abEL QUE FIRMA UN PAPEL Y NO CUMPLE, EST\u00c1 MOSTRANDO QU\u00c9 CLASE DE PERSONA ES\u00bb"}]},{"@type":"WebSite","@id":"https:\/\/innoticiasbo.com\/#website","url":"https:\/\/innoticiasbo.com\/","name":"innoticiasbo.com","description":"","publisher":{"@id":"https:\/\/innoticiasbo.com\/#organization"},"potentialAction":[{"@type":"SearchAction","target":{"@type":"EntryPoint","urlTemplate":"https:\/\/innoticiasbo.com\/?s={search_term_string}"},"query-input":{"@type":"PropertyValueSpecification","valueRequired":true,"valueName":"search_term_string"}}],"inLanguage":"es"},{"@type":"Organization","@id":"https:\/\/innoticiasbo.com\/#organization","name":"innoticiasbo.com","url":"https:\/\/innoticiasbo.com\/","logo":{"@type":"ImageObject","inLanguage":"es","@id":"https:\/\/innoticiasbo.com\/#\/schema\/logo\/image\/","url":"https:\/\/i0.wp.com\/innoticiasbo.com\/wp-content\/uploads\/2026\/04\/cropped-IN-LOGO.png?fit=1476%2C1476&ssl=1","contentUrl":"https:\/\/i0.wp.com\/innoticiasbo.com\/wp-content\/uploads\/2026\/04\/cropped-IN-LOGO.png?fit=1476%2C1476&ssl=1","width":1476,"height":1476,"caption":"innoticiasbo.com"},"image":{"@id":"https:\/\/innoticiasbo.com\/#\/schema\/logo\/image\/"},"sameAs":["https:\/\/www.facebook.com\/innoticiasbolivia","https:\/\/x.com\/innoticiasbo","https:\/\/www.instagram.com\/innoticiasbo","https:\/\/www.youtube.com\/innoticiasbo"]},{"@type":"Person","@id":"https:\/\/innoticiasbo.com\/#\/schema\/person\/589cd527c4211df1b943bdad85ec07ce","name":"Prensa","image":{"@type":"ImageObject","inLanguage":"es","@id":"https:\/\/innoticiasbo.com\/#\/schema\/person\/image\/","url":"https:\/\/secure.gravatar.com\/avatar\/d359bbdf112023c1c0a3ec7fe1600657?s=96&d=mm&r=g","contentUrl":"https:\/\/secure.gravatar.com\/avatar\/d359bbdf112023c1c0a3ec7fe1600657?s=96&d=mm&r=g","caption":"Prensa"},"sameAs":["http:\/\/www.innoticiasbo.com"],"url":"https:\/\/innoticiasbo.com\/index.php\/author\/prensa\/"}]}},"jetpack_featured_media_url":"https:\/\/i0.wp.com\/innoticiasbo.com\/wp-content\/uploads\/2025\/01\/Screenshot_20250102_153443_CapCut.jpg?fit=1075%2C603&ssl=1","jetpack_likes_enabled":true,"jetpack_sharing_enabled":true,"jetpack_shortlink":"https:\/\/wp.me\/pg298x-Sf","_links":{"self":[{"href":"https:\/\/innoticiasbo.com\/index.php\/wp-json\/wp\/v2\/posts\/3363","targetHints":{"allow":["GET"]}}],"collection":[{"href":"https:\/\/innoticiasbo.com\/index.php\/wp-json\/wp\/v2\/posts"}],"about":[{"href":"https:\/\/innoticiasbo.com\/index.php\/wp-json\/wp\/v2\/types\/post"}],"author":[{"embeddable":true,"href":"https:\/\/innoticiasbo.com\/index.php\/wp-json\/wp\/v2\/users\/2"}],"replies":[{"embeddable":true,"href":"https:\/\/innoticiasbo.com\/index.php\/wp-json\/wp\/v2\/comments?post=3363"}],"version-history":[{"count":1,"href":"https:\/\/innoticiasbo.com\/index.php\/wp-json\/wp\/v2\/posts\/3363\/revisions"}],"predecessor-version":[{"id":3364,"href":"https:\/\/innoticiasbo.com\/index.php\/wp-json\/wp\/v2\/posts\/3363\/revisions\/3364"}],"wp:featuredmedia":[{"embeddable":true,"href":"https:\/\/innoticiasbo.com\/index.php\/wp-json\/wp\/v2\/media\/3362"}],"wp:attachment":[{"href":"https:\/\/innoticiasbo.com\/index.php\/wp-json\/wp\/v2\/media?parent=3363"}],"wp:term":[{"taxonomy":"category","embeddable":true,"href":"https:\/\/innoticiasbo.com\/index.php\/wp-json\/wp\/v2\/categories?post=3363"},{"taxonomy":"post_tag","embeddable":true,"href":"https:\/\/innoticiasbo.com\/index.php\/wp-json\/wp\/v2\/tags?post=3363"}],"curies":[{"name":"wp","href":"https:\/\/api.w.org\/{rel}","templated":true}]}}