{"id":2852,"date":"2024-12-13T12:41:35","date_gmt":"2024-12-13T16:41:35","guid":{"rendered":"https:\/\/innoticiasbo.com\/?p=2852"},"modified":"2024-12-13T12:41:54","modified_gmt":"2024-12-13T16:41:54","slug":"reyes-villa-ya-podemos-hablar-de-manfred-presidente","status":"publish","type":"post","link":"https:\/\/innoticiasbo.com\/index.php\/2024\/12\/13\/reyes-villa-ya-podemos-hablar-de-manfred-presidente\/","title":{"rendered":"REYES VILLA: \u00abYA PODEMOS HABLAR DE MANFRED PRESIDENTE \u00ab"},"content":{"rendered":"\n<p>La Paz, 13 de diciembre de 2024.- Manfred Reyes Villa recibi\u00f3 de manos del Tribunal Supremo Electoral (TED) la personer\u00eda jur\u00eddica de su partido nacional Alianza Por Bolivia \u2013 S\u00famate \u201cAPB \u2013 S\u00famate\u201d.<\/p>\n\n\n\n<figure class=\"wp-block-image size-large\"><img data-recalc-dims=\"1\" loading=\"lazy\" decoding=\"async\" width=\"640\" height=\"450\" src=\"https:\/\/i0.wp.com\/innoticiasbo.com\/wp-content\/uploads\/2024\/12\/img-20241213-wa00863612090866778252319.jpg?resize=640%2C450&#038;ssl=1\" alt=\"\" class=\"wp-image-2845\" srcset=\"https:\/\/i0.wp.com\/innoticiasbo.com\/wp-content\/uploads\/2024\/12\/img-20241213-wa00863612090866778252319.jpg?resize=1024%2C720&amp;ssl=1 1024w, https:\/\/i0.wp.com\/innoticiasbo.com\/wp-content\/uploads\/2024\/12\/img-20241213-wa00863612090866778252319.jpg?resize=300%2C211&amp;ssl=1 300w, https:\/\/i0.wp.com\/innoticiasbo.com\/wp-content\/uploads\/2024\/12\/img-20241213-wa00863612090866778252319.jpg?resize=768%2C540&amp;ssl=1 768w, https:\/\/i0.wp.com\/innoticiasbo.com\/wp-content\/uploads\/2024\/12\/img-20241213-wa00863612090866778252319.jpg?resize=1536%2C1080&amp;ssl=1 1536w, https:\/\/i0.wp.com\/innoticiasbo.com\/wp-content\/uploads\/2024\/12\/img-20241213-wa00863612090866778252319.jpg?w=1600&amp;ssl=1 1600w, https:\/\/i0.wp.com\/innoticiasbo.com\/wp-content\/uploads\/2024\/12\/img-20241213-wa00863612090866778252319.jpg?w=1280&amp;ssl=1 1280w\" sizes=\"auto, (max-width: 640px) 100vw, 640px\" \/><\/figure>\n\n\n\n<figure class=\"wp-block-image\"><img data-recalc-dims=\"1\" loading=\"lazy\" decoding=\"async\" width=\"640\" height=\"611\" src=\"https:\/\/i0.wp.com\/innoticiasbo.com\/wp-content\/uploads\/2024\/12\/img-20241213-wa00846471527994675668370.jpg?resize=640%2C611&#038;ssl=1\" alt=\"\" class=\"wp-image-2846\" srcset=\"https:\/\/i0.wp.com\/innoticiasbo.com\/wp-content\/uploads\/2024\/12\/img-20241213-wa00846471527994675668370.jpg?resize=1024%2C978&amp;ssl=1 1024w, https:\/\/i0.wp.com\/innoticiasbo.com\/wp-content\/uploads\/2024\/12\/img-20241213-wa00846471527994675668370.jpg?resize=300%2C287&amp;ssl=1 300w, https:\/\/i0.wp.com\/innoticiasbo.com\/wp-content\/uploads\/2024\/12\/img-20241213-wa00846471527994675668370.jpg?resize=768%2C733&amp;ssl=1 768w, https:\/\/i0.wp.com\/innoticiasbo.com\/wp-content\/uploads\/2024\/12\/img-20241213-wa00846471527994675668370.jpg?resize=1536%2C1467&amp;ssl=1 1536w, https:\/\/i0.wp.com\/innoticiasbo.com\/wp-content\/uploads\/2024\/12\/img-20241213-wa00846471527994675668370.jpg?w=1600&amp;ssl=1 1600w, https:\/\/i0.wp.com\/innoticiasbo.com\/wp-content\/uploads\/2024\/12\/img-20241213-wa00846471527994675668370.jpg?w=1280&amp;ssl=1 1280w\" sizes=\"auto, (max-width: 640px) 100vw, 640px\" \/><\/figure>\n\n\n\n<p>Reyes Villa lleg\u00f3 a las instalaciones del TSE pasada las 09:30, acompa\u00f1ado del secretario Administrativo y Financiero de la Alcald\u00eda de Cochabamba, Mauricio Mu\u00f1oz, el vocero de S\u00famate Diego Bra\u00f1ez y una importante cantidad de seguidores<\/p>\n\n\n\n<p>\u201cYa podemos hablar de Manfred candidato a la Presidencia\u201d. As\u00ed, con esta afirmaci\u00f3n el alcalde, Manfred Reyes Villa,\u00a0oficializ\u00f3 su participaci\u00f3n en la carrera electoral de 2025.<\/p>\n\n\n\n<figure class=\"wp-block-image size-large\"><img data-recalc-dims=\"1\" loading=\"lazy\" decoding=\"async\" width=\"640\" height=\"426\" src=\"https:\/\/i0.wp.com\/innoticiasbo.com\/wp-content\/uploads\/2024\/12\/img-20241213-wa00838866039721082536732.jpg?resize=640%2C426&#038;ssl=1\" alt=\"\" class=\"wp-image-2847\" srcset=\"https:\/\/i0.wp.com\/innoticiasbo.com\/wp-content\/uploads\/2024\/12\/img-20241213-wa00838866039721082536732.jpg?resize=1024%2C681&amp;ssl=1 1024w, https:\/\/i0.wp.com\/innoticiasbo.com\/wp-content\/uploads\/2024\/12\/img-20241213-wa00838866039721082536732.jpg?resize=300%2C200&amp;ssl=1 300w, https:\/\/i0.wp.com\/innoticiasbo.com\/wp-content\/uploads\/2024\/12\/img-20241213-wa00838866039721082536732.jpg?resize=768%2C511&amp;ssl=1 768w, https:\/\/i0.wp.com\/innoticiasbo.com\/wp-content\/uploads\/2024\/12\/img-20241213-wa00838866039721082536732.jpg?resize=1536%2C1021&amp;ssl=1 1536w, https:\/\/i0.wp.com\/innoticiasbo.com\/wp-content\/uploads\/2024\/12\/img-20241213-wa00838866039721082536732.jpg?resize=600%2C400&amp;ssl=1 600w, https:\/\/i0.wp.com\/innoticiasbo.com\/wp-content\/uploads\/2024\/12\/img-20241213-wa00838866039721082536732.jpg?w=1600&amp;ssl=1 1600w, https:\/\/i0.wp.com\/innoticiasbo.com\/wp-content\/uploads\/2024\/12\/img-20241213-wa00838866039721082536732.jpg?w=1280&amp;ssl=1 1280w\" sizes=\"auto, (max-width: 640px) 100vw, 640px\" \/><\/figure>\n\n\n\n<figure class=\"wp-block-image\"><img data-recalc-dims=\"1\" loading=\"lazy\" decoding=\"async\" width=\"640\" height=\"426\" src=\"https:\/\/i0.wp.com\/innoticiasbo.com\/wp-content\/uploads\/2024\/12\/img-20241213-wa00812275415777874766496.jpg?resize=640%2C426&#038;ssl=1\" alt=\"\" class=\"wp-image-2848\" srcset=\"https:\/\/i0.wp.com\/innoticiasbo.com\/wp-content\/uploads\/2024\/12\/img-20241213-wa00812275415777874766496.jpg?resize=1024%2C681&amp;ssl=1 1024w, https:\/\/i0.wp.com\/innoticiasbo.com\/wp-content\/uploads\/2024\/12\/img-20241213-wa00812275415777874766496.jpg?resize=300%2C200&amp;ssl=1 300w, https:\/\/i0.wp.com\/innoticiasbo.com\/wp-content\/uploads\/2024\/12\/img-20241213-wa00812275415777874766496.jpg?resize=768%2C511&amp;ssl=1 768w, https:\/\/i0.wp.com\/innoticiasbo.com\/wp-content\/uploads\/2024\/12\/img-20241213-wa00812275415777874766496.jpg?resize=1536%2C1021&amp;ssl=1 1536w, https:\/\/i0.wp.com\/innoticiasbo.com\/wp-content\/uploads\/2024\/12\/img-20241213-wa00812275415777874766496.jpg?resize=600%2C400&amp;ssl=1 600w, https:\/\/i0.wp.com\/innoticiasbo.com\/wp-content\/uploads\/2024\/12\/img-20241213-wa00812275415777874766496.jpg?w=1600&amp;ssl=1 1600w, https:\/\/i0.wp.com\/innoticiasbo.com\/wp-content\/uploads\/2024\/12\/img-20241213-wa00812275415777874766496.jpg?w=1280&amp;ssl=1 1280w\" sizes=\"auto, (max-width: 640px) 100vw, 640px\" \/><\/figure>\n\n\n\n<p>Ya tenemos un plan y una estrategia. Estamos bien organizados y tenemos toda la experiencia para hacer lo que vamos a hacer. No vamos a jugar con el pa\u00eds\u201d, afirm\u00f3&nbsp; en una improvisada rueda de prensa a la salida del TSE.<\/p>\n\n\n\n<p>Una vez m\u00e1s dijo que no es un \u201cchiquillo\u201d y que el pa\u00eds \u201cno est\u00e1 para experimentos\u201d.<\/p>\n\n\n\n<p>Dijo que, si los bolivianos le dan la oportunidad de gobernar, har\u00e1 de Bolivia uno de los pa\u00edses m\u00e1s ricos de Sudam\u00e9rica.<\/p>\n\n\n\n<figure class=\"wp-block-image size-large\"><img data-recalc-dims=\"1\" loading=\"lazy\" decoding=\"async\" width=\"640\" height=\"464\" src=\"https:\/\/i0.wp.com\/innoticiasbo.com\/wp-content\/uploads\/2024\/12\/img-20241213-wa00786155463496542723593.jpg?resize=640%2C464&#038;ssl=1\" alt=\"\" class=\"wp-image-2849\" srcset=\"https:\/\/i0.wp.com\/innoticiasbo.com\/wp-content\/uploads\/2024\/12\/img-20241213-wa00786155463496542723593.jpg?resize=1024%2C743&amp;ssl=1 1024w, https:\/\/i0.wp.com\/innoticiasbo.com\/wp-content\/uploads\/2024\/12\/img-20241213-wa00786155463496542723593.jpg?resize=300%2C218&amp;ssl=1 300w, https:\/\/i0.wp.com\/innoticiasbo.com\/wp-content\/uploads\/2024\/12\/img-20241213-wa00786155463496542723593.jpg?resize=768%2C557&amp;ssl=1 768w, https:\/\/i0.wp.com\/innoticiasbo.com\/wp-content\/uploads\/2024\/12\/img-20241213-wa00786155463496542723593.jpg?resize=1536%2C1115&amp;ssl=1 1536w, https:\/\/i0.wp.com\/innoticiasbo.com\/wp-content\/uploads\/2024\/12\/img-20241213-wa00786155463496542723593.jpg?w=1600&amp;ssl=1 1600w, https:\/\/i0.wp.com\/innoticiasbo.com\/wp-content\/uploads\/2024\/12\/img-20241213-wa00786155463496542723593.jpg?w=1280&amp;ssl=1 1280w\" sizes=\"auto, (max-width: 640px) 100vw, 640px\" \/><\/figure>\n\n\n\n<figure class=\"wp-block-image\"><img data-recalc-dims=\"1\" loading=\"lazy\" decoding=\"async\" width=\"640\" height=\"493\" src=\"https:\/\/i0.wp.com\/innoticiasbo.com\/wp-content\/uploads\/2024\/12\/img-20241213-wa00798516385178778896315.jpg?resize=640%2C493&#038;ssl=1\" alt=\"\" class=\"wp-image-2850\" srcset=\"https:\/\/i0.wp.com\/innoticiasbo.com\/wp-content\/uploads\/2024\/12\/img-20241213-wa00798516385178778896315.jpg?resize=1024%2C788&amp;ssl=1 1024w, https:\/\/i0.wp.com\/innoticiasbo.com\/wp-content\/uploads\/2024\/12\/img-20241213-wa00798516385178778896315.jpg?resize=300%2C231&amp;ssl=1 300w, https:\/\/i0.wp.com\/innoticiasbo.com\/wp-content\/uploads\/2024\/12\/img-20241213-wa00798516385178778896315.jpg?resize=768%2C591&amp;ssl=1 768w, https:\/\/i0.wp.com\/innoticiasbo.com\/wp-content\/uploads\/2024\/12\/img-20241213-wa00798516385178778896315.jpg?resize=1536%2C1182&amp;ssl=1 1536w, https:\/\/i0.wp.com\/innoticiasbo.com\/wp-content\/uploads\/2024\/12\/img-20241213-wa00798516385178778896315.jpg?w=1600&amp;ssl=1 1600w, https:\/\/i0.wp.com\/innoticiasbo.com\/wp-content\/uploads\/2024\/12\/img-20241213-wa00798516385178778896315.jpg?w=1280&amp;ssl=1 1280w\" sizes=\"auto, (max-width: 640px) 100vw, 640px\" \/><\/figure>\n\n\n\n<p>\u201cVamos a salvar nuestra querida Bolivia y vamos a poner orden en Bolivia para adoptar un nuevo modelo para que sea uno de los pa\u00edses m\u00e1s ricos de Sudam\u00e9rica\u201d, se\u00f1al\u00f3.<\/p>\n\n\n\n<p>Dijo que, de llegar a ser presidente, trabajar\u00e1 con los mejores profesionales del pa\u00eds, para que los j\u00f3venes no busquen posibilidades de estudiar y trabajar fuera de Bolivia.<\/p>\n\n\n\n<p>\u201cVamos a utilizar a la mejor gente del pa\u00eds, los mejores profesionales y la gente que, realmente pueda coadyuvar a todo este gran proyecto y desaf\u00edo que queremos\u201d, sostuvo.<\/p>\n\n\n\n<p>Desde que comenz\u00f3 la recolecci\u00f3n de firmas para lograr la personer\u00eda jur\u00eddica, hace siete semanas, Reyes Villa resalt\u00f3 que tiene \u201ccertificado de experiencia de buena gesti\u00f3n\u201d, debido a su reelecci\u00f3n como autoridad de Cochabamba.<\/p>\n\n\n\n<p>Fuente: Agencias<\/p>\n","protected":false},"excerpt":{"rendered":"<p>La Paz, 13 de diciembre de 2024.- Manfred Reyes Villa recibi\u00f3 de manos del Tribunal Supremo Electoral (TED) la personer\u00eda jur\u00eddica de su partido nacional Alianza Por Bolivia \u2013 S\u00famate \u201cAPB \u2013 S\u00famate\u201d. Reyes Villa lleg\u00f3 a las instalaciones del TSE pasada las 09:30, acompa\u00f1ado del secretario Administrativo y Financiero de la Alcald\u00eda de Cochabamba,&#8230;<\/p>\n","protected":false},"author":2,"featured_media":2851,"comment_status":"open","ping_status":"open","sticky":false,"template":"","format":"standard","meta":{"_jetpack_memberships_contains_paid_content":false,"footnotes":"","jetpack_publicize_message":"","jetpack_publicize_feature_enabled":true,"jetpack_social_post_already_shared":true,"jetpack_social_options":{"image_generator_settings":{"template":"highway","enabled":false},"version":2}},"categories":[1,3],"tags":[],"class_list":["post-2852","post","type-post","status-publish","format-standard","has-post-thumbnail","hentry","category-bolivia","category-politica"],"jetpack_publicize_connections":[],"yoast_head":"<!-- This site is optimized with the Yoast SEO plugin v23.4 - https:\/\/yoast.com\/wordpress\/plugins\/seo\/ -->\n<title>REYES VILLA: &quot;YA PODEMOS HABLAR DE MANFRED PRESIDENTE &quot; - innoticiasbo.com<\/title>\n<meta name=\"robots\" content=\"index, follow, max-snippet:-1, max-image-preview:large, max-video-preview:-1\" \/>\n<link rel=\"canonical\" href=\"https:\/\/innoticiasbo.com\/index.php\/2024\/12\/13\/reyes-villa-ya-podemos-hablar-de-manfred-presidente\/\" \/>\n<meta property=\"og:locale\" content=\"es_ES\" \/>\n<meta property=\"og:type\" content=\"article\" \/>\n<meta property=\"og:title\" content=\"REYES VILLA: &quot;YA PODEMOS HABLAR DE MANFRED PRESIDENTE &quot; - innoticiasbo.com\" \/>\n<meta property=\"og:description\" content=\"La Paz, 13 de diciembre de 2024.- Manfred Reyes Villa recibi\u00f3 de manos del Tribunal Supremo Electoral (TED) la personer\u00eda jur\u00eddica de su partido nacional Alianza Por Bolivia \u2013 S\u00famate \u201cAPB \u2013 S\u00famate\u201d. Reyes Villa lleg\u00f3 a las instalaciones del TSE pasada las 09:30, acompa\u00f1ado del secretario Administrativo y Financiero de la Alcald\u00eda de Cochabamba,...\" \/>\n<meta property=\"og:url\" content=\"https:\/\/innoticiasbo.com\/index.php\/2024\/12\/13\/reyes-villa-ya-podemos-hablar-de-manfred-presidente\/\" \/>\n<meta property=\"og:site_name\" content=\"innoticiasbo.com\" \/>\n<meta property=\"article:publisher\" content=\"https:\/\/www.facebook.com\/innoticiasbolivia\" \/>\n<meta property=\"article:published_time\" content=\"2024-12-13T16:41:35+00:00\" \/>\n<meta property=\"article:modified_time\" content=\"2024-12-13T16:41:54+00:00\" \/>\n<meta property=\"og:image\" content=\"https:\/\/i0.wp.com\/innoticiasbo.com\/wp-content\/uploads\/2024\/12\/IMG-20241213-WA0085.jpg?fit=1297%2C1600&ssl=1\" \/>\n\t<meta property=\"og:image:width\" content=\"1297\" \/>\n\t<meta property=\"og:image:height\" content=\"1600\" \/>\n\t<meta property=\"og:image:type\" content=\"image\/jpeg\" \/>\n<meta name=\"author\" content=\"Prensa\" \/>\n<meta name=\"twitter:card\" content=\"summary_large_image\" \/>\n<meta name=\"twitter:creator\" content=\"@innoticiasbo\" \/>\n<meta name=\"twitter:site\" content=\"@innoticiasbo\" \/>\n<meta name=\"twitter:label1\" content=\"Escrito por\" \/>\n\t<meta name=\"twitter:data1\" content=\"Prensa\" \/>\n\t<meta name=\"twitter:label2\" content=\"Tiempo de lectura\" \/>\n\t<meta name=\"twitter:data2\" content=\"2 minutos\" \/>\n<script type=\"application\/ld+json\" class=\"yoast-schema-graph\">{\"@context\":\"https:\/\/schema.org\",\"@graph\":[{\"@type\":\"Article\",\"@id\":\"https:\/\/innoticiasbo.com\/index.php\/2024\/12\/13\/reyes-villa-ya-podemos-hablar-de-manfred-presidente\/#article\",\"isPartOf\":{\"@id\":\"https:\/\/innoticiasbo.com\/index.php\/2024\/12\/13\/reyes-villa-ya-podemos-hablar-de-manfred-presidente\/\"},\"author\":{\"name\":\"Prensa\",\"@id\":\"https:\/\/innoticiasbo.com\/#\/schema\/person\/589cd527c4211df1b943bdad85ec07ce\"},\"headline\":\"REYES VILLA: \u00abYA PODEMOS HABLAR DE MANFRED PRESIDENTE \u00ab\",\"datePublished\":\"2024-12-13T16:41:35+00:00\",\"dateModified\":\"2024-12-13T16:41:54+00:00\",\"mainEntityOfPage\":{\"@id\":\"https:\/\/innoticiasbo.com\/index.php\/2024\/12\/13\/reyes-villa-ya-podemos-hablar-de-manfred-presidente\/\"},\"wordCount\":333,\"commentCount\":0,\"publisher\":{\"@id\":\"https:\/\/innoticiasbo.com\/#organization\"},\"image\":{\"@id\":\"https:\/\/innoticiasbo.com\/index.php\/2024\/12\/13\/reyes-villa-ya-podemos-hablar-de-manfred-presidente\/#primaryimage\"},\"thumbnailUrl\":\"https:\/\/i0.wp.com\/innoticiasbo.com\/wp-content\/uploads\/2024\/12\/IMG-20241213-WA0085.jpg?fit=1297%2C1600&ssl=1\",\"articleSection\":[\"Bolivia\",\"Pol\u00edtica\"],\"inLanguage\":\"es\",\"potentialAction\":[{\"@type\":\"CommentAction\",\"name\":\"Comment\",\"target\":[\"https:\/\/innoticiasbo.com\/index.php\/2024\/12\/13\/reyes-villa-ya-podemos-hablar-de-manfred-presidente\/#respond\"]}]},{\"@type\":\"WebPage\",\"@id\":\"https:\/\/innoticiasbo.com\/index.php\/2024\/12\/13\/reyes-villa-ya-podemos-hablar-de-manfred-presidente\/\",\"url\":\"https:\/\/innoticiasbo.com\/index.php\/2024\/12\/13\/reyes-villa-ya-podemos-hablar-de-manfred-presidente\/\",\"name\":\"REYES VILLA: \\\"YA PODEMOS HABLAR DE MANFRED PRESIDENTE \\\" - innoticiasbo.com\",\"isPartOf\":{\"@id\":\"https:\/\/innoticiasbo.com\/#website\"},\"primaryImageOfPage\":{\"@id\":\"https:\/\/innoticiasbo.com\/index.php\/2024\/12\/13\/reyes-villa-ya-podemos-hablar-de-manfred-presidente\/#primaryimage\"},\"image\":{\"@id\":\"https:\/\/innoticiasbo.com\/index.php\/2024\/12\/13\/reyes-villa-ya-podemos-hablar-de-manfred-presidente\/#primaryimage\"},\"thumbnailUrl\":\"https:\/\/i0.wp.com\/innoticiasbo.com\/wp-content\/uploads\/2024\/12\/IMG-20241213-WA0085.jpg?fit=1297%2C1600&ssl=1\",\"datePublished\":\"2024-12-13T16:41:35+00:00\",\"dateModified\":\"2024-12-13T16:41:54+00:00\",\"breadcrumb\":{\"@id\":\"https:\/\/innoticiasbo.com\/index.php\/2024\/12\/13\/reyes-villa-ya-podemos-hablar-de-manfred-presidente\/#breadcrumb\"},\"inLanguage\":\"es\",\"potentialAction\":[{\"@type\":\"ReadAction\",\"target\":[\"https:\/\/innoticiasbo.com\/index.php\/2024\/12\/13\/reyes-villa-ya-podemos-hablar-de-manfred-presidente\/\"]}]},{\"@type\":\"ImageObject\",\"inLanguage\":\"es\",\"@id\":\"https:\/\/innoticiasbo.com\/index.php\/2024\/12\/13\/reyes-villa-ya-podemos-hablar-de-manfred-presidente\/#primaryimage\",\"url\":\"https:\/\/i0.wp.com\/innoticiasbo.com\/wp-content\/uploads\/2024\/12\/IMG-20241213-WA0085.jpg?fit=1297%2C1600&ssl=1\",\"contentUrl\":\"https:\/\/i0.wp.com\/innoticiasbo.com\/wp-content\/uploads\/2024\/12\/IMG-20241213-WA0085.jpg?fit=1297%2C1600&ssl=1\",\"width\":1297,\"height\":1600},{\"@type\":\"BreadcrumbList\",\"@id\":\"https:\/\/innoticiasbo.com\/index.php\/2024\/12\/13\/reyes-villa-ya-podemos-hablar-de-manfred-presidente\/#breadcrumb\",\"itemListElement\":[{\"@type\":\"ListItem\",\"position\":1,\"name\":\"Portada\",\"item\":\"https:\/\/innoticiasbo.com\/\"},{\"@type\":\"ListItem\",\"position\":2,\"name\":\"REYES VILLA: \u00abYA PODEMOS HABLAR DE MANFRED PRESIDENTE \u00ab\"}]},{\"@type\":\"WebSite\",\"@id\":\"https:\/\/innoticiasbo.com\/#website\",\"url\":\"https:\/\/innoticiasbo.com\/\",\"name\":\"innoticiasbo.com\",\"description\":\"\",\"publisher\":{\"@id\":\"https:\/\/innoticiasbo.com\/#organization\"},\"potentialAction\":[{\"@type\":\"SearchAction\",\"target\":{\"@type\":\"EntryPoint\",\"urlTemplate\":\"https:\/\/innoticiasbo.com\/?s={search_term_string}\"},\"query-input\":{\"@type\":\"PropertyValueSpecification\",\"valueRequired\":true,\"valueName\":\"search_term_string\"}}],\"inLanguage\":\"es\"},{\"@type\":\"Organization\",\"@id\":\"https:\/\/innoticiasbo.com\/#organization\",\"name\":\"innoticiasbo.com\",\"url\":\"https:\/\/innoticiasbo.com\/\",\"logo\":{\"@type\":\"ImageObject\",\"inLanguage\":\"es\",\"@id\":\"https:\/\/innoticiasbo.com\/#\/schema\/logo\/image\/\",\"url\":\"https:\/\/i0.wp.com\/innoticiasbo.com\/wp-content\/uploads\/2026\/04\/cropped-IN-LOGO.png?fit=1476%2C1476&ssl=1\",\"contentUrl\":\"https:\/\/i0.wp.com\/innoticiasbo.com\/wp-content\/uploads\/2026\/04\/cropped-IN-LOGO.png?fit=1476%2C1476&ssl=1\",\"width\":1476,\"height\":1476,\"caption\":\"innoticiasbo.com\"},\"image\":{\"@id\":\"https:\/\/innoticiasbo.com\/#\/schema\/logo\/image\/\"},\"sameAs\":[\"https:\/\/www.facebook.com\/innoticiasbolivia\",\"https:\/\/x.com\/innoticiasbo\",\"https:\/\/www.instagram.com\/innoticiasbo\",\"https:\/\/www.youtube.com\/innoticiasbo\"]},{\"@type\":\"Person\",\"@id\":\"https:\/\/innoticiasbo.com\/#\/schema\/person\/589cd527c4211df1b943bdad85ec07ce\",\"name\":\"Prensa\",\"image\":{\"@type\":\"ImageObject\",\"inLanguage\":\"es\",\"@id\":\"https:\/\/innoticiasbo.com\/#\/schema\/person\/image\/\",\"url\":\"https:\/\/secure.gravatar.com\/avatar\/d359bbdf112023c1c0a3ec7fe1600657?s=96&d=mm&r=g\",\"contentUrl\":\"https:\/\/secure.gravatar.com\/avatar\/d359bbdf112023c1c0a3ec7fe1600657?s=96&d=mm&r=g\",\"caption\":\"Prensa\"},\"sameAs\":[\"http:\/\/www.innoticiasbo.com\"],\"url\":\"https:\/\/innoticiasbo.com\/index.php\/author\/prensa\/\"}]}<\/script>\n<!-- \/ Yoast SEO plugin. -->","yoast_head_json":{"title":"REYES VILLA: \"YA PODEMOS HABLAR DE MANFRED PRESIDENTE \" - innoticiasbo.com","robots":{"index":"index","follow":"follow","max-snippet":"max-snippet:-1","max-image-preview":"max-image-preview:large","max-video-preview":"max-video-preview:-1"},"canonical":"https:\/\/innoticiasbo.com\/index.php\/2024\/12\/13\/reyes-villa-ya-podemos-hablar-de-manfred-presidente\/","og_locale":"es_ES","og_type":"article","og_title":"REYES VILLA: \"YA PODEMOS HABLAR DE MANFRED PRESIDENTE \" - innoticiasbo.com","og_description":"La Paz, 13 de diciembre de 2024.- Manfred Reyes Villa recibi\u00f3 de manos del Tribunal Supremo Electoral (TED) la personer\u00eda jur\u00eddica de su partido nacional Alianza Por Bolivia \u2013 S\u00famate \u201cAPB \u2013 S\u00famate\u201d. Reyes Villa lleg\u00f3 a las instalaciones del TSE pasada las 09:30, acompa\u00f1ado del secretario Administrativo y Financiero de la Alcald\u00eda de Cochabamba,...","og_url":"https:\/\/innoticiasbo.com\/index.php\/2024\/12\/13\/reyes-villa-ya-podemos-hablar-de-manfred-presidente\/","og_site_name":"innoticiasbo.com","article_publisher":"https:\/\/www.facebook.com\/innoticiasbolivia","article_published_time":"2024-12-13T16:41:35+00:00","article_modified_time":"2024-12-13T16:41:54+00:00","og_image":[{"width":1297,"height":1600,"url":"https:\/\/i0.wp.com\/innoticiasbo.com\/wp-content\/uploads\/2024\/12\/IMG-20241213-WA0085.jpg?fit=1297%2C1600&ssl=1","type":"image\/jpeg"}],"author":"Prensa","twitter_card":"summary_large_image","twitter_creator":"@innoticiasbo","twitter_site":"@innoticiasbo","twitter_misc":{"Escrito por":"Prensa","Tiempo de lectura":"2 minutos"},"schema":{"@context":"https:\/\/schema.org","@graph":[{"@type":"Article","@id":"https:\/\/innoticiasbo.com\/index.php\/2024\/12\/13\/reyes-villa-ya-podemos-hablar-de-manfred-presidente\/#article","isPartOf":{"@id":"https:\/\/innoticiasbo.com\/index.php\/2024\/12\/13\/reyes-villa-ya-podemos-hablar-de-manfred-presidente\/"},"author":{"name":"Prensa","@id":"https:\/\/innoticiasbo.com\/#\/schema\/person\/589cd527c4211df1b943bdad85ec07ce"},"headline":"REYES VILLA: \u00abYA PODEMOS HABLAR DE MANFRED PRESIDENTE \u00ab","datePublished":"2024-12-13T16:41:35+00:00","dateModified":"2024-12-13T16:41:54+00:00","mainEntityOfPage":{"@id":"https:\/\/innoticiasbo.com\/index.php\/2024\/12\/13\/reyes-villa-ya-podemos-hablar-de-manfred-presidente\/"},"wordCount":333,"commentCount":0,"publisher":{"@id":"https:\/\/innoticiasbo.com\/#organization"},"image":{"@id":"https:\/\/innoticiasbo.com\/index.php\/2024\/12\/13\/reyes-villa-ya-podemos-hablar-de-manfred-presidente\/#primaryimage"},"thumbnailUrl":"https:\/\/i0.wp.com\/innoticiasbo.com\/wp-content\/uploads\/2024\/12\/IMG-20241213-WA0085.jpg?fit=1297%2C1600&ssl=1","articleSection":["Bolivia","Pol\u00edtica"],"inLanguage":"es","potentialAction":[{"@type":"CommentAction","name":"Comment","target":["https:\/\/innoticiasbo.com\/index.php\/2024\/12\/13\/reyes-villa-ya-podemos-hablar-de-manfred-presidente\/#respond"]}]},{"@type":"WebPage","@id":"https:\/\/innoticiasbo.com\/index.php\/2024\/12\/13\/reyes-villa-ya-podemos-hablar-de-manfred-presidente\/","url":"https:\/\/innoticiasbo.com\/index.php\/2024\/12\/13\/reyes-villa-ya-podemos-hablar-de-manfred-presidente\/","name":"REYES VILLA: \"YA PODEMOS HABLAR DE MANFRED PRESIDENTE \" - innoticiasbo.com","isPartOf":{"@id":"https:\/\/innoticiasbo.com\/#website"},"primaryImageOfPage":{"@id":"https:\/\/innoticiasbo.com\/index.php\/2024\/12\/13\/reyes-villa-ya-podemos-hablar-de-manfred-presidente\/#primaryimage"},"image":{"@id":"https:\/\/innoticiasbo.com\/index.php\/2024\/12\/13\/reyes-villa-ya-podemos-hablar-de-manfred-presidente\/#primaryimage"},"thumbnailUrl":"https:\/\/i0.wp.com\/innoticiasbo.com\/wp-content\/uploads\/2024\/12\/IMG-20241213-WA0085.jpg?fit=1297%2C1600&ssl=1","datePublished":"2024-12-13T16:41:35+00:00","dateModified":"2024-12-13T16:41:54+00:00","breadcrumb":{"@id":"https:\/\/innoticiasbo.com\/index.php\/2024\/12\/13\/reyes-villa-ya-podemos-hablar-de-manfred-presidente\/#breadcrumb"},"inLanguage":"es","potentialAction":[{"@type":"ReadAction","target":["https:\/\/innoticiasbo.com\/index.php\/2024\/12\/13\/reyes-villa-ya-podemos-hablar-de-manfred-presidente\/"]}]},{"@type":"ImageObject","inLanguage":"es","@id":"https:\/\/innoticiasbo.com\/index.php\/2024\/12\/13\/reyes-villa-ya-podemos-hablar-de-manfred-presidente\/#primaryimage","url":"https:\/\/i0.wp.com\/innoticiasbo.com\/wp-content\/uploads\/2024\/12\/IMG-20241213-WA0085.jpg?fit=1297%2C1600&ssl=1","contentUrl":"https:\/\/i0.wp.com\/innoticiasbo.com\/wp-content\/uploads\/2024\/12\/IMG-20241213-WA0085.jpg?fit=1297%2C1600&ssl=1","width":1297,"height":1600},{"@type":"BreadcrumbList","@id":"https:\/\/innoticiasbo.com\/index.php\/2024\/12\/13\/reyes-villa-ya-podemos-hablar-de-manfred-presidente\/#breadcrumb","itemListElement":[{"@type":"ListItem","position":1,"name":"Portada","item":"https:\/\/innoticiasbo.com\/"},{"@type":"ListItem","position":2,"name":"REYES VILLA: \u00abYA PODEMOS HABLAR DE MANFRED PRESIDENTE \u00ab"}]},{"@type":"WebSite","@id":"https:\/\/innoticiasbo.com\/#website","url":"https:\/\/innoticiasbo.com\/","name":"innoticiasbo.com","description":"","publisher":{"@id":"https:\/\/innoticiasbo.com\/#organization"},"potentialAction":[{"@type":"SearchAction","target":{"@type":"EntryPoint","urlTemplate":"https:\/\/innoticiasbo.com\/?s={search_term_string}"},"query-input":{"@type":"PropertyValueSpecification","valueRequired":true,"valueName":"search_term_string"}}],"inLanguage":"es"},{"@type":"Organization","@id":"https:\/\/innoticiasbo.com\/#organization","name":"innoticiasbo.com","url":"https:\/\/innoticiasbo.com\/","logo":{"@type":"ImageObject","inLanguage":"es","@id":"https:\/\/innoticiasbo.com\/#\/schema\/logo\/image\/","url":"https:\/\/i0.wp.com\/innoticiasbo.com\/wp-content\/uploads\/2026\/04\/cropped-IN-LOGO.png?fit=1476%2C1476&ssl=1","contentUrl":"https:\/\/i0.wp.com\/innoticiasbo.com\/wp-content\/uploads\/2026\/04\/cropped-IN-LOGO.png?fit=1476%2C1476&ssl=1","width":1476,"height":1476,"caption":"innoticiasbo.com"},"image":{"@id":"https:\/\/innoticiasbo.com\/#\/schema\/logo\/image\/"},"sameAs":["https:\/\/www.facebook.com\/innoticiasbolivia","https:\/\/x.com\/innoticiasbo","https:\/\/www.instagram.com\/innoticiasbo","https:\/\/www.youtube.com\/innoticiasbo"]},{"@type":"Person","@id":"https:\/\/innoticiasbo.com\/#\/schema\/person\/589cd527c4211df1b943bdad85ec07ce","name":"Prensa","image":{"@type":"ImageObject","inLanguage":"es","@id":"https:\/\/innoticiasbo.com\/#\/schema\/person\/image\/","url":"https:\/\/secure.gravatar.com\/avatar\/d359bbdf112023c1c0a3ec7fe1600657?s=96&d=mm&r=g","contentUrl":"https:\/\/secure.gravatar.com\/avatar\/d359bbdf112023c1c0a3ec7fe1600657?s=96&d=mm&r=g","caption":"Prensa"},"sameAs":["http:\/\/www.innoticiasbo.com"],"url":"https:\/\/innoticiasbo.com\/index.php\/author\/prensa\/"}]}},"jetpack_featured_media_url":"https:\/\/i0.wp.com\/innoticiasbo.com\/wp-content\/uploads\/2024\/12\/IMG-20241213-WA0085.jpg?fit=1297%2C1600&ssl=1","jetpack_likes_enabled":true,"jetpack_sharing_enabled":true,"jetpack_shortlink":"https:\/\/wp.me\/pg298x-K0","_links":{"self":[{"href":"https:\/\/innoticiasbo.com\/index.php\/wp-json\/wp\/v2\/posts\/2852","targetHints":{"allow":["GET"]}}],"collection":[{"href":"https:\/\/innoticiasbo.com\/index.php\/wp-json\/wp\/v2\/posts"}],"about":[{"href":"https:\/\/innoticiasbo.com\/index.php\/wp-json\/wp\/v2\/types\/post"}],"author":[{"embeddable":true,"href":"https:\/\/innoticiasbo.com\/index.php\/wp-json\/wp\/v2\/users\/2"}],"replies":[{"embeddable":true,"href":"https:\/\/innoticiasbo.com\/index.php\/wp-json\/wp\/v2\/comments?post=2852"}],"version-history":[{"count":1,"href":"https:\/\/innoticiasbo.com\/index.php\/wp-json\/wp\/v2\/posts\/2852\/revisions"}],"predecessor-version":[{"id":2853,"href":"https:\/\/innoticiasbo.com\/index.php\/wp-json\/wp\/v2\/posts\/2852\/revisions\/2853"}],"wp:featuredmedia":[{"embeddable":true,"href":"https:\/\/innoticiasbo.com\/index.php\/wp-json\/wp\/v2\/media\/2851"}],"wp:attachment":[{"href":"https:\/\/innoticiasbo.com\/index.php\/wp-json\/wp\/v2\/media?parent=2852"}],"wp:term":[{"taxonomy":"category","embeddable":true,"href":"https:\/\/innoticiasbo.com\/index.php\/wp-json\/wp\/v2\/categories?post=2852"},{"taxonomy":"post_tag","embeddable":true,"href":"https:\/\/innoticiasbo.com\/index.php\/wp-json\/wp\/v2\/tags?post=2852"}],"curies":[{"name":"wp","href":"https:\/\/api.w.org\/{rel}","templated":true}]}}