{"id":2615,"date":"2024-12-08T12:06:46","date_gmt":"2024-12-08T12:06:46","guid":{"rendered":"https:\/\/innoticiasbo.com\/?p=2615"},"modified":"2024-12-08T12:07:40","modified_gmt":"2024-12-08T12:07:40","slug":"lucho-sigue-haciendo-su-tarea","status":"publish","type":"post","link":"https:\/\/innoticiasbo.com\/index.php\/2024\/12\/08\/lucho-sigue-haciendo-su-tarea\/","title":{"rendered":"LUCHO SIGUE HACIENDO SU TAREA"},"content":{"rendered":"\n<figure class=\"wp-block-image size-large\"><img data-recalc-dims=\"1\" loading=\"lazy\" decoding=\"async\" width=\"640\" height=\"361\" src=\"https:\/\/i0.wp.com\/innoticiasbo.com\/wp-content\/uploads\/2024\/12\/screenshot_20241201_144334_capcut8996843249993716604.jpg?resize=640%2C361&#038;ssl=1\" alt=\"\" class=\"wp-image-2614\" srcset=\"https:\/\/i0.wp.com\/innoticiasbo.com\/wp-content\/uploads\/2024\/12\/screenshot_20241201_144334_capcut8996843249993716604.jpg?resize=1024%2C578&amp;ssl=1 1024w, https:\/\/i0.wp.com\/innoticiasbo.com\/wp-content\/uploads\/2024\/12\/screenshot_20241201_144334_capcut8996843249993716604.jpg?resize=300%2C169&amp;ssl=1 300w, https:\/\/i0.wp.com\/innoticiasbo.com\/wp-content\/uploads\/2024\/12\/screenshot_20241201_144334_capcut8996843249993716604.jpg?resize=768%2C433&amp;ssl=1 768w, https:\/\/i0.wp.com\/innoticiasbo.com\/wp-content\/uploads\/2024\/12\/screenshot_20241201_144334_capcut8996843249993716604.jpg?w=1079&amp;ssl=1 1079w\" sizes=\"auto, (max-width: 640px) 100vw, 640px\" \/><\/figure>\n\n\n\n<p>Por Mgr. Fernando Berr\u00edos Ayala<br>Polit\u00f3logo<\/p>\n\n\n\n<p>\u00a1Abajo el gobierno hambreador! \u00a1El pueblo, unido, jam\u00e1s ser\u00e1 vencido! Fueron algunas de las arengas en la masiva marcha del Sindicato Mixto de Choferes \u201c29 de mayo\u201d de El Alto en medio de una creciente ola de movilizaciones en el pa\u00eds. Llaman la atenci\u00f3n los estribillos porque normalmente eran utilizados por los trabajadores contra los gobiernos tradicionales de \u201cderecha\u201d en la \u00e9poca antes de los gobiernos masistas. Son canticos que normalmente representan a lo popular, a la clase trabajadora, al tejido social que siempre fueron postergados o marginados de las pol\u00edticas del gobierno de turno. Es una dicotom\u00eda que sea contra el gobierno que \u201csupuestamente\u201d los representa y que hace gala de las \u201ctransformaciones\u201d de inclusi\u00f3n social y de una pol\u00edtica econ\u00f3mica \u201cdise\u00f1ada\u201d precisamente para proteger a esos sectores. El gobierno de Lucho empieza a hacer aguas por todos lados.<\/p>\n\n\n\n<p><br>Cuando la disputa por el MAS no termina de cerrarse, las fallidas elecciones judiciales que, de realizarse, nunca tendr\u00e1n legitimidad (el remedio termin\u00f3 siendo peor que la enfermedad) y el incierto horizonte electoral de 2025, Bolivia est\u00e1 en una din\u00e1mica de enfrentamientos y muestras de descontento que amenazan la estabilidad del pa\u00eds y obviamente de sus instituciones. En medio de esta incertidumbre, el gobierno se esmera en abrir frentes de enfrentamiento con el pueblo, con la sociedad y con las regiones, es inexplicable que Lucho y su gobierno en vez de buscar soluciones a la crisis, muestren incapacidad para enfrentar el conflicto que ellos mismos han generado. Buscan aprobar el nuevo Presupuesto General del Estado que \u201cprev\u00e9\u201d una expansi\u00f3n de la econom\u00eda del 3,51% cuando nuestra inflaci\u00f3n ya est\u00e1 en el orden del 7%, buscan destinar un presupuesto para sueldos y salarios de Bs. 51,895 millones, lo que en buenas cuentas significa un aumento del gasto corriente con relaci\u00f3n al PGE 2024, en cristiano, buscan aumentar la burocracia y tener m\u00e1s empleados p\u00fablicos precisamente en un a\u00f1o electoral. No se quedan cortos y quieren imponer un articulado de confiscaci\u00f3n y decomiso de productos alimenticios almacenados, algo que atenta contra la propiedad privada, una excesiva fiscalizaci\u00f3n que muestra un proyecto de Cuba a la vuelta de la esquina.<\/p>\n\n\n\n<p><br>En medio de la crisis, el gobierno, fiel a su estilo, ha decidido incursionar en la industria av\u00edcola y aprob\u00f3 la implementaci\u00f3n de una planta en la ciudad de La Paz a un costo de 608 millones de bolivianos, econom\u00eda a la inversa, no hay para pan, pero s\u00ed para torta. Todo esto en medio de la iliquidez del gobierno que ha debilitado incluso a la banca que no puede devolver 1.028 millones de d\u00f3lares a sus clientes desde el 2022 y para ponerle la cereza a la torta, el gobierno ha suspendido la exportaci\u00f3n de aceite que significa un golpe a la producci\u00f3n en vez de atacar el problema que generan los intermediarios que son los que inventan la subida de precios, \u00bfsabr\u00e1 el ministro de Desarrollo Productivo lo que est\u00e1 haciendo?<\/p>\n\n\n\n<p><br>Para completar el paquete de ofertas, casi todo el a\u00f1o, los productores agr\u00edcolas del oriente tuvieron problemas para sembrar y cosechar por falta de di\u00e9sel, lo que signific\u00f3 p\u00e9rdidas de dinero y de oportunidades. Nunca aprobaron eventos de biotecnolog\u00eda para que los cultivos estrat\u00e9gicos puedan soportar la sequ\u00eda y las lluvias. El sector agropecuario demanda seguridad jur\u00eddica por sus tierras, porque en la realidad se enfrentan a grupos irregulares armados, sostenidos y apoyados por sindicatos masistas, que invaden propiedades, roban maquinaria, se llevan la producci\u00f3n y los invasores permanecen impunes. Los sectores av\u00edcolas y porcinocultores carecen de insumos de producci\u00f3n. La respuesta de Lucho: \u201cOtra vez, como en 2007 y 2008 los cambitas nos est\u00e1n jugando sucio\u201d. Su acolito Manfred los insulta y ningunea y ahora \u00e9l los hace culpables del desastre de su gesti\u00f3n. \u00a1\u00a1Mejor, imposible!! Cambio.<\/p>\n","protected":false},"excerpt":{"rendered":"<p>Por Mgr. Fernando Berr\u00edos AyalaPolit\u00f3logo \u00a1Abajo el gobierno hambreador! \u00a1El pueblo, unido, jam\u00e1s ser\u00e1 vencido! Fueron algunas de las arengas en la masiva marcha del Sindicato Mixto de Choferes \u201c29 de mayo\u201d de El Alto en medio de una creciente ola de movilizaciones en el pa\u00eds. Llaman la atenci\u00f3n los estribillos porque normalmente eran utilizados&#8230;<\/p>\n","protected":false},"author":2,"featured_media":2617,"comment_status":"open","ping_status":"open","sticky":false,"template":"","format":"standard","meta":{"_jetpack_memberships_contains_paid_content":false,"footnotes":"","jetpack_publicize_message":"","jetpack_publicize_feature_enabled":true,"jetpack_social_post_already_shared":true,"jetpack_social_options":{"image_generator_settings":{"template":"highway","enabled":false},"version":2}},"categories":[1,17],"tags":[],"class_list":["post-2615","post","type-post","status-publish","format-standard","has-post-thumbnail","hentry","category-bolivia","category-opinion"],"jetpack_publicize_connections":[],"yoast_head":"<!-- This site is optimized with the Yoast SEO plugin v23.4 - https:\/\/yoast.com\/wordpress\/plugins\/seo\/ -->\n<title>LUCHO SIGUE HACIENDO SU TAREA - innoticiasbo.com<\/title>\n<meta name=\"robots\" content=\"index, follow, max-snippet:-1, max-image-preview:large, max-video-preview:-1\" \/>\n<link rel=\"canonical\" href=\"https:\/\/innoticiasbo.com\/index.php\/2024\/12\/08\/lucho-sigue-haciendo-su-tarea\/\" \/>\n<meta property=\"og:locale\" content=\"es_ES\" \/>\n<meta property=\"og:type\" content=\"article\" \/>\n<meta property=\"og:title\" content=\"LUCHO SIGUE HACIENDO SU TAREA - innoticiasbo.com\" \/>\n<meta property=\"og:description\" content=\"Por Mgr. Fernando Berr\u00edos AyalaPolit\u00f3logo \u00a1Abajo el gobierno hambreador! \u00a1El pueblo, unido, jam\u00e1s ser\u00e1 vencido! Fueron algunas de las arengas en la masiva marcha del Sindicato Mixto de Choferes \u201c29 de mayo\u201d de El Alto en medio de una creciente ola de movilizaciones en el pa\u00eds. Llaman la atenci\u00f3n los estribillos porque normalmente eran utilizados...\" \/>\n<meta property=\"og:url\" content=\"https:\/\/innoticiasbo.com\/index.php\/2024\/12\/08\/lucho-sigue-haciendo-su-tarea\/\" \/>\n<meta property=\"og:site_name\" content=\"innoticiasbo.com\" \/>\n<meta property=\"article:publisher\" content=\"https:\/\/www.facebook.com\/innoticiasbolivia\" \/>\n<meta property=\"article:published_time\" content=\"2024-12-08T12:06:46+00:00\" \/>\n<meta property=\"article:modified_time\" content=\"2024-12-08T12:07:40+00:00\" \/>\n<meta property=\"og:image\" content=\"https:\/\/i0.wp.com\/innoticiasbo.com\/wp-content\/uploads\/2024\/12\/Screenshot_20241201_144334_CapCut-1.jpg?fit=1079%2C609&ssl=1\" \/>\n\t<meta property=\"og:image:width\" content=\"1079\" \/>\n\t<meta property=\"og:image:height\" content=\"609\" \/>\n\t<meta property=\"og:image:type\" content=\"image\/jpeg\" \/>\n<meta name=\"author\" content=\"Prensa\" \/>\n<meta name=\"twitter:card\" content=\"summary_large_image\" \/>\n<meta name=\"twitter:creator\" content=\"@innoticiasbo\" \/>\n<meta name=\"twitter:site\" content=\"@innoticiasbo\" \/>\n<meta name=\"twitter:label1\" content=\"Escrito por\" \/>\n\t<meta name=\"twitter:data1\" content=\"Prensa\" \/>\n\t<meta name=\"twitter:label2\" content=\"Tiempo de lectura\" \/>\n\t<meta name=\"twitter:data2\" content=\"3 minutos\" \/>\n<script type=\"application\/ld+json\" class=\"yoast-schema-graph\">{\"@context\":\"https:\/\/schema.org\",\"@graph\":[{\"@type\":\"Article\",\"@id\":\"https:\/\/innoticiasbo.com\/index.php\/2024\/12\/08\/lucho-sigue-haciendo-su-tarea\/#article\",\"isPartOf\":{\"@id\":\"https:\/\/innoticiasbo.com\/index.php\/2024\/12\/08\/lucho-sigue-haciendo-su-tarea\/\"},\"author\":{\"name\":\"Prensa\",\"@id\":\"https:\/\/innoticiasbo.com\/#\/schema\/person\/589cd527c4211df1b943bdad85ec07ce\"},\"headline\":\"LUCHO SIGUE HACIENDO SU TAREA\",\"datePublished\":\"2024-12-08T12:06:46+00:00\",\"dateModified\":\"2024-12-08T12:07:40+00:00\",\"mainEntityOfPage\":{\"@id\":\"https:\/\/innoticiasbo.com\/index.php\/2024\/12\/08\/lucho-sigue-haciendo-su-tarea\/\"},\"wordCount\":669,\"commentCount\":0,\"publisher\":{\"@id\":\"https:\/\/innoticiasbo.com\/#organization\"},\"image\":{\"@id\":\"https:\/\/innoticiasbo.com\/index.php\/2024\/12\/08\/lucho-sigue-haciendo-su-tarea\/#primaryimage\"},\"thumbnailUrl\":\"https:\/\/i0.wp.com\/innoticiasbo.com\/wp-content\/uploads\/2024\/12\/Screenshot_20241201_144334_CapCut-1.jpg?fit=1079%2C609&ssl=1\",\"articleSection\":[\"Bolivia\",\"Opini\u00f3n\"],\"inLanguage\":\"es\",\"potentialAction\":[{\"@type\":\"CommentAction\",\"name\":\"Comment\",\"target\":[\"https:\/\/innoticiasbo.com\/index.php\/2024\/12\/08\/lucho-sigue-haciendo-su-tarea\/#respond\"]}]},{\"@type\":\"WebPage\",\"@id\":\"https:\/\/innoticiasbo.com\/index.php\/2024\/12\/08\/lucho-sigue-haciendo-su-tarea\/\",\"url\":\"https:\/\/innoticiasbo.com\/index.php\/2024\/12\/08\/lucho-sigue-haciendo-su-tarea\/\",\"name\":\"LUCHO SIGUE HACIENDO SU TAREA - innoticiasbo.com\",\"isPartOf\":{\"@id\":\"https:\/\/innoticiasbo.com\/#website\"},\"primaryImageOfPage\":{\"@id\":\"https:\/\/innoticiasbo.com\/index.php\/2024\/12\/08\/lucho-sigue-haciendo-su-tarea\/#primaryimage\"},\"image\":{\"@id\":\"https:\/\/innoticiasbo.com\/index.php\/2024\/12\/08\/lucho-sigue-haciendo-su-tarea\/#primaryimage\"},\"thumbnailUrl\":\"https:\/\/i0.wp.com\/innoticiasbo.com\/wp-content\/uploads\/2024\/12\/Screenshot_20241201_144334_CapCut-1.jpg?fit=1079%2C609&ssl=1\",\"datePublished\":\"2024-12-08T12:06:46+00:00\",\"dateModified\":\"2024-12-08T12:07:40+00:00\",\"breadcrumb\":{\"@id\":\"https:\/\/innoticiasbo.com\/index.php\/2024\/12\/08\/lucho-sigue-haciendo-su-tarea\/#breadcrumb\"},\"inLanguage\":\"es\",\"potentialAction\":[{\"@type\":\"ReadAction\",\"target\":[\"https:\/\/innoticiasbo.com\/index.php\/2024\/12\/08\/lucho-sigue-haciendo-su-tarea\/\"]}]},{\"@type\":\"ImageObject\",\"inLanguage\":\"es\",\"@id\":\"https:\/\/innoticiasbo.com\/index.php\/2024\/12\/08\/lucho-sigue-haciendo-su-tarea\/#primaryimage\",\"url\":\"https:\/\/i0.wp.com\/innoticiasbo.com\/wp-content\/uploads\/2024\/12\/Screenshot_20241201_144334_CapCut-1.jpg?fit=1079%2C609&ssl=1\",\"contentUrl\":\"https:\/\/i0.wp.com\/innoticiasbo.com\/wp-content\/uploads\/2024\/12\/Screenshot_20241201_144334_CapCut-1.jpg?fit=1079%2C609&ssl=1\",\"width\":1079,\"height\":609},{\"@type\":\"BreadcrumbList\",\"@id\":\"https:\/\/innoticiasbo.com\/index.php\/2024\/12\/08\/lucho-sigue-haciendo-su-tarea\/#breadcrumb\",\"itemListElement\":[{\"@type\":\"ListItem\",\"position\":1,\"name\":\"Portada\",\"item\":\"https:\/\/innoticiasbo.com\/\"},{\"@type\":\"ListItem\",\"position\":2,\"name\":\"LUCHO SIGUE HACIENDO SU TAREA\"}]},{\"@type\":\"WebSite\",\"@id\":\"https:\/\/innoticiasbo.com\/#website\",\"url\":\"https:\/\/innoticiasbo.com\/\",\"name\":\"innoticiasbo.com\",\"description\":\"\",\"publisher\":{\"@id\":\"https:\/\/innoticiasbo.com\/#organization\"},\"potentialAction\":[{\"@type\":\"SearchAction\",\"target\":{\"@type\":\"EntryPoint\",\"urlTemplate\":\"https:\/\/innoticiasbo.com\/?s={search_term_string}\"},\"query-input\":{\"@type\":\"PropertyValueSpecification\",\"valueRequired\":true,\"valueName\":\"search_term_string\"}}],\"inLanguage\":\"es\"},{\"@type\":\"Organization\",\"@id\":\"https:\/\/innoticiasbo.com\/#organization\",\"name\":\"innoticiasbo.com\",\"url\":\"https:\/\/innoticiasbo.com\/\",\"logo\":{\"@type\":\"ImageObject\",\"inLanguage\":\"es\",\"@id\":\"https:\/\/innoticiasbo.com\/#\/schema\/logo\/image\/\",\"url\":\"https:\/\/i0.wp.com\/innoticiasbo.com\/wp-content\/uploads\/2026\/04\/cropped-IN-LOGO.png?fit=1476%2C1476&ssl=1\",\"contentUrl\":\"https:\/\/i0.wp.com\/innoticiasbo.com\/wp-content\/uploads\/2026\/04\/cropped-IN-LOGO.png?fit=1476%2C1476&ssl=1\",\"width\":1476,\"height\":1476,\"caption\":\"innoticiasbo.com\"},\"image\":{\"@id\":\"https:\/\/innoticiasbo.com\/#\/schema\/logo\/image\/\"},\"sameAs\":[\"https:\/\/www.facebook.com\/innoticiasbolivia\",\"https:\/\/x.com\/innoticiasbo\",\"https:\/\/www.instagram.com\/innoticiasbo\",\"https:\/\/www.youtube.com\/innoticiasbo\"]},{\"@type\":\"Person\",\"@id\":\"https:\/\/innoticiasbo.com\/#\/schema\/person\/589cd527c4211df1b943bdad85ec07ce\",\"name\":\"Prensa\",\"image\":{\"@type\":\"ImageObject\",\"inLanguage\":\"es\",\"@id\":\"https:\/\/innoticiasbo.com\/#\/schema\/person\/image\/\",\"url\":\"https:\/\/secure.gravatar.com\/avatar\/d359bbdf112023c1c0a3ec7fe1600657?s=96&d=mm&r=g\",\"contentUrl\":\"https:\/\/secure.gravatar.com\/avatar\/d359bbdf112023c1c0a3ec7fe1600657?s=96&d=mm&r=g\",\"caption\":\"Prensa\"},\"sameAs\":[\"http:\/\/www.innoticiasbo.com\"],\"url\":\"https:\/\/innoticiasbo.com\/index.php\/author\/prensa\/\"}]}<\/script>\n<!-- \/ Yoast SEO plugin. -->","yoast_head_json":{"title":"LUCHO SIGUE HACIENDO SU TAREA - innoticiasbo.com","robots":{"index":"index","follow":"follow","max-snippet":"max-snippet:-1","max-image-preview":"max-image-preview:large","max-video-preview":"max-video-preview:-1"},"canonical":"https:\/\/innoticiasbo.com\/index.php\/2024\/12\/08\/lucho-sigue-haciendo-su-tarea\/","og_locale":"es_ES","og_type":"article","og_title":"LUCHO SIGUE HACIENDO SU TAREA - innoticiasbo.com","og_description":"Por Mgr. Fernando Berr\u00edos AyalaPolit\u00f3logo \u00a1Abajo el gobierno hambreador! \u00a1El pueblo, unido, jam\u00e1s ser\u00e1 vencido! Fueron algunas de las arengas en la masiva marcha del Sindicato Mixto de Choferes \u201c29 de mayo\u201d de El Alto en medio de una creciente ola de movilizaciones en el pa\u00eds. Llaman la atenci\u00f3n los estribillos porque normalmente eran utilizados...","og_url":"https:\/\/innoticiasbo.com\/index.php\/2024\/12\/08\/lucho-sigue-haciendo-su-tarea\/","og_site_name":"innoticiasbo.com","article_publisher":"https:\/\/www.facebook.com\/innoticiasbolivia","article_published_time":"2024-12-08T12:06:46+00:00","article_modified_time":"2024-12-08T12:07:40+00:00","og_image":[{"width":1079,"height":609,"url":"https:\/\/i0.wp.com\/innoticiasbo.com\/wp-content\/uploads\/2024\/12\/Screenshot_20241201_144334_CapCut-1.jpg?fit=1079%2C609&ssl=1","type":"image\/jpeg"}],"author":"Prensa","twitter_card":"summary_large_image","twitter_creator":"@innoticiasbo","twitter_site":"@innoticiasbo","twitter_misc":{"Escrito por":"Prensa","Tiempo de lectura":"3 minutos"},"schema":{"@context":"https:\/\/schema.org","@graph":[{"@type":"Article","@id":"https:\/\/innoticiasbo.com\/index.php\/2024\/12\/08\/lucho-sigue-haciendo-su-tarea\/#article","isPartOf":{"@id":"https:\/\/innoticiasbo.com\/index.php\/2024\/12\/08\/lucho-sigue-haciendo-su-tarea\/"},"author":{"name":"Prensa","@id":"https:\/\/innoticiasbo.com\/#\/schema\/person\/589cd527c4211df1b943bdad85ec07ce"},"headline":"LUCHO SIGUE HACIENDO SU TAREA","datePublished":"2024-12-08T12:06:46+00:00","dateModified":"2024-12-08T12:07:40+00:00","mainEntityOfPage":{"@id":"https:\/\/innoticiasbo.com\/index.php\/2024\/12\/08\/lucho-sigue-haciendo-su-tarea\/"},"wordCount":669,"commentCount":0,"publisher":{"@id":"https:\/\/innoticiasbo.com\/#organization"},"image":{"@id":"https:\/\/innoticiasbo.com\/index.php\/2024\/12\/08\/lucho-sigue-haciendo-su-tarea\/#primaryimage"},"thumbnailUrl":"https:\/\/i0.wp.com\/innoticiasbo.com\/wp-content\/uploads\/2024\/12\/Screenshot_20241201_144334_CapCut-1.jpg?fit=1079%2C609&ssl=1","articleSection":["Bolivia","Opini\u00f3n"],"inLanguage":"es","potentialAction":[{"@type":"CommentAction","name":"Comment","target":["https:\/\/innoticiasbo.com\/index.php\/2024\/12\/08\/lucho-sigue-haciendo-su-tarea\/#respond"]}]},{"@type":"WebPage","@id":"https:\/\/innoticiasbo.com\/index.php\/2024\/12\/08\/lucho-sigue-haciendo-su-tarea\/","url":"https:\/\/innoticiasbo.com\/index.php\/2024\/12\/08\/lucho-sigue-haciendo-su-tarea\/","name":"LUCHO SIGUE HACIENDO SU TAREA - innoticiasbo.com","isPartOf":{"@id":"https:\/\/innoticiasbo.com\/#website"},"primaryImageOfPage":{"@id":"https:\/\/innoticiasbo.com\/index.php\/2024\/12\/08\/lucho-sigue-haciendo-su-tarea\/#primaryimage"},"image":{"@id":"https:\/\/innoticiasbo.com\/index.php\/2024\/12\/08\/lucho-sigue-haciendo-su-tarea\/#primaryimage"},"thumbnailUrl":"https:\/\/i0.wp.com\/innoticiasbo.com\/wp-content\/uploads\/2024\/12\/Screenshot_20241201_144334_CapCut-1.jpg?fit=1079%2C609&ssl=1","datePublished":"2024-12-08T12:06:46+00:00","dateModified":"2024-12-08T12:07:40+00:00","breadcrumb":{"@id":"https:\/\/innoticiasbo.com\/index.php\/2024\/12\/08\/lucho-sigue-haciendo-su-tarea\/#breadcrumb"},"inLanguage":"es","potentialAction":[{"@type":"ReadAction","target":["https:\/\/innoticiasbo.com\/index.php\/2024\/12\/08\/lucho-sigue-haciendo-su-tarea\/"]}]},{"@type":"ImageObject","inLanguage":"es","@id":"https:\/\/innoticiasbo.com\/index.php\/2024\/12\/08\/lucho-sigue-haciendo-su-tarea\/#primaryimage","url":"https:\/\/i0.wp.com\/innoticiasbo.com\/wp-content\/uploads\/2024\/12\/Screenshot_20241201_144334_CapCut-1.jpg?fit=1079%2C609&ssl=1","contentUrl":"https:\/\/i0.wp.com\/innoticiasbo.com\/wp-content\/uploads\/2024\/12\/Screenshot_20241201_144334_CapCut-1.jpg?fit=1079%2C609&ssl=1","width":1079,"height":609},{"@type":"BreadcrumbList","@id":"https:\/\/innoticiasbo.com\/index.php\/2024\/12\/08\/lucho-sigue-haciendo-su-tarea\/#breadcrumb","itemListElement":[{"@type":"ListItem","position":1,"name":"Portada","item":"https:\/\/innoticiasbo.com\/"},{"@type":"ListItem","position":2,"name":"LUCHO SIGUE HACIENDO SU TAREA"}]},{"@type":"WebSite","@id":"https:\/\/innoticiasbo.com\/#website","url":"https:\/\/innoticiasbo.com\/","name":"innoticiasbo.com","description":"","publisher":{"@id":"https:\/\/innoticiasbo.com\/#organization"},"potentialAction":[{"@type":"SearchAction","target":{"@type":"EntryPoint","urlTemplate":"https:\/\/innoticiasbo.com\/?s={search_term_string}"},"query-input":{"@type":"PropertyValueSpecification","valueRequired":true,"valueName":"search_term_string"}}],"inLanguage":"es"},{"@type":"Organization","@id":"https:\/\/innoticiasbo.com\/#organization","name":"innoticiasbo.com","url":"https:\/\/innoticiasbo.com\/","logo":{"@type":"ImageObject","inLanguage":"es","@id":"https:\/\/innoticiasbo.com\/#\/schema\/logo\/image\/","url":"https:\/\/i0.wp.com\/innoticiasbo.com\/wp-content\/uploads\/2026\/04\/cropped-IN-LOGO.png?fit=1476%2C1476&ssl=1","contentUrl":"https:\/\/i0.wp.com\/innoticiasbo.com\/wp-content\/uploads\/2026\/04\/cropped-IN-LOGO.png?fit=1476%2C1476&ssl=1","width":1476,"height":1476,"caption":"innoticiasbo.com"},"image":{"@id":"https:\/\/innoticiasbo.com\/#\/schema\/logo\/image\/"},"sameAs":["https:\/\/www.facebook.com\/innoticiasbolivia","https:\/\/x.com\/innoticiasbo","https:\/\/www.instagram.com\/innoticiasbo","https:\/\/www.youtube.com\/innoticiasbo"]},{"@type":"Person","@id":"https:\/\/innoticiasbo.com\/#\/schema\/person\/589cd527c4211df1b943bdad85ec07ce","name":"Prensa","image":{"@type":"ImageObject","inLanguage":"es","@id":"https:\/\/innoticiasbo.com\/#\/schema\/person\/image\/","url":"https:\/\/secure.gravatar.com\/avatar\/d359bbdf112023c1c0a3ec7fe1600657?s=96&d=mm&r=g","contentUrl":"https:\/\/secure.gravatar.com\/avatar\/d359bbdf112023c1c0a3ec7fe1600657?s=96&d=mm&r=g","caption":"Prensa"},"sameAs":["http:\/\/www.innoticiasbo.com"],"url":"https:\/\/innoticiasbo.com\/index.php\/author\/prensa\/"}]}},"jetpack_featured_media_url":"https:\/\/i0.wp.com\/innoticiasbo.com\/wp-content\/uploads\/2024\/12\/Screenshot_20241201_144334_CapCut-1.jpg?fit=1079%2C609&ssl=1","jetpack_likes_enabled":true,"jetpack_sharing_enabled":true,"jetpack_shortlink":"https:\/\/wp.me\/pg298x-Gb","_links":{"self":[{"href":"https:\/\/innoticiasbo.com\/index.php\/wp-json\/wp\/v2\/posts\/2615","targetHints":{"allow":["GET"]}}],"collection":[{"href":"https:\/\/innoticiasbo.com\/index.php\/wp-json\/wp\/v2\/posts"}],"about":[{"href":"https:\/\/innoticiasbo.com\/index.php\/wp-json\/wp\/v2\/types\/post"}],"author":[{"embeddable":true,"href":"https:\/\/innoticiasbo.com\/index.php\/wp-json\/wp\/v2\/users\/2"}],"replies":[{"embeddable":true,"href":"https:\/\/innoticiasbo.com\/index.php\/wp-json\/wp\/v2\/comments?post=2615"}],"version-history":[{"count":1,"href":"https:\/\/innoticiasbo.com\/index.php\/wp-json\/wp\/v2\/posts\/2615\/revisions"}],"predecessor-version":[{"id":2616,"href":"https:\/\/innoticiasbo.com\/index.php\/wp-json\/wp\/v2\/posts\/2615\/revisions\/2616"}],"wp:featuredmedia":[{"embeddable":true,"href":"https:\/\/innoticiasbo.com\/index.php\/wp-json\/wp\/v2\/media\/2617"}],"wp:attachment":[{"href":"https:\/\/innoticiasbo.com\/index.php\/wp-json\/wp\/v2\/media?parent=2615"}],"wp:term":[{"taxonomy":"category","embeddable":true,"href":"https:\/\/innoticiasbo.com\/index.php\/wp-json\/wp\/v2\/categories?post=2615"},{"taxonomy":"post_tag","embeddable":true,"href":"https:\/\/innoticiasbo.com\/index.php\/wp-json\/wp\/v2\/tags?post=2615"}],"curies":[{"name":"wp","href":"https:\/\/api.w.org\/{rel}","templated":true}]}}