{"id":2468,"date":"2024-12-04T15:21:03","date_gmt":"2024-12-04T15:21:03","guid":{"rendered":"https:\/\/innoticiasbo.com\/?p=2468"},"modified":"2024-12-04T15:21:16","modified_gmt":"2024-12-04T15:21:16","slug":"fiscalia-emite-acusacion-formal-contra-dueno-de-la-inmobiliaria-las-loritas-por-estafa-cin-victimas-multiples","status":"publish","type":"post","link":"https:\/\/innoticiasbo.com\/index.php\/2024\/12\/04\/fiscalia-emite-acusacion-formal-contra-dueno-de-la-inmobiliaria-las-loritas-por-estafa-cin-victimas-multiples\/","title":{"rendered":"FISCAL\u00cdA EMITE ACUSACI\u00d3N FORMAL CONTRA&nbsp; DUE\u00d1O&nbsp; DE LA INMOBILIARIA LAS LORITAS POR ESTAFA CIN V\u00cdCTIMAS&nbsp; M\u00daLTIPLES"},"content":{"rendered":"\n<p><em>La Paz, 4 de diciembre de 2024.- <\/em> El Fiscal Departamental de La Paz, Luis Carlos Torrez, inform\u00f3 hoy que se emiti\u00f3 la resoluci\u00f3n de acusaci\u00f3n formal en contra del propietario de la inmobiliaria Las Loritas, Harold A.L.S. de 38 a\u00f1os de edad, por el delito de Estafa con el Agravante de V\u00edctimas M\u00faltiples, que cometi\u00f3 en contra de 24 personas que habr\u00edan comprado departamentos y garzoniers en condominios que ofreci\u00f3 el acusado y no cumpli\u00f3 con la entrega pese a que las v\u00edctimas pagaron el total del acuerdo. En la acusaci\u00f3n se solicit\u00f3 la pena m\u00e1xima de 10 a\u00f1os de privaci\u00f3n de libertad por el delito atribuido.<\/p>\n\n\n\n<figure class=\"wp-block-image size-large\"><img data-recalc-dims=\"1\" loading=\"lazy\" decoding=\"async\" width=\"640\" height=\"480\" src=\"https:\/\/i0.wp.com\/innoticiasbo.com\/wp-content\/uploads\/2024\/12\/img-20241204-wa00574771757544850028439.jpg?resize=640%2C480&#038;ssl=1\" alt=\"\" class=\"wp-image-2465\" srcset=\"https:\/\/i0.wp.com\/innoticiasbo.com\/wp-content\/uploads\/2024\/12\/img-20241204-wa00574771757544850028439.jpg?resize=1024%2C768&amp;ssl=1 1024w, https:\/\/i0.wp.com\/innoticiasbo.com\/wp-content\/uploads\/2024\/12\/img-20241204-wa00574771757544850028439.jpg?resize=300%2C225&amp;ssl=1 300w, https:\/\/i0.wp.com\/innoticiasbo.com\/wp-content\/uploads\/2024\/12\/img-20241204-wa00574771757544850028439.jpg?resize=768%2C576&amp;ssl=1 768w, https:\/\/i0.wp.com\/innoticiasbo.com\/wp-content\/uploads\/2024\/12\/img-20241204-wa00574771757544850028439.jpg?w=1080&amp;ssl=1 1080w\" sizes=\"auto, (max-width: 640px) 100vw, 640px\" \/><\/figure>\n\n\n\n<p>\u201cLa acusaci\u00f3n fue sustentada con 34 pruebas documentales y 29 testificales que fueron obtenidas en la etapa preparatoria de la investigaci\u00f3n como los documentos firmados por el acusado y las v\u00edctimas, declaraciones testificales, respuestas a requerimientos fiscales, inspecci\u00f3n t\u00e9cnica ocular, entre otras que establecen la autor\u00eda del acusado, que convenci\u00f3 a las v\u00edctimas para desprenderse de sus patrimonios y recursos econ\u00f3micos\u00bb, dijo Torrez.<\/p>\n\n\n\n<figure class=\"wp-block-image size-large\"><img data-recalc-dims=\"1\" loading=\"lazy\" decoding=\"async\" width=\"640\" height=\"359\" src=\"https:\/\/i0.wp.com\/innoticiasbo.com\/wp-content\/uploads\/2024\/12\/harold-lora24781680079771121612.jpg?resize=640%2C359&#038;ssl=1\" alt=\"\" class=\"wp-image-2466\" srcset=\"https:\/\/i0.wp.com\/innoticiasbo.com\/wp-content\/uploads\/2024\/12\/harold-lora24781680079771121612.jpg?w=640&amp;ssl=1 640w, https:\/\/i0.wp.com\/innoticiasbo.com\/wp-content\/uploads\/2024\/12\/harold-lora24781680079771121612.jpg?resize=300%2C168&amp;ssl=1 300w\" sizes=\"auto, (max-width: 640px) 100vw, 640px\" \/><\/figure>\n\n\n\n<p>Por su parte, el Fiscal asignado al caso, Romualdo Almonte, inform\u00f3 que los hechos sucedieron entre las gestiones 2021, 2022 y 2023, cuando el empresario de la inmobiliaria Las Loritas ofreci\u00f3 en venta departamentos y garzoniers, en un edificio en la calle 15 de Calacoto y en otro de Obrajes por un valor desde 30.000 hasta 57.000 d\u00f3lares, propiedades que fueron compradas por las v\u00edctimas mediante documentos de compra y venta protocolizados por notarios; sin embargo, hasta la fecha no fueron entregados los inmuebles y tampoco se devolvi\u00f3 el dinero pagado con anticipaci\u00f3n.<\/p>\n\n\n\n<p>Las 24 personas que suscribieron los documentos de compra y venta de los inmuebles, al no recibir las propiedades ni el dinero que pagaron, interpusieron una denuncia ante la Fiscal\u00eda Especializada en Delitos Patrimoniales de la zona sur, en ese marco, se inici\u00f3 la investigaci\u00f3n y se concluy\u00f3 con la acusaci\u00f3n formal en contra del empresario de Las Loritas.<\/p>\n","protected":false},"excerpt":{"rendered":"<p>La Paz, 4 de diciembre de 2024.- El Fiscal Departamental de La Paz, Luis Carlos Torrez, inform\u00f3 hoy que se emiti\u00f3 la resoluci\u00f3n de acusaci\u00f3n formal en contra del propietario de la inmobiliaria Las Loritas, Harold A.L.S. de 38 a\u00f1os de edad, por el delito de Estafa con el Agravante de V\u00edctimas M\u00faltiples, que cometi\u00f3&#8230;<\/p>\n","protected":false},"author":2,"featured_media":2467,"comment_status":"open","ping_status":"open","sticky":false,"template":"","format":"standard","meta":{"_jetpack_memberships_contains_paid_content":false,"footnotes":"","jetpack_publicize_message":"","jetpack_publicize_feature_enabled":true,"jetpack_social_post_already_shared":true,"jetpack_social_options":{"image_generator_settings":{"template":"highway","enabled":false},"version":2}},"categories":[1,15],"tags":[],"class_list":["post-2468","post","type-post","status-publish","format-standard","has-post-thumbnail","hentry","category-bolivia","category-seguridad"],"jetpack_publicize_connections":[],"yoast_head":"<!-- This site is optimized with the Yoast SEO plugin v23.4 - https:\/\/yoast.com\/wordpress\/plugins\/seo\/ -->\n<title>FISCAL\u00cdA EMITE ACUSACI\u00d3N FORMAL CONTRA&nbsp; DUE\u00d1O&nbsp; DE LA INMOBILIARIA LAS LORITAS POR ESTAFA CIN V\u00cdCTIMAS&nbsp; M\u00daLTIPLES - innoticiasbo.com<\/title>\n<meta name=\"robots\" content=\"index, follow, max-snippet:-1, max-image-preview:large, max-video-preview:-1\" \/>\n<link rel=\"canonical\" href=\"https:\/\/innoticiasbo.com\/index.php\/2024\/12\/04\/fiscalia-emite-acusacion-formal-contra-dueno-de-la-inmobiliaria-las-loritas-por-estafa-cin-victimas-multiples\/\" \/>\n<meta property=\"og:locale\" content=\"es_ES\" \/>\n<meta property=\"og:type\" content=\"article\" \/>\n<meta property=\"og:title\" content=\"FISCAL\u00cdA EMITE ACUSACI\u00d3N FORMAL CONTRA&nbsp; DUE\u00d1O&nbsp; DE LA INMOBILIARIA LAS LORITAS POR ESTAFA CIN V\u00cdCTIMAS&nbsp; M\u00daLTIPLES - innoticiasbo.com\" \/>\n<meta property=\"og:description\" content=\"La Paz, 4 de diciembre de 2024.- El Fiscal Departamental de La Paz, Luis Carlos Torrez, inform\u00f3 hoy que se emiti\u00f3 la resoluci\u00f3n de acusaci\u00f3n formal en contra del propietario de la inmobiliaria Las Loritas, Harold A.L.S. de 38 a\u00f1os de edad, por el delito de Estafa con el Agravante de V\u00edctimas M\u00faltiples, que cometi\u00f3...\" \/>\n<meta property=\"og:url\" content=\"https:\/\/innoticiasbo.com\/index.php\/2024\/12\/04\/fiscalia-emite-acusacion-formal-contra-dueno-de-la-inmobiliaria-las-loritas-por-estafa-cin-victimas-multiples\/\" \/>\n<meta property=\"og:site_name\" content=\"innoticiasbo.com\" \/>\n<meta property=\"article:publisher\" content=\"https:\/\/www.facebook.com\/innoticiasbolivia\" \/>\n<meta property=\"article:published_time\" content=\"2024-12-04T15:21:03+00:00\" \/>\n<meta property=\"article:modified_time\" content=\"2024-12-04T15:21:16+00:00\" \/>\n<meta property=\"og:image\" content=\"https:\/\/i0.wp.com\/innoticiasbo.com\/wp-content\/uploads\/2024\/12\/harold-lora2.jpg?fit=640%2C359&ssl=1\" \/>\n\t<meta property=\"og:image:width\" content=\"640\" \/>\n\t<meta property=\"og:image:height\" content=\"359\" \/>\n\t<meta property=\"og:image:type\" content=\"image\/jpeg\" \/>\n<meta name=\"author\" content=\"Prensa\" \/>\n<meta name=\"twitter:card\" content=\"summary_large_image\" \/>\n<meta name=\"twitter:creator\" content=\"@innoticiasbo\" \/>\n<meta name=\"twitter:site\" content=\"@innoticiasbo\" \/>\n<meta name=\"twitter:label1\" content=\"Escrito por\" \/>\n\t<meta name=\"twitter:data1\" content=\"Prensa\" \/>\n\t<meta name=\"twitter:label2\" content=\"Tiempo de lectura\" \/>\n\t<meta name=\"twitter:data2\" content=\"2 minutos\" \/>\n<script type=\"application\/ld+json\" class=\"yoast-schema-graph\">{\"@context\":\"https:\/\/schema.org\",\"@graph\":[{\"@type\":\"Article\",\"@id\":\"https:\/\/innoticiasbo.com\/index.php\/2024\/12\/04\/fiscalia-emite-acusacion-formal-contra-dueno-de-la-inmobiliaria-las-loritas-por-estafa-cin-victimas-multiples\/#article\",\"isPartOf\":{\"@id\":\"https:\/\/innoticiasbo.com\/index.php\/2024\/12\/04\/fiscalia-emite-acusacion-formal-contra-dueno-de-la-inmobiliaria-las-loritas-por-estafa-cin-victimas-multiples\/\"},\"author\":{\"name\":\"Prensa\",\"@id\":\"https:\/\/innoticiasbo.com\/#\/schema\/person\/589cd527c4211df1b943bdad85ec07ce\"},\"headline\":\"FISCAL\u00cdA EMITE ACUSACI\u00d3N FORMAL CONTRA&nbsp; DUE\u00d1O&nbsp; DE LA INMOBILIARIA LAS LORITAS POR ESTAFA CIN V\u00cdCTIMAS&nbsp; M\u00daLTIPLES\",\"datePublished\":\"2024-12-04T15:21:03+00:00\",\"dateModified\":\"2024-12-04T15:21:16+00:00\",\"mainEntityOfPage\":{\"@id\":\"https:\/\/innoticiasbo.com\/index.php\/2024\/12\/04\/fiscalia-emite-acusacion-formal-contra-dueno-de-la-inmobiliaria-las-loritas-por-estafa-cin-victimas-multiples\/\"},\"wordCount\":360,\"commentCount\":0,\"publisher\":{\"@id\":\"https:\/\/innoticiasbo.com\/#organization\"},\"image\":{\"@id\":\"https:\/\/innoticiasbo.com\/index.php\/2024\/12\/04\/fiscalia-emite-acusacion-formal-contra-dueno-de-la-inmobiliaria-las-loritas-por-estafa-cin-victimas-multiples\/#primaryimage\"},\"thumbnailUrl\":\"https:\/\/i0.wp.com\/innoticiasbo.com\/wp-content\/uploads\/2024\/12\/harold-lora2.jpg?fit=640%2C359&ssl=1\",\"articleSection\":[\"Bolivia\",\"Seguridad\"],\"inLanguage\":\"es\",\"potentialAction\":[{\"@type\":\"CommentAction\",\"name\":\"Comment\",\"target\":[\"https:\/\/innoticiasbo.com\/index.php\/2024\/12\/04\/fiscalia-emite-acusacion-formal-contra-dueno-de-la-inmobiliaria-las-loritas-por-estafa-cin-victimas-multiples\/#respond\"]}]},{\"@type\":\"WebPage\",\"@id\":\"https:\/\/innoticiasbo.com\/index.php\/2024\/12\/04\/fiscalia-emite-acusacion-formal-contra-dueno-de-la-inmobiliaria-las-loritas-por-estafa-cin-victimas-multiples\/\",\"url\":\"https:\/\/innoticiasbo.com\/index.php\/2024\/12\/04\/fiscalia-emite-acusacion-formal-contra-dueno-de-la-inmobiliaria-las-loritas-por-estafa-cin-victimas-multiples\/\",\"name\":\"FISCAL\u00cdA EMITE ACUSACI\u00d3N FORMAL CONTRA&nbsp; DUE\u00d1O&nbsp; DE LA INMOBILIARIA LAS LORITAS POR ESTAFA CIN V\u00cdCTIMAS&nbsp; M\u00daLTIPLES - innoticiasbo.com\",\"isPartOf\":{\"@id\":\"https:\/\/innoticiasbo.com\/#website\"},\"primaryImageOfPage\":{\"@id\":\"https:\/\/innoticiasbo.com\/index.php\/2024\/12\/04\/fiscalia-emite-acusacion-formal-contra-dueno-de-la-inmobiliaria-las-loritas-por-estafa-cin-victimas-multiples\/#primaryimage\"},\"image\":{\"@id\":\"https:\/\/innoticiasbo.com\/index.php\/2024\/12\/04\/fiscalia-emite-acusacion-formal-contra-dueno-de-la-inmobiliaria-las-loritas-por-estafa-cin-victimas-multiples\/#primaryimage\"},\"thumbnailUrl\":\"https:\/\/i0.wp.com\/innoticiasbo.com\/wp-content\/uploads\/2024\/12\/harold-lora2.jpg?fit=640%2C359&ssl=1\",\"datePublished\":\"2024-12-04T15:21:03+00:00\",\"dateModified\":\"2024-12-04T15:21:16+00:00\",\"breadcrumb\":{\"@id\":\"https:\/\/innoticiasbo.com\/index.php\/2024\/12\/04\/fiscalia-emite-acusacion-formal-contra-dueno-de-la-inmobiliaria-las-loritas-por-estafa-cin-victimas-multiples\/#breadcrumb\"},\"inLanguage\":\"es\",\"potentialAction\":[{\"@type\":\"ReadAction\",\"target\":[\"https:\/\/innoticiasbo.com\/index.php\/2024\/12\/04\/fiscalia-emite-acusacion-formal-contra-dueno-de-la-inmobiliaria-las-loritas-por-estafa-cin-victimas-multiples\/\"]}]},{\"@type\":\"ImageObject\",\"inLanguage\":\"es\",\"@id\":\"https:\/\/innoticiasbo.com\/index.php\/2024\/12\/04\/fiscalia-emite-acusacion-formal-contra-dueno-de-la-inmobiliaria-las-loritas-por-estafa-cin-victimas-multiples\/#primaryimage\",\"url\":\"https:\/\/i0.wp.com\/innoticiasbo.com\/wp-content\/uploads\/2024\/12\/harold-lora2.jpg?fit=640%2C359&ssl=1\",\"contentUrl\":\"https:\/\/i0.wp.com\/innoticiasbo.com\/wp-content\/uploads\/2024\/12\/harold-lora2.jpg?fit=640%2C359&ssl=1\",\"width\":640,\"height\":359},{\"@type\":\"BreadcrumbList\",\"@id\":\"https:\/\/innoticiasbo.com\/index.php\/2024\/12\/04\/fiscalia-emite-acusacion-formal-contra-dueno-de-la-inmobiliaria-las-loritas-por-estafa-cin-victimas-multiples\/#breadcrumb\",\"itemListElement\":[{\"@type\":\"ListItem\",\"position\":1,\"name\":\"Portada\",\"item\":\"https:\/\/innoticiasbo.com\/\"},{\"@type\":\"ListItem\",\"position\":2,\"name\":\"FISCAL\u00cdA EMITE ACUSACI\u00d3N FORMAL CONTRA&nbsp; DUE\u00d1O&nbsp; DE LA INMOBILIARIA LAS LORITAS POR ESTAFA CIN V\u00cdCTIMAS&nbsp; M\u00daLTIPLES\"}]},{\"@type\":\"WebSite\",\"@id\":\"https:\/\/innoticiasbo.com\/#website\",\"url\":\"https:\/\/innoticiasbo.com\/\",\"name\":\"innoticiasbo.com\",\"description\":\"\",\"publisher\":{\"@id\":\"https:\/\/innoticiasbo.com\/#organization\"},\"potentialAction\":[{\"@type\":\"SearchAction\",\"target\":{\"@type\":\"EntryPoint\",\"urlTemplate\":\"https:\/\/innoticiasbo.com\/?s={search_term_string}\"},\"query-input\":{\"@type\":\"PropertyValueSpecification\",\"valueRequired\":true,\"valueName\":\"search_term_string\"}}],\"inLanguage\":\"es\"},{\"@type\":\"Organization\",\"@id\":\"https:\/\/innoticiasbo.com\/#organization\",\"name\":\"innoticiasbo.com\",\"url\":\"https:\/\/innoticiasbo.com\/\",\"logo\":{\"@type\":\"ImageObject\",\"inLanguage\":\"es\",\"@id\":\"https:\/\/innoticiasbo.com\/#\/schema\/logo\/image\/\",\"url\":\"https:\/\/i0.wp.com\/innoticiasbo.com\/wp-content\/uploads\/2026\/04\/cropped-IN-LOGO.png?fit=1476%2C1476&ssl=1\",\"contentUrl\":\"https:\/\/i0.wp.com\/innoticiasbo.com\/wp-content\/uploads\/2026\/04\/cropped-IN-LOGO.png?fit=1476%2C1476&ssl=1\",\"width\":1476,\"height\":1476,\"caption\":\"innoticiasbo.com\"},\"image\":{\"@id\":\"https:\/\/innoticiasbo.com\/#\/schema\/logo\/image\/\"},\"sameAs\":[\"https:\/\/www.facebook.com\/innoticiasbolivia\",\"https:\/\/x.com\/innoticiasbo\",\"https:\/\/www.instagram.com\/innoticiasbo\",\"https:\/\/www.youtube.com\/innoticiasbo\"]},{\"@type\":\"Person\",\"@id\":\"https:\/\/innoticiasbo.com\/#\/schema\/person\/589cd527c4211df1b943bdad85ec07ce\",\"name\":\"Prensa\",\"image\":{\"@type\":\"ImageObject\",\"inLanguage\":\"es\",\"@id\":\"https:\/\/innoticiasbo.com\/#\/schema\/person\/image\/\",\"url\":\"https:\/\/secure.gravatar.com\/avatar\/d359bbdf112023c1c0a3ec7fe1600657?s=96&d=mm&r=g\",\"contentUrl\":\"https:\/\/secure.gravatar.com\/avatar\/d359bbdf112023c1c0a3ec7fe1600657?s=96&d=mm&r=g\",\"caption\":\"Prensa\"},\"sameAs\":[\"http:\/\/www.innoticiasbo.com\"],\"url\":\"https:\/\/innoticiasbo.com\/index.php\/author\/prensa\/\"}]}<\/script>\n<!-- \/ Yoast SEO plugin. -->","yoast_head_json":{"title":"FISCAL\u00cdA EMITE ACUSACI\u00d3N FORMAL CONTRA&nbsp; DUE\u00d1O&nbsp; DE LA INMOBILIARIA LAS LORITAS POR ESTAFA CIN V\u00cdCTIMAS&nbsp; M\u00daLTIPLES - innoticiasbo.com","robots":{"index":"index","follow":"follow","max-snippet":"max-snippet:-1","max-image-preview":"max-image-preview:large","max-video-preview":"max-video-preview:-1"},"canonical":"https:\/\/innoticiasbo.com\/index.php\/2024\/12\/04\/fiscalia-emite-acusacion-formal-contra-dueno-de-la-inmobiliaria-las-loritas-por-estafa-cin-victimas-multiples\/","og_locale":"es_ES","og_type":"article","og_title":"FISCAL\u00cdA EMITE ACUSACI\u00d3N FORMAL CONTRA&nbsp; DUE\u00d1O&nbsp; DE LA INMOBILIARIA LAS LORITAS POR ESTAFA CIN V\u00cdCTIMAS&nbsp; M\u00daLTIPLES - innoticiasbo.com","og_description":"La Paz, 4 de diciembre de 2024.- El Fiscal Departamental de La Paz, Luis Carlos Torrez, inform\u00f3 hoy que se emiti\u00f3 la resoluci\u00f3n de acusaci\u00f3n formal en contra del propietario de la inmobiliaria Las Loritas, Harold A.L.S. de 38 a\u00f1os de edad, por el delito de Estafa con el Agravante de V\u00edctimas M\u00faltiples, que cometi\u00f3...","og_url":"https:\/\/innoticiasbo.com\/index.php\/2024\/12\/04\/fiscalia-emite-acusacion-formal-contra-dueno-de-la-inmobiliaria-las-loritas-por-estafa-cin-victimas-multiples\/","og_site_name":"innoticiasbo.com","article_publisher":"https:\/\/www.facebook.com\/innoticiasbolivia","article_published_time":"2024-12-04T15:21:03+00:00","article_modified_time":"2024-12-04T15:21:16+00:00","og_image":[{"width":640,"height":359,"url":"https:\/\/i0.wp.com\/innoticiasbo.com\/wp-content\/uploads\/2024\/12\/harold-lora2.jpg?fit=640%2C359&ssl=1","type":"image\/jpeg"}],"author":"Prensa","twitter_card":"summary_large_image","twitter_creator":"@innoticiasbo","twitter_site":"@innoticiasbo","twitter_misc":{"Escrito por":"Prensa","Tiempo de lectura":"2 minutos"},"schema":{"@context":"https:\/\/schema.org","@graph":[{"@type":"Article","@id":"https:\/\/innoticiasbo.com\/index.php\/2024\/12\/04\/fiscalia-emite-acusacion-formal-contra-dueno-de-la-inmobiliaria-las-loritas-por-estafa-cin-victimas-multiples\/#article","isPartOf":{"@id":"https:\/\/innoticiasbo.com\/index.php\/2024\/12\/04\/fiscalia-emite-acusacion-formal-contra-dueno-de-la-inmobiliaria-las-loritas-por-estafa-cin-victimas-multiples\/"},"author":{"name":"Prensa","@id":"https:\/\/innoticiasbo.com\/#\/schema\/person\/589cd527c4211df1b943bdad85ec07ce"},"headline":"FISCAL\u00cdA EMITE ACUSACI\u00d3N FORMAL CONTRA&nbsp; DUE\u00d1O&nbsp; DE LA INMOBILIARIA LAS LORITAS POR ESTAFA CIN V\u00cdCTIMAS&nbsp; M\u00daLTIPLES","datePublished":"2024-12-04T15:21:03+00:00","dateModified":"2024-12-04T15:21:16+00:00","mainEntityOfPage":{"@id":"https:\/\/innoticiasbo.com\/index.php\/2024\/12\/04\/fiscalia-emite-acusacion-formal-contra-dueno-de-la-inmobiliaria-las-loritas-por-estafa-cin-victimas-multiples\/"},"wordCount":360,"commentCount":0,"publisher":{"@id":"https:\/\/innoticiasbo.com\/#organization"},"image":{"@id":"https:\/\/innoticiasbo.com\/index.php\/2024\/12\/04\/fiscalia-emite-acusacion-formal-contra-dueno-de-la-inmobiliaria-las-loritas-por-estafa-cin-victimas-multiples\/#primaryimage"},"thumbnailUrl":"https:\/\/i0.wp.com\/innoticiasbo.com\/wp-content\/uploads\/2024\/12\/harold-lora2.jpg?fit=640%2C359&ssl=1","articleSection":["Bolivia","Seguridad"],"inLanguage":"es","potentialAction":[{"@type":"CommentAction","name":"Comment","target":["https:\/\/innoticiasbo.com\/index.php\/2024\/12\/04\/fiscalia-emite-acusacion-formal-contra-dueno-de-la-inmobiliaria-las-loritas-por-estafa-cin-victimas-multiples\/#respond"]}]},{"@type":"WebPage","@id":"https:\/\/innoticiasbo.com\/index.php\/2024\/12\/04\/fiscalia-emite-acusacion-formal-contra-dueno-de-la-inmobiliaria-las-loritas-por-estafa-cin-victimas-multiples\/","url":"https:\/\/innoticiasbo.com\/index.php\/2024\/12\/04\/fiscalia-emite-acusacion-formal-contra-dueno-de-la-inmobiliaria-las-loritas-por-estafa-cin-victimas-multiples\/","name":"FISCAL\u00cdA EMITE ACUSACI\u00d3N FORMAL CONTRA&nbsp; DUE\u00d1O&nbsp; DE LA INMOBILIARIA LAS LORITAS POR ESTAFA CIN V\u00cdCTIMAS&nbsp; M\u00daLTIPLES - innoticiasbo.com","isPartOf":{"@id":"https:\/\/innoticiasbo.com\/#website"},"primaryImageOfPage":{"@id":"https:\/\/innoticiasbo.com\/index.php\/2024\/12\/04\/fiscalia-emite-acusacion-formal-contra-dueno-de-la-inmobiliaria-las-loritas-por-estafa-cin-victimas-multiples\/#primaryimage"},"image":{"@id":"https:\/\/innoticiasbo.com\/index.php\/2024\/12\/04\/fiscalia-emite-acusacion-formal-contra-dueno-de-la-inmobiliaria-las-loritas-por-estafa-cin-victimas-multiples\/#primaryimage"},"thumbnailUrl":"https:\/\/i0.wp.com\/innoticiasbo.com\/wp-content\/uploads\/2024\/12\/harold-lora2.jpg?fit=640%2C359&ssl=1","datePublished":"2024-12-04T15:21:03+00:00","dateModified":"2024-12-04T15:21:16+00:00","breadcrumb":{"@id":"https:\/\/innoticiasbo.com\/index.php\/2024\/12\/04\/fiscalia-emite-acusacion-formal-contra-dueno-de-la-inmobiliaria-las-loritas-por-estafa-cin-victimas-multiples\/#breadcrumb"},"inLanguage":"es","potentialAction":[{"@type":"ReadAction","target":["https:\/\/innoticiasbo.com\/index.php\/2024\/12\/04\/fiscalia-emite-acusacion-formal-contra-dueno-de-la-inmobiliaria-las-loritas-por-estafa-cin-victimas-multiples\/"]}]},{"@type":"ImageObject","inLanguage":"es","@id":"https:\/\/innoticiasbo.com\/index.php\/2024\/12\/04\/fiscalia-emite-acusacion-formal-contra-dueno-de-la-inmobiliaria-las-loritas-por-estafa-cin-victimas-multiples\/#primaryimage","url":"https:\/\/i0.wp.com\/innoticiasbo.com\/wp-content\/uploads\/2024\/12\/harold-lora2.jpg?fit=640%2C359&ssl=1","contentUrl":"https:\/\/i0.wp.com\/innoticiasbo.com\/wp-content\/uploads\/2024\/12\/harold-lora2.jpg?fit=640%2C359&ssl=1","width":640,"height":359},{"@type":"BreadcrumbList","@id":"https:\/\/innoticiasbo.com\/index.php\/2024\/12\/04\/fiscalia-emite-acusacion-formal-contra-dueno-de-la-inmobiliaria-las-loritas-por-estafa-cin-victimas-multiples\/#breadcrumb","itemListElement":[{"@type":"ListItem","position":1,"name":"Portada","item":"https:\/\/innoticiasbo.com\/"},{"@type":"ListItem","position":2,"name":"FISCAL\u00cdA EMITE ACUSACI\u00d3N FORMAL CONTRA&nbsp; DUE\u00d1O&nbsp; DE LA INMOBILIARIA LAS LORITAS POR ESTAFA CIN V\u00cdCTIMAS&nbsp; M\u00daLTIPLES"}]},{"@type":"WebSite","@id":"https:\/\/innoticiasbo.com\/#website","url":"https:\/\/innoticiasbo.com\/","name":"innoticiasbo.com","description":"","publisher":{"@id":"https:\/\/innoticiasbo.com\/#organization"},"potentialAction":[{"@type":"SearchAction","target":{"@type":"EntryPoint","urlTemplate":"https:\/\/innoticiasbo.com\/?s={search_term_string}"},"query-input":{"@type":"PropertyValueSpecification","valueRequired":true,"valueName":"search_term_string"}}],"inLanguage":"es"},{"@type":"Organization","@id":"https:\/\/innoticiasbo.com\/#organization","name":"innoticiasbo.com","url":"https:\/\/innoticiasbo.com\/","logo":{"@type":"ImageObject","inLanguage":"es","@id":"https:\/\/innoticiasbo.com\/#\/schema\/logo\/image\/","url":"https:\/\/i0.wp.com\/innoticiasbo.com\/wp-content\/uploads\/2026\/04\/cropped-IN-LOGO.png?fit=1476%2C1476&ssl=1","contentUrl":"https:\/\/i0.wp.com\/innoticiasbo.com\/wp-content\/uploads\/2026\/04\/cropped-IN-LOGO.png?fit=1476%2C1476&ssl=1","width":1476,"height":1476,"caption":"innoticiasbo.com"},"image":{"@id":"https:\/\/innoticiasbo.com\/#\/schema\/logo\/image\/"},"sameAs":["https:\/\/www.facebook.com\/innoticiasbolivia","https:\/\/x.com\/innoticiasbo","https:\/\/www.instagram.com\/innoticiasbo","https:\/\/www.youtube.com\/innoticiasbo"]},{"@type":"Person","@id":"https:\/\/innoticiasbo.com\/#\/schema\/person\/589cd527c4211df1b943bdad85ec07ce","name":"Prensa","image":{"@type":"ImageObject","inLanguage":"es","@id":"https:\/\/innoticiasbo.com\/#\/schema\/person\/image\/","url":"https:\/\/secure.gravatar.com\/avatar\/d359bbdf112023c1c0a3ec7fe1600657?s=96&d=mm&r=g","contentUrl":"https:\/\/secure.gravatar.com\/avatar\/d359bbdf112023c1c0a3ec7fe1600657?s=96&d=mm&r=g","caption":"Prensa"},"sameAs":["http:\/\/www.innoticiasbo.com"],"url":"https:\/\/innoticiasbo.com\/index.php\/author\/prensa\/"}]}},"jetpack_featured_media_url":"https:\/\/i0.wp.com\/innoticiasbo.com\/wp-content\/uploads\/2024\/12\/harold-lora2.jpg?fit=640%2C359&ssl=1","jetpack_likes_enabled":true,"jetpack_sharing_enabled":true,"jetpack_shortlink":"https:\/\/wp.me\/pg298x-DO","_links":{"self":[{"href":"https:\/\/innoticiasbo.com\/index.php\/wp-json\/wp\/v2\/posts\/2468","targetHints":{"allow":["GET"]}}],"collection":[{"href":"https:\/\/innoticiasbo.com\/index.php\/wp-json\/wp\/v2\/posts"}],"about":[{"href":"https:\/\/innoticiasbo.com\/index.php\/wp-json\/wp\/v2\/types\/post"}],"author":[{"embeddable":true,"href":"https:\/\/innoticiasbo.com\/index.php\/wp-json\/wp\/v2\/users\/2"}],"replies":[{"embeddable":true,"href":"https:\/\/innoticiasbo.com\/index.php\/wp-json\/wp\/v2\/comments?post=2468"}],"version-history":[{"count":1,"href":"https:\/\/innoticiasbo.com\/index.php\/wp-json\/wp\/v2\/posts\/2468\/revisions"}],"predecessor-version":[{"id":2469,"href":"https:\/\/innoticiasbo.com\/index.php\/wp-json\/wp\/v2\/posts\/2468\/revisions\/2469"}],"wp:featuredmedia":[{"embeddable":true,"href":"https:\/\/innoticiasbo.com\/index.php\/wp-json\/wp\/v2\/media\/2467"}],"wp:attachment":[{"href":"https:\/\/innoticiasbo.com\/index.php\/wp-json\/wp\/v2\/media?parent=2468"}],"wp:term":[{"taxonomy":"category","embeddable":true,"href":"https:\/\/innoticiasbo.com\/index.php\/wp-json\/wp\/v2\/categories?post=2468"},{"taxonomy":"post_tag","embeddable":true,"href":"https:\/\/innoticiasbo.com\/index.php\/wp-json\/wp\/v2\/tags?post=2468"}],"curies":[{"name":"wp","href":"https:\/\/api.w.org\/{rel}","templated":true}]}}