{"id":2375,"date":"2024-11-30T19:17:25","date_gmt":"2024-11-30T19:17:25","guid":{"rendered":"https:\/\/innoticiasbo.com\/?p=2375"},"modified":"2024-11-30T19:17:49","modified_gmt":"2024-11-30T19:17:49","slug":"encontraron-sin-vida-al-taxista-desaparecido-hace-una-semana-en-una-quebrada-en-santivanez","status":"publish","type":"post","link":"https:\/\/innoticiasbo.com\/index.php\/2024\/11\/30\/encontraron-sin-vida-al-taxista-desaparecido-hace-una-semana-en-una-quebrada-en-santivanez\/","title":{"rendered":"ENCONTRARON SIN VIDA AL TAXISTA DESAPARECIDO HACE UNA SEMANA EN UNA QUEBRADA EN SANTIV\u00c1\u00d1EZ"},"content":{"rendered":"\n<figure class=\"wp-block-video\"><video controls src=\"https:\/\/innoticiasbo.com\/wp-content\/uploads\/2024\/11\/IN-Noticias480p.mp4\"><\/video><\/figure>\n\n\n\n<figure class=\"wp-block-image size-large\"><img data-recalc-dims=\"1\" loading=\"lazy\" decoding=\"async\" width=\"540\" height=\"540\" src=\"https:\/\/i0.wp.com\/innoticiasbo.com\/wp-content\/uploads\/2024\/11\/in-noticias-3565149897786640image36208696981052340601.jpg?resize=540%2C540&#038;ssl=1\" alt=\"\" class=\"wp-image-2371\" srcset=\"https:\/\/i0.wp.com\/innoticiasbo.com\/wp-content\/uploads\/2024\/11\/in-noticias-3565149897786640image36208696981052340601.jpg?w=540&amp;ssl=1 540w, https:\/\/i0.wp.com\/innoticiasbo.com\/wp-content\/uploads\/2024\/11\/in-noticias-3565149897786640image36208696981052340601.jpg?resize=300%2C300&amp;ssl=1 300w, https:\/\/i0.wp.com\/innoticiasbo.com\/wp-content\/uploads\/2024\/11\/in-noticias-3565149897786640image36208696981052340601.jpg?resize=150%2C150&amp;ssl=1 150w\" sizes=\"auto, (max-width: 540px) 100vw, 540px\" \/><\/figure>\n\n\n\n<figure class=\"wp-block-image\"><img data-recalc-dims=\"1\" loading=\"lazy\" decoding=\"async\" width=\"512\" height=\"1024\" src=\"https:\/\/i0.wp.com\/innoticiasbo.com\/wp-content\/uploads\/2024\/11\/in-noticias-3565149897786640image18932571430515505979.jpg?resize=512%2C1024&#038;ssl=1\" alt=\"\" class=\"wp-image-2373\" srcset=\"https:\/\/i0.wp.com\/innoticiasbo.com\/wp-content\/uploads\/2024\/11\/in-noticias-3565149897786640image18932571430515505979.jpg?resize=512%2C1024&amp;ssl=1 512w, https:\/\/i0.wp.com\/innoticiasbo.com\/wp-content\/uploads\/2024\/11\/in-noticias-3565149897786640image18932571430515505979.jpg?resize=150%2C300&amp;ssl=1 150w, https:\/\/i0.wp.com\/innoticiasbo.com\/wp-content\/uploads\/2024\/11\/in-noticias-3565149897786640image18932571430515505979.jpg?w=540&amp;ssl=1 540w\" sizes=\"auto, (max-width: 512px) 100vw, 512px\" \/><\/figure>\n\n\n\n<figure class=\"wp-block-image\"><img data-recalc-dims=\"1\" loading=\"lazy\" decoding=\"async\" width=\"300\" height=\"300\" src=\"https:\/\/i0.wp.com\/innoticiasbo.com\/wp-content\/uploads\/2024\/11\/in-noticias-3565149897786640image26776325817859128477.jpg?resize=300%2C300&#038;ssl=1\" alt=\"\" class=\"wp-image-2372\" srcset=\"https:\/\/i0.wp.com\/innoticiasbo.com\/wp-content\/uploads\/2024\/11\/in-noticias-3565149897786640image26776325817859128477.jpg?resize=300%2C300&amp;ssl=1 300w, https:\/\/i0.wp.com\/innoticiasbo.com\/wp-content\/uploads\/2024\/11\/in-noticias-3565149897786640image26776325817859128477.jpg?resize=150%2C150&amp;ssl=1 150w, https:\/\/i0.wp.com\/innoticiasbo.com\/wp-content\/uploads\/2024\/11\/in-noticias-3565149897786640image26776325817859128477.jpg?w=540&amp;ssl=1 540w\" sizes=\"auto, (max-width: 300px) 100vw, 300px\" \/><\/figure>\n\n\n\n<p> <br> Despu\u00e9s de una larga b\u00fasqueda, durante una semana, finalmente se reporta el hallazgo del taxista que desapareci\u00f3 el pasado jueves, su familia y sus compa\u00f1eros de trabajo realizaron rastrillajes y lograron dar con el cuerpo en la carretera a Santiv\u00e1\u00f1ez.<br><br>Juan Carlos Gonz\u00e1les, de 34 a\u00f1os, hab\u00eda salido a trabajar como todas las noches en su taxi, sin embargo, no regres\u00f3 m\u00e1s y su veh\u00edculo fue encontrado en la zona de Parotani, a punto de ser quemado.<br><br> El Fiscal Departamental de Cochabamba, Osvaldo Tejerina R\u00edos, inform\u00f3 hoy que, tras un rastrillaje realizado por la Fiscal\u00eda y la Polic\u00eda en el municipio de Santiva\u00f1ez se logr\u00f3 encontrar el cuerpo de Juan C.G.R. de 36 a\u00f1os de edad, el chofer que estaba desaparecido desde el 22 de noviembre de este a\u00f1o, mismo que fue arrojado a una quebrada colindante con la carretera.<br><br>\u201cR\u00e1pidamente se activ\u00f3 al equipo multidisciplinario conformado por el Fiscal Especializado en Delitos Contra la Vida y peritos del Instituto de Investigaciones Forenses (IDIF) para que se constituyan en el municipio de Santiva\u00f1ez, lugar donde fue hallado el cuerpo del chofer desaparecido, para realizar el levantamiento legal del cad\u00e1ver y despu\u00e9s trasladarlo para que se realice la autopsia correspondiente\u201d, resalt\u00f3 Tejerina. <br><br>Por su parte, la Fiscal de Materia, Jimena Barrios, se\u00f1al\u00f3 que el hecho se produjo en el municipio de Sacaba, el 22 de noviembre de 2024, ese d\u00eda, Juan fue a recoger a dos pasajeros al sector de Palca y cuando lleg\u00f3 al lugar se comunic\u00f3 con otro de sus compa\u00f1eros de la l\u00ednea de radio taxi donde trabajaba a quien le cont\u00f3 que esperaba a dos pasajeros, esa fue la \u00faltima comunicaci\u00f3n que tuvieron con \u00e9l.<br><br>Al d\u00eda siguiente, el veh\u00edculo de Juan fue hallado por comunarios en la comunidad de Parotani del municipio de Sipe Sipe, quienes llamaron a la Polic\u00eda, al interior del motorizado se encontraron manchas de sangre y se pudo observar que personas desconocidas intentaron quemar el mismo, seg\u00fan algunos testigos. <br><br>Tras un rastrillaje realizado este viernes el cuerpo del conductor pudo ser hallado en una quebrada colindante a la carretera de dicho municipio, al promediar las 16:30 horas.<br><br>#innoticias #taxistadesaparecido #Cochabamba<\/p>\n","protected":false},"excerpt":{"rendered":"<p>Despu\u00e9s de una larga b\u00fasqueda, durante una semana, finalmente se reporta el hallazgo del taxista que desapareci\u00f3 el pasado jueves, su familia y sus compa\u00f1eros de trabajo realizaron rastrillajes y lograron dar con el cuerpo en la carretera a Santiv\u00e1\u00f1ez. Juan Carlos Gonz\u00e1les, de 34 a\u00f1os, hab\u00eda salido a trabajar como todas las noches en&#8230;<\/p>\n","protected":false},"author":7,"featured_media":2374,"comment_status":"open","ping_status":"open","sticky":false,"template":"","format":"standard","meta":{"_jetpack_memberships_contains_paid_content":false,"footnotes":"","jetpack_publicize_message":"","jetpack_publicize_feature_enabled":true,"jetpack_social_post_already_shared":true,"jetpack_social_options":{"image_generator_settings":{"template":"highway","enabled":false},"version":2}},"categories":[1,2],"tags":[],"class_list":["post-2375","post","type-post","status-publish","format-standard","has-post-thumbnail","hentry","category-bolivia","category-cochabamba"],"jetpack_publicize_connections":[],"yoast_head":"<!-- This site is optimized with the Yoast SEO plugin v23.4 - https:\/\/yoast.com\/wordpress\/plugins\/seo\/ -->\n<title>ENCONTRARON SIN VIDA AL TAXISTA DESAPARECIDO HACE UNA SEMANA EN UNA QUEBRADA EN SANTIV\u00c1\u00d1EZ - innoticiasbo.com<\/title>\n<meta name=\"robots\" content=\"index, follow, max-snippet:-1, max-image-preview:large, max-video-preview:-1\" \/>\n<link rel=\"canonical\" href=\"https:\/\/innoticiasbo.com\/index.php\/2024\/11\/30\/encontraron-sin-vida-al-taxista-desaparecido-hace-una-semana-en-una-quebrada-en-santivanez\/\" \/>\n<meta property=\"og:locale\" content=\"es_ES\" \/>\n<meta property=\"og:type\" content=\"article\" \/>\n<meta property=\"og:title\" content=\"ENCONTRARON SIN VIDA AL TAXISTA DESAPARECIDO HACE UNA SEMANA EN UNA QUEBRADA EN SANTIV\u00c1\u00d1EZ - innoticiasbo.com\" \/>\n<meta property=\"og:description\" content=\"Despu\u00e9s de una larga b\u00fasqueda, durante una semana, finalmente se reporta el hallazgo del taxista que desapareci\u00f3 el pasado jueves, su familia y sus compa\u00f1eros de trabajo realizaron rastrillajes y lograron dar con el cuerpo en la carretera a Santiv\u00e1\u00f1ez. Juan Carlos Gonz\u00e1les, de 34 a\u00f1os, hab\u00eda salido a trabajar como todas las noches en...\" \/>\n<meta property=\"og:url\" content=\"https:\/\/innoticiasbo.com\/index.php\/2024\/11\/30\/encontraron-sin-vida-al-taxista-desaparecido-hace-una-semana-en-una-quebrada-en-santivanez\/\" \/>\n<meta property=\"og:site_name\" content=\"innoticiasbo.com\" \/>\n<meta property=\"article:publisher\" content=\"https:\/\/www.facebook.com\/innoticiasbolivia\" \/>\n<meta property=\"article:published_time\" content=\"2024-11-30T19:17:25+00:00\" \/>\n<meta property=\"article:modified_time\" content=\"2024-11-30T19:17:49+00:00\" \/>\n<meta property=\"og:image\" content=\"https:\/\/i0.wp.com\/innoticiasbo.com\/wp-content\/uploads\/2024\/11\/IN-Noticias-3565149897786640image1.jpg?fit=540%2C1080&ssl=1\" \/>\n\t<meta property=\"og:image:width\" content=\"540\" \/>\n\t<meta property=\"og:image:height\" content=\"1080\" \/>\n\t<meta property=\"og:image:type\" content=\"image\/jpeg\" \/>\n<meta name=\"author\" content=\"Abril Rodr\u00edguez\" \/>\n<meta name=\"twitter:card\" content=\"summary_large_image\" \/>\n<meta name=\"twitter:creator\" content=\"@innoticiasbo\" \/>\n<meta name=\"twitter:site\" content=\"@innoticiasbo\" \/>\n<meta name=\"twitter:label1\" content=\"Escrito por\" \/>\n\t<meta name=\"twitter:data1\" content=\"Abril Rodr\u00edguez\" \/>\n\t<meta name=\"twitter:label2\" content=\"Tiempo de lectura\" \/>\n\t<meta name=\"twitter:data2\" content=\"2 minutos\" \/>\n<script type=\"application\/ld+json\" class=\"yoast-schema-graph\">{\"@context\":\"https:\/\/schema.org\",\"@graph\":[{\"@type\":\"Article\",\"@id\":\"https:\/\/innoticiasbo.com\/index.php\/2024\/11\/30\/encontraron-sin-vida-al-taxista-desaparecido-hace-una-semana-en-una-quebrada-en-santivanez\/#article\",\"isPartOf\":{\"@id\":\"https:\/\/innoticiasbo.com\/index.php\/2024\/11\/30\/encontraron-sin-vida-al-taxista-desaparecido-hace-una-semana-en-una-quebrada-en-santivanez\/\"},\"author\":{\"name\":\"Abril Rodr\u00edguez\",\"@id\":\"https:\/\/innoticiasbo.com\/#\/schema\/person\/a3aa59f775293b57d2f63327b36c159f\"},\"headline\":\"ENCONTRARON SIN VIDA AL TAXISTA DESAPARECIDO HACE UNA SEMANA EN UNA QUEBRADA EN SANTIV\u00c1\u00d1EZ\",\"datePublished\":\"2024-11-30T19:17:25+00:00\",\"dateModified\":\"2024-11-30T19:17:49+00:00\",\"mainEntityOfPage\":{\"@id\":\"https:\/\/innoticiasbo.com\/index.php\/2024\/11\/30\/encontraron-sin-vida-al-taxista-desaparecido-hace-una-semana-en-una-quebrada-en-santivanez\/\"},\"wordCount\":397,\"commentCount\":0,\"publisher\":{\"@id\":\"https:\/\/innoticiasbo.com\/#organization\"},\"image\":{\"@id\":\"https:\/\/innoticiasbo.com\/index.php\/2024\/11\/30\/encontraron-sin-vida-al-taxista-desaparecido-hace-una-semana-en-una-quebrada-en-santivanez\/#primaryimage\"},\"thumbnailUrl\":\"https:\/\/i0.wp.com\/innoticiasbo.com\/wp-content\/uploads\/2024\/11\/IN-Noticias-3565149897786640image1.jpg?fit=540%2C1080&ssl=1\",\"articleSection\":[\"Bolivia\",\"Cochabamba\"],\"inLanguage\":\"es\",\"potentialAction\":[{\"@type\":\"CommentAction\",\"name\":\"Comment\",\"target\":[\"https:\/\/innoticiasbo.com\/index.php\/2024\/11\/30\/encontraron-sin-vida-al-taxista-desaparecido-hace-una-semana-en-una-quebrada-en-santivanez\/#respond\"]}]},{\"@type\":\"WebPage\",\"@id\":\"https:\/\/innoticiasbo.com\/index.php\/2024\/11\/30\/encontraron-sin-vida-al-taxista-desaparecido-hace-una-semana-en-una-quebrada-en-santivanez\/\",\"url\":\"https:\/\/innoticiasbo.com\/index.php\/2024\/11\/30\/encontraron-sin-vida-al-taxista-desaparecido-hace-una-semana-en-una-quebrada-en-santivanez\/\",\"name\":\"ENCONTRARON SIN VIDA AL TAXISTA DESAPARECIDO HACE UNA SEMANA EN UNA QUEBRADA EN SANTIV\u00c1\u00d1EZ - innoticiasbo.com\",\"isPartOf\":{\"@id\":\"https:\/\/innoticiasbo.com\/#website\"},\"primaryImageOfPage\":{\"@id\":\"https:\/\/innoticiasbo.com\/index.php\/2024\/11\/30\/encontraron-sin-vida-al-taxista-desaparecido-hace-una-semana-en-una-quebrada-en-santivanez\/#primaryimage\"},\"image\":{\"@id\":\"https:\/\/innoticiasbo.com\/index.php\/2024\/11\/30\/encontraron-sin-vida-al-taxista-desaparecido-hace-una-semana-en-una-quebrada-en-santivanez\/#primaryimage\"},\"thumbnailUrl\":\"https:\/\/i0.wp.com\/innoticiasbo.com\/wp-content\/uploads\/2024\/11\/IN-Noticias-3565149897786640image1.jpg?fit=540%2C1080&ssl=1\",\"datePublished\":\"2024-11-30T19:17:25+00:00\",\"dateModified\":\"2024-11-30T19:17:49+00:00\",\"breadcrumb\":{\"@id\":\"https:\/\/innoticiasbo.com\/index.php\/2024\/11\/30\/encontraron-sin-vida-al-taxista-desaparecido-hace-una-semana-en-una-quebrada-en-santivanez\/#breadcrumb\"},\"inLanguage\":\"es\",\"potentialAction\":[{\"@type\":\"ReadAction\",\"target\":[\"https:\/\/innoticiasbo.com\/index.php\/2024\/11\/30\/encontraron-sin-vida-al-taxista-desaparecido-hace-una-semana-en-una-quebrada-en-santivanez\/\"]}]},{\"@type\":\"ImageObject\",\"inLanguage\":\"es\",\"@id\":\"https:\/\/innoticiasbo.com\/index.php\/2024\/11\/30\/encontraron-sin-vida-al-taxista-desaparecido-hace-una-semana-en-una-quebrada-en-santivanez\/#primaryimage\",\"url\":\"https:\/\/i0.wp.com\/innoticiasbo.com\/wp-content\/uploads\/2024\/11\/IN-Noticias-3565149897786640image1.jpg?fit=540%2C1080&ssl=1\",\"contentUrl\":\"https:\/\/i0.wp.com\/innoticiasbo.com\/wp-content\/uploads\/2024\/11\/IN-Noticias-3565149897786640image1.jpg?fit=540%2C1080&ssl=1\",\"width\":540,\"height\":1080},{\"@type\":\"BreadcrumbList\",\"@id\":\"https:\/\/innoticiasbo.com\/index.php\/2024\/11\/30\/encontraron-sin-vida-al-taxista-desaparecido-hace-una-semana-en-una-quebrada-en-santivanez\/#breadcrumb\",\"itemListElement\":[{\"@type\":\"ListItem\",\"position\":1,\"name\":\"Portada\",\"item\":\"https:\/\/innoticiasbo.com\/\"},{\"@type\":\"ListItem\",\"position\":2,\"name\":\"ENCONTRARON SIN VIDA AL TAXISTA DESAPARECIDO HACE UNA SEMANA EN UNA QUEBRADA EN SANTIV\u00c1\u00d1EZ\"}]},{\"@type\":\"WebSite\",\"@id\":\"https:\/\/innoticiasbo.com\/#website\",\"url\":\"https:\/\/innoticiasbo.com\/\",\"name\":\"innoticiasbo.com\",\"description\":\"\",\"publisher\":{\"@id\":\"https:\/\/innoticiasbo.com\/#organization\"},\"potentialAction\":[{\"@type\":\"SearchAction\",\"target\":{\"@type\":\"EntryPoint\",\"urlTemplate\":\"https:\/\/innoticiasbo.com\/?s={search_term_string}\"},\"query-input\":{\"@type\":\"PropertyValueSpecification\",\"valueRequired\":true,\"valueName\":\"search_term_string\"}}],\"inLanguage\":\"es\"},{\"@type\":\"Organization\",\"@id\":\"https:\/\/innoticiasbo.com\/#organization\",\"name\":\"innoticiasbo.com\",\"url\":\"https:\/\/innoticiasbo.com\/\",\"logo\":{\"@type\":\"ImageObject\",\"inLanguage\":\"es\",\"@id\":\"https:\/\/innoticiasbo.com\/#\/schema\/logo\/image\/\",\"url\":\"https:\/\/i0.wp.com\/innoticiasbo.com\/wp-content\/uploads\/2026\/04\/cropped-IN-LOGO.png?fit=1476%2C1476&ssl=1\",\"contentUrl\":\"https:\/\/i0.wp.com\/innoticiasbo.com\/wp-content\/uploads\/2026\/04\/cropped-IN-LOGO.png?fit=1476%2C1476&ssl=1\",\"width\":1476,\"height\":1476,\"caption\":\"innoticiasbo.com\"},\"image\":{\"@id\":\"https:\/\/innoticiasbo.com\/#\/schema\/logo\/image\/\"},\"sameAs\":[\"https:\/\/www.facebook.com\/innoticiasbolivia\",\"https:\/\/x.com\/innoticiasbo\",\"https:\/\/www.instagram.com\/innoticiasbo\",\"https:\/\/www.youtube.com\/innoticiasbo\"]},{\"@type\":\"Person\",\"@id\":\"https:\/\/innoticiasbo.com\/#\/schema\/person\/a3aa59f775293b57d2f63327b36c159f\",\"name\":\"Abril Rodr\u00edguez\",\"image\":{\"@type\":\"ImageObject\",\"inLanguage\":\"es\",\"@id\":\"https:\/\/innoticiasbo.com\/#\/schema\/person\/image\/\",\"url\":\"https:\/\/secure.gravatar.com\/avatar\/f8e99d792cd766ba261d033b036cbf24?s=96&d=mm&r=g\",\"contentUrl\":\"https:\/\/secure.gravatar.com\/avatar\/f8e99d792cd766ba261d033b036cbf24?s=96&d=mm&r=g\",\"caption\":\"Abril Rodr\u00edguez\"},\"sameAs\":[\"http:\/\/www.innoticiasbo.com\"],\"url\":\"https:\/\/innoticiasbo.com\/index.php\/author\/prensa5\/\"}]}<\/script>\n<!-- \/ Yoast SEO plugin. -->","yoast_head_json":{"title":"ENCONTRARON SIN VIDA AL TAXISTA DESAPARECIDO HACE UNA SEMANA EN UNA QUEBRADA EN SANTIV\u00c1\u00d1EZ - innoticiasbo.com","robots":{"index":"index","follow":"follow","max-snippet":"max-snippet:-1","max-image-preview":"max-image-preview:large","max-video-preview":"max-video-preview:-1"},"canonical":"https:\/\/innoticiasbo.com\/index.php\/2024\/11\/30\/encontraron-sin-vida-al-taxista-desaparecido-hace-una-semana-en-una-quebrada-en-santivanez\/","og_locale":"es_ES","og_type":"article","og_title":"ENCONTRARON SIN VIDA AL TAXISTA DESAPARECIDO HACE UNA SEMANA EN UNA QUEBRADA EN SANTIV\u00c1\u00d1EZ - innoticiasbo.com","og_description":"Despu\u00e9s de una larga b\u00fasqueda, durante una semana, finalmente se reporta el hallazgo del taxista que desapareci\u00f3 el pasado jueves, su familia y sus compa\u00f1eros de trabajo realizaron rastrillajes y lograron dar con el cuerpo en la carretera a Santiv\u00e1\u00f1ez. Juan Carlos Gonz\u00e1les, de 34 a\u00f1os, hab\u00eda salido a trabajar como todas las noches en...","og_url":"https:\/\/innoticiasbo.com\/index.php\/2024\/11\/30\/encontraron-sin-vida-al-taxista-desaparecido-hace-una-semana-en-una-quebrada-en-santivanez\/","og_site_name":"innoticiasbo.com","article_publisher":"https:\/\/www.facebook.com\/innoticiasbolivia","article_published_time":"2024-11-30T19:17:25+00:00","article_modified_time":"2024-11-30T19:17:49+00:00","og_image":[{"width":540,"height":1080,"url":"https:\/\/i0.wp.com\/innoticiasbo.com\/wp-content\/uploads\/2024\/11\/IN-Noticias-3565149897786640image1.jpg?fit=540%2C1080&ssl=1","type":"image\/jpeg"}],"author":"Abril Rodr\u00edguez","twitter_card":"summary_large_image","twitter_creator":"@innoticiasbo","twitter_site":"@innoticiasbo","twitter_misc":{"Escrito por":"Abril Rodr\u00edguez","Tiempo de lectura":"2 minutos"},"schema":{"@context":"https:\/\/schema.org","@graph":[{"@type":"Article","@id":"https:\/\/innoticiasbo.com\/index.php\/2024\/11\/30\/encontraron-sin-vida-al-taxista-desaparecido-hace-una-semana-en-una-quebrada-en-santivanez\/#article","isPartOf":{"@id":"https:\/\/innoticiasbo.com\/index.php\/2024\/11\/30\/encontraron-sin-vida-al-taxista-desaparecido-hace-una-semana-en-una-quebrada-en-santivanez\/"},"author":{"name":"Abril Rodr\u00edguez","@id":"https:\/\/innoticiasbo.com\/#\/schema\/person\/a3aa59f775293b57d2f63327b36c159f"},"headline":"ENCONTRARON SIN VIDA AL TAXISTA DESAPARECIDO HACE UNA SEMANA EN UNA QUEBRADA EN SANTIV\u00c1\u00d1EZ","datePublished":"2024-11-30T19:17:25+00:00","dateModified":"2024-11-30T19:17:49+00:00","mainEntityOfPage":{"@id":"https:\/\/innoticiasbo.com\/index.php\/2024\/11\/30\/encontraron-sin-vida-al-taxista-desaparecido-hace-una-semana-en-una-quebrada-en-santivanez\/"},"wordCount":397,"commentCount":0,"publisher":{"@id":"https:\/\/innoticiasbo.com\/#organization"},"image":{"@id":"https:\/\/innoticiasbo.com\/index.php\/2024\/11\/30\/encontraron-sin-vida-al-taxista-desaparecido-hace-una-semana-en-una-quebrada-en-santivanez\/#primaryimage"},"thumbnailUrl":"https:\/\/i0.wp.com\/innoticiasbo.com\/wp-content\/uploads\/2024\/11\/IN-Noticias-3565149897786640image1.jpg?fit=540%2C1080&ssl=1","articleSection":["Bolivia","Cochabamba"],"inLanguage":"es","potentialAction":[{"@type":"CommentAction","name":"Comment","target":["https:\/\/innoticiasbo.com\/index.php\/2024\/11\/30\/encontraron-sin-vida-al-taxista-desaparecido-hace-una-semana-en-una-quebrada-en-santivanez\/#respond"]}]},{"@type":"WebPage","@id":"https:\/\/innoticiasbo.com\/index.php\/2024\/11\/30\/encontraron-sin-vida-al-taxista-desaparecido-hace-una-semana-en-una-quebrada-en-santivanez\/","url":"https:\/\/innoticiasbo.com\/index.php\/2024\/11\/30\/encontraron-sin-vida-al-taxista-desaparecido-hace-una-semana-en-una-quebrada-en-santivanez\/","name":"ENCONTRARON SIN VIDA AL TAXISTA DESAPARECIDO HACE UNA SEMANA EN UNA QUEBRADA EN SANTIV\u00c1\u00d1EZ - innoticiasbo.com","isPartOf":{"@id":"https:\/\/innoticiasbo.com\/#website"},"primaryImageOfPage":{"@id":"https:\/\/innoticiasbo.com\/index.php\/2024\/11\/30\/encontraron-sin-vida-al-taxista-desaparecido-hace-una-semana-en-una-quebrada-en-santivanez\/#primaryimage"},"image":{"@id":"https:\/\/innoticiasbo.com\/index.php\/2024\/11\/30\/encontraron-sin-vida-al-taxista-desaparecido-hace-una-semana-en-una-quebrada-en-santivanez\/#primaryimage"},"thumbnailUrl":"https:\/\/i0.wp.com\/innoticiasbo.com\/wp-content\/uploads\/2024\/11\/IN-Noticias-3565149897786640image1.jpg?fit=540%2C1080&ssl=1","datePublished":"2024-11-30T19:17:25+00:00","dateModified":"2024-11-30T19:17:49+00:00","breadcrumb":{"@id":"https:\/\/innoticiasbo.com\/index.php\/2024\/11\/30\/encontraron-sin-vida-al-taxista-desaparecido-hace-una-semana-en-una-quebrada-en-santivanez\/#breadcrumb"},"inLanguage":"es","potentialAction":[{"@type":"ReadAction","target":["https:\/\/innoticiasbo.com\/index.php\/2024\/11\/30\/encontraron-sin-vida-al-taxista-desaparecido-hace-una-semana-en-una-quebrada-en-santivanez\/"]}]},{"@type":"ImageObject","inLanguage":"es","@id":"https:\/\/innoticiasbo.com\/index.php\/2024\/11\/30\/encontraron-sin-vida-al-taxista-desaparecido-hace-una-semana-en-una-quebrada-en-santivanez\/#primaryimage","url":"https:\/\/i0.wp.com\/innoticiasbo.com\/wp-content\/uploads\/2024\/11\/IN-Noticias-3565149897786640image1.jpg?fit=540%2C1080&ssl=1","contentUrl":"https:\/\/i0.wp.com\/innoticiasbo.com\/wp-content\/uploads\/2024\/11\/IN-Noticias-3565149897786640image1.jpg?fit=540%2C1080&ssl=1","width":540,"height":1080},{"@type":"BreadcrumbList","@id":"https:\/\/innoticiasbo.com\/index.php\/2024\/11\/30\/encontraron-sin-vida-al-taxista-desaparecido-hace-una-semana-en-una-quebrada-en-santivanez\/#breadcrumb","itemListElement":[{"@type":"ListItem","position":1,"name":"Portada","item":"https:\/\/innoticiasbo.com\/"},{"@type":"ListItem","position":2,"name":"ENCONTRARON SIN VIDA AL TAXISTA DESAPARECIDO HACE UNA SEMANA EN UNA QUEBRADA EN SANTIV\u00c1\u00d1EZ"}]},{"@type":"WebSite","@id":"https:\/\/innoticiasbo.com\/#website","url":"https:\/\/innoticiasbo.com\/","name":"innoticiasbo.com","description":"","publisher":{"@id":"https:\/\/innoticiasbo.com\/#organization"},"potentialAction":[{"@type":"SearchAction","target":{"@type":"EntryPoint","urlTemplate":"https:\/\/innoticiasbo.com\/?s={search_term_string}"},"query-input":{"@type":"PropertyValueSpecification","valueRequired":true,"valueName":"search_term_string"}}],"inLanguage":"es"},{"@type":"Organization","@id":"https:\/\/innoticiasbo.com\/#organization","name":"innoticiasbo.com","url":"https:\/\/innoticiasbo.com\/","logo":{"@type":"ImageObject","inLanguage":"es","@id":"https:\/\/innoticiasbo.com\/#\/schema\/logo\/image\/","url":"https:\/\/i0.wp.com\/innoticiasbo.com\/wp-content\/uploads\/2026\/04\/cropped-IN-LOGO.png?fit=1476%2C1476&ssl=1","contentUrl":"https:\/\/i0.wp.com\/innoticiasbo.com\/wp-content\/uploads\/2026\/04\/cropped-IN-LOGO.png?fit=1476%2C1476&ssl=1","width":1476,"height":1476,"caption":"innoticiasbo.com"},"image":{"@id":"https:\/\/innoticiasbo.com\/#\/schema\/logo\/image\/"},"sameAs":["https:\/\/www.facebook.com\/innoticiasbolivia","https:\/\/x.com\/innoticiasbo","https:\/\/www.instagram.com\/innoticiasbo","https:\/\/www.youtube.com\/innoticiasbo"]},{"@type":"Person","@id":"https:\/\/innoticiasbo.com\/#\/schema\/person\/a3aa59f775293b57d2f63327b36c159f","name":"Abril Rodr\u00edguez","image":{"@type":"ImageObject","inLanguage":"es","@id":"https:\/\/innoticiasbo.com\/#\/schema\/person\/image\/","url":"https:\/\/secure.gravatar.com\/avatar\/f8e99d792cd766ba261d033b036cbf24?s=96&d=mm&r=g","contentUrl":"https:\/\/secure.gravatar.com\/avatar\/f8e99d792cd766ba261d033b036cbf24?s=96&d=mm&r=g","caption":"Abril Rodr\u00edguez"},"sameAs":["http:\/\/www.innoticiasbo.com"],"url":"https:\/\/innoticiasbo.com\/index.php\/author\/prensa5\/"}]}},"jetpack_featured_media_url":"https:\/\/i0.wp.com\/innoticiasbo.com\/wp-content\/uploads\/2024\/11\/IN-Noticias-3565149897786640image1.jpg?fit=540%2C1080&ssl=1","jetpack_likes_enabled":true,"jetpack_sharing_enabled":true,"jetpack_shortlink":"https:\/\/wp.me\/pg298x-Cj","_links":{"self":[{"href":"https:\/\/innoticiasbo.com\/index.php\/wp-json\/wp\/v2\/posts\/2375","targetHints":{"allow":["GET"]}}],"collection":[{"href":"https:\/\/innoticiasbo.com\/index.php\/wp-json\/wp\/v2\/posts"}],"about":[{"href":"https:\/\/innoticiasbo.com\/index.php\/wp-json\/wp\/v2\/types\/post"}],"author":[{"embeddable":true,"href":"https:\/\/innoticiasbo.com\/index.php\/wp-json\/wp\/v2\/users\/7"}],"replies":[{"embeddable":true,"href":"https:\/\/innoticiasbo.com\/index.php\/wp-json\/wp\/v2\/comments?post=2375"}],"version-history":[{"count":1,"href":"https:\/\/innoticiasbo.com\/index.php\/wp-json\/wp\/v2\/posts\/2375\/revisions"}],"predecessor-version":[{"id":2376,"href":"https:\/\/innoticiasbo.com\/index.php\/wp-json\/wp\/v2\/posts\/2375\/revisions\/2376"}],"wp:featuredmedia":[{"embeddable":true,"href":"https:\/\/innoticiasbo.com\/index.php\/wp-json\/wp\/v2\/media\/2374"}],"wp:attachment":[{"href":"https:\/\/innoticiasbo.com\/index.php\/wp-json\/wp\/v2\/media?parent=2375"}],"wp:term":[{"taxonomy":"category","embeddable":true,"href":"https:\/\/innoticiasbo.com\/index.php\/wp-json\/wp\/v2\/categories?post=2375"},{"taxonomy":"post_tag","embeddable":true,"href":"https:\/\/innoticiasbo.com\/index.php\/wp-json\/wp\/v2\/tags?post=2375"}],"curies":[{"name":"wp","href":"https:\/\/api.w.org\/{rel}","templated":true}]}}