{"id":2193,"date":"2024-11-27T21:37:37","date_gmt":"2024-11-27T21:37:37","guid":{"rendered":"https:\/\/innoticiasbo.com\/?p=2193"},"modified":"2024-11-27T21:37:51","modified_gmt":"2024-11-27T21:37:51","slug":"el-exvocero-jorge-richter-desafia-a-manfred-a-debatir-y-le-responden-que-no-debatira-con-charlatanes-que-perdieron-credibilidad","status":"publish","type":"post","link":"https:\/\/innoticiasbo.com\/index.php\/2024\/11\/27\/el-exvocero-jorge-richter-desafia-a-manfred-a-debatir-y-le-responden-que-no-debatira-con-charlatanes-que-perdieron-credibilidad\/","title":{"rendered":"EL EXVOCERO JORGE RICHTER DESAF\u00cdA A MANFRED A DEBATIR Y LE RESPONDEN QUE NO DEBATIR\u00c1 CON \u201cCHARLATANES\u201d QUE PERDIERON CREDIBILIDAD"},"content":{"rendered":"\n<p>Cochabamba, 27 de noviembre de 2024.- El exvocero de la presidencia Jorge Richter desafi\u00f3 a un debate al alcalde de Cochabamba, Manfred Reyes Villa mediante su cuenta X.<br>\u201cHoy hablas del pa\u00eds, de que solo t\u00fa sabes c\u00f3mo terminar con la crisis y traernos la felicidad eterna. Bueno, discut\u00e1moslo, debate se llama. Yo tengo un imaginario trabajado desde hace ya un tiempo largo del pa\u00eds que debemos construir. Vamos, solo necesitas algo de valor y animarte, sentados en un set de televisi\u00f3n, frente a frente, no es dif\u00edcil\u201d, escribi\u00f3 Richter en su cuenta de X.<\/p>\n\n\n\n<figure class=\"wp-block-image size-large\"><img data-recalc-dims=\"1\" loading=\"lazy\" decoding=\"async\" width=\"640\" height=\"494\" src=\"https:\/\/i0.wp.com\/innoticiasbo.com\/wp-content\/uploads\/2024\/11\/jorge-richter-274465832296136805171.jpg?resize=640%2C494&#038;ssl=1\" alt=\"\" class=\"wp-image-2191\" srcset=\"https:\/\/i0.wp.com\/innoticiasbo.com\/wp-content\/uploads\/2024\/11\/jorge-richter-274465832296136805171.jpg?resize=1024%2C791&amp;ssl=1 1024w, https:\/\/i0.wp.com\/innoticiasbo.com\/wp-content\/uploads\/2024\/11\/jorge-richter-274465832296136805171.jpg?resize=300%2C232&amp;ssl=1 300w, https:\/\/i0.wp.com\/innoticiasbo.com\/wp-content\/uploads\/2024\/11\/jorge-richter-274465832296136805171.jpg?resize=768%2C593&amp;ssl=1 768w, https:\/\/i0.wp.com\/innoticiasbo.com\/wp-content\/uploads\/2024\/11\/jorge-richter-274465832296136805171.jpg?resize=1536%2C1187&amp;ssl=1 1536w, https:\/\/i0.wp.com\/innoticiasbo.com\/wp-content\/uploads\/2024\/11\/jorge-richter-274465832296136805171.jpg?w=1600&amp;ssl=1 1600w, https:\/\/i0.wp.com\/innoticiasbo.com\/wp-content\/uploads\/2024\/11\/jorge-richter-274465832296136805171.jpg?w=1280&amp;ssl=1 1280w\" sizes=\"auto, (max-width: 640px) 100vw, 640px\" \/><\/figure>\n\n\n\n<p>Tambi\u00e9n le dijo a Manfred en su publicaci\u00f3n: \u201cT\u00fa no te quieres y no te quisiste nunca. Ahora te haces llamar l\u00edder y hablas de una experiencia novedosa en \u2018manejar gente\u2019. T\u00fa no te quieres\u2026 Utilizas adjetivos y desmemoriadamente haces medias referencias. Selectivo en ocultar lo que te condena. T\u00fa no te quieres\u201d, escribi\u00f3 el exvocero a tiempo de afirmar que el alcalde enga\u00f1o al pueblo con \u201cfalsedades electorales\u201d y que con seguridad \u201crehuir\u00e1\u201d el debate porque \u201cno te quisiste nunca y est\u00e1s mal cultivado\u201d<\/p>\n\n\n\n<p>La respuesta de rechazo lleg\u00f3 desde la cuenta X del Director de Comunicaci\u00f3n e Imagen Corporativa de la Alcald\u00eda, Juan Jos\u00e9 Ayaviri quien afirm\u00f3 que \u201cmanfred va a debatir con altura, desde el respeto y con el inter\u00e9s genuiono de aportar al pa\u00eds, siempre estar\u00e1 dispuesto; pero con quienes han perdido credibilidad por su falta de principios no lo har\u00e1. Richter que siga jugando al analista y charlat\u00e1n. Talento para eso, le sobra\u201d<\/p>\n\n\n\n<h1 class=\"wp-block-heading\">ManfredReyesVilla #JorgeRichter #debate #innoticias #pol\u00edtica<\/h1>\n","protected":false},"excerpt":{"rendered":"<p>Cochabamba, 27 de noviembre de 2024.- El exvocero de la presidencia Jorge Richter desafi\u00f3 a un debate al alcalde de Cochabamba, Manfred Reyes Villa mediante su cuenta X.\u201cHoy hablas del pa\u00eds, de que solo t\u00fa sabes c\u00f3mo terminar con la crisis y traernos la felicidad eterna. Bueno, discut\u00e1moslo, debate se llama. Yo tengo un imaginario&#8230;<\/p>\n","protected":false},"author":2,"featured_media":2192,"comment_status":"open","ping_status":"open","sticky":false,"template":"","format":"standard","meta":{"_jetpack_memberships_contains_paid_content":false,"footnotes":"","jetpack_publicize_message":"","jetpack_publicize_feature_enabled":true,"jetpack_social_post_already_shared":true,"jetpack_social_options":{"image_generator_settings":{"template":"highway","enabled":false},"version":2}},"categories":[1,3],"tags":[],"class_list":["post-2193","post","type-post","status-publish","format-standard","has-post-thumbnail","hentry","category-bolivia","category-politica"],"jetpack_publicize_connections":[],"yoast_head":"<!-- This site is optimized with the Yoast SEO plugin v23.4 - https:\/\/yoast.com\/wordpress\/plugins\/seo\/ -->\n<title>EL EXVOCERO JORGE RICHTER DESAF\u00cdA A MANFRED A DEBATIR Y LE RESPONDEN QUE NO DEBATIR\u00c1 CON \u201cCHARLATANES\u201d QUE PERDIERON CREDIBILIDAD - innoticiasbo.com<\/title>\n<meta name=\"robots\" content=\"index, follow, max-snippet:-1, max-image-preview:large, max-video-preview:-1\" \/>\n<link rel=\"canonical\" href=\"https:\/\/innoticiasbo.com\/index.php\/2024\/11\/27\/el-exvocero-jorge-richter-desafia-a-manfred-a-debatir-y-le-responden-que-no-debatira-con-charlatanes-que-perdieron-credibilidad\/\" \/>\n<meta property=\"og:locale\" content=\"es_ES\" \/>\n<meta property=\"og:type\" content=\"article\" \/>\n<meta property=\"og:title\" content=\"EL EXVOCERO JORGE RICHTER DESAF\u00cdA A MANFRED A DEBATIR Y LE RESPONDEN QUE NO DEBATIR\u00c1 CON \u201cCHARLATANES\u201d QUE PERDIERON CREDIBILIDAD - innoticiasbo.com\" \/>\n<meta property=\"og:description\" content=\"Cochabamba, 27 de noviembre de 2024.- El exvocero de la presidencia Jorge Richter desafi\u00f3 a un debate al alcalde de Cochabamba, Manfred Reyes Villa mediante su cuenta X.\u201cHoy hablas del pa\u00eds, de que solo t\u00fa sabes c\u00f3mo terminar con la crisis y traernos la felicidad eterna. Bueno, discut\u00e1moslo, debate se llama. Yo tengo un imaginario...\" \/>\n<meta property=\"og:url\" content=\"https:\/\/innoticiasbo.com\/index.php\/2024\/11\/27\/el-exvocero-jorge-richter-desafia-a-manfred-a-debatir-y-le-responden-que-no-debatira-con-charlatanes-que-perdieron-credibilidad\/\" \/>\n<meta property=\"og:site_name\" content=\"innoticiasbo.com\" \/>\n<meta property=\"article:publisher\" content=\"https:\/\/www.facebook.com\/innoticiasbolivia\" \/>\n<meta property=\"article:published_time\" content=\"2024-11-27T21:37:37+00:00\" \/>\n<meta property=\"article:modified_time\" content=\"2024-11-27T21:37:51+00:00\" \/>\n<meta property=\"og:image\" content=\"https:\/\/i0.wp.com\/innoticiasbo.com\/wp-content\/uploads\/2024\/11\/APOYOS-AVISPERO_20241127_173521_0000.jpg?fit=1920%2C1080&ssl=1\" \/>\n\t<meta property=\"og:image:width\" content=\"1920\" \/>\n\t<meta property=\"og:image:height\" content=\"1080\" \/>\n\t<meta property=\"og:image:type\" content=\"image\/jpeg\" \/>\n<meta name=\"author\" content=\"Prensa\" \/>\n<meta name=\"twitter:card\" content=\"summary_large_image\" \/>\n<meta name=\"twitter:creator\" content=\"@innoticiasbo\" \/>\n<meta name=\"twitter:site\" content=\"@innoticiasbo\" \/>\n<meta name=\"twitter:label1\" content=\"Escrito por\" \/>\n\t<meta name=\"twitter:data1\" content=\"Prensa\" \/>\n\t<meta name=\"twitter:label2\" content=\"Tiempo de lectura\" \/>\n\t<meta name=\"twitter:data2\" content=\"1 minuto\" \/>\n<script type=\"application\/ld+json\" class=\"yoast-schema-graph\">{\"@context\":\"https:\/\/schema.org\",\"@graph\":[{\"@type\":\"Article\",\"@id\":\"https:\/\/innoticiasbo.com\/index.php\/2024\/11\/27\/el-exvocero-jorge-richter-desafia-a-manfred-a-debatir-y-le-responden-que-no-debatira-con-charlatanes-que-perdieron-credibilidad\/#article\",\"isPartOf\":{\"@id\":\"https:\/\/innoticiasbo.com\/index.php\/2024\/11\/27\/el-exvocero-jorge-richter-desafia-a-manfred-a-debatir-y-le-responden-que-no-debatira-con-charlatanes-que-perdieron-credibilidad\/\"},\"author\":{\"name\":\"Prensa\",\"@id\":\"https:\/\/innoticiasbo.com\/#\/schema\/person\/589cd527c4211df1b943bdad85ec07ce\"},\"headline\":\"EL EXVOCERO JORGE RICHTER DESAF\u00cdA A MANFRED A DEBATIR Y LE RESPONDEN QUE NO DEBATIR\u00c1 CON \u201cCHARLATANES\u201d QUE PERDIERON CREDIBILIDAD\",\"datePublished\":\"2024-11-27T21:37:37+00:00\",\"dateModified\":\"2024-11-27T21:37:51+00:00\",\"mainEntityOfPage\":{\"@id\":\"https:\/\/innoticiasbo.com\/index.php\/2024\/11\/27\/el-exvocero-jorge-richter-desafia-a-manfred-a-debatir-y-le-responden-que-no-debatira-con-charlatanes-que-perdieron-credibilidad\/\"},\"wordCount\":295,\"commentCount\":0,\"publisher\":{\"@id\":\"https:\/\/innoticiasbo.com\/#organization\"},\"image\":{\"@id\":\"https:\/\/innoticiasbo.com\/index.php\/2024\/11\/27\/el-exvocero-jorge-richter-desafia-a-manfred-a-debatir-y-le-responden-que-no-debatira-con-charlatanes-que-perdieron-credibilidad\/#primaryimage\"},\"thumbnailUrl\":\"https:\/\/i0.wp.com\/innoticiasbo.com\/wp-content\/uploads\/2024\/11\/APOYOS-AVISPERO_20241127_173521_0000.jpg?fit=1920%2C1080&ssl=1\",\"articleSection\":[\"Bolivia\",\"Pol\u00edtica\"],\"inLanguage\":\"es\",\"potentialAction\":[{\"@type\":\"CommentAction\",\"name\":\"Comment\",\"target\":[\"https:\/\/innoticiasbo.com\/index.php\/2024\/11\/27\/el-exvocero-jorge-richter-desafia-a-manfred-a-debatir-y-le-responden-que-no-debatira-con-charlatanes-que-perdieron-credibilidad\/#respond\"]}]},{\"@type\":\"WebPage\",\"@id\":\"https:\/\/innoticiasbo.com\/index.php\/2024\/11\/27\/el-exvocero-jorge-richter-desafia-a-manfred-a-debatir-y-le-responden-que-no-debatira-con-charlatanes-que-perdieron-credibilidad\/\",\"url\":\"https:\/\/innoticiasbo.com\/index.php\/2024\/11\/27\/el-exvocero-jorge-richter-desafia-a-manfred-a-debatir-y-le-responden-que-no-debatira-con-charlatanes-que-perdieron-credibilidad\/\",\"name\":\"EL EXVOCERO JORGE RICHTER DESAF\u00cdA A MANFRED A DEBATIR Y LE RESPONDEN QUE NO DEBATIR\u00c1 CON \u201cCHARLATANES\u201d QUE PERDIERON CREDIBILIDAD - innoticiasbo.com\",\"isPartOf\":{\"@id\":\"https:\/\/innoticiasbo.com\/#website\"},\"primaryImageOfPage\":{\"@id\":\"https:\/\/innoticiasbo.com\/index.php\/2024\/11\/27\/el-exvocero-jorge-richter-desafia-a-manfred-a-debatir-y-le-responden-que-no-debatira-con-charlatanes-que-perdieron-credibilidad\/#primaryimage\"},\"image\":{\"@id\":\"https:\/\/innoticiasbo.com\/index.php\/2024\/11\/27\/el-exvocero-jorge-richter-desafia-a-manfred-a-debatir-y-le-responden-que-no-debatira-con-charlatanes-que-perdieron-credibilidad\/#primaryimage\"},\"thumbnailUrl\":\"https:\/\/i0.wp.com\/innoticiasbo.com\/wp-content\/uploads\/2024\/11\/APOYOS-AVISPERO_20241127_173521_0000.jpg?fit=1920%2C1080&ssl=1\",\"datePublished\":\"2024-11-27T21:37:37+00:00\",\"dateModified\":\"2024-11-27T21:37:51+00:00\",\"breadcrumb\":{\"@id\":\"https:\/\/innoticiasbo.com\/index.php\/2024\/11\/27\/el-exvocero-jorge-richter-desafia-a-manfred-a-debatir-y-le-responden-que-no-debatira-con-charlatanes-que-perdieron-credibilidad\/#breadcrumb\"},\"inLanguage\":\"es\",\"potentialAction\":[{\"@type\":\"ReadAction\",\"target\":[\"https:\/\/innoticiasbo.com\/index.php\/2024\/11\/27\/el-exvocero-jorge-richter-desafia-a-manfred-a-debatir-y-le-responden-que-no-debatira-con-charlatanes-que-perdieron-credibilidad\/\"]}]},{\"@type\":\"ImageObject\",\"inLanguage\":\"es\",\"@id\":\"https:\/\/innoticiasbo.com\/index.php\/2024\/11\/27\/el-exvocero-jorge-richter-desafia-a-manfred-a-debatir-y-le-responden-que-no-debatira-con-charlatanes-que-perdieron-credibilidad\/#primaryimage\",\"url\":\"https:\/\/i0.wp.com\/innoticiasbo.com\/wp-content\/uploads\/2024\/11\/APOYOS-AVISPERO_20241127_173521_0000.jpg?fit=1920%2C1080&ssl=1\",\"contentUrl\":\"https:\/\/i0.wp.com\/innoticiasbo.com\/wp-content\/uploads\/2024\/11\/APOYOS-AVISPERO_20241127_173521_0000.jpg?fit=1920%2C1080&ssl=1\",\"width\":1920,\"height\":1080},{\"@type\":\"BreadcrumbList\",\"@id\":\"https:\/\/innoticiasbo.com\/index.php\/2024\/11\/27\/el-exvocero-jorge-richter-desafia-a-manfred-a-debatir-y-le-responden-que-no-debatira-con-charlatanes-que-perdieron-credibilidad\/#breadcrumb\",\"itemListElement\":[{\"@type\":\"ListItem\",\"position\":1,\"name\":\"Portada\",\"item\":\"https:\/\/innoticiasbo.com\/\"},{\"@type\":\"ListItem\",\"position\":2,\"name\":\"EL EXVOCERO JORGE RICHTER DESAF\u00cdA A MANFRED A DEBATIR Y LE RESPONDEN QUE NO DEBATIR\u00c1 CON \u201cCHARLATANES\u201d QUE PERDIERON CREDIBILIDAD\"}]},{\"@type\":\"WebSite\",\"@id\":\"https:\/\/innoticiasbo.com\/#website\",\"url\":\"https:\/\/innoticiasbo.com\/\",\"name\":\"innoticiasbo.com\",\"description\":\"\",\"publisher\":{\"@id\":\"https:\/\/innoticiasbo.com\/#organization\"},\"potentialAction\":[{\"@type\":\"SearchAction\",\"target\":{\"@type\":\"EntryPoint\",\"urlTemplate\":\"https:\/\/innoticiasbo.com\/?s={search_term_string}\"},\"query-input\":{\"@type\":\"PropertyValueSpecification\",\"valueRequired\":true,\"valueName\":\"search_term_string\"}}],\"inLanguage\":\"es\"},{\"@type\":\"Organization\",\"@id\":\"https:\/\/innoticiasbo.com\/#organization\",\"name\":\"innoticiasbo.com\",\"url\":\"https:\/\/innoticiasbo.com\/\",\"logo\":{\"@type\":\"ImageObject\",\"inLanguage\":\"es\",\"@id\":\"https:\/\/innoticiasbo.com\/#\/schema\/logo\/image\/\",\"url\":\"https:\/\/i0.wp.com\/innoticiasbo.com\/wp-content\/uploads\/2026\/04\/cropped-IN-LOGO.png?fit=1476%2C1476&ssl=1\",\"contentUrl\":\"https:\/\/i0.wp.com\/innoticiasbo.com\/wp-content\/uploads\/2026\/04\/cropped-IN-LOGO.png?fit=1476%2C1476&ssl=1\",\"width\":1476,\"height\":1476,\"caption\":\"innoticiasbo.com\"},\"image\":{\"@id\":\"https:\/\/innoticiasbo.com\/#\/schema\/logo\/image\/\"},\"sameAs\":[\"https:\/\/www.facebook.com\/innoticiasbolivia\",\"https:\/\/x.com\/innoticiasbo\",\"https:\/\/www.instagram.com\/innoticiasbo\",\"https:\/\/www.youtube.com\/innoticiasbo\"]},{\"@type\":\"Person\",\"@id\":\"https:\/\/innoticiasbo.com\/#\/schema\/person\/589cd527c4211df1b943bdad85ec07ce\",\"name\":\"Prensa\",\"image\":{\"@type\":\"ImageObject\",\"inLanguage\":\"es\",\"@id\":\"https:\/\/innoticiasbo.com\/#\/schema\/person\/image\/\",\"url\":\"https:\/\/secure.gravatar.com\/avatar\/d359bbdf112023c1c0a3ec7fe1600657?s=96&d=mm&r=g\",\"contentUrl\":\"https:\/\/secure.gravatar.com\/avatar\/d359bbdf112023c1c0a3ec7fe1600657?s=96&d=mm&r=g\",\"caption\":\"Prensa\"},\"sameAs\":[\"http:\/\/www.innoticiasbo.com\"],\"url\":\"https:\/\/innoticiasbo.com\/index.php\/author\/prensa\/\"}]}<\/script>\n<!-- \/ Yoast SEO plugin. -->","yoast_head_json":{"title":"EL EXVOCERO JORGE RICHTER DESAF\u00cdA A MANFRED A DEBATIR Y LE RESPONDEN QUE NO DEBATIR\u00c1 CON \u201cCHARLATANES\u201d QUE PERDIERON CREDIBILIDAD - innoticiasbo.com","robots":{"index":"index","follow":"follow","max-snippet":"max-snippet:-1","max-image-preview":"max-image-preview:large","max-video-preview":"max-video-preview:-1"},"canonical":"https:\/\/innoticiasbo.com\/index.php\/2024\/11\/27\/el-exvocero-jorge-richter-desafia-a-manfred-a-debatir-y-le-responden-que-no-debatira-con-charlatanes-que-perdieron-credibilidad\/","og_locale":"es_ES","og_type":"article","og_title":"EL EXVOCERO JORGE RICHTER DESAF\u00cdA A MANFRED A DEBATIR Y LE RESPONDEN QUE NO DEBATIR\u00c1 CON \u201cCHARLATANES\u201d QUE PERDIERON CREDIBILIDAD - innoticiasbo.com","og_description":"Cochabamba, 27 de noviembre de 2024.- El exvocero de la presidencia Jorge Richter desafi\u00f3 a un debate al alcalde de Cochabamba, Manfred Reyes Villa mediante su cuenta X.\u201cHoy hablas del pa\u00eds, de que solo t\u00fa sabes c\u00f3mo terminar con la crisis y traernos la felicidad eterna. Bueno, discut\u00e1moslo, debate se llama. Yo tengo un imaginario...","og_url":"https:\/\/innoticiasbo.com\/index.php\/2024\/11\/27\/el-exvocero-jorge-richter-desafia-a-manfred-a-debatir-y-le-responden-que-no-debatira-con-charlatanes-que-perdieron-credibilidad\/","og_site_name":"innoticiasbo.com","article_publisher":"https:\/\/www.facebook.com\/innoticiasbolivia","article_published_time":"2024-11-27T21:37:37+00:00","article_modified_time":"2024-11-27T21:37:51+00:00","og_image":[{"width":1920,"height":1080,"url":"https:\/\/i0.wp.com\/innoticiasbo.com\/wp-content\/uploads\/2024\/11\/APOYOS-AVISPERO_20241127_173521_0000.jpg?fit=1920%2C1080&ssl=1","type":"image\/jpeg"}],"author":"Prensa","twitter_card":"summary_large_image","twitter_creator":"@innoticiasbo","twitter_site":"@innoticiasbo","twitter_misc":{"Escrito por":"Prensa","Tiempo de lectura":"1 minuto"},"schema":{"@context":"https:\/\/schema.org","@graph":[{"@type":"Article","@id":"https:\/\/innoticiasbo.com\/index.php\/2024\/11\/27\/el-exvocero-jorge-richter-desafia-a-manfred-a-debatir-y-le-responden-que-no-debatira-con-charlatanes-que-perdieron-credibilidad\/#article","isPartOf":{"@id":"https:\/\/innoticiasbo.com\/index.php\/2024\/11\/27\/el-exvocero-jorge-richter-desafia-a-manfred-a-debatir-y-le-responden-que-no-debatira-con-charlatanes-que-perdieron-credibilidad\/"},"author":{"name":"Prensa","@id":"https:\/\/innoticiasbo.com\/#\/schema\/person\/589cd527c4211df1b943bdad85ec07ce"},"headline":"EL EXVOCERO JORGE RICHTER DESAF\u00cdA A MANFRED A DEBATIR Y LE RESPONDEN QUE NO DEBATIR\u00c1 CON \u201cCHARLATANES\u201d QUE PERDIERON CREDIBILIDAD","datePublished":"2024-11-27T21:37:37+00:00","dateModified":"2024-11-27T21:37:51+00:00","mainEntityOfPage":{"@id":"https:\/\/innoticiasbo.com\/index.php\/2024\/11\/27\/el-exvocero-jorge-richter-desafia-a-manfred-a-debatir-y-le-responden-que-no-debatira-con-charlatanes-que-perdieron-credibilidad\/"},"wordCount":295,"commentCount":0,"publisher":{"@id":"https:\/\/innoticiasbo.com\/#organization"},"image":{"@id":"https:\/\/innoticiasbo.com\/index.php\/2024\/11\/27\/el-exvocero-jorge-richter-desafia-a-manfred-a-debatir-y-le-responden-que-no-debatira-con-charlatanes-que-perdieron-credibilidad\/#primaryimage"},"thumbnailUrl":"https:\/\/i0.wp.com\/innoticiasbo.com\/wp-content\/uploads\/2024\/11\/APOYOS-AVISPERO_20241127_173521_0000.jpg?fit=1920%2C1080&ssl=1","articleSection":["Bolivia","Pol\u00edtica"],"inLanguage":"es","potentialAction":[{"@type":"CommentAction","name":"Comment","target":["https:\/\/innoticiasbo.com\/index.php\/2024\/11\/27\/el-exvocero-jorge-richter-desafia-a-manfred-a-debatir-y-le-responden-que-no-debatira-con-charlatanes-que-perdieron-credibilidad\/#respond"]}]},{"@type":"WebPage","@id":"https:\/\/innoticiasbo.com\/index.php\/2024\/11\/27\/el-exvocero-jorge-richter-desafia-a-manfred-a-debatir-y-le-responden-que-no-debatira-con-charlatanes-que-perdieron-credibilidad\/","url":"https:\/\/innoticiasbo.com\/index.php\/2024\/11\/27\/el-exvocero-jorge-richter-desafia-a-manfred-a-debatir-y-le-responden-que-no-debatira-con-charlatanes-que-perdieron-credibilidad\/","name":"EL EXVOCERO JORGE RICHTER DESAF\u00cdA A MANFRED A DEBATIR Y LE RESPONDEN QUE NO DEBATIR\u00c1 CON \u201cCHARLATANES\u201d QUE PERDIERON CREDIBILIDAD - innoticiasbo.com","isPartOf":{"@id":"https:\/\/innoticiasbo.com\/#website"},"primaryImageOfPage":{"@id":"https:\/\/innoticiasbo.com\/index.php\/2024\/11\/27\/el-exvocero-jorge-richter-desafia-a-manfred-a-debatir-y-le-responden-que-no-debatira-con-charlatanes-que-perdieron-credibilidad\/#primaryimage"},"image":{"@id":"https:\/\/innoticiasbo.com\/index.php\/2024\/11\/27\/el-exvocero-jorge-richter-desafia-a-manfred-a-debatir-y-le-responden-que-no-debatira-con-charlatanes-que-perdieron-credibilidad\/#primaryimage"},"thumbnailUrl":"https:\/\/i0.wp.com\/innoticiasbo.com\/wp-content\/uploads\/2024\/11\/APOYOS-AVISPERO_20241127_173521_0000.jpg?fit=1920%2C1080&ssl=1","datePublished":"2024-11-27T21:37:37+00:00","dateModified":"2024-11-27T21:37:51+00:00","breadcrumb":{"@id":"https:\/\/innoticiasbo.com\/index.php\/2024\/11\/27\/el-exvocero-jorge-richter-desafia-a-manfred-a-debatir-y-le-responden-que-no-debatira-con-charlatanes-que-perdieron-credibilidad\/#breadcrumb"},"inLanguage":"es","potentialAction":[{"@type":"ReadAction","target":["https:\/\/innoticiasbo.com\/index.php\/2024\/11\/27\/el-exvocero-jorge-richter-desafia-a-manfred-a-debatir-y-le-responden-que-no-debatira-con-charlatanes-que-perdieron-credibilidad\/"]}]},{"@type":"ImageObject","inLanguage":"es","@id":"https:\/\/innoticiasbo.com\/index.php\/2024\/11\/27\/el-exvocero-jorge-richter-desafia-a-manfred-a-debatir-y-le-responden-que-no-debatira-con-charlatanes-que-perdieron-credibilidad\/#primaryimage","url":"https:\/\/i0.wp.com\/innoticiasbo.com\/wp-content\/uploads\/2024\/11\/APOYOS-AVISPERO_20241127_173521_0000.jpg?fit=1920%2C1080&ssl=1","contentUrl":"https:\/\/i0.wp.com\/innoticiasbo.com\/wp-content\/uploads\/2024\/11\/APOYOS-AVISPERO_20241127_173521_0000.jpg?fit=1920%2C1080&ssl=1","width":1920,"height":1080},{"@type":"BreadcrumbList","@id":"https:\/\/innoticiasbo.com\/index.php\/2024\/11\/27\/el-exvocero-jorge-richter-desafia-a-manfred-a-debatir-y-le-responden-que-no-debatira-con-charlatanes-que-perdieron-credibilidad\/#breadcrumb","itemListElement":[{"@type":"ListItem","position":1,"name":"Portada","item":"https:\/\/innoticiasbo.com\/"},{"@type":"ListItem","position":2,"name":"EL EXVOCERO JORGE RICHTER DESAF\u00cdA A MANFRED A DEBATIR Y LE RESPONDEN QUE NO DEBATIR\u00c1 CON \u201cCHARLATANES\u201d QUE PERDIERON CREDIBILIDAD"}]},{"@type":"WebSite","@id":"https:\/\/innoticiasbo.com\/#website","url":"https:\/\/innoticiasbo.com\/","name":"innoticiasbo.com","description":"","publisher":{"@id":"https:\/\/innoticiasbo.com\/#organization"},"potentialAction":[{"@type":"SearchAction","target":{"@type":"EntryPoint","urlTemplate":"https:\/\/innoticiasbo.com\/?s={search_term_string}"},"query-input":{"@type":"PropertyValueSpecification","valueRequired":true,"valueName":"search_term_string"}}],"inLanguage":"es"},{"@type":"Organization","@id":"https:\/\/innoticiasbo.com\/#organization","name":"innoticiasbo.com","url":"https:\/\/innoticiasbo.com\/","logo":{"@type":"ImageObject","inLanguage":"es","@id":"https:\/\/innoticiasbo.com\/#\/schema\/logo\/image\/","url":"https:\/\/i0.wp.com\/innoticiasbo.com\/wp-content\/uploads\/2026\/04\/cropped-IN-LOGO.png?fit=1476%2C1476&ssl=1","contentUrl":"https:\/\/i0.wp.com\/innoticiasbo.com\/wp-content\/uploads\/2026\/04\/cropped-IN-LOGO.png?fit=1476%2C1476&ssl=1","width":1476,"height":1476,"caption":"innoticiasbo.com"},"image":{"@id":"https:\/\/innoticiasbo.com\/#\/schema\/logo\/image\/"},"sameAs":["https:\/\/www.facebook.com\/innoticiasbolivia","https:\/\/x.com\/innoticiasbo","https:\/\/www.instagram.com\/innoticiasbo","https:\/\/www.youtube.com\/innoticiasbo"]},{"@type":"Person","@id":"https:\/\/innoticiasbo.com\/#\/schema\/person\/589cd527c4211df1b943bdad85ec07ce","name":"Prensa","image":{"@type":"ImageObject","inLanguage":"es","@id":"https:\/\/innoticiasbo.com\/#\/schema\/person\/image\/","url":"https:\/\/secure.gravatar.com\/avatar\/d359bbdf112023c1c0a3ec7fe1600657?s=96&d=mm&r=g","contentUrl":"https:\/\/secure.gravatar.com\/avatar\/d359bbdf112023c1c0a3ec7fe1600657?s=96&d=mm&r=g","caption":"Prensa"},"sameAs":["http:\/\/www.innoticiasbo.com"],"url":"https:\/\/innoticiasbo.com\/index.php\/author\/prensa\/"}]}},"jetpack_featured_media_url":"https:\/\/i0.wp.com\/innoticiasbo.com\/wp-content\/uploads\/2024\/11\/APOYOS-AVISPERO_20241127_173521_0000.jpg?fit=1920%2C1080&ssl=1","jetpack_likes_enabled":true,"jetpack_sharing_enabled":true,"jetpack_shortlink":"https:\/\/wp.me\/pg298x-zn","_links":{"self":[{"href":"https:\/\/innoticiasbo.com\/index.php\/wp-json\/wp\/v2\/posts\/2193","targetHints":{"allow":["GET"]}}],"collection":[{"href":"https:\/\/innoticiasbo.com\/index.php\/wp-json\/wp\/v2\/posts"}],"about":[{"href":"https:\/\/innoticiasbo.com\/index.php\/wp-json\/wp\/v2\/types\/post"}],"author":[{"embeddable":true,"href":"https:\/\/innoticiasbo.com\/index.php\/wp-json\/wp\/v2\/users\/2"}],"replies":[{"embeddable":true,"href":"https:\/\/innoticiasbo.com\/index.php\/wp-json\/wp\/v2\/comments?post=2193"}],"version-history":[{"count":1,"href":"https:\/\/innoticiasbo.com\/index.php\/wp-json\/wp\/v2\/posts\/2193\/revisions"}],"predecessor-version":[{"id":2194,"href":"https:\/\/innoticiasbo.com\/index.php\/wp-json\/wp\/v2\/posts\/2193\/revisions\/2194"}],"wp:featuredmedia":[{"embeddable":true,"href":"https:\/\/innoticiasbo.com\/index.php\/wp-json\/wp\/v2\/media\/2192"}],"wp:attachment":[{"href":"https:\/\/innoticiasbo.com\/index.php\/wp-json\/wp\/v2\/media?parent=2193"}],"wp:term":[{"taxonomy":"category","embeddable":true,"href":"https:\/\/innoticiasbo.com\/index.php\/wp-json\/wp\/v2\/categories?post=2193"},{"taxonomy":"post_tag","embeddable":true,"href":"https:\/\/innoticiasbo.com\/index.php\/wp-json\/wp\/v2\/tags?post=2193"}],"curies":[{"name":"wp","href":"https:\/\/api.w.org\/{rel}","templated":true}]}}