{"id":2173,"date":"2024-11-27T16:42:55","date_gmt":"2024-11-27T16:42:55","guid":{"rendered":"https:\/\/innoticiasbo.com\/?p=2173"},"modified":"2024-11-27T16:43:05","modified_gmt":"2024-11-27T16:43:05","slug":"evo-asegura-que-sigue-al-frente-del-mas-y-anuncia-reunion-no-nos-vamos-a-rendir","status":"publish","type":"post","link":"https:\/\/innoticiasbo.com\/index.php\/2024\/11\/27\/evo-asegura-que-sigue-al-frente-del-mas-y-anuncia-reunion-no-nos-vamos-a-rendir\/","title":{"rendered":"EVO ASEGURA QUE SIGUE AL FRENTE DEL MAS Y ANUNCIA REUNI\u00d3N: \u201cNO NOS VAMOS A RENDIR\u201d"},"content":{"rendered":"\n<p>Cochabamba, 7 de noviembre de 2024.- Luego de que el Tribunal Supremo Electoral (TSE) reconozca a Grover Garc\u00eda como presidente del MAS, el expresidente Evo Morales asever\u00f3 que a\u00fan contin\u00faa como presidente del MAS y asegur\u00f3 que se har\u00e1 la lucha por la sigla.<\/p>\n\n\n\n<p>\u201cSi hacemos respetar el estatuto, la ley, la constituci\u00f3n, Evo sigue siendo dirigente del MAS-IPSP\u201d, expuso Morales en una conferencia de prensa en Radio Kawsachun Coca.<\/p>\n\n\n\n<figure class=\"wp-block-image size-large\"><img data-recalc-dims=\"1\" loading=\"lazy\" decoding=\"async\" width=\"640\" height=\"360\" src=\"https:\/\/i0.wp.com\/innoticiasbo.com\/wp-content\/uploads\/2024\/11\/screenshot_20241127_123737_facebook7446394489664954082.jpg?resize=640%2C360&#038;ssl=1\" alt=\"\" class=\"wp-image-2171\" srcset=\"https:\/\/i0.wp.com\/innoticiasbo.com\/wp-content\/uploads\/2024\/11\/screenshot_20241127_123737_facebook7446394489664954082.jpg?resize=1024%2C576&amp;ssl=1 1024w, https:\/\/i0.wp.com\/innoticiasbo.com\/wp-content\/uploads\/2024\/11\/screenshot_20241127_123737_facebook7446394489664954082.jpg?resize=300%2C169&amp;ssl=1 300w, https:\/\/i0.wp.com\/innoticiasbo.com\/wp-content\/uploads\/2024\/11\/screenshot_20241127_123737_facebook7446394489664954082.jpg?resize=768%2C432&amp;ssl=1 768w, https:\/\/i0.wp.com\/innoticiasbo.com\/wp-content\/uploads\/2024\/11\/screenshot_20241127_123737_facebook7446394489664954082.jpg?w=1066&amp;ssl=1 1066w\" sizes=\"auto, (max-width: 640px) 100vw, 640px\" \/><\/figure>\n\n\n\n<p>En pasadas horas, el TSE reconoci\u00f3 el congreso arcista, que se llev\u00f3 a cabo en El Alto y que dispone a Grover Garc\u00eda como presidente del MAS y notific\u00f3 con la resoluci\u00f3n a Garc\u00eda, la ma\u00f1ana de este mi\u00e9rcoles.<\/p>\n\n\n\n<p>El l\u00edder cocalero sostuvo que \u201cno se rendir\u00e1n\u201d y adelant\u00f3 que se efectuar\u00e1 una reuni\u00f3n este pr\u00f3ximo lunes en el que participar\u00e1 el Pacto de Unidad y la direcci\u00f3n del MAS.<\/p>\n\n\n\n<p>\u201cEl imperio est\u00e1 tratando de destrozarnos, pero no va a poder, est\u00e1 m\u00e1s fortalecido. Esta reuni\u00f3n va a ser tan importante para el lunes, es una reuni\u00f3n, aqu\u00ed no solamente va a entrar el presidente del MAS-IPSP de los nueve departamentos, va a participar Pacto de Unidad\u201d, sostuvo.<\/p>\n\n\n\n<p>\u201cQuiero que sepa Lucho y compa\u00f1\u00eda, solo que no me maten. No nos vamos a rendir y tampoco vamos a vendernos, en vano est\u00e1n haciendo llegar mensajitos, \u2018podemos negociar\u2019, a lo mejor a hora la sigla del MAS no nos sirve sin Evo, \u2018sin Andr\u00f3nico\u2019\u201d, a\u00f1adi\u00f3.<br \/>Fuente: Urgentebo<\/p>\n\n\n\n<h1 class=\"wp-block-heading\">EvoMorales #MAS #TSE #innoticias<\/h1>\n","protected":false},"excerpt":{"rendered":"<p>Cochabamba, 7 de noviembre de 2024.- Luego de que el Tribunal Supremo Electoral (TSE) reconozca a Grover Garc\u00eda como presidente del MAS, el expresidente Evo Morales asever\u00f3 que a\u00fan contin\u00faa como presidente del MAS y asegur\u00f3 que se har\u00e1 la lucha por la sigla. \u201cSi hacemos respetar el estatuto, la ley, la constituci\u00f3n, Evo sigue&#8230;<\/p>\n","protected":false},"author":2,"featured_media":2172,"comment_status":"open","ping_status":"open","sticky":false,"template":"","format":"standard","meta":{"_jetpack_memberships_contains_paid_content":false,"footnotes":"","jetpack_publicize_message":"","jetpack_publicize_feature_enabled":true,"jetpack_social_post_already_shared":true,"jetpack_social_options":{"image_generator_settings":{"template":"highway","enabled":false},"version":2}},"categories":[1,3],"tags":[],"class_list":["post-2173","post","type-post","status-publish","format-standard","has-post-thumbnail","hentry","category-bolivia","category-politica"],"jetpack_publicize_connections":[],"yoast_head":"<!-- This site is optimized with the Yoast SEO plugin v23.4 - https:\/\/yoast.com\/wordpress\/plugins\/seo\/ -->\n<title>EVO ASEGURA QUE SIGUE AL FRENTE DEL MAS Y ANUNCIA REUNI\u00d3N: \u201cNO NOS VAMOS A RENDIR\u201d - innoticiasbo.com<\/title>\n<meta name=\"robots\" content=\"index, follow, max-snippet:-1, max-image-preview:large, max-video-preview:-1\" \/>\n<link rel=\"canonical\" href=\"https:\/\/innoticiasbo.com\/index.php\/2024\/11\/27\/evo-asegura-que-sigue-al-frente-del-mas-y-anuncia-reunion-no-nos-vamos-a-rendir\/\" \/>\n<meta property=\"og:locale\" content=\"es_ES\" \/>\n<meta property=\"og:type\" content=\"article\" \/>\n<meta property=\"og:title\" content=\"EVO ASEGURA QUE SIGUE AL FRENTE DEL MAS Y ANUNCIA REUNI\u00d3N: \u201cNO NOS VAMOS A RENDIR\u201d - innoticiasbo.com\" \/>\n<meta property=\"og:description\" content=\"Cochabamba, 7 de noviembre de 2024.- Luego de que el Tribunal Supremo Electoral (TSE) reconozca a Grover Garc\u00eda como presidente del MAS, el expresidente Evo Morales asever\u00f3 que a\u00fan contin\u00faa como presidente del MAS y asegur\u00f3 que se har\u00e1 la lucha por la sigla. \u201cSi hacemos respetar el estatuto, la ley, la constituci\u00f3n, Evo sigue...\" \/>\n<meta property=\"og:url\" content=\"https:\/\/innoticiasbo.com\/index.php\/2024\/11\/27\/evo-asegura-que-sigue-al-frente-del-mas-y-anuncia-reunion-no-nos-vamos-a-rendir\/\" \/>\n<meta property=\"og:site_name\" content=\"innoticiasbo.com\" \/>\n<meta property=\"article:publisher\" content=\"https:\/\/www.facebook.com\/innoticiasbolivia\" \/>\n<meta property=\"article:published_time\" content=\"2024-11-27T16:42:55+00:00\" \/>\n<meta property=\"article:modified_time\" content=\"2024-11-27T16:43:05+00:00\" \/>\n<meta property=\"og:image\" content=\"https:\/\/i0.wp.com\/innoticiasbo.com\/wp-content\/uploads\/2024\/11\/Screenshot_20241127_123737_Facebook.jpg?fit=1066%2C600&ssl=1\" \/>\n\t<meta property=\"og:image:width\" content=\"1066\" \/>\n\t<meta property=\"og:image:height\" content=\"600\" \/>\n\t<meta property=\"og:image:type\" content=\"image\/jpeg\" \/>\n<meta name=\"author\" content=\"Prensa\" \/>\n<meta name=\"twitter:card\" content=\"summary_large_image\" \/>\n<meta name=\"twitter:creator\" content=\"@innoticiasbo\" \/>\n<meta name=\"twitter:site\" content=\"@innoticiasbo\" \/>\n<meta name=\"twitter:label1\" content=\"Escrito por\" \/>\n\t<meta name=\"twitter:data1\" content=\"Prensa\" \/>\n\t<meta name=\"twitter:label2\" content=\"Tiempo de lectura\" \/>\n\t<meta name=\"twitter:data2\" content=\"1 minuto\" \/>\n<script type=\"application\/ld+json\" class=\"yoast-schema-graph\">{\"@context\":\"https:\/\/schema.org\",\"@graph\":[{\"@type\":\"Article\",\"@id\":\"https:\/\/innoticiasbo.com\/index.php\/2024\/11\/27\/evo-asegura-que-sigue-al-frente-del-mas-y-anuncia-reunion-no-nos-vamos-a-rendir\/#article\",\"isPartOf\":{\"@id\":\"https:\/\/innoticiasbo.com\/index.php\/2024\/11\/27\/evo-asegura-que-sigue-al-frente-del-mas-y-anuncia-reunion-no-nos-vamos-a-rendir\/\"},\"author\":{\"name\":\"Prensa\",\"@id\":\"https:\/\/innoticiasbo.com\/#\/schema\/person\/589cd527c4211df1b943bdad85ec07ce\"},\"headline\":\"EVO ASEGURA QUE SIGUE AL FRENTE DEL MAS Y ANUNCIA REUNI\u00d3N: \u201cNO NOS VAMOS A RENDIR\u201d\",\"datePublished\":\"2024-11-27T16:42:55+00:00\",\"dateModified\":\"2024-11-27T16:43:05+00:00\",\"mainEntityOfPage\":{\"@id\":\"https:\/\/innoticiasbo.com\/index.php\/2024\/11\/27\/evo-asegura-que-sigue-al-frente-del-mas-y-anuncia-reunion-no-nos-vamos-a-rendir\/\"},\"wordCount\":277,\"commentCount\":0,\"publisher\":{\"@id\":\"https:\/\/innoticiasbo.com\/#organization\"},\"image\":{\"@id\":\"https:\/\/innoticiasbo.com\/index.php\/2024\/11\/27\/evo-asegura-que-sigue-al-frente-del-mas-y-anuncia-reunion-no-nos-vamos-a-rendir\/#primaryimage\"},\"thumbnailUrl\":\"https:\/\/i0.wp.com\/innoticiasbo.com\/wp-content\/uploads\/2024\/11\/Screenshot_20241127_123737_Facebook.jpg?fit=1066%2C600&ssl=1\",\"articleSection\":[\"Bolivia\",\"Pol\u00edtica\"],\"inLanguage\":\"es\",\"potentialAction\":[{\"@type\":\"CommentAction\",\"name\":\"Comment\",\"target\":[\"https:\/\/innoticiasbo.com\/index.php\/2024\/11\/27\/evo-asegura-que-sigue-al-frente-del-mas-y-anuncia-reunion-no-nos-vamos-a-rendir\/#respond\"]}]},{\"@type\":\"WebPage\",\"@id\":\"https:\/\/innoticiasbo.com\/index.php\/2024\/11\/27\/evo-asegura-que-sigue-al-frente-del-mas-y-anuncia-reunion-no-nos-vamos-a-rendir\/\",\"url\":\"https:\/\/innoticiasbo.com\/index.php\/2024\/11\/27\/evo-asegura-que-sigue-al-frente-del-mas-y-anuncia-reunion-no-nos-vamos-a-rendir\/\",\"name\":\"EVO ASEGURA QUE SIGUE AL FRENTE DEL MAS Y ANUNCIA REUNI\u00d3N: \u201cNO NOS VAMOS A RENDIR\u201d - innoticiasbo.com\",\"isPartOf\":{\"@id\":\"https:\/\/innoticiasbo.com\/#website\"},\"primaryImageOfPage\":{\"@id\":\"https:\/\/innoticiasbo.com\/index.php\/2024\/11\/27\/evo-asegura-que-sigue-al-frente-del-mas-y-anuncia-reunion-no-nos-vamos-a-rendir\/#primaryimage\"},\"image\":{\"@id\":\"https:\/\/innoticiasbo.com\/index.php\/2024\/11\/27\/evo-asegura-que-sigue-al-frente-del-mas-y-anuncia-reunion-no-nos-vamos-a-rendir\/#primaryimage\"},\"thumbnailUrl\":\"https:\/\/i0.wp.com\/innoticiasbo.com\/wp-content\/uploads\/2024\/11\/Screenshot_20241127_123737_Facebook.jpg?fit=1066%2C600&ssl=1\",\"datePublished\":\"2024-11-27T16:42:55+00:00\",\"dateModified\":\"2024-11-27T16:43:05+00:00\",\"breadcrumb\":{\"@id\":\"https:\/\/innoticiasbo.com\/index.php\/2024\/11\/27\/evo-asegura-que-sigue-al-frente-del-mas-y-anuncia-reunion-no-nos-vamos-a-rendir\/#breadcrumb\"},\"inLanguage\":\"es\",\"potentialAction\":[{\"@type\":\"ReadAction\",\"target\":[\"https:\/\/innoticiasbo.com\/index.php\/2024\/11\/27\/evo-asegura-que-sigue-al-frente-del-mas-y-anuncia-reunion-no-nos-vamos-a-rendir\/\"]}]},{\"@type\":\"ImageObject\",\"inLanguage\":\"es\",\"@id\":\"https:\/\/innoticiasbo.com\/index.php\/2024\/11\/27\/evo-asegura-que-sigue-al-frente-del-mas-y-anuncia-reunion-no-nos-vamos-a-rendir\/#primaryimage\",\"url\":\"https:\/\/i0.wp.com\/innoticiasbo.com\/wp-content\/uploads\/2024\/11\/Screenshot_20241127_123737_Facebook.jpg?fit=1066%2C600&ssl=1\",\"contentUrl\":\"https:\/\/i0.wp.com\/innoticiasbo.com\/wp-content\/uploads\/2024\/11\/Screenshot_20241127_123737_Facebook.jpg?fit=1066%2C600&ssl=1\",\"width\":1066,\"height\":600},{\"@type\":\"BreadcrumbList\",\"@id\":\"https:\/\/innoticiasbo.com\/index.php\/2024\/11\/27\/evo-asegura-que-sigue-al-frente-del-mas-y-anuncia-reunion-no-nos-vamos-a-rendir\/#breadcrumb\",\"itemListElement\":[{\"@type\":\"ListItem\",\"position\":1,\"name\":\"Portada\",\"item\":\"https:\/\/innoticiasbo.com\/\"},{\"@type\":\"ListItem\",\"position\":2,\"name\":\"EVO ASEGURA QUE SIGUE AL FRENTE DEL MAS Y ANUNCIA REUNI\u00d3N: \u201cNO NOS VAMOS A RENDIR\u201d\"}]},{\"@type\":\"WebSite\",\"@id\":\"https:\/\/innoticiasbo.com\/#website\",\"url\":\"https:\/\/innoticiasbo.com\/\",\"name\":\"innoticiasbo.com\",\"description\":\"\",\"publisher\":{\"@id\":\"https:\/\/innoticiasbo.com\/#organization\"},\"potentialAction\":[{\"@type\":\"SearchAction\",\"target\":{\"@type\":\"EntryPoint\",\"urlTemplate\":\"https:\/\/innoticiasbo.com\/?s={search_term_string}\"},\"query-input\":{\"@type\":\"PropertyValueSpecification\",\"valueRequired\":true,\"valueName\":\"search_term_string\"}}],\"inLanguage\":\"es\"},{\"@type\":\"Organization\",\"@id\":\"https:\/\/innoticiasbo.com\/#organization\",\"name\":\"innoticiasbo.com\",\"url\":\"https:\/\/innoticiasbo.com\/\",\"logo\":{\"@type\":\"ImageObject\",\"inLanguage\":\"es\",\"@id\":\"https:\/\/innoticiasbo.com\/#\/schema\/logo\/image\/\",\"url\":\"https:\/\/i0.wp.com\/innoticiasbo.com\/wp-content\/uploads\/2026\/04\/cropped-IN-LOGO.png?fit=1476%2C1476&ssl=1\",\"contentUrl\":\"https:\/\/i0.wp.com\/innoticiasbo.com\/wp-content\/uploads\/2026\/04\/cropped-IN-LOGO.png?fit=1476%2C1476&ssl=1\",\"width\":1476,\"height\":1476,\"caption\":\"innoticiasbo.com\"},\"image\":{\"@id\":\"https:\/\/innoticiasbo.com\/#\/schema\/logo\/image\/\"},\"sameAs\":[\"https:\/\/www.facebook.com\/innoticiasbolivia\",\"https:\/\/x.com\/innoticiasbo\",\"https:\/\/www.instagram.com\/innoticiasbo\",\"https:\/\/www.youtube.com\/innoticiasbo\"]},{\"@type\":\"Person\",\"@id\":\"https:\/\/innoticiasbo.com\/#\/schema\/person\/589cd527c4211df1b943bdad85ec07ce\",\"name\":\"Prensa\",\"image\":{\"@type\":\"ImageObject\",\"inLanguage\":\"es\",\"@id\":\"https:\/\/innoticiasbo.com\/#\/schema\/person\/image\/\",\"url\":\"https:\/\/secure.gravatar.com\/avatar\/d359bbdf112023c1c0a3ec7fe1600657?s=96&d=mm&r=g\",\"contentUrl\":\"https:\/\/secure.gravatar.com\/avatar\/d359bbdf112023c1c0a3ec7fe1600657?s=96&d=mm&r=g\",\"caption\":\"Prensa\"},\"sameAs\":[\"http:\/\/www.innoticiasbo.com\"],\"url\":\"https:\/\/innoticiasbo.com\/index.php\/author\/prensa\/\"}]}<\/script>\n<!-- \/ Yoast SEO plugin. -->","yoast_head_json":{"title":"EVO ASEGURA QUE SIGUE AL FRENTE DEL MAS Y ANUNCIA REUNI\u00d3N: \u201cNO NOS VAMOS A RENDIR\u201d - innoticiasbo.com","robots":{"index":"index","follow":"follow","max-snippet":"max-snippet:-1","max-image-preview":"max-image-preview:large","max-video-preview":"max-video-preview:-1"},"canonical":"https:\/\/innoticiasbo.com\/index.php\/2024\/11\/27\/evo-asegura-que-sigue-al-frente-del-mas-y-anuncia-reunion-no-nos-vamos-a-rendir\/","og_locale":"es_ES","og_type":"article","og_title":"EVO ASEGURA QUE SIGUE AL FRENTE DEL MAS Y ANUNCIA REUNI\u00d3N: \u201cNO NOS VAMOS A RENDIR\u201d - innoticiasbo.com","og_description":"Cochabamba, 7 de noviembre de 2024.- Luego de que el Tribunal Supremo Electoral (TSE) reconozca a Grover Garc\u00eda como presidente del MAS, el expresidente Evo Morales asever\u00f3 que a\u00fan contin\u00faa como presidente del MAS y asegur\u00f3 que se har\u00e1 la lucha por la sigla. \u201cSi hacemos respetar el estatuto, la ley, la constituci\u00f3n, Evo sigue...","og_url":"https:\/\/innoticiasbo.com\/index.php\/2024\/11\/27\/evo-asegura-que-sigue-al-frente-del-mas-y-anuncia-reunion-no-nos-vamos-a-rendir\/","og_site_name":"innoticiasbo.com","article_publisher":"https:\/\/www.facebook.com\/innoticiasbolivia","article_published_time":"2024-11-27T16:42:55+00:00","article_modified_time":"2024-11-27T16:43:05+00:00","og_image":[{"width":1066,"height":600,"url":"https:\/\/i0.wp.com\/innoticiasbo.com\/wp-content\/uploads\/2024\/11\/Screenshot_20241127_123737_Facebook.jpg?fit=1066%2C600&ssl=1","type":"image\/jpeg"}],"author":"Prensa","twitter_card":"summary_large_image","twitter_creator":"@innoticiasbo","twitter_site":"@innoticiasbo","twitter_misc":{"Escrito por":"Prensa","Tiempo de lectura":"1 minuto"},"schema":{"@context":"https:\/\/schema.org","@graph":[{"@type":"Article","@id":"https:\/\/innoticiasbo.com\/index.php\/2024\/11\/27\/evo-asegura-que-sigue-al-frente-del-mas-y-anuncia-reunion-no-nos-vamos-a-rendir\/#article","isPartOf":{"@id":"https:\/\/innoticiasbo.com\/index.php\/2024\/11\/27\/evo-asegura-que-sigue-al-frente-del-mas-y-anuncia-reunion-no-nos-vamos-a-rendir\/"},"author":{"name":"Prensa","@id":"https:\/\/innoticiasbo.com\/#\/schema\/person\/589cd527c4211df1b943bdad85ec07ce"},"headline":"EVO ASEGURA QUE SIGUE AL FRENTE DEL MAS Y ANUNCIA REUNI\u00d3N: \u201cNO NOS VAMOS A RENDIR\u201d","datePublished":"2024-11-27T16:42:55+00:00","dateModified":"2024-11-27T16:43:05+00:00","mainEntityOfPage":{"@id":"https:\/\/innoticiasbo.com\/index.php\/2024\/11\/27\/evo-asegura-que-sigue-al-frente-del-mas-y-anuncia-reunion-no-nos-vamos-a-rendir\/"},"wordCount":277,"commentCount":0,"publisher":{"@id":"https:\/\/innoticiasbo.com\/#organization"},"image":{"@id":"https:\/\/innoticiasbo.com\/index.php\/2024\/11\/27\/evo-asegura-que-sigue-al-frente-del-mas-y-anuncia-reunion-no-nos-vamos-a-rendir\/#primaryimage"},"thumbnailUrl":"https:\/\/i0.wp.com\/innoticiasbo.com\/wp-content\/uploads\/2024\/11\/Screenshot_20241127_123737_Facebook.jpg?fit=1066%2C600&ssl=1","articleSection":["Bolivia","Pol\u00edtica"],"inLanguage":"es","potentialAction":[{"@type":"CommentAction","name":"Comment","target":["https:\/\/innoticiasbo.com\/index.php\/2024\/11\/27\/evo-asegura-que-sigue-al-frente-del-mas-y-anuncia-reunion-no-nos-vamos-a-rendir\/#respond"]}]},{"@type":"WebPage","@id":"https:\/\/innoticiasbo.com\/index.php\/2024\/11\/27\/evo-asegura-que-sigue-al-frente-del-mas-y-anuncia-reunion-no-nos-vamos-a-rendir\/","url":"https:\/\/innoticiasbo.com\/index.php\/2024\/11\/27\/evo-asegura-que-sigue-al-frente-del-mas-y-anuncia-reunion-no-nos-vamos-a-rendir\/","name":"EVO ASEGURA QUE SIGUE AL FRENTE DEL MAS Y ANUNCIA REUNI\u00d3N: \u201cNO NOS VAMOS A RENDIR\u201d - innoticiasbo.com","isPartOf":{"@id":"https:\/\/innoticiasbo.com\/#website"},"primaryImageOfPage":{"@id":"https:\/\/innoticiasbo.com\/index.php\/2024\/11\/27\/evo-asegura-que-sigue-al-frente-del-mas-y-anuncia-reunion-no-nos-vamos-a-rendir\/#primaryimage"},"image":{"@id":"https:\/\/innoticiasbo.com\/index.php\/2024\/11\/27\/evo-asegura-que-sigue-al-frente-del-mas-y-anuncia-reunion-no-nos-vamos-a-rendir\/#primaryimage"},"thumbnailUrl":"https:\/\/i0.wp.com\/innoticiasbo.com\/wp-content\/uploads\/2024\/11\/Screenshot_20241127_123737_Facebook.jpg?fit=1066%2C600&ssl=1","datePublished":"2024-11-27T16:42:55+00:00","dateModified":"2024-11-27T16:43:05+00:00","breadcrumb":{"@id":"https:\/\/innoticiasbo.com\/index.php\/2024\/11\/27\/evo-asegura-que-sigue-al-frente-del-mas-y-anuncia-reunion-no-nos-vamos-a-rendir\/#breadcrumb"},"inLanguage":"es","potentialAction":[{"@type":"ReadAction","target":["https:\/\/innoticiasbo.com\/index.php\/2024\/11\/27\/evo-asegura-que-sigue-al-frente-del-mas-y-anuncia-reunion-no-nos-vamos-a-rendir\/"]}]},{"@type":"ImageObject","inLanguage":"es","@id":"https:\/\/innoticiasbo.com\/index.php\/2024\/11\/27\/evo-asegura-que-sigue-al-frente-del-mas-y-anuncia-reunion-no-nos-vamos-a-rendir\/#primaryimage","url":"https:\/\/i0.wp.com\/innoticiasbo.com\/wp-content\/uploads\/2024\/11\/Screenshot_20241127_123737_Facebook.jpg?fit=1066%2C600&ssl=1","contentUrl":"https:\/\/i0.wp.com\/innoticiasbo.com\/wp-content\/uploads\/2024\/11\/Screenshot_20241127_123737_Facebook.jpg?fit=1066%2C600&ssl=1","width":1066,"height":600},{"@type":"BreadcrumbList","@id":"https:\/\/innoticiasbo.com\/index.php\/2024\/11\/27\/evo-asegura-que-sigue-al-frente-del-mas-y-anuncia-reunion-no-nos-vamos-a-rendir\/#breadcrumb","itemListElement":[{"@type":"ListItem","position":1,"name":"Portada","item":"https:\/\/innoticiasbo.com\/"},{"@type":"ListItem","position":2,"name":"EVO ASEGURA QUE SIGUE AL FRENTE DEL MAS Y ANUNCIA REUNI\u00d3N: \u201cNO NOS VAMOS A RENDIR\u201d"}]},{"@type":"WebSite","@id":"https:\/\/innoticiasbo.com\/#website","url":"https:\/\/innoticiasbo.com\/","name":"innoticiasbo.com","description":"","publisher":{"@id":"https:\/\/innoticiasbo.com\/#organization"},"potentialAction":[{"@type":"SearchAction","target":{"@type":"EntryPoint","urlTemplate":"https:\/\/innoticiasbo.com\/?s={search_term_string}"},"query-input":{"@type":"PropertyValueSpecification","valueRequired":true,"valueName":"search_term_string"}}],"inLanguage":"es"},{"@type":"Organization","@id":"https:\/\/innoticiasbo.com\/#organization","name":"innoticiasbo.com","url":"https:\/\/innoticiasbo.com\/","logo":{"@type":"ImageObject","inLanguage":"es","@id":"https:\/\/innoticiasbo.com\/#\/schema\/logo\/image\/","url":"https:\/\/i0.wp.com\/innoticiasbo.com\/wp-content\/uploads\/2026\/04\/cropped-IN-LOGO.png?fit=1476%2C1476&ssl=1","contentUrl":"https:\/\/i0.wp.com\/innoticiasbo.com\/wp-content\/uploads\/2026\/04\/cropped-IN-LOGO.png?fit=1476%2C1476&ssl=1","width":1476,"height":1476,"caption":"innoticiasbo.com"},"image":{"@id":"https:\/\/innoticiasbo.com\/#\/schema\/logo\/image\/"},"sameAs":["https:\/\/www.facebook.com\/innoticiasbolivia","https:\/\/x.com\/innoticiasbo","https:\/\/www.instagram.com\/innoticiasbo","https:\/\/www.youtube.com\/innoticiasbo"]},{"@type":"Person","@id":"https:\/\/innoticiasbo.com\/#\/schema\/person\/589cd527c4211df1b943bdad85ec07ce","name":"Prensa","image":{"@type":"ImageObject","inLanguage":"es","@id":"https:\/\/innoticiasbo.com\/#\/schema\/person\/image\/","url":"https:\/\/secure.gravatar.com\/avatar\/d359bbdf112023c1c0a3ec7fe1600657?s=96&d=mm&r=g","contentUrl":"https:\/\/secure.gravatar.com\/avatar\/d359bbdf112023c1c0a3ec7fe1600657?s=96&d=mm&r=g","caption":"Prensa"},"sameAs":["http:\/\/www.innoticiasbo.com"],"url":"https:\/\/innoticiasbo.com\/index.php\/author\/prensa\/"}]}},"jetpack_featured_media_url":"https:\/\/i0.wp.com\/innoticiasbo.com\/wp-content\/uploads\/2024\/11\/Screenshot_20241127_123737_Facebook.jpg?fit=1066%2C600&ssl=1","jetpack_likes_enabled":true,"jetpack_sharing_enabled":true,"jetpack_shortlink":"https:\/\/wp.me\/pg298x-z3","_links":{"self":[{"href":"https:\/\/innoticiasbo.com\/index.php\/wp-json\/wp\/v2\/posts\/2173","targetHints":{"allow":["GET"]}}],"collection":[{"href":"https:\/\/innoticiasbo.com\/index.php\/wp-json\/wp\/v2\/posts"}],"about":[{"href":"https:\/\/innoticiasbo.com\/index.php\/wp-json\/wp\/v2\/types\/post"}],"author":[{"embeddable":true,"href":"https:\/\/innoticiasbo.com\/index.php\/wp-json\/wp\/v2\/users\/2"}],"replies":[{"embeddable":true,"href":"https:\/\/innoticiasbo.com\/index.php\/wp-json\/wp\/v2\/comments?post=2173"}],"version-history":[{"count":1,"href":"https:\/\/innoticiasbo.com\/index.php\/wp-json\/wp\/v2\/posts\/2173\/revisions"}],"predecessor-version":[{"id":2174,"href":"https:\/\/innoticiasbo.com\/index.php\/wp-json\/wp\/v2\/posts\/2173\/revisions\/2174"}],"wp:featuredmedia":[{"embeddable":true,"href":"https:\/\/innoticiasbo.com\/index.php\/wp-json\/wp\/v2\/media\/2172"}],"wp:attachment":[{"href":"https:\/\/innoticiasbo.com\/index.php\/wp-json\/wp\/v2\/media?parent=2173"}],"wp:term":[{"taxonomy":"category","embeddable":true,"href":"https:\/\/innoticiasbo.com\/index.php\/wp-json\/wp\/v2\/categories?post=2173"},{"taxonomy":"post_tag","embeddable":true,"href":"https:\/\/innoticiasbo.com\/index.php\/wp-json\/wp\/v2\/tags?post=2173"}],"curies":[{"name":"wp","href":"https:\/\/api.w.org\/{rel}","templated":true}]}}