{"id":2137,"date":"2024-11-25T21:41:10","date_gmt":"2024-11-25T21:41:10","guid":{"rendered":"https:\/\/innoticiasbo.com\/?p=2137"},"modified":"2024-11-25T21:41:10","modified_gmt":"2024-11-25T21:41:10","slug":"mas-de-45-300-casos-de-violencia-fueron-denunciados-fiscalia-insta-a-fortalecer-la-prevencion","status":"publish","type":"post","link":"https:\/\/innoticiasbo.com\/index.php\/2024\/11\/25\/mas-de-45-300-casos-de-violencia-fueron-denunciados-fiscalia-insta-a-fortalecer-la-prevencion\/","title":{"rendered":"M\u00c1S DE 45.300 CASOS DE VIOLENCIA FUERON DENUNCIADOS, FISCAL\u00cdA INSTA A FORTALECER LA PREVENCI\u00d3N&nbsp;"},"content":{"rendered":"\n<p class=\"p1\">Chuquisaca, 25 de noviembre, 2024.- La Directora de la Fiscal\u00eda Especializada en Delitos en Raz\u00f3n de G\u00e9nero y Juvenil, Alejandra Rocha, inform\u00f3 hoy que del 1 de enero al 24 de noviembre de 2024, se registraron 45.396 casos relacionados con delitos inmersos en la Ley Integral para Garantizar a la Mujeres una Vida Libre de Violencia N\u00ba 348, siendo el delito de Violencia Familiar o Dom\u00e9stica el de mayor incidencia con 33.907 casos. Ante esto, el Ministerio P\u00fablico hace un llamado a las instituciones correspondientes a fortalecer las campa\u00f1as de prevenci\u00f3n y socializaci\u00f3n.&nbsp;<\/p>\n\n\n\n<figure class=\"wp-block-gallery has-nested-images columns-default is-cropped wp-block-gallery-1 is-layout-flex wp-block-gallery-is-layout-flex\">\n<figure class=\"wp-block-image size-large\"><img data-recalc-dims=\"1\" loading=\"lazy\" decoding=\"async\" width=\"640\" height=\"514\" data-id=\"2133\" src=\"https:\/\/i0.wp.com\/innoticiasbo.com\/wp-content\/uploads\/2024\/11\/img_9974-1.jpg?resize=640%2C514&#038;ssl=1\" alt=\"\" class=\"wp-image-2133\" srcset=\"https:\/\/i0.wp.com\/innoticiasbo.com\/wp-content\/uploads\/2024\/11\/img_9974-1.jpg?resize=1024%2C822&amp;ssl=1 1024w, https:\/\/i0.wp.com\/innoticiasbo.com\/wp-content\/uploads\/2024\/11\/img_9974-1.jpg?resize=300%2C241&amp;ssl=1 300w, https:\/\/i0.wp.com\/innoticiasbo.com\/wp-content\/uploads\/2024\/11\/img_9974-1.jpg?resize=768%2C617&amp;ssl=1 768w, https:\/\/i0.wp.com\/innoticiasbo.com\/wp-content\/uploads\/2024\/11\/img_9974-1.jpg?w=1056&amp;ssl=1 1056w\" sizes=\"auto, (max-width: 640px) 100vw, 640px\" \/><\/figure>\n\n\n\n<figure class=\"wp-block-image size-large\"><img data-recalc-dims=\"1\" loading=\"lazy\" decoding=\"async\" width=\"640\" height=\"426\" data-id=\"2135\" src=\"https:\/\/i0.wp.com\/innoticiasbo.com\/wp-content\/uploads\/2024\/11\/img_9975-1.jpg?resize=640%2C426&#038;ssl=1\" alt=\"\" class=\"wp-image-2135\" srcset=\"https:\/\/i0.wp.com\/innoticiasbo.com\/wp-content\/uploads\/2024\/11\/img_9975-1.jpg?resize=1024%2C682&amp;ssl=1 1024w, https:\/\/i0.wp.com\/innoticiasbo.com\/wp-content\/uploads\/2024\/11\/img_9975-1.jpg?resize=300%2C200&amp;ssl=1 300w, https:\/\/i0.wp.com\/innoticiasbo.com\/wp-content\/uploads\/2024\/11\/img_9975-1.jpg?resize=768%2C512&amp;ssl=1 768w, https:\/\/i0.wp.com\/innoticiasbo.com\/wp-content\/uploads\/2024\/11\/img_9975-1.jpg?resize=600%2C400&amp;ssl=1 600w, https:\/\/i0.wp.com\/innoticiasbo.com\/wp-content\/uploads\/2024\/11\/img_9975-1.jpg?w=1273&amp;ssl=1 1273w\" sizes=\"auto, (max-width: 640px) 100vw, 640px\" \/><\/figure>\n\n\n\n<figure class=\"wp-block-image size-large\"><img data-recalc-dims=\"1\" loading=\"lazy\" decoding=\"async\" width=\"640\" height=\"377\" data-id=\"2134\" src=\"https:\/\/i0.wp.com\/innoticiasbo.com\/wp-content\/uploads\/2024\/11\/img_9973-1.jpg?resize=640%2C377&#038;ssl=1\" alt=\"\" class=\"wp-image-2134\" srcset=\"https:\/\/i0.wp.com\/innoticiasbo.com\/wp-content\/uploads\/2024\/11\/img_9973-1.jpg?resize=1024%2C603&amp;ssl=1 1024w, https:\/\/i0.wp.com\/innoticiasbo.com\/wp-content\/uploads\/2024\/11\/img_9973-1.jpg?resize=300%2C177&amp;ssl=1 300w, https:\/\/i0.wp.com\/innoticiasbo.com\/wp-content\/uploads\/2024\/11\/img_9973-1.jpg?resize=768%2C453&amp;ssl=1 768w, https:\/\/i0.wp.com\/innoticiasbo.com\/wp-content\/uploads\/2024\/11\/img_9973-1.jpg?w=1439&amp;ssl=1 1439w, https:\/\/i0.wp.com\/innoticiasbo.com\/wp-content\/uploads\/2024\/11\/img_9973-1.jpg?w=1280&amp;ssl=1 1280w\" sizes=\"auto, (max-width: 640px) 100vw, 640px\" \/><\/figure>\n<\/figure>\n\n\n\n<p class=\"p1\">\u201cEn el D\u00eda Internacional de la Eliminaci\u00f3n de la Violencia Contra la Mujer, el Ministerio P\u00fablico a trav\u00e9s del Fiscal General del Estado, Roger Mariaca Montenegro, reafirma su firme compromiso con la defensa de los derechos de las mujeres, la erradicaci\u00f3n de toda forma de violencia de g\u00e9nero y la cero tolerancia a la impunidad. Instamos a las instituciones llamadas por ley a fortalecer las campa\u00f1as de prevenci\u00f3n e invitamos a cada mujer que sufre violencia o a quien conozca de ella, denunciar estos hechos ante el Ministerio P\u00fablico\u201d, sostuvo Rocha.<\/p>\n\n\n\n<p class=\"p1\">De acuerdo a la informaci\u00f3n proporcionada por la autoridad, del total de casos registrados a nivel nacional, el departamento con mayor incidencia es Santa Cruz con 15.780 casos, seguido de La Paz con 11.183, Cochabamba 7.033, Tarija 3.044, Potos\u00ed 2.713, Chuquisaca 2.438, Beni 1.532, Oruro 1.174 y Pando 499 hechos de delitos inmersos en la Ley N\u00b0 348.&nbsp;<\/p>\n\n\n\n<p class=\"p1\">De los 45.396 casos, 33.907 corresponden al delito de Violencia Familiar o Dom\u00e9stica, 3.390 Abuso Sexual, 2.813 Violaci\u00f3n, 2.449 Violaci\u00f3n de Infante, Ni\u00f1a, Ni\u00f1o o Adolescente, 1.677 Estupro y 1.160 casos corresponden a otros delitos. Asimismo, Rocha inform\u00f3 que durante el mismo periodo, en la gesti\u00f3n 2023, se registraron 46.511 casos, presentando una leve reducci\u00f3n de hechos de violencia.<\/p>\n\n\n\n<p class=\"p1\">COCHABAMBA El Fiscal Departamental de Cochabamba, Osvaldo Tejerina R\u00edos, junto a servidores p\u00fablicos de la Fiscal\u00eda Especializada en Delitos en Raz\u00f3n de G\u00e9nero participaron hoy de la marcha en conmemoraci\u00f3n al D\u00eda Internacional de Eliminaci\u00f3n contra la Violencia, organizada por la Mesa Departamental Interinstitucional de Lucha Contra la Violencia, que recorri\u00f3 varias calles de la ciudad de Cochabamba, con el objetivo de concientizar a la poblaci\u00f3n sobre el respeto y los derechos de las mujeres.<\/p>\n\n\n\n<p class=\"p1\">Fuente: Prensa Fiscal\u00eda&nbsp;<\/p>\n\n\n\n<p class=\"p1\">#vivirsinviolencia #FGEbolivia #innoticias&nbsp;<\/p>\n","protected":false},"excerpt":{"rendered":"<p>Chuquisaca, 25 de noviembre, 2024.- La Directora de la Fiscal\u00eda Especializada en Delitos en Raz\u00f3n de G\u00e9nero y Juvenil, Alejandra Rocha, inform\u00f3 hoy que del 1 de enero al 24 de noviembre de 2024, se registraron 45.396 casos relacionados con delitos inmersos en la Ley Integral para Garantizar a la Mujeres una Vida Libre de&#8230;<\/p>\n","protected":false},"author":6,"featured_media":2136,"comment_status":"closed","ping_status":"open","sticky":false,"template":"","format":"standard","meta":{"_jetpack_memberships_contains_paid_content":false,"footnotes":"","jetpack_publicize_message":"","jetpack_publicize_feature_enabled":true,"jetpack_social_post_already_shared":true,"jetpack_social_options":{"image_generator_settings":{"template":"highway","enabled":false},"version":2}},"categories":[1],"tags":[],"class_list":["post-2137","post","type-post","status-publish","format-standard","has-post-thumbnail","hentry","category-bolivia"],"jetpack_publicize_connections":[],"yoast_head":"<!-- This site is optimized with the Yoast SEO plugin v23.4 - https:\/\/yoast.com\/wordpress\/plugins\/seo\/ -->\n<title>M\u00c1S DE 45.300 CASOS DE VIOLENCIA FUERON DENUNCIADOS, FISCAL\u00cdA INSTA A FORTALECER LA PREVENCI\u00d3N&nbsp; - innoticiasbo.com<\/title>\n<meta name=\"robots\" content=\"index, follow, max-snippet:-1, max-image-preview:large, max-video-preview:-1\" \/>\n<link rel=\"canonical\" href=\"https:\/\/innoticiasbo.com\/index.php\/2024\/11\/25\/mas-de-45-300-casos-de-violencia-fueron-denunciados-fiscalia-insta-a-fortalecer-la-prevencion\/\" \/>\n<meta property=\"og:locale\" content=\"es_ES\" \/>\n<meta property=\"og:type\" content=\"article\" \/>\n<meta property=\"og:title\" content=\"M\u00c1S DE 45.300 CASOS DE VIOLENCIA FUERON DENUNCIADOS, FISCAL\u00cdA INSTA A FORTALECER LA PREVENCI\u00d3N&nbsp; - innoticiasbo.com\" \/>\n<meta property=\"og:description\" content=\"Chuquisaca, 25 de noviembre, 2024.- La Directora de la Fiscal\u00eda Especializada en Delitos en Raz\u00f3n de G\u00e9nero y Juvenil, Alejandra Rocha, inform\u00f3 hoy que del 1 de enero al 24 de noviembre de 2024, se registraron 45.396 casos relacionados con delitos inmersos en la Ley Integral para Garantizar a la Mujeres una Vida Libre de...\" \/>\n<meta property=\"og:url\" content=\"https:\/\/innoticiasbo.com\/index.php\/2024\/11\/25\/mas-de-45-300-casos-de-violencia-fueron-denunciados-fiscalia-insta-a-fortalecer-la-prevencion\/\" \/>\n<meta property=\"og:site_name\" content=\"innoticiasbo.com\" \/>\n<meta property=\"article:publisher\" content=\"https:\/\/www.facebook.com\/innoticiasbolivia\" \/>\n<meta property=\"article:published_time\" content=\"2024-11-25T21:41:10+00:00\" \/>\n<meta property=\"og:image\" content=\"https:\/\/i0.wp.com\/innoticiasbo.com\/wp-content\/uploads\/2024\/11\/img_9974-2-1.jpg?fit=1056%2C848&ssl=1\" \/>\n\t<meta property=\"og:image:width\" content=\"1056\" \/>\n\t<meta property=\"og:image:height\" content=\"848\" \/>\n\t<meta property=\"og:image:type\" content=\"image\/jpeg\" \/>\n<meta name=\"author\" content=\"Eliza Riva\" \/>\n<meta name=\"twitter:card\" content=\"summary_large_image\" \/>\n<meta name=\"twitter:creator\" content=\"@innoticiasbo\" \/>\n<meta name=\"twitter:site\" content=\"@innoticiasbo\" \/>\n<meta name=\"twitter:label1\" content=\"Escrito por\" \/>\n\t<meta name=\"twitter:data1\" content=\"Eliza Riva\" \/>\n\t<meta name=\"twitter:label2\" content=\"Tiempo de lectura\" \/>\n\t<meta name=\"twitter:data2\" content=\"2 minutos\" \/>\n<script type=\"application\/ld+json\" class=\"yoast-schema-graph\">{\"@context\":\"https:\/\/schema.org\",\"@graph\":[{\"@type\":\"Article\",\"@id\":\"https:\/\/innoticiasbo.com\/index.php\/2024\/11\/25\/mas-de-45-300-casos-de-violencia-fueron-denunciados-fiscalia-insta-a-fortalecer-la-prevencion\/#article\",\"isPartOf\":{\"@id\":\"https:\/\/innoticiasbo.com\/index.php\/2024\/11\/25\/mas-de-45-300-casos-de-violencia-fueron-denunciados-fiscalia-insta-a-fortalecer-la-prevencion\/\"},\"author\":{\"name\":\"Eliza Riva\",\"@id\":\"https:\/\/innoticiasbo.com\/#\/schema\/person\/8c935b6b11c0223d8f77dc01fc948202\"},\"headline\":\"M\u00c1S DE 45.300 CASOS DE VIOLENCIA FUERON DENUNCIADOS, FISCAL\u00cdA INSTA A FORTALECER LA PREVENCI\u00d3N&nbsp;\",\"datePublished\":\"2024-11-25T21:41:10+00:00\",\"dateModified\":\"2024-11-25T21:41:10+00:00\",\"mainEntityOfPage\":{\"@id\":\"https:\/\/innoticiasbo.com\/index.php\/2024\/11\/25\/mas-de-45-300-casos-de-violencia-fueron-denunciados-fiscalia-insta-a-fortalecer-la-prevencion\/\"},\"wordCount\":412,\"publisher\":{\"@id\":\"https:\/\/innoticiasbo.com\/#organization\"},\"image\":{\"@id\":\"https:\/\/innoticiasbo.com\/index.php\/2024\/11\/25\/mas-de-45-300-casos-de-violencia-fueron-denunciados-fiscalia-insta-a-fortalecer-la-prevencion\/#primaryimage\"},\"thumbnailUrl\":\"https:\/\/i0.wp.com\/innoticiasbo.com\/wp-content\/uploads\/2024\/11\/img_9974-2-1.jpg?fit=1056%2C848&ssl=1\",\"articleSection\":[\"Bolivia\"],\"inLanguage\":\"es\"},{\"@type\":\"WebPage\",\"@id\":\"https:\/\/innoticiasbo.com\/index.php\/2024\/11\/25\/mas-de-45-300-casos-de-violencia-fueron-denunciados-fiscalia-insta-a-fortalecer-la-prevencion\/\",\"url\":\"https:\/\/innoticiasbo.com\/index.php\/2024\/11\/25\/mas-de-45-300-casos-de-violencia-fueron-denunciados-fiscalia-insta-a-fortalecer-la-prevencion\/\",\"name\":\"M\u00c1S DE 45.300 CASOS DE VIOLENCIA FUERON DENUNCIADOS, FISCAL\u00cdA INSTA A FORTALECER LA PREVENCI\u00d3N&nbsp; - innoticiasbo.com\",\"isPartOf\":{\"@id\":\"https:\/\/innoticiasbo.com\/#website\"},\"primaryImageOfPage\":{\"@id\":\"https:\/\/innoticiasbo.com\/index.php\/2024\/11\/25\/mas-de-45-300-casos-de-violencia-fueron-denunciados-fiscalia-insta-a-fortalecer-la-prevencion\/#primaryimage\"},\"image\":{\"@id\":\"https:\/\/innoticiasbo.com\/index.php\/2024\/11\/25\/mas-de-45-300-casos-de-violencia-fueron-denunciados-fiscalia-insta-a-fortalecer-la-prevencion\/#primaryimage\"},\"thumbnailUrl\":\"https:\/\/i0.wp.com\/innoticiasbo.com\/wp-content\/uploads\/2024\/11\/img_9974-2-1.jpg?fit=1056%2C848&ssl=1\",\"datePublished\":\"2024-11-25T21:41:10+00:00\",\"dateModified\":\"2024-11-25T21:41:10+00:00\",\"breadcrumb\":{\"@id\":\"https:\/\/innoticiasbo.com\/index.php\/2024\/11\/25\/mas-de-45-300-casos-de-violencia-fueron-denunciados-fiscalia-insta-a-fortalecer-la-prevencion\/#breadcrumb\"},\"inLanguage\":\"es\",\"potentialAction\":[{\"@type\":\"ReadAction\",\"target\":[\"https:\/\/innoticiasbo.com\/index.php\/2024\/11\/25\/mas-de-45-300-casos-de-violencia-fueron-denunciados-fiscalia-insta-a-fortalecer-la-prevencion\/\"]}]},{\"@type\":\"ImageObject\",\"inLanguage\":\"es\",\"@id\":\"https:\/\/innoticiasbo.com\/index.php\/2024\/11\/25\/mas-de-45-300-casos-de-violencia-fueron-denunciados-fiscalia-insta-a-fortalecer-la-prevencion\/#primaryimage\",\"url\":\"https:\/\/i0.wp.com\/innoticiasbo.com\/wp-content\/uploads\/2024\/11\/img_9974-2-1.jpg?fit=1056%2C848&ssl=1\",\"contentUrl\":\"https:\/\/i0.wp.com\/innoticiasbo.com\/wp-content\/uploads\/2024\/11\/img_9974-2-1.jpg?fit=1056%2C848&ssl=1\",\"width\":1056,\"height\":848},{\"@type\":\"BreadcrumbList\",\"@id\":\"https:\/\/innoticiasbo.com\/index.php\/2024\/11\/25\/mas-de-45-300-casos-de-violencia-fueron-denunciados-fiscalia-insta-a-fortalecer-la-prevencion\/#breadcrumb\",\"itemListElement\":[{\"@type\":\"ListItem\",\"position\":1,\"name\":\"Portada\",\"item\":\"https:\/\/innoticiasbo.com\/\"},{\"@type\":\"ListItem\",\"position\":2,\"name\":\"M\u00c1S DE 45.300 CASOS DE VIOLENCIA FUERON DENUNCIADOS, FISCAL\u00cdA INSTA A FORTALECER LA PREVENCI\u00d3N&nbsp;\"}]},{\"@type\":\"WebSite\",\"@id\":\"https:\/\/innoticiasbo.com\/#website\",\"url\":\"https:\/\/innoticiasbo.com\/\",\"name\":\"innoticiasbo.com\",\"description\":\"\",\"publisher\":{\"@id\":\"https:\/\/innoticiasbo.com\/#organization\"},\"potentialAction\":[{\"@type\":\"SearchAction\",\"target\":{\"@type\":\"EntryPoint\",\"urlTemplate\":\"https:\/\/innoticiasbo.com\/?s={search_term_string}\"},\"query-input\":{\"@type\":\"PropertyValueSpecification\",\"valueRequired\":true,\"valueName\":\"search_term_string\"}}],\"inLanguage\":\"es\"},{\"@type\":\"Organization\",\"@id\":\"https:\/\/innoticiasbo.com\/#organization\",\"name\":\"innoticiasbo.com\",\"url\":\"https:\/\/innoticiasbo.com\/\",\"logo\":{\"@type\":\"ImageObject\",\"inLanguage\":\"es\",\"@id\":\"https:\/\/innoticiasbo.com\/#\/schema\/logo\/image\/\",\"url\":\"https:\/\/i0.wp.com\/innoticiasbo.com\/wp-content\/uploads\/2026\/04\/cropped-IN-LOGO.png?fit=1476%2C1476&ssl=1\",\"contentUrl\":\"https:\/\/i0.wp.com\/innoticiasbo.com\/wp-content\/uploads\/2026\/04\/cropped-IN-LOGO.png?fit=1476%2C1476&ssl=1\",\"width\":1476,\"height\":1476,\"caption\":\"innoticiasbo.com\"},\"image\":{\"@id\":\"https:\/\/innoticiasbo.com\/#\/schema\/logo\/image\/\"},\"sameAs\":[\"https:\/\/www.facebook.com\/innoticiasbolivia\",\"https:\/\/x.com\/innoticiasbo\",\"https:\/\/www.instagram.com\/innoticiasbo\",\"https:\/\/www.youtube.com\/innoticiasbo\"]},{\"@type\":\"Person\",\"@id\":\"https:\/\/innoticiasbo.com\/#\/schema\/person\/8c935b6b11c0223d8f77dc01fc948202\",\"name\":\"Eliza Riva\",\"image\":{\"@type\":\"ImageObject\",\"inLanguage\":\"es\",\"@id\":\"https:\/\/innoticiasbo.com\/#\/schema\/person\/image\/\",\"url\":\"https:\/\/secure.gravatar.com\/avatar\/fdc172c2af344133d19e57e4b7acdee4?s=96&d=mm&r=g\",\"contentUrl\":\"https:\/\/secure.gravatar.com\/avatar\/fdc172c2af344133d19e57e4b7acdee4?s=96&d=mm&r=g\",\"caption\":\"Eliza Riva\"},\"sameAs\":[\"http:\/\/www.innoticiasbo.com\"],\"url\":\"https:\/\/innoticiasbo.com\/index.php\/author\/prensa-4\/\"}]}<\/script>\n<!-- \/ Yoast SEO plugin. -->","yoast_head_json":{"title":"M\u00c1S DE 45.300 CASOS DE VIOLENCIA FUERON DENUNCIADOS, FISCAL\u00cdA INSTA A FORTALECER LA PREVENCI\u00d3N&nbsp; - innoticiasbo.com","robots":{"index":"index","follow":"follow","max-snippet":"max-snippet:-1","max-image-preview":"max-image-preview:large","max-video-preview":"max-video-preview:-1"},"canonical":"https:\/\/innoticiasbo.com\/index.php\/2024\/11\/25\/mas-de-45-300-casos-de-violencia-fueron-denunciados-fiscalia-insta-a-fortalecer-la-prevencion\/","og_locale":"es_ES","og_type":"article","og_title":"M\u00c1S DE 45.300 CASOS DE VIOLENCIA FUERON DENUNCIADOS, FISCAL\u00cdA INSTA A FORTALECER LA PREVENCI\u00d3N&nbsp; - innoticiasbo.com","og_description":"Chuquisaca, 25 de noviembre, 2024.- La Directora de la Fiscal\u00eda Especializada en Delitos en Raz\u00f3n de G\u00e9nero y Juvenil, Alejandra Rocha, inform\u00f3 hoy que del 1 de enero al 24 de noviembre de 2024, se registraron 45.396 casos relacionados con delitos inmersos en la Ley Integral para Garantizar a la Mujeres una Vida Libre de...","og_url":"https:\/\/innoticiasbo.com\/index.php\/2024\/11\/25\/mas-de-45-300-casos-de-violencia-fueron-denunciados-fiscalia-insta-a-fortalecer-la-prevencion\/","og_site_name":"innoticiasbo.com","article_publisher":"https:\/\/www.facebook.com\/innoticiasbolivia","article_published_time":"2024-11-25T21:41:10+00:00","og_image":[{"width":1056,"height":848,"url":"https:\/\/i0.wp.com\/innoticiasbo.com\/wp-content\/uploads\/2024\/11\/img_9974-2-1.jpg?fit=1056%2C848&ssl=1","type":"image\/jpeg"}],"author":"Eliza Riva","twitter_card":"summary_large_image","twitter_creator":"@innoticiasbo","twitter_site":"@innoticiasbo","twitter_misc":{"Escrito por":"Eliza Riva","Tiempo de lectura":"2 minutos"},"schema":{"@context":"https:\/\/schema.org","@graph":[{"@type":"Article","@id":"https:\/\/innoticiasbo.com\/index.php\/2024\/11\/25\/mas-de-45-300-casos-de-violencia-fueron-denunciados-fiscalia-insta-a-fortalecer-la-prevencion\/#article","isPartOf":{"@id":"https:\/\/innoticiasbo.com\/index.php\/2024\/11\/25\/mas-de-45-300-casos-de-violencia-fueron-denunciados-fiscalia-insta-a-fortalecer-la-prevencion\/"},"author":{"name":"Eliza Riva","@id":"https:\/\/innoticiasbo.com\/#\/schema\/person\/8c935b6b11c0223d8f77dc01fc948202"},"headline":"M\u00c1S DE 45.300 CASOS DE VIOLENCIA FUERON DENUNCIADOS, FISCAL\u00cdA INSTA A FORTALECER LA PREVENCI\u00d3N&nbsp;","datePublished":"2024-11-25T21:41:10+00:00","dateModified":"2024-11-25T21:41:10+00:00","mainEntityOfPage":{"@id":"https:\/\/innoticiasbo.com\/index.php\/2024\/11\/25\/mas-de-45-300-casos-de-violencia-fueron-denunciados-fiscalia-insta-a-fortalecer-la-prevencion\/"},"wordCount":412,"publisher":{"@id":"https:\/\/innoticiasbo.com\/#organization"},"image":{"@id":"https:\/\/innoticiasbo.com\/index.php\/2024\/11\/25\/mas-de-45-300-casos-de-violencia-fueron-denunciados-fiscalia-insta-a-fortalecer-la-prevencion\/#primaryimage"},"thumbnailUrl":"https:\/\/i0.wp.com\/innoticiasbo.com\/wp-content\/uploads\/2024\/11\/img_9974-2-1.jpg?fit=1056%2C848&ssl=1","articleSection":["Bolivia"],"inLanguage":"es"},{"@type":"WebPage","@id":"https:\/\/innoticiasbo.com\/index.php\/2024\/11\/25\/mas-de-45-300-casos-de-violencia-fueron-denunciados-fiscalia-insta-a-fortalecer-la-prevencion\/","url":"https:\/\/innoticiasbo.com\/index.php\/2024\/11\/25\/mas-de-45-300-casos-de-violencia-fueron-denunciados-fiscalia-insta-a-fortalecer-la-prevencion\/","name":"M\u00c1S DE 45.300 CASOS DE VIOLENCIA FUERON DENUNCIADOS, FISCAL\u00cdA INSTA A FORTALECER LA PREVENCI\u00d3N&nbsp; - innoticiasbo.com","isPartOf":{"@id":"https:\/\/innoticiasbo.com\/#website"},"primaryImageOfPage":{"@id":"https:\/\/innoticiasbo.com\/index.php\/2024\/11\/25\/mas-de-45-300-casos-de-violencia-fueron-denunciados-fiscalia-insta-a-fortalecer-la-prevencion\/#primaryimage"},"image":{"@id":"https:\/\/innoticiasbo.com\/index.php\/2024\/11\/25\/mas-de-45-300-casos-de-violencia-fueron-denunciados-fiscalia-insta-a-fortalecer-la-prevencion\/#primaryimage"},"thumbnailUrl":"https:\/\/i0.wp.com\/innoticiasbo.com\/wp-content\/uploads\/2024\/11\/img_9974-2-1.jpg?fit=1056%2C848&ssl=1","datePublished":"2024-11-25T21:41:10+00:00","dateModified":"2024-11-25T21:41:10+00:00","breadcrumb":{"@id":"https:\/\/innoticiasbo.com\/index.php\/2024\/11\/25\/mas-de-45-300-casos-de-violencia-fueron-denunciados-fiscalia-insta-a-fortalecer-la-prevencion\/#breadcrumb"},"inLanguage":"es","potentialAction":[{"@type":"ReadAction","target":["https:\/\/innoticiasbo.com\/index.php\/2024\/11\/25\/mas-de-45-300-casos-de-violencia-fueron-denunciados-fiscalia-insta-a-fortalecer-la-prevencion\/"]}]},{"@type":"ImageObject","inLanguage":"es","@id":"https:\/\/innoticiasbo.com\/index.php\/2024\/11\/25\/mas-de-45-300-casos-de-violencia-fueron-denunciados-fiscalia-insta-a-fortalecer-la-prevencion\/#primaryimage","url":"https:\/\/i0.wp.com\/innoticiasbo.com\/wp-content\/uploads\/2024\/11\/img_9974-2-1.jpg?fit=1056%2C848&ssl=1","contentUrl":"https:\/\/i0.wp.com\/innoticiasbo.com\/wp-content\/uploads\/2024\/11\/img_9974-2-1.jpg?fit=1056%2C848&ssl=1","width":1056,"height":848},{"@type":"BreadcrumbList","@id":"https:\/\/innoticiasbo.com\/index.php\/2024\/11\/25\/mas-de-45-300-casos-de-violencia-fueron-denunciados-fiscalia-insta-a-fortalecer-la-prevencion\/#breadcrumb","itemListElement":[{"@type":"ListItem","position":1,"name":"Portada","item":"https:\/\/innoticiasbo.com\/"},{"@type":"ListItem","position":2,"name":"M\u00c1S DE 45.300 CASOS DE VIOLENCIA FUERON DENUNCIADOS, FISCAL\u00cdA INSTA A FORTALECER LA PREVENCI\u00d3N&nbsp;"}]},{"@type":"WebSite","@id":"https:\/\/innoticiasbo.com\/#website","url":"https:\/\/innoticiasbo.com\/","name":"innoticiasbo.com","description":"","publisher":{"@id":"https:\/\/innoticiasbo.com\/#organization"},"potentialAction":[{"@type":"SearchAction","target":{"@type":"EntryPoint","urlTemplate":"https:\/\/innoticiasbo.com\/?s={search_term_string}"},"query-input":{"@type":"PropertyValueSpecification","valueRequired":true,"valueName":"search_term_string"}}],"inLanguage":"es"},{"@type":"Organization","@id":"https:\/\/innoticiasbo.com\/#organization","name":"innoticiasbo.com","url":"https:\/\/innoticiasbo.com\/","logo":{"@type":"ImageObject","inLanguage":"es","@id":"https:\/\/innoticiasbo.com\/#\/schema\/logo\/image\/","url":"https:\/\/i0.wp.com\/innoticiasbo.com\/wp-content\/uploads\/2026\/04\/cropped-IN-LOGO.png?fit=1476%2C1476&ssl=1","contentUrl":"https:\/\/i0.wp.com\/innoticiasbo.com\/wp-content\/uploads\/2026\/04\/cropped-IN-LOGO.png?fit=1476%2C1476&ssl=1","width":1476,"height":1476,"caption":"innoticiasbo.com"},"image":{"@id":"https:\/\/innoticiasbo.com\/#\/schema\/logo\/image\/"},"sameAs":["https:\/\/www.facebook.com\/innoticiasbolivia","https:\/\/x.com\/innoticiasbo","https:\/\/www.instagram.com\/innoticiasbo","https:\/\/www.youtube.com\/innoticiasbo"]},{"@type":"Person","@id":"https:\/\/innoticiasbo.com\/#\/schema\/person\/8c935b6b11c0223d8f77dc01fc948202","name":"Eliza Riva","image":{"@type":"ImageObject","inLanguage":"es","@id":"https:\/\/innoticiasbo.com\/#\/schema\/person\/image\/","url":"https:\/\/secure.gravatar.com\/avatar\/fdc172c2af344133d19e57e4b7acdee4?s=96&d=mm&r=g","contentUrl":"https:\/\/secure.gravatar.com\/avatar\/fdc172c2af344133d19e57e4b7acdee4?s=96&d=mm&r=g","caption":"Eliza Riva"},"sameAs":["http:\/\/www.innoticiasbo.com"],"url":"https:\/\/innoticiasbo.com\/index.php\/author\/prensa-4\/"}]}},"jetpack_featured_media_url":"https:\/\/i0.wp.com\/innoticiasbo.com\/wp-content\/uploads\/2024\/11\/img_9974-2-1.jpg?fit=1056%2C848&ssl=1","jetpack_likes_enabled":true,"jetpack_sharing_enabled":true,"jetpack_shortlink":"https:\/\/wp.me\/pg298x-yt","_links":{"self":[{"href":"https:\/\/innoticiasbo.com\/index.php\/wp-json\/wp\/v2\/posts\/2137","targetHints":{"allow":["GET"]}}],"collection":[{"href":"https:\/\/innoticiasbo.com\/index.php\/wp-json\/wp\/v2\/posts"}],"about":[{"href":"https:\/\/innoticiasbo.com\/index.php\/wp-json\/wp\/v2\/types\/post"}],"author":[{"embeddable":true,"href":"https:\/\/innoticiasbo.com\/index.php\/wp-json\/wp\/v2\/users\/6"}],"replies":[{"embeddable":true,"href":"https:\/\/innoticiasbo.com\/index.php\/wp-json\/wp\/v2\/comments?post=2137"}],"version-history":[{"count":1,"href":"https:\/\/innoticiasbo.com\/index.php\/wp-json\/wp\/v2\/posts\/2137\/revisions"}],"predecessor-version":[{"id":2138,"href":"https:\/\/innoticiasbo.com\/index.php\/wp-json\/wp\/v2\/posts\/2137\/revisions\/2138"}],"wp:featuredmedia":[{"embeddable":true,"href":"https:\/\/innoticiasbo.com\/index.php\/wp-json\/wp\/v2\/media\/2136"}],"wp:attachment":[{"href":"https:\/\/innoticiasbo.com\/index.php\/wp-json\/wp\/v2\/media?parent=2137"}],"wp:term":[{"taxonomy":"category","embeddable":true,"href":"https:\/\/innoticiasbo.com\/index.php\/wp-json\/wp\/v2\/categories?post=2137"},{"taxonomy":"post_tag","embeddable":true,"href":"https:\/\/innoticiasbo.com\/index.php\/wp-json\/wp\/v2\/tags?post=2137"}],"curies":[{"name":"wp","href":"https:\/\/api.w.org\/{rel}","templated":true}]}}