{"id":2124,"date":"2024-11-24T14:39:11","date_gmt":"2024-11-24T14:39:11","guid":{"rendered":"https:\/\/innoticiasbo.com\/?p=2124"},"modified":"2024-11-24T14:39:16","modified_gmt":"2024-11-24T14:39:16","slug":"entre-la-paz-navidena-o-la-confrontacion-abierta","status":"publish","type":"post","link":"https:\/\/innoticiasbo.com\/index.php\/2024\/11\/24\/entre-la-paz-navidena-o-la-confrontacion-abierta\/","title":{"rendered":"\u00bfENTRE LA PAZ NAVIDE\u00d1A O LA CONFRONTACI\u00d3N ABIERTA?"},"content":{"rendered":"\n<figure class=\"wp-block-image size-large\"><img data-recalc-dims=\"1\" loading=\"lazy\" decoding=\"async\" width=\"640\" height=\"357\" src=\"https:\/\/i0.wp.com\/innoticiasbo.com\/wp-content\/uploads\/2024\/11\/6_p1_jamessss7870683808172381560.jpg?resize=640%2C357&#038;ssl=1\" alt=\"\" class=\"wp-image-2123\" srcset=\"https:\/\/i0.wp.com\/innoticiasbo.com\/wp-content\/uploads\/2024\/11\/6_p1_jamessss7870683808172381560.jpg?w=770&amp;ssl=1 770w, https:\/\/i0.wp.com\/innoticiasbo.com\/wp-content\/uploads\/2024\/11\/6_p1_jamessss7870683808172381560.jpg?resize=300%2C168&amp;ssl=1 300w, https:\/\/i0.wp.com\/innoticiasbo.com\/wp-content\/uploads\/2024\/11\/6_p1_jamessss7870683808172381560.jpg?resize=768%2C429&amp;ssl=1 768w\" sizes=\"auto, (max-width: 640px) 100vw, 640px\" \/><\/figure>\n\n\n\n<p>Por un par de d\u00edas, Lauca \u00d1, importante centro comercial y pol\u00edtico del Chapare, se ha convertido en la capital del Estado al ser sede del Ampliado Nacional Extraordinario de Emergencia del MAS.<\/p>\n\n\n\n<p><br>De acuerdo a Evo Morales, su presidente vitalicio, alrededor de 1.500 representantes de las organizaciones de ese partido esparcidas por todo el territorio nacional (aunque, seg\u00fan voceros de un grupo desgajado que est\u00e1 atrincherado en la ciudad de La Paz en el denominado rascacielos presidencial, fueron s\u00f3lo \u201calgunos\u201d) en Lauca \u00d1 se da una esperanza para Bolivia, pues \u201cno hay otro movimiento pol\u00edtico que represente a todo el pueblo\u201d.<br>Bajo esa autopercepci\u00f3n, sus dirigentes suscribieron el documento denominado pomposamente \u201cRevoluci\u00f3n dentro de la revoluci\u00f3n para salvar Bolivia\u201d (seguramente inspirados en \u00bfRevoluci\u00f3n en la revoluci\u00f3n?\u201d de Regis Debray, prol\u00edfico escritor expulsado de la nomenclatura cubana).<\/p>\n\n\n\n<p><br>Cual si gozaran de atribuciones concentradas y ser la representaci\u00f3n de la naci\u00f3n, sus firmantes sostienen, por ejemplo, que \u201cEvo Morales sigue siendo legal, leg\u00edtima y constitucionalmente presidente del MAS, en cumplimiento de la Constituci\u00f3n Pol\u00edtica del Estado, el estatuto del MAS y la Ley de Organizaciones Pol\u00edticas. Adem\u00e1s, est\u00e1 habilitado legalmente como candidato presidencial (\u2026)\u201d o que \u201cel MAS reafirma su liderazgo hist\u00f3rico y anuncia una agenda de movilizaci\u00f3n que buscar\u00e1 posicionarse como la principal alternativa pol\u00edtica en el contexto de crisis actual\u201d.<\/p>\n\n\n\n<p><br>Aseguran que el pa\u00eds vive en un \u201cestado de sitio de facto\u201d y la \u201cdesinstitucionalizaci\u00f3n\u201d de los \u00f3rganos del Estado (\u00a1qui\u00e9nes lo dicen!) y piden que las organizaciones internacionales de defensa de los derechos humanos verifiquen las violaciones a derechos humanos en el pa\u00eds y exijan garant\u00edas para los dirigentes en protesta. M\u00e1s a\u00fan, olvidando sus 14 a\u00f1os de administrar el Estado, denuncian y protestan por la injerencia pol\u00edtica en el Tribunal Supremo Electoral y la \u201cautoprorrogaci\u00f3n ilegal\u201d de magistrados.<br>De acuerdo a una cr\u00f3nica, el expresidente fugado pidi\u00f3 incluir en el documento\/sentencia rechazar las pol\u00edticas econ\u00f3micas actuales porque favorecer\u00edan un retorno al neoliberalismo, cuestionar los decretos que promueven la importaci\u00f3n de alimentos y combustibles y solicitar al Gobierno condonar intereses y otorgar facilidades a m\u00e1s de 1,5 millones de prestatarios afectados por la crisis econ\u00f3mica.<br>Por \u00faltimo, han decidido organizar una nueva marcha hacia La Paz, \u201cpara exigir la libertad de m\u00e1s de 100 detenidos, considerados presos pol\u00edticos\u201d.<\/p>\n\n\n\n<p><br>Mientras esto suced\u00eda en Lauca \u00d1, los opositores al proyecto del MAS disputaban liderazgo no sobre propuestas frente a la compleja realidad nacional, sino sobre encuestas electorales que se hacen en tiempos no electorales y en las que s\u00f3lo conf\u00edan los que salen con guarismos que les convienen dejando incluso abandonados, con m\u00e1s precisi\u00f3n, abandonadas a parlamentarias de sus sectores que le meten empe\u00f1o en la Asamblea Legislativa, tratando de recuperar, incluso a patadas, valga la paradoja, ese espacio creado para el debate pol\u00edtico democr\u00e1tico.<br>Peor a\u00fan, en ese escenario opositor de privilegiar encuestas (fotograf\u00edas) aparece un adinerado ciudadano, due\u00f1o de un club deportivo, que se ofrece a financiar \u201cla\u201d encuesta para encontrar al m\u00e1s popular opositor, ungirlo como candidato y garantizarse una cercan\u00eda \u2026. con el poder los pr\u00f3ximos cinco a\u00f1os.<\/p>\n\n\n\n<p>Y ya de Ripley, quien funge de Ministro de Hidrocarburos ha ofrecido sacar, desde ayer, s\u00e1bado 23 de noviembre, \u201c3,5 millones de litros de di\u00e9sel al d\u00eda, lo que es superior a la demanda, y con ello pretendemos inundar el mercado y hacer desaparecer las filas\u201d a casi un a\u00f1o de problemas de suministro de di\u00e9sel, agravados peligrosamente los \u00faltimos dos meses.<br>Felizmente se acerca Navidad, lo que podr\u00eda ayudar a reducir las tensiones, incluso a que desde la capital de facto del pa\u00eds se suspendan marchas hasta el nuevo a\u00f1o; que los opositores se metan en seminarios; el multimillonario financista electoral pase a revisar sus balances anuales; los ocupantes del mencionado rascacielos presidencial cumplan su promesa de normalizar la venta de carburantes.<br>\u201c\u00bfQu\u00e9 ser\u00e1, ser\u00e1?\u201d.<\/p>\n\n\n\n<p><br>Juan Crist\u00f3bal Soruco es periodista.<br>Por un par de d\u00edas, Lauca \u00d1, importante centro comercial y pol\u00edtico del Chapare, se ha convertido en la capital del Estado al ser sede del Ampliado Nacional Extraordinario de Emergencia del MAS.<br>De acuerdo a Evo Morales, su presidente vitalicio, alrededor de 1.500 representantes de las organizaciones de ese partido esparcidas por todo el territorio nacional (aunque, seg\u00fan voceros de un grupo desgajado que est\u00e1 atrincherado en la ciudad de La Paz en el denominado rascacielos presidencial, fueron s\u00f3lo \u201calgunos\u201d) en Lauca \u00d1 se da una esperanza para Bolivia, pues \u201cno hay otro movimiento pol\u00edtico que represente a todo el pueblo\u201d.<br>Bajo esa autopercepci\u00f3n, sus dirigentes suscribieron el documento denominado pomposamente \u201cRevoluci\u00f3n dentro de la revoluci\u00f3n para salvar Bolivia\u201d (seguramente inspirados en \u00bfRevoluci\u00f3n en la revoluci\u00f3n?\u201d de Regis Debray, prol\u00edfico escritor expulsado de la nomenclatura cubana).<br>Cual si gozaran de atribuciones concentradas y ser la representaci\u00f3n de la naci\u00f3n, sus firmantes sostienen, por ejemplo, que \u201cEvo Morales sigue siendo legal, leg\u00edtima y constitucionalmente presidente del MAS, en cumplimiento de la Constituci\u00f3n Pol\u00edtica del Estado, el estatuto del MAS y la Ley de Organizaciones Pol\u00edticas. Adem\u00e1s, est\u00e1 habilitado legalmente como candidato presidencial (\u2026)\u201d o que \u201cel MAS reafirma su liderazgo hist\u00f3rico y anuncia una agenda de movilizaci\u00f3n que buscar\u00e1 posicionarse como la principal alternativa pol\u00edtica en el contexto de crisis actual\u201d.<\/p>\n\n\n\n<p><br>Aseguran que el pa\u00eds vive en un \u201cestado de sitio de facto\u201d y la \u201cdesinstitucionalizaci\u00f3n\u201d de los \u00f3rganos del Estado (\u00a1qui\u00e9nes lo dicen!) y piden que las organizaciones internacionales de defensa de los derechos humanos verifiquen las violaciones a derechos humanos en el pa\u00eds y exijan garant\u00edas para los dirigentes en protesta. M\u00e1s a\u00fan, olvidando sus 14 a\u00f1os de administrar el Estado, denuncian y protestan por la injerencia pol\u00edtica en el Tribunal Supremo Electoral y la \u201cautoprorrogaci\u00f3n ilegal\u201d de magistrados.<br>De acuerdo a una cr\u00f3nica, el expresidente fugado pidi\u00f3 incluir en el documento\/sentencia rechazar las pol\u00edticas econ\u00f3micas actuales porque favorecer\u00edan un retorno al neoliberalismo, cuestionar los decretos que promueven la importaci\u00f3n de alimentos y combustibles y solicitar al Gobierno condonar intereses y otorgar facilidades a m\u00e1s de 1,5 millones de prestatarios afectados por la crisis econ\u00f3mica.<br>Por \u00faltimo, han decidido organizar una nueva marcha hacia La Paz, \u201cpara exigir la libertad de m\u00e1s de 100 detenidos, considerados presos pol\u00edticos\u201d.<\/p>\n\n\n\n<p><br>Mientras esto suced\u00eda en Lauca \u00d1, los opositores al proyecto del MAS disputaban liderazgo no sobre propuestas frente a la compleja realidad nacional, sino sobre encuestas electorales que se hacen en tiempos no electorales y en las que s\u00f3lo conf\u00edan los que salen con guarismos que les convienen dejando incluso abandonados, con m\u00e1s precisi\u00f3n, abandonadas a parlamentarias de sus sectores que le meten empe\u00f1o en la Asamblea Legislativa, tratando de recuperar, incluso a patadas, valga la paradoja, ese espacio creado para el debate pol\u00edtico democr\u00e1tico.<br>Peor a\u00fan, en ese escenario opositor de privilegiar encuestas (fotograf\u00edas) aparece un adinerado ciudadano, due\u00f1o de un club deportivo, que se ofrece a financiar \u201cla\u201d encuesta para encontrar al m\u00e1s popular opositor, ungirlo como candidato y garantizarse una cercan\u00eda \u2026. con el poder los pr\u00f3ximos cinco a\u00f1os.<\/p>\n\n\n\n<p>Y ya de Ripley, quien funge de Ministro de Hidrocarburos ha ofrecido sacar, desde ayer, s\u00e1bado 23 de noviembre, \u201c3,5 millones de litros de di\u00e9sel al d\u00eda, lo que es superior a la demanda, y con ello pretendemos inundar el mercado y hacer desaparecer las filas\u201d a casi un a\u00f1o de problemas de suministro de di\u00e9sel, agravados peligrosamente los \u00faltimos dos meses.<br>Felizmente se acerca Navidad, lo que podr\u00eda ayudar a reducir las tensiones, incluso a que desde la capital de facto del pa\u00eds se suspendan marchas hasta el nuevo a\u00f1o; que los opositores se metan en seminarios; el multimillonario financista electoral pase a revisar sus balances anuales; los ocupantes del mencionado rascacielos presidencial cumplan su promesa de normalizar la venta de carburantes.<br>\u201c\u00bfQu\u00e9 ser\u00e1, ser\u00e1?\u201d.<\/p>\n\n\n\n<p><br>Juan Crist\u00f3bal Soruco es periodista.<\/p>\n","protected":false},"excerpt":{"rendered":"<p>Por un par de d\u00edas, Lauca \u00d1, importante centro comercial y pol\u00edtico del Chapare, se ha convertido en la capital del Estado al ser sede del Ampliado Nacional Extraordinario de Emergencia del MAS. De acuerdo a Evo Morales, su presidente vitalicio, alrededor de 1.500 representantes de las organizaciones de ese partido esparcidas por todo el&#8230;<\/p>\n","protected":false},"author":2,"featured_media":0,"comment_status":"open","ping_status":"open","sticky":false,"template":"","format":"standard","meta":{"_jetpack_memberships_contains_paid_content":false,"footnotes":"","jetpack_publicize_message":"","jetpack_publicize_feature_enabled":true,"jetpack_social_post_already_shared":true,"jetpack_social_options":{"image_generator_settings":{"template":"highway","enabled":false},"version":2}},"categories":[1],"tags":[],"class_list":["post-2124","post","type-post","status-publish","format-standard","hentry","category-bolivia"],"jetpack_publicize_connections":[],"yoast_head":"<!-- This site is optimized with the Yoast SEO plugin v23.4 - https:\/\/yoast.com\/wordpress\/plugins\/seo\/ -->\n<title>\u00bfENTRE LA PAZ NAVIDE\u00d1A O LA CONFRONTACI\u00d3N ABIERTA? - innoticiasbo.com<\/title>\n<meta name=\"robots\" content=\"index, follow, max-snippet:-1, max-image-preview:large, max-video-preview:-1\" \/>\n<link rel=\"canonical\" href=\"https:\/\/innoticiasbo.com\/index.php\/2024\/11\/24\/entre-la-paz-navidena-o-la-confrontacion-abierta\/\" \/>\n<meta property=\"og:locale\" content=\"es_ES\" \/>\n<meta property=\"og:type\" content=\"article\" \/>\n<meta property=\"og:title\" content=\"\u00bfENTRE LA PAZ NAVIDE\u00d1A O LA CONFRONTACI\u00d3N ABIERTA? - innoticiasbo.com\" \/>\n<meta property=\"og:description\" content=\"Por un par de d\u00edas, Lauca \u00d1, importante centro comercial y pol\u00edtico del Chapare, se ha convertido en la capital del Estado al ser sede del Ampliado Nacional Extraordinario de Emergencia del MAS. De acuerdo a Evo Morales, su presidente vitalicio, alrededor de 1.500 representantes de las organizaciones de ese partido esparcidas por todo el...\" \/>\n<meta property=\"og:url\" content=\"https:\/\/innoticiasbo.com\/index.php\/2024\/11\/24\/entre-la-paz-navidena-o-la-confrontacion-abierta\/\" \/>\n<meta property=\"og:site_name\" content=\"innoticiasbo.com\" \/>\n<meta property=\"article:publisher\" content=\"https:\/\/www.facebook.com\/innoticiasbolivia\" \/>\n<meta property=\"article:published_time\" content=\"2024-11-24T14:39:11+00:00\" \/>\n<meta property=\"article:modified_time\" content=\"2024-11-24T14:39:16+00:00\" \/>\n<meta property=\"og:image\" content=\"https:\/\/innoticiasbo.com\/wp-content\/uploads\/2024\/11\/6_p1_jamessss7870683808172381560.jpg\" \/>\n<meta name=\"author\" content=\"Prensa\" \/>\n<meta name=\"twitter:card\" content=\"summary_large_image\" \/>\n<meta name=\"twitter:creator\" content=\"@innoticiasbo\" \/>\n<meta name=\"twitter:site\" content=\"@innoticiasbo\" \/>\n<meta name=\"twitter:label1\" content=\"Escrito por\" \/>\n\t<meta name=\"twitter:data1\" content=\"Prensa\" \/>\n\t<meta name=\"twitter:label2\" content=\"Tiempo de lectura\" \/>\n\t<meta name=\"twitter:data2\" content=\"7 minutos\" \/>\n<script type=\"application\/ld+json\" class=\"yoast-schema-graph\">{\"@context\":\"https:\/\/schema.org\",\"@graph\":[{\"@type\":\"Article\",\"@id\":\"https:\/\/innoticiasbo.com\/index.php\/2024\/11\/24\/entre-la-paz-navidena-o-la-confrontacion-abierta\/#article\",\"isPartOf\":{\"@id\":\"https:\/\/innoticiasbo.com\/index.php\/2024\/11\/24\/entre-la-paz-navidena-o-la-confrontacion-abierta\/\"},\"author\":{\"name\":\"Prensa\",\"@id\":\"https:\/\/innoticiasbo.com\/#\/schema\/person\/589cd527c4211df1b943bdad85ec07ce\"},\"headline\":\"\u00bfENTRE LA PAZ NAVIDE\u00d1A O LA CONFRONTACI\u00d3N ABIERTA?\",\"datePublished\":\"2024-11-24T14:39:11+00:00\",\"dateModified\":\"2024-11-24T14:39:16+00:00\",\"mainEntityOfPage\":{\"@id\":\"https:\/\/innoticiasbo.com\/index.php\/2024\/11\/24\/entre-la-paz-navidena-o-la-confrontacion-abierta\/\"},\"wordCount\":1404,\"commentCount\":0,\"publisher\":{\"@id\":\"https:\/\/innoticiasbo.com\/#organization\"},\"image\":{\"@id\":\"https:\/\/innoticiasbo.com\/index.php\/2024\/11\/24\/entre-la-paz-navidena-o-la-confrontacion-abierta\/#primaryimage\"},\"thumbnailUrl\":\"https:\/\/innoticiasbo.com\/wp-content\/uploads\/2024\/11\/6_p1_jamessss7870683808172381560.jpg\",\"articleSection\":[\"Bolivia\"],\"inLanguage\":\"es\",\"potentialAction\":[{\"@type\":\"CommentAction\",\"name\":\"Comment\",\"target\":[\"https:\/\/innoticiasbo.com\/index.php\/2024\/11\/24\/entre-la-paz-navidena-o-la-confrontacion-abierta\/#respond\"]}]},{\"@type\":\"WebPage\",\"@id\":\"https:\/\/innoticiasbo.com\/index.php\/2024\/11\/24\/entre-la-paz-navidena-o-la-confrontacion-abierta\/\",\"url\":\"https:\/\/innoticiasbo.com\/index.php\/2024\/11\/24\/entre-la-paz-navidena-o-la-confrontacion-abierta\/\",\"name\":\"\u00bfENTRE LA PAZ NAVIDE\u00d1A O LA CONFRONTACI\u00d3N ABIERTA? - innoticiasbo.com\",\"isPartOf\":{\"@id\":\"https:\/\/innoticiasbo.com\/#website\"},\"primaryImageOfPage\":{\"@id\":\"https:\/\/innoticiasbo.com\/index.php\/2024\/11\/24\/entre-la-paz-navidena-o-la-confrontacion-abierta\/#primaryimage\"},\"image\":{\"@id\":\"https:\/\/innoticiasbo.com\/index.php\/2024\/11\/24\/entre-la-paz-navidena-o-la-confrontacion-abierta\/#primaryimage\"},\"thumbnailUrl\":\"https:\/\/innoticiasbo.com\/wp-content\/uploads\/2024\/11\/6_p1_jamessss7870683808172381560.jpg\",\"datePublished\":\"2024-11-24T14:39:11+00:00\",\"dateModified\":\"2024-11-24T14:39:16+00:00\",\"breadcrumb\":{\"@id\":\"https:\/\/innoticiasbo.com\/index.php\/2024\/11\/24\/entre-la-paz-navidena-o-la-confrontacion-abierta\/#breadcrumb\"},\"inLanguage\":\"es\",\"potentialAction\":[{\"@type\":\"ReadAction\",\"target\":[\"https:\/\/innoticiasbo.com\/index.php\/2024\/11\/24\/entre-la-paz-navidena-o-la-confrontacion-abierta\/\"]}]},{\"@type\":\"ImageObject\",\"inLanguage\":\"es\",\"@id\":\"https:\/\/innoticiasbo.com\/index.php\/2024\/11\/24\/entre-la-paz-navidena-o-la-confrontacion-abierta\/#primaryimage\",\"url\":\"https:\/\/i0.wp.com\/innoticiasbo.com\/wp-content\/uploads\/2024\/11\/6_p1_jamessss7870683808172381560.jpg?fit=770%2C430&ssl=1\",\"contentUrl\":\"https:\/\/i0.wp.com\/innoticiasbo.com\/wp-content\/uploads\/2024\/11\/6_p1_jamessss7870683808172381560.jpg?fit=770%2C430&ssl=1\",\"width\":770,\"height\":430},{\"@type\":\"BreadcrumbList\",\"@id\":\"https:\/\/innoticiasbo.com\/index.php\/2024\/11\/24\/entre-la-paz-navidena-o-la-confrontacion-abierta\/#breadcrumb\",\"itemListElement\":[{\"@type\":\"ListItem\",\"position\":1,\"name\":\"Portada\",\"item\":\"https:\/\/innoticiasbo.com\/\"},{\"@type\":\"ListItem\",\"position\":2,\"name\":\"\u00bfENTRE LA PAZ NAVIDE\u00d1A O LA CONFRONTACI\u00d3N ABIERTA?\"}]},{\"@type\":\"WebSite\",\"@id\":\"https:\/\/innoticiasbo.com\/#website\",\"url\":\"https:\/\/innoticiasbo.com\/\",\"name\":\"innoticiasbo.com\",\"description\":\"\",\"publisher\":{\"@id\":\"https:\/\/innoticiasbo.com\/#organization\"},\"potentialAction\":[{\"@type\":\"SearchAction\",\"target\":{\"@type\":\"EntryPoint\",\"urlTemplate\":\"https:\/\/innoticiasbo.com\/?s={search_term_string}\"},\"query-input\":{\"@type\":\"PropertyValueSpecification\",\"valueRequired\":true,\"valueName\":\"search_term_string\"}}],\"inLanguage\":\"es\"},{\"@type\":\"Organization\",\"@id\":\"https:\/\/innoticiasbo.com\/#organization\",\"name\":\"innoticiasbo.com\",\"url\":\"https:\/\/innoticiasbo.com\/\",\"logo\":{\"@type\":\"ImageObject\",\"inLanguage\":\"es\",\"@id\":\"https:\/\/innoticiasbo.com\/#\/schema\/logo\/image\/\",\"url\":\"https:\/\/i0.wp.com\/innoticiasbo.com\/wp-content\/uploads\/2026\/04\/cropped-IN-LOGO.png?fit=1476%2C1476&ssl=1\",\"contentUrl\":\"https:\/\/i0.wp.com\/innoticiasbo.com\/wp-content\/uploads\/2026\/04\/cropped-IN-LOGO.png?fit=1476%2C1476&ssl=1\",\"width\":1476,\"height\":1476,\"caption\":\"innoticiasbo.com\"},\"image\":{\"@id\":\"https:\/\/innoticiasbo.com\/#\/schema\/logo\/image\/\"},\"sameAs\":[\"https:\/\/www.facebook.com\/innoticiasbolivia\",\"https:\/\/x.com\/innoticiasbo\",\"https:\/\/www.instagram.com\/innoticiasbo\",\"https:\/\/www.youtube.com\/innoticiasbo\"]},{\"@type\":\"Person\",\"@id\":\"https:\/\/innoticiasbo.com\/#\/schema\/person\/589cd527c4211df1b943bdad85ec07ce\",\"name\":\"Prensa\",\"image\":{\"@type\":\"ImageObject\",\"inLanguage\":\"es\",\"@id\":\"https:\/\/innoticiasbo.com\/#\/schema\/person\/image\/\",\"url\":\"https:\/\/secure.gravatar.com\/avatar\/d359bbdf112023c1c0a3ec7fe1600657?s=96&d=mm&r=g\",\"contentUrl\":\"https:\/\/secure.gravatar.com\/avatar\/d359bbdf112023c1c0a3ec7fe1600657?s=96&d=mm&r=g\",\"caption\":\"Prensa\"},\"sameAs\":[\"http:\/\/www.innoticiasbo.com\"],\"url\":\"https:\/\/innoticiasbo.com\/index.php\/author\/prensa\/\"}]}<\/script>\n<!-- \/ Yoast SEO plugin. -->","yoast_head_json":{"title":"\u00bfENTRE LA PAZ NAVIDE\u00d1A O LA CONFRONTACI\u00d3N ABIERTA? - innoticiasbo.com","robots":{"index":"index","follow":"follow","max-snippet":"max-snippet:-1","max-image-preview":"max-image-preview:large","max-video-preview":"max-video-preview:-1"},"canonical":"https:\/\/innoticiasbo.com\/index.php\/2024\/11\/24\/entre-la-paz-navidena-o-la-confrontacion-abierta\/","og_locale":"es_ES","og_type":"article","og_title":"\u00bfENTRE LA PAZ NAVIDE\u00d1A O LA CONFRONTACI\u00d3N ABIERTA? - innoticiasbo.com","og_description":"Por un par de d\u00edas, Lauca \u00d1, importante centro comercial y pol\u00edtico del Chapare, se ha convertido en la capital del Estado al ser sede del Ampliado Nacional Extraordinario de Emergencia del MAS. De acuerdo a Evo Morales, su presidente vitalicio, alrededor de 1.500 representantes de las organizaciones de ese partido esparcidas por todo el...","og_url":"https:\/\/innoticiasbo.com\/index.php\/2024\/11\/24\/entre-la-paz-navidena-o-la-confrontacion-abierta\/","og_site_name":"innoticiasbo.com","article_publisher":"https:\/\/www.facebook.com\/innoticiasbolivia","article_published_time":"2024-11-24T14:39:11+00:00","article_modified_time":"2024-11-24T14:39:16+00:00","og_image":[{"url":"https:\/\/innoticiasbo.com\/wp-content\/uploads\/2024\/11\/6_p1_jamessss7870683808172381560.jpg"}],"author":"Prensa","twitter_card":"summary_large_image","twitter_creator":"@innoticiasbo","twitter_site":"@innoticiasbo","twitter_misc":{"Escrito por":"Prensa","Tiempo de lectura":"7 minutos"},"schema":{"@context":"https:\/\/schema.org","@graph":[{"@type":"Article","@id":"https:\/\/innoticiasbo.com\/index.php\/2024\/11\/24\/entre-la-paz-navidena-o-la-confrontacion-abierta\/#article","isPartOf":{"@id":"https:\/\/innoticiasbo.com\/index.php\/2024\/11\/24\/entre-la-paz-navidena-o-la-confrontacion-abierta\/"},"author":{"name":"Prensa","@id":"https:\/\/innoticiasbo.com\/#\/schema\/person\/589cd527c4211df1b943bdad85ec07ce"},"headline":"\u00bfENTRE LA PAZ NAVIDE\u00d1A O LA CONFRONTACI\u00d3N ABIERTA?","datePublished":"2024-11-24T14:39:11+00:00","dateModified":"2024-11-24T14:39:16+00:00","mainEntityOfPage":{"@id":"https:\/\/innoticiasbo.com\/index.php\/2024\/11\/24\/entre-la-paz-navidena-o-la-confrontacion-abierta\/"},"wordCount":1404,"commentCount":0,"publisher":{"@id":"https:\/\/innoticiasbo.com\/#organization"},"image":{"@id":"https:\/\/innoticiasbo.com\/index.php\/2024\/11\/24\/entre-la-paz-navidena-o-la-confrontacion-abierta\/#primaryimage"},"thumbnailUrl":"https:\/\/innoticiasbo.com\/wp-content\/uploads\/2024\/11\/6_p1_jamessss7870683808172381560.jpg","articleSection":["Bolivia"],"inLanguage":"es","potentialAction":[{"@type":"CommentAction","name":"Comment","target":["https:\/\/innoticiasbo.com\/index.php\/2024\/11\/24\/entre-la-paz-navidena-o-la-confrontacion-abierta\/#respond"]}]},{"@type":"WebPage","@id":"https:\/\/innoticiasbo.com\/index.php\/2024\/11\/24\/entre-la-paz-navidena-o-la-confrontacion-abierta\/","url":"https:\/\/innoticiasbo.com\/index.php\/2024\/11\/24\/entre-la-paz-navidena-o-la-confrontacion-abierta\/","name":"\u00bfENTRE LA PAZ NAVIDE\u00d1A O LA CONFRONTACI\u00d3N ABIERTA? - innoticiasbo.com","isPartOf":{"@id":"https:\/\/innoticiasbo.com\/#website"},"primaryImageOfPage":{"@id":"https:\/\/innoticiasbo.com\/index.php\/2024\/11\/24\/entre-la-paz-navidena-o-la-confrontacion-abierta\/#primaryimage"},"image":{"@id":"https:\/\/innoticiasbo.com\/index.php\/2024\/11\/24\/entre-la-paz-navidena-o-la-confrontacion-abierta\/#primaryimage"},"thumbnailUrl":"https:\/\/innoticiasbo.com\/wp-content\/uploads\/2024\/11\/6_p1_jamessss7870683808172381560.jpg","datePublished":"2024-11-24T14:39:11+00:00","dateModified":"2024-11-24T14:39:16+00:00","breadcrumb":{"@id":"https:\/\/innoticiasbo.com\/index.php\/2024\/11\/24\/entre-la-paz-navidena-o-la-confrontacion-abierta\/#breadcrumb"},"inLanguage":"es","potentialAction":[{"@type":"ReadAction","target":["https:\/\/innoticiasbo.com\/index.php\/2024\/11\/24\/entre-la-paz-navidena-o-la-confrontacion-abierta\/"]}]},{"@type":"ImageObject","inLanguage":"es","@id":"https:\/\/innoticiasbo.com\/index.php\/2024\/11\/24\/entre-la-paz-navidena-o-la-confrontacion-abierta\/#primaryimage","url":"https:\/\/i0.wp.com\/innoticiasbo.com\/wp-content\/uploads\/2024\/11\/6_p1_jamessss7870683808172381560.jpg?fit=770%2C430&ssl=1","contentUrl":"https:\/\/i0.wp.com\/innoticiasbo.com\/wp-content\/uploads\/2024\/11\/6_p1_jamessss7870683808172381560.jpg?fit=770%2C430&ssl=1","width":770,"height":430},{"@type":"BreadcrumbList","@id":"https:\/\/innoticiasbo.com\/index.php\/2024\/11\/24\/entre-la-paz-navidena-o-la-confrontacion-abierta\/#breadcrumb","itemListElement":[{"@type":"ListItem","position":1,"name":"Portada","item":"https:\/\/innoticiasbo.com\/"},{"@type":"ListItem","position":2,"name":"\u00bfENTRE LA PAZ NAVIDE\u00d1A O LA CONFRONTACI\u00d3N ABIERTA?"}]},{"@type":"WebSite","@id":"https:\/\/innoticiasbo.com\/#website","url":"https:\/\/innoticiasbo.com\/","name":"innoticiasbo.com","description":"","publisher":{"@id":"https:\/\/innoticiasbo.com\/#organization"},"potentialAction":[{"@type":"SearchAction","target":{"@type":"EntryPoint","urlTemplate":"https:\/\/innoticiasbo.com\/?s={search_term_string}"},"query-input":{"@type":"PropertyValueSpecification","valueRequired":true,"valueName":"search_term_string"}}],"inLanguage":"es"},{"@type":"Organization","@id":"https:\/\/innoticiasbo.com\/#organization","name":"innoticiasbo.com","url":"https:\/\/innoticiasbo.com\/","logo":{"@type":"ImageObject","inLanguage":"es","@id":"https:\/\/innoticiasbo.com\/#\/schema\/logo\/image\/","url":"https:\/\/i0.wp.com\/innoticiasbo.com\/wp-content\/uploads\/2026\/04\/cropped-IN-LOGO.png?fit=1476%2C1476&ssl=1","contentUrl":"https:\/\/i0.wp.com\/innoticiasbo.com\/wp-content\/uploads\/2026\/04\/cropped-IN-LOGO.png?fit=1476%2C1476&ssl=1","width":1476,"height":1476,"caption":"innoticiasbo.com"},"image":{"@id":"https:\/\/innoticiasbo.com\/#\/schema\/logo\/image\/"},"sameAs":["https:\/\/www.facebook.com\/innoticiasbolivia","https:\/\/x.com\/innoticiasbo","https:\/\/www.instagram.com\/innoticiasbo","https:\/\/www.youtube.com\/innoticiasbo"]},{"@type":"Person","@id":"https:\/\/innoticiasbo.com\/#\/schema\/person\/589cd527c4211df1b943bdad85ec07ce","name":"Prensa","image":{"@type":"ImageObject","inLanguage":"es","@id":"https:\/\/innoticiasbo.com\/#\/schema\/person\/image\/","url":"https:\/\/secure.gravatar.com\/avatar\/d359bbdf112023c1c0a3ec7fe1600657?s=96&d=mm&r=g","contentUrl":"https:\/\/secure.gravatar.com\/avatar\/d359bbdf112023c1c0a3ec7fe1600657?s=96&d=mm&r=g","caption":"Prensa"},"sameAs":["http:\/\/www.innoticiasbo.com"],"url":"https:\/\/innoticiasbo.com\/index.php\/author\/prensa\/"}]}},"jetpack_featured_media_url":"","jetpack_likes_enabled":true,"jetpack_sharing_enabled":true,"jetpack_shortlink":"https:\/\/wp.me\/pg298x-yg","_links":{"self":[{"href":"https:\/\/innoticiasbo.com\/index.php\/wp-json\/wp\/v2\/posts\/2124","targetHints":{"allow":["GET"]}}],"collection":[{"href":"https:\/\/innoticiasbo.com\/index.php\/wp-json\/wp\/v2\/posts"}],"about":[{"href":"https:\/\/innoticiasbo.com\/index.php\/wp-json\/wp\/v2\/types\/post"}],"author":[{"embeddable":true,"href":"https:\/\/innoticiasbo.com\/index.php\/wp-json\/wp\/v2\/users\/2"}],"replies":[{"embeddable":true,"href":"https:\/\/innoticiasbo.com\/index.php\/wp-json\/wp\/v2\/comments?post=2124"}],"version-history":[{"count":1,"href":"https:\/\/innoticiasbo.com\/index.php\/wp-json\/wp\/v2\/posts\/2124\/revisions"}],"predecessor-version":[{"id":2125,"href":"https:\/\/innoticiasbo.com\/index.php\/wp-json\/wp\/v2\/posts\/2124\/revisions\/2125"}],"wp:attachment":[{"href":"https:\/\/innoticiasbo.com\/index.php\/wp-json\/wp\/v2\/media?parent=2124"}],"wp:term":[{"taxonomy":"category","embeddable":true,"href":"https:\/\/innoticiasbo.com\/index.php\/wp-json\/wp\/v2\/categories?post=2124"},{"taxonomy":"post_tag","embeddable":true,"href":"https:\/\/innoticiasbo.com\/index.php\/wp-json\/wp\/v2\/tags?post=2124"}],"curies":[{"name":"wp","href":"https:\/\/api.w.org\/{rel}","templated":true}]}}