{"id":2121,"date":"2024-11-24T14:37:20","date_gmt":"2024-11-24T14:37:20","guid":{"rendered":"https:\/\/innoticiasbo.com\/?p=2121"},"modified":"2024-11-24T16:06:15","modified_gmt":"2024-11-24T16:06:15","slug":"negando-culpas","status":"publish","type":"post","link":"https:\/\/innoticiasbo.com\/index.php\/2024\/11\/24\/negando-culpas\/","title":{"rendered":"NEGANDO CULPAS"},"content":{"rendered":"\n<p><br \/><\/p>\n\n\n\n<figure class=\"wp-block-image size-large\"><img data-recalc-dims=\"1\" loading=\"lazy\" decoding=\"async\" width=\"640\" height=\"370\" src=\"https:\/\/i0.wp.com\/innoticiasbo.com\/wp-content\/uploads\/2024\/11\/screenshot_20241124_105047_capcut7723192215846914446.jpg?resize=640%2C370&#038;ssl=1\" alt=\"\" class=\"wp-image-2126\" srcset=\"https:\/\/i0.wp.com\/innoticiasbo.com\/wp-content\/uploads\/2024\/11\/screenshot_20241124_105047_capcut7723192215846914446.jpg?resize=1024%2C592&amp;ssl=1 1024w, https:\/\/i0.wp.com\/innoticiasbo.com\/wp-content\/uploads\/2024\/11\/screenshot_20241124_105047_capcut7723192215846914446.jpg?resize=300%2C173&amp;ssl=1 300w, https:\/\/i0.wp.com\/innoticiasbo.com\/wp-content\/uploads\/2024\/11\/screenshot_20241124_105047_capcut7723192215846914446.jpg?resize=768%2C444&amp;ssl=1 768w, https:\/\/i0.wp.com\/innoticiasbo.com\/wp-content\/uploads\/2024\/11\/screenshot_20241124_105047_capcut7723192215846914446.jpg?w=1079&amp;ssl=1 1079w\" sizes=\"auto, (max-width: 640px) 100vw, 640px\" \/><\/figure>\n\n\n\n<p>Por Mgr. Fernando Berr\u00edos, Polit\u00f3logo <\/p>\n\n\n\n<p>En las elecciones de 2005 el MAS y Evo Morales llegaron al gobierno con el 53,72% de la votaci\u00f3n. Recibieron un pa\u00eds con una econom\u00eda relativamente saneada, una deuda externa de dos mil millones de d\u00f3lares que significaba el 20% del PIB, un conjunto de exportaciones no tradicionales que superaban en un 60% a las tradicionales y con una ventaja adicional, el pa\u00eds contaba con reservas probadas de gas que permit\u00eda generar contratos de venta con Argentina y Brasil por unos ingresos de 60 mil millones de d\u00f3lares en 15 a\u00f1os.<\/p>\n\n\n\n<p><br>A partir de 2006 los desaciertos gubernamentales nos arrastraron a la precaria situaci\u00f3n en la que nos encontramos. Cumplidos los 19 a\u00f1os de gobierno del MAS, nuestro camino ha sido un descenso constante y estamos en una crisis que, si no es la peor, est\u00e1 muy cerca de serlo, porque, esta vez, el modelo extractivista ya no funciona y para cerrar el c\u00edrculo, el gobierno no tiene alternativas para cambiar de modelo econ\u00f3mico. El presagio de que el gas y el litio nos convertir\u00edan en el \u201ccoraz\u00f3n energ\u00e9tico de Sudam\u00e9rica\u201d, no sucedi\u00f3, el gobierno no pudo a\u00f1adir una sola mol\u00e9cula de gas a las reservas conocidas en 2005, no invirti\u00f3 en exploraci\u00f3n y al final se aferr\u00f3 a un inviable proceso para extraer litio. Las consecuencias de la incapacidad del gobierno consolida una deuda p\u00fablica interna y una deuda externa que coloca a Bolivia muy lejos de los est\u00e1ndares internacionales de sostenibilidad, lo que en otras palabras significa que no somos un pa\u00eds sujeto de cr\u00e9dito, estamos endeudados hasta el cuello. El c\u00e1lculo de crecimiento del Producto Interno Bruto est\u00e1 situado en el 1,5%, muy lejos de la meta oficial gobierno que promet\u00eda un 3.71%. La inflaci\u00f3n que el 2023 fue del 2,1%, hasta el mes pasado fue de 7,26% y en ascenso, m\u00e1s del doble de lo proyectado por don Lucho y su modelo. Todo apunta a que los malos n\u00fameros se profundizaran, los n\u00fameros no mienten y el gobierno prefiere mentir antes de aceptar su culpa y \u201ctratar\u201d de hacer algo, est\u00e1 en otra batalla: eliminar a Evo.<\/p>\n\n\n\n<p><br>Con 19 a\u00f1os en el gobierno, el MAS no puede eludir o deslindar responsabilidades, porque estableci\u00f3 metas y los conductores de su gesti\u00f3n econ\u00f3mica y pol\u00edtica fueron sus militantes; en \u00faltima instancia est\u00e1 demostrado que los errores y la incompetencia de los masistas son los culpables de la profunda crisis actual, no ser\u00e1 la primera vez que los pol\u00edticos no asuman responsabilidad por los efectos de sus acciones u omisiones, no conozco a nadie que haya enfrentado las consecuencias de sus decisiones. En esta gesti\u00f3n de gobierno, las responsabilidades por los errores cometidos no aparecen, en palabras de Lucho: el pa\u00eds est\u00e1 en la ruta del crecimiento. El \u201c\u00fanico\u201d problema que enfrenta no es la crisis, es Evo, de ese tama\u00f1o es la miop\u00eda.<\/p>\n\n\n\n<p><br>As\u00ed como est\u00e1 el pa\u00eds, es hasta ofensivo el desparpajo de los masistas, responsables del desastre, que quieran volver a terciar en las pr\u00f3ximas elecciones (nosotros llamamos democracia), no existen criterios de \u00e9tica, eficiencia, productividad o probidad vinculados al desarrollo de Bolivia y por supuesto no creemos en la idoneidad de estas personas que ahora quieran sacarnos del laberinto en el que precisamente ellos nos metieron. Es la b\u00fasqueda del poder por el poder, est\u00e1 demostrado que rinde beneficios particulares y permite aberraciones personales, esa es la \u201creserva moral de la humanidad\u201d.<\/p>\n\n\n\n<p><br>La responsabilidad y el origen del desastre en el que estamos est\u00e1 en ese c\u00edrculo de poder, en sus operadores serviles y corruptos, en los impunes ante la Ley, en los llunkus (judiciales) que ayudan a fortalecer ese poder pol\u00edtico y destruyen instituciones. La lista es larga, est\u00e1 vez no pueden pasar. La magnitud de la crisis es tal que no podr\u00e1 ser resuelta por sus creadores, no tienen ni el conocimiento ni la talla, tuvieron 20 a\u00f1os para por lo menos aprender, no pudieron, no podr\u00e1n, son unos demagogos, no tienen ni ideolog\u00eda. La oposici\u00f3n tradicional est\u00e1 un pelda\u00f1o menos.<\/p>\n","protected":false},"excerpt":{"rendered":"<p>Por Mgr. Fernando Berr\u00edos, Polit\u00f3logo En las elecciones de 2005 el MAS y Evo Morales llegaron al gobierno con el 53,72% de la votaci\u00f3n. Recibieron un pa\u00eds con una econom\u00eda relativamente saneada, una deuda externa de dos mil millones de d\u00f3lares que significaba el 20% del PIB, un conjunto de exportaciones no tradicionales que superaban&#8230;<\/p>\n","protected":false},"author":2,"featured_media":0,"comment_status":"open","ping_status":"open","sticky":false,"template":"","format":"standard","meta":{"_jetpack_memberships_contains_paid_content":false,"footnotes":"","jetpack_publicize_message":"","jetpack_publicize_feature_enabled":true,"jetpack_social_post_already_shared":true,"jetpack_social_options":{"image_generator_settings":{"template":"highway","enabled":false},"version":2}},"categories":[1],"tags":[],"class_list":["post-2121","post","type-post","status-publish","format-standard","hentry","category-bolivia"],"jetpack_publicize_connections":[],"yoast_head":"<!-- This site is optimized with the Yoast SEO plugin v23.4 - https:\/\/yoast.com\/wordpress\/plugins\/seo\/ -->\n<title>NEGANDO CULPAS - innoticiasbo.com<\/title>\n<meta name=\"robots\" content=\"index, follow, max-snippet:-1, max-image-preview:large, max-video-preview:-1\" \/>\n<link rel=\"canonical\" href=\"https:\/\/innoticiasbo.com\/index.php\/2024\/11\/24\/negando-culpas\/\" \/>\n<meta property=\"og:locale\" content=\"es_ES\" \/>\n<meta property=\"og:type\" content=\"article\" \/>\n<meta property=\"og:title\" content=\"NEGANDO CULPAS - innoticiasbo.com\" \/>\n<meta property=\"og:description\" content=\"Por Mgr. Fernando Berr\u00edos, Polit\u00f3logo En las elecciones de 2005 el MAS y Evo Morales llegaron al gobierno con el 53,72% de la votaci\u00f3n. Recibieron un pa\u00eds con una econom\u00eda relativamente saneada, una deuda externa de dos mil millones de d\u00f3lares que significaba el 20% del PIB, un conjunto de exportaciones no tradicionales que superaban...\" \/>\n<meta property=\"og:url\" content=\"https:\/\/innoticiasbo.com\/index.php\/2024\/11\/24\/negando-culpas\/\" \/>\n<meta property=\"og:site_name\" content=\"innoticiasbo.com\" \/>\n<meta property=\"article:publisher\" content=\"https:\/\/www.facebook.com\/innoticiasbolivia\" \/>\n<meta property=\"article:published_time\" content=\"2024-11-24T14:37:20+00:00\" \/>\n<meta property=\"article:modified_time\" content=\"2024-11-24T16:06:15+00:00\" \/>\n<meta property=\"og:image\" content=\"https:\/\/innoticiasbo.com\/wp-content\/uploads\/2024\/11\/screenshot_20241124_105047_capcut7723192215846914446-1024x592.jpg\" \/>\n<meta name=\"author\" content=\"Prensa\" \/>\n<meta name=\"twitter:card\" content=\"summary_large_image\" \/>\n<meta name=\"twitter:creator\" content=\"@innoticiasbo\" \/>\n<meta name=\"twitter:site\" content=\"@innoticiasbo\" \/>\n<meta name=\"twitter:label1\" content=\"Escrito por\" \/>\n\t<meta name=\"twitter:data1\" content=\"Prensa\" \/>\n\t<meta name=\"twitter:label2\" content=\"Tiempo de lectura\" \/>\n\t<meta name=\"twitter:data2\" content=\"4 minutos\" \/>\n<script type=\"application\/ld+json\" class=\"yoast-schema-graph\">{\"@context\":\"https:\/\/schema.org\",\"@graph\":[{\"@type\":\"Article\",\"@id\":\"https:\/\/innoticiasbo.com\/index.php\/2024\/11\/24\/negando-culpas\/#article\",\"isPartOf\":{\"@id\":\"https:\/\/innoticiasbo.com\/index.php\/2024\/11\/24\/negando-culpas\/\"},\"author\":{\"name\":\"Prensa\",\"@id\":\"https:\/\/innoticiasbo.com\/#\/schema\/person\/589cd527c4211df1b943bdad85ec07ce\"},\"headline\":\"NEGANDO CULPAS\",\"datePublished\":\"2024-11-24T14:37:20+00:00\",\"dateModified\":\"2024-11-24T16:06:15+00:00\",\"mainEntityOfPage\":{\"@id\":\"https:\/\/innoticiasbo.com\/index.php\/2024\/11\/24\/negando-culpas\/\"},\"wordCount\":709,\"commentCount\":0,\"publisher\":{\"@id\":\"https:\/\/innoticiasbo.com\/#organization\"},\"image\":{\"@id\":\"https:\/\/innoticiasbo.com\/index.php\/2024\/11\/24\/negando-culpas\/#primaryimage\"},\"thumbnailUrl\":\"https:\/\/innoticiasbo.com\/wp-content\/uploads\/2024\/11\/screenshot_20241124_105047_capcut7723192215846914446-1024x592.jpg\",\"articleSection\":[\"Bolivia\"],\"inLanguage\":\"es\",\"potentialAction\":[{\"@type\":\"CommentAction\",\"name\":\"Comment\",\"target\":[\"https:\/\/innoticiasbo.com\/index.php\/2024\/11\/24\/negando-culpas\/#respond\"]}]},{\"@type\":\"WebPage\",\"@id\":\"https:\/\/innoticiasbo.com\/index.php\/2024\/11\/24\/negando-culpas\/\",\"url\":\"https:\/\/innoticiasbo.com\/index.php\/2024\/11\/24\/negando-culpas\/\",\"name\":\"NEGANDO CULPAS - innoticiasbo.com\",\"isPartOf\":{\"@id\":\"https:\/\/innoticiasbo.com\/#website\"},\"primaryImageOfPage\":{\"@id\":\"https:\/\/innoticiasbo.com\/index.php\/2024\/11\/24\/negando-culpas\/#primaryimage\"},\"image\":{\"@id\":\"https:\/\/innoticiasbo.com\/index.php\/2024\/11\/24\/negando-culpas\/#primaryimage\"},\"thumbnailUrl\":\"https:\/\/innoticiasbo.com\/wp-content\/uploads\/2024\/11\/screenshot_20241124_105047_capcut7723192215846914446-1024x592.jpg\",\"datePublished\":\"2024-11-24T14:37:20+00:00\",\"dateModified\":\"2024-11-24T16:06:15+00:00\",\"breadcrumb\":{\"@id\":\"https:\/\/innoticiasbo.com\/index.php\/2024\/11\/24\/negando-culpas\/#breadcrumb\"},\"inLanguage\":\"es\",\"potentialAction\":[{\"@type\":\"ReadAction\",\"target\":[\"https:\/\/innoticiasbo.com\/index.php\/2024\/11\/24\/negando-culpas\/\"]}]},{\"@type\":\"ImageObject\",\"inLanguage\":\"es\",\"@id\":\"https:\/\/innoticiasbo.com\/index.php\/2024\/11\/24\/negando-culpas\/#primaryimage\",\"url\":\"https:\/\/i0.wp.com\/innoticiasbo.com\/wp-content\/uploads\/2024\/11\/screenshot_20241124_105047_capcut7723192215846914446.jpg?fit=1079%2C624&ssl=1\",\"contentUrl\":\"https:\/\/i0.wp.com\/innoticiasbo.com\/wp-content\/uploads\/2024\/11\/screenshot_20241124_105047_capcut7723192215846914446.jpg?fit=1079%2C624&ssl=1\",\"width\":1079,\"height\":624},{\"@type\":\"BreadcrumbList\",\"@id\":\"https:\/\/innoticiasbo.com\/index.php\/2024\/11\/24\/negando-culpas\/#breadcrumb\",\"itemListElement\":[{\"@type\":\"ListItem\",\"position\":1,\"name\":\"Portada\",\"item\":\"https:\/\/innoticiasbo.com\/\"},{\"@type\":\"ListItem\",\"position\":2,\"name\":\"NEGANDO CULPAS\"}]},{\"@type\":\"WebSite\",\"@id\":\"https:\/\/innoticiasbo.com\/#website\",\"url\":\"https:\/\/innoticiasbo.com\/\",\"name\":\"innoticiasbo.com\",\"description\":\"\",\"publisher\":{\"@id\":\"https:\/\/innoticiasbo.com\/#organization\"},\"potentialAction\":[{\"@type\":\"SearchAction\",\"target\":{\"@type\":\"EntryPoint\",\"urlTemplate\":\"https:\/\/innoticiasbo.com\/?s={search_term_string}\"},\"query-input\":{\"@type\":\"PropertyValueSpecification\",\"valueRequired\":true,\"valueName\":\"search_term_string\"}}],\"inLanguage\":\"es\"},{\"@type\":\"Organization\",\"@id\":\"https:\/\/innoticiasbo.com\/#organization\",\"name\":\"innoticiasbo.com\",\"url\":\"https:\/\/innoticiasbo.com\/\",\"logo\":{\"@type\":\"ImageObject\",\"inLanguage\":\"es\",\"@id\":\"https:\/\/innoticiasbo.com\/#\/schema\/logo\/image\/\",\"url\":\"https:\/\/i0.wp.com\/innoticiasbo.com\/wp-content\/uploads\/2026\/04\/cropped-IN-LOGO.png?fit=1476%2C1476&ssl=1\",\"contentUrl\":\"https:\/\/i0.wp.com\/innoticiasbo.com\/wp-content\/uploads\/2026\/04\/cropped-IN-LOGO.png?fit=1476%2C1476&ssl=1\",\"width\":1476,\"height\":1476,\"caption\":\"innoticiasbo.com\"},\"image\":{\"@id\":\"https:\/\/innoticiasbo.com\/#\/schema\/logo\/image\/\"},\"sameAs\":[\"https:\/\/www.facebook.com\/innoticiasbolivia\",\"https:\/\/x.com\/innoticiasbo\",\"https:\/\/www.instagram.com\/innoticiasbo\",\"https:\/\/www.youtube.com\/innoticiasbo\"]},{\"@type\":\"Person\",\"@id\":\"https:\/\/innoticiasbo.com\/#\/schema\/person\/589cd527c4211df1b943bdad85ec07ce\",\"name\":\"Prensa\",\"image\":{\"@type\":\"ImageObject\",\"inLanguage\":\"es\",\"@id\":\"https:\/\/innoticiasbo.com\/#\/schema\/person\/image\/\",\"url\":\"https:\/\/secure.gravatar.com\/avatar\/d359bbdf112023c1c0a3ec7fe1600657?s=96&d=mm&r=g\",\"contentUrl\":\"https:\/\/secure.gravatar.com\/avatar\/d359bbdf112023c1c0a3ec7fe1600657?s=96&d=mm&r=g\",\"caption\":\"Prensa\"},\"sameAs\":[\"http:\/\/www.innoticiasbo.com\"],\"url\":\"https:\/\/innoticiasbo.com\/index.php\/author\/prensa\/\"}]}<\/script>\n<!-- \/ Yoast SEO plugin. -->","yoast_head_json":{"title":"NEGANDO CULPAS - innoticiasbo.com","robots":{"index":"index","follow":"follow","max-snippet":"max-snippet:-1","max-image-preview":"max-image-preview:large","max-video-preview":"max-video-preview:-1"},"canonical":"https:\/\/innoticiasbo.com\/index.php\/2024\/11\/24\/negando-culpas\/","og_locale":"es_ES","og_type":"article","og_title":"NEGANDO CULPAS - innoticiasbo.com","og_description":"Por Mgr. Fernando Berr\u00edos, Polit\u00f3logo En las elecciones de 2005 el MAS y Evo Morales llegaron al gobierno con el 53,72% de la votaci\u00f3n. Recibieron un pa\u00eds con una econom\u00eda relativamente saneada, una deuda externa de dos mil millones de d\u00f3lares que significaba el 20% del PIB, un conjunto de exportaciones no tradicionales que superaban...","og_url":"https:\/\/innoticiasbo.com\/index.php\/2024\/11\/24\/negando-culpas\/","og_site_name":"innoticiasbo.com","article_publisher":"https:\/\/www.facebook.com\/innoticiasbolivia","article_published_time":"2024-11-24T14:37:20+00:00","article_modified_time":"2024-11-24T16:06:15+00:00","og_image":[{"url":"https:\/\/innoticiasbo.com\/wp-content\/uploads\/2024\/11\/screenshot_20241124_105047_capcut7723192215846914446-1024x592.jpg"}],"author":"Prensa","twitter_card":"summary_large_image","twitter_creator":"@innoticiasbo","twitter_site":"@innoticiasbo","twitter_misc":{"Escrito por":"Prensa","Tiempo de lectura":"4 minutos"},"schema":{"@context":"https:\/\/schema.org","@graph":[{"@type":"Article","@id":"https:\/\/innoticiasbo.com\/index.php\/2024\/11\/24\/negando-culpas\/#article","isPartOf":{"@id":"https:\/\/innoticiasbo.com\/index.php\/2024\/11\/24\/negando-culpas\/"},"author":{"name":"Prensa","@id":"https:\/\/innoticiasbo.com\/#\/schema\/person\/589cd527c4211df1b943bdad85ec07ce"},"headline":"NEGANDO CULPAS","datePublished":"2024-11-24T14:37:20+00:00","dateModified":"2024-11-24T16:06:15+00:00","mainEntityOfPage":{"@id":"https:\/\/innoticiasbo.com\/index.php\/2024\/11\/24\/negando-culpas\/"},"wordCount":709,"commentCount":0,"publisher":{"@id":"https:\/\/innoticiasbo.com\/#organization"},"image":{"@id":"https:\/\/innoticiasbo.com\/index.php\/2024\/11\/24\/negando-culpas\/#primaryimage"},"thumbnailUrl":"https:\/\/innoticiasbo.com\/wp-content\/uploads\/2024\/11\/screenshot_20241124_105047_capcut7723192215846914446-1024x592.jpg","articleSection":["Bolivia"],"inLanguage":"es","potentialAction":[{"@type":"CommentAction","name":"Comment","target":["https:\/\/innoticiasbo.com\/index.php\/2024\/11\/24\/negando-culpas\/#respond"]}]},{"@type":"WebPage","@id":"https:\/\/innoticiasbo.com\/index.php\/2024\/11\/24\/negando-culpas\/","url":"https:\/\/innoticiasbo.com\/index.php\/2024\/11\/24\/negando-culpas\/","name":"NEGANDO CULPAS - innoticiasbo.com","isPartOf":{"@id":"https:\/\/innoticiasbo.com\/#website"},"primaryImageOfPage":{"@id":"https:\/\/innoticiasbo.com\/index.php\/2024\/11\/24\/negando-culpas\/#primaryimage"},"image":{"@id":"https:\/\/innoticiasbo.com\/index.php\/2024\/11\/24\/negando-culpas\/#primaryimage"},"thumbnailUrl":"https:\/\/innoticiasbo.com\/wp-content\/uploads\/2024\/11\/screenshot_20241124_105047_capcut7723192215846914446-1024x592.jpg","datePublished":"2024-11-24T14:37:20+00:00","dateModified":"2024-11-24T16:06:15+00:00","breadcrumb":{"@id":"https:\/\/innoticiasbo.com\/index.php\/2024\/11\/24\/negando-culpas\/#breadcrumb"},"inLanguage":"es","potentialAction":[{"@type":"ReadAction","target":["https:\/\/innoticiasbo.com\/index.php\/2024\/11\/24\/negando-culpas\/"]}]},{"@type":"ImageObject","inLanguage":"es","@id":"https:\/\/innoticiasbo.com\/index.php\/2024\/11\/24\/negando-culpas\/#primaryimage","url":"https:\/\/i0.wp.com\/innoticiasbo.com\/wp-content\/uploads\/2024\/11\/screenshot_20241124_105047_capcut7723192215846914446.jpg?fit=1079%2C624&ssl=1","contentUrl":"https:\/\/i0.wp.com\/innoticiasbo.com\/wp-content\/uploads\/2024\/11\/screenshot_20241124_105047_capcut7723192215846914446.jpg?fit=1079%2C624&ssl=1","width":1079,"height":624},{"@type":"BreadcrumbList","@id":"https:\/\/innoticiasbo.com\/index.php\/2024\/11\/24\/negando-culpas\/#breadcrumb","itemListElement":[{"@type":"ListItem","position":1,"name":"Portada","item":"https:\/\/innoticiasbo.com\/"},{"@type":"ListItem","position":2,"name":"NEGANDO CULPAS"}]},{"@type":"WebSite","@id":"https:\/\/innoticiasbo.com\/#website","url":"https:\/\/innoticiasbo.com\/","name":"innoticiasbo.com","description":"","publisher":{"@id":"https:\/\/innoticiasbo.com\/#organization"},"potentialAction":[{"@type":"SearchAction","target":{"@type":"EntryPoint","urlTemplate":"https:\/\/innoticiasbo.com\/?s={search_term_string}"},"query-input":{"@type":"PropertyValueSpecification","valueRequired":true,"valueName":"search_term_string"}}],"inLanguage":"es"},{"@type":"Organization","@id":"https:\/\/innoticiasbo.com\/#organization","name":"innoticiasbo.com","url":"https:\/\/innoticiasbo.com\/","logo":{"@type":"ImageObject","inLanguage":"es","@id":"https:\/\/innoticiasbo.com\/#\/schema\/logo\/image\/","url":"https:\/\/i0.wp.com\/innoticiasbo.com\/wp-content\/uploads\/2026\/04\/cropped-IN-LOGO.png?fit=1476%2C1476&ssl=1","contentUrl":"https:\/\/i0.wp.com\/innoticiasbo.com\/wp-content\/uploads\/2026\/04\/cropped-IN-LOGO.png?fit=1476%2C1476&ssl=1","width":1476,"height":1476,"caption":"innoticiasbo.com"},"image":{"@id":"https:\/\/innoticiasbo.com\/#\/schema\/logo\/image\/"},"sameAs":["https:\/\/www.facebook.com\/innoticiasbolivia","https:\/\/x.com\/innoticiasbo","https:\/\/www.instagram.com\/innoticiasbo","https:\/\/www.youtube.com\/innoticiasbo"]},{"@type":"Person","@id":"https:\/\/innoticiasbo.com\/#\/schema\/person\/589cd527c4211df1b943bdad85ec07ce","name":"Prensa","image":{"@type":"ImageObject","inLanguage":"es","@id":"https:\/\/innoticiasbo.com\/#\/schema\/person\/image\/","url":"https:\/\/secure.gravatar.com\/avatar\/d359bbdf112023c1c0a3ec7fe1600657?s=96&d=mm&r=g","contentUrl":"https:\/\/secure.gravatar.com\/avatar\/d359bbdf112023c1c0a3ec7fe1600657?s=96&d=mm&r=g","caption":"Prensa"},"sameAs":["http:\/\/www.innoticiasbo.com"],"url":"https:\/\/innoticiasbo.com\/index.php\/author\/prensa\/"}]}},"jetpack_featured_media_url":"","jetpack_likes_enabled":true,"jetpack_sharing_enabled":true,"jetpack_shortlink":"https:\/\/wp.me\/pg298x-yd","_links":{"self":[{"href":"https:\/\/innoticiasbo.com\/index.php\/wp-json\/wp\/v2\/posts\/2121","targetHints":{"allow":["GET"]}}],"collection":[{"href":"https:\/\/innoticiasbo.com\/index.php\/wp-json\/wp\/v2\/posts"}],"about":[{"href":"https:\/\/innoticiasbo.com\/index.php\/wp-json\/wp\/v2\/types\/post"}],"author":[{"embeddable":true,"href":"https:\/\/innoticiasbo.com\/index.php\/wp-json\/wp\/v2\/users\/2"}],"replies":[{"embeddable":true,"href":"https:\/\/innoticiasbo.com\/index.php\/wp-json\/wp\/v2\/comments?post=2121"}],"version-history":[{"count":3,"href":"https:\/\/innoticiasbo.com\/index.php\/wp-json\/wp\/v2\/posts\/2121\/revisions"}],"predecessor-version":[{"id":2128,"href":"https:\/\/innoticiasbo.com\/index.php\/wp-json\/wp\/v2\/posts\/2121\/revisions\/2128"}],"wp:attachment":[{"href":"https:\/\/innoticiasbo.com\/index.php\/wp-json\/wp\/v2\/media?parent=2121"}],"wp:term":[{"taxonomy":"category","embeddable":true,"href":"https:\/\/innoticiasbo.com\/index.php\/wp-json\/wp\/v2\/categories?post=2121"},{"taxonomy":"post_tag","embeddable":true,"href":"https:\/\/innoticiasbo.com\/index.php\/wp-json\/wp\/v2\/tags?post=2121"}],"curies":[{"name":"wp","href":"https:\/\/api.w.org\/{rel}","templated":true}]}}