{"id":2101,"date":"2024-11-22T22:54:37","date_gmt":"2024-11-22T22:54:37","guid":{"rendered":"https:\/\/innoticiasbo.com\/?p=2101"},"modified":"2024-11-22T22:54:37","modified_gmt":"2024-11-22T22:54:37","slug":"once-anos-de-carcel-para-hombre-que-abuso-a-nina-de-4-anos","status":"publish","type":"post","link":"https:\/\/innoticiasbo.com\/index.php\/2024\/11\/22\/once-anos-de-carcel-para-hombre-que-abuso-a-nina-de-4-anos\/","title":{"rendered":"ONCE A\u00d1OS DE C\u00c1RCEL PARA HOMBRE QUE ABUS\u00d3 A NI\u00d1A DE 4 A\u00d1OS"},"content":{"rendered":"\n<p>Cochabamba, 22 de noviembre, 2024.- El Fiscal Departamental de Cochabamba, Osvaldo Tejerina R\u00edos, inform\u00f3 que, en audiencia de procedimiento abreviado, se demostr\u00f3 que V\u00edctor M.C.C., de 38 a\u00f1os de edad, es autor del delito de Abuso Sexual con Agravante cometido en contra de una ni\u00f1a de cuatro a\u00f1os, por ello, el Juzgado de Sentencia, Anticorrupci\u00f3n y Contra la Violencia hacia las Mujeres N\u00b0 2 dict\u00f3 condena de 11 a\u00f1os de presidio que deber\u00e1 cumplir en el penal de El Abra.<\/p>\n\n\n\n<p>\u201cEn la audiencia se presentaron todas las pruebas colectadas durante la etapa de investigaci\u00f3n como el informe psicol\u00f3gico y social de la v\u00edctima, el acta de declaraci\u00f3n anticipada, entre otros que fueron valorados por la autoridad jurisdiccional que dict\u00f3 la condena de 11 a\u00f1os para el agresor\u201d, dijo el Fiscal Departamental.<\/p>\n\n\n\n<p>Por su parte, el Fiscal Litigante, Limber Claure, se\u00f1al\u00f3 que el hecho se registr\u00f3 en el municipio de Quillacollo, el 21 de febrero de 2023, cuando la ni\u00f1a fue a jugar a la casa de su amiga, quien se encontraba sola con su pap\u00e1 V\u00edctor, despu\u00e9s de unos minutos el sujeto mand\u00f3 a su hija a la tienda y aprovech\u00f3 ese momento para llevar a la ni\u00f1a a su habitaci\u00f3n donde procedi\u00f3 a realizarle toques imp\u00fadicos, luego le pidi\u00f3 que no contar\u00e1 nada de lo que pas\u00f3.<\/p>\n\n\n\n<p>Cuando la ni\u00f1a volvi\u00f3 a su casa cont\u00f3 a su madre lo que le hab\u00eda pasado, quien acudi\u00f3 a la Polic\u00eda para denunciar el hecho y d\u00edas despu\u00e9s el agresor fue aprehendido y puesto a disposici\u00f3n del Ministerio P\u00fablico. Seg\u00fan la investigaci\u00f3n la ni\u00f1a habr\u00eda sido agredida en repetidas ocasiones.<\/p>\n\n\n\n<p>Fuente: Prensa Fiscal\u00eda <\/p>\n","protected":false},"excerpt":{"rendered":"<p>Cochabamba, 22 de noviembre, 2024.- El Fiscal Departamental de Cochabamba, Osvaldo Tejerina R\u00edos, inform\u00f3 que, en audiencia de procedimiento abreviado, se demostr\u00f3 que V\u00edctor M.C.C., de 38 a\u00f1os de edad, es autor del delito de Abuso Sexual con Agravante cometido en contra de una ni\u00f1a de cuatro a\u00f1os, por ello, el Juzgado de Sentencia, Anticorrupci\u00f3n&#8230;<\/p>\n","protected":false},"author":6,"featured_media":2100,"comment_status":"closed","ping_status":"open","sticky":false,"template":"","format":"standard","meta":{"_jetpack_memberships_contains_paid_content":false,"footnotes":"","jetpack_publicize_message":"","jetpack_publicize_feature_enabled":true,"jetpack_social_post_already_shared":true,"jetpack_social_options":{"image_generator_settings":{"template":"highway","enabled":false},"version":2}},"categories":[1],"tags":[],"class_list":["post-2101","post","type-post","status-publish","format-standard","has-post-thumbnail","hentry","category-bolivia"],"jetpack_publicize_connections":[],"yoast_head":"<!-- This site is optimized with the Yoast SEO plugin v23.4 - https:\/\/yoast.com\/wordpress\/plugins\/seo\/ -->\n<title>ONCE A\u00d1OS DE C\u00c1RCEL PARA HOMBRE QUE ABUS\u00d3 A NI\u00d1A DE 4 A\u00d1OS - innoticiasbo.com<\/title>\n<meta name=\"robots\" content=\"index, follow, max-snippet:-1, max-image-preview:large, max-video-preview:-1\" \/>\n<link rel=\"canonical\" href=\"https:\/\/innoticiasbo.com\/index.php\/2024\/11\/22\/once-anos-de-carcel-para-hombre-que-abuso-a-nina-de-4-anos\/\" \/>\n<meta property=\"og:locale\" content=\"es_ES\" \/>\n<meta property=\"og:type\" content=\"article\" \/>\n<meta property=\"og:title\" content=\"ONCE A\u00d1OS DE C\u00c1RCEL PARA HOMBRE QUE ABUS\u00d3 A NI\u00d1A DE 4 A\u00d1OS - innoticiasbo.com\" \/>\n<meta property=\"og:description\" content=\"Cochabamba, 22 de noviembre, 2024.- El Fiscal Departamental de Cochabamba, Osvaldo Tejerina R\u00edos, inform\u00f3 que, en audiencia de procedimiento abreviado, se demostr\u00f3 que V\u00edctor M.C.C., de 38 a\u00f1os de edad, es autor del delito de Abuso Sexual con Agravante cometido en contra de una ni\u00f1a de cuatro a\u00f1os, por ello, el Juzgado de Sentencia, Anticorrupci\u00f3n...\" \/>\n<meta property=\"og:url\" content=\"https:\/\/innoticiasbo.com\/index.php\/2024\/11\/22\/once-anos-de-carcel-para-hombre-que-abuso-a-nina-de-4-anos\/\" \/>\n<meta property=\"og:site_name\" content=\"innoticiasbo.com\" \/>\n<meta property=\"article:publisher\" content=\"https:\/\/www.facebook.com\/innoticiasbolivia\" \/>\n<meta property=\"article:published_time\" content=\"2024-11-22T22:54:37+00:00\" \/>\n<meta property=\"og:image\" content=\"https:\/\/i0.wp.com\/innoticiasbo.com\/wp-content\/uploads\/2024\/11\/04e79040-6ebe-4067-89ca-539a26ed7e5b-1.jpg?fit=290%2C174&ssl=1\" \/>\n\t<meta property=\"og:image:width\" content=\"290\" \/>\n\t<meta property=\"og:image:height\" content=\"174\" \/>\n\t<meta property=\"og:image:type\" content=\"image\/jpeg\" \/>\n<meta name=\"author\" content=\"Eliza Riva\" \/>\n<meta name=\"twitter:card\" content=\"summary_large_image\" \/>\n<meta name=\"twitter:creator\" content=\"@innoticiasbo\" \/>\n<meta name=\"twitter:site\" content=\"@innoticiasbo\" \/>\n<meta name=\"twitter:label1\" content=\"Escrito por\" \/>\n\t<meta name=\"twitter:data1\" content=\"Eliza Riva\" \/>\n\t<meta name=\"twitter:label2\" content=\"Tiempo de lectura\" \/>\n\t<meta name=\"twitter:data2\" content=\"1 minuto\" \/>\n<script type=\"application\/ld+json\" class=\"yoast-schema-graph\">{\"@context\":\"https:\/\/schema.org\",\"@graph\":[{\"@type\":\"Article\",\"@id\":\"https:\/\/innoticiasbo.com\/index.php\/2024\/11\/22\/once-anos-de-carcel-para-hombre-que-abuso-a-nina-de-4-anos\/#article\",\"isPartOf\":{\"@id\":\"https:\/\/innoticiasbo.com\/index.php\/2024\/11\/22\/once-anos-de-carcel-para-hombre-que-abuso-a-nina-de-4-anos\/\"},\"author\":{\"name\":\"Eliza Riva\",\"@id\":\"https:\/\/innoticiasbo.com\/#\/schema\/person\/8c935b6b11c0223d8f77dc01fc948202\"},\"headline\":\"ONCE A\u00d1OS DE C\u00c1RCEL PARA HOMBRE QUE ABUS\u00d3 A NI\u00d1A DE 4 A\u00d1OS\",\"datePublished\":\"2024-11-22T22:54:37+00:00\",\"dateModified\":\"2024-11-22T22:54:37+00:00\",\"mainEntityOfPage\":{\"@id\":\"https:\/\/innoticiasbo.com\/index.php\/2024\/11\/22\/once-anos-de-carcel-para-hombre-que-abuso-a-nina-de-4-anos\/\"},\"wordCount\":313,\"publisher\":{\"@id\":\"https:\/\/innoticiasbo.com\/#organization\"},\"image\":{\"@id\":\"https:\/\/innoticiasbo.com\/index.php\/2024\/11\/22\/once-anos-de-carcel-para-hombre-que-abuso-a-nina-de-4-anos\/#primaryimage\"},\"thumbnailUrl\":\"https:\/\/i0.wp.com\/innoticiasbo.com\/wp-content\/uploads\/2024\/11\/04e79040-6ebe-4067-89ca-539a26ed7e5b-1.jpg?fit=290%2C174&ssl=1\",\"articleSection\":[\"Bolivia\"],\"inLanguage\":\"es\"},{\"@type\":\"WebPage\",\"@id\":\"https:\/\/innoticiasbo.com\/index.php\/2024\/11\/22\/once-anos-de-carcel-para-hombre-que-abuso-a-nina-de-4-anos\/\",\"url\":\"https:\/\/innoticiasbo.com\/index.php\/2024\/11\/22\/once-anos-de-carcel-para-hombre-que-abuso-a-nina-de-4-anos\/\",\"name\":\"ONCE A\u00d1OS DE C\u00c1RCEL PARA HOMBRE QUE ABUS\u00d3 A NI\u00d1A DE 4 A\u00d1OS - innoticiasbo.com\",\"isPartOf\":{\"@id\":\"https:\/\/innoticiasbo.com\/#website\"},\"primaryImageOfPage\":{\"@id\":\"https:\/\/innoticiasbo.com\/index.php\/2024\/11\/22\/once-anos-de-carcel-para-hombre-que-abuso-a-nina-de-4-anos\/#primaryimage\"},\"image\":{\"@id\":\"https:\/\/innoticiasbo.com\/index.php\/2024\/11\/22\/once-anos-de-carcel-para-hombre-que-abuso-a-nina-de-4-anos\/#primaryimage\"},\"thumbnailUrl\":\"https:\/\/i0.wp.com\/innoticiasbo.com\/wp-content\/uploads\/2024\/11\/04e79040-6ebe-4067-89ca-539a26ed7e5b-1.jpg?fit=290%2C174&ssl=1\",\"datePublished\":\"2024-11-22T22:54:37+00:00\",\"dateModified\":\"2024-11-22T22:54:37+00:00\",\"breadcrumb\":{\"@id\":\"https:\/\/innoticiasbo.com\/index.php\/2024\/11\/22\/once-anos-de-carcel-para-hombre-que-abuso-a-nina-de-4-anos\/#breadcrumb\"},\"inLanguage\":\"es\",\"potentialAction\":[{\"@type\":\"ReadAction\",\"target\":[\"https:\/\/innoticiasbo.com\/index.php\/2024\/11\/22\/once-anos-de-carcel-para-hombre-que-abuso-a-nina-de-4-anos\/\"]}]},{\"@type\":\"ImageObject\",\"inLanguage\":\"es\",\"@id\":\"https:\/\/innoticiasbo.com\/index.php\/2024\/11\/22\/once-anos-de-carcel-para-hombre-que-abuso-a-nina-de-4-anos\/#primaryimage\",\"url\":\"https:\/\/i0.wp.com\/innoticiasbo.com\/wp-content\/uploads\/2024\/11\/04e79040-6ebe-4067-89ca-539a26ed7e5b-1.jpg?fit=290%2C174&ssl=1\",\"contentUrl\":\"https:\/\/i0.wp.com\/innoticiasbo.com\/wp-content\/uploads\/2024\/11\/04e79040-6ebe-4067-89ca-539a26ed7e5b-1.jpg?fit=290%2C174&ssl=1\",\"width\":290,\"height\":174},{\"@type\":\"BreadcrumbList\",\"@id\":\"https:\/\/innoticiasbo.com\/index.php\/2024\/11\/22\/once-anos-de-carcel-para-hombre-que-abuso-a-nina-de-4-anos\/#breadcrumb\",\"itemListElement\":[{\"@type\":\"ListItem\",\"position\":1,\"name\":\"Portada\",\"item\":\"https:\/\/innoticiasbo.com\/\"},{\"@type\":\"ListItem\",\"position\":2,\"name\":\"ONCE A\u00d1OS DE C\u00c1RCEL PARA HOMBRE QUE ABUS\u00d3 A NI\u00d1A DE 4 A\u00d1OS\"}]},{\"@type\":\"WebSite\",\"@id\":\"https:\/\/innoticiasbo.com\/#website\",\"url\":\"https:\/\/innoticiasbo.com\/\",\"name\":\"innoticiasbo.com\",\"description\":\"\",\"publisher\":{\"@id\":\"https:\/\/innoticiasbo.com\/#organization\"},\"potentialAction\":[{\"@type\":\"SearchAction\",\"target\":{\"@type\":\"EntryPoint\",\"urlTemplate\":\"https:\/\/innoticiasbo.com\/?s={search_term_string}\"},\"query-input\":{\"@type\":\"PropertyValueSpecification\",\"valueRequired\":true,\"valueName\":\"search_term_string\"}}],\"inLanguage\":\"es\"},{\"@type\":\"Organization\",\"@id\":\"https:\/\/innoticiasbo.com\/#organization\",\"name\":\"innoticiasbo.com\",\"url\":\"https:\/\/innoticiasbo.com\/\",\"logo\":{\"@type\":\"ImageObject\",\"inLanguage\":\"es\",\"@id\":\"https:\/\/innoticiasbo.com\/#\/schema\/logo\/image\/\",\"url\":\"https:\/\/i0.wp.com\/innoticiasbo.com\/wp-content\/uploads\/2026\/04\/cropped-IN-LOGO.png?fit=1476%2C1476&ssl=1\",\"contentUrl\":\"https:\/\/i0.wp.com\/innoticiasbo.com\/wp-content\/uploads\/2026\/04\/cropped-IN-LOGO.png?fit=1476%2C1476&ssl=1\",\"width\":1476,\"height\":1476,\"caption\":\"innoticiasbo.com\"},\"image\":{\"@id\":\"https:\/\/innoticiasbo.com\/#\/schema\/logo\/image\/\"},\"sameAs\":[\"https:\/\/www.facebook.com\/innoticiasbolivia\",\"https:\/\/x.com\/innoticiasbo\",\"https:\/\/www.instagram.com\/innoticiasbo\",\"https:\/\/www.youtube.com\/innoticiasbo\"]},{\"@type\":\"Person\",\"@id\":\"https:\/\/innoticiasbo.com\/#\/schema\/person\/8c935b6b11c0223d8f77dc01fc948202\",\"name\":\"Eliza Riva\",\"image\":{\"@type\":\"ImageObject\",\"inLanguage\":\"es\",\"@id\":\"https:\/\/innoticiasbo.com\/#\/schema\/person\/image\/\",\"url\":\"https:\/\/secure.gravatar.com\/avatar\/fdc172c2af344133d19e57e4b7acdee4?s=96&d=mm&r=g\",\"contentUrl\":\"https:\/\/secure.gravatar.com\/avatar\/fdc172c2af344133d19e57e4b7acdee4?s=96&d=mm&r=g\",\"caption\":\"Eliza Riva\"},\"sameAs\":[\"http:\/\/www.innoticiasbo.com\"],\"url\":\"https:\/\/innoticiasbo.com\/index.php\/author\/prensa-4\/\"}]}<\/script>\n<!-- \/ Yoast SEO plugin. -->","yoast_head_json":{"title":"ONCE A\u00d1OS DE C\u00c1RCEL PARA HOMBRE QUE ABUS\u00d3 A NI\u00d1A DE 4 A\u00d1OS - innoticiasbo.com","robots":{"index":"index","follow":"follow","max-snippet":"max-snippet:-1","max-image-preview":"max-image-preview:large","max-video-preview":"max-video-preview:-1"},"canonical":"https:\/\/innoticiasbo.com\/index.php\/2024\/11\/22\/once-anos-de-carcel-para-hombre-que-abuso-a-nina-de-4-anos\/","og_locale":"es_ES","og_type":"article","og_title":"ONCE A\u00d1OS DE C\u00c1RCEL PARA HOMBRE QUE ABUS\u00d3 A NI\u00d1A DE 4 A\u00d1OS - innoticiasbo.com","og_description":"Cochabamba, 22 de noviembre, 2024.- El Fiscal Departamental de Cochabamba, Osvaldo Tejerina R\u00edos, inform\u00f3 que, en audiencia de procedimiento abreviado, se demostr\u00f3 que V\u00edctor M.C.C., de 38 a\u00f1os de edad, es autor del delito de Abuso Sexual con Agravante cometido en contra de una ni\u00f1a de cuatro a\u00f1os, por ello, el Juzgado de Sentencia, Anticorrupci\u00f3n...","og_url":"https:\/\/innoticiasbo.com\/index.php\/2024\/11\/22\/once-anos-de-carcel-para-hombre-que-abuso-a-nina-de-4-anos\/","og_site_name":"innoticiasbo.com","article_publisher":"https:\/\/www.facebook.com\/innoticiasbolivia","article_published_time":"2024-11-22T22:54:37+00:00","og_image":[{"width":290,"height":174,"url":"https:\/\/i0.wp.com\/innoticiasbo.com\/wp-content\/uploads\/2024\/11\/04e79040-6ebe-4067-89ca-539a26ed7e5b-1.jpg?fit=290%2C174&ssl=1","type":"image\/jpeg"}],"author":"Eliza Riva","twitter_card":"summary_large_image","twitter_creator":"@innoticiasbo","twitter_site":"@innoticiasbo","twitter_misc":{"Escrito por":"Eliza Riva","Tiempo de lectura":"1 minuto"},"schema":{"@context":"https:\/\/schema.org","@graph":[{"@type":"Article","@id":"https:\/\/innoticiasbo.com\/index.php\/2024\/11\/22\/once-anos-de-carcel-para-hombre-que-abuso-a-nina-de-4-anos\/#article","isPartOf":{"@id":"https:\/\/innoticiasbo.com\/index.php\/2024\/11\/22\/once-anos-de-carcel-para-hombre-que-abuso-a-nina-de-4-anos\/"},"author":{"name":"Eliza Riva","@id":"https:\/\/innoticiasbo.com\/#\/schema\/person\/8c935b6b11c0223d8f77dc01fc948202"},"headline":"ONCE A\u00d1OS DE C\u00c1RCEL PARA HOMBRE QUE ABUS\u00d3 A NI\u00d1A DE 4 A\u00d1OS","datePublished":"2024-11-22T22:54:37+00:00","dateModified":"2024-11-22T22:54:37+00:00","mainEntityOfPage":{"@id":"https:\/\/innoticiasbo.com\/index.php\/2024\/11\/22\/once-anos-de-carcel-para-hombre-que-abuso-a-nina-de-4-anos\/"},"wordCount":313,"publisher":{"@id":"https:\/\/innoticiasbo.com\/#organization"},"image":{"@id":"https:\/\/innoticiasbo.com\/index.php\/2024\/11\/22\/once-anos-de-carcel-para-hombre-que-abuso-a-nina-de-4-anos\/#primaryimage"},"thumbnailUrl":"https:\/\/i0.wp.com\/innoticiasbo.com\/wp-content\/uploads\/2024\/11\/04e79040-6ebe-4067-89ca-539a26ed7e5b-1.jpg?fit=290%2C174&ssl=1","articleSection":["Bolivia"],"inLanguage":"es"},{"@type":"WebPage","@id":"https:\/\/innoticiasbo.com\/index.php\/2024\/11\/22\/once-anos-de-carcel-para-hombre-que-abuso-a-nina-de-4-anos\/","url":"https:\/\/innoticiasbo.com\/index.php\/2024\/11\/22\/once-anos-de-carcel-para-hombre-que-abuso-a-nina-de-4-anos\/","name":"ONCE A\u00d1OS DE C\u00c1RCEL PARA HOMBRE QUE ABUS\u00d3 A NI\u00d1A DE 4 A\u00d1OS - innoticiasbo.com","isPartOf":{"@id":"https:\/\/innoticiasbo.com\/#website"},"primaryImageOfPage":{"@id":"https:\/\/innoticiasbo.com\/index.php\/2024\/11\/22\/once-anos-de-carcel-para-hombre-que-abuso-a-nina-de-4-anos\/#primaryimage"},"image":{"@id":"https:\/\/innoticiasbo.com\/index.php\/2024\/11\/22\/once-anos-de-carcel-para-hombre-que-abuso-a-nina-de-4-anos\/#primaryimage"},"thumbnailUrl":"https:\/\/i0.wp.com\/innoticiasbo.com\/wp-content\/uploads\/2024\/11\/04e79040-6ebe-4067-89ca-539a26ed7e5b-1.jpg?fit=290%2C174&ssl=1","datePublished":"2024-11-22T22:54:37+00:00","dateModified":"2024-11-22T22:54:37+00:00","breadcrumb":{"@id":"https:\/\/innoticiasbo.com\/index.php\/2024\/11\/22\/once-anos-de-carcel-para-hombre-que-abuso-a-nina-de-4-anos\/#breadcrumb"},"inLanguage":"es","potentialAction":[{"@type":"ReadAction","target":["https:\/\/innoticiasbo.com\/index.php\/2024\/11\/22\/once-anos-de-carcel-para-hombre-que-abuso-a-nina-de-4-anos\/"]}]},{"@type":"ImageObject","inLanguage":"es","@id":"https:\/\/innoticiasbo.com\/index.php\/2024\/11\/22\/once-anos-de-carcel-para-hombre-que-abuso-a-nina-de-4-anos\/#primaryimage","url":"https:\/\/i0.wp.com\/innoticiasbo.com\/wp-content\/uploads\/2024\/11\/04e79040-6ebe-4067-89ca-539a26ed7e5b-1.jpg?fit=290%2C174&ssl=1","contentUrl":"https:\/\/i0.wp.com\/innoticiasbo.com\/wp-content\/uploads\/2024\/11\/04e79040-6ebe-4067-89ca-539a26ed7e5b-1.jpg?fit=290%2C174&ssl=1","width":290,"height":174},{"@type":"BreadcrumbList","@id":"https:\/\/innoticiasbo.com\/index.php\/2024\/11\/22\/once-anos-de-carcel-para-hombre-que-abuso-a-nina-de-4-anos\/#breadcrumb","itemListElement":[{"@type":"ListItem","position":1,"name":"Portada","item":"https:\/\/innoticiasbo.com\/"},{"@type":"ListItem","position":2,"name":"ONCE A\u00d1OS DE C\u00c1RCEL PARA HOMBRE QUE ABUS\u00d3 A NI\u00d1A DE 4 A\u00d1OS"}]},{"@type":"WebSite","@id":"https:\/\/innoticiasbo.com\/#website","url":"https:\/\/innoticiasbo.com\/","name":"innoticiasbo.com","description":"","publisher":{"@id":"https:\/\/innoticiasbo.com\/#organization"},"potentialAction":[{"@type":"SearchAction","target":{"@type":"EntryPoint","urlTemplate":"https:\/\/innoticiasbo.com\/?s={search_term_string}"},"query-input":{"@type":"PropertyValueSpecification","valueRequired":true,"valueName":"search_term_string"}}],"inLanguage":"es"},{"@type":"Organization","@id":"https:\/\/innoticiasbo.com\/#organization","name":"innoticiasbo.com","url":"https:\/\/innoticiasbo.com\/","logo":{"@type":"ImageObject","inLanguage":"es","@id":"https:\/\/innoticiasbo.com\/#\/schema\/logo\/image\/","url":"https:\/\/i0.wp.com\/innoticiasbo.com\/wp-content\/uploads\/2026\/04\/cropped-IN-LOGO.png?fit=1476%2C1476&ssl=1","contentUrl":"https:\/\/i0.wp.com\/innoticiasbo.com\/wp-content\/uploads\/2026\/04\/cropped-IN-LOGO.png?fit=1476%2C1476&ssl=1","width":1476,"height":1476,"caption":"innoticiasbo.com"},"image":{"@id":"https:\/\/innoticiasbo.com\/#\/schema\/logo\/image\/"},"sameAs":["https:\/\/www.facebook.com\/innoticiasbolivia","https:\/\/x.com\/innoticiasbo","https:\/\/www.instagram.com\/innoticiasbo","https:\/\/www.youtube.com\/innoticiasbo"]},{"@type":"Person","@id":"https:\/\/innoticiasbo.com\/#\/schema\/person\/8c935b6b11c0223d8f77dc01fc948202","name":"Eliza Riva","image":{"@type":"ImageObject","inLanguage":"es","@id":"https:\/\/innoticiasbo.com\/#\/schema\/person\/image\/","url":"https:\/\/secure.gravatar.com\/avatar\/fdc172c2af344133d19e57e4b7acdee4?s=96&d=mm&r=g","contentUrl":"https:\/\/secure.gravatar.com\/avatar\/fdc172c2af344133d19e57e4b7acdee4?s=96&d=mm&r=g","caption":"Eliza Riva"},"sameAs":["http:\/\/www.innoticiasbo.com"],"url":"https:\/\/innoticiasbo.com\/index.php\/author\/prensa-4\/"}]}},"jetpack_featured_media_url":"https:\/\/i0.wp.com\/innoticiasbo.com\/wp-content\/uploads\/2024\/11\/04e79040-6ebe-4067-89ca-539a26ed7e5b-1.jpg?fit=290%2C174&ssl=1","jetpack_likes_enabled":true,"jetpack_sharing_enabled":true,"jetpack_shortlink":"https:\/\/wp.me\/pg298x-xT","_links":{"self":[{"href":"https:\/\/innoticiasbo.com\/index.php\/wp-json\/wp\/v2\/posts\/2101","targetHints":{"allow":["GET"]}}],"collection":[{"href":"https:\/\/innoticiasbo.com\/index.php\/wp-json\/wp\/v2\/posts"}],"about":[{"href":"https:\/\/innoticiasbo.com\/index.php\/wp-json\/wp\/v2\/types\/post"}],"author":[{"embeddable":true,"href":"https:\/\/innoticiasbo.com\/index.php\/wp-json\/wp\/v2\/users\/6"}],"replies":[{"embeddable":true,"href":"https:\/\/innoticiasbo.com\/index.php\/wp-json\/wp\/v2\/comments?post=2101"}],"version-history":[{"count":1,"href":"https:\/\/innoticiasbo.com\/index.php\/wp-json\/wp\/v2\/posts\/2101\/revisions"}],"predecessor-version":[{"id":2102,"href":"https:\/\/innoticiasbo.com\/index.php\/wp-json\/wp\/v2\/posts\/2101\/revisions\/2102"}],"wp:featuredmedia":[{"embeddable":true,"href":"https:\/\/innoticiasbo.com\/index.php\/wp-json\/wp\/v2\/media\/2100"}],"wp:attachment":[{"href":"https:\/\/innoticiasbo.com\/index.php\/wp-json\/wp\/v2\/media?parent=2101"}],"wp:term":[{"taxonomy":"category","embeddable":true,"href":"https:\/\/innoticiasbo.com\/index.php\/wp-json\/wp\/v2\/categories?post=2101"},{"taxonomy":"post_tag","embeddable":true,"href":"https:\/\/innoticiasbo.com\/index.php\/wp-json\/wp\/v2\/tags?post=2101"}],"curies":[{"name":"wp","href":"https:\/\/api.w.org\/{rel}","templated":true}]}}