{"id":2098,"date":"2024-11-22T04:21:06","date_gmt":"2024-11-22T04:21:06","guid":{"rendered":"https:\/\/innoticiasbo.com\/?p=2098"},"modified":"2024-11-22T04:21:15","modified_gmt":"2024-11-22T04:21:15","slug":"evo-en-entrevista-con-medio-argentino-tengo-miedo-lucho-no-me-mates","status":"publish","type":"post","link":"https:\/\/innoticiasbo.com\/index.php\/2024\/11\/22\/evo-en-entrevista-con-medio-argentino-tengo-miedo-lucho-no-me-mates\/","title":{"rendered":"EVO EN ENTREVISTA CON MEDIO ARGENTINO: \u201cTENGO MIEDO\u201d, \u201cLUCHO NO ME MATES\u201d"},"content":{"rendered":"\n<p>Argentina, 22 de noviembre de 2024.- En una entrevista con Daniel Carlos Tognetti, periodista y conductor de televisi\u00f3n argentino, Evo Morales Ayma reiter\u00f3 que hubo un intento de asesinato en su contra, y apunt\u00f3 al presidente del Estado, Luis Arce Catacora.<\/p>\n\n\n\n<p><br>\u201cTengo miedo, lo que ha pasado es grave\u201d, dijo el exmandatario, al tiempo de asegurar que al no poder \u201cacabarlo\u201d, moral, sindical y pol\u00edticamente, intentaron da\u00f1arlo f\u00edsicamente.<br>\u201cMe salv\u00e9, Dios me salv\u00f3, mis padres me salvaron, la madre tierra me salv\u00f3\u201d, recalca, asegurando que los veh\u00edculos en los que iba, en total, recibieron 16 balazos.<\/p>\n\n\n\n<figure class=\"wp-block-image size-large\"><img data-recalc-dims=\"1\" loading=\"lazy\" decoding=\"async\" width=\"640\" height=\"364\" src=\"https:\/\/i0.wp.com\/innoticiasbo.com\/wp-content\/uploads\/2024\/11\/10000289686115804544416084659.jpg?resize=640%2C364&#038;ssl=1\" alt=\"\" class=\"wp-image-2096\" srcset=\"https:\/\/i0.wp.com\/innoticiasbo.com\/wp-content\/uploads\/2024\/11\/10000289686115804544416084659.jpg?w=980&amp;ssl=1 980w, https:\/\/i0.wp.com\/innoticiasbo.com\/wp-content\/uploads\/2024\/11\/10000289686115804544416084659.jpg?resize=300%2C171&amp;ssl=1 300w, https:\/\/i0.wp.com\/innoticiasbo.com\/wp-content\/uploads\/2024\/11\/10000289686115804544416084659.jpg?resize=768%2C437&amp;ssl=1 768w\" sizes=\"auto, (max-width: 640px) 100vw, 640px\" \/><\/figure>\n\n\n\n<p><br>Reconoci\u00f3 que el veh\u00edculo blindado se lo \u201cprest\u00f3\u201d el presidente de Venezuela, Nicol\u00e1s Maduro.<br>\u201cMaduro me salv\u00f3. Si hubiera sido otro autito, un taxisito, me mataban. Si no hubieran sido esos carros, me mataban, eran carros nuevos\u201d, detall\u00f3 y asegur\u00f3 en reiteradas ocasiones que quisieron matarlo, una acci\u00f3n que, supuestamente, intentar\u00edan pasar como un \u201cajuste de cuentas\u201d.<br>Morales asegur\u00f3 que tiene informaci\u00f3n sobre el operativo en su contra gracias a polic\u00edas y militares \u201cbuenas gentes\u201d.<\/p>\n\n\n\n<p><br>\u201c\u00bfUsted cree que Lucho Arce dio la orden de detenerlo o de matarlo?\u201d consult\u00f3 el periodista argentino, a lo que el l\u00edder cocalero respondi\u00f3 que si Arce no dio la orden, debi\u00f3 destituir a los ministros (de Gobierno y de Defensa) y abrir una investigaci\u00f3n. Lo que no ha sucedido hasta ahora.<\/p>\n\n\n\n<p><br>\u201cMe duele lo que me hace Lucho Arce, el Gobierno\u201d, indic\u00f3, al tiempo que arremeti\u00f3 contra los ministros Edgar Monta\u00f1o y Mar\u00eda Nela Prada, entre otros, a quienes acus\u00f3 de no haber aportado al proceso de cambio, sin embargo, ahora se adue\u00f1an de la sigla del MAS.<br>Morales Ayma confirm\u00f3 que actualmente est\u00e1 en la sede de las Seis Federaciones del Tr\u00f3pico de Cochabamba, en Lauca \u00d1, donde, por decisi\u00f3n de sus compa\u00f1eros, cada d\u00eda est\u00e1 acompa\u00f1ado por 1.500 personas en diferentes turnos, por seguridad.<\/p>\n\n\n\n<p><br>\u201c\u00bfTeme por su vida?\u201d, pregunt\u00f3 Tognetti, a lo que Morales confirm\u00f3 que s\u00ed.<br>\u201cTengo mucho miedo. Aunque me detenga, yo dir\u00eda por favor que no me mate Lucho. Lo digo de frente, Lucho no me mates. No he hecho ning\u00fan da\u00f1o, s\u00f3lo he luchado contra la corrupci\u00f3n y vamos a seguir luchando contra la corrupci\u00f3n\u201d, recalc\u00f3. Asegur\u00f3 que la instrucci\u00f3n es \u201cagarrar al Evo muerto o vivo\u201d.<\/p>\n\n\n\n<h1 class=\"wp-block-heading\">#Evomoralesayma #LuchoArce #mas #bolivia #pol\u00edtica #innoticias<\/h1>\n","protected":false},"excerpt":{"rendered":"<p>Argentina, 22 de noviembre de 2024.- En una entrevista con Daniel Carlos Tognetti, periodista y conductor de televisi\u00f3n argentino, Evo Morales Ayma reiter\u00f3 que hubo un intento de asesinato en su contra, y apunt\u00f3 al presidente del Estado, Luis Arce Catacora. \u201cTengo miedo, lo que ha pasado es grave\u201d, dijo el exmandatario, al tiempo de&#8230;<\/p>\n","protected":false},"author":2,"featured_media":2097,"comment_status":"open","ping_status":"open","sticky":false,"template":"","format":"standard","meta":{"_jetpack_memberships_contains_paid_content":false,"footnotes":"","jetpack_publicize_message":"","jetpack_publicize_feature_enabled":true,"jetpack_social_post_already_shared":true,"jetpack_social_options":{"image_generator_settings":{"template":"highway","enabled":false},"version":2}},"categories":[3],"tags":[],"class_list":["post-2098","post","type-post","status-publish","format-standard","has-post-thumbnail","hentry","category-politica"],"jetpack_publicize_connections":[],"yoast_head":"<!-- This site is optimized with the Yoast SEO plugin v23.4 - https:\/\/yoast.com\/wordpress\/plugins\/seo\/ -->\n<title>EVO EN ENTREVISTA CON MEDIO ARGENTINO: \u201cTENGO MIEDO\u201d, \u201cLUCHO NO ME MATES\u201d - innoticiasbo.com<\/title>\n<meta name=\"robots\" content=\"index, follow, max-snippet:-1, max-image-preview:large, max-video-preview:-1\" \/>\n<link rel=\"canonical\" href=\"https:\/\/innoticiasbo.com\/index.php\/2024\/11\/22\/evo-en-entrevista-con-medio-argentino-tengo-miedo-lucho-no-me-mates\/\" \/>\n<meta property=\"og:locale\" content=\"es_ES\" \/>\n<meta property=\"og:type\" content=\"article\" \/>\n<meta property=\"og:title\" content=\"EVO EN ENTREVISTA CON MEDIO ARGENTINO: \u201cTENGO MIEDO\u201d, \u201cLUCHO NO ME MATES\u201d - innoticiasbo.com\" \/>\n<meta property=\"og:description\" content=\"Argentina, 22 de noviembre de 2024.- En una entrevista con Daniel Carlos Tognetti, periodista y conductor de televisi\u00f3n argentino, Evo Morales Ayma reiter\u00f3 que hubo un intento de asesinato en su contra, y apunt\u00f3 al presidente del Estado, Luis Arce Catacora. \u201cTengo miedo, lo que ha pasado es grave\u201d, dijo el exmandatario, al tiempo de...\" \/>\n<meta property=\"og:url\" content=\"https:\/\/innoticiasbo.com\/index.php\/2024\/11\/22\/evo-en-entrevista-con-medio-argentino-tengo-miedo-lucho-no-me-mates\/\" \/>\n<meta property=\"og:site_name\" content=\"innoticiasbo.com\" \/>\n<meta property=\"article:publisher\" content=\"https:\/\/www.facebook.com\/innoticiasbolivia\" \/>\n<meta property=\"article:published_time\" content=\"2024-11-22T04:21:06+00:00\" \/>\n<meta property=\"article:modified_time\" content=\"2024-11-22T04:21:15+00:00\" \/>\n<meta property=\"og:image\" content=\"https:\/\/i0.wp.com\/innoticiasbo.com\/wp-content\/uploads\/2024\/11\/IMG-20241122-WA0000.jpg?fit=980%2C557&ssl=1\" \/>\n\t<meta property=\"og:image:width\" content=\"980\" \/>\n\t<meta property=\"og:image:height\" content=\"557\" \/>\n\t<meta property=\"og:image:type\" content=\"image\/jpeg\" \/>\n<meta name=\"author\" content=\"Prensa\" \/>\n<meta name=\"twitter:card\" content=\"summary_large_image\" \/>\n<meta name=\"twitter:creator\" content=\"@innoticiasbo\" \/>\n<meta name=\"twitter:site\" content=\"@innoticiasbo\" \/>\n<meta name=\"twitter:label1\" content=\"Escrito por\" \/>\n\t<meta name=\"twitter:data1\" content=\"Prensa\" \/>\n\t<meta name=\"twitter:label2\" content=\"Tiempo de lectura\" \/>\n\t<meta name=\"twitter:data2\" content=\"2 minutos\" \/>\n<script type=\"application\/ld+json\" class=\"yoast-schema-graph\">{\"@context\":\"https:\/\/schema.org\",\"@graph\":[{\"@type\":\"Article\",\"@id\":\"https:\/\/innoticiasbo.com\/index.php\/2024\/11\/22\/evo-en-entrevista-con-medio-argentino-tengo-miedo-lucho-no-me-mates\/#article\",\"isPartOf\":{\"@id\":\"https:\/\/innoticiasbo.com\/index.php\/2024\/11\/22\/evo-en-entrevista-con-medio-argentino-tengo-miedo-lucho-no-me-mates\/\"},\"author\":{\"name\":\"Prensa\",\"@id\":\"https:\/\/innoticiasbo.com\/#\/schema\/person\/589cd527c4211df1b943bdad85ec07ce\"},\"headline\":\"EVO EN ENTREVISTA CON MEDIO ARGENTINO: \u201cTENGO MIEDO\u201d, \u201cLUCHO NO ME MATES\u201d\",\"datePublished\":\"2024-11-22T04:21:06+00:00\",\"dateModified\":\"2024-11-22T04:21:15+00:00\",\"mainEntityOfPage\":{\"@id\":\"https:\/\/innoticiasbo.com\/index.php\/2024\/11\/22\/evo-en-entrevista-con-medio-argentino-tengo-miedo-lucho-no-me-mates\/\"},\"wordCount\":418,\"commentCount\":0,\"publisher\":{\"@id\":\"https:\/\/innoticiasbo.com\/#organization\"},\"image\":{\"@id\":\"https:\/\/innoticiasbo.com\/index.php\/2024\/11\/22\/evo-en-entrevista-con-medio-argentino-tengo-miedo-lucho-no-me-mates\/#primaryimage\"},\"thumbnailUrl\":\"https:\/\/i0.wp.com\/innoticiasbo.com\/wp-content\/uploads\/2024\/11\/IMG-20241122-WA0000.jpg?fit=980%2C557&ssl=1\",\"articleSection\":[\"Pol\u00edtica\"],\"inLanguage\":\"es\",\"potentialAction\":[{\"@type\":\"CommentAction\",\"name\":\"Comment\",\"target\":[\"https:\/\/innoticiasbo.com\/index.php\/2024\/11\/22\/evo-en-entrevista-con-medio-argentino-tengo-miedo-lucho-no-me-mates\/#respond\"]}]},{\"@type\":\"WebPage\",\"@id\":\"https:\/\/innoticiasbo.com\/index.php\/2024\/11\/22\/evo-en-entrevista-con-medio-argentino-tengo-miedo-lucho-no-me-mates\/\",\"url\":\"https:\/\/innoticiasbo.com\/index.php\/2024\/11\/22\/evo-en-entrevista-con-medio-argentino-tengo-miedo-lucho-no-me-mates\/\",\"name\":\"EVO EN ENTREVISTA CON MEDIO ARGENTINO: \u201cTENGO MIEDO\u201d, \u201cLUCHO NO ME MATES\u201d - innoticiasbo.com\",\"isPartOf\":{\"@id\":\"https:\/\/innoticiasbo.com\/#website\"},\"primaryImageOfPage\":{\"@id\":\"https:\/\/innoticiasbo.com\/index.php\/2024\/11\/22\/evo-en-entrevista-con-medio-argentino-tengo-miedo-lucho-no-me-mates\/#primaryimage\"},\"image\":{\"@id\":\"https:\/\/innoticiasbo.com\/index.php\/2024\/11\/22\/evo-en-entrevista-con-medio-argentino-tengo-miedo-lucho-no-me-mates\/#primaryimage\"},\"thumbnailUrl\":\"https:\/\/i0.wp.com\/innoticiasbo.com\/wp-content\/uploads\/2024\/11\/IMG-20241122-WA0000.jpg?fit=980%2C557&ssl=1\",\"datePublished\":\"2024-11-22T04:21:06+00:00\",\"dateModified\":\"2024-11-22T04:21:15+00:00\",\"breadcrumb\":{\"@id\":\"https:\/\/innoticiasbo.com\/index.php\/2024\/11\/22\/evo-en-entrevista-con-medio-argentino-tengo-miedo-lucho-no-me-mates\/#breadcrumb\"},\"inLanguage\":\"es\",\"potentialAction\":[{\"@type\":\"ReadAction\",\"target\":[\"https:\/\/innoticiasbo.com\/index.php\/2024\/11\/22\/evo-en-entrevista-con-medio-argentino-tengo-miedo-lucho-no-me-mates\/\"]}]},{\"@type\":\"ImageObject\",\"inLanguage\":\"es\",\"@id\":\"https:\/\/innoticiasbo.com\/index.php\/2024\/11\/22\/evo-en-entrevista-con-medio-argentino-tengo-miedo-lucho-no-me-mates\/#primaryimage\",\"url\":\"https:\/\/i0.wp.com\/innoticiasbo.com\/wp-content\/uploads\/2024\/11\/IMG-20241122-WA0000.jpg?fit=980%2C557&ssl=1\",\"contentUrl\":\"https:\/\/i0.wp.com\/innoticiasbo.com\/wp-content\/uploads\/2024\/11\/IMG-20241122-WA0000.jpg?fit=980%2C557&ssl=1\",\"width\":980,\"height\":557},{\"@type\":\"BreadcrumbList\",\"@id\":\"https:\/\/innoticiasbo.com\/index.php\/2024\/11\/22\/evo-en-entrevista-con-medio-argentino-tengo-miedo-lucho-no-me-mates\/#breadcrumb\",\"itemListElement\":[{\"@type\":\"ListItem\",\"position\":1,\"name\":\"Portada\",\"item\":\"https:\/\/innoticiasbo.com\/\"},{\"@type\":\"ListItem\",\"position\":2,\"name\":\"EVO EN ENTREVISTA CON MEDIO ARGENTINO: \u201cTENGO MIEDO\u201d, \u201cLUCHO NO ME MATES\u201d\"}]},{\"@type\":\"WebSite\",\"@id\":\"https:\/\/innoticiasbo.com\/#website\",\"url\":\"https:\/\/innoticiasbo.com\/\",\"name\":\"innoticiasbo.com\",\"description\":\"\",\"publisher\":{\"@id\":\"https:\/\/innoticiasbo.com\/#organization\"},\"potentialAction\":[{\"@type\":\"SearchAction\",\"target\":{\"@type\":\"EntryPoint\",\"urlTemplate\":\"https:\/\/innoticiasbo.com\/?s={search_term_string}\"},\"query-input\":{\"@type\":\"PropertyValueSpecification\",\"valueRequired\":true,\"valueName\":\"search_term_string\"}}],\"inLanguage\":\"es\"},{\"@type\":\"Organization\",\"@id\":\"https:\/\/innoticiasbo.com\/#organization\",\"name\":\"innoticiasbo.com\",\"url\":\"https:\/\/innoticiasbo.com\/\",\"logo\":{\"@type\":\"ImageObject\",\"inLanguage\":\"es\",\"@id\":\"https:\/\/innoticiasbo.com\/#\/schema\/logo\/image\/\",\"url\":\"https:\/\/i0.wp.com\/innoticiasbo.com\/wp-content\/uploads\/2026\/04\/cropped-IN-LOGO.png?fit=1476%2C1476&ssl=1\",\"contentUrl\":\"https:\/\/i0.wp.com\/innoticiasbo.com\/wp-content\/uploads\/2026\/04\/cropped-IN-LOGO.png?fit=1476%2C1476&ssl=1\",\"width\":1476,\"height\":1476,\"caption\":\"innoticiasbo.com\"},\"image\":{\"@id\":\"https:\/\/innoticiasbo.com\/#\/schema\/logo\/image\/\"},\"sameAs\":[\"https:\/\/www.facebook.com\/innoticiasbolivia\",\"https:\/\/x.com\/innoticiasbo\",\"https:\/\/www.instagram.com\/innoticiasbo\",\"https:\/\/www.youtube.com\/innoticiasbo\"]},{\"@type\":\"Person\",\"@id\":\"https:\/\/innoticiasbo.com\/#\/schema\/person\/589cd527c4211df1b943bdad85ec07ce\",\"name\":\"Prensa\",\"image\":{\"@type\":\"ImageObject\",\"inLanguage\":\"es\",\"@id\":\"https:\/\/innoticiasbo.com\/#\/schema\/person\/image\/\",\"url\":\"https:\/\/secure.gravatar.com\/avatar\/d359bbdf112023c1c0a3ec7fe1600657?s=96&d=mm&r=g\",\"contentUrl\":\"https:\/\/secure.gravatar.com\/avatar\/d359bbdf112023c1c0a3ec7fe1600657?s=96&d=mm&r=g\",\"caption\":\"Prensa\"},\"sameAs\":[\"http:\/\/www.innoticiasbo.com\"],\"url\":\"https:\/\/innoticiasbo.com\/index.php\/author\/prensa\/\"}]}<\/script>\n<!-- \/ Yoast SEO plugin. -->","yoast_head_json":{"title":"EVO EN ENTREVISTA CON MEDIO ARGENTINO: \u201cTENGO MIEDO\u201d, \u201cLUCHO NO ME MATES\u201d - innoticiasbo.com","robots":{"index":"index","follow":"follow","max-snippet":"max-snippet:-1","max-image-preview":"max-image-preview:large","max-video-preview":"max-video-preview:-1"},"canonical":"https:\/\/innoticiasbo.com\/index.php\/2024\/11\/22\/evo-en-entrevista-con-medio-argentino-tengo-miedo-lucho-no-me-mates\/","og_locale":"es_ES","og_type":"article","og_title":"EVO EN ENTREVISTA CON MEDIO ARGENTINO: \u201cTENGO MIEDO\u201d, \u201cLUCHO NO ME MATES\u201d - innoticiasbo.com","og_description":"Argentina, 22 de noviembre de 2024.- En una entrevista con Daniel Carlos Tognetti, periodista y conductor de televisi\u00f3n argentino, Evo Morales Ayma reiter\u00f3 que hubo un intento de asesinato en su contra, y apunt\u00f3 al presidente del Estado, Luis Arce Catacora. \u201cTengo miedo, lo que ha pasado es grave\u201d, dijo el exmandatario, al tiempo de...","og_url":"https:\/\/innoticiasbo.com\/index.php\/2024\/11\/22\/evo-en-entrevista-con-medio-argentino-tengo-miedo-lucho-no-me-mates\/","og_site_name":"innoticiasbo.com","article_publisher":"https:\/\/www.facebook.com\/innoticiasbolivia","article_published_time":"2024-11-22T04:21:06+00:00","article_modified_time":"2024-11-22T04:21:15+00:00","og_image":[{"width":980,"height":557,"url":"https:\/\/i0.wp.com\/innoticiasbo.com\/wp-content\/uploads\/2024\/11\/IMG-20241122-WA0000.jpg?fit=980%2C557&ssl=1","type":"image\/jpeg"}],"author":"Prensa","twitter_card":"summary_large_image","twitter_creator":"@innoticiasbo","twitter_site":"@innoticiasbo","twitter_misc":{"Escrito por":"Prensa","Tiempo de lectura":"2 minutos"},"schema":{"@context":"https:\/\/schema.org","@graph":[{"@type":"Article","@id":"https:\/\/innoticiasbo.com\/index.php\/2024\/11\/22\/evo-en-entrevista-con-medio-argentino-tengo-miedo-lucho-no-me-mates\/#article","isPartOf":{"@id":"https:\/\/innoticiasbo.com\/index.php\/2024\/11\/22\/evo-en-entrevista-con-medio-argentino-tengo-miedo-lucho-no-me-mates\/"},"author":{"name":"Prensa","@id":"https:\/\/innoticiasbo.com\/#\/schema\/person\/589cd527c4211df1b943bdad85ec07ce"},"headline":"EVO EN ENTREVISTA CON MEDIO ARGENTINO: \u201cTENGO MIEDO\u201d, \u201cLUCHO NO ME MATES\u201d","datePublished":"2024-11-22T04:21:06+00:00","dateModified":"2024-11-22T04:21:15+00:00","mainEntityOfPage":{"@id":"https:\/\/innoticiasbo.com\/index.php\/2024\/11\/22\/evo-en-entrevista-con-medio-argentino-tengo-miedo-lucho-no-me-mates\/"},"wordCount":418,"commentCount":0,"publisher":{"@id":"https:\/\/innoticiasbo.com\/#organization"},"image":{"@id":"https:\/\/innoticiasbo.com\/index.php\/2024\/11\/22\/evo-en-entrevista-con-medio-argentino-tengo-miedo-lucho-no-me-mates\/#primaryimage"},"thumbnailUrl":"https:\/\/i0.wp.com\/innoticiasbo.com\/wp-content\/uploads\/2024\/11\/IMG-20241122-WA0000.jpg?fit=980%2C557&ssl=1","articleSection":["Pol\u00edtica"],"inLanguage":"es","potentialAction":[{"@type":"CommentAction","name":"Comment","target":["https:\/\/innoticiasbo.com\/index.php\/2024\/11\/22\/evo-en-entrevista-con-medio-argentino-tengo-miedo-lucho-no-me-mates\/#respond"]}]},{"@type":"WebPage","@id":"https:\/\/innoticiasbo.com\/index.php\/2024\/11\/22\/evo-en-entrevista-con-medio-argentino-tengo-miedo-lucho-no-me-mates\/","url":"https:\/\/innoticiasbo.com\/index.php\/2024\/11\/22\/evo-en-entrevista-con-medio-argentino-tengo-miedo-lucho-no-me-mates\/","name":"EVO EN ENTREVISTA CON MEDIO ARGENTINO: \u201cTENGO MIEDO\u201d, \u201cLUCHO NO ME MATES\u201d - innoticiasbo.com","isPartOf":{"@id":"https:\/\/innoticiasbo.com\/#website"},"primaryImageOfPage":{"@id":"https:\/\/innoticiasbo.com\/index.php\/2024\/11\/22\/evo-en-entrevista-con-medio-argentino-tengo-miedo-lucho-no-me-mates\/#primaryimage"},"image":{"@id":"https:\/\/innoticiasbo.com\/index.php\/2024\/11\/22\/evo-en-entrevista-con-medio-argentino-tengo-miedo-lucho-no-me-mates\/#primaryimage"},"thumbnailUrl":"https:\/\/i0.wp.com\/innoticiasbo.com\/wp-content\/uploads\/2024\/11\/IMG-20241122-WA0000.jpg?fit=980%2C557&ssl=1","datePublished":"2024-11-22T04:21:06+00:00","dateModified":"2024-11-22T04:21:15+00:00","breadcrumb":{"@id":"https:\/\/innoticiasbo.com\/index.php\/2024\/11\/22\/evo-en-entrevista-con-medio-argentino-tengo-miedo-lucho-no-me-mates\/#breadcrumb"},"inLanguage":"es","potentialAction":[{"@type":"ReadAction","target":["https:\/\/innoticiasbo.com\/index.php\/2024\/11\/22\/evo-en-entrevista-con-medio-argentino-tengo-miedo-lucho-no-me-mates\/"]}]},{"@type":"ImageObject","inLanguage":"es","@id":"https:\/\/innoticiasbo.com\/index.php\/2024\/11\/22\/evo-en-entrevista-con-medio-argentino-tengo-miedo-lucho-no-me-mates\/#primaryimage","url":"https:\/\/i0.wp.com\/innoticiasbo.com\/wp-content\/uploads\/2024\/11\/IMG-20241122-WA0000.jpg?fit=980%2C557&ssl=1","contentUrl":"https:\/\/i0.wp.com\/innoticiasbo.com\/wp-content\/uploads\/2024\/11\/IMG-20241122-WA0000.jpg?fit=980%2C557&ssl=1","width":980,"height":557},{"@type":"BreadcrumbList","@id":"https:\/\/innoticiasbo.com\/index.php\/2024\/11\/22\/evo-en-entrevista-con-medio-argentino-tengo-miedo-lucho-no-me-mates\/#breadcrumb","itemListElement":[{"@type":"ListItem","position":1,"name":"Portada","item":"https:\/\/innoticiasbo.com\/"},{"@type":"ListItem","position":2,"name":"EVO EN ENTREVISTA CON MEDIO ARGENTINO: \u201cTENGO MIEDO\u201d, \u201cLUCHO NO ME MATES\u201d"}]},{"@type":"WebSite","@id":"https:\/\/innoticiasbo.com\/#website","url":"https:\/\/innoticiasbo.com\/","name":"innoticiasbo.com","description":"","publisher":{"@id":"https:\/\/innoticiasbo.com\/#organization"},"potentialAction":[{"@type":"SearchAction","target":{"@type":"EntryPoint","urlTemplate":"https:\/\/innoticiasbo.com\/?s={search_term_string}"},"query-input":{"@type":"PropertyValueSpecification","valueRequired":true,"valueName":"search_term_string"}}],"inLanguage":"es"},{"@type":"Organization","@id":"https:\/\/innoticiasbo.com\/#organization","name":"innoticiasbo.com","url":"https:\/\/innoticiasbo.com\/","logo":{"@type":"ImageObject","inLanguage":"es","@id":"https:\/\/innoticiasbo.com\/#\/schema\/logo\/image\/","url":"https:\/\/i0.wp.com\/innoticiasbo.com\/wp-content\/uploads\/2026\/04\/cropped-IN-LOGO.png?fit=1476%2C1476&ssl=1","contentUrl":"https:\/\/i0.wp.com\/innoticiasbo.com\/wp-content\/uploads\/2026\/04\/cropped-IN-LOGO.png?fit=1476%2C1476&ssl=1","width":1476,"height":1476,"caption":"innoticiasbo.com"},"image":{"@id":"https:\/\/innoticiasbo.com\/#\/schema\/logo\/image\/"},"sameAs":["https:\/\/www.facebook.com\/innoticiasbolivia","https:\/\/x.com\/innoticiasbo","https:\/\/www.instagram.com\/innoticiasbo","https:\/\/www.youtube.com\/innoticiasbo"]},{"@type":"Person","@id":"https:\/\/innoticiasbo.com\/#\/schema\/person\/589cd527c4211df1b943bdad85ec07ce","name":"Prensa","image":{"@type":"ImageObject","inLanguage":"es","@id":"https:\/\/innoticiasbo.com\/#\/schema\/person\/image\/","url":"https:\/\/secure.gravatar.com\/avatar\/d359bbdf112023c1c0a3ec7fe1600657?s=96&d=mm&r=g","contentUrl":"https:\/\/secure.gravatar.com\/avatar\/d359bbdf112023c1c0a3ec7fe1600657?s=96&d=mm&r=g","caption":"Prensa"},"sameAs":["http:\/\/www.innoticiasbo.com"],"url":"https:\/\/innoticiasbo.com\/index.php\/author\/prensa\/"}]}},"jetpack_featured_media_url":"https:\/\/i0.wp.com\/innoticiasbo.com\/wp-content\/uploads\/2024\/11\/IMG-20241122-WA0000.jpg?fit=980%2C557&ssl=1","jetpack_likes_enabled":true,"jetpack_sharing_enabled":true,"jetpack_shortlink":"https:\/\/wp.me\/pg298x-xQ","_links":{"self":[{"href":"https:\/\/innoticiasbo.com\/index.php\/wp-json\/wp\/v2\/posts\/2098","targetHints":{"allow":["GET"]}}],"collection":[{"href":"https:\/\/innoticiasbo.com\/index.php\/wp-json\/wp\/v2\/posts"}],"about":[{"href":"https:\/\/innoticiasbo.com\/index.php\/wp-json\/wp\/v2\/types\/post"}],"author":[{"embeddable":true,"href":"https:\/\/innoticiasbo.com\/index.php\/wp-json\/wp\/v2\/users\/2"}],"replies":[{"embeddable":true,"href":"https:\/\/innoticiasbo.com\/index.php\/wp-json\/wp\/v2\/comments?post=2098"}],"version-history":[{"count":1,"href":"https:\/\/innoticiasbo.com\/index.php\/wp-json\/wp\/v2\/posts\/2098\/revisions"}],"predecessor-version":[{"id":2099,"href":"https:\/\/innoticiasbo.com\/index.php\/wp-json\/wp\/v2\/posts\/2098\/revisions\/2099"}],"wp:featuredmedia":[{"embeddable":true,"href":"https:\/\/innoticiasbo.com\/index.php\/wp-json\/wp\/v2\/media\/2097"}],"wp:attachment":[{"href":"https:\/\/innoticiasbo.com\/index.php\/wp-json\/wp\/v2\/media?parent=2098"}],"wp:term":[{"taxonomy":"category","embeddable":true,"href":"https:\/\/innoticiasbo.com\/index.php\/wp-json\/wp\/v2\/categories?post=2098"},{"taxonomy":"post_tag","embeddable":true,"href":"https:\/\/innoticiasbo.com\/index.php\/wp-json\/wp\/v2\/tags?post=2098"}],"curies":[{"name":"wp","href":"https:\/\/api.w.org\/{rel}","templated":true}]}}