{"id":2043,"date":"2024-11-14T21:48:24","date_gmt":"2024-11-14T21:48:24","guid":{"rendered":"https:\/\/innoticiasbo.com\/?p=2043"},"modified":"2024-11-14T21:48:54","modified_gmt":"2024-11-14T21:48:54","slug":"detencion-preventiva-en-chonchocoro-para-dirigentes-evistas","status":"publish","type":"post","link":"https:\/\/innoticiasbo.com\/index.php\/2024\/11\/14\/detencion-preventiva-en-chonchocoro-para-dirigentes-evistas\/","title":{"rendered":"DETENCI\u00d3N PREVENTIVA EN CHONCHOCORO PARA DIRIGENTES EVISTAS"},"content":{"rendered":"\n<p>La Paz,14 de noviembre del 2024.- La Fiscal\u00eda imputa por terrorismo y otros delitos a los dirigentes evistas Humberto Claros y Ramiro Cucho, adem\u00e1s, pide deternerlos preventivamente, por seis meses, en la c\u00e1rcel de Chonchocoro.<\/p>\n\n\n\n<p>Ambos dirigentes que lideraron los 24 d\u00edas de desbloqueo fueron aprehendidos el pasado mi\u00e9rcoles, el primero en Cochabamba y el segundo en Potos\u00ed, desde la oposici\u00f3n han solicitado que se castigue a quienes generaron zozobra y p\u00e9rdidas millonarias en el pa\u00eds tras esos d\u00edas de bloqueo en los que adem\u00e1s se registraron agresiones a trabajadores de la prensa y polic\u00edas.<\/p>\n\n\n\n<p>Foto BoliviaTV<\/p>\n","protected":false},"excerpt":{"rendered":"<p>La Paz,14 de noviembre del 2024.- La Fiscal\u00eda imputa por terrorismo y otros delitos a los dirigentes evistas Humberto Claros y Ramiro Cucho, adem\u00e1s, pide deternerlos preventivamente, por seis meses, en la c\u00e1rcel de Chonchocoro. Ambos dirigentes que lideraron los 24 d\u00edas de desbloqueo fueron aprehendidos el pasado mi\u00e9rcoles, el primero en Cochabamba y el&#8230;<\/p>\n","protected":false},"author":3,"featured_media":2042,"comment_status":"open","ping_status":"open","sticky":false,"template":"","format":"standard","meta":{"_jetpack_memberships_contains_paid_content":false,"footnotes":"","jetpack_publicize_message":"","jetpack_publicize_feature_enabled":true,"jetpack_social_post_already_shared":true,"jetpack_social_options":{"image_generator_settings":{"template":"highway","enabled":false},"version":2}},"categories":[15],"tags":[7],"class_list":["post-2043","post","type-post","status-publish","format-standard","has-post-thumbnail","hentry","category-seguridad","tag-bolivia"],"jetpack_publicize_connections":[],"yoast_head":"<!-- This site is optimized with the Yoast SEO plugin v23.4 - https:\/\/yoast.com\/wordpress\/plugins\/seo\/ -->\n<title>DETENCI\u00d3N PREVENTIVA EN CHONCHOCORO PARA DIRIGENTES EVISTAS - innoticiasbo.com<\/title>\n<meta name=\"robots\" content=\"index, follow, max-snippet:-1, max-image-preview:large, max-video-preview:-1\" \/>\n<link rel=\"canonical\" href=\"https:\/\/innoticiasbo.com\/index.php\/2024\/11\/14\/detencion-preventiva-en-chonchocoro-para-dirigentes-evistas\/\" \/>\n<meta property=\"og:locale\" content=\"es_ES\" \/>\n<meta property=\"og:type\" content=\"article\" \/>\n<meta property=\"og:title\" content=\"DETENCI\u00d3N PREVENTIVA EN CHONCHOCORO PARA DIRIGENTES EVISTAS - innoticiasbo.com\" \/>\n<meta property=\"og:description\" content=\"La Paz,14 de noviembre del 2024.- La Fiscal\u00eda imputa por terrorismo y otros delitos a los dirigentes evistas Humberto Claros y Ramiro Cucho, adem\u00e1s, pide deternerlos preventivamente, por seis meses, en la c\u00e1rcel de Chonchocoro. Ambos dirigentes que lideraron los 24 d\u00edas de desbloqueo fueron aprehendidos el pasado mi\u00e9rcoles, el primero en Cochabamba y el...\" \/>\n<meta property=\"og:url\" content=\"https:\/\/innoticiasbo.com\/index.php\/2024\/11\/14\/detencion-preventiva-en-chonchocoro-para-dirigentes-evistas\/\" \/>\n<meta property=\"og:site_name\" content=\"innoticiasbo.com\" \/>\n<meta property=\"article:publisher\" content=\"https:\/\/www.facebook.com\/innoticiasbolivia\" \/>\n<meta property=\"article:published_time\" content=\"2024-11-14T21:48:24+00:00\" \/>\n<meta property=\"article:modified_time\" content=\"2024-11-14T21:48:54+00:00\" \/>\n<meta property=\"og:image\" content=\"https:\/\/i0.wp.com\/innoticiasbo.com\/wp-content\/uploads\/2024\/11\/FB_IMG_1731620638757.jpg?fit=720%2C667&ssl=1\" \/>\n\t<meta property=\"og:image:width\" content=\"720\" \/>\n\t<meta property=\"og:image:height\" content=\"667\" \/>\n\t<meta property=\"og:image:type\" content=\"image\/jpeg\" \/>\n<meta name=\"author\" content=\"Prensa 2\" \/>\n<meta name=\"twitter:card\" content=\"summary_large_image\" \/>\n<meta name=\"twitter:creator\" content=\"@innoticiasbo\" \/>\n<meta name=\"twitter:site\" content=\"@innoticiasbo\" \/>\n<meta name=\"twitter:label1\" content=\"Escrito por\" \/>\n\t<meta name=\"twitter:data1\" content=\"Prensa 2\" \/>\n\t<meta name=\"twitter:label2\" content=\"Tiempo de lectura\" \/>\n\t<meta name=\"twitter:data2\" content=\"1 minuto\" \/>\n<script type=\"application\/ld+json\" class=\"yoast-schema-graph\">{\"@context\":\"https:\/\/schema.org\",\"@graph\":[{\"@type\":\"Article\",\"@id\":\"https:\/\/innoticiasbo.com\/index.php\/2024\/11\/14\/detencion-preventiva-en-chonchocoro-para-dirigentes-evistas\/#article\",\"isPartOf\":{\"@id\":\"https:\/\/innoticiasbo.com\/index.php\/2024\/11\/14\/detencion-preventiva-en-chonchocoro-para-dirigentes-evistas\/\"},\"author\":{\"name\":\"Prensa 2\",\"@id\":\"https:\/\/innoticiasbo.com\/#\/schema\/person\/6f3e5eca02a7cf7249145609797573f2\"},\"headline\":\"DETENCI\u00d3N PREVENTIVA EN CHONCHOCORO PARA DIRIGENTES EVISTAS\",\"datePublished\":\"2024-11-14T21:48:24+00:00\",\"dateModified\":\"2024-11-14T21:48:54+00:00\",\"mainEntityOfPage\":{\"@id\":\"https:\/\/innoticiasbo.com\/index.php\/2024\/11\/14\/detencion-preventiva-en-chonchocoro-para-dirigentes-evistas\/\"},\"wordCount\":115,\"commentCount\":0,\"publisher\":{\"@id\":\"https:\/\/innoticiasbo.com\/#organization\"},\"image\":{\"@id\":\"https:\/\/innoticiasbo.com\/index.php\/2024\/11\/14\/detencion-preventiva-en-chonchocoro-para-dirigentes-evistas\/#primaryimage\"},\"thumbnailUrl\":\"https:\/\/i0.wp.com\/innoticiasbo.com\/wp-content\/uploads\/2024\/11\/FB_IMG_1731620638757.jpg?fit=720%2C667&ssl=1\",\"keywords\":[\"Bolivia\"],\"articleSection\":[\"Seguridad\"],\"inLanguage\":\"es\",\"potentialAction\":[{\"@type\":\"CommentAction\",\"name\":\"Comment\",\"target\":[\"https:\/\/innoticiasbo.com\/index.php\/2024\/11\/14\/detencion-preventiva-en-chonchocoro-para-dirigentes-evistas\/#respond\"]}]},{\"@type\":\"WebPage\",\"@id\":\"https:\/\/innoticiasbo.com\/index.php\/2024\/11\/14\/detencion-preventiva-en-chonchocoro-para-dirigentes-evistas\/\",\"url\":\"https:\/\/innoticiasbo.com\/index.php\/2024\/11\/14\/detencion-preventiva-en-chonchocoro-para-dirigentes-evistas\/\",\"name\":\"DETENCI\u00d3N PREVENTIVA EN CHONCHOCORO PARA DIRIGENTES EVISTAS - innoticiasbo.com\",\"isPartOf\":{\"@id\":\"https:\/\/innoticiasbo.com\/#website\"},\"primaryImageOfPage\":{\"@id\":\"https:\/\/innoticiasbo.com\/index.php\/2024\/11\/14\/detencion-preventiva-en-chonchocoro-para-dirigentes-evistas\/#primaryimage\"},\"image\":{\"@id\":\"https:\/\/innoticiasbo.com\/index.php\/2024\/11\/14\/detencion-preventiva-en-chonchocoro-para-dirigentes-evistas\/#primaryimage\"},\"thumbnailUrl\":\"https:\/\/i0.wp.com\/innoticiasbo.com\/wp-content\/uploads\/2024\/11\/FB_IMG_1731620638757.jpg?fit=720%2C667&ssl=1\",\"datePublished\":\"2024-11-14T21:48:24+00:00\",\"dateModified\":\"2024-11-14T21:48:54+00:00\",\"breadcrumb\":{\"@id\":\"https:\/\/innoticiasbo.com\/index.php\/2024\/11\/14\/detencion-preventiva-en-chonchocoro-para-dirigentes-evistas\/#breadcrumb\"},\"inLanguage\":\"es\",\"potentialAction\":[{\"@type\":\"ReadAction\",\"target\":[\"https:\/\/innoticiasbo.com\/index.php\/2024\/11\/14\/detencion-preventiva-en-chonchocoro-para-dirigentes-evistas\/\"]}]},{\"@type\":\"ImageObject\",\"inLanguage\":\"es\",\"@id\":\"https:\/\/innoticiasbo.com\/index.php\/2024\/11\/14\/detencion-preventiva-en-chonchocoro-para-dirigentes-evistas\/#primaryimage\",\"url\":\"https:\/\/i0.wp.com\/innoticiasbo.com\/wp-content\/uploads\/2024\/11\/FB_IMG_1731620638757.jpg?fit=720%2C667&ssl=1\",\"contentUrl\":\"https:\/\/i0.wp.com\/innoticiasbo.com\/wp-content\/uploads\/2024\/11\/FB_IMG_1731620638757.jpg?fit=720%2C667&ssl=1\",\"width\":720,\"height\":667},{\"@type\":\"BreadcrumbList\",\"@id\":\"https:\/\/innoticiasbo.com\/index.php\/2024\/11\/14\/detencion-preventiva-en-chonchocoro-para-dirigentes-evistas\/#breadcrumb\",\"itemListElement\":[{\"@type\":\"ListItem\",\"position\":1,\"name\":\"Portada\",\"item\":\"https:\/\/innoticiasbo.com\/\"},{\"@type\":\"ListItem\",\"position\":2,\"name\":\"DETENCI\u00d3N PREVENTIVA EN CHONCHOCORO PARA DIRIGENTES EVISTAS\"}]},{\"@type\":\"WebSite\",\"@id\":\"https:\/\/innoticiasbo.com\/#website\",\"url\":\"https:\/\/innoticiasbo.com\/\",\"name\":\"innoticiasbo.com\",\"description\":\"\",\"publisher\":{\"@id\":\"https:\/\/innoticiasbo.com\/#organization\"},\"potentialAction\":[{\"@type\":\"SearchAction\",\"target\":{\"@type\":\"EntryPoint\",\"urlTemplate\":\"https:\/\/innoticiasbo.com\/?s={search_term_string}\"},\"query-input\":{\"@type\":\"PropertyValueSpecification\",\"valueRequired\":true,\"valueName\":\"search_term_string\"}}],\"inLanguage\":\"es\"},{\"@type\":\"Organization\",\"@id\":\"https:\/\/innoticiasbo.com\/#organization\",\"name\":\"innoticiasbo.com\",\"url\":\"https:\/\/innoticiasbo.com\/\",\"logo\":{\"@type\":\"ImageObject\",\"inLanguage\":\"es\",\"@id\":\"https:\/\/innoticiasbo.com\/#\/schema\/logo\/image\/\",\"url\":\"https:\/\/i0.wp.com\/innoticiasbo.com\/wp-content\/uploads\/2026\/04\/cropped-IN-LOGO.png?fit=1476%2C1476&ssl=1\",\"contentUrl\":\"https:\/\/i0.wp.com\/innoticiasbo.com\/wp-content\/uploads\/2026\/04\/cropped-IN-LOGO.png?fit=1476%2C1476&ssl=1\",\"width\":1476,\"height\":1476,\"caption\":\"innoticiasbo.com\"},\"image\":{\"@id\":\"https:\/\/innoticiasbo.com\/#\/schema\/logo\/image\/\"},\"sameAs\":[\"https:\/\/www.facebook.com\/innoticiasbolivia\",\"https:\/\/x.com\/innoticiasbo\",\"https:\/\/www.instagram.com\/innoticiasbo\",\"https:\/\/www.youtube.com\/innoticiasbo\"]},{\"@type\":\"Person\",\"@id\":\"https:\/\/innoticiasbo.com\/#\/schema\/person\/6f3e5eca02a7cf7249145609797573f2\",\"name\":\"Prensa 2\",\"image\":{\"@type\":\"ImageObject\",\"inLanguage\":\"es\",\"@id\":\"https:\/\/innoticiasbo.com\/#\/schema\/person\/image\/\",\"url\":\"https:\/\/secure.gravatar.com\/avatar\/1d189cd124d02eac2fef69ee12563d60?s=96&d=mm&r=g\",\"contentUrl\":\"https:\/\/secure.gravatar.com\/avatar\/1d189cd124d02eac2fef69ee12563d60?s=96&d=mm&r=g\",\"caption\":\"Prensa 2\"},\"sameAs\":[\"http:\/\/www.innoticiasbo.com\"],\"url\":\"https:\/\/innoticiasbo.com\/index.php\/author\/prensa-2\/\"}]}<\/script>\n<!-- \/ Yoast SEO plugin. -->","yoast_head_json":{"title":"DETENCI\u00d3N PREVENTIVA EN CHONCHOCORO PARA DIRIGENTES EVISTAS - innoticiasbo.com","robots":{"index":"index","follow":"follow","max-snippet":"max-snippet:-1","max-image-preview":"max-image-preview:large","max-video-preview":"max-video-preview:-1"},"canonical":"https:\/\/innoticiasbo.com\/index.php\/2024\/11\/14\/detencion-preventiva-en-chonchocoro-para-dirigentes-evistas\/","og_locale":"es_ES","og_type":"article","og_title":"DETENCI\u00d3N PREVENTIVA EN CHONCHOCORO PARA DIRIGENTES EVISTAS - innoticiasbo.com","og_description":"La Paz,14 de noviembre del 2024.- La Fiscal\u00eda imputa por terrorismo y otros delitos a los dirigentes evistas Humberto Claros y Ramiro Cucho, adem\u00e1s, pide deternerlos preventivamente, por seis meses, en la c\u00e1rcel de Chonchocoro. Ambos dirigentes que lideraron los 24 d\u00edas de desbloqueo fueron aprehendidos el pasado mi\u00e9rcoles, el primero en Cochabamba y el...","og_url":"https:\/\/innoticiasbo.com\/index.php\/2024\/11\/14\/detencion-preventiva-en-chonchocoro-para-dirigentes-evistas\/","og_site_name":"innoticiasbo.com","article_publisher":"https:\/\/www.facebook.com\/innoticiasbolivia","article_published_time":"2024-11-14T21:48:24+00:00","article_modified_time":"2024-11-14T21:48:54+00:00","og_image":[{"width":720,"height":667,"url":"https:\/\/i0.wp.com\/innoticiasbo.com\/wp-content\/uploads\/2024\/11\/FB_IMG_1731620638757.jpg?fit=720%2C667&ssl=1","type":"image\/jpeg"}],"author":"Prensa 2","twitter_card":"summary_large_image","twitter_creator":"@innoticiasbo","twitter_site":"@innoticiasbo","twitter_misc":{"Escrito por":"Prensa 2","Tiempo de lectura":"1 minuto"},"schema":{"@context":"https:\/\/schema.org","@graph":[{"@type":"Article","@id":"https:\/\/innoticiasbo.com\/index.php\/2024\/11\/14\/detencion-preventiva-en-chonchocoro-para-dirigentes-evistas\/#article","isPartOf":{"@id":"https:\/\/innoticiasbo.com\/index.php\/2024\/11\/14\/detencion-preventiva-en-chonchocoro-para-dirigentes-evistas\/"},"author":{"name":"Prensa 2","@id":"https:\/\/innoticiasbo.com\/#\/schema\/person\/6f3e5eca02a7cf7249145609797573f2"},"headline":"DETENCI\u00d3N PREVENTIVA EN CHONCHOCORO PARA DIRIGENTES EVISTAS","datePublished":"2024-11-14T21:48:24+00:00","dateModified":"2024-11-14T21:48:54+00:00","mainEntityOfPage":{"@id":"https:\/\/innoticiasbo.com\/index.php\/2024\/11\/14\/detencion-preventiva-en-chonchocoro-para-dirigentes-evistas\/"},"wordCount":115,"commentCount":0,"publisher":{"@id":"https:\/\/innoticiasbo.com\/#organization"},"image":{"@id":"https:\/\/innoticiasbo.com\/index.php\/2024\/11\/14\/detencion-preventiva-en-chonchocoro-para-dirigentes-evistas\/#primaryimage"},"thumbnailUrl":"https:\/\/i0.wp.com\/innoticiasbo.com\/wp-content\/uploads\/2024\/11\/FB_IMG_1731620638757.jpg?fit=720%2C667&ssl=1","keywords":["Bolivia"],"articleSection":["Seguridad"],"inLanguage":"es","potentialAction":[{"@type":"CommentAction","name":"Comment","target":["https:\/\/innoticiasbo.com\/index.php\/2024\/11\/14\/detencion-preventiva-en-chonchocoro-para-dirigentes-evistas\/#respond"]}]},{"@type":"WebPage","@id":"https:\/\/innoticiasbo.com\/index.php\/2024\/11\/14\/detencion-preventiva-en-chonchocoro-para-dirigentes-evistas\/","url":"https:\/\/innoticiasbo.com\/index.php\/2024\/11\/14\/detencion-preventiva-en-chonchocoro-para-dirigentes-evistas\/","name":"DETENCI\u00d3N PREVENTIVA EN CHONCHOCORO PARA DIRIGENTES EVISTAS - innoticiasbo.com","isPartOf":{"@id":"https:\/\/innoticiasbo.com\/#website"},"primaryImageOfPage":{"@id":"https:\/\/innoticiasbo.com\/index.php\/2024\/11\/14\/detencion-preventiva-en-chonchocoro-para-dirigentes-evistas\/#primaryimage"},"image":{"@id":"https:\/\/innoticiasbo.com\/index.php\/2024\/11\/14\/detencion-preventiva-en-chonchocoro-para-dirigentes-evistas\/#primaryimage"},"thumbnailUrl":"https:\/\/i0.wp.com\/innoticiasbo.com\/wp-content\/uploads\/2024\/11\/FB_IMG_1731620638757.jpg?fit=720%2C667&ssl=1","datePublished":"2024-11-14T21:48:24+00:00","dateModified":"2024-11-14T21:48:54+00:00","breadcrumb":{"@id":"https:\/\/innoticiasbo.com\/index.php\/2024\/11\/14\/detencion-preventiva-en-chonchocoro-para-dirigentes-evistas\/#breadcrumb"},"inLanguage":"es","potentialAction":[{"@type":"ReadAction","target":["https:\/\/innoticiasbo.com\/index.php\/2024\/11\/14\/detencion-preventiva-en-chonchocoro-para-dirigentes-evistas\/"]}]},{"@type":"ImageObject","inLanguage":"es","@id":"https:\/\/innoticiasbo.com\/index.php\/2024\/11\/14\/detencion-preventiva-en-chonchocoro-para-dirigentes-evistas\/#primaryimage","url":"https:\/\/i0.wp.com\/innoticiasbo.com\/wp-content\/uploads\/2024\/11\/FB_IMG_1731620638757.jpg?fit=720%2C667&ssl=1","contentUrl":"https:\/\/i0.wp.com\/innoticiasbo.com\/wp-content\/uploads\/2024\/11\/FB_IMG_1731620638757.jpg?fit=720%2C667&ssl=1","width":720,"height":667},{"@type":"BreadcrumbList","@id":"https:\/\/innoticiasbo.com\/index.php\/2024\/11\/14\/detencion-preventiva-en-chonchocoro-para-dirigentes-evistas\/#breadcrumb","itemListElement":[{"@type":"ListItem","position":1,"name":"Portada","item":"https:\/\/innoticiasbo.com\/"},{"@type":"ListItem","position":2,"name":"DETENCI\u00d3N PREVENTIVA EN CHONCHOCORO PARA DIRIGENTES EVISTAS"}]},{"@type":"WebSite","@id":"https:\/\/innoticiasbo.com\/#website","url":"https:\/\/innoticiasbo.com\/","name":"innoticiasbo.com","description":"","publisher":{"@id":"https:\/\/innoticiasbo.com\/#organization"},"potentialAction":[{"@type":"SearchAction","target":{"@type":"EntryPoint","urlTemplate":"https:\/\/innoticiasbo.com\/?s={search_term_string}"},"query-input":{"@type":"PropertyValueSpecification","valueRequired":true,"valueName":"search_term_string"}}],"inLanguage":"es"},{"@type":"Organization","@id":"https:\/\/innoticiasbo.com\/#organization","name":"innoticiasbo.com","url":"https:\/\/innoticiasbo.com\/","logo":{"@type":"ImageObject","inLanguage":"es","@id":"https:\/\/innoticiasbo.com\/#\/schema\/logo\/image\/","url":"https:\/\/i0.wp.com\/innoticiasbo.com\/wp-content\/uploads\/2026\/04\/cropped-IN-LOGO.png?fit=1476%2C1476&ssl=1","contentUrl":"https:\/\/i0.wp.com\/innoticiasbo.com\/wp-content\/uploads\/2026\/04\/cropped-IN-LOGO.png?fit=1476%2C1476&ssl=1","width":1476,"height":1476,"caption":"innoticiasbo.com"},"image":{"@id":"https:\/\/innoticiasbo.com\/#\/schema\/logo\/image\/"},"sameAs":["https:\/\/www.facebook.com\/innoticiasbolivia","https:\/\/x.com\/innoticiasbo","https:\/\/www.instagram.com\/innoticiasbo","https:\/\/www.youtube.com\/innoticiasbo"]},{"@type":"Person","@id":"https:\/\/innoticiasbo.com\/#\/schema\/person\/6f3e5eca02a7cf7249145609797573f2","name":"Prensa 2","image":{"@type":"ImageObject","inLanguage":"es","@id":"https:\/\/innoticiasbo.com\/#\/schema\/person\/image\/","url":"https:\/\/secure.gravatar.com\/avatar\/1d189cd124d02eac2fef69ee12563d60?s=96&d=mm&r=g","contentUrl":"https:\/\/secure.gravatar.com\/avatar\/1d189cd124d02eac2fef69ee12563d60?s=96&d=mm&r=g","caption":"Prensa 2"},"sameAs":["http:\/\/www.innoticiasbo.com"],"url":"https:\/\/innoticiasbo.com\/index.php\/author\/prensa-2\/"}]}},"jetpack_featured_media_url":"https:\/\/i0.wp.com\/innoticiasbo.com\/wp-content\/uploads\/2024\/11\/FB_IMG_1731620638757.jpg?fit=720%2C667&ssl=1","jetpack_likes_enabled":true,"jetpack_sharing_enabled":true,"jetpack_shortlink":"https:\/\/wp.me\/pg298x-wX","_links":{"self":[{"href":"https:\/\/innoticiasbo.com\/index.php\/wp-json\/wp\/v2\/posts\/2043","targetHints":{"allow":["GET"]}}],"collection":[{"href":"https:\/\/innoticiasbo.com\/index.php\/wp-json\/wp\/v2\/posts"}],"about":[{"href":"https:\/\/innoticiasbo.com\/index.php\/wp-json\/wp\/v2\/types\/post"}],"author":[{"embeddable":true,"href":"https:\/\/innoticiasbo.com\/index.php\/wp-json\/wp\/v2\/users\/3"}],"replies":[{"embeddable":true,"href":"https:\/\/innoticiasbo.com\/index.php\/wp-json\/wp\/v2\/comments?post=2043"}],"version-history":[{"count":1,"href":"https:\/\/innoticiasbo.com\/index.php\/wp-json\/wp\/v2\/posts\/2043\/revisions"}],"predecessor-version":[{"id":2044,"href":"https:\/\/innoticiasbo.com\/index.php\/wp-json\/wp\/v2\/posts\/2043\/revisions\/2044"}],"wp:featuredmedia":[{"embeddable":true,"href":"https:\/\/innoticiasbo.com\/index.php\/wp-json\/wp\/v2\/media\/2042"}],"wp:attachment":[{"href":"https:\/\/innoticiasbo.com\/index.php\/wp-json\/wp\/v2\/media?parent=2043"}],"wp:term":[{"taxonomy":"category","embeddable":true,"href":"https:\/\/innoticiasbo.com\/index.php\/wp-json\/wp\/v2\/categories?post=2043"},{"taxonomy":"post_tag","embeddable":true,"href":"https:\/\/innoticiasbo.com\/index.php\/wp-json\/wp\/v2\/tags?post=2043"}],"curies":[{"name":"wp","href":"https:\/\/api.w.org\/{rel}","templated":true}]}}