{"id":2040,"date":"2024-11-14T18:12:31","date_gmt":"2024-11-14T18:12:31","guid":{"rendered":"https:\/\/innoticiasbo.com\/?p=2040"},"modified":"2024-11-14T18:13:39","modified_gmt":"2024-11-14T18:13:39","slug":"evo-morales-ya-no-es-presidente-del-mas-fallo-del-tc-valida-congreso-del-alto-que-eligio-a-grover-garcia-como-jefe-nacional","status":"publish","type":"post","link":"https:\/\/innoticiasbo.com\/index.php\/2024\/11\/14\/evo-morales-ya-no-es-presidente-del-mas-fallo-del-tc-valida-congreso-del-alto-que-eligio-a-grover-garcia-como-jefe-nacional\/","title":{"rendered":"EVO MORALES YA NO ES PRESIDENTE DEL MAS; FALLO DEL TC VALIDA CONGRESO DEL ALTO QUE ELIGI\u00d3 A GROVER GARC\u00cdA COMO JEFE NACIONAL"},"content":{"rendered":"\n<p>Sucre, 14 de noviembre de 2024.- Evo Morales ha recibido otro duro golpe en las \u00faltimas horas. El Tribunal Constitulcional Plurinacional (TCP) emiti\u00f3 este jueves una sentencia en la que reconoce el congreso del Movimiento Al Socialismo (MAS) que se desarroll\u00f3 en mayo de este a\u00f1o en El Alto, en el que Grover Garc\u00eda fue elegido como presidente del partido pol\u00edtico. Con esta determinaci\u00f3n, la Sala Cuarta del TCP valida las decisiones tomadas en este congreso y desconoce a Evo Morales como m\u00e1ximo dirigente del Movimiento al socialismo<\/p>\n\n\n\n<p>\u00c9sta sentencia constitucional se reconoce el Congreso realizado en la ciudad de El Alto por tanto Grover Garcia ser\u00eda reconocido como nuevo presidente del MAS, desconociendo la presidencia de Evo Morales quien ahora se queda \u00fanicamente como dirigente cocalero y como dirigente de las Seis Federaciones del Tr\u00f3pico de Cochabamba.<\/p>\n\n\n\n<figure class=\"wp-block-image size-large\"><img data-recalc-dims=\"1\" loading=\"lazy\" decoding=\"async\" width=\"640\" height=\"971\" src=\"https:\/\/i0.wp.com\/innoticiasbo.com\/wp-content\/uploads\/2024\/11\/screenshot_20241114_140024_samsung-notes7953719334819927058.jpg?resize=640%2C971&#038;ssl=1\" alt=\"\" class=\"wp-image-2037\" srcset=\"https:\/\/i0.wp.com\/innoticiasbo.com\/wp-content\/uploads\/2024\/11\/screenshot_20241114_140024_samsung-notes7953719334819927058.jpg?resize=675%2C1024&amp;ssl=1 675w, https:\/\/i0.wp.com\/innoticiasbo.com\/wp-content\/uploads\/2024\/11\/screenshot_20241114_140024_samsung-notes7953719334819927058.jpg?resize=198%2C300&amp;ssl=1 198w, https:\/\/i0.wp.com\/innoticiasbo.com\/wp-content\/uploads\/2024\/11\/screenshot_20241114_140024_samsung-notes7953719334819927058.jpg?resize=768%2C1166&amp;ssl=1 768w, https:\/\/i0.wp.com\/innoticiasbo.com\/wp-content\/uploads\/2024\/11\/screenshot_20241114_140024_samsung-notes7953719334819927058.jpg?resize=1012%2C1536&amp;ssl=1 1012w, https:\/\/i0.wp.com\/innoticiasbo.com\/wp-content\/uploads\/2024\/11\/screenshot_20241114_140024_samsung-notes7953719334819927058.jpg?w=1080&amp;ssl=1 1080w\" sizes=\"auto, (max-width: 640px) 100vw, 640px\" \/><\/figure>\n\n\n\n<figure class=\"wp-block-image\"><img data-recalc-dims=\"1\" loading=\"lazy\" decoding=\"async\" width=\"640\" height=\"971\" src=\"https:\/\/i0.wp.com\/innoticiasbo.com\/wp-content\/uploads\/2024\/11\/screenshot_20241114_140047_samsung-notes7423396910100804811.jpg?resize=640%2C971&#038;ssl=1\" alt=\"\" class=\"wp-image-2036\" srcset=\"https:\/\/i0.wp.com\/innoticiasbo.com\/wp-content\/uploads\/2024\/11\/screenshot_20241114_140047_samsung-notes7423396910100804811.jpg?resize=675%2C1024&amp;ssl=1 675w, https:\/\/i0.wp.com\/innoticiasbo.com\/wp-content\/uploads\/2024\/11\/screenshot_20241114_140047_samsung-notes7423396910100804811.jpg?resize=198%2C300&amp;ssl=1 198w, https:\/\/i0.wp.com\/innoticiasbo.com\/wp-content\/uploads\/2024\/11\/screenshot_20241114_140047_samsung-notes7423396910100804811.jpg?resize=768%2C1165&amp;ssl=1 768w, https:\/\/i0.wp.com\/innoticiasbo.com\/wp-content\/uploads\/2024\/11\/screenshot_20241114_140047_samsung-notes7423396910100804811.jpg?resize=1013%2C1536&amp;ssl=1 1013w, https:\/\/i0.wp.com\/innoticiasbo.com\/wp-content\/uploads\/2024\/11\/screenshot_20241114_140047_samsung-notes7423396910100804811.jpg?w=1080&amp;ssl=1 1080w\" sizes=\"auto, (max-width: 640px) 100vw, 640px\" \/><\/figure>\n\n\n\n<p>Se trata de la sentencia 0776\/2024-S4 que reconoce el congreso del MAS en la ciudad de El Alto y desconoce la presidencia de Evo Morales. Son los mismos vocales de la Sala Cuarta Especializada del Tribunal Constitucional Plurinacional Gonzalo iguel Hurtado Zamorano y Ren\u00e9 Yv\u00e1n Espada Navia, quienes tambi\u00e9n anularon las elecciones judiciales<\/p>\n\n\n\n<h1 class=\"wp-block-heading\">EvoMorales #GroverGarc\u00eda #innoticias #MAS #TCP<\/h1>\n","protected":false},"excerpt":{"rendered":"<p>Sucre, 14 de noviembre de 2024.- Evo Morales ha recibido otro duro golpe en las \u00faltimas horas. El Tribunal Constitulcional Plurinacional (TCP) emiti\u00f3 este jueves una sentencia en la que reconoce el congreso del Movimiento Al Socialismo (MAS) que se desarroll\u00f3 en mayo de este a\u00f1o en El Alto, en el que Grover Garc\u00eda fue&#8230;<\/p>\n","protected":false},"author":2,"featured_media":2039,"comment_status":"open","ping_status":"open","sticky":false,"template":"","format":"standard","meta":{"_jetpack_memberships_contains_paid_content":false,"footnotes":"","jetpack_publicize_message":"","jetpack_publicize_feature_enabled":true,"jetpack_social_post_already_shared":true,"jetpack_social_options":{"image_generator_settings":{"template":"highway","enabled":false},"version":2}},"categories":[1,3],"tags":[],"class_list":["post-2040","post","type-post","status-publish","format-standard","has-post-thumbnail","hentry","category-bolivia","category-politica"],"jetpack_publicize_connections":[],"yoast_head":"<!-- This site is optimized with the Yoast SEO plugin v23.4 - https:\/\/yoast.com\/wordpress\/plugins\/seo\/ -->\n<title>EVO MORALES YA NO ES PRESIDENTE DEL MAS; FALLO DEL TC VALIDA CONGRESO DEL ALTO QUE ELIGI\u00d3 A GROVER GARC\u00cdA COMO JEFE NACIONAL - innoticiasbo.com<\/title>\n<meta name=\"robots\" content=\"index, follow, max-snippet:-1, max-image-preview:large, max-video-preview:-1\" \/>\n<link rel=\"canonical\" href=\"https:\/\/innoticiasbo.com\/index.php\/2024\/11\/14\/evo-morales-ya-no-es-presidente-del-mas-fallo-del-tc-valida-congreso-del-alto-que-eligio-a-grover-garcia-como-jefe-nacional\/\" \/>\n<meta property=\"og:locale\" content=\"es_ES\" \/>\n<meta property=\"og:type\" content=\"article\" \/>\n<meta property=\"og:title\" content=\"EVO MORALES YA NO ES PRESIDENTE DEL MAS; FALLO DEL TC VALIDA CONGRESO DEL ALTO QUE ELIGI\u00d3 A GROVER GARC\u00cdA COMO JEFE NACIONAL - innoticiasbo.com\" \/>\n<meta property=\"og:description\" content=\"Sucre, 14 de noviembre de 2024.- Evo Morales ha recibido otro duro golpe en las \u00faltimas horas. El Tribunal Constitulcional Plurinacional (TCP) emiti\u00f3 este jueves una sentencia en la que reconoce el congreso del Movimiento Al Socialismo (MAS) que se desarroll\u00f3 en mayo de este a\u00f1o en El Alto, en el que Grover Garc\u00eda fue...\" \/>\n<meta property=\"og:url\" content=\"https:\/\/innoticiasbo.com\/index.php\/2024\/11\/14\/evo-morales-ya-no-es-presidente-del-mas-fallo-del-tc-valida-congreso-del-alto-que-eligio-a-grover-garcia-como-jefe-nacional\/\" \/>\n<meta property=\"og:site_name\" content=\"innoticiasbo.com\" \/>\n<meta property=\"article:publisher\" content=\"https:\/\/www.facebook.com\/innoticiasbolivia\" \/>\n<meta property=\"article:published_time\" content=\"2024-11-14T18:12:31+00:00\" \/>\n<meta property=\"article:modified_time\" content=\"2024-11-14T18:13:39+00:00\" \/>\n<meta property=\"og:image\" content=\"https:\/\/i0.wp.com\/innoticiasbo.com\/wp-content\/uploads\/2024\/11\/IMG-20241114-WA0111.jpg?fit=272%2C186&ssl=1\" \/>\n\t<meta property=\"og:image:width\" content=\"272\" \/>\n\t<meta property=\"og:image:height\" content=\"186\" \/>\n\t<meta property=\"og:image:type\" content=\"image\/jpeg\" \/>\n<meta name=\"author\" content=\"Prensa\" \/>\n<meta name=\"twitter:card\" content=\"summary_large_image\" \/>\n<meta name=\"twitter:creator\" content=\"@innoticiasbo\" \/>\n<meta name=\"twitter:site\" content=\"@innoticiasbo\" \/>\n<meta name=\"twitter:label1\" content=\"Escrito por\" \/>\n\t<meta name=\"twitter:data1\" content=\"Prensa\" \/>\n\t<meta name=\"twitter:label2\" content=\"Tiempo de lectura\" \/>\n\t<meta name=\"twitter:data2\" content=\"1 minuto\" \/>\n<script type=\"application\/ld+json\" class=\"yoast-schema-graph\">{\"@context\":\"https:\/\/schema.org\",\"@graph\":[{\"@type\":\"Article\",\"@id\":\"https:\/\/innoticiasbo.com\/index.php\/2024\/11\/14\/evo-morales-ya-no-es-presidente-del-mas-fallo-del-tc-valida-congreso-del-alto-que-eligio-a-grover-garcia-como-jefe-nacional\/#article\",\"isPartOf\":{\"@id\":\"https:\/\/innoticiasbo.com\/index.php\/2024\/11\/14\/evo-morales-ya-no-es-presidente-del-mas-fallo-del-tc-valida-congreso-del-alto-que-eligio-a-grover-garcia-como-jefe-nacional\/\"},\"author\":{\"name\":\"Prensa\",\"@id\":\"https:\/\/innoticiasbo.com\/#\/schema\/person\/589cd527c4211df1b943bdad85ec07ce\"},\"headline\":\"EVO MORALES YA NO ES PRESIDENTE DEL MAS; FALLO DEL TC VALIDA CONGRESO DEL ALTO QUE ELIGI\u00d3 A GROVER GARC\u00cdA COMO JEFE NACIONAL\",\"datePublished\":\"2024-11-14T18:12:31+00:00\",\"dateModified\":\"2024-11-14T18:13:39+00:00\",\"mainEntityOfPage\":{\"@id\":\"https:\/\/innoticiasbo.com\/index.php\/2024\/11\/14\/evo-morales-ya-no-es-presidente-del-mas-fallo-del-tc-valida-congreso-del-alto-que-eligio-a-grover-garcia-como-jefe-nacional\/\"},\"wordCount\":229,\"commentCount\":0,\"publisher\":{\"@id\":\"https:\/\/innoticiasbo.com\/#organization\"},\"image\":{\"@id\":\"https:\/\/innoticiasbo.com\/index.php\/2024\/11\/14\/evo-morales-ya-no-es-presidente-del-mas-fallo-del-tc-valida-congreso-del-alto-que-eligio-a-grover-garcia-como-jefe-nacional\/#primaryimage\"},\"thumbnailUrl\":\"https:\/\/i0.wp.com\/innoticiasbo.com\/wp-content\/uploads\/2024\/11\/IMG-20241114-WA0111.jpg?fit=272%2C186&ssl=1\",\"articleSection\":[\"Bolivia\",\"Pol\u00edtica\"],\"inLanguage\":\"es\",\"potentialAction\":[{\"@type\":\"CommentAction\",\"name\":\"Comment\",\"target\":[\"https:\/\/innoticiasbo.com\/index.php\/2024\/11\/14\/evo-morales-ya-no-es-presidente-del-mas-fallo-del-tc-valida-congreso-del-alto-que-eligio-a-grover-garcia-como-jefe-nacional\/#respond\"]}]},{\"@type\":\"WebPage\",\"@id\":\"https:\/\/innoticiasbo.com\/index.php\/2024\/11\/14\/evo-morales-ya-no-es-presidente-del-mas-fallo-del-tc-valida-congreso-del-alto-que-eligio-a-grover-garcia-como-jefe-nacional\/\",\"url\":\"https:\/\/innoticiasbo.com\/index.php\/2024\/11\/14\/evo-morales-ya-no-es-presidente-del-mas-fallo-del-tc-valida-congreso-del-alto-que-eligio-a-grover-garcia-como-jefe-nacional\/\",\"name\":\"EVO MORALES YA NO ES PRESIDENTE DEL MAS; FALLO DEL TC VALIDA CONGRESO DEL ALTO QUE ELIGI\u00d3 A GROVER GARC\u00cdA COMO JEFE NACIONAL - innoticiasbo.com\",\"isPartOf\":{\"@id\":\"https:\/\/innoticiasbo.com\/#website\"},\"primaryImageOfPage\":{\"@id\":\"https:\/\/innoticiasbo.com\/index.php\/2024\/11\/14\/evo-morales-ya-no-es-presidente-del-mas-fallo-del-tc-valida-congreso-del-alto-que-eligio-a-grover-garcia-como-jefe-nacional\/#primaryimage\"},\"image\":{\"@id\":\"https:\/\/innoticiasbo.com\/index.php\/2024\/11\/14\/evo-morales-ya-no-es-presidente-del-mas-fallo-del-tc-valida-congreso-del-alto-que-eligio-a-grover-garcia-como-jefe-nacional\/#primaryimage\"},\"thumbnailUrl\":\"https:\/\/i0.wp.com\/innoticiasbo.com\/wp-content\/uploads\/2024\/11\/IMG-20241114-WA0111.jpg?fit=272%2C186&ssl=1\",\"datePublished\":\"2024-11-14T18:12:31+00:00\",\"dateModified\":\"2024-11-14T18:13:39+00:00\",\"breadcrumb\":{\"@id\":\"https:\/\/innoticiasbo.com\/index.php\/2024\/11\/14\/evo-morales-ya-no-es-presidente-del-mas-fallo-del-tc-valida-congreso-del-alto-que-eligio-a-grover-garcia-como-jefe-nacional\/#breadcrumb\"},\"inLanguage\":\"es\",\"potentialAction\":[{\"@type\":\"ReadAction\",\"target\":[\"https:\/\/innoticiasbo.com\/index.php\/2024\/11\/14\/evo-morales-ya-no-es-presidente-del-mas-fallo-del-tc-valida-congreso-del-alto-que-eligio-a-grover-garcia-como-jefe-nacional\/\"]}]},{\"@type\":\"ImageObject\",\"inLanguage\":\"es\",\"@id\":\"https:\/\/innoticiasbo.com\/index.php\/2024\/11\/14\/evo-morales-ya-no-es-presidente-del-mas-fallo-del-tc-valida-congreso-del-alto-que-eligio-a-grover-garcia-como-jefe-nacional\/#primaryimage\",\"url\":\"https:\/\/i0.wp.com\/innoticiasbo.com\/wp-content\/uploads\/2024\/11\/IMG-20241114-WA0111.jpg?fit=272%2C186&ssl=1\",\"contentUrl\":\"https:\/\/i0.wp.com\/innoticiasbo.com\/wp-content\/uploads\/2024\/11\/IMG-20241114-WA0111.jpg?fit=272%2C186&ssl=1\",\"width\":272,\"height\":186},{\"@type\":\"BreadcrumbList\",\"@id\":\"https:\/\/innoticiasbo.com\/index.php\/2024\/11\/14\/evo-morales-ya-no-es-presidente-del-mas-fallo-del-tc-valida-congreso-del-alto-que-eligio-a-grover-garcia-como-jefe-nacional\/#breadcrumb\",\"itemListElement\":[{\"@type\":\"ListItem\",\"position\":1,\"name\":\"Portada\",\"item\":\"https:\/\/innoticiasbo.com\/\"},{\"@type\":\"ListItem\",\"position\":2,\"name\":\"EVO MORALES YA NO ES PRESIDENTE DEL MAS; FALLO DEL TC VALIDA CONGRESO DEL ALTO QUE ELIGI\u00d3 A GROVER GARC\u00cdA COMO JEFE NACIONAL\"}]},{\"@type\":\"WebSite\",\"@id\":\"https:\/\/innoticiasbo.com\/#website\",\"url\":\"https:\/\/innoticiasbo.com\/\",\"name\":\"innoticiasbo.com\",\"description\":\"\",\"publisher\":{\"@id\":\"https:\/\/innoticiasbo.com\/#organization\"},\"potentialAction\":[{\"@type\":\"SearchAction\",\"target\":{\"@type\":\"EntryPoint\",\"urlTemplate\":\"https:\/\/innoticiasbo.com\/?s={search_term_string}\"},\"query-input\":{\"@type\":\"PropertyValueSpecification\",\"valueRequired\":true,\"valueName\":\"search_term_string\"}}],\"inLanguage\":\"es\"},{\"@type\":\"Organization\",\"@id\":\"https:\/\/innoticiasbo.com\/#organization\",\"name\":\"innoticiasbo.com\",\"url\":\"https:\/\/innoticiasbo.com\/\",\"logo\":{\"@type\":\"ImageObject\",\"inLanguage\":\"es\",\"@id\":\"https:\/\/innoticiasbo.com\/#\/schema\/logo\/image\/\",\"url\":\"https:\/\/i0.wp.com\/innoticiasbo.com\/wp-content\/uploads\/2026\/04\/cropped-IN-LOGO.png?fit=1476%2C1476&ssl=1\",\"contentUrl\":\"https:\/\/i0.wp.com\/innoticiasbo.com\/wp-content\/uploads\/2026\/04\/cropped-IN-LOGO.png?fit=1476%2C1476&ssl=1\",\"width\":1476,\"height\":1476,\"caption\":\"innoticiasbo.com\"},\"image\":{\"@id\":\"https:\/\/innoticiasbo.com\/#\/schema\/logo\/image\/\"},\"sameAs\":[\"https:\/\/www.facebook.com\/innoticiasbolivia\",\"https:\/\/x.com\/innoticiasbo\",\"https:\/\/www.instagram.com\/innoticiasbo\",\"https:\/\/www.youtube.com\/innoticiasbo\"]},{\"@type\":\"Person\",\"@id\":\"https:\/\/innoticiasbo.com\/#\/schema\/person\/589cd527c4211df1b943bdad85ec07ce\",\"name\":\"Prensa\",\"image\":{\"@type\":\"ImageObject\",\"inLanguage\":\"es\",\"@id\":\"https:\/\/innoticiasbo.com\/#\/schema\/person\/image\/\",\"url\":\"https:\/\/secure.gravatar.com\/avatar\/d359bbdf112023c1c0a3ec7fe1600657?s=96&d=mm&r=g\",\"contentUrl\":\"https:\/\/secure.gravatar.com\/avatar\/d359bbdf112023c1c0a3ec7fe1600657?s=96&d=mm&r=g\",\"caption\":\"Prensa\"},\"sameAs\":[\"http:\/\/www.innoticiasbo.com\"],\"url\":\"https:\/\/innoticiasbo.com\/index.php\/author\/prensa\/\"}]}<\/script>\n<!-- \/ Yoast SEO plugin. -->","yoast_head_json":{"title":"EVO MORALES YA NO ES PRESIDENTE DEL MAS; FALLO DEL TC VALIDA CONGRESO DEL ALTO QUE ELIGI\u00d3 A GROVER GARC\u00cdA COMO JEFE NACIONAL - innoticiasbo.com","robots":{"index":"index","follow":"follow","max-snippet":"max-snippet:-1","max-image-preview":"max-image-preview:large","max-video-preview":"max-video-preview:-1"},"canonical":"https:\/\/innoticiasbo.com\/index.php\/2024\/11\/14\/evo-morales-ya-no-es-presidente-del-mas-fallo-del-tc-valida-congreso-del-alto-que-eligio-a-grover-garcia-como-jefe-nacional\/","og_locale":"es_ES","og_type":"article","og_title":"EVO MORALES YA NO ES PRESIDENTE DEL MAS; FALLO DEL TC VALIDA CONGRESO DEL ALTO QUE ELIGI\u00d3 A GROVER GARC\u00cdA COMO JEFE NACIONAL - innoticiasbo.com","og_description":"Sucre, 14 de noviembre de 2024.- Evo Morales ha recibido otro duro golpe en las \u00faltimas horas. El Tribunal Constitulcional Plurinacional (TCP) emiti\u00f3 este jueves una sentencia en la que reconoce el congreso del Movimiento Al Socialismo (MAS) que se desarroll\u00f3 en mayo de este a\u00f1o en El Alto, en el que Grover Garc\u00eda fue...","og_url":"https:\/\/innoticiasbo.com\/index.php\/2024\/11\/14\/evo-morales-ya-no-es-presidente-del-mas-fallo-del-tc-valida-congreso-del-alto-que-eligio-a-grover-garcia-como-jefe-nacional\/","og_site_name":"innoticiasbo.com","article_publisher":"https:\/\/www.facebook.com\/innoticiasbolivia","article_published_time":"2024-11-14T18:12:31+00:00","article_modified_time":"2024-11-14T18:13:39+00:00","og_image":[{"width":272,"height":186,"url":"https:\/\/i0.wp.com\/innoticiasbo.com\/wp-content\/uploads\/2024\/11\/IMG-20241114-WA0111.jpg?fit=272%2C186&ssl=1","type":"image\/jpeg"}],"author":"Prensa","twitter_card":"summary_large_image","twitter_creator":"@innoticiasbo","twitter_site":"@innoticiasbo","twitter_misc":{"Escrito por":"Prensa","Tiempo de lectura":"1 minuto"},"schema":{"@context":"https:\/\/schema.org","@graph":[{"@type":"Article","@id":"https:\/\/innoticiasbo.com\/index.php\/2024\/11\/14\/evo-morales-ya-no-es-presidente-del-mas-fallo-del-tc-valida-congreso-del-alto-que-eligio-a-grover-garcia-como-jefe-nacional\/#article","isPartOf":{"@id":"https:\/\/innoticiasbo.com\/index.php\/2024\/11\/14\/evo-morales-ya-no-es-presidente-del-mas-fallo-del-tc-valida-congreso-del-alto-que-eligio-a-grover-garcia-como-jefe-nacional\/"},"author":{"name":"Prensa","@id":"https:\/\/innoticiasbo.com\/#\/schema\/person\/589cd527c4211df1b943bdad85ec07ce"},"headline":"EVO MORALES YA NO ES PRESIDENTE DEL MAS; FALLO DEL TC VALIDA CONGRESO DEL ALTO QUE ELIGI\u00d3 A GROVER GARC\u00cdA COMO JEFE NACIONAL","datePublished":"2024-11-14T18:12:31+00:00","dateModified":"2024-11-14T18:13:39+00:00","mainEntityOfPage":{"@id":"https:\/\/innoticiasbo.com\/index.php\/2024\/11\/14\/evo-morales-ya-no-es-presidente-del-mas-fallo-del-tc-valida-congreso-del-alto-que-eligio-a-grover-garcia-como-jefe-nacional\/"},"wordCount":229,"commentCount":0,"publisher":{"@id":"https:\/\/innoticiasbo.com\/#organization"},"image":{"@id":"https:\/\/innoticiasbo.com\/index.php\/2024\/11\/14\/evo-morales-ya-no-es-presidente-del-mas-fallo-del-tc-valida-congreso-del-alto-que-eligio-a-grover-garcia-como-jefe-nacional\/#primaryimage"},"thumbnailUrl":"https:\/\/i0.wp.com\/innoticiasbo.com\/wp-content\/uploads\/2024\/11\/IMG-20241114-WA0111.jpg?fit=272%2C186&ssl=1","articleSection":["Bolivia","Pol\u00edtica"],"inLanguage":"es","potentialAction":[{"@type":"CommentAction","name":"Comment","target":["https:\/\/innoticiasbo.com\/index.php\/2024\/11\/14\/evo-morales-ya-no-es-presidente-del-mas-fallo-del-tc-valida-congreso-del-alto-que-eligio-a-grover-garcia-como-jefe-nacional\/#respond"]}]},{"@type":"WebPage","@id":"https:\/\/innoticiasbo.com\/index.php\/2024\/11\/14\/evo-morales-ya-no-es-presidente-del-mas-fallo-del-tc-valida-congreso-del-alto-que-eligio-a-grover-garcia-como-jefe-nacional\/","url":"https:\/\/innoticiasbo.com\/index.php\/2024\/11\/14\/evo-morales-ya-no-es-presidente-del-mas-fallo-del-tc-valida-congreso-del-alto-que-eligio-a-grover-garcia-como-jefe-nacional\/","name":"EVO MORALES YA NO ES PRESIDENTE DEL MAS; FALLO DEL TC VALIDA CONGRESO DEL ALTO QUE ELIGI\u00d3 A GROVER GARC\u00cdA COMO JEFE NACIONAL - innoticiasbo.com","isPartOf":{"@id":"https:\/\/innoticiasbo.com\/#website"},"primaryImageOfPage":{"@id":"https:\/\/innoticiasbo.com\/index.php\/2024\/11\/14\/evo-morales-ya-no-es-presidente-del-mas-fallo-del-tc-valida-congreso-del-alto-que-eligio-a-grover-garcia-como-jefe-nacional\/#primaryimage"},"image":{"@id":"https:\/\/innoticiasbo.com\/index.php\/2024\/11\/14\/evo-morales-ya-no-es-presidente-del-mas-fallo-del-tc-valida-congreso-del-alto-que-eligio-a-grover-garcia-como-jefe-nacional\/#primaryimage"},"thumbnailUrl":"https:\/\/i0.wp.com\/innoticiasbo.com\/wp-content\/uploads\/2024\/11\/IMG-20241114-WA0111.jpg?fit=272%2C186&ssl=1","datePublished":"2024-11-14T18:12:31+00:00","dateModified":"2024-11-14T18:13:39+00:00","breadcrumb":{"@id":"https:\/\/innoticiasbo.com\/index.php\/2024\/11\/14\/evo-morales-ya-no-es-presidente-del-mas-fallo-del-tc-valida-congreso-del-alto-que-eligio-a-grover-garcia-como-jefe-nacional\/#breadcrumb"},"inLanguage":"es","potentialAction":[{"@type":"ReadAction","target":["https:\/\/innoticiasbo.com\/index.php\/2024\/11\/14\/evo-morales-ya-no-es-presidente-del-mas-fallo-del-tc-valida-congreso-del-alto-que-eligio-a-grover-garcia-como-jefe-nacional\/"]}]},{"@type":"ImageObject","inLanguage":"es","@id":"https:\/\/innoticiasbo.com\/index.php\/2024\/11\/14\/evo-morales-ya-no-es-presidente-del-mas-fallo-del-tc-valida-congreso-del-alto-que-eligio-a-grover-garcia-como-jefe-nacional\/#primaryimage","url":"https:\/\/i0.wp.com\/innoticiasbo.com\/wp-content\/uploads\/2024\/11\/IMG-20241114-WA0111.jpg?fit=272%2C186&ssl=1","contentUrl":"https:\/\/i0.wp.com\/innoticiasbo.com\/wp-content\/uploads\/2024\/11\/IMG-20241114-WA0111.jpg?fit=272%2C186&ssl=1","width":272,"height":186},{"@type":"BreadcrumbList","@id":"https:\/\/innoticiasbo.com\/index.php\/2024\/11\/14\/evo-morales-ya-no-es-presidente-del-mas-fallo-del-tc-valida-congreso-del-alto-que-eligio-a-grover-garcia-como-jefe-nacional\/#breadcrumb","itemListElement":[{"@type":"ListItem","position":1,"name":"Portada","item":"https:\/\/innoticiasbo.com\/"},{"@type":"ListItem","position":2,"name":"EVO MORALES YA NO ES PRESIDENTE DEL MAS; FALLO DEL TC VALIDA CONGRESO DEL ALTO QUE ELIGI\u00d3 A GROVER GARC\u00cdA COMO JEFE NACIONAL"}]},{"@type":"WebSite","@id":"https:\/\/innoticiasbo.com\/#website","url":"https:\/\/innoticiasbo.com\/","name":"innoticiasbo.com","description":"","publisher":{"@id":"https:\/\/innoticiasbo.com\/#organization"},"potentialAction":[{"@type":"SearchAction","target":{"@type":"EntryPoint","urlTemplate":"https:\/\/innoticiasbo.com\/?s={search_term_string}"},"query-input":{"@type":"PropertyValueSpecification","valueRequired":true,"valueName":"search_term_string"}}],"inLanguage":"es"},{"@type":"Organization","@id":"https:\/\/innoticiasbo.com\/#organization","name":"innoticiasbo.com","url":"https:\/\/innoticiasbo.com\/","logo":{"@type":"ImageObject","inLanguage":"es","@id":"https:\/\/innoticiasbo.com\/#\/schema\/logo\/image\/","url":"https:\/\/i0.wp.com\/innoticiasbo.com\/wp-content\/uploads\/2026\/04\/cropped-IN-LOGO.png?fit=1476%2C1476&ssl=1","contentUrl":"https:\/\/i0.wp.com\/innoticiasbo.com\/wp-content\/uploads\/2026\/04\/cropped-IN-LOGO.png?fit=1476%2C1476&ssl=1","width":1476,"height":1476,"caption":"innoticiasbo.com"},"image":{"@id":"https:\/\/innoticiasbo.com\/#\/schema\/logo\/image\/"},"sameAs":["https:\/\/www.facebook.com\/innoticiasbolivia","https:\/\/x.com\/innoticiasbo","https:\/\/www.instagram.com\/innoticiasbo","https:\/\/www.youtube.com\/innoticiasbo"]},{"@type":"Person","@id":"https:\/\/innoticiasbo.com\/#\/schema\/person\/589cd527c4211df1b943bdad85ec07ce","name":"Prensa","image":{"@type":"ImageObject","inLanguage":"es","@id":"https:\/\/innoticiasbo.com\/#\/schema\/person\/image\/","url":"https:\/\/secure.gravatar.com\/avatar\/d359bbdf112023c1c0a3ec7fe1600657?s=96&d=mm&r=g","contentUrl":"https:\/\/secure.gravatar.com\/avatar\/d359bbdf112023c1c0a3ec7fe1600657?s=96&d=mm&r=g","caption":"Prensa"},"sameAs":["http:\/\/www.innoticiasbo.com"],"url":"https:\/\/innoticiasbo.com\/index.php\/author\/prensa\/"}]}},"jetpack_featured_media_url":"https:\/\/i0.wp.com\/innoticiasbo.com\/wp-content\/uploads\/2024\/11\/IMG-20241114-WA0111.jpg?fit=272%2C186&ssl=1","jetpack_likes_enabled":true,"jetpack_sharing_enabled":true,"jetpack_shortlink":"https:\/\/wp.me\/pg298x-wU","_links":{"self":[{"href":"https:\/\/innoticiasbo.com\/index.php\/wp-json\/wp\/v2\/posts\/2040","targetHints":{"allow":["GET"]}}],"collection":[{"href":"https:\/\/innoticiasbo.com\/index.php\/wp-json\/wp\/v2\/posts"}],"about":[{"href":"https:\/\/innoticiasbo.com\/index.php\/wp-json\/wp\/v2\/types\/post"}],"author":[{"embeddable":true,"href":"https:\/\/innoticiasbo.com\/index.php\/wp-json\/wp\/v2\/users\/2"}],"replies":[{"embeddable":true,"href":"https:\/\/innoticiasbo.com\/index.php\/wp-json\/wp\/v2\/comments?post=2040"}],"version-history":[{"count":1,"href":"https:\/\/innoticiasbo.com\/index.php\/wp-json\/wp\/v2\/posts\/2040\/revisions"}],"predecessor-version":[{"id":2041,"href":"https:\/\/innoticiasbo.com\/index.php\/wp-json\/wp\/v2\/posts\/2040\/revisions\/2041"}],"wp:featuredmedia":[{"embeddable":true,"href":"https:\/\/innoticiasbo.com\/index.php\/wp-json\/wp\/v2\/media\/2039"}],"wp:attachment":[{"href":"https:\/\/innoticiasbo.com\/index.php\/wp-json\/wp\/v2\/media?parent=2040"}],"wp:term":[{"taxonomy":"category","embeddable":true,"href":"https:\/\/innoticiasbo.com\/index.php\/wp-json\/wp\/v2\/categories?post=2040"},{"taxonomy":"post_tag","embeddable":true,"href":"https:\/\/innoticiasbo.com\/index.php\/wp-json\/wp\/v2\/tags?post=2040"}],"curies":[{"name":"wp","href":"https:\/\/api.w.org\/{rel}","templated":true}]}}