{"id":1944,"date":"2024-11-05T23:53:46","date_gmt":"2024-11-05T23:53:46","guid":{"rendered":"https:\/\/innoticiasbo.com\/?p=1944"},"modified":"2024-11-05T23:54:08","modified_gmt":"2024-11-05T23:54:08","slug":"feminicidio-en-viacha-la-victima-fue-desmembrada","status":"publish","type":"post","link":"https:\/\/innoticiasbo.com\/index.php\/2024\/11\/05\/feminicidio-en-viacha-la-victima-fue-desmembrada\/","title":{"rendered":"FEMINICIDIO&nbsp; EN VIACHA; LA V\u00cdCTIMA FUE DESMEMBRADA"},"content":{"rendered":"\n<p>La Paz, 5 de noviembre de 2024.- El Fiscal Departamental de La Paz, Luis Carlos Torrez, inform\u00f3 hoy que se investiga un nuevo hecho de Feminicidio cometido en contra de una mujer de entre 30 a 40 a\u00f1os de edad, aproximadamente, quien fue encontrada desmembrada en v\u00eda p\u00fablica en el municipio de Viacha. La Fiscal\u00eda Especializada en Delitos Contra la Vida inici\u00f3 las investigaciones en contra de autor o autores, mientras que el cuerpo fue llevado a la morgue judicial para realizar la autopsia y determinar la causa de muerte.<\/p>\n\n\n\n<p>\u201cLuego de conocer el hecho, el Equipo Multidisciplinario de la Fiscal\u00eda Especializada en Delitos Contra la Vida se hizo presente en el lugar para iniciar la investigaci\u00f3n y colectar elementos de convicci\u00f3n como el registro del lugar, el levantamiento legal del cad\u00e1ver, adem\u00e1s se emiti\u00f3 el requerimiento para realizar la autopsia m\u00e9dico legal para conocer la causa de muerte de la v\u00edctima quien fue desmembrada e introducida en un yute que fue dejado en v\u00eda p\u00fablica\u201d, dijo la autoridad.<\/p>\n\n\n\n<figure class=\"wp-block-image size-large\"><img data-recalc-dims=\"1\" loading=\"lazy\" decoding=\"async\" width=\"640\" height=\"360\" src=\"https:\/\/i0.wp.com\/innoticiasbo.com\/wp-content\/uploads\/2024\/11\/img-20241105-wa02072060002865535642743.jpg?resize=640%2C360&#038;ssl=1\" alt=\"\" class=\"wp-image-1942\" srcset=\"https:\/\/i0.wp.com\/innoticiasbo.com\/wp-content\/uploads\/2024\/11\/img-20241105-wa02072060002865535642743.jpg?resize=1024%2C576&amp;ssl=1 1024w, https:\/\/i0.wp.com\/innoticiasbo.com\/wp-content\/uploads\/2024\/11\/img-20241105-wa02072060002865535642743.jpg?resize=300%2C169&amp;ssl=1 300w, https:\/\/i0.wp.com\/innoticiasbo.com\/wp-content\/uploads\/2024\/11\/img-20241105-wa02072060002865535642743.jpg?resize=768%2C432&amp;ssl=1 768w, https:\/\/i0.wp.com\/innoticiasbo.com\/wp-content\/uploads\/2024\/11\/img-20241105-wa02072060002865535642743.jpg?resize=1536%2C864&amp;ssl=1 1536w, https:\/\/i0.wp.com\/innoticiasbo.com\/wp-content\/uploads\/2024\/11\/img-20241105-wa02072060002865535642743.jpg?w=1599&amp;ssl=1 1599w, https:\/\/i0.wp.com\/innoticiasbo.com\/wp-content\/uploads\/2024\/11\/img-20241105-wa02072060002865535642743.jpg?w=1280&amp;ssl=1 1280w\" sizes=\"auto, (max-width: 640px) 100vw, 640px\" \/><\/figure>\n\n\n\n<p>Por su parte, el coordinador de la Fiscal\u00eda Departamental de La Paz, Armando Rojas Toledo, inform\u00f3 que el hecho se conoci\u00f3 el 5 de noviembre de 2024, a horas 09:30, aproximadamente, cuando un vecino de la zona Las Retamas del municipio de Viacha, llam\u00f3 a la Polic\u00eda para reportar la existencia de una bolsa de yute que presentaba manchas de sangre y desprend\u00eda un mal olor, mismo que fue encontrado en un lote bald\u00edo.<\/p>\n\n\n\n<p>Al llegar al lugar, el personal del Ministerio P\u00fablico junto a la polic\u00eda verificaron que dentro de la bolsa de yute se encontraba el cuerpo de una persona de sexo femenino, desmembrada y con evidentes signos de violencia, posteriormente, el cuerpo fue llevado a la morgue judicial, mientras que en el lugar se procedi\u00f3 a colectar indicios materiales, biol\u00f3gicos y gen\u00e9ticos.<\/p>\n","protected":false},"excerpt":{"rendered":"<p>La Paz, 5 de noviembre de 2024.- El Fiscal Departamental de La Paz, Luis Carlos Torrez, inform\u00f3 hoy que se investiga un nuevo hecho de Feminicidio cometido en contra de una mujer de entre 30 a 40 a\u00f1os de edad, aproximadamente, quien fue encontrada desmembrada en v\u00eda p\u00fablica en el municipio de Viacha. La Fiscal\u00eda&#8230;<\/p>\n","protected":false},"author":2,"featured_media":1943,"comment_status":"open","ping_status":"open","sticky":false,"template":"","format":"standard","meta":{"_jetpack_memberships_contains_paid_content":false,"footnotes":"","jetpack_publicize_message":"","jetpack_publicize_feature_enabled":true,"jetpack_social_post_already_shared":true,"jetpack_social_options":{"image_generator_settings":{"template":"highway","enabled":false},"version":2}},"categories":[1,15],"tags":[],"class_list":["post-1944","post","type-post","status-publish","format-standard","has-post-thumbnail","hentry","category-bolivia","category-seguridad"],"jetpack_publicize_connections":[],"yoast_head":"<!-- This site is optimized with the Yoast SEO plugin v23.4 - https:\/\/yoast.com\/wordpress\/plugins\/seo\/ -->\n<title>FEMINICIDIO&nbsp; EN VIACHA; LA V\u00cdCTIMA FUE DESMEMBRADA - innoticiasbo.com<\/title>\n<meta name=\"robots\" content=\"index, follow, max-snippet:-1, max-image-preview:large, max-video-preview:-1\" \/>\n<link rel=\"canonical\" href=\"https:\/\/innoticiasbo.com\/index.php\/2024\/11\/05\/feminicidio-en-viacha-la-victima-fue-desmembrada\/\" \/>\n<meta property=\"og:locale\" content=\"es_ES\" \/>\n<meta property=\"og:type\" content=\"article\" \/>\n<meta property=\"og:title\" content=\"FEMINICIDIO&nbsp; EN VIACHA; LA V\u00cdCTIMA FUE DESMEMBRADA - innoticiasbo.com\" \/>\n<meta property=\"og:description\" content=\"La Paz, 5 de noviembre de 2024.- El Fiscal Departamental de La Paz, Luis Carlos Torrez, inform\u00f3 hoy que se investiga un nuevo hecho de Feminicidio cometido en contra de una mujer de entre 30 a 40 a\u00f1os de edad, aproximadamente, quien fue encontrada desmembrada en v\u00eda p\u00fablica en el municipio de Viacha. La Fiscal\u00eda...\" \/>\n<meta property=\"og:url\" content=\"https:\/\/innoticiasbo.com\/index.php\/2024\/11\/05\/feminicidio-en-viacha-la-victima-fue-desmembrada\/\" \/>\n<meta property=\"og:site_name\" content=\"innoticiasbo.com\" \/>\n<meta property=\"article:publisher\" content=\"https:\/\/www.facebook.com\/innoticiasbolivia\" \/>\n<meta property=\"article:published_time\" content=\"2024-11-05T23:53:46+00:00\" \/>\n<meta property=\"article:modified_time\" content=\"2024-11-05T23:54:08+00:00\" \/>\n<meta property=\"og:image\" content=\"https:\/\/i0.wp.com\/innoticiasbo.com\/wp-content\/uploads\/2024\/11\/IMG-20241105-WA0207.jpg?fit=1599%2C899&ssl=1\" \/>\n\t<meta property=\"og:image:width\" content=\"1599\" \/>\n\t<meta property=\"og:image:height\" content=\"899\" \/>\n\t<meta property=\"og:image:type\" content=\"image\/jpeg\" \/>\n<meta name=\"author\" content=\"Prensa\" \/>\n<meta name=\"twitter:card\" content=\"summary_large_image\" \/>\n<meta name=\"twitter:creator\" content=\"@innoticiasbo\" \/>\n<meta name=\"twitter:site\" content=\"@innoticiasbo\" \/>\n<meta name=\"twitter:label1\" content=\"Escrito por\" \/>\n\t<meta name=\"twitter:data1\" content=\"Prensa\" \/>\n\t<meta name=\"twitter:label2\" content=\"Tiempo de lectura\" \/>\n\t<meta name=\"twitter:data2\" content=\"2 minutos\" \/>\n<script type=\"application\/ld+json\" class=\"yoast-schema-graph\">{\"@context\":\"https:\/\/schema.org\",\"@graph\":[{\"@type\":\"Article\",\"@id\":\"https:\/\/innoticiasbo.com\/index.php\/2024\/11\/05\/feminicidio-en-viacha-la-victima-fue-desmembrada\/#article\",\"isPartOf\":{\"@id\":\"https:\/\/innoticiasbo.com\/index.php\/2024\/11\/05\/feminicidio-en-viacha-la-victima-fue-desmembrada\/\"},\"author\":{\"name\":\"Prensa\",\"@id\":\"https:\/\/innoticiasbo.com\/#\/schema\/person\/589cd527c4211df1b943bdad85ec07ce\"},\"headline\":\"FEMINICIDIO&nbsp; EN VIACHA; LA V\u00cdCTIMA FUE DESMEMBRADA\",\"datePublished\":\"2024-11-05T23:53:46+00:00\",\"dateModified\":\"2024-11-05T23:54:08+00:00\",\"mainEntityOfPage\":{\"@id\":\"https:\/\/innoticiasbo.com\/index.php\/2024\/11\/05\/feminicidio-en-viacha-la-victima-fue-desmembrada\/\"},\"wordCount\":328,\"commentCount\":0,\"publisher\":{\"@id\":\"https:\/\/innoticiasbo.com\/#organization\"},\"image\":{\"@id\":\"https:\/\/innoticiasbo.com\/index.php\/2024\/11\/05\/feminicidio-en-viacha-la-victima-fue-desmembrada\/#primaryimage\"},\"thumbnailUrl\":\"https:\/\/i0.wp.com\/innoticiasbo.com\/wp-content\/uploads\/2024\/11\/IMG-20241105-WA0207.jpg?fit=1599%2C899&ssl=1\",\"articleSection\":[\"Bolivia\",\"Seguridad\"],\"inLanguage\":\"es\",\"potentialAction\":[{\"@type\":\"CommentAction\",\"name\":\"Comment\",\"target\":[\"https:\/\/innoticiasbo.com\/index.php\/2024\/11\/05\/feminicidio-en-viacha-la-victima-fue-desmembrada\/#respond\"]}]},{\"@type\":\"WebPage\",\"@id\":\"https:\/\/innoticiasbo.com\/index.php\/2024\/11\/05\/feminicidio-en-viacha-la-victima-fue-desmembrada\/\",\"url\":\"https:\/\/innoticiasbo.com\/index.php\/2024\/11\/05\/feminicidio-en-viacha-la-victima-fue-desmembrada\/\",\"name\":\"FEMINICIDIO&nbsp; EN VIACHA; LA V\u00cdCTIMA FUE DESMEMBRADA - innoticiasbo.com\",\"isPartOf\":{\"@id\":\"https:\/\/innoticiasbo.com\/#website\"},\"primaryImageOfPage\":{\"@id\":\"https:\/\/innoticiasbo.com\/index.php\/2024\/11\/05\/feminicidio-en-viacha-la-victima-fue-desmembrada\/#primaryimage\"},\"image\":{\"@id\":\"https:\/\/innoticiasbo.com\/index.php\/2024\/11\/05\/feminicidio-en-viacha-la-victima-fue-desmembrada\/#primaryimage\"},\"thumbnailUrl\":\"https:\/\/i0.wp.com\/innoticiasbo.com\/wp-content\/uploads\/2024\/11\/IMG-20241105-WA0207.jpg?fit=1599%2C899&ssl=1\",\"datePublished\":\"2024-11-05T23:53:46+00:00\",\"dateModified\":\"2024-11-05T23:54:08+00:00\",\"breadcrumb\":{\"@id\":\"https:\/\/innoticiasbo.com\/index.php\/2024\/11\/05\/feminicidio-en-viacha-la-victima-fue-desmembrada\/#breadcrumb\"},\"inLanguage\":\"es\",\"potentialAction\":[{\"@type\":\"ReadAction\",\"target\":[\"https:\/\/innoticiasbo.com\/index.php\/2024\/11\/05\/feminicidio-en-viacha-la-victima-fue-desmembrada\/\"]}]},{\"@type\":\"ImageObject\",\"inLanguage\":\"es\",\"@id\":\"https:\/\/innoticiasbo.com\/index.php\/2024\/11\/05\/feminicidio-en-viacha-la-victima-fue-desmembrada\/#primaryimage\",\"url\":\"https:\/\/i0.wp.com\/innoticiasbo.com\/wp-content\/uploads\/2024\/11\/IMG-20241105-WA0207.jpg?fit=1599%2C899&ssl=1\",\"contentUrl\":\"https:\/\/i0.wp.com\/innoticiasbo.com\/wp-content\/uploads\/2024\/11\/IMG-20241105-WA0207.jpg?fit=1599%2C899&ssl=1\",\"width\":1599,\"height\":899},{\"@type\":\"BreadcrumbList\",\"@id\":\"https:\/\/innoticiasbo.com\/index.php\/2024\/11\/05\/feminicidio-en-viacha-la-victima-fue-desmembrada\/#breadcrumb\",\"itemListElement\":[{\"@type\":\"ListItem\",\"position\":1,\"name\":\"Portada\",\"item\":\"https:\/\/innoticiasbo.com\/\"},{\"@type\":\"ListItem\",\"position\":2,\"name\":\"FEMINICIDIO&nbsp; EN VIACHA; LA V\u00cdCTIMA FUE DESMEMBRADA\"}]},{\"@type\":\"WebSite\",\"@id\":\"https:\/\/innoticiasbo.com\/#website\",\"url\":\"https:\/\/innoticiasbo.com\/\",\"name\":\"innoticiasbo.com\",\"description\":\"\",\"publisher\":{\"@id\":\"https:\/\/innoticiasbo.com\/#organization\"},\"potentialAction\":[{\"@type\":\"SearchAction\",\"target\":{\"@type\":\"EntryPoint\",\"urlTemplate\":\"https:\/\/innoticiasbo.com\/?s={search_term_string}\"},\"query-input\":{\"@type\":\"PropertyValueSpecification\",\"valueRequired\":true,\"valueName\":\"search_term_string\"}}],\"inLanguage\":\"es\"},{\"@type\":\"Organization\",\"@id\":\"https:\/\/innoticiasbo.com\/#organization\",\"name\":\"innoticiasbo.com\",\"url\":\"https:\/\/innoticiasbo.com\/\",\"logo\":{\"@type\":\"ImageObject\",\"inLanguage\":\"es\",\"@id\":\"https:\/\/innoticiasbo.com\/#\/schema\/logo\/image\/\",\"url\":\"https:\/\/i0.wp.com\/innoticiasbo.com\/wp-content\/uploads\/2026\/04\/cropped-IN-LOGO.png?fit=1476%2C1476&ssl=1\",\"contentUrl\":\"https:\/\/i0.wp.com\/innoticiasbo.com\/wp-content\/uploads\/2026\/04\/cropped-IN-LOGO.png?fit=1476%2C1476&ssl=1\",\"width\":1476,\"height\":1476,\"caption\":\"innoticiasbo.com\"},\"image\":{\"@id\":\"https:\/\/innoticiasbo.com\/#\/schema\/logo\/image\/\"},\"sameAs\":[\"https:\/\/www.facebook.com\/innoticiasbolivia\",\"https:\/\/x.com\/innoticiasbo\",\"https:\/\/www.instagram.com\/innoticiasbo\",\"https:\/\/www.youtube.com\/innoticiasbo\"]},{\"@type\":\"Person\",\"@id\":\"https:\/\/innoticiasbo.com\/#\/schema\/person\/589cd527c4211df1b943bdad85ec07ce\",\"name\":\"Prensa\",\"image\":{\"@type\":\"ImageObject\",\"inLanguage\":\"es\",\"@id\":\"https:\/\/innoticiasbo.com\/#\/schema\/person\/image\/\",\"url\":\"https:\/\/secure.gravatar.com\/avatar\/d359bbdf112023c1c0a3ec7fe1600657?s=96&d=mm&r=g\",\"contentUrl\":\"https:\/\/secure.gravatar.com\/avatar\/d359bbdf112023c1c0a3ec7fe1600657?s=96&d=mm&r=g\",\"caption\":\"Prensa\"},\"sameAs\":[\"http:\/\/www.innoticiasbo.com\"],\"url\":\"https:\/\/innoticiasbo.com\/index.php\/author\/prensa\/\"}]}<\/script>\n<!-- \/ Yoast SEO plugin. -->","yoast_head_json":{"title":"FEMINICIDIO&nbsp; EN VIACHA; LA V\u00cdCTIMA FUE DESMEMBRADA - innoticiasbo.com","robots":{"index":"index","follow":"follow","max-snippet":"max-snippet:-1","max-image-preview":"max-image-preview:large","max-video-preview":"max-video-preview:-1"},"canonical":"https:\/\/innoticiasbo.com\/index.php\/2024\/11\/05\/feminicidio-en-viacha-la-victima-fue-desmembrada\/","og_locale":"es_ES","og_type":"article","og_title":"FEMINICIDIO&nbsp; EN VIACHA; LA V\u00cdCTIMA FUE DESMEMBRADA - innoticiasbo.com","og_description":"La Paz, 5 de noviembre de 2024.- El Fiscal Departamental de La Paz, Luis Carlos Torrez, inform\u00f3 hoy que se investiga un nuevo hecho de Feminicidio cometido en contra de una mujer de entre 30 a 40 a\u00f1os de edad, aproximadamente, quien fue encontrada desmembrada en v\u00eda p\u00fablica en el municipio de Viacha. La Fiscal\u00eda...","og_url":"https:\/\/innoticiasbo.com\/index.php\/2024\/11\/05\/feminicidio-en-viacha-la-victima-fue-desmembrada\/","og_site_name":"innoticiasbo.com","article_publisher":"https:\/\/www.facebook.com\/innoticiasbolivia","article_published_time":"2024-11-05T23:53:46+00:00","article_modified_time":"2024-11-05T23:54:08+00:00","og_image":[{"width":1599,"height":899,"url":"https:\/\/i0.wp.com\/innoticiasbo.com\/wp-content\/uploads\/2024\/11\/IMG-20241105-WA0207.jpg?fit=1599%2C899&ssl=1","type":"image\/jpeg"}],"author":"Prensa","twitter_card":"summary_large_image","twitter_creator":"@innoticiasbo","twitter_site":"@innoticiasbo","twitter_misc":{"Escrito por":"Prensa","Tiempo de lectura":"2 minutos"},"schema":{"@context":"https:\/\/schema.org","@graph":[{"@type":"Article","@id":"https:\/\/innoticiasbo.com\/index.php\/2024\/11\/05\/feminicidio-en-viacha-la-victima-fue-desmembrada\/#article","isPartOf":{"@id":"https:\/\/innoticiasbo.com\/index.php\/2024\/11\/05\/feminicidio-en-viacha-la-victima-fue-desmembrada\/"},"author":{"name":"Prensa","@id":"https:\/\/innoticiasbo.com\/#\/schema\/person\/589cd527c4211df1b943bdad85ec07ce"},"headline":"FEMINICIDIO&nbsp; EN VIACHA; LA V\u00cdCTIMA FUE DESMEMBRADA","datePublished":"2024-11-05T23:53:46+00:00","dateModified":"2024-11-05T23:54:08+00:00","mainEntityOfPage":{"@id":"https:\/\/innoticiasbo.com\/index.php\/2024\/11\/05\/feminicidio-en-viacha-la-victima-fue-desmembrada\/"},"wordCount":328,"commentCount":0,"publisher":{"@id":"https:\/\/innoticiasbo.com\/#organization"},"image":{"@id":"https:\/\/innoticiasbo.com\/index.php\/2024\/11\/05\/feminicidio-en-viacha-la-victima-fue-desmembrada\/#primaryimage"},"thumbnailUrl":"https:\/\/i0.wp.com\/innoticiasbo.com\/wp-content\/uploads\/2024\/11\/IMG-20241105-WA0207.jpg?fit=1599%2C899&ssl=1","articleSection":["Bolivia","Seguridad"],"inLanguage":"es","potentialAction":[{"@type":"CommentAction","name":"Comment","target":["https:\/\/innoticiasbo.com\/index.php\/2024\/11\/05\/feminicidio-en-viacha-la-victima-fue-desmembrada\/#respond"]}]},{"@type":"WebPage","@id":"https:\/\/innoticiasbo.com\/index.php\/2024\/11\/05\/feminicidio-en-viacha-la-victima-fue-desmembrada\/","url":"https:\/\/innoticiasbo.com\/index.php\/2024\/11\/05\/feminicidio-en-viacha-la-victima-fue-desmembrada\/","name":"FEMINICIDIO&nbsp; EN VIACHA; LA V\u00cdCTIMA FUE DESMEMBRADA - innoticiasbo.com","isPartOf":{"@id":"https:\/\/innoticiasbo.com\/#website"},"primaryImageOfPage":{"@id":"https:\/\/innoticiasbo.com\/index.php\/2024\/11\/05\/feminicidio-en-viacha-la-victima-fue-desmembrada\/#primaryimage"},"image":{"@id":"https:\/\/innoticiasbo.com\/index.php\/2024\/11\/05\/feminicidio-en-viacha-la-victima-fue-desmembrada\/#primaryimage"},"thumbnailUrl":"https:\/\/i0.wp.com\/innoticiasbo.com\/wp-content\/uploads\/2024\/11\/IMG-20241105-WA0207.jpg?fit=1599%2C899&ssl=1","datePublished":"2024-11-05T23:53:46+00:00","dateModified":"2024-11-05T23:54:08+00:00","breadcrumb":{"@id":"https:\/\/innoticiasbo.com\/index.php\/2024\/11\/05\/feminicidio-en-viacha-la-victima-fue-desmembrada\/#breadcrumb"},"inLanguage":"es","potentialAction":[{"@type":"ReadAction","target":["https:\/\/innoticiasbo.com\/index.php\/2024\/11\/05\/feminicidio-en-viacha-la-victima-fue-desmembrada\/"]}]},{"@type":"ImageObject","inLanguage":"es","@id":"https:\/\/innoticiasbo.com\/index.php\/2024\/11\/05\/feminicidio-en-viacha-la-victima-fue-desmembrada\/#primaryimage","url":"https:\/\/i0.wp.com\/innoticiasbo.com\/wp-content\/uploads\/2024\/11\/IMG-20241105-WA0207.jpg?fit=1599%2C899&ssl=1","contentUrl":"https:\/\/i0.wp.com\/innoticiasbo.com\/wp-content\/uploads\/2024\/11\/IMG-20241105-WA0207.jpg?fit=1599%2C899&ssl=1","width":1599,"height":899},{"@type":"BreadcrumbList","@id":"https:\/\/innoticiasbo.com\/index.php\/2024\/11\/05\/feminicidio-en-viacha-la-victima-fue-desmembrada\/#breadcrumb","itemListElement":[{"@type":"ListItem","position":1,"name":"Portada","item":"https:\/\/innoticiasbo.com\/"},{"@type":"ListItem","position":2,"name":"FEMINICIDIO&nbsp; EN VIACHA; LA V\u00cdCTIMA FUE DESMEMBRADA"}]},{"@type":"WebSite","@id":"https:\/\/innoticiasbo.com\/#website","url":"https:\/\/innoticiasbo.com\/","name":"innoticiasbo.com","description":"","publisher":{"@id":"https:\/\/innoticiasbo.com\/#organization"},"potentialAction":[{"@type":"SearchAction","target":{"@type":"EntryPoint","urlTemplate":"https:\/\/innoticiasbo.com\/?s={search_term_string}"},"query-input":{"@type":"PropertyValueSpecification","valueRequired":true,"valueName":"search_term_string"}}],"inLanguage":"es"},{"@type":"Organization","@id":"https:\/\/innoticiasbo.com\/#organization","name":"innoticiasbo.com","url":"https:\/\/innoticiasbo.com\/","logo":{"@type":"ImageObject","inLanguage":"es","@id":"https:\/\/innoticiasbo.com\/#\/schema\/logo\/image\/","url":"https:\/\/i0.wp.com\/innoticiasbo.com\/wp-content\/uploads\/2026\/04\/cropped-IN-LOGO.png?fit=1476%2C1476&ssl=1","contentUrl":"https:\/\/i0.wp.com\/innoticiasbo.com\/wp-content\/uploads\/2026\/04\/cropped-IN-LOGO.png?fit=1476%2C1476&ssl=1","width":1476,"height":1476,"caption":"innoticiasbo.com"},"image":{"@id":"https:\/\/innoticiasbo.com\/#\/schema\/logo\/image\/"},"sameAs":["https:\/\/www.facebook.com\/innoticiasbolivia","https:\/\/x.com\/innoticiasbo","https:\/\/www.instagram.com\/innoticiasbo","https:\/\/www.youtube.com\/innoticiasbo"]},{"@type":"Person","@id":"https:\/\/innoticiasbo.com\/#\/schema\/person\/589cd527c4211df1b943bdad85ec07ce","name":"Prensa","image":{"@type":"ImageObject","inLanguage":"es","@id":"https:\/\/innoticiasbo.com\/#\/schema\/person\/image\/","url":"https:\/\/secure.gravatar.com\/avatar\/d359bbdf112023c1c0a3ec7fe1600657?s=96&d=mm&r=g","contentUrl":"https:\/\/secure.gravatar.com\/avatar\/d359bbdf112023c1c0a3ec7fe1600657?s=96&d=mm&r=g","caption":"Prensa"},"sameAs":["http:\/\/www.innoticiasbo.com"],"url":"https:\/\/innoticiasbo.com\/index.php\/author\/prensa\/"}]}},"jetpack_featured_media_url":"https:\/\/i0.wp.com\/innoticiasbo.com\/wp-content\/uploads\/2024\/11\/IMG-20241105-WA0207.jpg?fit=1599%2C899&ssl=1","jetpack_likes_enabled":true,"jetpack_sharing_enabled":true,"jetpack_shortlink":"https:\/\/wp.me\/pg298x-vm","_links":{"self":[{"href":"https:\/\/innoticiasbo.com\/index.php\/wp-json\/wp\/v2\/posts\/1944","targetHints":{"allow":["GET"]}}],"collection":[{"href":"https:\/\/innoticiasbo.com\/index.php\/wp-json\/wp\/v2\/posts"}],"about":[{"href":"https:\/\/innoticiasbo.com\/index.php\/wp-json\/wp\/v2\/types\/post"}],"author":[{"embeddable":true,"href":"https:\/\/innoticiasbo.com\/index.php\/wp-json\/wp\/v2\/users\/2"}],"replies":[{"embeddable":true,"href":"https:\/\/innoticiasbo.com\/index.php\/wp-json\/wp\/v2\/comments?post=1944"}],"version-history":[{"count":1,"href":"https:\/\/innoticiasbo.com\/index.php\/wp-json\/wp\/v2\/posts\/1944\/revisions"}],"predecessor-version":[{"id":1945,"href":"https:\/\/innoticiasbo.com\/index.php\/wp-json\/wp\/v2\/posts\/1944\/revisions\/1945"}],"wp:featuredmedia":[{"embeddable":true,"href":"https:\/\/innoticiasbo.com\/index.php\/wp-json\/wp\/v2\/media\/1943"}],"wp:attachment":[{"href":"https:\/\/innoticiasbo.com\/index.php\/wp-json\/wp\/v2\/media?parent=1944"}],"wp:term":[{"taxonomy":"category","embeddable":true,"href":"https:\/\/innoticiasbo.com\/index.php\/wp-json\/wp\/v2\/categories?post=1944"},{"taxonomy":"post_tag","embeddable":true,"href":"https:\/\/innoticiasbo.com\/index.php\/wp-json\/wp\/v2\/tags?post=1944"}],"curies":[{"name":"wp","href":"https:\/\/api.w.org\/{rel}","templated":true}]}}