{"id":1911,"date":"2024-11-03T01:53:39","date_gmt":"2024-11-03T01:53:39","guid":{"rendered":"https:\/\/innoticiasbo.com\/?p=1911"},"modified":"2024-11-03T01:53:50","modified_gmt":"2024-11-03T01:53:50","slug":"bullrich-morales-el-delito-en-suelo-argentino-se-paga","status":"publish","type":"post","link":"https:\/\/innoticiasbo.com\/index.php\/2024\/11\/03\/bullrich-morales-el-delito-en-suelo-argentino-se-paga\/","title":{"rendered":"BULLRICH: \u00abMORALES, EL DELITO EN SUELO ARGENTINO SE PAGA\u00bb"},"content":{"rendered":"\n<p>Argentina, 2 de noviembre de 2024.- La ministra de Seguridad argentina, inform\u00f3 que desde hace 15 d\u00edas existe en ese pa\u00eds \u00abuna denuncia por presunta comisi\u00f3n de delitos de trata de personas y abuso sexual\u201d, en contra de Evo Morales, durante el tiempo que estuvo asilado en Argentina.<\/p>\n\n\n\n<p><br>\u201c(Evo) Morales, denunciado. El delito en suelo argentino se paga. A la causa por abuso de menores que ya tiene abierta en Bolivia se suma algo a\u00fan m\u00e1s aberrante: al socialista expresidente boliviano se lo acusa de haber convivido con 4 adolescentes durante el asilo pol\u00edtico que le brind\u00f3 el kirchnerismo\u201d, public\u00f3 en X Patricia Bullrich, la ministra de Seguridad de la Naci\u00f3n Argentina.<\/p>\n\n\n\n<figure class=\"wp-block-image size-large\"><img data-recalc-dims=\"1\" loading=\"lazy\" decoding=\"async\" width=\"640\" height=\"426\" src=\"https:\/\/i0.wp.com\/innoticiasbo.com\/wp-content\/uploads\/2024\/11\/evo-preocupado7417568706800569326.jpg?resize=640%2C426&#038;ssl=1\" alt=\"\" class=\"wp-image-1909\" srcset=\"https:\/\/i0.wp.com\/innoticiasbo.com\/wp-content\/uploads\/2024\/11\/evo-preocupado7417568706800569326.jpg?w=1024&amp;ssl=1 1024w, https:\/\/i0.wp.com\/innoticiasbo.com\/wp-content\/uploads\/2024\/11\/evo-preocupado7417568706800569326.jpg?resize=300%2C200&amp;ssl=1 300w, https:\/\/i0.wp.com\/innoticiasbo.com\/wp-content\/uploads\/2024\/11\/evo-preocupado7417568706800569326.jpg?resize=768%2C511&amp;ssl=1 768w, https:\/\/i0.wp.com\/innoticiasbo.com\/wp-content\/uploads\/2024\/11\/evo-preocupado7417568706800569326.jpg?resize=600%2C400&amp;ssl=1 600w\" sizes=\"auto, (max-width: 640px) 100vw, 640px\" \/><\/figure>\n\n\n\n<p><br>La publicaci\u00f3n que est\u00e1 acompa\u00f1ada de un audio, que corresponde a una conferencia de prensa ofrecida este s\u00e1bado 2 de noviembre se\u00f1ala tambi\u00e9n: \u201cEl peor de los delitos, en nuestro suelo. Por eso, hace 15 d\u00edas presentamos una denuncia por presunta comisi\u00f3n de delitos de trata de personas y abuso sexual\u201d.<\/p>\n\n\n\n<p><br>En el audio se la escucha decir que no se hizo publicidad de este proceso por \u201clos niveles de violencia que hab\u00eda en este momento en Bolivia\u201d. Sin embargo, repiti\u00f3 que la denuncia est\u00e1 judicializada desde hace 15 d\u00edas.<\/p>\n\n\n\n<p><br>\u201cAs\u00ed que ahora, que han salido otras denuncias, ya estamos en condiciones de decirlo\u201d, indic\u00f3 Bullrich.<\/p>\n\n\n\n<h1 class=\"wp-block-heading\">Pedofilia #AbusoDeMenores #EvoMorales #Argentina #ComunidadCiudadana #PatriciaBullrich #tratadepersonas<\/h1>\n","protected":false},"excerpt":{"rendered":"<p>Argentina, 2 de noviembre de 2024.- La ministra de Seguridad argentina, inform\u00f3 que desde hace 15 d\u00edas existe en ese pa\u00eds \u00abuna denuncia por presunta comisi\u00f3n de delitos de trata de personas y abuso sexual\u201d, en contra de Evo Morales, durante el tiempo que estuvo asilado en Argentina. \u201c(Evo) Morales, denunciado. El delito en suelo&#8230;<\/p>\n","protected":false},"author":2,"featured_media":1910,"comment_status":"open","ping_status":"open","sticky":false,"template":"","format":"standard","meta":{"_jetpack_memberships_contains_paid_content":false,"footnotes":"","jetpack_publicize_message":"","jetpack_publicize_feature_enabled":true,"jetpack_social_post_already_shared":true,"jetpack_social_options":{"image_generator_settings":{"template":"highway","enabled":false},"version":2}},"categories":[5],"tags":[],"class_list":["post-1911","post","type-post","status-publish","format-standard","has-post-thumbnail","hentry","category-mundo"],"jetpack_publicize_connections":[],"yoast_head":"<!-- This site is optimized with the Yoast SEO plugin v23.4 - https:\/\/yoast.com\/wordpress\/plugins\/seo\/ -->\n<title>BULLRICH: &quot;MORALES, EL DELITO EN SUELO ARGENTINO SE PAGA&quot; - innoticiasbo.com<\/title>\n<meta name=\"robots\" content=\"index, follow, max-snippet:-1, max-image-preview:large, max-video-preview:-1\" \/>\n<link rel=\"canonical\" href=\"https:\/\/innoticiasbo.com\/index.php\/2024\/11\/03\/bullrich-morales-el-delito-en-suelo-argentino-se-paga\/\" \/>\n<meta property=\"og:locale\" content=\"es_ES\" \/>\n<meta property=\"og:type\" content=\"article\" \/>\n<meta property=\"og:title\" content=\"BULLRICH: &quot;MORALES, EL DELITO EN SUELO ARGENTINO SE PAGA&quot; - innoticiasbo.com\" \/>\n<meta property=\"og:description\" content=\"Argentina, 2 de noviembre de 2024.- La ministra de Seguridad argentina, inform\u00f3 que desde hace 15 d\u00edas existe en ese pa\u00eds \u00abuna denuncia por presunta comisi\u00f3n de delitos de trata de personas y abuso sexual\u201d, en contra de Evo Morales, durante el tiempo que estuvo asilado en Argentina. \u201c(Evo) Morales, denunciado. El delito en suelo...\" \/>\n<meta property=\"og:url\" content=\"https:\/\/innoticiasbo.com\/index.php\/2024\/11\/03\/bullrich-morales-el-delito-en-suelo-argentino-se-paga\/\" \/>\n<meta property=\"og:site_name\" content=\"innoticiasbo.com\" \/>\n<meta property=\"article:publisher\" content=\"https:\/\/www.facebook.com\/innoticiasbolivia\" \/>\n<meta property=\"article:published_time\" content=\"2024-11-03T01:53:39+00:00\" \/>\n<meta property=\"article:modified_time\" content=\"2024-11-03T01:53:50+00:00\" \/>\n<meta property=\"og:image\" content=\"https:\/\/i0.wp.com\/innoticiasbo.com\/wp-content\/uploads\/2024\/11\/la-ministra-de-seguridad-argentina-patricia-bullrich.-foto-efe_1114456064_1140x520.jpg?fit=1140%2C520&ssl=1\" \/>\n\t<meta property=\"og:image:width\" content=\"1140\" \/>\n\t<meta property=\"og:image:height\" content=\"520\" \/>\n\t<meta property=\"og:image:type\" content=\"image\/jpeg\" \/>\n<meta name=\"author\" content=\"Prensa\" \/>\n<meta name=\"twitter:card\" content=\"summary_large_image\" \/>\n<meta name=\"twitter:creator\" content=\"@innoticiasbo\" \/>\n<meta name=\"twitter:site\" content=\"@innoticiasbo\" \/>\n<meta name=\"twitter:label1\" content=\"Escrito por\" \/>\n\t<meta name=\"twitter:data1\" content=\"Prensa\" \/>\n\t<meta name=\"twitter:label2\" content=\"Tiempo de lectura\" \/>\n\t<meta name=\"twitter:data2\" content=\"1 minuto\" \/>\n<script type=\"application\/ld+json\" class=\"yoast-schema-graph\">{\"@context\":\"https:\/\/schema.org\",\"@graph\":[{\"@type\":\"Article\",\"@id\":\"https:\/\/innoticiasbo.com\/index.php\/2024\/11\/03\/bullrich-morales-el-delito-en-suelo-argentino-se-paga\/#article\",\"isPartOf\":{\"@id\":\"https:\/\/innoticiasbo.com\/index.php\/2024\/11\/03\/bullrich-morales-el-delito-en-suelo-argentino-se-paga\/\"},\"author\":{\"name\":\"Prensa\",\"@id\":\"https:\/\/innoticiasbo.com\/#\/schema\/person\/589cd527c4211df1b943bdad85ec07ce\"},\"headline\":\"BULLRICH: \u00abMORALES, EL DELITO EN SUELO ARGENTINO SE PAGA\u00bb\",\"datePublished\":\"2024-11-03T01:53:39+00:00\",\"dateModified\":\"2024-11-03T01:53:50+00:00\",\"mainEntityOfPage\":{\"@id\":\"https:\/\/innoticiasbo.com\/index.php\/2024\/11\/03\/bullrich-morales-el-delito-en-suelo-argentino-se-paga\/\"},\"wordCount\":244,\"commentCount\":0,\"publisher\":{\"@id\":\"https:\/\/innoticiasbo.com\/#organization\"},\"image\":{\"@id\":\"https:\/\/innoticiasbo.com\/index.php\/2024\/11\/03\/bullrich-morales-el-delito-en-suelo-argentino-se-paga\/#primaryimage\"},\"thumbnailUrl\":\"https:\/\/i0.wp.com\/innoticiasbo.com\/wp-content\/uploads\/2024\/11\/la-ministra-de-seguridad-argentina-patricia-bullrich.-foto-efe_1114456064_1140x520.jpg?fit=1140%2C520&ssl=1\",\"articleSection\":[\"Mundo\"],\"inLanguage\":\"es\",\"potentialAction\":[{\"@type\":\"CommentAction\",\"name\":\"Comment\",\"target\":[\"https:\/\/innoticiasbo.com\/index.php\/2024\/11\/03\/bullrich-morales-el-delito-en-suelo-argentino-se-paga\/#respond\"]}]},{\"@type\":\"WebPage\",\"@id\":\"https:\/\/innoticiasbo.com\/index.php\/2024\/11\/03\/bullrich-morales-el-delito-en-suelo-argentino-se-paga\/\",\"url\":\"https:\/\/innoticiasbo.com\/index.php\/2024\/11\/03\/bullrich-morales-el-delito-en-suelo-argentino-se-paga\/\",\"name\":\"BULLRICH: \\\"MORALES, EL DELITO EN SUELO ARGENTINO SE PAGA\\\" - innoticiasbo.com\",\"isPartOf\":{\"@id\":\"https:\/\/innoticiasbo.com\/#website\"},\"primaryImageOfPage\":{\"@id\":\"https:\/\/innoticiasbo.com\/index.php\/2024\/11\/03\/bullrich-morales-el-delito-en-suelo-argentino-se-paga\/#primaryimage\"},\"image\":{\"@id\":\"https:\/\/innoticiasbo.com\/index.php\/2024\/11\/03\/bullrich-morales-el-delito-en-suelo-argentino-se-paga\/#primaryimage\"},\"thumbnailUrl\":\"https:\/\/i0.wp.com\/innoticiasbo.com\/wp-content\/uploads\/2024\/11\/la-ministra-de-seguridad-argentina-patricia-bullrich.-foto-efe_1114456064_1140x520.jpg?fit=1140%2C520&ssl=1\",\"datePublished\":\"2024-11-03T01:53:39+00:00\",\"dateModified\":\"2024-11-03T01:53:50+00:00\",\"breadcrumb\":{\"@id\":\"https:\/\/innoticiasbo.com\/index.php\/2024\/11\/03\/bullrich-morales-el-delito-en-suelo-argentino-se-paga\/#breadcrumb\"},\"inLanguage\":\"es\",\"potentialAction\":[{\"@type\":\"ReadAction\",\"target\":[\"https:\/\/innoticiasbo.com\/index.php\/2024\/11\/03\/bullrich-morales-el-delito-en-suelo-argentino-se-paga\/\"]}]},{\"@type\":\"ImageObject\",\"inLanguage\":\"es\",\"@id\":\"https:\/\/innoticiasbo.com\/index.php\/2024\/11\/03\/bullrich-morales-el-delito-en-suelo-argentino-se-paga\/#primaryimage\",\"url\":\"https:\/\/i0.wp.com\/innoticiasbo.com\/wp-content\/uploads\/2024\/11\/la-ministra-de-seguridad-argentina-patricia-bullrich.-foto-efe_1114456064_1140x520.jpg?fit=1140%2C520&ssl=1\",\"contentUrl\":\"https:\/\/i0.wp.com\/innoticiasbo.com\/wp-content\/uploads\/2024\/11\/la-ministra-de-seguridad-argentina-patricia-bullrich.-foto-efe_1114456064_1140x520.jpg?fit=1140%2C520&ssl=1\",\"width\":1140,\"height\":520},{\"@type\":\"BreadcrumbList\",\"@id\":\"https:\/\/innoticiasbo.com\/index.php\/2024\/11\/03\/bullrich-morales-el-delito-en-suelo-argentino-se-paga\/#breadcrumb\",\"itemListElement\":[{\"@type\":\"ListItem\",\"position\":1,\"name\":\"Portada\",\"item\":\"https:\/\/innoticiasbo.com\/\"},{\"@type\":\"ListItem\",\"position\":2,\"name\":\"BULLRICH: \u00abMORALES, EL DELITO EN SUELO ARGENTINO SE PAGA\u00bb\"}]},{\"@type\":\"WebSite\",\"@id\":\"https:\/\/innoticiasbo.com\/#website\",\"url\":\"https:\/\/innoticiasbo.com\/\",\"name\":\"innoticiasbo.com\",\"description\":\"\",\"publisher\":{\"@id\":\"https:\/\/innoticiasbo.com\/#organization\"},\"potentialAction\":[{\"@type\":\"SearchAction\",\"target\":{\"@type\":\"EntryPoint\",\"urlTemplate\":\"https:\/\/innoticiasbo.com\/?s={search_term_string}\"},\"query-input\":{\"@type\":\"PropertyValueSpecification\",\"valueRequired\":true,\"valueName\":\"search_term_string\"}}],\"inLanguage\":\"es\"},{\"@type\":\"Organization\",\"@id\":\"https:\/\/innoticiasbo.com\/#organization\",\"name\":\"innoticiasbo.com\",\"url\":\"https:\/\/innoticiasbo.com\/\",\"logo\":{\"@type\":\"ImageObject\",\"inLanguage\":\"es\",\"@id\":\"https:\/\/innoticiasbo.com\/#\/schema\/logo\/image\/\",\"url\":\"https:\/\/i0.wp.com\/innoticiasbo.com\/wp-content\/uploads\/2026\/04\/cropped-IN-LOGO.png?fit=1476%2C1476&ssl=1\",\"contentUrl\":\"https:\/\/i0.wp.com\/innoticiasbo.com\/wp-content\/uploads\/2026\/04\/cropped-IN-LOGO.png?fit=1476%2C1476&ssl=1\",\"width\":1476,\"height\":1476,\"caption\":\"innoticiasbo.com\"},\"image\":{\"@id\":\"https:\/\/innoticiasbo.com\/#\/schema\/logo\/image\/\"},\"sameAs\":[\"https:\/\/www.facebook.com\/innoticiasbolivia\",\"https:\/\/x.com\/innoticiasbo\",\"https:\/\/www.instagram.com\/innoticiasbo\",\"https:\/\/www.youtube.com\/innoticiasbo\"]},{\"@type\":\"Person\",\"@id\":\"https:\/\/innoticiasbo.com\/#\/schema\/person\/589cd527c4211df1b943bdad85ec07ce\",\"name\":\"Prensa\",\"image\":{\"@type\":\"ImageObject\",\"inLanguage\":\"es\",\"@id\":\"https:\/\/innoticiasbo.com\/#\/schema\/person\/image\/\",\"url\":\"https:\/\/secure.gravatar.com\/avatar\/d359bbdf112023c1c0a3ec7fe1600657?s=96&d=mm&r=g\",\"contentUrl\":\"https:\/\/secure.gravatar.com\/avatar\/d359bbdf112023c1c0a3ec7fe1600657?s=96&d=mm&r=g\",\"caption\":\"Prensa\"},\"sameAs\":[\"http:\/\/www.innoticiasbo.com\"],\"url\":\"https:\/\/innoticiasbo.com\/index.php\/author\/prensa\/\"}]}<\/script>\n<!-- \/ Yoast SEO plugin. -->","yoast_head_json":{"title":"BULLRICH: \"MORALES, EL DELITO EN SUELO ARGENTINO SE PAGA\" - innoticiasbo.com","robots":{"index":"index","follow":"follow","max-snippet":"max-snippet:-1","max-image-preview":"max-image-preview:large","max-video-preview":"max-video-preview:-1"},"canonical":"https:\/\/innoticiasbo.com\/index.php\/2024\/11\/03\/bullrich-morales-el-delito-en-suelo-argentino-se-paga\/","og_locale":"es_ES","og_type":"article","og_title":"BULLRICH: \"MORALES, EL DELITO EN SUELO ARGENTINO SE PAGA\" - innoticiasbo.com","og_description":"Argentina, 2 de noviembre de 2024.- La ministra de Seguridad argentina, inform\u00f3 que desde hace 15 d\u00edas existe en ese pa\u00eds \u00abuna denuncia por presunta comisi\u00f3n de delitos de trata de personas y abuso sexual\u201d, en contra de Evo Morales, durante el tiempo que estuvo asilado en Argentina. \u201c(Evo) Morales, denunciado. El delito en suelo...","og_url":"https:\/\/innoticiasbo.com\/index.php\/2024\/11\/03\/bullrich-morales-el-delito-en-suelo-argentino-se-paga\/","og_site_name":"innoticiasbo.com","article_publisher":"https:\/\/www.facebook.com\/innoticiasbolivia","article_published_time":"2024-11-03T01:53:39+00:00","article_modified_time":"2024-11-03T01:53:50+00:00","og_image":[{"width":1140,"height":520,"url":"https:\/\/i0.wp.com\/innoticiasbo.com\/wp-content\/uploads\/2024\/11\/la-ministra-de-seguridad-argentina-patricia-bullrich.-foto-efe_1114456064_1140x520.jpg?fit=1140%2C520&ssl=1","type":"image\/jpeg"}],"author":"Prensa","twitter_card":"summary_large_image","twitter_creator":"@innoticiasbo","twitter_site":"@innoticiasbo","twitter_misc":{"Escrito por":"Prensa","Tiempo de lectura":"1 minuto"},"schema":{"@context":"https:\/\/schema.org","@graph":[{"@type":"Article","@id":"https:\/\/innoticiasbo.com\/index.php\/2024\/11\/03\/bullrich-morales-el-delito-en-suelo-argentino-se-paga\/#article","isPartOf":{"@id":"https:\/\/innoticiasbo.com\/index.php\/2024\/11\/03\/bullrich-morales-el-delito-en-suelo-argentino-se-paga\/"},"author":{"name":"Prensa","@id":"https:\/\/innoticiasbo.com\/#\/schema\/person\/589cd527c4211df1b943bdad85ec07ce"},"headline":"BULLRICH: \u00abMORALES, EL DELITO EN SUELO ARGENTINO SE PAGA\u00bb","datePublished":"2024-11-03T01:53:39+00:00","dateModified":"2024-11-03T01:53:50+00:00","mainEntityOfPage":{"@id":"https:\/\/innoticiasbo.com\/index.php\/2024\/11\/03\/bullrich-morales-el-delito-en-suelo-argentino-se-paga\/"},"wordCount":244,"commentCount":0,"publisher":{"@id":"https:\/\/innoticiasbo.com\/#organization"},"image":{"@id":"https:\/\/innoticiasbo.com\/index.php\/2024\/11\/03\/bullrich-morales-el-delito-en-suelo-argentino-se-paga\/#primaryimage"},"thumbnailUrl":"https:\/\/i0.wp.com\/innoticiasbo.com\/wp-content\/uploads\/2024\/11\/la-ministra-de-seguridad-argentina-patricia-bullrich.-foto-efe_1114456064_1140x520.jpg?fit=1140%2C520&ssl=1","articleSection":["Mundo"],"inLanguage":"es","potentialAction":[{"@type":"CommentAction","name":"Comment","target":["https:\/\/innoticiasbo.com\/index.php\/2024\/11\/03\/bullrich-morales-el-delito-en-suelo-argentino-se-paga\/#respond"]}]},{"@type":"WebPage","@id":"https:\/\/innoticiasbo.com\/index.php\/2024\/11\/03\/bullrich-morales-el-delito-en-suelo-argentino-se-paga\/","url":"https:\/\/innoticiasbo.com\/index.php\/2024\/11\/03\/bullrich-morales-el-delito-en-suelo-argentino-se-paga\/","name":"BULLRICH: \"MORALES, EL DELITO EN SUELO ARGENTINO SE PAGA\" - innoticiasbo.com","isPartOf":{"@id":"https:\/\/innoticiasbo.com\/#website"},"primaryImageOfPage":{"@id":"https:\/\/innoticiasbo.com\/index.php\/2024\/11\/03\/bullrich-morales-el-delito-en-suelo-argentino-se-paga\/#primaryimage"},"image":{"@id":"https:\/\/innoticiasbo.com\/index.php\/2024\/11\/03\/bullrich-morales-el-delito-en-suelo-argentino-se-paga\/#primaryimage"},"thumbnailUrl":"https:\/\/i0.wp.com\/innoticiasbo.com\/wp-content\/uploads\/2024\/11\/la-ministra-de-seguridad-argentina-patricia-bullrich.-foto-efe_1114456064_1140x520.jpg?fit=1140%2C520&ssl=1","datePublished":"2024-11-03T01:53:39+00:00","dateModified":"2024-11-03T01:53:50+00:00","breadcrumb":{"@id":"https:\/\/innoticiasbo.com\/index.php\/2024\/11\/03\/bullrich-morales-el-delito-en-suelo-argentino-se-paga\/#breadcrumb"},"inLanguage":"es","potentialAction":[{"@type":"ReadAction","target":["https:\/\/innoticiasbo.com\/index.php\/2024\/11\/03\/bullrich-morales-el-delito-en-suelo-argentino-se-paga\/"]}]},{"@type":"ImageObject","inLanguage":"es","@id":"https:\/\/innoticiasbo.com\/index.php\/2024\/11\/03\/bullrich-morales-el-delito-en-suelo-argentino-se-paga\/#primaryimage","url":"https:\/\/i0.wp.com\/innoticiasbo.com\/wp-content\/uploads\/2024\/11\/la-ministra-de-seguridad-argentina-patricia-bullrich.-foto-efe_1114456064_1140x520.jpg?fit=1140%2C520&ssl=1","contentUrl":"https:\/\/i0.wp.com\/innoticiasbo.com\/wp-content\/uploads\/2024\/11\/la-ministra-de-seguridad-argentina-patricia-bullrich.-foto-efe_1114456064_1140x520.jpg?fit=1140%2C520&ssl=1","width":1140,"height":520},{"@type":"BreadcrumbList","@id":"https:\/\/innoticiasbo.com\/index.php\/2024\/11\/03\/bullrich-morales-el-delito-en-suelo-argentino-se-paga\/#breadcrumb","itemListElement":[{"@type":"ListItem","position":1,"name":"Portada","item":"https:\/\/innoticiasbo.com\/"},{"@type":"ListItem","position":2,"name":"BULLRICH: \u00abMORALES, EL DELITO EN SUELO ARGENTINO SE PAGA\u00bb"}]},{"@type":"WebSite","@id":"https:\/\/innoticiasbo.com\/#website","url":"https:\/\/innoticiasbo.com\/","name":"innoticiasbo.com","description":"","publisher":{"@id":"https:\/\/innoticiasbo.com\/#organization"},"potentialAction":[{"@type":"SearchAction","target":{"@type":"EntryPoint","urlTemplate":"https:\/\/innoticiasbo.com\/?s={search_term_string}"},"query-input":{"@type":"PropertyValueSpecification","valueRequired":true,"valueName":"search_term_string"}}],"inLanguage":"es"},{"@type":"Organization","@id":"https:\/\/innoticiasbo.com\/#organization","name":"innoticiasbo.com","url":"https:\/\/innoticiasbo.com\/","logo":{"@type":"ImageObject","inLanguage":"es","@id":"https:\/\/innoticiasbo.com\/#\/schema\/logo\/image\/","url":"https:\/\/i0.wp.com\/innoticiasbo.com\/wp-content\/uploads\/2026\/04\/cropped-IN-LOGO.png?fit=1476%2C1476&ssl=1","contentUrl":"https:\/\/i0.wp.com\/innoticiasbo.com\/wp-content\/uploads\/2026\/04\/cropped-IN-LOGO.png?fit=1476%2C1476&ssl=1","width":1476,"height":1476,"caption":"innoticiasbo.com"},"image":{"@id":"https:\/\/innoticiasbo.com\/#\/schema\/logo\/image\/"},"sameAs":["https:\/\/www.facebook.com\/innoticiasbolivia","https:\/\/x.com\/innoticiasbo","https:\/\/www.instagram.com\/innoticiasbo","https:\/\/www.youtube.com\/innoticiasbo"]},{"@type":"Person","@id":"https:\/\/innoticiasbo.com\/#\/schema\/person\/589cd527c4211df1b943bdad85ec07ce","name":"Prensa","image":{"@type":"ImageObject","inLanguage":"es","@id":"https:\/\/innoticiasbo.com\/#\/schema\/person\/image\/","url":"https:\/\/secure.gravatar.com\/avatar\/d359bbdf112023c1c0a3ec7fe1600657?s=96&d=mm&r=g","contentUrl":"https:\/\/secure.gravatar.com\/avatar\/d359bbdf112023c1c0a3ec7fe1600657?s=96&d=mm&r=g","caption":"Prensa"},"sameAs":["http:\/\/www.innoticiasbo.com"],"url":"https:\/\/innoticiasbo.com\/index.php\/author\/prensa\/"}]}},"jetpack_featured_media_url":"https:\/\/i0.wp.com\/innoticiasbo.com\/wp-content\/uploads\/2024\/11\/la-ministra-de-seguridad-argentina-patricia-bullrich.-foto-efe_1114456064_1140x520.jpg?fit=1140%2C520&ssl=1","jetpack_likes_enabled":true,"jetpack_sharing_enabled":true,"jetpack_shortlink":"https:\/\/wp.me\/pg298x-uP","_links":{"self":[{"href":"https:\/\/innoticiasbo.com\/index.php\/wp-json\/wp\/v2\/posts\/1911","targetHints":{"allow":["GET"]}}],"collection":[{"href":"https:\/\/innoticiasbo.com\/index.php\/wp-json\/wp\/v2\/posts"}],"about":[{"href":"https:\/\/innoticiasbo.com\/index.php\/wp-json\/wp\/v2\/types\/post"}],"author":[{"embeddable":true,"href":"https:\/\/innoticiasbo.com\/index.php\/wp-json\/wp\/v2\/users\/2"}],"replies":[{"embeddable":true,"href":"https:\/\/innoticiasbo.com\/index.php\/wp-json\/wp\/v2\/comments?post=1911"}],"version-history":[{"count":1,"href":"https:\/\/innoticiasbo.com\/index.php\/wp-json\/wp\/v2\/posts\/1911\/revisions"}],"predecessor-version":[{"id":1912,"href":"https:\/\/innoticiasbo.com\/index.php\/wp-json\/wp\/v2\/posts\/1911\/revisions\/1912"}],"wp:featuredmedia":[{"embeddable":true,"href":"https:\/\/innoticiasbo.com\/index.php\/wp-json\/wp\/v2\/media\/1910"}],"wp:attachment":[{"href":"https:\/\/innoticiasbo.com\/index.php\/wp-json\/wp\/v2\/media?parent=1911"}],"wp:term":[{"taxonomy":"category","embeddable":true,"href":"https:\/\/innoticiasbo.com\/index.php\/wp-json\/wp\/v2\/categories?post=1911"},{"taxonomy":"post_tag","embeddable":true,"href":"https:\/\/innoticiasbo.com\/index.php\/wp-json\/wp\/v2\/tags?post=1911"}],"curies":[{"name":"wp","href":"https:\/\/api.w.org\/{rel}","templated":true}]}}