{"id":1780,"date":"2024-10-27T23:40:00","date_gmt":"2024-10-27T23:40:00","guid":{"rendered":"https:\/\/innoticiasbo.com\/?p=1780"},"modified":"2024-10-27T23:40:00","modified_gmt":"2024-10-27T23:40:00","slug":"el-misti-recibe-a-escaladoras-bolivianas-se-preparan-para-el-everest","status":"publish","type":"post","link":"https:\/\/innoticiasbo.com\/index.php\/2024\/10\/27\/el-misti-recibe-a-escaladoras-bolivianas-se-preparan-para-el-everest\/","title":{"rendered":"EL MISTI RECIBE A ESCALADORAS BOLIVIANAS, SE PREPARAN PARA EL EVEREST"},"content":{"rendered":"\n<p class=\"p1\">Arequipa, 27 de octubre, 2024.- Las monta\u00f1istas bolivianas Elena Quispe, Julia Quispe, Alicia Quispe y Pacesa Ala\u00f1a, conocidas como las Cholitas Escaladoras, ascendieron a la cima del volc\u00e1n Misti (5822 mnsm), en Arequipa, Per\u00fa, como parte de las actividades programadas por el Festival Internacional de Cine de Monta\u00f1a &#8211; Inkafest.<\/p>\n\n\n\n<p class=\"p1\">Las mujeres aimaras pisaron la cumbre a las 9 de la ma\u00f1ana de hoy, domingo 27 de octubre, luego de 6 horas de ardua caminata desde el campamento base Nido de \u00c1guilas. A cargo de la expedici\u00f3n estuvo Henry Dom\u00ednguez Salcedo, el Caminante C\u00f3smico.<\/p>\n\n\n\n<p class=\"p1\">Est\u00e1 experiencia en el macizo arequipe\u00f1o les sirve de preparaci\u00f3n con miras a su proyecto de ascender al Everest en el 2025.<\/p>\n\n\n\n<p class=\"p1\">Fuente: Nexo on Line<\/p>\n","protected":false},"excerpt":{"rendered":"<p>Arequipa, 27 de octubre, 2024.- Las monta\u00f1istas bolivianas Elena Quispe, Julia Quispe, Alicia Quispe y Pacesa Ala\u00f1a, conocidas como las Cholitas Escaladoras, ascendieron a la cima del volc\u00e1n Misti (5822 mnsm), en Arequipa, Per\u00fa, como parte de las actividades programadas por el Festival Internacional de Cine de Monta\u00f1a &#8211; Inkafest. Las mujeres aimaras pisaron la&#8230;<\/p>\n","protected":false},"author":6,"featured_media":1779,"comment_status":"closed","ping_status":"open","sticky":false,"template":"","format":"standard","meta":{"_jetpack_memberships_contains_paid_content":false,"footnotes":"","jetpack_publicize_message":"","jetpack_publicize_feature_enabled":true,"jetpack_social_post_already_shared":true,"jetpack_social_options":{"image_generator_settings":{"template":"highway","enabled":false},"version":2}},"categories":[1],"tags":[],"class_list":["post-1780","post","type-post","status-publish","format-standard","has-post-thumbnail","hentry","category-bolivia"],"jetpack_publicize_connections":[],"yoast_head":"<!-- This site is optimized with the Yoast SEO plugin v23.4 - https:\/\/yoast.com\/wordpress\/plugins\/seo\/ -->\n<title>EL MISTI RECIBE A ESCALADORAS BOLIVIANAS, SE PREPARAN PARA EL EVEREST - innoticiasbo.com<\/title>\n<meta name=\"robots\" content=\"index, follow, max-snippet:-1, max-image-preview:large, max-video-preview:-1\" \/>\n<link rel=\"canonical\" href=\"https:\/\/innoticiasbo.com\/index.php\/2024\/10\/27\/el-misti-recibe-a-escaladoras-bolivianas-se-preparan-para-el-everest\/\" \/>\n<meta property=\"og:locale\" content=\"es_ES\" \/>\n<meta property=\"og:type\" content=\"article\" \/>\n<meta property=\"og:title\" content=\"EL MISTI RECIBE A ESCALADORAS BOLIVIANAS, SE PREPARAN PARA EL EVEREST - innoticiasbo.com\" \/>\n<meta property=\"og:description\" content=\"Arequipa, 27 de octubre, 2024.- Las monta\u00f1istas bolivianas Elena Quispe, Julia Quispe, Alicia Quispe y Pacesa Ala\u00f1a, conocidas como las Cholitas Escaladoras, ascendieron a la cima del volc\u00e1n Misti (5822 mnsm), en Arequipa, Per\u00fa, como parte de las actividades programadas por el Festival Internacional de Cine de Monta\u00f1a &#8211; Inkafest. Las mujeres aimaras pisaron la...\" \/>\n<meta property=\"og:url\" content=\"https:\/\/innoticiasbo.com\/index.php\/2024\/10\/27\/el-misti-recibe-a-escaladoras-bolivianas-se-preparan-para-el-everest\/\" \/>\n<meta property=\"og:site_name\" content=\"innoticiasbo.com\" \/>\n<meta property=\"article:publisher\" content=\"https:\/\/www.facebook.com\/innoticiasbolivia\" \/>\n<meta property=\"article:published_time\" content=\"2024-10-27T23:40:00+00:00\" \/>\n<meta property=\"og:image\" content=\"https:\/\/i0.wp.com\/innoticiasbo.com\/wp-content\/uploads\/2024\/10\/img_9420-1.jpg?fit=1040%2C780&ssl=1\" \/>\n\t<meta property=\"og:image:width\" content=\"1040\" \/>\n\t<meta property=\"og:image:height\" content=\"780\" \/>\n\t<meta property=\"og:image:type\" content=\"image\/jpeg\" \/>\n<meta name=\"author\" content=\"Eliza Riva\" \/>\n<meta name=\"twitter:card\" content=\"summary_large_image\" \/>\n<meta name=\"twitter:creator\" content=\"@innoticiasbo\" \/>\n<meta name=\"twitter:site\" content=\"@innoticiasbo\" \/>\n<meta name=\"twitter:label1\" content=\"Escrito por\" \/>\n\t<meta name=\"twitter:data1\" content=\"Eliza Riva\" \/>\n\t<meta name=\"twitter:label2\" content=\"Tiempo de lectura\" \/>\n\t<meta name=\"twitter:data2\" content=\"1 minuto\" \/>\n<script type=\"application\/ld+json\" class=\"yoast-schema-graph\">{\"@context\":\"https:\/\/schema.org\",\"@graph\":[{\"@type\":\"Article\",\"@id\":\"https:\/\/innoticiasbo.com\/index.php\/2024\/10\/27\/el-misti-recibe-a-escaladoras-bolivianas-se-preparan-para-el-everest\/#article\",\"isPartOf\":{\"@id\":\"https:\/\/innoticiasbo.com\/index.php\/2024\/10\/27\/el-misti-recibe-a-escaladoras-bolivianas-se-preparan-para-el-everest\/\"},\"author\":{\"name\":\"Eliza Riva\",\"@id\":\"https:\/\/innoticiasbo.com\/#\/schema\/person\/8c935b6b11c0223d8f77dc01fc948202\"},\"headline\":\"EL MISTI RECIBE A ESCALADORAS BOLIVIANAS, SE PREPARAN PARA EL EVEREST\",\"datePublished\":\"2024-10-27T23:40:00+00:00\",\"dateModified\":\"2024-10-27T23:40:00+00:00\",\"mainEntityOfPage\":{\"@id\":\"https:\/\/innoticiasbo.com\/index.php\/2024\/10\/27\/el-misti-recibe-a-escaladoras-bolivianas-se-preparan-para-el-everest\/\"},\"wordCount\":135,\"publisher\":{\"@id\":\"https:\/\/innoticiasbo.com\/#organization\"},\"image\":{\"@id\":\"https:\/\/innoticiasbo.com\/index.php\/2024\/10\/27\/el-misti-recibe-a-escaladoras-bolivianas-se-preparan-para-el-everest\/#primaryimage\"},\"thumbnailUrl\":\"https:\/\/i0.wp.com\/innoticiasbo.com\/wp-content\/uploads\/2024\/10\/img_9420-1.jpg?fit=1040%2C780&ssl=1\",\"articleSection\":[\"Bolivia\"],\"inLanguage\":\"es\"},{\"@type\":\"WebPage\",\"@id\":\"https:\/\/innoticiasbo.com\/index.php\/2024\/10\/27\/el-misti-recibe-a-escaladoras-bolivianas-se-preparan-para-el-everest\/\",\"url\":\"https:\/\/innoticiasbo.com\/index.php\/2024\/10\/27\/el-misti-recibe-a-escaladoras-bolivianas-se-preparan-para-el-everest\/\",\"name\":\"EL MISTI RECIBE A ESCALADORAS BOLIVIANAS, SE PREPARAN PARA EL EVEREST - innoticiasbo.com\",\"isPartOf\":{\"@id\":\"https:\/\/innoticiasbo.com\/#website\"},\"primaryImageOfPage\":{\"@id\":\"https:\/\/innoticiasbo.com\/index.php\/2024\/10\/27\/el-misti-recibe-a-escaladoras-bolivianas-se-preparan-para-el-everest\/#primaryimage\"},\"image\":{\"@id\":\"https:\/\/innoticiasbo.com\/index.php\/2024\/10\/27\/el-misti-recibe-a-escaladoras-bolivianas-se-preparan-para-el-everest\/#primaryimage\"},\"thumbnailUrl\":\"https:\/\/i0.wp.com\/innoticiasbo.com\/wp-content\/uploads\/2024\/10\/img_9420-1.jpg?fit=1040%2C780&ssl=1\",\"datePublished\":\"2024-10-27T23:40:00+00:00\",\"dateModified\":\"2024-10-27T23:40:00+00:00\",\"breadcrumb\":{\"@id\":\"https:\/\/innoticiasbo.com\/index.php\/2024\/10\/27\/el-misti-recibe-a-escaladoras-bolivianas-se-preparan-para-el-everest\/#breadcrumb\"},\"inLanguage\":\"es\",\"potentialAction\":[{\"@type\":\"ReadAction\",\"target\":[\"https:\/\/innoticiasbo.com\/index.php\/2024\/10\/27\/el-misti-recibe-a-escaladoras-bolivianas-se-preparan-para-el-everest\/\"]}]},{\"@type\":\"ImageObject\",\"inLanguage\":\"es\",\"@id\":\"https:\/\/innoticiasbo.com\/index.php\/2024\/10\/27\/el-misti-recibe-a-escaladoras-bolivianas-se-preparan-para-el-everest\/#primaryimage\",\"url\":\"https:\/\/i0.wp.com\/innoticiasbo.com\/wp-content\/uploads\/2024\/10\/img_9420-1.jpg?fit=1040%2C780&ssl=1\",\"contentUrl\":\"https:\/\/i0.wp.com\/innoticiasbo.com\/wp-content\/uploads\/2024\/10\/img_9420-1.jpg?fit=1040%2C780&ssl=1\",\"width\":1040,\"height\":780},{\"@type\":\"BreadcrumbList\",\"@id\":\"https:\/\/innoticiasbo.com\/index.php\/2024\/10\/27\/el-misti-recibe-a-escaladoras-bolivianas-se-preparan-para-el-everest\/#breadcrumb\",\"itemListElement\":[{\"@type\":\"ListItem\",\"position\":1,\"name\":\"Portada\",\"item\":\"https:\/\/innoticiasbo.com\/\"},{\"@type\":\"ListItem\",\"position\":2,\"name\":\"EL MISTI RECIBE A ESCALADORAS BOLIVIANAS, SE PREPARAN PARA EL EVEREST\"}]},{\"@type\":\"WebSite\",\"@id\":\"https:\/\/innoticiasbo.com\/#website\",\"url\":\"https:\/\/innoticiasbo.com\/\",\"name\":\"innoticiasbo.com\",\"description\":\"\",\"publisher\":{\"@id\":\"https:\/\/innoticiasbo.com\/#organization\"},\"potentialAction\":[{\"@type\":\"SearchAction\",\"target\":{\"@type\":\"EntryPoint\",\"urlTemplate\":\"https:\/\/innoticiasbo.com\/?s={search_term_string}\"},\"query-input\":{\"@type\":\"PropertyValueSpecification\",\"valueRequired\":true,\"valueName\":\"search_term_string\"}}],\"inLanguage\":\"es\"},{\"@type\":\"Organization\",\"@id\":\"https:\/\/innoticiasbo.com\/#organization\",\"name\":\"innoticiasbo.com\",\"url\":\"https:\/\/innoticiasbo.com\/\",\"logo\":{\"@type\":\"ImageObject\",\"inLanguage\":\"es\",\"@id\":\"https:\/\/innoticiasbo.com\/#\/schema\/logo\/image\/\",\"url\":\"https:\/\/i0.wp.com\/innoticiasbo.com\/wp-content\/uploads\/2026\/04\/cropped-IN-LOGO.png?fit=1476%2C1476&ssl=1\",\"contentUrl\":\"https:\/\/i0.wp.com\/innoticiasbo.com\/wp-content\/uploads\/2026\/04\/cropped-IN-LOGO.png?fit=1476%2C1476&ssl=1\",\"width\":1476,\"height\":1476,\"caption\":\"innoticiasbo.com\"},\"image\":{\"@id\":\"https:\/\/innoticiasbo.com\/#\/schema\/logo\/image\/\"},\"sameAs\":[\"https:\/\/www.facebook.com\/innoticiasbolivia\",\"https:\/\/x.com\/innoticiasbo\",\"https:\/\/www.instagram.com\/innoticiasbo\",\"https:\/\/www.youtube.com\/innoticiasbo\"]},{\"@type\":\"Person\",\"@id\":\"https:\/\/innoticiasbo.com\/#\/schema\/person\/8c935b6b11c0223d8f77dc01fc948202\",\"name\":\"Eliza Riva\",\"image\":{\"@type\":\"ImageObject\",\"inLanguage\":\"es\",\"@id\":\"https:\/\/innoticiasbo.com\/#\/schema\/person\/image\/\",\"url\":\"https:\/\/secure.gravatar.com\/avatar\/fdc172c2af344133d19e57e4b7acdee4?s=96&d=mm&r=g\",\"contentUrl\":\"https:\/\/secure.gravatar.com\/avatar\/fdc172c2af344133d19e57e4b7acdee4?s=96&d=mm&r=g\",\"caption\":\"Eliza Riva\"},\"sameAs\":[\"http:\/\/www.innoticiasbo.com\"],\"url\":\"https:\/\/innoticiasbo.com\/index.php\/author\/prensa-4\/\"}]}<\/script>\n<!-- \/ Yoast SEO plugin. -->","yoast_head_json":{"title":"EL MISTI RECIBE A ESCALADORAS BOLIVIANAS, SE PREPARAN PARA EL EVEREST - innoticiasbo.com","robots":{"index":"index","follow":"follow","max-snippet":"max-snippet:-1","max-image-preview":"max-image-preview:large","max-video-preview":"max-video-preview:-1"},"canonical":"https:\/\/innoticiasbo.com\/index.php\/2024\/10\/27\/el-misti-recibe-a-escaladoras-bolivianas-se-preparan-para-el-everest\/","og_locale":"es_ES","og_type":"article","og_title":"EL MISTI RECIBE A ESCALADORAS BOLIVIANAS, SE PREPARAN PARA EL EVEREST - innoticiasbo.com","og_description":"Arequipa, 27 de octubre, 2024.- Las monta\u00f1istas bolivianas Elena Quispe, Julia Quispe, Alicia Quispe y Pacesa Ala\u00f1a, conocidas como las Cholitas Escaladoras, ascendieron a la cima del volc\u00e1n Misti (5822 mnsm), en Arequipa, Per\u00fa, como parte de las actividades programadas por el Festival Internacional de Cine de Monta\u00f1a &#8211; Inkafest. Las mujeres aimaras pisaron la...","og_url":"https:\/\/innoticiasbo.com\/index.php\/2024\/10\/27\/el-misti-recibe-a-escaladoras-bolivianas-se-preparan-para-el-everest\/","og_site_name":"innoticiasbo.com","article_publisher":"https:\/\/www.facebook.com\/innoticiasbolivia","article_published_time":"2024-10-27T23:40:00+00:00","og_image":[{"width":1040,"height":780,"url":"https:\/\/i0.wp.com\/innoticiasbo.com\/wp-content\/uploads\/2024\/10\/img_9420-1.jpg?fit=1040%2C780&ssl=1","type":"image\/jpeg"}],"author":"Eliza Riva","twitter_card":"summary_large_image","twitter_creator":"@innoticiasbo","twitter_site":"@innoticiasbo","twitter_misc":{"Escrito por":"Eliza Riva","Tiempo de lectura":"1 minuto"},"schema":{"@context":"https:\/\/schema.org","@graph":[{"@type":"Article","@id":"https:\/\/innoticiasbo.com\/index.php\/2024\/10\/27\/el-misti-recibe-a-escaladoras-bolivianas-se-preparan-para-el-everest\/#article","isPartOf":{"@id":"https:\/\/innoticiasbo.com\/index.php\/2024\/10\/27\/el-misti-recibe-a-escaladoras-bolivianas-se-preparan-para-el-everest\/"},"author":{"name":"Eliza Riva","@id":"https:\/\/innoticiasbo.com\/#\/schema\/person\/8c935b6b11c0223d8f77dc01fc948202"},"headline":"EL MISTI RECIBE A ESCALADORAS BOLIVIANAS, SE PREPARAN PARA EL EVEREST","datePublished":"2024-10-27T23:40:00+00:00","dateModified":"2024-10-27T23:40:00+00:00","mainEntityOfPage":{"@id":"https:\/\/innoticiasbo.com\/index.php\/2024\/10\/27\/el-misti-recibe-a-escaladoras-bolivianas-se-preparan-para-el-everest\/"},"wordCount":135,"publisher":{"@id":"https:\/\/innoticiasbo.com\/#organization"},"image":{"@id":"https:\/\/innoticiasbo.com\/index.php\/2024\/10\/27\/el-misti-recibe-a-escaladoras-bolivianas-se-preparan-para-el-everest\/#primaryimage"},"thumbnailUrl":"https:\/\/i0.wp.com\/innoticiasbo.com\/wp-content\/uploads\/2024\/10\/img_9420-1.jpg?fit=1040%2C780&ssl=1","articleSection":["Bolivia"],"inLanguage":"es"},{"@type":"WebPage","@id":"https:\/\/innoticiasbo.com\/index.php\/2024\/10\/27\/el-misti-recibe-a-escaladoras-bolivianas-se-preparan-para-el-everest\/","url":"https:\/\/innoticiasbo.com\/index.php\/2024\/10\/27\/el-misti-recibe-a-escaladoras-bolivianas-se-preparan-para-el-everest\/","name":"EL MISTI RECIBE A ESCALADORAS BOLIVIANAS, SE PREPARAN PARA EL EVEREST - innoticiasbo.com","isPartOf":{"@id":"https:\/\/innoticiasbo.com\/#website"},"primaryImageOfPage":{"@id":"https:\/\/innoticiasbo.com\/index.php\/2024\/10\/27\/el-misti-recibe-a-escaladoras-bolivianas-se-preparan-para-el-everest\/#primaryimage"},"image":{"@id":"https:\/\/innoticiasbo.com\/index.php\/2024\/10\/27\/el-misti-recibe-a-escaladoras-bolivianas-se-preparan-para-el-everest\/#primaryimage"},"thumbnailUrl":"https:\/\/i0.wp.com\/innoticiasbo.com\/wp-content\/uploads\/2024\/10\/img_9420-1.jpg?fit=1040%2C780&ssl=1","datePublished":"2024-10-27T23:40:00+00:00","dateModified":"2024-10-27T23:40:00+00:00","breadcrumb":{"@id":"https:\/\/innoticiasbo.com\/index.php\/2024\/10\/27\/el-misti-recibe-a-escaladoras-bolivianas-se-preparan-para-el-everest\/#breadcrumb"},"inLanguage":"es","potentialAction":[{"@type":"ReadAction","target":["https:\/\/innoticiasbo.com\/index.php\/2024\/10\/27\/el-misti-recibe-a-escaladoras-bolivianas-se-preparan-para-el-everest\/"]}]},{"@type":"ImageObject","inLanguage":"es","@id":"https:\/\/innoticiasbo.com\/index.php\/2024\/10\/27\/el-misti-recibe-a-escaladoras-bolivianas-se-preparan-para-el-everest\/#primaryimage","url":"https:\/\/i0.wp.com\/innoticiasbo.com\/wp-content\/uploads\/2024\/10\/img_9420-1.jpg?fit=1040%2C780&ssl=1","contentUrl":"https:\/\/i0.wp.com\/innoticiasbo.com\/wp-content\/uploads\/2024\/10\/img_9420-1.jpg?fit=1040%2C780&ssl=1","width":1040,"height":780},{"@type":"BreadcrumbList","@id":"https:\/\/innoticiasbo.com\/index.php\/2024\/10\/27\/el-misti-recibe-a-escaladoras-bolivianas-se-preparan-para-el-everest\/#breadcrumb","itemListElement":[{"@type":"ListItem","position":1,"name":"Portada","item":"https:\/\/innoticiasbo.com\/"},{"@type":"ListItem","position":2,"name":"EL MISTI RECIBE A ESCALADORAS BOLIVIANAS, SE PREPARAN PARA EL EVEREST"}]},{"@type":"WebSite","@id":"https:\/\/innoticiasbo.com\/#website","url":"https:\/\/innoticiasbo.com\/","name":"innoticiasbo.com","description":"","publisher":{"@id":"https:\/\/innoticiasbo.com\/#organization"},"potentialAction":[{"@type":"SearchAction","target":{"@type":"EntryPoint","urlTemplate":"https:\/\/innoticiasbo.com\/?s={search_term_string}"},"query-input":{"@type":"PropertyValueSpecification","valueRequired":true,"valueName":"search_term_string"}}],"inLanguage":"es"},{"@type":"Organization","@id":"https:\/\/innoticiasbo.com\/#organization","name":"innoticiasbo.com","url":"https:\/\/innoticiasbo.com\/","logo":{"@type":"ImageObject","inLanguage":"es","@id":"https:\/\/innoticiasbo.com\/#\/schema\/logo\/image\/","url":"https:\/\/i0.wp.com\/innoticiasbo.com\/wp-content\/uploads\/2026\/04\/cropped-IN-LOGO.png?fit=1476%2C1476&ssl=1","contentUrl":"https:\/\/i0.wp.com\/innoticiasbo.com\/wp-content\/uploads\/2026\/04\/cropped-IN-LOGO.png?fit=1476%2C1476&ssl=1","width":1476,"height":1476,"caption":"innoticiasbo.com"},"image":{"@id":"https:\/\/innoticiasbo.com\/#\/schema\/logo\/image\/"},"sameAs":["https:\/\/www.facebook.com\/innoticiasbolivia","https:\/\/x.com\/innoticiasbo","https:\/\/www.instagram.com\/innoticiasbo","https:\/\/www.youtube.com\/innoticiasbo"]},{"@type":"Person","@id":"https:\/\/innoticiasbo.com\/#\/schema\/person\/8c935b6b11c0223d8f77dc01fc948202","name":"Eliza Riva","image":{"@type":"ImageObject","inLanguage":"es","@id":"https:\/\/innoticiasbo.com\/#\/schema\/person\/image\/","url":"https:\/\/secure.gravatar.com\/avatar\/fdc172c2af344133d19e57e4b7acdee4?s=96&d=mm&r=g","contentUrl":"https:\/\/secure.gravatar.com\/avatar\/fdc172c2af344133d19e57e4b7acdee4?s=96&d=mm&r=g","caption":"Eliza Riva"},"sameAs":["http:\/\/www.innoticiasbo.com"],"url":"https:\/\/innoticiasbo.com\/index.php\/author\/prensa-4\/"}]}},"jetpack_featured_media_url":"https:\/\/i0.wp.com\/innoticiasbo.com\/wp-content\/uploads\/2024\/10\/img_9420-1.jpg?fit=1040%2C780&ssl=1","jetpack_likes_enabled":true,"jetpack_sharing_enabled":true,"jetpack_shortlink":"https:\/\/wp.me\/pg298x-sI","_links":{"self":[{"href":"https:\/\/innoticiasbo.com\/index.php\/wp-json\/wp\/v2\/posts\/1780","targetHints":{"allow":["GET"]}}],"collection":[{"href":"https:\/\/innoticiasbo.com\/index.php\/wp-json\/wp\/v2\/posts"}],"about":[{"href":"https:\/\/innoticiasbo.com\/index.php\/wp-json\/wp\/v2\/types\/post"}],"author":[{"embeddable":true,"href":"https:\/\/innoticiasbo.com\/index.php\/wp-json\/wp\/v2\/users\/6"}],"replies":[{"embeddable":true,"href":"https:\/\/innoticiasbo.com\/index.php\/wp-json\/wp\/v2\/comments?post=1780"}],"version-history":[{"count":1,"href":"https:\/\/innoticiasbo.com\/index.php\/wp-json\/wp\/v2\/posts\/1780\/revisions"}],"predecessor-version":[{"id":1781,"href":"https:\/\/innoticiasbo.com\/index.php\/wp-json\/wp\/v2\/posts\/1780\/revisions\/1781"}],"wp:featuredmedia":[{"embeddable":true,"href":"https:\/\/innoticiasbo.com\/index.php\/wp-json\/wp\/v2\/media\/1779"}],"wp:attachment":[{"href":"https:\/\/innoticiasbo.com\/index.php\/wp-json\/wp\/v2\/media?parent=1780"}],"wp:term":[{"taxonomy":"category","embeddable":true,"href":"https:\/\/innoticiasbo.com\/index.php\/wp-json\/wp\/v2\/categories?post=1780"},{"taxonomy":"post_tag","embeddable":true,"href":"https:\/\/innoticiasbo.com\/index.php\/wp-json\/wp\/v2\/tags?post=1780"}],"curies":[{"name":"wp","href":"https:\/\/api.w.org\/{rel}","templated":true}]}}