{"id":1769,"date":"2024-10-27T19:28:21","date_gmt":"2024-10-27T19:28:21","guid":{"rendered":"https:\/\/innoticiasbo.com\/?p=1769"},"modified":"2024-10-27T19:34:47","modified_gmt":"2024-10-27T19:34:47","slug":"no-se-que-mas-falta","status":"publish","type":"post","link":"https:\/\/innoticiasbo.com\/index.php\/2024\/10\/27\/no-se-que-mas-falta\/","title":{"rendered":"NO S\u00c9 QU\u00c9 M\u00c1S FALTA"},"content":{"rendered":"\n<p>A estas alturas la pregunta del mill\u00f3n parece ser: \u00bfqui\u00e9n gobierna ahora?, ahora que los del MAS, los unos y los otros, van destruy\u00e9ndolo todo a cada paso, todo es incierto y el futuro tiene perspectivas sombr\u00edas. Ante este descalabro, acaso \u00bfs\u00f3lo nos queda tomar partido en la lucha contra lo que amenaza nuestra existencia? La magnitud y complejidad de la actual crisis es la m\u00e1s severa de los \u00faltimos tiempos, est\u00e1 muy lejos de ser resuelta por sus creadores porque la ideologizaci\u00f3n y la politiquer\u00eda solo aportan mayor conflictividad. Es necesario juntar ideas con pr\u00e1cticas pol\u00edticas que nos comprometan con objetivos comunes, que la sociedad en pleno tome conciencia sobre la severidad de esta crisis, para desterrar esta demagogia disfrazadas de ideolog\u00eda.<\/p>\n\n\n\n<figure class=\"wp-block-image size-large\"><img data-recalc-dims=\"1\" loading=\"lazy\" decoding=\"async\" width=\"430\" height=\"610\" src=\"https:\/\/i0.wp.com\/innoticiasbo.com\/wp-content\/uploads\/2024\/10\/20200916110408248616114469045190774747.jpg?resize=430%2C610&#038;ssl=1\" alt=\"\" class=\"wp-image-1771\" srcset=\"https:\/\/i0.wp.com\/innoticiasbo.com\/wp-content\/uploads\/2024\/10\/20200916110408248616114469045190774747.jpg?w=430&amp;ssl=1 430w, https:\/\/i0.wp.com\/innoticiasbo.com\/wp-content\/uploads\/2024\/10\/20200916110408248616114469045190774747.jpg?resize=211%2C300&amp;ssl=1 211w\" sizes=\"auto, (max-width: 430px) 100vw, 430px\" \/><figcaption class=\"wp-element-caption\">Fernando Berr\u00edos,&nbsp; Pol\u00edtico<\/figcaption><\/figure>\n\n\n\n<p><br \/>Hace algunos a\u00f1os atr\u00e1s, todos vaticin\u00e1bamos que \u00edbamos camino del abismo, no hicimos nada, y hemos llegado a esta situaci\u00f3n por un dogmatismo barato, por ambiciones personales, por miop\u00edas pol\u00edticas, por una visi\u00f3n corta del gobierno, por mentiras, indolencia, desidias, egos desmedidos, falsas afirmaciones y un mont\u00f3n de etc\u00e9teras que hacen al contexto del porqu\u00e9 estamos como estamos. Bolivia no se merece esto, estos momentos tan cr\u00edticos, una etapa tan opaca, crisis econ\u00f3mica; crisis pol\u00edtica; corrupci\u00f3n; inmoralidad; falta de dinero; aumento de precios; menor cantidad de productos comprados; mayor oferta que demanda y otros etc\u00e9teras. De all\u00ed que la aprobaci\u00f3n sobre la gesti\u00f3n gubernamental es la m\u00e1s baja de los \u00faltimos 15 a\u00f1os, es un escenario de puras y dificultades encadenadas, es el peor conflicto pol\u00edtico e institucional, es una crisis sostenida y en ascenso, sin decisiones que no llegan. En este mundo de al rev\u00e9s, por los bloqueos de Evo, los del transporte pesado que no pueden trabajar, anuncian una protesta contra Lucho \u00bfc\u00f3mo? pues \u00a1con otro bloqueo! simplemente van a bloquear a los bloqueadores, estaremos bloqueados por los \u201cevistas\u201d por un lado y por los transportistas por el otro. \u00bfQu\u00e9 m\u00e1s nos puede pasar?<\/p>\n\n\n\n<p>Est\u00e1 claro que este gobierno no deber\u00eda existir, hace mucho tiempo que debi\u00f3 irse a su casa. Pero, no se puede porque respetamos \u201cesta\u201d democracia. Es necesario que permanezca hasta el final para que rinda cuentas, si debe rendirlas y asuma la responsabilidad de sus actos con la valent\u00eda que dice tener. Mientras tanto se exige que le responda a Bolivia porque estamos entrando en una suerte de descomposici\u00f3n absoluta como consecuencia de las perversiones morales de un individuo enfermo. Es inconcebible que el gobierno le tema a un sujeto de tal manera que no tenga la capacidad para llevarlo a un juicio de acuerdo a ley, ese temor legalmente se llama complicidad, por lo de ahora y por supuesto, por antiguas vivencias y alcahueter\u00edas, \u00bfaquello ser\u00e1 lo no le permite llevarlo a la c\u00e1rcel?<\/p>\n\n\n\n<p>Los bloqueos son inconstitucionales y en Bolivia se bloquea por todo y por nada. Si bien no se puede impedir ni las marchas ni las protestas, porque est\u00e1n permitidas por la Constituci\u00f3n, los bloqueos son inconstitucionales porque no permiten la libre circulaci\u00f3n de bienes y personas, \u00bfalguien dijo algo? Este ensa\u00f1amiento hist\u00f3rico y absurdo, producido precisamente por la codicia personal del eg\u00f3latra, trae a la memoria un cuento corto de Sergio Almar\u00e1z de 1967, cuando recrea un imaginario relato de la visita del diablo: \u201carruinar\u00e9 a los bolivianos, ser\u00e1n castigados. \u00bfC\u00f3mo? Van a sufrir hambre. No tenemos papa ni carne. Los empobreceremos. Es tarde, de ello se encargaron la South American Placers, la International Metal Processing y la Gulf. Los mandaremos al caos. Tenemos logias y partidos pol\u00edticos. No hay caso -dice el diablo- ahora me doy cuenta por qu\u00e9 se dice que es un pueblo de ingratos, por qu\u00e9 lo olvidan todo. Les mandamos las guerras del 79, del 903, la del Chaco, plagas y hambrunas. Me marcho.\u201d Cualquier parecido con la realidad es simplemente una coincidencia, del diablo y de la memoria ciudadana.<\/p>\n\n\n\n<p>Fernando Berr\u00edos es polit\u00f3logo<\/p>\n","protected":false},"excerpt":{"rendered":"<p>A estas alturas la pregunta del mill\u00f3n parece ser: \u00bfqui\u00e9n gobierna ahora?, ahora que los del MAS, los unos y los otros, van destruy\u00e9ndolo todo a cada paso, todo es incierto y el futuro tiene perspectivas sombr\u00edas. Ante este descalabro, acaso \u00bfs\u00f3lo nos queda tomar partido en la lucha contra lo que amenaza nuestra existencia?&#8230;<\/p>\n","protected":false},"author":2,"featured_media":1768,"comment_status":"open","ping_status":"open","sticky":false,"template":"","format":"standard","meta":{"_jetpack_memberships_contains_paid_content":false,"footnotes":"","jetpack_publicize_message":"","jetpack_publicize_feature_enabled":true,"jetpack_social_post_already_shared":true,"jetpack_social_options":{"image_generator_settings":{"template":"highway","enabled":false},"version":2}},"categories":[17],"tags":[],"class_list":["post-1769","post","type-post","status-publish","format-standard","has-post-thumbnail","hentry","category-opinion"],"jetpack_publicize_connections":[],"yoast_head":"<!-- This site is optimized with the Yoast SEO plugin v23.4 - https:\/\/yoast.com\/wordpress\/plugins\/seo\/ -->\n<title>NO S\u00c9 QU\u00c9 M\u00c1S FALTA - innoticiasbo.com<\/title>\n<meta name=\"robots\" content=\"index, follow, max-snippet:-1, max-image-preview:large, max-video-preview:-1\" \/>\n<link rel=\"canonical\" href=\"https:\/\/innoticiasbo.com\/index.php\/2024\/10\/27\/no-se-que-mas-falta\/\" \/>\n<meta property=\"og:locale\" content=\"es_ES\" \/>\n<meta property=\"og:type\" content=\"article\" \/>\n<meta property=\"og:title\" content=\"NO S\u00c9 QU\u00c9 M\u00c1S FALTA - innoticiasbo.com\" \/>\n<meta property=\"og:description\" content=\"A estas alturas la pregunta del mill\u00f3n parece ser: \u00bfqui\u00e9n gobierna ahora?, ahora que los del MAS, los unos y los otros, van destruy\u00e9ndolo todo a cada paso, todo es incierto y el futuro tiene perspectivas sombr\u00edas. Ante este descalabro, acaso \u00bfs\u00f3lo nos queda tomar partido en la lucha contra lo que amenaza nuestra existencia?...\" \/>\n<meta property=\"og:url\" content=\"https:\/\/innoticiasbo.com\/index.php\/2024\/10\/27\/no-se-que-mas-falta\/\" \/>\n<meta property=\"og:site_name\" content=\"innoticiasbo.com\" \/>\n<meta property=\"article:publisher\" content=\"https:\/\/www.facebook.com\/innoticiasbolivia\" \/>\n<meta property=\"article:published_time\" content=\"2024-10-27T19:28:21+00:00\" \/>\n<meta property=\"article:modified_time\" content=\"2024-10-27T19:34:47+00:00\" \/>\n<meta property=\"og:image\" content=\"https:\/\/i0.wp.com\/innoticiasbo.com\/wp-content\/uploads\/2024\/10\/2020091611040824861.jpg?fit=430%2C610&ssl=1\" \/>\n\t<meta property=\"og:image:width\" content=\"430\" \/>\n\t<meta property=\"og:image:height\" content=\"610\" \/>\n\t<meta property=\"og:image:type\" content=\"image\/jpeg\" \/>\n<meta name=\"author\" content=\"Prensa\" \/>\n<meta name=\"twitter:card\" content=\"summary_large_image\" \/>\n<meta name=\"twitter:creator\" content=\"@innoticiasbo\" \/>\n<meta name=\"twitter:site\" content=\"@innoticiasbo\" \/>\n<meta name=\"twitter:label1\" content=\"Escrito por\" \/>\n\t<meta name=\"twitter:data1\" content=\"Prensa\" \/>\n\t<meta name=\"twitter:label2\" content=\"Tiempo de lectura\" \/>\n\t<meta name=\"twitter:data2\" content=\"3 minutos\" \/>\n<script type=\"application\/ld+json\" class=\"yoast-schema-graph\">{\"@context\":\"https:\/\/schema.org\",\"@graph\":[{\"@type\":\"Article\",\"@id\":\"https:\/\/innoticiasbo.com\/index.php\/2024\/10\/27\/no-se-que-mas-falta\/#article\",\"isPartOf\":{\"@id\":\"https:\/\/innoticiasbo.com\/index.php\/2024\/10\/27\/no-se-que-mas-falta\/\"},\"author\":{\"name\":\"Prensa\",\"@id\":\"https:\/\/innoticiasbo.com\/#\/schema\/person\/589cd527c4211df1b943bdad85ec07ce\"},\"headline\":\"NO S\u00c9 QU\u00c9 M\u00c1S FALTA\",\"datePublished\":\"2024-10-27T19:28:21+00:00\",\"dateModified\":\"2024-10-27T19:34:47+00:00\",\"mainEntityOfPage\":{\"@id\":\"https:\/\/innoticiasbo.com\/index.php\/2024\/10\/27\/no-se-que-mas-falta\/\"},\"wordCount\":701,\"commentCount\":0,\"publisher\":{\"@id\":\"https:\/\/innoticiasbo.com\/#organization\"},\"image\":{\"@id\":\"https:\/\/innoticiasbo.com\/index.php\/2024\/10\/27\/no-se-que-mas-falta\/#primaryimage\"},\"thumbnailUrl\":\"https:\/\/i0.wp.com\/innoticiasbo.com\/wp-content\/uploads\/2024\/10\/2020091611040824861.jpg?fit=430%2C610&ssl=1\",\"articleSection\":[\"Opini\u00f3n\"],\"inLanguage\":\"es\",\"potentialAction\":[{\"@type\":\"CommentAction\",\"name\":\"Comment\",\"target\":[\"https:\/\/innoticiasbo.com\/index.php\/2024\/10\/27\/no-se-que-mas-falta\/#respond\"]}]},{\"@type\":\"WebPage\",\"@id\":\"https:\/\/innoticiasbo.com\/index.php\/2024\/10\/27\/no-se-que-mas-falta\/\",\"url\":\"https:\/\/innoticiasbo.com\/index.php\/2024\/10\/27\/no-se-que-mas-falta\/\",\"name\":\"NO S\u00c9 QU\u00c9 M\u00c1S FALTA - innoticiasbo.com\",\"isPartOf\":{\"@id\":\"https:\/\/innoticiasbo.com\/#website\"},\"primaryImageOfPage\":{\"@id\":\"https:\/\/innoticiasbo.com\/index.php\/2024\/10\/27\/no-se-que-mas-falta\/#primaryimage\"},\"image\":{\"@id\":\"https:\/\/innoticiasbo.com\/index.php\/2024\/10\/27\/no-se-que-mas-falta\/#primaryimage\"},\"thumbnailUrl\":\"https:\/\/i0.wp.com\/innoticiasbo.com\/wp-content\/uploads\/2024\/10\/2020091611040824861.jpg?fit=430%2C610&ssl=1\",\"datePublished\":\"2024-10-27T19:28:21+00:00\",\"dateModified\":\"2024-10-27T19:34:47+00:00\",\"breadcrumb\":{\"@id\":\"https:\/\/innoticiasbo.com\/index.php\/2024\/10\/27\/no-se-que-mas-falta\/#breadcrumb\"},\"inLanguage\":\"es\",\"potentialAction\":[{\"@type\":\"ReadAction\",\"target\":[\"https:\/\/innoticiasbo.com\/index.php\/2024\/10\/27\/no-se-que-mas-falta\/\"]}]},{\"@type\":\"ImageObject\",\"inLanguage\":\"es\",\"@id\":\"https:\/\/innoticiasbo.com\/index.php\/2024\/10\/27\/no-se-que-mas-falta\/#primaryimage\",\"url\":\"https:\/\/i0.wp.com\/innoticiasbo.com\/wp-content\/uploads\/2024\/10\/2020091611040824861.jpg?fit=430%2C610&ssl=1\",\"contentUrl\":\"https:\/\/i0.wp.com\/innoticiasbo.com\/wp-content\/uploads\/2024\/10\/2020091611040824861.jpg?fit=430%2C610&ssl=1\",\"width\":430,\"height\":610},{\"@type\":\"BreadcrumbList\",\"@id\":\"https:\/\/innoticiasbo.com\/index.php\/2024\/10\/27\/no-se-que-mas-falta\/#breadcrumb\",\"itemListElement\":[{\"@type\":\"ListItem\",\"position\":1,\"name\":\"Portada\",\"item\":\"https:\/\/innoticiasbo.com\/\"},{\"@type\":\"ListItem\",\"position\":2,\"name\":\"NO S\u00c9 QU\u00c9 M\u00c1S FALTA\"}]},{\"@type\":\"WebSite\",\"@id\":\"https:\/\/innoticiasbo.com\/#website\",\"url\":\"https:\/\/innoticiasbo.com\/\",\"name\":\"innoticiasbo.com\",\"description\":\"\",\"publisher\":{\"@id\":\"https:\/\/innoticiasbo.com\/#organization\"},\"potentialAction\":[{\"@type\":\"SearchAction\",\"target\":{\"@type\":\"EntryPoint\",\"urlTemplate\":\"https:\/\/innoticiasbo.com\/?s={search_term_string}\"},\"query-input\":{\"@type\":\"PropertyValueSpecification\",\"valueRequired\":true,\"valueName\":\"search_term_string\"}}],\"inLanguage\":\"es\"},{\"@type\":\"Organization\",\"@id\":\"https:\/\/innoticiasbo.com\/#organization\",\"name\":\"innoticiasbo.com\",\"url\":\"https:\/\/innoticiasbo.com\/\",\"logo\":{\"@type\":\"ImageObject\",\"inLanguage\":\"es\",\"@id\":\"https:\/\/innoticiasbo.com\/#\/schema\/logo\/image\/\",\"url\":\"https:\/\/i0.wp.com\/innoticiasbo.com\/wp-content\/uploads\/2026\/04\/cropped-IN-LOGO.png?fit=1476%2C1476&ssl=1\",\"contentUrl\":\"https:\/\/i0.wp.com\/innoticiasbo.com\/wp-content\/uploads\/2026\/04\/cropped-IN-LOGO.png?fit=1476%2C1476&ssl=1\",\"width\":1476,\"height\":1476,\"caption\":\"innoticiasbo.com\"},\"image\":{\"@id\":\"https:\/\/innoticiasbo.com\/#\/schema\/logo\/image\/\"},\"sameAs\":[\"https:\/\/www.facebook.com\/innoticiasbolivia\",\"https:\/\/x.com\/innoticiasbo\",\"https:\/\/www.instagram.com\/innoticiasbo\",\"https:\/\/www.youtube.com\/innoticiasbo\"]},{\"@type\":\"Person\",\"@id\":\"https:\/\/innoticiasbo.com\/#\/schema\/person\/589cd527c4211df1b943bdad85ec07ce\",\"name\":\"Prensa\",\"image\":{\"@type\":\"ImageObject\",\"inLanguage\":\"es\",\"@id\":\"https:\/\/innoticiasbo.com\/#\/schema\/person\/image\/\",\"url\":\"https:\/\/secure.gravatar.com\/avatar\/d359bbdf112023c1c0a3ec7fe1600657?s=96&d=mm&r=g\",\"contentUrl\":\"https:\/\/secure.gravatar.com\/avatar\/d359bbdf112023c1c0a3ec7fe1600657?s=96&d=mm&r=g\",\"caption\":\"Prensa\"},\"sameAs\":[\"http:\/\/www.innoticiasbo.com\"],\"url\":\"https:\/\/innoticiasbo.com\/index.php\/author\/prensa\/\"}]}<\/script>\n<!-- \/ Yoast SEO plugin. -->","yoast_head_json":{"title":"NO S\u00c9 QU\u00c9 M\u00c1S FALTA - innoticiasbo.com","robots":{"index":"index","follow":"follow","max-snippet":"max-snippet:-1","max-image-preview":"max-image-preview:large","max-video-preview":"max-video-preview:-1"},"canonical":"https:\/\/innoticiasbo.com\/index.php\/2024\/10\/27\/no-se-que-mas-falta\/","og_locale":"es_ES","og_type":"article","og_title":"NO S\u00c9 QU\u00c9 M\u00c1S FALTA - innoticiasbo.com","og_description":"A estas alturas la pregunta del mill\u00f3n parece ser: \u00bfqui\u00e9n gobierna ahora?, ahora que los del MAS, los unos y los otros, van destruy\u00e9ndolo todo a cada paso, todo es incierto y el futuro tiene perspectivas sombr\u00edas. Ante este descalabro, acaso \u00bfs\u00f3lo nos queda tomar partido en la lucha contra lo que amenaza nuestra existencia?...","og_url":"https:\/\/innoticiasbo.com\/index.php\/2024\/10\/27\/no-se-que-mas-falta\/","og_site_name":"innoticiasbo.com","article_publisher":"https:\/\/www.facebook.com\/innoticiasbolivia","article_published_time":"2024-10-27T19:28:21+00:00","article_modified_time":"2024-10-27T19:34:47+00:00","og_image":[{"width":430,"height":610,"url":"https:\/\/i0.wp.com\/innoticiasbo.com\/wp-content\/uploads\/2024\/10\/2020091611040824861.jpg?fit=430%2C610&ssl=1","type":"image\/jpeg"}],"author":"Prensa","twitter_card":"summary_large_image","twitter_creator":"@innoticiasbo","twitter_site":"@innoticiasbo","twitter_misc":{"Escrito por":"Prensa","Tiempo de lectura":"3 minutos"},"schema":{"@context":"https:\/\/schema.org","@graph":[{"@type":"Article","@id":"https:\/\/innoticiasbo.com\/index.php\/2024\/10\/27\/no-se-que-mas-falta\/#article","isPartOf":{"@id":"https:\/\/innoticiasbo.com\/index.php\/2024\/10\/27\/no-se-que-mas-falta\/"},"author":{"name":"Prensa","@id":"https:\/\/innoticiasbo.com\/#\/schema\/person\/589cd527c4211df1b943bdad85ec07ce"},"headline":"NO S\u00c9 QU\u00c9 M\u00c1S FALTA","datePublished":"2024-10-27T19:28:21+00:00","dateModified":"2024-10-27T19:34:47+00:00","mainEntityOfPage":{"@id":"https:\/\/innoticiasbo.com\/index.php\/2024\/10\/27\/no-se-que-mas-falta\/"},"wordCount":701,"commentCount":0,"publisher":{"@id":"https:\/\/innoticiasbo.com\/#organization"},"image":{"@id":"https:\/\/innoticiasbo.com\/index.php\/2024\/10\/27\/no-se-que-mas-falta\/#primaryimage"},"thumbnailUrl":"https:\/\/i0.wp.com\/innoticiasbo.com\/wp-content\/uploads\/2024\/10\/2020091611040824861.jpg?fit=430%2C610&ssl=1","articleSection":["Opini\u00f3n"],"inLanguage":"es","potentialAction":[{"@type":"CommentAction","name":"Comment","target":["https:\/\/innoticiasbo.com\/index.php\/2024\/10\/27\/no-se-que-mas-falta\/#respond"]}]},{"@type":"WebPage","@id":"https:\/\/innoticiasbo.com\/index.php\/2024\/10\/27\/no-se-que-mas-falta\/","url":"https:\/\/innoticiasbo.com\/index.php\/2024\/10\/27\/no-se-que-mas-falta\/","name":"NO S\u00c9 QU\u00c9 M\u00c1S FALTA - innoticiasbo.com","isPartOf":{"@id":"https:\/\/innoticiasbo.com\/#website"},"primaryImageOfPage":{"@id":"https:\/\/innoticiasbo.com\/index.php\/2024\/10\/27\/no-se-que-mas-falta\/#primaryimage"},"image":{"@id":"https:\/\/innoticiasbo.com\/index.php\/2024\/10\/27\/no-se-que-mas-falta\/#primaryimage"},"thumbnailUrl":"https:\/\/i0.wp.com\/innoticiasbo.com\/wp-content\/uploads\/2024\/10\/2020091611040824861.jpg?fit=430%2C610&ssl=1","datePublished":"2024-10-27T19:28:21+00:00","dateModified":"2024-10-27T19:34:47+00:00","breadcrumb":{"@id":"https:\/\/innoticiasbo.com\/index.php\/2024\/10\/27\/no-se-que-mas-falta\/#breadcrumb"},"inLanguage":"es","potentialAction":[{"@type":"ReadAction","target":["https:\/\/innoticiasbo.com\/index.php\/2024\/10\/27\/no-se-que-mas-falta\/"]}]},{"@type":"ImageObject","inLanguage":"es","@id":"https:\/\/innoticiasbo.com\/index.php\/2024\/10\/27\/no-se-que-mas-falta\/#primaryimage","url":"https:\/\/i0.wp.com\/innoticiasbo.com\/wp-content\/uploads\/2024\/10\/2020091611040824861.jpg?fit=430%2C610&ssl=1","contentUrl":"https:\/\/i0.wp.com\/innoticiasbo.com\/wp-content\/uploads\/2024\/10\/2020091611040824861.jpg?fit=430%2C610&ssl=1","width":430,"height":610},{"@type":"BreadcrumbList","@id":"https:\/\/innoticiasbo.com\/index.php\/2024\/10\/27\/no-se-que-mas-falta\/#breadcrumb","itemListElement":[{"@type":"ListItem","position":1,"name":"Portada","item":"https:\/\/innoticiasbo.com\/"},{"@type":"ListItem","position":2,"name":"NO S\u00c9 QU\u00c9 M\u00c1S FALTA"}]},{"@type":"WebSite","@id":"https:\/\/innoticiasbo.com\/#website","url":"https:\/\/innoticiasbo.com\/","name":"innoticiasbo.com","description":"","publisher":{"@id":"https:\/\/innoticiasbo.com\/#organization"},"potentialAction":[{"@type":"SearchAction","target":{"@type":"EntryPoint","urlTemplate":"https:\/\/innoticiasbo.com\/?s={search_term_string}"},"query-input":{"@type":"PropertyValueSpecification","valueRequired":true,"valueName":"search_term_string"}}],"inLanguage":"es"},{"@type":"Organization","@id":"https:\/\/innoticiasbo.com\/#organization","name":"innoticiasbo.com","url":"https:\/\/innoticiasbo.com\/","logo":{"@type":"ImageObject","inLanguage":"es","@id":"https:\/\/innoticiasbo.com\/#\/schema\/logo\/image\/","url":"https:\/\/i0.wp.com\/innoticiasbo.com\/wp-content\/uploads\/2026\/04\/cropped-IN-LOGO.png?fit=1476%2C1476&ssl=1","contentUrl":"https:\/\/i0.wp.com\/innoticiasbo.com\/wp-content\/uploads\/2026\/04\/cropped-IN-LOGO.png?fit=1476%2C1476&ssl=1","width":1476,"height":1476,"caption":"innoticiasbo.com"},"image":{"@id":"https:\/\/innoticiasbo.com\/#\/schema\/logo\/image\/"},"sameAs":["https:\/\/www.facebook.com\/innoticiasbolivia","https:\/\/x.com\/innoticiasbo","https:\/\/www.instagram.com\/innoticiasbo","https:\/\/www.youtube.com\/innoticiasbo"]},{"@type":"Person","@id":"https:\/\/innoticiasbo.com\/#\/schema\/person\/589cd527c4211df1b943bdad85ec07ce","name":"Prensa","image":{"@type":"ImageObject","inLanguage":"es","@id":"https:\/\/innoticiasbo.com\/#\/schema\/person\/image\/","url":"https:\/\/secure.gravatar.com\/avatar\/d359bbdf112023c1c0a3ec7fe1600657?s=96&d=mm&r=g","contentUrl":"https:\/\/secure.gravatar.com\/avatar\/d359bbdf112023c1c0a3ec7fe1600657?s=96&d=mm&r=g","caption":"Prensa"},"sameAs":["http:\/\/www.innoticiasbo.com"],"url":"https:\/\/innoticiasbo.com\/index.php\/author\/prensa\/"}]}},"jetpack_featured_media_url":"https:\/\/i0.wp.com\/innoticiasbo.com\/wp-content\/uploads\/2024\/10\/2020091611040824861.jpg?fit=430%2C610&ssl=1","jetpack_likes_enabled":true,"jetpack_sharing_enabled":true,"jetpack_shortlink":"https:\/\/wp.me\/pg298x-sx","_links":{"self":[{"href":"https:\/\/innoticiasbo.com\/index.php\/wp-json\/wp\/v2\/posts\/1769","targetHints":{"allow":["GET"]}}],"collection":[{"href":"https:\/\/innoticiasbo.com\/index.php\/wp-json\/wp\/v2\/posts"}],"about":[{"href":"https:\/\/innoticiasbo.com\/index.php\/wp-json\/wp\/v2\/types\/post"}],"author":[{"embeddable":true,"href":"https:\/\/innoticiasbo.com\/index.php\/wp-json\/wp\/v2\/users\/2"}],"replies":[{"embeddable":true,"href":"https:\/\/innoticiasbo.com\/index.php\/wp-json\/wp\/v2\/comments?post=1769"}],"version-history":[{"count":3,"href":"https:\/\/innoticiasbo.com\/index.php\/wp-json\/wp\/v2\/posts\/1769\/revisions"}],"predecessor-version":[{"id":1773,"href":"https:\/\/innoticiasbo.com\/index.php\/wp-json\/wp\/v2\/posts\/1769\/revisions\/1773"}],"wp:featuredmedia":[{"embeddable":true,"href":"https:\/\/innoticiasbo.com\/index.php\/wp-json\/wp\/v2\/media\/1768"}],"wp:attachment":[{"href":"https:\/\/innoticiasbo.com\/index.php\/wp-json\/wp\/v2\/media?parent=1769"}],"wp:term":[{"taxonomy":"category","embeddable":true,"href":"https:\/\/innoticiasbo.com\/index.php\/wp-json\/wp\/v2\/categories?post=1769"},{"taxonomy":"post_tag","embeddable":true,"href":"https:\/\/innoticiasbo.com\/index.php\/wp-json\/wp\/v2\/tags?post=1769"}],"curies":[{"name":"wp","href":"https:\/\/api.w.org\/{rel}","templated":true}]}}