{"id":1766,"date":"2024-10-27T13:14:16","date_gmt":"2024-10-27T13:14:16","guid":{"rendered":"https:\/\/innoticiasbo.com\/?p=1766"},"modified":"2024-10-27T13:14:58","modified_gmt":"2024-10-27T13:14:58","slug":"evo-morales-denuncia-que-intentaron-asesinarlo","status":"publish","type":"post","link":"https:\/\/innoticiasbo.com\/index.php\/2024\/10\/27\/evo-morales-denuncia-que-intentaron-asesinarlo\/","title":{"rendered":"EVO MORALES DENUNCIA QUE INTENTARON ASESINARLO"},"content":{"rendered":"\n<p>Cochabamba, 27 de octubre de 2024.- El expresidente Evo Morales denunci\u00f3 en su radio Kawsachun Coca que a las 6:20 de esta ma\u00f1ana habr\u00eda sufrido una emboscada en el tr\u00f3pico de Cochabamba. El veh\u00edculo en el que se trasladaba habr\u00eda recibido 14 disparos de arma de fuego.<\/p>\n\n\n\n<figure class=\"wp-block-image size-large\"><img data-recalc-dims=\"1\" loading=\"lazy\" decoding=\"async\" width=\"640\" height=\"389\" src=\"https:\/\/i0.wp.com\/innoticiasbo.com\/wp-content\/uploads\/2024\/10\/fb_img_17300319349835343776606044326509.jpg?resize=640%2C389&#038;ssl=1\" alt=\"\" class=\"wp-image-1759\" srcset=\"https:\/\/i0.wp.com\/innoticiasbo.com\/wp-content\/uploads\/2024\/10\/fb_img_17300319349835343776606044326509.jpg?resize=1024%2C622&amp;ssl=1 1024w, https:\/\/i0.wp.com\/innoticiasbo.com\/wp-content\/uploads\/2024\/10\/fb_img_17300319349835343776606044326509.jpg?resize=300%2C182&amp;ssl=1 300w, https:\/\/i0.wp.com\/innoticiasbo.com\/wp-content\/uploads\/2024\/10\/fb_img_17300319349835343776606044326509.jpg?resize=768%2C466&amp;ssl=1 768w, https:\/\/i0.wp.com\/innoticiasbo.com\/wp-content\/uploads\/2024\/10\/fb_img_17300319349835343776606044326509.jpg?w=1080&amp;ssl=1 1080w\" sizes=\"auto, (max-width: 640px) 100vw, 640px\" \/><\/figure>\n\n\n\n<figure class=\"wp-block-image\"><img data-recalc-dims=\"1\" loading=\"lazy\" decoding=\"async\" width=\"640\" height=\"360\" src=\"https:\/\/i0.wp.com\/innoticiasbo.com\/wp-content\/uploads\/2024\/10\/fb_img_17300319399677307371126773332086.jpg?resize=640%2C360&#038;ssl=1\" alt=\"\" class=\"wp-image-1760\" srcset=\"https:\/\/i0.wp.com\/innoticiasbo.com\/wp-content\/uploads\/2024\/10\/fb_img_17300319399677307371126773332086.jpg?resize=1024%2C576&amp;ssl=1 1024w, https:\/\/i0.wp.com\/innoticiasbo.com\/wp-content\/uploads\/2024\/10\/fb_img_17300319399677307371126773332086.jpg?resize=300%2C169&amp;ssl=1 300w, https:\/\/i0.wp.com\/innoticiasbo.com\/wp-content\/uploads\/2024\/10\/fb_img_17300319399677307371126773332086.jpg?resize=768%2C432&amp;ssl=1 768w, https:\/\/i0.wp.com\/innoticiasbo.com\/wp-content\/uploads\/2024\/10\/fb_img_17300319399677307371126773332086.jpg?w=1080&amp;ssl=1 1080w\" sizes=\"auto, (max-width: 640px) 100vw, 640px\" \/><\/figure>\n\n\n\n<p>Seg\u00fan la denuncia, el chofer result\u00f3 herido, aunque no se especifica si fue el brazo o la cabeza.<\/p>\n\n\n\n<p>De acuerdo a la denuncia el atentado se habr\u00eda registrado en inmediaciones de la Novena Divisi\u00f3n del ej\u00e9rcito con asiento en Vills Tunari.<\/p>\n\n\n\n<figure class=\"wp-block-image size-large\"><img data-recalc-dims=\"1\" loading=\"lazy\" decoding=\"async\" width=\"640\" height=\"853\" src=\"https:\/\/i0.wp.com\/innoticiasbo.com\/wp-content\/uploads\/2024\/10\/fb_img_17300307856317331149547263202354.jpg?resize=640%2C853&#038;ssl=1\" alt=\"\" class=\"wp-image-1762\" srcset=\"https:\/\/i0.wp.com\/innoticiasbo.com\/wp-content\/uploads\/2024\/10\/fb_img_17300307856317331149547263202354.jpg?resize=768%2C1024&amp;ssl=1 768w, https:\/\/i0.wp.com\/innoticiasbo.com\/wp-content\/uploads\/2024\/10\/fb_img_17300307856317331149547263202354.jpg?resize=225%2C300&amp;ssl=1 225w, https:\/\/i0.wp.com\/innoticiasbo.com\/wp-content\/uploads\/2024\/10\/fb_img_17300307856317331149547263202354.jpg?w=1080&amp;ssl=1 1080w\" sizes=\"auto, (max-width: 640px) 100vw, 640px\" \/><\/figure>\n\n\n\n<figure class=\"wp-block-image\"><img data-recalc-dims=\"1\" loading=\"lazy\" decoding=\"async\" width=\"640\" height=\"373\" src=\"https:\/\/i0.wp.com\/innoticiasbo.com\/wp-content\/uploads\/2024\/10\/fb_img_17300319326338629006411361431606.jpg?resize=640%2C373&#038;ssl=1\" alt=\"\" class=\"wp-image-1763\" srcset=\"https:\/\/i0.wp.com\/innoticiasbo.com\/wp-content\/uploads\/2024\/10\/fb_img_17300319326338629006411361431606.jpg?resize=1024%2C596&amp;ssl=1 1024w, https:\/\/i0.wp.com\/innoticiasbo.com\/wp-content\/uploads\/2024\/10\/fb_img_17300319326338629006411361431606.jpg?resize=300%2C175&amp;ssl=1 300w, https:\/\/i0.wp.com\/innoticiasbo.com\/wp-content\/uploads\/2024\/10\/fb_img_17300319326338629006411361431606.jpg?resize=768%2C447&amp;ssl=1 768w, https:\/\/i0.wp.com\/innoticiasbo.com\/wp-content\/uploads\/2024\/10\/fb_img_17300319326338629006411361431606.jpg?w=1080&amp;ssl=1 1080w\" sizes=\"auto, (max-width: 640px) 100vw, 640px\" \/><\/figure>\n\n\n\n<figure class=\"wp-block-image\"><img data-recalc-dims=\"1\" loading=\"lazy\" decoding=\"async\" width=\"640\" height=\"853\" src=\"https:\/\/i0.wp.com\/innoticiasbo.com\/wp-content\/uploads\/2024\/10\/fb_img_17300307904298175668449917142675.jpg?resize=640%2C853&#038;ssl=1\" alt=\"\" class=\"wp-image-1761\" srcset=\"https:\/\/i0.wp.com\/innoticiasbo.com\/wp-content\/uploads\/2024\/10\/fb_img_17300307904298175668449917142675.jpg?resize=768%2C1024&amp;ssl=1 768w, https:\/\/i0.wp.com\/innoticiasbo.com\/wp-content\/uploads\/2024\/10\/fb_img_17300307904298175668449917142675.jpg?resize=225%2C300&amp;ssl=1 225w, https:\/\/i0.wp.com\/innoticiasbo.com\/wp-content\/uploads\/2024\/10\/fb_img_17300307904298175668449917142675.jpg?w=1080&amp;ssl=1 1080w\" sizes=\"auto, (max-width: 640px) 100vw, 640px\" \/><\/figure>\n\n\n\n<p>La Radio Kawsachu Coca difundi\u00f3 un video grabado tras el atentado en el que se muestra c\u00f3mo escapan de la zona en la que se habr\u00eda producido ella emboscada.<\/p>\n\n\n\n<h1 class=\"wp-block-heading\">EvoMoralesAyma&nbsp; #Tr\u00f3picodecochabamba<\/h1>\n","protected":false},"excerpt":{"rendered":"<p>Cochabamba, 27 de octubre de 2024.- El expresidente Evo Morales denunci\u00f3 en su radio Kawsachun Coca que a las 6:20 de esta ma\u00f1ana habr\u00eda sufrido una emboscada en el tr\u00f3pico de Cochabamba. El veh\u00edculo en el que se trasladaba habr\u00eda recibido 14 disparos de arma de fuego. Seg\u00fan la denuncia, el chofer result\u00f3 herido, aunque&#8230;<\/p>\n","protected":false},"author":2,"featured_media":1764,"comment_status":"open","ping_status":"open","sticky":false,"template":"","format":"standard","meta":{"_jetpack_memberships_contains_paid_content":false,"footnotes":"","jetpack_publicize_message":"","jetpack_publicize_feature_enabled":true,"jetpack_social_post_already_shared":true,"jetpack_social_options":{"image_generator_settings":{"template":"highway","enabled":false},"version":2}},"categories":[1,3],"tags":[],"class_list":["post-1766","post","type-post","status-publish","format-standard","has-post-thumbnail","hentry","category-bolivia","category-politica"],"jetpack_publicize_connections":[],"yoast_head":"<!-- This site is optimized with the Yoast SEO plugin v23.4 - https:\/\/yoast.com\/wordpress\/plugins\/seo\/ -->\n<title>EVO MORALES DENUNCIA QUE INTENTARON ASESINARLO - innoticiasbo.com<\/title>\n<meta name=\"robots\" content=\"index, follow, max-snippet:-1, max-image-preview:large, max-video-preview:-1\" \/>\n<link rel=\"canonical\" href=\"https:\/\/innoticiasbo.com\/index.php\/2024\/10\/27\/evo-morales-denuncia-que-intentaron-asesinarlo\/\" \/>\n<meta property=\"og:locale\" content=\"es_ES\" \/>\n<meta property=\"og:type\" content=\"article\" \/>\n<meta property=\"og:title\" content=\"EVO MORALES DENUNCIA QUE INTENTARON ASESINARLO - innoticiasbo.com\" \/>\n<meta property=\"og:description\" content=\"Cochabamba, 27 de octubre de 2024.- El expresidente Evo Morales denunci\u00f3 en su radio Kawsachun Coca que a las 6:20 de esta ma\u00f1ana habr\u00eda sufrido una emboscada en el tr\u00f3pico de Cochabamba. El veh\u00edculo en el que se trasladaba habr\u00eda recibido 14 disparos de arma de fuego. Seg\u00fan la denuncia, el chofer result\u00f3 herido, aunque...\" \/>\n<meta property=\"og:url\" content=\"https:\/\/innoticiasbo.com\/index.php\/2024\/10\/27\/evo-morales-denuncia-que-intentaron-asesinarlo\/\" \/>\n<meta property=\"og:site_name\" content=\"innoticiasbo.com\" \/>\n<meta property=\"article:publisher\" content=\"https:\/\/www.facebook.com\/innoticiasbolivia\" \/>\n<meta property=\"article:published_time\" content=\"2024-10-27T13:14:16+00:00\" \/>\n<meta property=\"article:modified_time\" content=\"2024-10-27T13:14:58+00:00\" \/>\n<meta property=\"og:image\" content=\"https:\/\/i0.wp.com\/innoticiasbo.com\/wp-content\/uploads\/2024\/10\/FB_IMG_1730030787823.jpg?fit=1080%2C1440&ssl=1\" \/>\n\t<meta property=\"og:image:width\" content=\"1080\" \/>\n\t<meta property=\"og:image:height\" content=\"1440\" \/>\n\t<meta property=\"og:image:type\" content=\"image\/jpeg\" \/>\n<meta name=\"author\" content=\"Prensa\" \/>\n<meta name=\"twitter:card\" content=\"summary_large_image\" \/>\n<meta name=\"twitter:creator\" content=\"@innoticiasbo\" \/>\n<meta name=\"twitter:site\" content=\"@innoticiasbo\" \/>\n<meta name=\"twitter:label1\" content=\"Escrito por\" \/>\n\t<meta name=\"twitter:data1\" content=\"Prensa\" \/>\n\t<meta name=\"twitter:label2\" content=\"Tiempo de lectura\" \/>\n\t<meta name=\"twitter:data2\" content=\"1 minuto\" \/>\n<script type=\"application\/ld+json\" class=\"yoast-schema-graph\">{\"@context\":\"https:\/\/schema.org\",\"@graph\":[{\"@type\":\"Article\",\"@id\":\"https:\/\/innoticiasbo.com\/index.php\/2024\/10\/27\/evo-morales-denuncia-que-intentaron-asesinarlo\/#article\",\"isPartOf\":{\"@id\":\"https:\/\/innoticiasbo.com\/index.php\/2024\/10\/27\/evo-morales-denuncia-que-intentaron-asesinarlo\/\"},\"author\":{\"name\":\"Prensa\",\"@id\":\"https:\/\/innoticiasbo.com\/#\/schema\/person\/589cd527c4211df1b943bdad85ec07ce\"},\"headline\":\"EVO MORALES DENUNCIA QUE INTENTARON ASESINARLO\",\"datePublished\":\"2024-10-27T13:14:16+00:00\",\"dateModified\":\"2024-10-27T13:14:58+00:00\",\"mainEntityOfPage\":{\"@id\":\"https:\/\/innoticiasbo.com\/index.php\/2024\/10\/27\/evo-morales-denuncia-que-intentaron-asesinarlo\/\"},\"wordCount\":135,\"commentCount\":0,\"publisher\":{\"@id\":\"https:\/\/innoticiasbo.com\/#organization\"},\"image\":{\"@id\":\"https:\/\/innoticiasbo.com\/index.php\/2024\/10\/27\/evo-morales-denuncia-que-intentaron-asesinarlo\/#primaryimage\"},\"thumbnailUrl\":\"https:\/\/i0.wp.com\/innoticiasbo.com\/wp-content\/uploads\/2024\/10\/FB_IMG_1730030787823.jpg?fit=1080%2C1440&ssl=1\",\"articleSection\":[\"Bolivia\",\"Pol\u00edtica\"],\"inLanguage\":\"es\",\"potentialAction\":[{\"@type\":\"CommentAction\",\"name\":\"Comment\",\"target\":[\"https:\/\/innoticiasbo.com\/index.php\/2024\/10\/27\/evo-morales-denuncia-que-intentaron-asesinarlo\/#respond\"]}]},{\"@type\":\"WebPage\",\"@id\":\"https:\/\/innoticiasbo.com\/index.php\/2024\/10\/27\/evo-morales-denuncia-que-intentaron-asesinarlo\/\",\"url\":\"https:\/\/innoticiasbo.com\/index.php\/2024\/10\/27\/evo-morales-denuncia-que-intentaron-asesinarlo\/\",\"name\":\"EVO MORALES DENUNCIA QUE INTENTARON ASESINARLO - innoticiasbo.com\",\"isPartOf\":{\"@id\":\"https:\/\/innoticiasbo.com\/#website\"},\"primaryImageOfPage\":{\"@id\":\"https:\/\/innoticiasbo.com\/index.php\/2024\/10\/27\/evo-morales-denuncia-que-intentaron-asesinarlo\/#primaryimage\"},\"image\":{\"@id\":\"https:\/\/innoticiasbo.com\/index.php\/2024\/10\/27\/evo-morales-denuncia-que-intentaron-asesinarlo\/#primaryimage\"},\"thumbnailUrl\":\"https:\/\/i0.wp.com\/innoticiasbo.com\/wp-content\/uploads\/2024\/10\/FB_IMG_1730030787823.jpg?fit=1080%2C1440&ssl=1\",\"datePublished\":\"2024-10-27T13:14:16+00:00\",\"dateModified\":\"2024-10-27T13:14:58+00:00\",\"breadcrumb\":{\"@id\":\"https:\/\/innoticiasbo.com\/index.php\/2024\/10\/27\/evo-morales-denuncia-que-intentaron-asesinarlo\/#breadcrumb\"},\"inLanguage\":\"es\",\"potentialAction\":[{\"@type\":\"ReadAction\",\"target\":[\"https:\/\/innoticiasbo.com\/index.php\/2024\/10\/27\/evo-morales-denuncia-que-intentaron-asesinarlo\/\"]}]},{\"@type\":\"ImageObject\",\"inLanguage\":\"es\",\"@id\":\"https:\/\/innoticiasbo.com\/index.php\/2024\/10\/27\/evo-morales-denuncia-que-intentaron-asesinarlo\/#primaryimage\",\"url\":\"https:\/\/i0.wp.com\/innoticiasbo.com\/wp-content\/uploads\/2024\/10\/FB_IMG_1730030787823.jpg?fit=1080%2C1440&ssl=1\",\"contentUrl\":\"https:\/\/i0.wp.com\/innoticiasbo.com\/wp-content\/uploads\/2024\/10\/FB_IMG_1730030787823.jpg?fit=1080%2C1440&ssl=1\",\"width\":1080,\"height\":1440},{\"@type\":\"BreadcrumbList\",\"@id\":\"https:\/\/innoticiasbo.com\/index.php\/2024\/10\/27\/evo-morales-denuncia-que-intentaron-asesinarlo\/#breadcrumb\",\"itemListElement\":[{\"@type\":\"ListItem\",\"position\":1,\"name\":\"Portada\",\"item\":\"https:\/\/innoticiasbo.com\/\"},{\"@type\":\"ListItem\",\"position\":2,\"name\":\"EVO MORALES DENUNCIA QUE INTENTARON ASESINARLO\"}]},{\"@type\":\"WebSite\",\"@id\":\"https:\/\/innoticiasbo.com\/#website\",\"url\":\"https:\/\/innoticiasbo.com\/\",\"name\":\"innoticiasbo.com\",\"description\":\"\",\"publisher\":{\"@id\":\"https:\/\/innoticiasbo.com\/#organization\"},\"potentialAction\":[{\"@type\":\"SearchAction\",\"target\":{\"@type\":\"EntryPoint\",\"urlTemplate\":\"https:\/\/innoticiasbo.com\/?s={search_term_string}\"},\"query-input\":{\"@type\":\"PropertyValueSpecification\",\"valueRequired\":true,\"valueName\":\"search_term_string\"}}],\"inLanguage\":\"es\"},{\"@type\":\"Organization\",\"@id\":\"https:\/\/innoticiasbo.com\/#organization\",\"name\":\"innoticiasbo.com\",\"url\":\"https:\/\/innoticiasbo.com\/\",\"logo\":{\"@type\":\"ImageObject\",\"inLanguage\":\"es\",\"@id\":\"https:\/\/innoticiasbo.com\/#\/schema\/logo\/image\/\",\"url\":\"https:\/\/i0.wp.com\/innoticiasbo.com\/wp-content\/uploads\/2026\/04\/cropped-IN-LOGO.png?fit=1476%2C1476&ssl=1\",\"contentUrl\":\"https:\/\/i0.wp.com\/innoticiasbo.com\/wp-content\/uploads\/2026\/04\/cropped-IN-LOGO.png?fit=1476%2C1476&ssl=1\",\"width\":1476,\"height\":1476,\"caption\":\"innoticiasbo.com\"},\"image\":{\"@id\":\"https:\/\/innoticiasbo.com\/#\/schema\/logo\/image\/\"},\"sameAs\":[\"https:\/\/www.facebook.com\/innoticiasbolivia\",\"https:\/\/x.com\/innoticiasbo\",\"https:\/\/www.instagram.com\/innoticiasbo\",\"https:\/\/www.youtube.com\/innoticiasbo\"]},{\"@type\":\"Person\",\"@id\":\"https:\/\/innoticiasbo.com\/#\/schema\/person\/589cd527c4211df1b943bdad85ec07ce\",\"name\":\"Prensa\",\"image\":{\"@type\":\"ImageObject\",\"inLanguage\":\"es\",\"@id\":\"https:\/\/innoticiasbo.com\/#\/schema\/person\/image\/\",\"url\":\"https:\/\/secure.gravatar.com\/avatar\/d359bbdf112023c1c0a3ec7fe1600657?s=96&d=mm&r=g\",\"contentUrl\":\"https:\/\/secure.gravatar.com\/avatar\/d359bbdf112023c1c0a3ec7fe1600657?s=96&d=mm&r=g\",\"caption\":\"Prensa\"},\"sameAs\":[\"http:\/\/www.innoticiasbo.com\"],\"url\":\"https:\/\/innoticiasbo.com\/index.php\/author\/prensa\/\"}]}<\/script>\n<!-- \/ Yoast SEO plugin. -->","yoast_head_json":{"title":"EVO MORALES DENUNCIA QUE INTENTARON ASESINARLO - innoticiasbo.com","robots":{"index":"index","follow":"follow","max-snippet":"max-snippet:-1","max-image-preview":"max-image-preview:large","max-video-preview":"max-video-preview:-1"},"canonical":"https:\/\/innoticiasbo.com\/index.php\/2024\/10\/27\/evo-morales-denuncia-que-intentaron-asesinarlo\/","og_locale":"es_ES","og_type":"article","og_title":"EVO MORALES DENUNCIA QUE INTENTARON ASESINARLO - innoticiasbo.com","og_description":"Cochabamba, 27 de octubre de 2024.- El expresidente Evo Morales denunci\u00f3 en su radio Kawsachun Coca que a las 6:20 de esta ma\u00f1ana habr\u00eda sufrido una emboscada en el tr\u00f3pico de Cochabamba. El veh\u00edculo en el que se trasladaba habr\u00eda recibido 14 disparos de arma de fuego. Seg\u00fan la denuncia, el chofer result\u00f3 herido, aunque...","og_url":"https:\/\/innoticiasbo.com\/index.php\/2024\/10\/27\/evo-morales-denuncia-que-intentaron-asesinarlo\/","og_site_name":"innoticiasbo.com","article_publisher":"https:\/\/www.facebook.com\/innoticiasbolivia","article_published_time":"2024-10-27T13:14:16+00:00","article_modified_time":"2024-10-27T13:14:58+00:00","og_image":[{"width":1080,"height":1440,"url":"https:\/\/i0.wp.com\/innoticiasbo.com\/wp-content\/uploads\/2024\/10\/FB_IMG_1730030787823.jpg?fit=1080%2C1440&ssl=1","type":"image\/jpeg"}],"author":"Prensa","twitter_card":"summary_large_image","twitter_creator":"@innoticiasbo","twitter_site":"@innoticiasbo","twitter_misc":{"Escrito por":"Prensa","Tiempo de lectura":"1 minuto"},"schema":{"@context":"https:\/\/schema.org","@graph":[{"@type":"Article","@id":"https:\/\/innoticiasbo.com\/index.php\/2024\/10\/27\/evo-morales-denuncia-que-intentaron-asesinarlo\/#article","isPartOf":{"@id":"https:\/\/innoticiasbo.com\/index.php\/2024\/10\/27\/evo-morales-denuncia-que-intentaron-asesinarlo\/"},"author":{"name":"Prensa","@id":"https:\/\/innoticiasbo.com\/#\/schema\/person\/589cd527c4211df1b943bdad85ec07ce"},"headline":"EVO MORALES DENUNCIA QUE INTENTARON ASESINARLO","datePublished":"2024-10-27T13:14:16+00:00","dateModified":"2024-10-27T13:14:58+00:00","mainEntityOfPage":{"@id":"https:\/\/innoticiasbo.com\/index.php\/2024\/10\/27\/evo-morales-denuncia-que-intentaron-asesinarlo\/"},"wordCount":135,"commentCount":0,"publisher":{"@id":"https:\/\/innoticiasbo.com\/#organization"},"image":{"@id":"https:\/\/innoticiasbo.com\/index.php\/2024\/10\/27\/evo-morales-denuncia-que-intentaron-asesinarlo\/#primaryimage"},"thumbnailUrl":"https:\/\/i0.wp.com\/innoticiasbo.com\/wp-content\/uploads\/2024\/10\/FB_IMG_1730030787823.jpg?fit=1080%2C1440&ssl=1","articleSection":["Bolivia","Pol\u00edtica"],"inLanguage":"es","potentialAction":[{"@type":"CommentAction","name":"Comment","target":["https:\/\/innoticiasbo.com\/index.php\/2024\/10\/27\/evo-morales-denuncia-que-intentaron-asesinarlo\/#respond"]}]},{"@type":"WebPage","@id":"https:\/\/innoticiasbo.com\/index.php\/2024\/10\/27\/evo-morales-denuncia-que-intentaron-asesinarlo\/","url":"https:\/\/innoticiasbo.com\/index.php\/2024\/10\/27\/evo-morales-denuncia-que-intentaron-asesinarlo\/","name":"EVO MORALES DENUNCIA QUE INTENTARON ASESINARLO - innoticiasbo.com","isPartOf":{"@id":"https:\/\/innoticiasbo.com\/#website"},"primaryImageOfPage":{"@id":"https:\/\/innoticiasbo.com\/index.php\/2024\/10\/27\/evo-morales-denuncia-que-intentaron-asesinarlo\/#primaryimage"},"image":{"@id":"https:\/\/innoticiasbo.com\/index.php\/2024\/10\/27\/evo-morales-denuncia-que-intentaron-asesinarlo\/#primaryimage"},"thumbnailUrl":"https:\/\/i0.wp.com\/innoticiasbo.com\/wp-content\/uploads\/2024\/10\/FB_IMG_1730030787823.jpg?fit=1080%2C1440&ssl=1","datePublished":"2024-10-27T13:14:16+00:00","dateModified":"2024-10-27T13:14:58+00:00","breadcrumb":{"@id":"https:\/\/innoticiasbo.com\/index.php\/2024\/10\/27\/evo-morales-denuncia-que-intentaron-asesinarlo\/#breadcrumb"},"inLanguage":"es","potentialAction":[{"@type":"ReadAction","target":["https:\/\/innoticiasbo.com\/index.php\/2024\/10\/27\/evo-morales-denuncia-que-intentaron-asesinarlo\/"]}]},{"@type":"ImageObject","inLanguage":"es","@id":"https:\/\/innoticiasbo.com\/index.php\/2024\/10\/27\/evo-morales-denuncia-que-intentaron-asesinarlo\/#primaryimage","url":"https:\/\/i0.wp.com\/innoticiasbo.com\/wp-content\/uploads\/2024\/10\/FB_IMG_1730030787823.jpg?fit=1080%2C1440&ssl=1","contentUrl":"https:\/\/i0.wp.com\/innoticiasbo.com\/wp-content\/uploads\/2024\/10\/FB_IMG_1730030787823.jpg?fit=1080%2C1440&ssl=1","width":1080,"height":1440},{"@type":"BreadcrumbList","@id":"https:\/\/innoticiasbo.com\/index.php\/2024\/10\/27\/evo-morales-denuncia-que-intentaron-asesinarlo\/#breadcrumb","itemListElement":[{"@type":"ListItem","position":1,"name":"Portada","item":"https:\/\/innoticiasbo.com\/"},{"@type":"ListItem","position":2,"name":"EVO MORALES DENUNCIA QUE INTENTARON ASESINARLO"}]},{"@type":"WebSite","@id":"https:\/\/innoticiasbo.com\/#website","url":"https:\/\/innoticiasbo.com\/","name":"innoticiasbo.com","description":"","publisher":{"@id":"https:\/\/innoticiasbo.com\/#organization"},"potentialAction":[{"@type":"SearchAction","target":{"@type":"EntryPoint","urlTemplate":"https:\/\/innoticiasbo.com\/?s={search_term_string}"},"query-input":{"@type":"PropertyValueSpecification","valueRequired":true,"valueName":"search_term_string"}}],"inLanguage":"es"},{"@type":"Organization","@id":"https:\/\/innoticiasbo.com\/#organization","name":"innoticiasbo.com","url":"https:\/\/innoticiasbo.com\/","logo":{"@type":"ImageObject","inLanguage":"es","@id":"https:\/\/innoticiasbo.com\/#\/schema\/logo\/image\/","url":"https:\/\/i0.wp.com\/innoticiasbo.com\/wp-content\/uploads\/2026\/04\/cropped-IN-LOGO.png?fit=1476%2C1476&ssl=1","contentUrl":"https:\/\/i0.wp.com\/innoticiasbo.com\/wp-content\/uploads\/2026\/04\/cropped-IN-LOGO.png?fit=1476%2C1476&ssl=1","width":1476,"height":1476,"caption":"innoticiasbo.com"},"image":{"@id":"https:\/\/innoticiasbo.com\/#\/schema\/logo\/image\/"},"sameAs":["https:\/\/www.facebook.com\/innoticiasbolivia","https:\/\/x.com\/innoticiasbo","https:\/\/www.instagram.com\/innoticiasbo","https:\/\/www.youtube.com\/innoticiasbo"]},{"@type":"Person","@id":"https:\/\/innoticiasbo.com\/#\/schema\/person\/589cd527c4211df1b943bdad85ec07ce","name":"Prensa","image":{"@type":"ImageObject","inLanguage":"es","@id":"https:\/\/innoticiasbo.com\/#\/schema\/person\/image\/","url":"https:\/\/secure.gravatar.com\/avatar\/d359bbdf112023c1c0a3ec7fe1600657?s=96&d=mm&r=g","contentUrl":"https:\/\/secure.gravatar.com\/avatar\/d359bbdf112023c1c0a3ec7fe1600657?s=96&d=mm&r=g","caption":"Prensa"},"sameAs":["http:\/\/www.innoticiasbo.com"],"url":"https:\/\/innoticiasbo.com\/index.php\/author\/prensa\/"}]}},"jetpack_featured_media_url":"https:\/\/i0.wp.com\/innoticiasbo.com\/wp-content\/uploads\/2024\/10\/FB_IMG_1730030787823.jpg?fit=1080%2C1440&ssl=1","jetpack_likes_enabled":true,"jetpack_sharing_enabled":true,"jetpack_shortlink":"https:\/\/wp.me\/pg298x-su","_links":{"self":[{"href":"https:\/\/innoticiasbo.com\/index.php\/wp-json\/wp\/v2\/posts\/1766","targetHints":{"allow":["GET"]}}],"collection":[{"href":"https:\/\/innoticiasbo.com\/index.php\/wp-json\/wp\/v2\/posts"}],"about":[{"href":"https:\/\/innoticiasbo.com\/index.php\/wp-json\/wp\/v2\/types\/post"}],"author":[{"embeddable":true,"href":"https:\/\/innoticiasbo.com\/index.php\/wp-json\/wp\/v2\/users\/2"}],"replies":[{"embeddable":true,"href":"https:\/\/innoticiasbo.com\/index.php\/wp-json\/wp\/v2\/comments?post=1766"}],"version-history":[{"count":1,"href":"https:\/\/innoticiasbo.com\/index.php\/wp-json\/wp\/v2\/posts\/1766\/revisions"}],"predecessor-version":[{"id":1767,"href":"https:\/\/innoticiasbo.com\/index.php\/wp-json\/wp\/v2\/posts\/1766\/revisions\/1767"}],"wp:featuredmedia":[{"embeddable":true,"href":"https:\/\/innoticiasbo.com\/index.php\/wp-json\/wp\/v2\/media\/1764"}],"wp:attachment":[{"href":"https:\/\/innoticiasbo.com\/index.php\/wp-json\/wp\/v2\/media?parent=1766"}],"wp:term":[{"taxonomy":"category","embeddable":true,"href":"https:\/\/innoticiasbo.com\/index.php\/wp-json\/wp\/v2\/categories?post=1766"},{"taxonomy":"post_tag","embeddable":true,"href":"https:\/\/innoticiasbo.com\/index.php\/wp-json\/wp\/v2\/tags?post=1766"}],"curies":[{"name":"wp","href":"https:\/\/api.w.org\/{rel}","templated":true}]}}