{"id":1750,"date":"2024-10-26T15:52:11","date_gmt":"2024-10-26T15:52:11","guid":{"rendered":"https:\/\/innoticiasbo.com\/?p=1750"},"modified":"2024-10-26T15:52:23","modified_gmt":"2024-10-26T15:52:23","slug":"evo-afirma-que-los-bloqueos-son-hasta-que-el-gobierno-se-canse","status":"publish","type":"post","link":"https:\/\/innoticiasbo.com\/index.php\/2024\/10\/26\/evo-afirma-que-los-bloqueos-son-hasta-que-el-gobierno-se-canse\/","title":{"rendered":"EVO AFIRMA QUE LOS BLOQUEOS SON HASTA QUE \u00abEL GOBIERNO SE CANSE\u00bb"},"content":{"rendered":"\n<p>Cochabamba, 26 de octubre de 2024.- En entrevista en radio Kawsachun Coca, el expresidente, Evo Morales sostuvo que los bloqueos tienen el fin de \u00abcansar al Gobierno\u00bb.<\/p>\n\n\n\n<p>Al cumplirse trece d\u00edas de bloqueos Morales sostuvo que: \u00abSe levanta el pueblo a cabeza del movimiento ind\u00edgena para defender la patria, para salvar Bolivia y el Gobierno se va a cansar\u00bb, dijo Morales.<\/p>\n\n\n\n<p>En la misma l\u00ednea, el l\u00edder cocalero expres\u00f3 que, a pesar de sus medidas de presi\u00f3n el presidente Luis Arce, \u00abno se cansa\u00bb, y por lo tanto, Bolivia vive \u00abuna revoluci\u00f3n dentro de una revoluci\u00f3n\u00bb.<\/p>\n\n\n\n<p>Evo, por otro lado, salud\u00f3 y felicit\u00f3, a los bloqueadores evistas por su \u00ablucha\u00bb en Parotani en los hechos violentos que se vivieron la jornada de ayer. \u201cMi respeto con los guerreros contra el capitalismo\u00bb, sostuvo el dirigente cocalero y advirti\u00f3 que \u00abesta lucha va a seguir\u00bb.<\/p>\n\n\n\n<p>Morales que ayer afirmaba que eran 2.000 los polic\u00edas movilizados, este s\u00e1bado subi\u00f3 la cifra a 3.000 polic\u00edas desplazados seg\u00fan datos que hoy maneja el exmandatario.<\/p>\n\n\n\n<p>Denunci\u00f3 que \u201cel fascismo retorn\u00f3\u201d al de la mano de Manfred Reyes Villa y del Presidente Luis Arce, asimismo afirm\u00f3 que la sede cocalera ubicada en la plazuela Bush de Cochabamba fue saqueda y que robaron Bs. 4.000 de la sede, adem\u00e1s de los ahorros del portero y hasta una carretilla.<\/p>\n\n\n\n<h1 class=\"wp-block-heading\">EvoMorales #RadioKawsachunCoca #bloqueos #evistas #LuisArce #innoticias<\/h1>\n\n\n\n<p><\/p>\n","protected":false},"excerpt":{"rendered":"<p>Cochabamba, 26 de octubre de 2024.- En entrevista en radio Kawsachun Coca, el expresidente, Evo Morales sostuvo que los bloqueos tienen el fin de \u00abcansar al Gobierno\u00bb. Al cumplirse trece d\u00edas de bloqueos Morales sostuvo que: \u00abSe levanta el pueblo a cabeza del movimiento ind\u00edgena para defender la patria, para salvar Bolivia y el Gobierno&#8230;<\/p>\n","protected":false},"author":2,"featured_media":1749,"comment_status":"open","ping_status":"open","sticky":false,"template":"","format":"standard","meta":{"_jetpack_memberships_contains_paid_content":false,"footnotes":"","jetpack_publicize_message":"","jetpack_publicize_feature_enabled":true,"jetpack_social_post_already_shared":true,"jetpack_social_options":{"image_generator_settings":{"template":"highway","enabled":false},"version":2}},"categories":[1,3],"tags":[],"class_list":["post-1750","post","type-post","status-publish","format-standard","has-post-thumbnail","hentry","category-bolivia","category-politica"],"jetpack_publicize_connections":[],"yoast_head":"<!-- This site is optimized with the Yoast SEO plugin v23.4 - https:\/\/yoast.com\/wordpress\/plugins\/seo\/ -->\n<title>EVO AFIRMA QUE LOS BLOQUEOS SON HASTA QUE &quot;EL GOBIERNO SE CANSE&quot; - innoticiasbo.com<\/title>\n<meta name=\"robots\" content=\"index, follow, max-snippet:-1, max-image-preview:large, max-video-preview:-1\" \/>\n<link rel=\"canonical\" href=\"https:\/\/innoticiasbo.com\/index.php\/2024\/10\/26\/evo-afirma-que-los-bloqueos-son-hasta-que-el-gobierno-se-canse\/\" \/>\n<meta property=\"og:locale\" content=\"es_ES\" \/>\n<meta property=\"og:type\" content=\"article\" \/>\n<meta property=\"og:title\" content=\"EVO AFIRMA QUE LOS BLOQUEOS SON HASTA QUE &quot;EL GOBIERNO SE CANSE&quot; - innoticiasbo.com\" \/>\n<meta property=\"og:description\" content=\"Cochabamba, 26 de octubre de 2024.- En entrevista en radio Kawsachun Coca, el expresidente, Evo Morales sostuvo que los bloqueos tienen el fin de \u00abcansar al Gobierno\u00bb. Al cumplirse trece d\u00edas de bloqueos Morales sostuvo que: \u00abSe levanta el pueblo a cabeza del movimiento ind\u00edgena para defender la patria, para salvar Bolivia y el Gobierno...\" \/>\n<meta property=\"og:url\" content=\"https:\/\/innoticiasbo.com\/index.php\/2024\/10\/26\/evo-afirma-que-los-bloqueos-son-hasta-que-el-gobierno-se-canse\/\" \/>\n<meta property=\"og:site_name\" content=\"innoticiasbo.com\" \/>\n<meta property=\"article:publisher\" content=\"https:\/\/www.facebook.com\/innoticiasbolivia\" \/>\n<meta property=\"article:published_time\" content=\"2024-10-26T15:52:11+00:00\" \/>\n<meta property=\"article:modified_time\" content=\"2024-10-26T15:52:23+00:00\" \/>\n<meta property=\"og:image\" content=\"https:\/\/i0.wp.com\/innoticiasbo.com\/wp-content\/uploads\/2024\/10\/Screenshot_20241026_114818_Facebook.jpg?fit=1080%2C597&ssl=1\" \/>\n\t<meta property=\"og:image:width\" content=\"1080\" \/>\n\t<meta property=\"og:image:height\" content=\"597\" \/>\n\t<meta property=\"og:image:type\" content=\"image\/jpeg\" \/>\n<meta name=\"author\" content=\"Prensa\" \/>\n<meta name=\"twitter:card\" content=\"summary_large_image\" \/>\n<meta name=\"twitter:creator\" content=\"@innoticiasbo\" \/>\n<meta name=\"twitter:site\" content=\"@innoticiasbo\" \/>\n<meta name=\"twitter:label1\" content=\"Escrito por\" \/>\n\t<meta name=\"twitter:data1\" content=\"Prensa\" \/>\n\t<meta name=\"twitter:label2\" content=\"Tiempo de lectura\" \/>\n\t<meta name=\"twitter:data2\" content=\"1 minuto\" \/>\n<script type=\"application\/ld+json\" class=\"yoast-schema-graph\">{\"@context\":\"https:\/\/schema.org\",\"@graph\":[{\"@type\":\"Article\",\"@id\":\"https:\/\/innoticiasbo.com\/index.php\/2024\/10\/26\/evo-afirma-que-los-bloqueos-son-hasta-que-el-gobierno-se-canse\/#article\",\"isPartOf\":{\"@id\":\"https:\/\/innoticiasbo.com\/index.php\/2024\/10\/26\/evo-afirma-que-los-bloqueos-son-hasta-que-el-gobierno-se-canse\/\"},\"author\":{\"name\":\"Prensa\",\"@id\":\"https:\/\/innoticiasbo.com\/#\/schema\/person\/589cd527c4211df1b943bdad85ec07ce\"},\"headline\":\"EVO AFIRMA QUE LOS BLOQUEOS SON HASTA QUE \u00abEL GOBIERNO SE CANSE\u00bb\",\"datePublished\":\"2024-10-26T15:52:11+00:00\",\"dateModified\":\"2024-10-26T15:52:23+00:00\",\"mainEntityOfPage\":{\"@id\":\"https:\/\/innoticiasbo.com\/index.php\/2024\/10\/26\/evo-afirma-que-los-bloqueos-son-hasta-que-el-gobierno-se-canse\/\"},\"wordCount\":246,\"commentCount\":0,\"publisher\":{\"@id\":\"https:\/\/innoticiasbo.com\/#organization\"},\"image\":{\"@id\":\"https:\/\/innoticiasbo.com\/index.php\/2024\/10\/26\/evo-afirma-que-los-bloqueos-son-hasta-que-el-gobierno-se-canse\/#primaryimage\"},\"thumbnailUrl\":\"https:\/\/i0.wp.com\/innoticiasbo.com\/wp-content\/uploads\/2024\/10\/Screenshot_20241026_114818_Facebook.jpg?fit=1080%2C597&ssl=1\",\"articleSection\":[\"Bolivia\",\"Pol\u00edtica\"],\"inLanguage\":\"es\",\"potentialAction\":[{\"@type\":\"CommentAction\",\"name\":\"Comment\",\"target\":[\"https:\/\/innoticiasbo.com\/index.php\/2024\/10\/26\/evo-afirma-que-los-bloqueos-son-hasta-que-el-gobierno-se-canse\/#respond\"]}]},{\"@type\":\"WebPage\",\"@id\":\"https:\/\/innoticiasbo.com\/index.php\/2024\/10\/26\/evo-afirma-que-los-bloqueos-son-hasta-que-el-gobierno-se-canse\/\",\"url\":\"https:\/\/innoticiasbo.com\/index.php\/2024\/10\/26\/evo-afirma-que-los-bloqueos-son-hasta-que-el-gobierno-se-canse\/\",\"name\":\"EVO AFIRMA QUE LOS BLOQUEOS SON HASTA QUE \\\"EL GOBIERNO SE CANSE\\\" - innoticiasbo.com\",\"isPartOf\":{\"@id\":\"https:\/\/innoticiasbo.com\/#website\"},\"primaryImageOfPage\":{\"@id\":\"https:\/\/innoticiasbo.com\/index.php\/2024\/10\/26\/evo-afirma-que-los-bloqueos-son-hasta-que-el-gobierno-se-canse\/#primaryimage\"},\"image\":{\"@id\":\"https:\/\/innoticiasbo.com\/index.php\/2024\/10\/26\/evo-afirma-que-los-bloqueos-son-hasta-que-el-gobierno-se-canse\/#primaryimage\"},\"thumbnailUrl\":\"https:\/\/i0.wp.com\/innoticiasbo.com\/wp-content\/uploads\/2024\/10\/Screenshot_20241026_114818_Facebook.jpg?fit=1080%2C597&ssl=1\",\"datePublished\":\"2024-10-26T15:52:11+00:00\",\"dateModified\":\"2024-10-26T15:52:23+00:00\",\"breadcrumb\":{\"@id\":\"https:\/\/innoticiasbo.com\/index.php\/2024\/10\/26\/evo-afirma-que-los-bloqueos-son-hasta-que-el-gobierno-se-canse\/#breadcrumb\"},\"inLanguage\":\"es\",\"potentialAction\":[{\"@type\":\"ReadAction\",\"target\":[\"https:\/\/innoticiasbo.com\/index.php\/2024\/10\/26\/evo-afirma-que-los-bloqueos-son-hasta-que-el-gobierno-se-canse\/\"]}]},{\"@type\":\"ImageObject\",\"inLanguage\":\"es\",\"@id\":\"https:\/\/innoticiasbo.com\/index.php\/2024\/10\/26\/evo-afirma-que-los-bloqueos-son-hasta-que-el-gobierno-se-canse\/#primaryimage\",\"url\":\"https:\/\/i0.wp.com\/innoticiasbo.com\/wp-content\/uploads\/2024\/10\/Screenshot_20241026_114818_Facebook.jpg?fit=1080%2C597&ssl=1\",\"contentUrl\":\"https:\/\/i0.wp.com\/innoticiasbo.com\/wp-content\/uploads\/2024\/10\/Screenshot_20241026_114818_Facebook.jpg?fit=1080%2C597&ssl=1\",\"width\":1080,\"height\":597},{\"@type\":\"BreadcrumbList\",\"@id\":\"https:\/\/innoticiasbo.com\/index.php\/2024\/10\/26\/evo-afirma-que-los-bloqueos-son-hasta-que-el-gobierno-se-canse\/#breadcrumb\",\"itemListElement\":[{\"@type\":\"ListItem\",\"position\":1,\"name\":\"Portada\",\"item\":\"https:\/\/innoticiasbo.com\/\"},{\"@type\":\"ListItem\",\"position\":2,\"name\":\"EVO AFIRMA QUE LOS BLOQUEOS SON HASTA QUE \u00abEL GOBIERNO SE CANSE\u00bb\"}]},{\"@type\":\"WebSite\",\"@id\":\"https:\/\/innoticiasbo.com\/#website\",\"url\":\"https:\/\/innoticiasbo.com\/\",\"name\":\"innoticiasbo.com\",\"description\":\"\",\"publisher\":{\"@id\":\"https:\/\/innoticiasbo.com\/#organization\"},\"potentialAction\":[{\"@type\":\"SearchAction\",\"target\":{\"@type\":\"EntryPoint\",\"urlTemplate\":\"https:\/\/innoticiasbo.com\/?s={search_term_string}\"},\"query-input\":{\"@type\":\"PropertyValueSpecification\",\"valueRequired\":true,\"valueName\":\"search_term_string\"}}],\"inLanguage\":\"es\"},{\"@type\":\"Organization\",\"@id\":\"https:\/\/innoticiasbo.com\/#organization\",\"name\":\"innoticiasbo.com\",\"url\":\"https:\/\/innoticiasbo.com\/\",\"logo\":{\"@type\":\"ImageObject\",\"inLanguage\":\"es\",\"@id\":\"https:\/\/innoticiasbo.com\/#\/schema\/logo\/image\/\",\"url\":\"https:\/\/i0.wp.com\/innoticiasbo.com\/wp-content\/uploads\/2026\/04\/cropped-IN-LOGO.png?fit=1476%2C1476&ssl=1\",\"contentUrl\":\"https:\/\/i0.wp.com\/innoticiasbo.com\/wp-content\/uploads\/2026\/04\/cropped-IN-LOGO.png?fit=1476%2C1476&ssl=1\",\"width\":1476,\"height\":1476,\"caption\":\"innoticiasbo.com\"},\"image\":{\"@id\":\"https:\/\/innoticiasbo.com\/#\/schema\/logo\/image\/\"},\"sameAs\":[\"https:\/\/www.facebook.com\/innoticiasbolivia\",\"https:\/\/x.com\/innoticiasbo\",\"https:\/\/www.instagram.com\/innoticiasbo\",\"https:\/\/www.youtube.com\/innoticiasbo\"]},{\"@type\":\"Person\",\"@id\":\"https:\/\/innoticiasbo.com\/#\/schema\/person\/589cd527c4211df1b943bdad85ec07ce\",\"name\":\"Prensa\",\"image\":{\"@type\":\"ImageObject\",\"inLanguage\":\"es\",\"@id\":\"https:\/\/innoticiasbo.com\/#\/schema\/person\/image\/\",\"url\":\"https:\/\/secure.gravatar.com\/avatar\/d359bbdf112023c1c0a3ec7fe1600657?s=96&d=mm&r=g\",\"contentUrl\":\"https:\/\/secure.gravatar.com\/avatar\/d359bbdf112023c1c0a3ec7fe1600657?s=96&d=mm&r=g\",\"caption\":\"Prensa\"},\"sameAs\":[\"http:\/\/www.innoticiasbo.com\"],\"url\":\"https:\/\/innoticiasbo.com\/index.php\/author\/prensa\/\"}]}<\/script>\n<!-- \/ Yoast SEO plugin. -->","yoast_head_json":{"title":"EVO AFIRMA QUE LOS BLOQUEOS SON HASTA QUE \"EL GOBIERNO SE CANSE\" - innoticiasbo.com","robots":{"index":"index","follow":"follow","max-snippet":"max-snippet:-1","max-image-preview":"max-image-preview:large","max-video-preview":"max-video-preview:-1"},"canonical":"https:\/\/innoticiasbo.com\/index.php\/2024\/10\/26\/evo-afirma-que-los-bloqueos-son-hasta-que-el-gobierno-se-canse\/","og_locale":"es_ES","og_type":"article","og_title":"EVO AFIRMA QUE LOS BLOQUEOS SON HASTA QUE \"EL GOBIERNO SE CANSE\" - innoticiasbo.com","og_description":"Cochabamba, 26 de octubre de 2024.- En entrevista en radio Kawsachun Coca, el expresidente, Evo Morales sostuvo que los bloqueos tienen el fin de \u00abcansar al Gobierno\u00bb. Al cumplirse trece d\u00edas de bloqueos Morales sostuvo que: \u00abSe levanta el pueblo a cabeza del movimiento ind\u00edgena para defender la patria, para salvar Bolivia y el Gobierno...","og_url":"https:\/\/innoticiasbo.com\/index.php\/2024\/10\/26\/evo-afirma-que-los-bloqueos-son-hasta-que-el-gobierno-se-canse\/","og_site_name":"innoticiasbo.com","article_publisher":"https:\/\/www.facebook.com\/innoticiasbolivia","article_published_time":"2024-10-26T15:52:11+00:00","article_modified_time":"2024-10-26T15:52:23+00:00","og_image":[{"width":1080,"height":597,"url":"https:\/\/i0.wp.com\/innoticiasbo.com\/wp-content\/uploads\/2024\/10\/Screenshot_20241026_114818_Facebook.jpg?fit=1080%2C597&ssl=1","type":"image\/jpeg"}],"author":"Prensa","twitter_card":"summary_large_image","twitter_creator":"@innoticiasbo","twitter_site":"@innoticiasbo","twitter_misc":{"Escrito por":"Prensa","Tiempo de lectura":"1 minuto"},"schema":{"@context":"https:\/\/schema.org","@graph":[{"@type":"Article","@id":"https:\/\/innoticiasbo.com\/index.php\/2024\/10\/26\/evo-afirma-que-los-bloqueos-son-hasta-que-el-gobierno-se-canse\/#article","isPartOf":{"@id":"https:\/\/innoticiasbo.com\/index.php\/2024\/10\/26\/evo-afirma-que-los-bloqueos-son-hasta-que-el-gobierno-se-canse\/"},"author":{"name":"Prensa","@id":"https:\/\/innoticiasbo.com\/#\/schema\/person\/589cd527c4211df1b943bdad85ec07ce"},"headline":"EVO AFIRMA QUE LOS BLOQUEOS SON HASTA QUE \u00abEL GOBIERNO SE CANSE\u00bb","datePublished":"2024-10-26T15:52:11+00:00","dateModified":"2024-10-26T15:52:23+00:00","mainEntityOfPage":{"@id":"https:\/\/innoticiasbo.com\/index.php\/2024\/10\/26\/evo-afirma-que-los-bloqueos-son-hasta-que-el-gobierno-se-canse\/"},"wordCount":246,"commentCount":0,"publisher":{"@id":"https:\/\/innoticiasbo.com\/#organization"},"image":{"@id":"https:\/\/innoticiasbo.com\/index.php\/2024\/10\/26\/evo-afirma-que-los-bloqueos-son-hasta-que-el-gobierno-se-canse\/#primaryimage"},"thumbnailUrl":"https:\/\/i0.wp.com\/innoticiasbo.com\/wp-content\/uploads\/2024\/10\/Screenshot_20241026_114818_Facebook.jpg?fit=1080%2C597&ssl=1","articleSection":["Bolivia","Pol\u00edtica"],"inLanguage":"es","potentialAction":[{"@type":"CommentAction","name":"Comment","target":["https:\/\/innoticiasbo.com\/index.php\/2024\/10\/26\/evo-afirma-que-los-bloqueos-son-hasta-que-el-gobierno-se-canse\/#respond"]}]},{"@type":"WebPage","@id":"https:\/\/innoticiasbo.com\/index.php\/2024\/10\/26\/evo-afirma-que-los-bloqueos-son-hasta-que-el-gobierno-se-canse\/","url":"https:\/\/innoticiasbo.com\/index.php\/2024\/10\/26\/evo-afirma-que-los-bloqueos-son-hasta-que-el-gobierno-se-canse\/","name":"EVO AFIRMA QUE LOS BLOQUEOS SON HASTA QUE \"EL GOBIERNO SE CANSE\" - innoticiasbo.com","isPartOf":{"@id":"https:\/\/innoticiasbo.com\/#website"},"primaryImageOfPage":{"@id":"https:\/\/innoticiasbo.com\/index.php\/2024\/10\/26\/evo-afirma-que-los-bloqueos-son-hasta-que-el-gobierno-se-canse\/#primaryimage"},"image":{"@id":"https:\/\/innoticiasbo.com\/index.php\/2024\/10\/26\/evo-afirma-que-los-bloqueos-son-hasta-que-el-gobierno-se-canse\/#primaryimage"},"thumbnailUrl":"https:\/\/i0.wp.com\/innoticiasbo.com\/wp-content\/uploads\/2024\/10\/Screenshot_20241026_114818_Facebook.jpg?fit=1080%2C597&ssl=1","datePublished":"2024-10-26T15:52:11+00:00","dateModified":"2024-10-26T15:52:23+00:00","breadcrumb":{"@id":"https:\/\/innoticiasbo.com\/index.php\/2024\/10\/26\/evo-afirma-que-los-bloqueos-son-hasta-que-el-gobierno-se-canse\/#breadcrumb"},"inLanguage":"es","potentialAction":[{"@type":"ReadAction","target":["https:\/\/innoticiasbo.com\/index.php\/2024\/10\/26\/evo-afirma-que-los-bloqueos-son-hasta-que-el-gobierno-se-canse\/"]}]},{"@type":"ImageObject","inLanguage":"es","@id":"https:\/\/innoticiasbo.com\/index.php\/2024\/10\/26\/evo-afirma-que-los-bloqueos-son-hasta-que-el-gobierno-se-canse\/#primaryimage","url":"https:\/\/i0.wp.com\/innoticiasbo.com\/wp-content\/uploads\/2024\/10\/Screenshot_20241026_114818_Facebook.jpg?fit=1080%2C597&ssl=1","contentUrl":"https:\/\/i0.wp.com\/innoticiasbo.com\/wp-content\/uploads\/2024\/10\/Screenshot_20241026_114818_Facebook.jpg?fit=1080%2C597&ssl=1","width":1080,"height":597},{"@type":"BreadcrumbList","@id":"https:\/\/innoticiasbo.com\/index.php\/2024\/10\/26\/evo-afirma-que-los-bloqueos-son-hasta-que-el-gobierno-se-canse\/#breadcrumb","itemListElement":[{"@type":"ListItem","position":1,"name":"Portada","item":"https:\/\/innoticiasbo.com\/"},{"@type":"ListItem","position":2,"name":"EVO AFIRMA QUE LOS BLOQUEOS SON HASTA QUE \u00abEL GOBIERNO SE CANSE\u00bb"}]},{"@type":"WebSite","@id":"https:\/\/innoticiasbo.com\/#website","url":"https:\/\/innoticiasbo.com\/","name":"innoticiasbo.com","description":"","publisher":{"@id":"https:\/\/innoticiasbo.com\/#organization"},"potentialAction":[{"@type":"SearchAction","target":{"@type":"EntryPoint","urlTemplate":"https:\/\/innoticiasbo.com\/?s={search_term_string}"},"query-input":{"@type":"PropertyValueSpecification","valueRequired":true,"valueName":"search_term_string"}}],"inLanguage":"es"},{"@type":"Organization","@id":"https:\/\/innoticiasbo.com\/#organization","name":"innoticiasbo.com","url":"https:\/\/innoticiasbo.com\/","logo":{"@type":"ImageObject","inLanguage":"es","@id":"https:\/\/innoticiasbo.com\/#\/schema\/logo\/image\/","url":"https:\/\/i0.wp.com\/innoticiasbo.com\/wp-content\/uploads\/2026\/04\/cropped-IN-LOGO.png?fit=1476%2C1476&ssl=1","contentUrl":"https:\/\/i0.wp.com\/innoticiasbo.com\/wp-content\/uploads\/2026\/04\/cropped-IN-LOGO.png?fit=1476%2C1476&ssl=1","width":1476,"height":1476,"caption":"innoticiasbo.com"},"image":{"@id":"https:\/\/innoticiasbo.com\/#\/schema\/logo\/image\/"},"sameAs":["https:\/\/www.facebook.com\/innoticiasbolivia","https:\/\/x.com\/innoticiasbo","https:\/\/www.instagram.com\/innoticiasbo","https:\/\/www.youtube.com\/innoticiasbo"]},{"@type":"Person","@id":"https:\/\/innoticiasbo.com\/#\/schema\/person\/589cd527c4211df1b943bdad85ec07ce","name":"Prensa","image":{"@type":"ImageObject","inLanguage":"es","@id":"https:\/\/innoticiasbo.com\/#\/schema\/person\/image\/","url":"https:\/\/secure.gravatar.com\/avatar\/d359bbdf112023c1c0a3ec7fe1600657?s=96&d=mm&r=g","contentUrl":"https:\/\/secure.gravatar.com\/avatar\/d359bbdf112023c1c0a3ec7fe1600657?s=96&d=mm&r=g","caption":"Prensa"},"sameAs":["http:\/\/www.innoticiasbo.com"],"url":"https:\/\/innoticiasbo.com\/index.php\/author\/prensa\/"}]}},"jetpack_featured_media_url":"https:\/\/i0.wp.com\/innoticiasbo.com\/wp-content\/uploads\/2024\/10\/Screenshot_20241026_114818_Facebook.jpg?fit=1080%2C597&ssl=1","jetpack_likes_enabled":true,"jetpack_sharing_enabled":true,"jetpack_shortlink":"https:\/\/wp.me\/pg298x-se","_links":{"self":[{"href":"https:\/\/innoticiasbo.com\/index.php\/wp-json\/wp\/v2\/posts\/1750","targetHints":{"allow":["GET"]}}],"collection":[{"href":"https:\/\/innoticiasbo.com\/index.php\/wp-json\/wp\/v2\/posts"}],"about":[{"href":"https:\/\/innoticiasbo.com\/index.php\/wp-json\/wp\/v2\/types\/post"}],"author":[{"embeddable":true,"href":"https:\/\/innoticiasbo.com\/index.php\/wp-json\/wp\/v2\/users\/2"}],"replies":[{"embeddable":true,"href":"https:\/\/innoticiasbo.com\/index.php\/wp-json\/wp\/v2\/comments?post=1750"}],"version-history":[{"count":1,"href":"https:\/\/innoticiasbo.com\/index.php\/wp-json\/wp\/v2\/posts\/1750\/revisions"}],"predecessor-version":[{"id":1751,"href":"https:\/\/innoticiasbo.com\/index.php\/wp-json\/wp\/v2\/posts\/1750\/revisions\/1751"}],"wp:featuredmedia":[{"embeddable":true,"href":"https:\/\/innoticiasbo.com\/index.php\/wp-json\/wp\/v2\/media\/1749"}],"wp:attachment":[{"href":"https:\/\/innoticiasbo.com\/index.php\/wp-json\/wp\/v2\/media?parent=1750"}],"wp:term":[{"taxonomy":"category","embeddable":true,"href":"https:\/\/innoticiasbo.com\/index.php\/wp-json\/wp\/v2\/categories?post=1750"},{"taxonomy":"post_tag","embeddable":true,"href":"https:\/\/innoticiasbo.com\/index.php\/wp-json\/wp\/v2\/tags?post=1750"}],"curies":[{"name":"wp","href":"https:\/\/api.w.org\/{rel}","templated":true}]}}