{"id":1673,"date":"2024-10-24T16:14:02","date_gmt":"2024-10-24T16:14:02","guid":{"rendered":"https:\/\/innoticiasbo.com\/?p=1673"},"modified":"2024-10-24T16:14:19","modified_gmt":"2024-10-24T16:14:19","slug":"ante-la-falta-de-combustible-la-alcaldia-prioriza-grupos-de-emergencia","status":"publish","type":"post","link":"https:\/\/innoticiasbo.com\/index.php\/2024\/10\/24\/ante-la-falta-de-combustible-la-alcaldia-prioriza-grupos-de-emergencia\/","title":{"rendered":"ANTE LA FALTA DE COMBUSTIBLE LA ALCALD\u00cdA PRIORIZA GRUPOS DE EMERGENCIA"},"content":{"rendered":"\n<p>Cochabamba,&nbsp; 24 de octubre de 2024.- El secretario de Salud de la Alcald\u00eda de Cochabamba, An\u00edbal Cruz lament\u00f3 que la red de ambulancias del municipio est\u00e9 teniendo problemas para la adquisici\u00f3n de combustible, esto debido al bloqueo que se registra en el pa\u00eds.<\/p>\n\n\n\n<p>\u201cDesde antes de ayer estamos teniendo problemas con el tema de la gasolina, pero el d\u00eda de hoy hemos instruido a los surtidores que se d\u00e9 prioridad a las ambulancias (\u2026) lamentablemente no hay gasolina, insumos ni v\u00edveres por estos bloqueos que tienen encapsulado a Cochabamba\u201d manifest\u00f3 Cruz.<\/p>\n\n\n\n<p>La red de ambulancias del municipio tiene 16 veh\u00edculos que brindan atenci\u00f3n a los diferentes centros de salud y 4 ambulancias est\u00e1n en el centro coordinador para salidas de emergencia. \u201cActualmente todas las ambulancias est\u00e1n funcionando porque hemos pedido a los surtidores priorizar el cargu\u00edo de combustible para nuestros motorizados\u201d agreg\u00f3.<\/p>\n\n\n\n<figure class=\"wp-block-image size-large\"><img data-recalc-dims=\"1\" loading=\"lazy\" decoding=\"async\" width=\"640\" height=\"361\" src=\"https:\/\/i0.wp.com\/innoticiasbo.com\/wp-content\/uploads\/2024\/10\/img-20240802-wa01901215550141381963853.jpg?resize=640%2C361&#038;ssl=1\" alt=\"\" class=\"wp-image-1671\" srcset=\"https:\/\/i0.wp.com\/innoticiasbo.com\/wp-content\/uploads\/2024\/10\/img-20240802-wa01901215550141381963853.jpg?resize=1024%2C577&amp;ssl=1 1024w, https:\/\/i0.wp.com\/innoticiasbo.com\/wp-content\/uploads\/2024\/10\/img-20240802-wa01901215550141381963853.jpg?resize=300%2C169&amp;ssl=1 300w, https:\/\/i0.wp.com\/innoticiasbo.com\/wp-content\/uploads\/2024\/10\/img-20240802-wa01901215550141381963853.jpg?resize=768%2C432&amp;ssl=1 768w, https:\/\/i0.wp.com\/innoticiasbo.com\/wp-content\/uploads\/2024\/10\/img-20240802-wa01901215550141381963853.jpg?resize=1536%2C865&amp;ssl=1 1536w, https:\/\/i0.wp.com\/innoticiasbo.com\/wp-content\/uploads\/2024\/10\/img-20240802-wa01901215550141381963853.jpg?w=2000&amp;ssl=1 2000w, https:\/\/i0.wp.com\/innoticiasbo.com\/wp-content\/uploads\/2024\/10\/img-20240802-wa01901215550141381963853.jpg?w=1280&amp;ssl=1 1280w, https:\/\/i0.wp.com\/innoticiasbo.com\/wp-content\/uploads\/2024\/10\/img-20240802-wa01901215550141381963853.jpg?w=1920&amp;ssl=1 1920w\" sizes=\"auto, (max-width: 640px) 100vw, 640px\" \/><\/figure>\n\n\n\n<p>Por otra parte, la Secretar\u00eda de Infraestructura tambi\u00e9n se vio afectada por la falta de combustible, pues actualmente est\u00e1 recibiendo la mitad de di\u00e9sel requerido para ejecutar trabajos de mantenimiento y atender casos de emergencia.<\/p>\n\n\n\n<p>\u201cEstamos haciendo todos los esfuerzos para seguir adelante con los bacheos en la ciudad, tenemos todos los sistemas de emergencia como alumbrado p\u00fablico, se\u00f1alizaci\u00f3n, entre otros, los cuales son grupos que estamos priorizando para que no se corten (\u2026) nuestro trabajo est\u00e1 en un 60 a 65% de lo normal, estamos haciendo un esfuerzo para atender lo m\u00e1s urgente\u201d expres\u00f3 el secretario de Infraestructura, Gustavo Navia.<\/p>\n","protected":false},"excerpt":{"rendered":"<p>Cochabamba,&nbsp; 24 de octubre de 2024.- El secretario de Salud de la Alcald\u00eda de Cochabamba, An\u00edbal Cruz lament\u00f3 que la red de ambulancias del municipio est\u00e9 teniendo problemas para la adquisici\u00f3n de combustible, esto debido al bloqueo que se registra en el pa\u00eds. \u201cDesde antes de ayer estamos teniendo problemas con el tema de la&#8230;<\/p>\n","protected":false},"author":2,"featured_media":1672,"comment_status":"open","ping_status":"open","sticky":false,"template":"","format":"standard","meta":{"_jetpack_memberships_contains_paid_content":false,"footnotes":"","jetpack_publicize_message":"","jetpack_publicize_feature_enabled":true,"jetpack_social_post_already_shared":true,"jetpack_social_options":{"image_generator_settings":{"template":"highway","enabled":false},"version":2}},"categories":[2],"tags":[],"class_list":["post-1673","post","type-post","status-publish","format-standard","has-post-thumbnail","hentry","category-cochabamba"],"jetpack_publicize_connections":[],"yoast_head":"<!-- This site is optimized with the Yoast SEO plugin v23.4 - https:\/\/yoast.com\/wordpress\/plugins\/seo\/ -->\n<title>ANTE LA FALTA DE COMBUSTIBLE LA ALCALD\u00cdA PRIORIZA GRUPOS DE EMERGENCIA - innoticiasbo.com<\/title>\n<meta name=\"robots\" content=\"index, follow, max-snippet:-1, max-image-preview:large, max-video-preview:-1\" \/>\n<link rel=\"canonical\" href=\"https:\/\/innoticiasbo.com\/index.php\/2024\/10\/24\/ante-la-falta-de-combustible-la-alcaldia-prioriza-grupos-de-emergencia\/\" \/>\n<meta property=\"og:locale\" content=\"es_ES\" \/>\n<meta property=\"og:type\" content=\"article\" \/>\n<meta property=\"og:title\" content=\"ANTE LA FALTA DE COMBUSTIBLE LA ALCALD\u00cdA PRIORIZA GRUPOS DE EMERGENCIA - innoticiasbo.com\" \/>\n<meta property=\"og:description\" content=\"Cochabamba,&nbsp; 24 de octubre de 2024.- El secretario de Salud de la Alcald\u00eda de Cochabamba, An\u00edbal Cruz lament\u00f3 que la red de ambulancias del municipio est\u00e9 teniendo problemas para la adquisici\u00f3n de combustible, esto debido al bloqueo que se registra en el pa\u00eds. \u201cDesde antes de ayer estamos teniendo problemas con el tema de la...\" \/>\n<meta property=\"og:url\" content=\"https:\/\/innoticiasbo.com\/index.php\/2024\/10\/24\/ante-la-falta-de-combustible-la-alcaldia-prioriza-grupos-de-emergencia\/\" \/>\n<meta property=\"og:site_name\" content=\"innoticiasbo.com\" \/>\n<meta property=\"article:publisher\" content=\"https:\/\/www.facebook.com\/innoticiasbolivia\" \/>\n<meta property=\"article:published_time\" content=\"2024-10-24T16:14:02+00:00\" \/>\n<meta property=\"article:modified_time\" content=\"2024-10-24T16:14:19+00:00\" \/>\n<meta property=\"og:image\" content=\"https:\/\/i0.wp.com\/innoticiasbo.com\/wp-content\/uploads\/2024\/10\/IMG-20240802-WA0191.jpg?fit=2560%2C1441&ssl=1\" \/>\n\t<meta property=\"og:image:width\" content=\"2560\" \/>\n\t<meta property=\"og:image:height\" content=\"1441\" \/>\n\t<meta property=\"og:image:type\" content=\"image\/jpeg\" \/>\n<meta name=\"author\" content=\"Prensa\" \/>\n<meta name=\"twitter:card\" content=\"summary_large_image\" \/>\n<meta name=\"twitter:creator\" content=\"@innoticiasbo\" \/>\n<meta name=\"twitter:site\" content=\"@innoticiasbo\" \/>\n<meta name=\"twitter:label1\" content=\"Escrito por\" \/>\n\t<meta name=\"twitter:data1\" content=\"Prensa\" \/>\n\t<meta name=\"twitter:label2\" content=\"Tiempo de lectura\" \/>\n\t<meta name=\"twitter:data2\" content=\"1 minuto\" \/>\n<script type=\"application\/ld+json\" class=\"yoast-schema-graph\">{\"@context\":\"https:\/\/schema.org\",\"@graph\":[{\"@type\":\"Article\",\"@id\":\"https:\/\/innoticiasbo.com\/index.php\/2024\/10\/24\/ante-la-falta-de-combustible-la-alcaldia-prioriza-grupos-de-emergencia\/#article\",\"isPartOf\":{\"@id\":\"https:\/\/innoticiasbo.com\/index.php\/2024\/10\/24\/ante-la-falta-de-combustible-la-alcaldia-prioriza-grupos-de-emergencia\/\"},\"author\":{\"name\":\"Prensa\",\"@id\":\"https:\/\/innoticiasbo.com\/#\/schema\/person\/589cd527c4211df1b943bdad85ec07ce\"},\"headline\":\"ANTE LA FALTA DE COMBUSTIBLE LA ALCALD\u00cdA PRIORIZA GRUPOS DE EMERGENCIA\",\"datePublished\":\"2024-10-24T16:14:02+00:00\",\"dateModified\":\"2024-10-24T16:14:19+00:00\",\"mainEntityOfPage\":{\"@id\":\"https:\/\/innoticiasbo.com\/index.php\/2024\/10\/24\/ante-la-falta-de-combustible-la-alcaldia-prioriza-grupos-de-emergencia\/\"},\"wordCount\":267,\"commentCount\":0,\"publisher\":{\"@id\":\"https:\/\/innoticiasbo.com\/#organization\"},\"image\":{\"@id\":\"https:\/\/innoticiasbo.com\/index.php\/2024\/10\/24\/ante-la-falta-de-combustible-la-alcaldia-prioriza-grupos-de-emergencia\/#primaryimage\"},\"thumbnailUrl\":\"https:\/\/i0.wp.com\/innoticiasbo.com\/wp-content\/uploads\/2024\/10\/IMG-20240802-WA0191.jpg?fit=2560%2C1441&ssl=1\",\"articleSection\":[\"Cochabamba\"],\"inLanguage\":\"es\",\"potentialAction\":[{\"@type\":\"CommentAction\",\"name\":\"Comment\",\"target\":[\"https:\/\/innoticiasbo.com\/index.php\/2024\/10\/24\/ante-la-falta-de-combustible-la-alcaldia-prioriza-grupos-de-emergencia\/#respond\"]}]},{\"@type\":\"WebPage\",\"@id\":\"https:\/\/innoticiasbo.com\/index.php\/2024\/10\/24\/ante-la-falta-de-combustible-la-alcaldia-prioriza-grupos-de-emergencia\/\",\"url\":\"https:\/\/innoticiasbo.com\/index.php\/2024\/10\/24\/ante-la-falta-de-combustible-la-alcaldia-prioriza-grupos-de-emergencia\/\",\"name\":\"ANTE LA FALTA DE COMBUSTIBLE LA ALCALD\u00cdA PRIORIZA GRUPOS DE EMERGENCIA - innoticiasbo.com\",\"isPartOf\":{\"@id\":\"https:\/\/innoticiasbo.com\/#website\"},\"primaryImageOfPage\":{\"@id\":\"https:\/\/innoticiasbo.com\/index.php\/2024\/10\/24\/ante-la-falta-de-combustible-la-alcaldia-prioriza-grupos-de-emergencia\/#primaryimage\"},\"image\":{\"@id\":\"https:\/\/innoticiasbo.com\/index.php\/2024\/10\/24\/ante-la-falta-de-combustible-la-alcaldia-prioriza-grupos-de-emergencia\/#primaryimage\"},\"thumbnailUrl\":\"https:\/\/i0.wp.com\/innoticiasbo.com\/wp-content\/uploads\/2024\/10\/IMG-20240802-WA0191.jpg?fit=2560%2C1441&ssl=1\",\"datePublished\":\"2024-10-24T16:14:02+00:00\",\"dateModified\":\"2024-10-24T16:14:19+00:00\",\"breadcrumb\":{\"@id\":\"https:\/\/innoticiasbo.com\/index.php\/2024\/10\/24\/ante-la-falta-de-combustible-la-alcaldia-prioriza-grupos-de-emergencia\/#breadcrumb\"},\"inLanguage\":\"es\",\"potentialAction\":[{\"@type\":\"ReadAction\",\"target\":[\"https:\/\/innoticiasbo.com\/index.php\/2024\/10\/24\/ante-la-falta-de-combustible-la-alcaldia-prioriza-grupos-de-emergencia\/\"]}]},{\"@type\":\"ImageObject\",\"inLanguage\":\"es\",\"@id\":\"https:\/\/innoticiasbo.com\/index.php\/2024\/10\/24\/ante-la-falta-de-combustible-la-alcaldia-prioriza-grupos-de-emergencia\/#primaryimage\",\"url\":\"https:\/\/i0.wp.com\/innoticiasbo.com\/wp-content\/uploads\/2024\/10\/IMG-20240802-WA0191.jpg?fit=2560%2C1441&ssl=1\",\"contentUrl\":\"https:\/\/i0.wp.com\/innoticiasbo.com\/wp-content\/uploads\/2024\/10\/IMG-20240802-WA0191.jpg?fit=2560%2C1441&ssl=1\",\"width\":2560,\"height\":1441},{\"@type\":\"BreadcrumbList\",\"@id\":\"https:\/\/innoticiasbo.com\/index.php\/2024\/10\/24\/ante-la-falta-de-combustible-la-alcaldia-prioriza-grupos-de-emergencia\/#breadcrumb\",\"itemListElement\":[{\"@type\":\"ListItem\",\"position\":1,\"name\":\"Portada\",\"item\":\"https:\/\/innoticiasbo.com\/\"},{\"@type\":\"ListItem\",\"position\":2,\"name\":\"ANTE LA FALTA DE COMBUSTIBLE LA ALCALD\u00cdA PRIORIZA GRUPOS DE EMERGENCIA\"}]},{\"@type\":\"WebSite\",\"@id\":\"https:\/\/innoticiasbo.com\/#website\",\"url\":\"https:\/\/innoticiasbo.com\/\",\"name\":\"innoticiasbo.com\",\"description\":\"\",\"publisher\":{\"@id\":\"https:\/\/innoticiasbo.com\/#organization\"},\"potentialAction\":[{\"@type\":\"SearchAction\",\"target\":{\"@type\":\"EntryPoint\",\"urlTemplate\":\"https:\/\/innoticiasbo.com\/?s={search_term_string}\"},\"query-input\":{\"@type\":\"PropertyValueSpecification\",\"valueRequired\":true,\"valueName\":\"search_term_string\"}}],\"inLanguage\":\"es\"},{\"@type\":\"Organization\",\"@id\":\"https:\/\/innoticiasbo.com\/#organization\",\"name\":\"innoticiasbo.com\",\"url\":\"https:\/\/innoticiasbo.com\/\",\"logo\":{\"@type\":\"ImageObject\",\"inLanguage\":\"es\",\"@id\":\"https:\/\/innoticiasbo.com\/#\/schema\/logo\/image\/\",\"url\":\"https:\/\/i0.wp.com\/innoticiasbo.com\/wp-content\/uploads\/2026\/04\/cropped-IN-LOGO.png?fit=1476%2C1476&ssl=1\",\"contentUrl\":\"https:\/\/i0.wp.com\/innoticiasbo.com\/wp-content\/uploads\/2026\/04\/cropped-IN-LOGO.png?fit=1476%2C1476&ssl=1\",\"width\":1476,\"height\":1476,\"caption\":\"innoticiasbo.com\"},\"image\":{\"@id\":\"https:\/\/innoticiasbo.com\/#\/schema\/logo\/image\/\"},\"sameAs\":[\"https:\/\/www.facebook.com\/innoticiasbolivia\",\"https:\/\/x.com\/innoticiasbo\",\"https:\/\/www.instagram.com\/innoticiasbo\",\"https:\/\/www.youtube.com\/innoticiasbo\"]},{\"@type\":\"Person\",\"@id\":\"https:\/\/innoticiasbo.com\/#\/schema\/person\/589cd527c4211df1b943bdad85ec07ce\",\"name\":\"Prensa\",\"image\":{\"@type\":\"ImageObject\",\"inLanguage\":\"es\",\"@id\":\"https:\/\/innoticiasbo.com\/#\/schema\/person\/image\/\",\"url\":\"https:\/\/secure.gravatar.com\/avatar\/d359bbdf112023c1c0a3ec7fe1600657?s=96&d=mm&r=g\",\"contentUrl\":\"https:\/\/secure.gravatar.com\/avatar\/d359bbdf112023c1c0a3ec7fe1600657?s=96&d=mm&r=g\",\"caption\":\"Prensa\"},\"sameAs\":[\"http:\/\/www.innoticiasbo.com\"],\"url\":\"https:\/\/innoticiasbo.com\/index.php\/author\/prensa\/\"}]}<\/script>\n<!-- \/ Yoast SEO plugin. -->","yoast_head_json":{"title":"ANTE LA FALTA DE COMBUSTIBLE LA ALCALD\u00cdA PRIORIZA GRUPOS DE EMERGENCIA - innoticiasbo.com","robots":{"index":"index","follow":"follow","max-snippet":"max-snippet:-1","max-image-preview":"max-image-preview:large","max-video-preview":"max-video-preview:-1"},"canonical":"https:\/\/innoticiasbo.com\/index.php\/2024\/10\/24\/ante-la-falta-de-combustible-la-alcaldia-prioriza-grupos-de-emergencia\/","og_locale":"es_ES","og_type":"article","og_title":"ANTE LA FALTA DE COMBUSTIBLE LA ALCALD\u00cdA PRIORIZA GRUPOS DE EMERGENCIA - innoticiasbo.com","og_description":"Cochabamba,&nbsp; 24 de octubre de 2024.- El secretario de Salud de la Alcald\u00eda de Cochabamba, An\u00edbal Cruz lament\u00f3 que la red de ambulancias del municipio est\u00e9 teniendo problemas para la adquisici\u00f3n de combustible, esto debido al bloqueo que se registra en el pa\u00eds. \u201cDesde antes de ayer estamos teniendo problemas con el tema de la...","og_url":"https:\/\/innoticiasbo.com\/index.php\/2024\/10\/24\/ante-la-falta-de-combustible-la-alcaldia-prioriza-grupos-de-emergencia\/","og_site_name":"innoticiasbo.com","article_publisher":"https:\/\/www.facebook.com\/innoticiasbolivia","article_published_time":"2024-10-24T16:14:02+00:00","article_modified_time":"2024-10-24T16:14:19+00:00","og_image":[{"width":2560,"height":1441,"url":"https:\/\/i0.wp.com\/innoticiasbo.com\/wp-content\/uploads\/2024\/10\/IMG-20240802-WA0191.jpg?fit=2560%2C1441&ssl=1","type":"image\/jpeg"}],"author":"Prensa","twitter_card":"summary_large_image","twitter_creator":"@innoticiasbo","twitter_site":"@innoticiasbo","twitter_misc":{"Escrito por":"Prensa","Tiempo de lectura":"1 minuto"},"schema":{"@context":"https:\/\/schema.org","@graph":[{"@type":"Article","@id":"https:\/\/innoticiasbo.com\/index.php\/2024\/10\/24\/ante-la-falta-de-combustible-la-alcaldia-prioriza-grupos-de-emergencia\/#article","isPartOf":{"@id":"https:\/\/innoticiasbo.com\/index.php\/2024\/10\/24\/ante-la-falta-de-combustible-la-alcaldia-prioriza-grupos-de-emergencia\/"},"author":{"name":"Prensa","@id":"https:\/\/innoticiasbo.com\/#\/schema\/person\/589cd527c4211df1b943bdad85ec07ce"},"headline":"ANTE LA FALTA DE COMBUSTIBLE LA ALCALD\u00cdA PRIORIZA GRUPOS DE EMERGENCIA","datePublished":"2024-10-24T16:14:02+00:00","dateModified":"2024-10-24T16:14:19+00:00","mainEntityOfPage":{"@id":"https:\/\/innoticiasbo.com\/index.php\/2024\/10\/24\/ante-la-falta-de-combustible-la-alcaldia-prioriza-grupos-de-emergencia\/"},"wordCount":267,"commentCount":0,"publisher":{"@id":"https:\/\/innoticiasbo.com\/#organization"},"image":{"@id":"https:\/\/innoticiasbo.com\/index.php\/2024\/10\/24\/ante-la-falta-de-combustible-la-alcaldia-prioriza-grupos-de-emergencia\/#primaryimage"},"thumbnailUrl":"https:\/\/i0.wp.com\/innoticiasbo.com\/wp-content\/uploads\/2024\/10\/IMG-20240802-WA0191.jpg?fit=2560%2C1441&ssl=1","articleSection":["Cochabamba"],"inLanguage":"es","potentialAction":[{"@type":"CommentAction","name":"Comment","target":["https:\/\/innoticiasbo.com\/index.php\/2024\/10\/24\/ante-la-falta-de-combustible-la-alcaldia-prioriza-grupos-de-emergencia\/#respond"]}]},{"@type":"WebPage","@id":"https:\/\/innoticiasbo.com\/index.php\/2024\/10\/24\/ante-la-falta-de-combustible-la-alcaldia-prioriza-grupos-de-emergencia\/","url":"https:\/\/innoticiasbo.com\/index.php\/2024\/10\/24\/ante-la-falta-de-combustible-la-alcaldia-prioriza-grupos-de-emergencia\/","name":"ANTE LA FALTA DE COMBUSTIBLE LA ALCALD\u00cdA PRIORIZA GRUPOS DE EMERGENCIA - innoticiasbo.com","isPartOf":{"@id":"https:\/\/innoticiasbo.com\/#website"},"primaryImageOfPage":{"@id":"https:\/\/innoticiasbo.com\/index.php\/2024\/10\/24\/ante-la-falta-de-combustible-la-alcaldia-prioriza-grupos-de-emergencia\/#primaryimage"},"image":{"@id":"https:\/\/innoticiasbo.com\/index.php\/2024\/10\/24\/ante-la-falta-de-combustible-la-alcaldia-prioriza-grupos-de-emergencia\/#primaryimage"},"thumbnailUrl":"https:\/\/i0.wp.com\/innoticiasbo.com\/wp-content\/uploads\/2024\/10\/IMG-20240802-WA0191.jpg?fit=2560%2C1441&ssl=1","datePublished":"2024-10-24T16:14:02+00:00","dateModified":"2024-10-24T16:14:19+00:00","breadcrumb":{"@id":"https:\/\/innoticiasbo.com\/index.php\/2024\/10\/24\/ante-la-falta-de-combustible-la-alcaldia-prioriza-grupos-de-emergencia\/#breadcrumb"},"inLanguage":"es","potentialAction":[{"@type":"ReadAction","target":["https:\/\/innoticiasbo.com\/index.php\/2024\/10\/24\/ante-la-falta-de-combustible-la-alcaldia-prioriza-grupos-de-emergencia\/"]}]},{"@type":"ImageObject","inLanguage":"es","@id":"https:\/\/innoticiasbo.com\/index.php\/2024\/10\/24\/ante-la-falta-de-combustible-la-alcaldia-prioriza-grupos-de-emergencia\/#primaryimage","url":"https:\/\/i0.wp.com\/innoticiasbo.com\/wp-content\/uploads\/2024\/10\/IMG-20240802-WA0191.jpg?fit=2560%2C1441&ssl=1","contentUrl":"https:\/\/i0.wp.com\/innoticiasbo.com\/wp-content\/uploads\/2024\/10\/IMG-20240802-WA0191.jpg?fit=2560%2C1441&ssl=1","width":2560,"height":1441},{"@type":"BreadcrumbList","@id":"https:\/\/innoticiasbo.com\/index.php\/2024\/10\/24\/ante-la-falta-de-combustible-la-alcaldia-prioriza-grupos-de-emergencia\/#breadcrumb","itemListElement":[{"@type":"ListItem","position":1,"name":"Portada","item":"https:\/\/innoticiasbo.com\/"},{"@type":"ListItem","position":2,"name":"ANTE LA FALTA DE COMBUSTIBLE LA ALCALD\u00cdA PRIORIZA GRUPOS DE EMERGENCIA"}]},{"@type":"WebSite","@id":"https:\/\/innoticiasbo.com\/#website","url":"https:\/\/innoticiasbo.com\/","name":"innoticiasbo.com","description":"","publisher":{"@id":"https:\/\/innoticiasbo.com\/#organization"},"potentialAction":[{"@type":"SearchAction","target":{"@type":"EntryPoint","urlTemplate":"https:\/\/innoticiasbo.com\/?s={search_term_string}"},"query-input":{"@type":"PropertyValueSpecification","valueRequired":true,"valueName":"search_term_string"}}],"inLanguage":"es"},{"@type":"Organization","@id":"https:\/\/innoticiasbo.com\/#organization","name":"innoticiasbo.com","url":"https:\/\/innoticiasbo.com\/","logo":{"@type":"ImageObject","inLanguage":"es","@id":"https:\/\/innoticiasbo.com\/#\/schema\/logo\/image\/","url":"https:\/\/i0.wp.com\/innoticiasbo.com\/wp-content\/uploads\/2026\/04\/cropped-IN-LOGO.png?fit=1476%2C1476&ssl=1","contentUrl":"https:\/\/i0.wp.com\/innoticiasbo.com\/wp-content\/uploads\/2026\/04\/cropped-IN-LOGO.png?fit=1476%2C1476&ssl=1","width":1476,"height":1476,"caption":"innoticiasbo.com"},"image":{"@id":"https:\/\/innoticiasbo.com\/#\/schema\/logo\/image\/"},"sameAs":["https:\/\/www.facebook.com\/innoticiasbolivia","https:\/\/x.com\/innoticiasbo","https:\/\/www.instagram.com\/innoticiasbo","https:\/\/www.youtube.com\/innoticiasbo"]},{"@type":"Person","@id":"https:\/\/innoticiasbo.com\/#\/schema\/person\/589cd527c4211df1b943bdad85ec07ce","name":"Prensa","image":{"@type":"ImageObject","inLanguage":"es","@id":"https:\/\/innoticiasbo.com\/#\/schema\/person\/image\/","url":"https:\/\/secure.gravatar.com\/avatar\/d359bbdf112023c1c0a3ec7fe1600657?s=96&d=mm&r=g","contentUrl":"https:\/\/secure.gravatar.com\/avatar\/d359bbdf112023c1c0a3ec7fe1600657?s=96&d=mm&r=g","caption":"Prensa"},"sameAs":["http:\/\/www.innoticiasbo.com"],"url":"https:\/\/innoticiasbo.com\/index.php\/author\/prensa\/"}]}},"jetpack_featured_media_url":"https:\/\/i0.wp.com\/innoticiasbo.com\/wp-content\/uploads\/2024\/10\/IMG-20240802-WA0191.jpg?fit=2560%2C1441&ssl=1","jetpack_likes_enabled":true,"jetpack_sharing_enabled":true,"jetpack_shortlink":"https:\/\/wp.me\/pg298x-qZ","_links":{"self":[{"href":"https:\/\/innoticiasbo.com\/index.php\/wp-json\/wp\/v2\/posts\/1673","targetHints":{"allow":["GET"]}}],"collection":[{"href":"https:\/\/innoticiasbo.com\/index.php\/wp-json\/wp\/v2\/posts"}],"about":[{"href":"https:\/\/innoticiasbo.com\/index.php\/wp-json\/wp\/v2\/types\/post"}],"author":[{"embeddable":true,"href":"https:\/\/innoticiasbo.com\/index.php\/wp-json\/wp\/v2\/users\/2"}],"replies":[{"embeddable":true,"href":"https:\/\/innoticiasbo.com\/index.php\/wp-json\/wp\/v2\/comments?post=1673"}],"version-history":[{"count":1,"href":"https:\/\/innoticiasbo.com\/index.php\/wp-json\/wp\/v2\/posts\/1673\/revisions"}],"predecessor-version":[{"id":1674,"href":"https:\/\/innoticiasbo.com\/index.php\/wp-json\/wp\/v2\/posts\/1673\/revisions\/1674"}],"wp:featuredmedia":[{"embeddable":true,"href":"https:\/\/innoticiasbo.com\/index.php\/wp-json\/wp\/v2\/media\/1672"}],"wp:attachment":[{"href":"https:\/\/innoticiasbo.com\/index.php\/wp-json\/wp\/v2\/media?parent=1673"}],"wp:term":[{"taxonomy":"category","embeddable":true,"href":"https:\/\/innoticiasbo.com\/index.php\/wp-json\/wp\/v2\/categories?post=1673"},{"taxonomy":"post_tag","embeddable":true,"href":"https:\/\/innoticiasbo.com\/index.php\/wp-json\/wp\/v2\/tags?post=1673"}],"curies":[{"name":"wp","href":"https:\/\/api.w.org\/{rel}","templated":true}]}}