{"id":1619,"date":"2024-10-23T00:01:55","date_gmt":"2024-10-23T00:01:55","guid":{"rendered":"https:\/\/innoticiasbo.com\/?p=1619"},"modified":"2024-10-23T00:01:55","modified_gmt":"2024-10-23T00:01:55","slug":"directora-provisoria-de-comteco-sostiene-que-su-representacion-fue-validada-por-un-auto-del-tribunal-constitucional","status":"publish","type":"post","link":"https:\/\/innoticiasbo.com\/index.php\/2024\/10\/23\/directora-provisoria-de-comteco-sostiene-que-su-representacion-fue-validada-por-un-auto-del-tribunal-constitucional\/","title":{"rendered":"DIRECTORA PROVISORIA DE COMTECO SOSTIENE QUE SU REPRESENTACI\u00d3N FUE VALIDADA POR UN AUTO DEL TRIBUNAL CONSTITUCIONAL"},"content":{"rendered":"\n<p>Cochabamba, 22 de octubre de 2024.- La directora provisoria del Consejo de Administracion de COMTECO, Carola Torrico, explic\u00f3 la situaci\u00f3n actual de la empresa que encara dificultades econ\u00f3micas, a tiempo de denunciar que existen procesos penales que se est\u00e1 siguiendo a ex directivos y terceros y anunci\u00f3 las estrategias y proyectos que se est\u00e1n implementando para mantener la viabilidad de COMTECO.<\/p>\n\n\n\n<figure class=\"wp-block-image size-large\"><img data-recalc-dims=\"1\" loading=\"lazy\" decoding=\"async\" width=\"640\" height=\"426\" src=\"https:\/\/i0.wp.com\/innoticiasbo.com\/wp-content\/uploads\/2024\/10\/img_28417757983217860686228.jpg?resize=640%2C426&#038;ssl=1\" alt=\"\" class=\"wp-image-1617\" srcset=\"https:\/\/i0.wp.com\/innoticiasbo.com\/wp-content\/uploads\/2024\/10\/img_28417757983217860686228.jpg?resize=1024%2C682&amp;ssl=1 1024w, https:\/\/i0.wp.com\/innoticiasbo.com\/wp-content\/uploads\/2024\/10\/img_28417757983217860686228.jpg?resize=300%2C200&amp;ssl=1 300w, https:\/\/i0.wp.com\/innoticiasbo.com\/wp-content\/uploads\/2024\/10\/img_28417757983217860686228.jpg?resize=768%2C512&amp;ssl=1 768w, https:\/\/i0.wp.com\/innoticiasbo.com\/wp-content\/uploads\/2024\/10\/img_28417757983217860686228.jpg?resize=1536%2C1024&amp;ssl=1 1536w, https:\/\/i0.wp.com\/innoticiasbo.com\/wp-content\/uploads\/2024\/10\/img_28417757983217860686228.jpg?resize=600%2C400&amp;ssl=1 600w, https:\/\/i0.wp.com\/innoticiasbo.com\/wp-content\/uploads\/2024\/10\/img_28417757983217860686228.jpg?w=2000&amp;ssl=1 2000w, https:\/\/i0.wp.com\/innoticiasbo.com\/wp-content\/uploads\/2024\/10\/img_28417757983217860686228.jpg?w=1280&amp;ssl=1 1280w, https:\/\/i0.wp.com\/innoticiasbo.com\/wp-content\/uploads\/2024\/10\/img_28417757983217860686228.jpg?w=1920&amp;ssl=1 1920w\" sizes=\"auto, (max-width: 640px) 100vw, 640px\" \/><\/figure>\n\n\n\n<p>La autoridad afirm\u00f3 que existe un proceso de desinformaci\u00f3n respecto a lac condici\u00f3n de Carola Torrico Ortega como directora provisoria de Comteco. Explic\u00f3 que evidentemente dicha figura no est\u00e1 contemplada en el Estatuto ni en la Ley 356 de Cooperativas; sin embargo sostuvo que \u201ceste debate ha sido resuelto de manera definitiva por el Tribunal Constitucional Plurinacional a trav\u00e9s del Auto Constitucional 241\/2024-CA\/S del 5 de septiembre de 2024\u201d que le otorg\u00f3 tutela.<\/p>\n\n\n\n<p>Por otra parte medianate un comunicado la referida autoridad denunci\u00f3 que \u201cel Director Ejecutivo de la Autoridad de Fiscalizaci\u00f3n y Control de Cooperativas (AFCOOP), Alejandro Ajata Cachaca, junto con representantes del Banco Econ\u00f3mico S.A. y el Banco Solidario S.A., han tomado decisiones altamente irregulares y malintencionadas al desobedecer mandatos constitucionales, pero particularmente este Auto Constitucional, al negarse a reconocer la calidad de representante de la Dra. Torrico. Esta situaci\u00f3n contraviene no solo la normativa vigente en el pa\u00eds, sino que tambi\u00e9n pone en riesgo el funcionamiento y giro de nuestra cooperativa\u201d, puntualiza la nota de prensa de\u00a0 esa instituci\u00f3n.<\/p>\n\n\n\n<p>Desde la Direcci\u00f3n Provisoria de COMTECO denunciaron que existir\u00eda acoso pol\u00edtico contra la directora Carola Torrico por parte de Edwin Gamal Serham Jaldin y Jorge Antonio Buitrago Moscoso quienes estar\u00edan desclaificando su labor en entrevistas en medios de comunicaci\u00f3n, a tiempo de anunciar que presentaron una denuncia formal que fue admitida y en la que \u201cse han otorgado medidas de protecci\u00f3n para salvaguardar los derechos pol\u00edticos de la Dra. Carola Torrico\u201d.<\/p>\n\n\n\n<p>Finalmente torrico sostuvo que el objetivo de su gesti\u00f3n es \u201cgarantizar un ambiente de trabajo, continuidad en la gesti\u00f3n y un proceso electoral transparente en COMTECO R.L\u201d por lo que no permitir\u00e1n que se interfiera en la gesti\u00f3n, por lo que exhortan a todos los involucrados a respetar el marco legal y a contribuir al fortalecimiento la cooperativa.<\/p>\n","protected":false},"excerpt":{"rendered":"<p>Cochabamba, 22 de octubre de 2024.- La directora provisoria del Consejo de Administracion de COMTECO, Carola Torrico, explic\u00f3 la situaci\u00f3n actual de la empresa que encara dificultades econ\u00f3micas, a tiempo de denunciar que existen procesos penales que se est\u00e1 siguiendo a ex directivos y terceros y anunci\u00f3 las estrategias y proyectos que se est\u00e1n implementando&#8230;<\/p>\n","protected":false},"author":2,"featured_media":1618,"comment_status":"open","ping_status":"open","sticky":false,"template":"","format":"standard","meta":{"_jetpack_memberships_contains_paid_content":false,"footnotes":"","jetpack_publicize_message":"","jetpack_publicize_feature_enabled":true,"jetpack_social_post_already_shared":true,"jetpack_social_options":{"image_generator_settings":{"template":"highway","enabled":false},"version":2}},"categories":[2,16],"tags":[],"class_list":["post-1619","post","type-post","status-publish","format-standard","has-post-thumbnail","hentry","category-cochabamba","category-economia"],"jetpack_publicize_connections":[],"yoast_head":"<!-- This site is optimized with the Yoast SEO plugin v23.4 - https:\/\/yoast.com\/wordpress\/plugins\/seo\/ -->\n<title>DIRECTORA PROVISORIA DE COMTECO SOSTIENE QUE SU REPRESENTACI\u00d3N FUE VALIDADA POR UN AUTO DEL TRIBUNAL CONSTITUCIONAL - innoticiasbo.com<\/title>\n<meta name=\"robots\" content=\"index, follow, max-snippet:-1, max-image-preview:large, max-video-preview:-1\" \/>\n<link rel=\"canonical\" href=\"https:\/\/innoticiasbo.com\/index.php\/2024\/10\/23\/directora-provisoria-de-comteco-sostiene-que-su-representacion-fue-validada-por-un-auto-del-tribunal-constitucional\/\" \/>\n<meta property=\"og:locale\" content=\"es_ES\" \/>\n<meta property=\"og:type\" content=\"article\" \/>\n<meta property=\"og:title\" content=\"DIRECTORA PROVISORIA DE COMTECO SOSTIENE QUE SU REPRESENTACI\u00d3N FUE VALIDADA POR UN AUTO DEL TRIBUNAL CONSTITUCIONAL - innoticiasbo.com\" \/>\n<meta property=\"og:description\" content=\"Cochabamba, 22 de octubre de 2024.- La directora provisoria del Consejo de Administracion de COMTECO, Carola Torrico, explic\u00f3 la situaci\u00f3n actual de la empresa que encara dificultades econ\u00f3micas, a tiempo de denunciar que existen procesos penales que se est\u00e1 siguiendo a ex directivos y terceros y anunci\u00f3 las estrategias y proyectos que se est\u00e1n implementando...\" \/>\n<meta property=\"og:url\" content=\"https:\/\/innoticiasbo.com\/index.php\/2024\/10\/23\/directora-provisoria-de-comteco-sostiene-que-su-representacion-fue-validada-por-un-auto-del-tribunal-constitucional\/\" \/>\n<meta property=\"og:site_name\" content=\"innoticiasbo.com\" \/>\n<meta property=\"article:publisher\" content=\"https:\/\/www.facebook.com\/innoticiasbolivia\" \/>\n<meta property=\"article:published_time\" content=\"2024-10-23T00:01:55+00:00\" \/>\n<meta property=\"og:image\" content=\"https:\/\/i0.wp.com\/innoticiasbo.com\/wp-content\/uploads\/2024\/10\/IMG-20241022-WA0066.jpg?fit=1200%2C1600&ssl=1\" \/>\n\t<meta property=\"og:image:width\" content=\"1200\" \/>\n\t<meta property=\"og:image:height\" content=\"1600\" \/>\n\t<meta property=\"og:image:type\" content=\"image\/jpeg\" \/>\n<meta name=\"author\" content=\"Prensa\" \/>\n<meta name=\"twitter:card\" content=\"summary_large_image\" \/>\n<meta name=\"twitter:creator\" content=\"@innoticiasbo\" \/>\n<meta name=\"twitter:site\" content=\"@innoticiasbo\" \/>\n<meta name=\"twitter:label1\" content=\"Escrito por\" \/>\n\t<meta name=\"twitter:data1\" content=\"Prensa\" \/>\n\t<meta name=\"twitter:label2\" content=\"Tiempo de lectura\" \/>\n\t<meta name=\"twitter:data2\" content=\"2 minutos\" \/>\n<script type=\"application\/ld+json\" class=\"yoast-schema-graph\">{\"@context\":\"https:\/\/schema.org\",\"@graph\":[{\"@type\":\"Article\",\"@id\":\"https:\/\/innoticiasbo.com\/index.php\/2024\/10\/23\/directora-provisoria-de-comteco-sostiene-que-su-representacion-fue-validada-por-un-auto-del-tribunal-constitucional\/#article\",\"isPartOf\":{\"@id\":\"https:\/\/innoticiasbo.com\/index.php\/2024\/10\/23\/directora-provisoria-de-comteco-sostiene-que-su-representacion-fue-validada-por-un-auto-del-tribunal-constitucional\/\"},\"author\":{\"name\":\"Prensa\",\"@id\":\"https:\/\/innoticiasbo.com\/#\/schema\/person\/589cd527c4211df1b943bdad85ec07ce\"},\"headline\":\"DIRECTORA PROVISORIA DE COMTECO SOSTIENE QUE SU REPRESENTACI\u00d3N FUE VALIDADA POR UN AUTO DEL TRIBUNAL CONSTITUCIONAL\",\"datePublished\":\"2024-10-23T00:01:55+00:00\",\"dateModified\":\"2024-10-23T00:01:55+00:00\",\"mainEntityOfPage\":{\"@id\":\"https:\/\/innoticiasbo.com\/index.php\/2024\/10\/23\/directora-provisoria-de-comteco-sostiene-que-su-representacion-fue-validada-por-un-auto-del-tribunal-constitucional\/\"},\"wordCount\":402,\"commentCount\":0,\"publisher\":{\"@id\":\"https:\/\/innoticiasbo.com\/#organization\"},\"image\":{\"@id\":\"https:\/\/innoticiasbo.com\/index.php\/2024\/10\/23\/directora-provisoria-de-comteco-sostiene-que-su-representacion-fue-validada-por-un-auto-del-tribunal-constitucional\/#primaryimage\"},\"thumbnailUrl\":\"https:\/\/i0.wp.com\/innoticiasbo.com\/wp-content\/uploads\/2024\/10\/IMG-20241022-WA0066.jpg?fit=1200%2C1600&ssl=1\",\"articleSection\":[\"Cochabamba\",\"Econom\u00eda\"],\"inLanguage\":\"es\",\"potentialAction\":[{\"@type\":\"CommentAction\",\"name\":\"Comment\",\"target\":[\"https:\/\/innoticiasbo.com\/index.php\/2024\/10\/23\/directora-provisoria-de-comteco-sostiene-que-su-representacion-fue-validada-por-un-auto-del-tribunal-constitucional\/#respond\"]}]},{\"@type\":\"WebPage\",\"@id\":\"https:\/\/innoticiasbo.com\/index.php\/2024\/10\/23\/directora-provisoria-de-comteco-sostiene-que-su-representacion-fue-validada-por-un-auto-del-tribunal-constitucional\/\",\"url\":\"https:\/\/innoticiasbo.com\/index.php\/2024\/10\/23\/directora-provisoria-de-comteco-sostiene-que-su-representacion-fue-validada-por-un-auto-del-tribunal-constitucional\/\",\"name\":\"DIRECTORA PROVISORIA DE COMTECO SOSTIENE QUE SU REPRESENTACI\u00d3N FUE VALIDADA POR UN AUTO DEL TRIBUNAL CONSTITUCIONAL - innoticiasbo.com\",\"isPartOf\":{\"@id\":\"https:\/\/innoticiasbo.com\/#website\"},\"primaryImageOfPage\":{\"@id\":\"https:\/\/innoticiasbo.com\/index.php\/2024\/10\/23\/directora-provisoria-de-comteco-sostiene-que-su-representacion-fue-validada-por-un-auto-del-tribunal-constitucional\/#primaryimage\"},\"image\":{\"@id\":\"https:\/\/innoticiasbo.com\/index.php\/2024\/10\/23\/directora-provisoria-de-comteco-sostiene-que-su-representacion-fue-validada-por-un-auto-del-tribunal-constitucional\/#primaryimage\"},\"thumbnailUrl\":\"https:\/\/i0.wp.com\/innoticiasbo.com\/wp-content\/uploads\/2024\/10\/IMG-20241022-WA0066.jpg?fit=1200%2C1600&ssl=1\",\"datePublished\":\"2024-10-23T00:01:55+00:00\",\"dateModified\":\"2024-10-23T00:01:55+00:00\",\"breadcrumb\":{\"@id\":\"https:\/\/innoticiasbo.com\/index.php\/2024\/10\/23\/directora-provisoria-de-comteco-sostiene-que-su-representacion-fue-validada-por-un-auto-del-tribunal-constitucional\/#breadcrumb\"},\"inLanguage\":\"es\",\"potentialAction\":[{\"@type\":\"ReadAction\",\"target\":[\"https:\/\/innoticiasbo.com\/index.php\/2024\/10\/23\/directora-provisoria-de-comteco-sostiene-que-su-representacion-fue-validada-por-un-auto-del-tribunal-constitucional\/\"]}]},{\"@type\":\"ImageObject\",\"inLanguage\":\"es\",\"@id\":\"https:\/\/innoticiasbo.com\/index.php\/2024\/10\/23\/directora-provisoria-de-comteco-sostiene-que-su-representacion-fue-validada-por-un-auto-del-tribunal-constitucional\/#primaryimage\",\"url\":\"https:\/\/i0.wp.com\/innoticiasbo.com\/wp-content\/uploads\/2024\/10\/IMG-20241022-WA0066.jpg?fit=1200%2C1600&ssl=1\",\"contentUrl\":\"https:\/\/i0.wp.com\/innoticiasbo.com\/wp-content\/uploads\/2024\/10\/IMG-20241022-WA0066.jpg?fit=1200%2C1600&ssl=1\",\"width\":1200,\"height\":1600},{\"@type\":\"BreadcrumbList\",\"@id\":\"https:\/\/innoticiasbo.com\/index.php\/2024\/10\/23\/directora-provisoria-de-comteco-sostiene-que-su-representacion-fue-validada-por-un-auto-del-tribunal-constitucional\/#breadcrumb\",\"itemListElement\":[{\"@type\":\"ListItem\",\"position\":1,\"name\":\"Portada\",\"item\":\"https:\/\/innoticiasbo.com\/\"},{\"@type\":\"ListItem\",\"position\":2,\"name\":\"DIRECTORA PROVISORIA DE COMTECO SOSTIENE QUE SU REPRESENTACI\u00d3N FUE VALIDADA POR UN AUTO DEL TRIBUNAL CONSTITUCIONAL\"}]},{\"@type\":\"WebSite\",\"@id\":\"https:\/\/innoticiasbo.com\/#website\",\"url\":\"https:\/\/innoticiasbo.com\/\",\"name\":\"innoticiasbo.com\",\"description\":\"\",\"publisher\":{\"@id\":\"https:\/\/innoticiasbo.com\/#organization\"},\"potentialAction\":[{\"@type\":\"SearchAction\",\"target\":{\"@type\":\"EntryPoint\",\"urlTemplate\":\"https:\/\/innoticiasbo.com\/?s={search_term_string}\"},\"query-input\":{\"@type\":\"PropertyValueSpecification\",\"valueRequired\":true,\"valueName\":\"search_term_string\"}}],\"inLanguage\":\"es\"},{\"@type\":\"Organization\",\"@id\":\"https:\/\/innoticiasbo.com\/#organization\",\"name\":\"innoticiasbo.com\",\"url\":\"https:\/\/innoticiasbo.com\/\",\"logo\":{\"@type\":\"ImageObject\",\"inLanguage\":\"es\",\"@id\":\"https:\/\/innoticiasbo.com\/#\/schema\/logo\/image\/\",\"url\":\"https:\/\/i0.wp.com\/innoticiasbo.com\/wp-content\/uploads\/2026\/04\/cropped-IN-LOGO.png?fit=1476%2C1476&ssl=1\",\"contentUrl\":\"https:\/\/i0.wp.com\/innoticiasbo.com\/wp-content\/uploads\/2026\/04\/cropped-IN-LOGO.png?fit=1476%2C1476&ssl=1\",\"width\":1476,\"height\":1476,\"caption\":\"innoticiasbo.com\"},\"image\":{\"@id\":\"https:\/\/innoticiasbo.com\/#\/schema\/logo\/image\/\"},\"sameAs\":[\"https:\/\/www.facebook.com\/innoticiasbolivia\",\"https:\/\/x.com\/innoticiasbo\",\"https:\/\/www.instagram.com\/innoticiasbo\",\"https:\/\/www.youtube.com\/innoticiasbo\"]},{\"@type\":\"Person\",\"@id\":\"https:\/\/innoticiasbo.com\/#\/schema\/person\/589cd527c4211df1b943bdad85ec07ce\",\"name\":\"Prensa\",\"image\":{\"@type\":\"ImageObject\",\"inLanguage\":\"es\",\"@id\":\"https:\/\/innoticiasbo.com\/#\/schema\/person\/image\/\",\"url\":\"https:\/\/secure.gravatar.com\/avatar\/d359bbdf112023c1c0a3ec7fe1600657?s=96&d=mm&r=g\",\"contentUrl\":\"https:\/\/secure.gravatar.com\/avatar\/d359bbdf112023c1c0a3ec7fe1600657?s=96&d=mm&r=g\",\"caption\":\"Prensa\"},\"sameAs\":[\"http:\/\/www.innoticiasbo.com\"],\"url\":\"https:\/\/innoticiasbo.com\/index.php\/author\/prensa\/\"}]}<\/script>\n<!-- \/ Yoast SEO plugin. -->","yoast_head_json":{"title":"DIRECTORA PROVISORIA DE COMTECO SOSTIENE QUE SU REPRESENTACI\u00d3N FUE VALIDADA POR UN AUTO DEL TRIBUNAL CONSTITUCIONAL - innoticiasbo.com","robots":{"index":"index","follow":"follow","max-snippet":"max-snippet:-1","max-image-preview":"max-image-preview:large","max-video-preview":"max-video-preview:-1"},"canonical":"https:\/\/innoticiasbo.com\/index.php\/2024\/10\/23\/directora-provisoria-de-comteco-sostiene-que-su-representacion-fue-validada-por-un-auto-del-tribunal-constitucional\/","og_locale":"es_ES","og_type":"article","og_title":"DIRECTORA PROVISORIA DE COMTECO SOSTIENE QUE SU REPRESENTACI\u00d3N FUE VALIDADA POR UN AUTO DEL TRIBUNAL CONSTITUCIONAL - innoticiasbo.com","og_description":"Cochabamba, 22 de octubre de 2024.- La directora provisoria del Consejo de Administracion de COMTECO, Carola Torrico, explic\u00f3 la situaci\u00f3n actual de la empresa que encara dificultades econ\u00f3micas, a tiempo de denunciar que existen procesos penales que se est\u00e1 siguiendo a ex directivos y terceros y anunci\u00f3 las estrategias y proyectos que se est\u00e1n implementando...","og_url":"https:\/\/innoticiasbo.com\/index.php\/2024\/10\/23\/directora-provisoria-de-comteco-sostiene-que-su-representacion-fue-validada-por-un-auto-del-tribunal-constitucional\/","og_site_name":"innoticiasbo.com","article_publisher":"https:\/\/www.facebook.com\/innoticiasbolivia","article_published_time":"2024-10-23T00:01:55+00:00","og_image":[{"width":1200,"height":1600,"url":"https:\/\/i0.wp.com\/innoticiasbo.com\/wp-content\/uploads\/2024\/10\/IMG-20241022-WA0066.jpg?fit=1200%2C1600&ssl=1","type":"image\/jpeg"}],"author":"Prensa","twitter_card":"summary_large_image","twitter_creator":"@innoticiasbo","twitter_site":"@innoticiasbo","twitter_misc":{"Escrito por":"Prensa","Tiempo de lectura":"2 minutos"},"schema":{"@context":"https:\/\/schema.org","@graph":[{"@type":"Article","@id":"https:\/\/innoticiasbo.com\/index.php\/2024\/10\/23\/directora-provisoria-de-comteco-sostiene-que-su-representacion-fue-validada-por-un-auto-del-tribunal-constitucional\/#article","isPartOf":{"@id":"https:\/\/innoticiasbo.com\/index.php\/2024\/10\/23\/directora-provisoria-de-comteco-sostiene-que-su-representacion-fue-validada-por-un-auto-del-tribunal-constitucional\/"},"author":{"name":"Prensa","@id":"https:\/\/innoticiasbo.com\/#\/schema\/person\/589cd527c4211df1b943bdad85ec07ce"},"headline":"DIRECTORA PROVISORIA DE COMTECO SOSTIENE QUE SU REPRESENTACI\u00d3N FUE VALIDADA POR UN AUTO DEL TRIBUNAL CONSTITUCIONAL","datePublished":"2024-10-23T00:01:55+00:00","dateModified":"2024-10-23T00:01:55+00:00","mainEntityOfPage":{"@id":"https:\/\/innoticiasbo.com\/index.php\/2024\/10\/23\/directora-provisoria-de-comteco-sostiene-que-su-representacion-fue-validada-por-un-auto-del-tribunal-constitucional\/"},"wordCount":402,"commentCount":0,"publisher":{"@id":"https:\/\/innoticiasbo.com\/#organization"},"image":{"@id":"https:\/\/innoticiasbo.com\/index.php\/2024\/10\/23\/directora-provisoria-de-comteco-sostiene-que-su-representacion-fue-validada-por-un-auto-del-tribunal-constitucional\/#primaryimage"},"thumbnailUrl":"https:\/\/i0.wp.com\/innoticiasbo.com\/wp-content\/uploads\/2024\/10\/IMG-20241022-WA0066.jpg?fit=1200%2C1600&ssl=1","articleSection":["Cochabamba","Econom\u00eda"],"inLanguage":"es","potentialAction":[{"@type":"CommentAction","name":"Comment","target":["https:\/\/innoticiasbo.com\/index.php\/2024\/10\/23\/directora-provisoria-de-comteco-sostiene-que-su-representacion-fue-validada-por-un-auto-del-tribunal-constitucional\/#respond"]}]},{"@type":"WebPage","@id":"https:\/\/innoticiasbo.com\/index.php\/2024\/10\/23\/directora-provisoria-de-comteco-sostiene-que-su-representacion-fue-validada-por-un-auto-del-tribunal-constitucional\/","url":"https:\/\/innoticiasbo.com\/index.php\/2024\/10\/23\/directora-provisoria-de-comteco-sostiene-que-su-representacion-fue-validada-por-un-auto-del-tribunal-constitucional\/","name":"DIRECTORA PROVISORIA DE COMTECO SOSTIENE QUE SU REPRESENTACI\u00d3N FUE VALIDADA POR UN AUTO DEL TRIBUNAL CONSTITUCIONAL - innoticiasbo.com","isPartOf":{"@id":"https:\/\/innoticiasbo.com\/#website"},"primaryImageOfPage":{"@id":"https:\/\/innoticiasbo.com\/index.php\/2024\/10\/23\/directora-provisoria-de-comteco-sostiene-que-su-representacion-fue-validada-por-un-auto-del-tribunal-constitucional\/#primaryimage"},"image":{"@id":"https:\/\/innoticiasbo.com\/index.php\/2024\/10\/23\/directora-provisoria-de-comteco-sostiene-que-su-representacion-fue-validada-por-un-auto-del-tribunal-constitucional\/#primaryimage"},"thumbnailUrl":"https:\/\/i0.wp.com\/innoticiasbo.com\/wp-content\/uploads\/2024\/10\/IMG-20241022-WA0066.jpg?fit=1200%2C1600&ssl=1","datePublished":"2024-10-23T00:01:55+00:00","dateModified":"2024-10-23T00:01:55+00:00","breadcrumb":{"@id":"https:\/\/innoticiasbo.com\/index.php\/2024\/10\/23\/directora-provisoria-de-comteco-sostiene-que-su-representacion-fue-validada-por-un-auto-del-tribunal-constitucional\/#breadcrumb"},"inLanguage":"es","potentialAction":[{"@type":"ReadAction","target":["https:\/\/innoticiasbo.com\/index.php\/2024\/10\/23\/directora-provisoria-de-comteco-sostiene-que-su-representacion-fue-validada-por-un-auto-del-tribunal-constitucional\/"]}]},{"@type":"ImageObject","inLanguage":"es","@id":"https:\/\/innoticiasbo.com\/index.php\/2024\/10\/23\/directora-provisoria-de-comteco-sostiene-que-su-representacion-fue-validada-por-un-auto-del-tribunal-constitucional\/#primaryimage","url":"https:\/\/i0.wp.com\/innoticiasbo.com\/wp-content\/uploads\/2024\/10\/IMG-20241022-WA0066.jpg?fit=1200%2C1600&ssl=1","contentUrl":"https:\/\/i0.wp.com\/innoticiasbo.com\/wp-content\/uploads\/2024\/10\/IMG-20241022-WA0066.jpg?fit=1200%2C1600&ssl=1","width":1200,"height":1600},{"@type":"BreadcrumbList","@id":"https:\/\/innoticiasbo.com\/index.php\/2024\/10\/23\/directora-provisoria-de-comteco-sostiene-que-su-representacion-fue-validada-por-un-auto-del-tribunal-constitucional\/#breadcrumb","itemListElement":[{"@type":"ListItem","position":1,"name":"Portada","item":"https:\/\/innoticiasbo.com\/"},{"@type":"ListItem","position":2,"name":"DIRECTORA PROVISORIA DE COMTECO SOSTIENE QUE SU REPRESENTACI\u00d3N FUE VALIDADA POR UN AUTO DEL TRIBUNAL CONSTITUCIONAL"}]},{"@type":"WebSite","@id":"https:\/\/innoticiasbo.com\/#website","url":"https:\/\/innoticiasbo.com\/","name":"innoticiasbo.com","description":"","publisher":{"@id":"https:\/\/innoticiasbo.com\/#organization"},"potentialAction":[{"@type":"SearchAction","target":{"@type":"EntryPoint","urlTemplate":"https:\/\/innoticiasbo.com\/?s={search_term_string}"},"query-input":{"@type":"PropertyValueSpecification","valueRequired":true,"valueName":"search_term_string"}}],"inLanguage":"es"},{"@type":"Organization","@id":"https:\/\/innoticiasbo.com\/#organization","name":"innoticiasbo.com","url":"https:\/\/innoticiasbo.com\/","logo":{"@type":"ImageObject","inLanguage":"es","@id":"https:\/\/innoticiasbo.com\/#\/schema\/logo\/image\/","url":"https:\/\/i0.wp.com\/innoticiasbo.com\/wp-content\/uploads\/2026\/04\/cropped-IN-LOGO.png?fit=1476%2C1476&ssl=1","contentUrl":"https:\/\/i0.wp.com\/innoticiasbo.com\/wp-content\/uploads\/2026\/04\/cropped-IN-LOGO.png?fit=1476%2C1476&ssl=1","width":1476,"height":1476,"caption":"innoticiasbo.com"},"image":{"@id":"https:\/\/innoticiasbo.com\/#\/schema\/logo\/image\/"},"sameAs":["https:\/\/www.facebook.com\/innoticiasbolivia","https:\/\/x.com\/innoticiasbo","https:\/\/www.instagram.com\/innoticiasbo","https:\/\/www.youtube.com\/innoticiasbo"]},{"@type":"Person","@id":"https:\/\/innoticiasbo.com\/#\/schema\/person\/589cd527c4211df1b943bdad85ec07ce","name":"Prensa","image":{"@type":"ImageObject","inLanguage":"es","@id":"https:\/\/innoticiasbo.com\/#\/schema\/person\/image\/","url":"https:\/\/secure.gravatar.com\/avatar\/d359bbdf112023c1c0a3ec7fe1600657?s=96&d=mm&r=g","contentUrl":"https:\/\/secure.gravatar.com\/avatar\/d359bbdf112023c1c0a3ec7fe1600657?s=96&d=mm&r=g","caption":"Prensa"},"sameAs":["http:\/\/www.innoticiasbo.com"],"url":"https:\/\/innoticiasbo.com\/index.php\/author\/prensa\/"}]}},"jetpack_featured_media_url":"https:\/\/i0.wp.com\/innoticiasbo.com\/wp-content\/uploads\/2024\/10\/IMG-20241022-WA0066.jpg?fit=1200%2C1600&ssl=1","jetpack_likes_enabled":true,"jetpack_sharing_enabled":true,"jetpack_shortlink":"https:\/\/wp.me\/pg298x-q7","_links":{"self":[{"href":"https:\/\/innoticiasbo.com\/index.php\/wp-json\/wp\/v2\/posts\/1619","targetHints":{"allow":["GET"]}}],"collection":[{"href":"https:\/\/innoticiasbo.com\/index.php\/wp-json\/wp\/v2\/posts"}],"about":[{"href":"https:\/\/innoticiasbo.com\/index.php\/wp-json\/wp\/v2\/types\/post"}],"author":[{"embeddable":true,"href":"https:\/\/innoticiasbo.com\/index.php\/wp-json\/wp\/v2\/users\/2"}],"replies":[{"embeddable":true,"href":"https:\/\/innoticiasbo.com\/index.php\/wp-json\/wp\/v2\/comments?post=1619"}],"version-history":[{"count":1,"href":"https:\/\/innoticiasbo.com\/index.php\/wp-json\/wp\/v2\/posts\/1619\/revisions"}],"predecessor-version":[{"id":1620,"href":"https:\/\/innoticiasbo.com\/index.php\/wp-json\/wp\/v2\/posts\/1619\/revisions\/1620"}],"wp:featuredmedia":[{"embeddable":true,"href":"https:\/\/innoticiasbo.com\/index.php\/wp-json\/wp\/v2\/media\/1618"}],"wp:attachment":[{"href":"https:\/\/innoticiasbo.com\/index.php\/wp-json\/wp\/v2\/media?parent=1619"}],"wp:term":[{"taxonomy":"category","embeddable":true,"href":"https:\/\/innoticiasbo.com\/index.php\/wp-json\/wp\/v2\/categories?post=1619"},{"taxonomy":"post_tag","embeddable":true,"href":"https:\/\/innoticiasbo.com\/index.php\/wp-json\/wp\/v2\/tags?post=1619"}],"curies":[{"name":"wp","href":"https:\/\/api.w.org\/{rel}","templated":true}]}}