{"id":1614,"date":"2024-10-22T22:44:12","date_gmt":"2024-10-22T22:44:12","guid":{"rendered":"https:\/\/innoticiasbo.com\/?p=1614"},"modified":"2024-10-22T22:45:06","modified_gmt":"2024-10-22T22:45:06","slug":"militares-decomisan-cabezas-de-ganado-y-azucar-en-puerto-acosta-valuados-en-ba-159-000","status":"publish","type":"post","link":"https:\/\/innoticiasbo.com\/index.php\/2024\/10\/22\/militares-decomisan-cabezas-de-ganado-y-azucar-en-puerto-acosta-valuados-en-ba-159-000\/","title":{"rendered":"MILITARES DECOMISAN CABEZAS DE GANADO Y AZ\u00daCAR EN PUERTO ACOSTA VALUADOS EN BS. 159.000"},"content":{"rendered":"\n<p>La Paz, 22 de octubre de 2024.- El Viceministro de Lucha Contra el Contrabando, Cnl. DAEN. Luis Amilcar Vel\u00e1squez Burgoa, inform\u00f3 que el Comando Estrat\u00e9gico Operacional de Lucha Contra el Contrabando (CEO-LCC) realiz\u00f3 en las \u00faltimas horas, el decomiso de siete cabezas de ganado en pie y 250 qq (quintales) de az\u00facar valuados en Bs159.000 en la zona de Puerto Acosta en el departamento de La Paz.<\/p>\n\n\n\n<figure class=\"wp-block-image size-large\"><img data-recalc-dims=\"1\" loading=\"lazy\" decoding=\"async\" width=\"640\" height=\"363\" src=\"https:\/\/i0.wp.com\/innoticiasbo.com\/wp-content\/uploads\/2024\/10\/img-20241022-wa00908540028708396688484.jpg?resize=640%2C363&#038;ssl=1\" alt=\"\" class=\"wp-image-1609\" srcset=\"https:\/\/i0.wp.com\/innoticiasbo.com\/wp-content\/uploads\/2024\/10\/img-20241022-wa00908540028708396688484.jpg?resize=1024%2C580&amp;ssl=1 1024w, https:\/\/i0.wp.com\/innoticiasbo.com\/wp-content\/uploads\/2024\/10\/img-20241022-wa00908540028708396688484.jpg?resize=300%2C170&amp;ssl=1 300w, https:\/\/i0.wp.com\/innoticiasbo.com\/wp-content\/uploads\/2024\/10\/img-20241022-wa00908540028708396688484.jpg?resize=768%2C435&amp;ssl=1 768w, https:\/\/i0.wp.com\/innoticiasbo.com\/wp-content\/uploads\/2024\/10\/img-20241022-wa00908540028708396688484.jpg?w=1080&amp;ssl=1 1080w\" sizes=\"auto, (max-width: 640px) 100vw, 640px\" \/><\/figure>\n\n\n\n<figure class=\"wp-block-image\"><img data-recalc-dims=\"1\" loading=\"lazy\" decoding=\"async\" width=\"640\" height=\"853\" src=\"https:\/\/i0.wp.com\/innoticiasbo.com\/wp-content\/uploads\/2024\/10\/img-20241022-wa0087158977096688286572.jpg?resize=640%2C853&#038;ssl=1\" alt=\"\" class=\"wp-image-1610\" srcset=\"https:\/\/i0.wp.com\/innoticiasbo.com\/wp-content\/uploads\/2024\/10\/img-20241022-wa0087158977096688286572.jpg?resize=768%2C1024&amp;ssl=1 768w, https:\/\/i0.wp.com\/innoticiasbo.com\/wp-content\/uploads\/2024\/10\/img-20241022-wa0087158977096688286572.jpg?resize=225%2C300&amp;ssl=1 225w, https:\/\/i0.wp.com\/innoticiasbo.com\/wp-content\/uploads\/2024\/10\/img-20241022-wa0087158977096688286572.jpg?resize=1152%2C1536&amp;ssl=1 1152w, https:\/\/i0.wp.com\/innoticiasbo.com\/wp-content\/uploads\/2024\/10\/img-20241022-wa0087158977096688286572.jpg?w=1200&amp;ssl=1 1200w\" sizes=\"auto, (max-width: 640px) 100vw, 640px\" \/><\/figure>\n\n\n\n<p>\u201cLa Fuerza de Tarea Conjunta (FTC) Agropecuaria del CEO-LCC a primeras horas de este martes, al promediar las 00:10 hrs., decomis\u00f3 siete cabezas de ganado en pie que eran trasladadas en un cami\u00f3n Nissan C\u00f3ndor de color verde con blanco con placa de control 066-XLL en la localidad de Puerto Acosta, l\u00ednea de frontera con el Per\u00fa, con un valor aproximado de Bs84.000\u201d, explic\u00f3.<\/p>\n\n\n\n<p>Por otro lado, dijo que la misma FTC decomis\u00f3 en Puerto Acosta, un cami\u00f3n Volvo F-12 color verde con 250 qq de az\u00facar y cajas de galletas y pl\u00e1sticos, valuado en Bs75.000; haciendo un total de afectaci\u00f3n al contrabando a la inversa de aproximadamente Bs159.000.<\/p>\n\n\n\n<figure class=\"wp-block-image size-large\"><img data-recalc-dims=\"1\" loading=\"lazy\" decoding=\"async\" width=\"640\" height=\"853\" src=\"https:\/\/i0.wp.com\/innoticiasbo.com\/wp-content\/uploads\/2024\/10\/img-20241022-wa0089249509449335505582.jpg?resize=640%2C853&#038;ssl=1\" alt=\"\" class=\"wp-image-1612\" srcset=\"https:\/\/i0.wp.com\/innoticiasbo.com\/wp-content\/uploads\/2024\/10\/img-20241022-wa0089249509449335505582.jpg?resize=768%2C1024&amp;ssl=1 768w, https:\/\/i0.wp.com\/innoticiasbo.com\/wp-content\/uploads\/2024\/10\/img-20241022-wa0089249509449335505582.jpg?resize=225%2C300&amp;ssl=1 225w, https:\/\/i0.wp.com\/innoticiasbo.com\/wp-content\/uploads\/2024\/10\/img-20241022-wa0089249509449335505582.jpg?resize=1152%2C1536&amp;ssl=1 1152w, https:\/\/i0.wp.com\/innoticiasbo.com\/wp-content\/uploads\/2024\/10\/img-20241022-wa0089249509449335505582.jpg?w=1200&amp;ssl=1 1200w\" sizes=\"auto, (max-width: 640px) 100vw, 640px\" \/><\/figure>\n\n\n\n<figure class=\"wp-block-image\"><img data-recalc-dims=\"1\" loading=\"lazy\" decoding=\"async\" width=\"640\" height=\"853\" src=\"https:\/\/i0.wp.com\/innoticiasbo.com\/wp-content\/uploads\/2024\/10\/img-20241022-wa00882867651604528568542.jpg?resize=640%2C853&#038;ssl=1\" alt=\"\" class=\"wp-image-1611\" srcset=\"https:\/\/i0.wp.com\/innoticiasbo.com\/wp-content\/uploads\/2024\/10\/img-20241022-wa00882867651604528568542.jpg?resize=768%2C1024&amp;ssl=1 768w, https:\/\/i0.wp.com\/innoticiasbo.com\/wp-content\/uploads\/2024\/10\/img-20241022-wa00882867651604528568542.jpg?resize=225%2C300&amp;ssl=1 225w, https:\/\/i0.wp.com\/innoticiasbo.com\/wp-content\/uploads\/2024\/10\/img-20241022-wa00882867651604528568542.jpg?resize=1152%2C1536&amp;ssl=1 1152w, https:\/\/i0.wp.com\/innoticiasbo.com\/wp-content\/uploads\/2024\/10\/img-20241022-wa00882867651604528568542.jpg?w=1200&amp;ssl=1 1200w\" sizes=\"auto, (max-width: 640px) 100vw, 640px\" \/><\/figure>\n\n\n\n<p>De esta manera sostuvo que se est\u00e1 garantizando la seguridad alimentaria y en especial la canasta familiar bajo la premisa del hermano Presidente, \u201cmano dura al contrabando\u201d.<\/p>\n\n\n\n<p>El Viceministerio de Lucha Contra el Contrabando, refrenda la seguridad alimentaria mediante una serie de operativos continuos y constantes de interdicci\u00f3n, en el marco del Decreto Supremo 5245, para evitar que alimentos como la carne y el az\u00facar salgan rumbo al Per\u00fa.<\/p>\n","protected":false},"excerpt":{"rendered":"<p>La Paz, 22 de octubre de 2024.- El Viceministro de Lucha Contra el Contrabando, Cnl. DAEN. Luis Amilcar Vel\u00e1squez Burgoa, inform\u00f3 que el Comando Estrat\u00e9gico Operacional de Lucha Contra el Contrabando (CEO-LCC) realiz\u00f3 en las \u00faltimas horas, el decomiso de siete cabezas de ganado en pie y 250 qq (quintales) de az\u00facar valuados en Bs159.000&#8230;<\/p>\n","protected":false},"author":2,"featured_media":1613,"comment_status":"open","ping_status":"open","sticky":false,"template":"","format":"standard","meta":{"_jetpack_memberships_contains_paid_content":false,"footnotes":"","jetpack_publicize_message":"","jetpack_publicize_feature_enabled":true,"jetpack_social_post_already_shared":true,"jetpack_social_options":{"image_generator_settings":{"template":"highway","enabled":false},"version":2}},"categories":[1,16],"tags":[],"class_list":["post-1614","post","type-post","status-publish","format-standard","has-post-thumbnail","hentry","category-bolivia","category-economia"],"jetpack_publicize_connections":[],"yoast_head":"<!-- This site is optimized with the Yoast SEO plugin v23.4 - https:\/\/yoast.com\/wordpress\/plugins\/seo\/ -->\n<title>MILITARES DECOMISAN CABEZAS DE GANADO Y AZ\u00daCAR EN PUERTO ACOSTA VALUADOS EN BS. 159.000 - innoticiasbo.com<\/title>\n<meta name=\"robots\" content=\"index, follow, max-snippet:-1, max-image-preview:large, max-video-preview:-1\" \/>\n<link rel=\"canonical\" href=\"https:\/\/innoticiasbo.com\/index.php\/2024\/10\/22\/militares-decomisan-cabezas-de-ganado-y-azucar-en-puerto-acosta-valuados-en-ba-159-000\/\" \/>\n<meta property=\"og:locale\" content=\"es_ES\" \/>\n<meta property=\"og:type\" content=\"article\" \/>\n<meta property=\"og:title\" content=\"MILITARES DECOMISAN CABEZAS DE GANADO Y AZ\u00daCAR EN PUERTO ACOSTA VALUADOS EN BS. 159.000 - innoticiasbo.com\" \/>\n<meta property=\"og:description\" content=\"La Paz, 22 de octubre de 2024.- El Viceministro de Lucha Contra el Contrabando, Cnl. DAEN. Luis Amilcar Vel\u00e1squez Burgoa, inform\u00f3 que el Comando Estrat\u00e9gico Operacional de Lucha Contra el Contrabando (CEO-LCC) realiz\u00f3 en las \u00faltimas horas, el decomiso de siete cabezas de ganado en pie y 250 qq (quintales) de az\u00facar valuados en Bs159.000...\" \/>\n<meta property=\"og:url\" content=\"https:\/\/innoticiasbo.com\/index.php\/2024\/10\/22\/militares-decomisan-cabezas-de-ganado-y-azucar-en-puerto-acosta-valuados-en-ba-159-000\/\" \/>\n<meta property=\"og:site_name\" content=\"innoticiasbo.com\" \/>\n<meta property=\"article:publisher\" content=\"https:\/\/www.facebook.com\/innoticiasbolivia\" \/>\n<meta property=\"article:published_time\" content=\"2024-10-22T22:44:12+00:00\" \/>\n<meta property=\"article:modified_time\" content=\"2024-10-22T22:45:06+00:00\" \/>\n<meta property=\"og:image\" content=\"https:\/\/i0.wp.com\/innoticiasbo.com\/wp-content\/uploads\/2024\/10\/IMG-20241022-WA0086.jpg?fit=1600%2C1200&ssl=1\" \/>\n\t<meta property=\"og:image:width\" content=\"1600\" \/>\n\t<meta property=\"og:image:height\" content=\"1200\" \/>\n\t<meta property=\"og:image:type\" content=\"image\/jpeg\" \/>\n<meta name=\"author\" content=\"Prensa\" \/>\n<meta name=\"twitter:card\" content=\"summary_large_image\" \/>\n<meta name=\"twitter:creator\" content=\"@innoticiasbo\" \/>\n<meta name=\"twitter:site\" content=\"@innoticiasbo\" \/>\n<meta name=\"twitter:label1\" content=\"Escrito por\" \/>\n\t<meta name=\"twitter:data1\" content=\"Prensa\" \/>\n\t<meta name=\"twitter:label2\" content=\"Tiempo de lectura\" \/>\n\t<meta name=\"twitter:data2\" content=\"1 minuto\" \/>\n<script type=\"application\/ld+json\" class=\"yoast-schema-graph\">{\"@context\":\"https:\/\/schema.org\",\"@graph\":[{\"@type\":\"Article\",\"@id\":\"https:\/\/innoticiasbo.com\/index.php\/2024\/10\/22\/militares-decomisan-cabezas-de-ganado-y-azucar-en-puerto-acosta-valuados-en-ba-159-000\/#article\",\"isPartOf\":{\"@id\":\"https:\/\/innoticiasbo.com\/index.php\/2024\/10\/22\/militares-decomisan-cabezas-de-ganado-y-azucar-en-puerto-acosta-valuados-en-ba-159-000\/\"},\"author\":{\"name\":\"Prensa\",\"@id\":\"https:\/\/innoticiasbo.com\/#\/schema\/person\/589cd527c4211df1b943bdad85ec07ce\"},\"headline\":\"MILITARES DECOMISAN CABEZAS DE GANADO Y AZ\u00daCAR EN PUERTO ACOSTA VALUADOS EN BS. 159.000\",\"datePublished\":\"2024-10-22T22:44:12+00:00\",\"dateModified\":\"2024-10-22T22:45:06+00:00\",\"mainEntityOfPage\":{\"@id\":\"https:\/\/innoticiasbo.com\/index.php\/2024\/10\/22\/militares-decomisan-cabezas-de-ganado-y-azucar-en-puerto-acosta-valuados-en-ba-159-000\/\"},\"wordCount\":266,\"commentCount\":0,\"publisher\":{\"@id\":\"https:\/\/innoticiasbo.com\/#organization\"},\"image\":{\"@id\":\"https:\/\/innoticiasbo.com\/index.php\/2024\/10\/22\/militares-decomisan-cabezas-de-ganado-y-azucar-en-puerto-acosta-valuados-en-ba-159-000\/#primaryimage\"},\"thumbnailUrl\":\"https:\/\/i0.wp.com\/innoticiasbo.com\/wp-content\/uploads\/2024\/10\/IMG-20241022-WA0086.jpg?fit=1600%2C1200&ssl=1\",\"articleSection\":[\"Bolivia\",\"Econom\u00eda\"],\"inLanguage\":\"es\",\"potentialAction\":[{\"@type\":\"CommentAction\",\"name\":\"Comment\",\"target\":[\"https:\/\/innoticiasbo.com\/index.php\/2024\/10\/22\/militares-decomisan-cabezas-de-ganado-y-azucar-en-puerto-acosta-valuados-en-ba-159-000\/#respond\"]}]},{\"@type\":\"WebPage\",\"@id\":\"https:\/\/innoticiasbo.com\/index.php\/2024\/10\/22\/militares-decomisan-cabezas-de-ganado-y-azucar-en-puerto-acosta-valuados-en-ba-159-000\/\",\"url\":\"https:\/\/innoticiasbo.com\/index.php\/2024\/10\/22\/militares-decomisan-cabezas-de-ganado-y-azucar-en-puerto-acosta-valuados-en-ba-159-000\/\",\"name\":\"MILITARES DECOMISAN CABEZAS DE GANADO Y AZ\u00daCAR EN PUERTO ACOSTA VALUADOS EN BS. 159.000 - innoticiasbo.com\",\"isPartOf\":{\"@id\":\"https:\/\/innoticiasbo.com\/#website\"},\"primaryImageOfPage\":{\"@id\":\"https:\/\/innoticiasbo.com\/index.php\/2024\/10\/22\/militares-decomisan-cabezas-de-ganado-y-azucar-en-puerto-acosta-valuados-en-ba-159-000\/#primaryimage\"},\"image\":{\"@id\":\"https:\/\/innoticiasbo.com\/index.php\/2024\/10\/22\/militares-decomisan-cabezas-de-ganado-y-azucar-en-puerto-acosta-valuados-en-ba-159-000\/#primaryimage\"},\"thumbnailUrl\":\"https:\/\/i0.wp.com\/innoticiasbo.com\/wp-content\/uploads\/2024\/10\/IMG-20241022-WA0086.jpg?fit=1600%2C1200&ssl=1\",\"datePublished\":\"2024-10-22T22:44:12+00:00\",\"dateModified\":\"2024-10-22T22:45:06+00:00\",\"breadcrumb\":{\"@id\":\"https:\/\/innoticiasbo.com\/index.php\/2024\/10\/22\/militares-decomisan-cabezas-de-ganado-y-azucar-en-puerto-acosta-valuados-en-ba-159-000\/#breadcrumb\"},\"inLanguage\":\"es\",\"potentialAction\":[{\"@type\":\"ReadAction\",\"target\":[\"https:\/\/innoticiasbo.com\/index.php\/2024\/10\/22\/militares-decomisan-cabezas-de-ganado-y-azucar-en-puerto-acosta-valuados-en-ba-159-000\/\"]}]},{\"@type\":\"ImageObject\",\"inLanguage\":\"es\",\"@id\":\"https:\/\/innoticiasbo.com\/index.php\/2024\/10\/22\/militares-decomisan-cabezas-de-ganado-y-azucar-en-puerto-acosta-valuados-en-ba-159-000\/#primaryimage\",\"url\":\"https:\/\/i0.wp.com\/innoticiasbo.com\/wp-content\/uploads\/2024\/10\/IMG-20241022-WA0086.jpg?fit=1600%2C1200&ssl=1\",\"contentUrl\":\"https:\/\/i0.wp.com\/innoticiasbo.com\/wp-content\/uploads\/2024\/10\/IMG-20241022-WA0086.jpg?fit=1600%2C1200&ssl=1\",\"width\":1600,\"height\":1200},{\"@type\":\"BreadcrumbList\",\"@id\":\"https:\/\/innoticiasbo.com\/index.php\/2024\/10\/22\/militares-decomisan-cabezas-de-ganado-y-azucar-en-puerto-acosta-valuados-en-ba-159-000\/#breadcrumb\",\"itemListElement\":[{\"@type\":\"ListItem\",\"position\":1,\"name\":\"Portada\",\"item\":\"https:\/\/innoticiasbo.com\/\"},{\"@type\":\"ListItem\",\"position\":2,\"name\":\"MILITARES DECOMISAN CABEZAS DE GANADO Y AZ\u00daCAR EN PUERTO ACOSTA VALUADOS EN BS. 159.000\"}]},{\"@type\":\"WebSite\",\"@id\":\"https:\/\/innoticiasbo.com\/#website\",\"url\":\"https:\/\/innoticiasbo.com\/\",\"name\":\"innoticiasbo.com\",\"description\":\"\",\"publisher\":{\"@id\":\"https:\/\/innoticiasbo.com\/#organization\"},\"potentialAction\":[{\"@type\":\"SearchAction\",\"target\":{\"@type\":\"EntryPoint\",\"urlTemplate\":\"https:\/\/innoticiasbo.com\/?s={search_term_string}\"},\"query-input\":{\"@type\":\"PropertyValueSpecification\",\"valueRequired\":true,\"valueName\":\"search_term_string\"}}],\"inLanguage\":\"es\"},{\"@type\":\"Organization\",\"@id\":\"https:\/\/innoticiasbo.com\/#organization\",\"name\":\"innoticiasbo.com\",\"url\":\"https:\/\/innoticiasbo.com\/\",\"logo\":{\"@type\":\"ImageObject\",\"inLanguage\":\"es\",\"@id\":\"https:\/\/innoticiasbo.com\/#\/schema\/logo\/image\/\",\"url\":\"https:\/\/i0.wp.com\/innoticiasbo.com\/wp-content\/uploads\/2026\/04\/cropped-IN-LOGO.png?fit=1476%2C1476&ssl=1\",\"contentUrl\":\"https:\/\/i0.wp.com\/innoticiasbo.com\/wp-content\/uploads\/2026\/04\/cropped-IN-LOGO.png?fit=1476%2C1476&ssl=1\",\"width\":1476,\"height\":1476,\"caption\":\"innoticiasbo.com\"},\"image\":{\"@id\":\"https:\/\/innoticiasbo.com\/#\/schema\/logo\/image\/\"},\"sameAs\":[\"https:\/\/www.facebook.com\/innoticiasbolivia\",\"https:\/\/x.com\/innoticiasbo\",\"https:\/\/www.instagram.com\/innoticiasbo\",\"https:\/\/www.youtube.com\/innoticiasbo\"]},{\"@type\":\"Person\",\"@id\":\"https:\/\/innoticiasbo.com\/#\/schema\/person\/589cd527c4211df1b943bdad85ec07ce\",\"name\":\"Prensa\",\"image\":{\"@type\":\"ImageObject\",\"inLanguage\":\"es\",\"@id\":\"https:\/\/innoticiasbo.com\/#\/schema\/person\/image\/\",\"url\":\"https:\/\/secure.gravatar.com\/avatar\/d359bbdf112023c1c0a3ec7fe1600657?s=96&d=mm&r=g\",\"contentUrl\":\"https:\/\/secure.gravatar.com\/avatar\/d359bbdf112023c1c0a3ec7fe1600657?s=96&d=mm&r=g\",\"caption\":\"Prensa\"},\"sameAs\":[\"http:\/\/www.innoticiasbo.com\"],\"url\":\"https:\/\/innoticiasbo.com\/index.php\/author\/prensa\/\"}]}<\/script>\n<!-- \/ Yoast SEO plugin. -->","yoast_head_json":{"title":"MILITARES DECOMISAN CABEZAS DE GANADO Y AZ\u00daCAR EN PUERTO ACOSTA VALUADOS EN BS. 159.000 - innoticiasbo.com","robots":{"index":"index","follow":"follow","max-snippet":"max-snippet:-1","max-image-preview":"max-image-preview:large","max-video-preview":"max-video-preview:-1"},"canonical":"https:\/\/innoticiasbo.com\/index.php\/2024\/10\/22\/militares-decomisan-cabezas-de-ganado-y-azucar-en-puerto-acosta-valuados-en-ba-159-000\/","og_locale":"es_ES","og_type":"article","og_title":"MILITARES DECOMISAN CABEZAS DE GANADO Y AZ\u00daCAR EN PUERTO ACOSTA VALUADOS EN BS. 159.000 - innoticiasbo.com","og_description":"La Paz, 22 de octubre de 2024.- El Viceministro de Lucha Contra el Contrabando, Cnl. DAEN. Luis Amilcar Vel\u00e1squez Burgoa, inform\u00f3 que el Comando Estrat\u00e9gico Operacional de Lucha Contra el Contrabando (CEO-LCC) realiz\u00f3 en las \u00faltimas horas, el decomiso de siete cabezas de ganado en pie y 250 qq (quintales) de az\u00facar valuados en Bs159.000...","og_url":"https:\/\/innoticiasbo.com\/index.php\/2024\/10\/22\/militares-decomisan-cabezas-de-ganado-y-azucar-en-puerto-acosta-valuados-en-ba-159-000\/","og_site_name":"innoticiasbo.com","article_publisher":"https:\/\/www.facebook.com\/innoticiasbolivia","article_published_time":"2024-10-22T22:44:12+00:00","article_modified_time":"2024-10-22T22:45:06+00:00","og_image":[{"width":1600,"height":1200,"url":"https:\/\/i0.wp.com\/innoticiasbo.com\/wp-content\/uploads\/2024\/10\/IMG-20241022-WA0086.jpg?fit=1600%2C1200&ssl=1","type":"image\/jpeg"}],"author":"Prensa","twitter_card":"summary_large_image","twitter_creator":"@innoticiasbo","twitter_site":"@innoticiasbo","twitter_misc":{"Escrito por":"Prensa","Tiempo de lectura":"1 minuto"},"schema":{"@context":"https:\/\/schema.org","@graph":[{"@type":"Article","@id":"https:\/\/innoticiasbo.com\/index.php\/2024\/10\/22\/militares-decomisan-cabezas-de-ganado-y-azucar-en-puerto-acosta-valuados-en-ba-159-000\/#article","isPartOf":{"@id":"https:\/\/innoticiasbo.com\/index.php\/2024\/10\/22\/militares-decomisan-cabezas-de-ganado-y-azucar-en-puerto-acosta-valuados-en-ba-159-000\/"},"author":{"name":"Prensa","@id":"https:\/\/innoticiasbo.com\/#\/schema\/person\/589cd527c4211df1b943bdad85ec07ce"},"headline":"MILITARES DECOMISAN CABEZAS DE GANADO Y AZ\u00daCAR EN PUERTO ACOSTA VALUADOS EN BS. 159.000","datePublished":"2024-10-22T22:44:12+00:00","dateModified":"2024-10-22T22:45:06+00:00","mainEntityOfPage":{"@id":"https:\/\/innoticiasbo.com\/index.php\/2024\/10\/22\/militares-decomisan-cabezas-de-ganado-y-azucar-en-puerto-acosta-valuados-en-ba-159-000\/"},"wordCount":266,"commentCount":0,"publisher":{"@id":"https:\/\/innoticiasbo.com\/#organization"},"image":{"@id":"https:\/\/innoticiasbo.com\/index.php\/2024\/10\/22\/militares-decomisan-cabezas-de-ganado-y-azucar-en-puerto-acosta-valuados-en-ba-159-000\/#primaryimage"},"thumbnailUrl":"https:\/\/i0.wp.com\/innoticiasbo.com\/wp-content\/uploads\/2024\/10\/IMG-20241022-WA0086.jpg?fit=1600%2C1200&ssl=1","articleSection":["Bolivia","Econom\u00eda"],"inLanguage":"es","potentialAction":[{"@type":"CommentAction","name":"Comment","target":["https:\/\/innoticiasbo.com\/index.php\/2024\/10\/22\/militares-decomisan-cabezas-de-ganado-y-azucar-en-puerto-acosta-valuados-en-ba-159-000\/#respond"]}]},{"@type":"WebPage","@id":"https:\/\/innoticiasbo.com\/index.php\/2024\/10\/22\/militares-decomisan-cabezas-de-ganado-y-azucar-en-puerto-acosta-valuados-en-ba-159-000\/","url":"https:\/\/innoticiasbo.com\/index.php\/2024\/10\/22\/militares-decomisan-cabezas-de-ganado-y-azucar-en-puerto-acosta-valuados-en-ba-159-000\/","name":"MILITARES DECOMISAN CABEZAS DE GANADO Y AZ\u00daCAR EN PUERTO ACOSTA VALUADOS EN BS. 159.000 - innoticiasbo.com","isPartOf":{"@id":"https:\/\/innoticiasbo.com\/#website"},"primaryImageOfPage":{"@id":"https:\/\/innoticiasbo.com\/index.php\/2024\/10\/22\/militares-decomisan-cabezas-de-ganado-y-azucar-en-puerto-acosta-valuados-en-ba-159-000\/#primaryimage"},"image":{"@id":"https:\/\/innoticiasbo.com\/index.php\/2024\/10\/22\/militares-decomisan-cabezas-de-ganado-y-azucar-en-puerto-acosta-valuados-en-ba-159-000\/#primaryimage"},"thumbnailUrl":"https:\/\/i0.wp.com\/innoticiasbo.com\/wp-content\/uploads\/2024\/10\/IMG-20241022-WA0086.jpg?fit=1600%2C1200&ssl=1","datePublished":"2024-10-22T22:44:12+00:00","dateModified":"2024-10-22T22:45:06+00:00","breadcrumb":{"@id":"https:\/\/innoticiasbo.com\/index.php\/2024\/10\/22\/militares-decomisan-cabezas-de-ganado-y-azucar-en-puerto-acosta-valuados-en-ba-159-000\/#breadcrumb"},"inLanguage":"es","potentialAction":[{"@type":"ReadAction","target":["https:\/\/innoticiasbo.com\/index.php\/2024\/10\/22\/militares-decomisan-cabezas-de-ganado-y-azucar-en-puerto-acosta-valuados-en-ba-159-000\/"]}]},{"@type":"ImageObject","inLanguage":"es","@id":"https:\/\/innoticiasbo.com\/index.php\/2024\/10\/22\/militares-decomisan-cabezas-de-ganado-y-azucar-en-puerto-acosta-valuados-en-ba-159-000\/#primaryimage","url":"https:\/\/i0.wp.com\/innoticiasbo.com\/wp-content\/uploads\/2024\/10\/IMG-20241022-WA0086.jpg?fit=1600%2C1200&ssl=1","contentUrl":"https:\/\/i0.wp.com\/innoticiasbo.com\/wp-content\/uploads\/2024\/10\/IMG-20241022-WA0086.jpg?fit=1600%2C1200&ssl=1","width":1600,"height":1200},{"@type":"BreadcrumbList","@id":"https:\/\/innoticiasbo.com\/index.php\/2024\/10\/22\/militares-decomisan-cabezas-de-ganado-y-azucar-en-puerto-acosta-valuados-en-ba-159-000\/#breadcrumb","itemListElement":[{"@type":"ListItem","position":1,"name":"Portada","item":"https:\/\/innoticiasbo.com\/"},{"@type":"ListItem","position":2,"name":"MILITARES DECOMISAN CABEZAS DE GANADO Y AZ\u00daCAR EN PUERTO ACOSTA VALUADOS EN BS. 159.000"}]},{"@type":"WebSite","@id":"https:\/\/innoticiasbo.com\/#website","url":"https:\/\/innoticiasbo.com\/","name":"innoticiasbo.com","description":"","publisher":{"@id":"https:\/\/innoticiasbo.com\/#organization"},"potentialAction":[{"@type":"SearchAction","target":{"@type":"EntryPoint","urlTemplate":"https:\/\/innoticiasbo.com\/?s={search_term_string}"},"query-input":{"@type":"PropertyValueSpecification","valueRequired":true,"valueName":"search_term_string"}}],"inLanguage":"es"},{"@type":"Organization","@id":"https:\/\/innoticiasbo.com\/#organization","name":"innoticiasbo.com","url":"https:\/\/innoticiasbo.com\/","logo":{"@type":"ImageObject","inLanguage":"es","@id":"https:\/\/innoticiasbo.com\/#\/schema\/logo\/image\/","url":"https:\/\/i0.wp.com\/innoticiasbo.com\/wp-content\/uploads\/2026\/04\/cropped-IN-LOGO.png?fit=1476%2C1476&ssl=1","contentUrl":"https:\/\/i0.wp.com\/innoticiasbo.com\/wp-content\/uploads\/2026\/04\/cropped-IN-LOGO.png?fit=1476%2C1476&ssl=1","width":1476,"height":1476,"caption":"innoticiasbo.com"},"image":{"@id":"https:\/\/innoticiasbo.com\/#\/schema\/logo\/image\/"},"sameAs":["https:\/\/www.facebook.com\/innoticiasbolivia","https:\/\/x.com\/innoticiasbo","https:\/\/www.instagram.com\/innoticiasbo","https:\/\/www.youtube.com\/innoticiasbo"]},{"@type":"Person","@id":"https:\/\/innoticiasbo.com\/#\/schema\/person\/589cd527c4211df1b943bdad85ec07ce","name":"Prensa","image":{"@type":"ImageObject","inLanguage":"es","@id":"https:\/\/innoticiasbo.com\/#\/schema\/person\/image\/","url":"https:\/\/secure.gravatar.com\/avatar\/d359bbdf112023c1c0a3ec7fe1600657?s=96&d=mm&r=g","contentUrl":"https:\/\/secure.gravatar.com\/avatar\/d359bbdf112023c1c0a3ec7fe1600657?s=96&d=mm&r=g","caption":"Prensa"},"sameAs":["http:\/\/www.innoticiasbo.com"],"url":"https:\/\/innoticiasbo.com\/index.php\/author\/prensa\/"}]}},"jetpack_featured_media_url":"https:\/\/i0.wp.com\/innoticiasbo.com\/wp-content\/uploads\/2024\/10\/IMG-20241022-WA0086.jpg?fit=1600%2C1200&ssl=1","jetpack_likes_enabled":true,"jetpack_sharing_enabled":true,"jetpack_shortlink":"https:\/\/wp.me\/pg298x-q2","_links":{"self":[{"href":"https:\/\/innoticiasbo.com\/index.php\/wp-json\/wp\/v2\/posts\/1614","targetHints":{"allow":["GET"]}}],"collection":[{"href":"https:\/\/innoticiasbo.com\/index.php\/wp-json\/wp\/v2\/posts"}],"about":[{"href":"https:\/\/innoticiasbo.com\/index.php\/wp-json\/wp\/v2\/types\/post"}],"author":[{"embeddable":true,"href":"https:\/\/innoticiasbo.com\/index.php\/wp-json\/wp\/v2\/users\/2"}],"replies":[{"embeddable":true,"href":"https:\/\/innoticiasbo.com\/index.php\/wp-json\/wp\/v2\/comments?post=1614"}],"version-history":[{"count":2,"href":"https:\/\/innoticiasbo.com\/index.php\/wp-json\/wp\/v2\/posts\/1614\/revisions"}],"predecessor-version":[{"id":1616,"href":"https:\/\/innoticiasbo.com\/index.php\/wp-json\/wp\/v2\/posts\/1614\/revisions\/1616"}],"wp:featuredmedia":[{"embeddable":true,"href":"https:\/\/innoticiasbo.com\/index.php\/wp-json\/wp\/v2\/media\/1613"}],"wp:attachment":[{"href":"https:\/\/innoticiasbo.com\/index.php\/wp-json\/wp\/v2\/media?parent=1614"}],"wp:term":[{"taxonomy":"category","embeddable":true,"href":"https:\/\/innoticiasbo.com\/index.php\/wp-json\/wp\/v2\/categories?post=1614"},{"taxonomy":"post_tag","embeddable":true,"href":"https:\/\/innoticiasbo.com\/index.php\/wp-json\/wp\/v2\/tags?post=1614"}],"curies":[{"name":"wp","href":"https:\/\/api.w.org\/{rel}","templated":true}]}}