{"id":15595,"date":"2026-09-06T09:25:14","date_gmt":"2026-09-06T13:25:14","guid":{"rendered":"https:\/\/innoticiasbo.com\/?p=15595"},"modified":"2026-09-06T09:26:14","modified_gmt":"2026-09-06T13:26:14","slug":"confianza-en-el-gobierno","status":"publish","type":"post","link":"https:\/\/innoticiasbo.com\/index.php\/2026\/09\/06\/confianza-en-el-gobierno\/","title":{"rendered":"CONFIANZA EN EL GOBIERNO"},"content":{"rendered":"<p><img data-recalc-dims=\"1\" loading=\"lazy\" decoding=\"async\" src=\"https:\/\/i0.wp.com\/innoticiasbo.com\/wp-content\/uploads\/2026\/09\/img-20260816-wa012431431594730859728105.jpg?resize=640%2C640&#038;ssl=1\" class=\"alignnone size-full wp-image-15593\" width=\"640\" height=\"640\" srcset=\"https:\/\/i0.wp.com\/innoticiasbo.com\/wp-content\/uploads\/2026\/09\/img-20260816-wa012431431594730859728105.jpg?w=1080&amp;ssl=1 1080w, https:\/\/i0.wp.com\/innoticiasbo.com\/wp-content\/uploads\/2026\/09\/img-20260816-wa012431431594730859728105.jpg?resize=300%2C300&amp;ssl=1 300w, https:\/\/i0.wp.com\/innoticiasbo.com\/wp-content\/uploads\/2026\/09\/img-20260816-wa012431431594730859728105.jpg?resize=1024%2C1024&amp;ssl=1 1024w, https:\/\/i0.wp.com\/innoticiasbo.com\/wp-content\/uploads\/2026\/09\/img-20260816-wa012431431594730859728105.jpg?resize=150%2C150&amp;ssl=1 150w, https:\/\/i0.wp.com\/innoticiasbo.com\/wp-content\/uploads\/2026\/09\/img-20260816-wa012431431594730859728105.jpg?resize=768%2C768&amp;ssl=1 768w\" sizes=\"auto, (max-width: 640px) 100vw, 640px\" \/><\/p>\n<p>A 10 meses de haber accedido al gobierno, la confianza en las acciones gubernamentales se encuentra en m\u00ednimos hist\u00f3ricos. Si bien la ciudadan\u00eda tiene raz\u00f3n al preocuparse por la trayectoria de dicha confianza en la vida p\u00fablica, este diagn\u00f3stico es general y dif\u00edcil de refutar, dado el amplio espectro de malas funciones que comete el gobierno. En un momento en que el gobierno est\u00e1 experimentando cambios importantes en la forma en que contrata, compra, recopila, organiza y presta servicios, resulta valioso explorar con mayor profundidad la confianza en estas facetas.<\/p>\n<p>El riesgo y las implicaciones de la p\u00e9rdida de confianza en el sistema y c\u00f3mo nos est\u00e1bamos acercando a puntos cr\u00edticos, los escenarios no solo pretenden servir como advertencia, sino tambi\u00e9n como base de referencia para planificar futuras acciones, en caso de que la confianza contin\u00fae disminuyendo, ya sea de forma general o espec\u00edfica. Desde el gobierno al considerar reformas y mejoras en funciones gubernamentales clave tambi\u00e9n deber\u00e1n tener en cuenta si la ciudadan\u00eda volver\u00e1 a creer en un sistema de baja confianza y c\u00f3mo lo har\u00e1n. Seg\u00fan la encuesta conocida esta semana m\u00e1s de la mitad de la poblaci\u00f3n no conf\u00eda en el gobierno. Abre el debate sobre las deficiencias en la gesti\u00f3n p\u00fablica, por qu\u00e9 estas deficiencias existen y c\u00f3mo el gobierno puede servir mejor a los ciudadanos.<\/p>\n<p>La gesti\u00f3n p\u00fablica es un asunto complicado. Necesitamos analizar y hacer un esfuerzo mayor para entender mejor cu\u00e1les son los factores que est\u00e1n causando estas deficiencias y c\u00f3mo podemos encontrar maneras efectivas de solucionarlas, hay que ver c\u00f3mo la buena gesti\u00f3n p\u00fablica se ve socavada por la ret\u00f3rica gubernamental acerca de una buena provisi\u00f3n de servicios y la realidad. La desconfianza es una respuesta l\u00f3gica frente a una econom\u00eda que funciona para unos pocos y no funciona para la mayor\u00eda, cuando el poder pol\u00edtico est\u00e1 en manos de pocos, las mayor\u00edas desconfiar\u00e1n del gobierno, las personas pobres son tan inteligentes como las personas ricas, no se puede creer que ellas no pueden ver que el sistema de pol\u00edticas p\u00fablicas las perjudica. Desde el gobierno se debe hacer hincapi\u00e9 en la participaci\u00f3n ciudadana y en los mecanismos de rendici\u00f3n de cuentas del gobierno, la gente no conf\u00eda en el gobierno porque prometen de manera excesiva y no cumplen (sus promesas). Pero cuando las personas ven que el alumbrado p\u00fablico funciona y que los baches en las calles son reparados, es m\u00e1s probable que ellas paguen los impuestos, que son los que permiten prestar estos servicios. Esto es un c\u00edrculo virtuoso.<\/p>\n<p>Los ciudadanos aducen razones v\u00e1lidas para esta disminuci\u00f3n de confianza, la respuesta del gobierno ante el desastre de los carburantes, el d\u00f3lar cada vez m\u00e1s caro, los enfoques sobre transparencia y rendici\u00f3n de cuentas, las profundas desigualdades hist\u00f3ricas no atendidas, las diferentes concepciones sobre el papel del gobierno ante las acusaciones de corrupci\u00f3n, pareciera que muchos de los funcionarios gubernamentales no toman en serio estas tendencias. Hay diversas acusaciones que analizan las consecuencias de la baja confianza desde m\u00faltiples perspectivas, pero, en resumen, la legitimidad de las democracias se basa en la confianza. Una menor confianza implica una menor participaci\u00f3n en las funciones que el gobierno desempe\u00f1a o impulsa de forma exclusiva, ya sea en la aplicaci\u00f3n de medidas en educaci\u00f3n, salud, prestaciones o seguridad. Esta menor confianza se traduce en un menor rendimiento de dichas funciones para todos. Esto tiene un efecto en cadena, ya que las instituciones democr\u00e1ticas se debilitan cuando el gobierno no puede, no cumple o no se cree que cumpla con las expectativas de sus ciudadanos.<\/p>\n<p>La impunidad frente a la corrupci\u00f3n es un factor enorme que influye en la falta de confianza de los ciudadanos con el gobierno. En muchos lugares, la corrupci\u00f3n es muy obvia y la gente la ve, ese tipo de actos de corrupci\u00f3n se deben reducir hasta eliminarlos. La evidencia debe mostrar que la transparencia sirve y mucho. La corrupci\u00f3n a gran escala, es un problema m\u00e1s intrincado y no se nota que se hayan producido algunos avances para combatirla. La confianza es, obviamente, un concepto maleable y flexible, que cambia seg\u00fan el contexto y la experiencia individual. Teniendo esto en cuenta, consideramos muchas se\u00f1ales que podr\u00edan indicar que la ruptura de confianza, o las consecuencias negativas derivadas de ella, son cada vez m\u00e1s frecuentes. Estas se\u00f1ales abarcan desde la presidencia y la composici\u00f3n de la fuerza pol\u00edtica que acompa\u00f1a a este hasta las promesas incumplidas, lo que deriva en una hostilidad p\u00fablica y pol\u00edtica muy visible. En conjunto, esperamos se den cuenta de que la relaci\u00f3n entre la ciudadan\u00eda y el personal gubernamental se est\u00e1 deteriorando.<\/p>\n<p>Cuando las personas tienen oportunidades de participar en proyectos de leyes que las rigen, existen mayores probabilidades que les parezcan m\u00e1s razonables y es m\u00e1s probable que crean que esas leyes son leg\u00edtimas, es reiterativa la importancia de una participaci\u00f3n significativa de los ciudadanos. Cuando las personas se organizan seriamente para enfrentar los problemas, se ven resultados. Una de las caracter\u00edsticas distintivas del extenso aparato de gobierno es su credibilidad. Las instituciones gubernamentales y el propio gobierno dependen de los datos que el gobierno recopila, analiza y publica para la toma de decisiones. El dise\u00f1o de gobierno debe ser para ayudar a planificar y prepararse, no para predecir el futuro. Lo que debe quedar claro es que la confianza es la base de muchas funciones vitales en el gobierno, y si bien dicha confianza puede resistir la variabilidad, las rupturas de confianza tienen consecuencias. Y, fundamentalmente, si no hay una l\u00ednea divisoria clara que indique cu\u00e1ndo comienza o termina esa confianza con el gobierno.<\/p>\n","protected":false},"excerpt":{"rendered":"<p>A 10 meses de haber accedido al gobierno, la confianza en las acciones gubernamentales se encuentra en m\u00ednimos hist\u00f3ricos. Si bien la ciudadan\u00eda tiene raz\u00f3n al preocuparse por la trayectoria de dicha confianza en la vida p\u00fablica, este diagn\u00f3stico es general y dif\u00edcil de refutar, dado el amplio espectro de malas funciones que comete el&#8230;<\/p>\n","protected":false},"author":2,"featured_media":15594,"comment_status":"open","ping_status":"open","sticky":false,"template":"","format":"standard","meta":{"_jetpack_memberships_contains_paid_content":false,"footnotes":"","jetpack_publicize_message":"","jetpack_publicize_feature_enabled":true,"jetpack_social_post_already_shared":true,"jetpack_social_options":{"image_generator_settings":{"template":"highway","enabled":false},"version":2}},"categories":[1,17,3],"tags":[1254,1060,177,345],"class_list":["post-15595","post","type-post","status-publish","format-standard","has-post-thumbnail","hentry","category-bolivia","category-opinion","category-politica","tag-confianza","tag-fernando-berrios","tag-gobierno","tag-rodrigo-paz"],"jetpack_publicize_connections":[],"yoast_head":"<!-- This site is optimized with the Yoast SEO plugin v23.4 - https:\/\/yoast.com\/wordpress\/plugins\/seo\/ -->\n<title>CONFIANZA EN EL GOBIERNO - innoticiasbo.com<\/title>\n<meta name=\"robots\" content=\"index, follow, max-snippet:-1, max-image-preview:large, max-video-preview:-1\" \/>\n<link rel=\"canonical\" href=\"https:\/\/innoticiasbo.com\/index.php\/2026\/09\/06\/confianza-en-el-gobierno\/\" \/>\n<meta property=\"og:locale\" content=\"es_ES\" \/>\n<meta property=\"og:type\" content=\"article\" \/>\n<meta property=\"og:title\" content=\"CONFIANZA EN EL GOBIERNO - innoticiasbo.com\" \/>\n<meta property=\"og:description\" content=\"A 10 meses de haber accedido al gobierno, la confianza en las acciones gubernamentales se encuentra en m\u00ednimos hist\u00f3ricos. Si bien la ciudadan\u00eda tiene raz\u00f3n al preocuparse por la trayectoria de dicha confianza en la vida p\u00fablica, este diagn\u00f3stico es general y dif\u00edcil de refutar, dado el amplio espectro de malas funciones que comete el...\" \/>\n<meta property=\"og:url\" content=\"https:\/\/innoticiasbo.com\/index.php\/2026\/09\/06\/confianza-en-el-gobierno\/\" \/>\n<meta property=\"og:site_name\" content=\"innoticiasbo.com\" \/>\n<meta property=\"article:publisher\" content=\"https:\/\/www.facebook.com\/innoticiasbolivia\" \/>\n<meta property=\"article:published_time\" content=\"2026-09-06T13:25:14+00:00\" \/>\n<meta property=\"article:modified_time\" content=\"2026-09-06T13:26:14+00:00\" \/>\n<meta property=\"og:image\" content=\"https:\/\/i0.wp.com\/innoticiasbo.com\/wp-content\/uploads\/2026\/09\/IMG-20260816-WA01243.jpg?fit=1080%2C1080&ssl=1\" \/>\n\t<meta property=\"og:image:width\" content=\"1080\" \/>\n\t<meta property=\"og:image:height\" content=\"1080\" \/>\n\t<meta property=\"og:image:type\" content=\"image\/jpeg\" \/>\n<meta name=\"author\" content=\"Prensa\" \/>\n<meta name=\"twitter:card\" content=\"summary_large_image\" \/>\n<meta name=\"twitter:creator\" content=\"@innoticiasbo\" \/>\n<meta name=\"twitter:site\" content=\"@innoticiasbo\" \/>\n<meta name=\"twitter:label1\" content=\"Escrito por\" \/>\n\t<meta name=\"twitter:data1\" content=\"Prensa\" \/>\n\t<meta name=\"twitter:label2\" content=\"Tiempo de lectura\" \/>\n\t<meta name=\"twitter:data2\" content=\"5 minutos\" \/>\n<script type=\"application\/ld+json\" class=\"yoast-schema-graph\">{\"@context\":\"https:\/\/schema.org\",\"@graph\":[{\"@type\":\"Article\",\"@id\":\"https:\/\/innoticiasbo.com\/index.php\/2026\/09\/06\/confianza-en-el-gobierno\/#article\",\"isPartOf\":{\"@id\":\"https:\/\/innoticiasbo.com\/index.php\/2026\/09\/06\/confianza-en-el-gobierno\/\"},\"author\":{\"name\":\"Prensa\",\"@id\":\"https:\/\/innoticiasbo.com\/#\/schema\/person\/589cd527c4211df1b943bdad85ec07ce\"},\"headline\":\"CONFIANZA EN EL GOBIERNO\",\"datePublished\":\"2026-09-06T13:25:14+00:00\",\"dateModified\":\"2026-09-06T13:26:14+00:00\",\"mainEntityOfPage\":{\"@id\":\"https:\/\/innoticiasbo.com\/index.php\/2026\/09\/06\/confianza-en-el-gobierno\/\"},\"wordCount\":1021,\"commentCount\":0,\"publisher\":{\"@id\":\"https:\/\/innoticiasbo.com\/#organization\"},\"image\":{\"@id\":\"https:\/\/innoticiasbo.com\/index.php\/2026\/09\/06\/confianza-en-el-gobierno\/#primaryimage\"},\"thumbnailUrl\":\"https:\/\/i0.wp.com\/innoticiasbo.com\/wp-content\/uploads\/2026\/09\/IMG-20260816-WA01243.jpg?fit=1080%2C1080&ssl=1\",\"keywords\":[\"confianza\",\"Fernando Berr\u00edos\",\"gobierno\",\"Rodrigo Paz\"],\"articleSection\":[\"Bolivia\",\"Opini\u00f3n\",\"Pol\u00edtica\"],\"inLanguage\":\"es\",\"potentialAction\":[{\"@type\":\"CommentAction\",\"name\":\"Comment\",\"target\":[\"https:\/\/innoticiasbo.com\/index.php\/2026\/09\/06\/confianza-en-el-gobierno\/#respond\"]}]},{\"@type\":\"WebPage\",\"@id\":\"https:\/\/innoticiasbo.com\/index.php\/2026\/09\/06\/confianza-en-el-gobierno\/\",\"url\":\"https:\/\/innoticiasbo.com\/index.php\/2026\/09\/06\/confianza-en-el-gobierno\/\",\"name\":\"CONFIANZA EN EL GOBIERNO - innoticiasbo.com\",\"isPartOf\":{\"@id\":\"https:\/\/innoticiasbo.com\/#website\"},\"primaryImageOfPage\":{\"@id\":\"https:\/\/innoticiasbo.com\/index.php\/2026\/09\/06\/confianza-en-el-gobierno\/#primaryimage\"},\"image\":{\"@id\":\"https:\/\/innoticiasbo.com\/index.php\/2026\/09\/06\/confianza-en-el-gobierno\/#primaryimage\"},\"thumbnailUrl\":\"https:\/\/i0.wp.com\/innoticiasbo.com\/wp-content\/uploads\/2026\/09\/IMG-20260816-WA01243.jpg?fit=1080%2C1080&ssl=1\",\"datePublished\":\"2026-09-06T13:25:14+00:00\",\"dateModified\":\"2026-09-06T13:26:14+00:00\",\"breadcrumb\":{\"@id\":\"https:\/\/innoticiasbo.com\/index.php\/2026\/09\/06\/confianza-en-el-gobierno\/#breadcrumb\"},\"inLanguage\":\"es\",\"potentialAction\":[{\"@type\":\"ReadAction\",\"target\":[\"https:\/\/innoticiasbo.com\/index.php\/2026\/09\/06\/confianza-en-el-gobierno\/\"]}]},{\"@type\":\"ImageObject\",\"inLanguage\":\"es\",\"@id\":\"https:\/\/innoticiasbo.com\/index.php\/2026\/09\/06\/confianza-en-el-gobierno\/#primaryimage\",\"url\":\"https:\/\/i0.wp.com\/innoticiasbo.com\/wp-content\/uploads\/2026\/09\/IMG-20260816-WA01243.jpg?fit=1080%2C1080&ssl=1\",\"contentUrl\":\"https:\/\/i0.wp.com\/innoticiasbo.com\/wp-content\/uploads\/2026\/09\/IMG-20260816-WA01243.jpg?fit=1080%2C1080&ssl=1\",\"width\":1080,\"height\":1080},{\"@type\":\"BreadcrumbList\",\"@id\":\"https:\/\/innoticiasbo.com\/index.php\/2026\/09\/06\/confianza-en-el-gobierno\/#breadcrumb\",\"itemListElement\":[{\"@type\":\"ListItem\",\"position\":1,\"name\":\"Portada\",\"item\":\"https:\/\/innoticiasbo.com\/\"},{\"@type\":\"ListItem\",\"position\":2,\"name\":\"CONFIANZA EN EL GOBIERNO\"}]},{\"@type\":\"WebSite\",\"@id\":\"https:\/\/innoticiasbo.com\/#website\",\"url\":\"https:\/\/innoticiasbo.com\/\",\"name\":\"innoticiasbo.com\",\"description\":\"\",\"publisher\":{\"@id\":\"https:\/\/innoticiasbo.com\/#organization\"},\"potentialAction\":[{\"@type\":\"SearchAction\",\"target\":{\"@type\":\"EntryPoint\",\"urlTemplate\":\"https:\/\/innoticiasbo.com\/?s={search_term_string}\"},\"query-input\":{\"@type\":\"PropertyValueSpecification\",\"valueRequired\":true,\"valueName\":\"search_term_string\"}}],\"inLanguage\":\"es\"},{\"@type\":\"Organization\",\"@id\":\"https:\/\/innoticiasbo.com\/#organization\",\"name\":\"innoticiasbo.com\",\"url\":\"https:\/\/innoticiasbo.com\/\",\"logo\":{\"@type\":\"ImageObject\",\"inLanguage\":\"es\",\"@id\":\"https:\/\/innoticiasbo.com\/#\/schema\/logo\/image\/\",\"url\":\"https:\/\/i0.wp.com\/innoticiasbo.com\/wp-content\/uploads\/2026\/04\/cropped-IN-LOGO.png?fit=1476%2C1476&ssl=1\",\"contentUrl\":\"https:\/\/i0.wp.com\/innoticiasbo.com\/wp-content\/uploads\/2026\/04\/cropped-IN-LOGO.png?fit=1476%2C1476&ssl=1\",\"width\":1476,\"height\":1476,\"caption\":\"innoticiasbo.com\"},\"image\":{\"@id\":\"https:\/\/innoticiasbo.com\/#\/schema\/logo\/image\/\"},\"sameAs\":[\"https:\/\/www.facebook.com\/innoticiasbolivia\",\"https:\/\/x.com\/innoticiasbo\",\"https:\/\/www.instagram.com\/innoticiasbo\",\"https:\/\/www.youtube.com\/innoticiasbo\"]},{\"@type\":\"Person\",\"@id\":\"https:\/\/innoticiasbo.com\/#\/schema\/person\/589cd527c4211df1b943bdad85ec07ce\",\"name\":\"Prensa\",\"image\":{\"@type\":\"ImageObject\",\"inLanguage\":\"es\",\"@id\":\"https:\/\/innoticiasbo.com\/#\/schema\/person\/image\/\",\"url\":\"https:\/\/secure.gravatar.com\/avatar\/d359bbdf112023c1c0a3ec7fe1600657?s=96&d=mm&r=g\",\"contentUrl\":\"https:\/\/secure.gravatar.com\/avatar\/d359bbdf112023c1c0a3ec7fe1600657?s=96&d=mm&r=g\",\"caption\":\"Prensa\"},\"sameAs\":[\"http:\/\/www.innoticiasbo.com\"],\"url\":\"https:\/\/innoticiasbo.com\/index.php\/author\/prensa\/\"}]}<\/script>\n<!-- \/ Yoast SEO plugin. -->","yoast_head_json":{"title":"CONFIANZA EN EL GOBIERNO - innoticiasbo.com","robots":{"index":"index","follow":"follow","max-snippet":"max-snippet:-1","max-image-preview":"max-image-preview:large","max-video-preview":"max-video-preview:-1"},"canonical":"https:\/\/innoticiasbo.com\/index.php\/2026\/09\/06\/confianza-en-el-gobierno\/","og_locale":"es_ES","og_type":"article","og_title":"CONFIANZA EN EL GOBIERNO - innoticiasbo.com","og_description":"A 10 meses de haber accedido al gobierno, la confianza en las acciones gubernamentales se encuentra en m\u00ednimos hist\u00f3ricos. Si bien la ciudadan\u00eda tiene raz\u00f3n al preocuparse por la trayectoria de dicha confianza en la vida p\u00fablica, este diagn\u00f3stico es general y dif\u00edcil de refutar, dado el amplio espectro de malas funciones que comete el...","og_url":"https:\/\/innoticiasbo.com\/index.php\/2026\/09\/06\/confianza-en-el-gobierno\/","og_site_name":"innoticiasbo.com","article_publisher":"https:\/\/www.facebook.com\/innoticiasbolivia","article_published_time":"2026-09-06T13:25:14+00:00","article_modified_time":"2026-09-06T13:26:14+00:00","og_image":[{"width":1080,"height":1080,"url":"https:\/\/i0.wp.com\/innoticiasbo.com\/wp-content\/uploads\/2026\/09\/IMG-20260816-WA01243.jpg?fit=1080%2C1080&ssl=1","type":"image\/jpeg"}],"author":"Prensa","twitter_card":"summary_large_image","twitter_creator":"@innoticiasbo","twitter_site":"@innoticiasbo","twitter_misc":{"Escrito por":"Prensa","Tiempo de lectura":"5 minutos"},"schema":{"@context":"https:\/\/schema.org","@graph":[{"@type":"Article","@id":"https:\/\/innoticiasbo.com\/index.php\/2026\/09\/06\/confianza-en-el-gobierno\/#article","isPartOf":{"@id":"https:\/\/innoticiasbo.com\/index.php\/2026\/09\/06\/confianza-en-el-gobierno\/"},"author":{"name":"Prensa","@id":"https:\/\/innoticiasbo.com\/#\/schema\/person\/589cd527c4211df1b943bdad85ec07ce"},"headline":"CONFIANZA EN EL GOBIERNO","datePublished":"2026-09-06T13:25:14+00:00","dateModified":"2026-09-06T13:26:14+00:00","mainEntityOfPage":{"@id":"https:\/\/innoticiasbo.com\/index.php\/2026\/09\/06\/confianza-en-el-gobierno\/"},"wordCount":1021,"commentCount":0,"publisher":{"@id":"https:\/\/innoticiasbo.com\/#organization"},"image":{"@id":"https:\/\/innoticiasbo.com\/index.php\/2026\/09\/06\/confianza-en-el-gobierno\/#primaryimage"},"thumbnailUrl":"https:\/\/i0.wp.com\/innoticiasbo.com\/wp-content\/uploads\/2026\/09\/IMG-20260816-WA01243.jpg?fit=1080%2C1080&ssl=1","keywords":["confianza","Fernando Berr\u00edos","gobierno","Rodrigo Paz"],"articleSection":["Bolivia","Opini\u00f3n","Pol\u00edtica"],"inLanguage":"es","potentialAction":[{"@type":"CommentAction","name":"Comment","target":["https:\/\/innoticiasbo.com\/index.php\/2026\/09\/06\/confianza-en-el-gobierno\/#respond"]}]},{"@type":"WebPage","@id":"https:\/\/innoticiasbo.com\/index.php\/2026\/09\/06\/confianza-en-el-gobierno\/","url":"https:\/\/innoticiasbo.com\/index.php\/2026\/09\/06\/confianza-en-el-gobierno\/","name":"CONFIANZA EN EL GOBIERNO - innoticiasbo.com","isPartOf":{"@id":"https:\/\/innoticiasbo.com\/#website"},"primaryImageOfPage":{"@id":"https:\/\/innoticiasbo.com\/index.php\/2026\/09\/06\/confianza-en-el-gobierno\/#primaryimage"},"image":{"@id":"https:\/\/innoticiasbo.com\/index.php\/2026\/09\/06\/confianza-en-el-gobierno\/#primaryimage"},"thumbnailUrl":"https:\/\/i0.wp.com\/innoticiasbo.com\/wp-content\/uploads\/2026\/09\/IMG-20260816-WA01243.jpg?fit=1080%2C1080&ssl=1","datePublished":"2026-09-06T13:25:14+00:00","dateModified":"2026-09-06T13:26:14+00:00","breadcrumb":{"@id":"https:\/\/innoticiasbo.com\/index.php\/2026\/09\/06\/confianza-en-el-gobierno\/#breadcrumb"},"inLanguage":"es","potentialAction":[{"@type":"ReadAction","target":["https:\/\/innoticiasbo.com\/index.php\/2026\/09\/06\/confianza-en-el-gobierno\/"]}]},{"@type":"ImageObject","inLanguage":"es","@id":"https:\/\/innoticiasbo.com\/index.php\/2026\/09\/06\/confianza-en-el-gobierno\/#primaryimage","url":"https:\/\/i0.wp.com\/innoticiasbo.com\/wp-content\/uploads\/2026\/09\/IMG-20260816-WA01243.jpg?fit=1080%2C1080&ssl=1","contentUrl":"https:\/\/i0.wp.com\/innoticiasbo.com\/wp-content\/uploads\/2026\/09\/IMG-20260816-WA01243.jpg?fit=1080%2C1080&ssl=1","width":1080,"height":1080},{"@type":"BreadcrumbList","@id":"https:\/\/innoticiasbo.com\/index.php\/2026\/09\/06\/confianza-en-el-gobierno\/#breadcrumb","itemListElement":[{"@type":"ListItem","position":1,"name":"Portada","item":"https:\/\/innoticiasbo.com\/"},{"@type":"ListItem","position":2,"name":"CONFIANZA EN EL GOBIERNO"}]},{"@type":"WebSite","@id":"https:\/\/innoticiasbo.com\/#website","url":"https:\/\/innoticiasbo.com\/","name":"innoticiasbo.com","description":"","publisher":{"@id":"https:\/\/innoticiasbo.com\/#organization"},"potentialAction":[{"@type":"SearchAction","target":{"@type":"EntryPoint","urlTemplate":"https:\/\/innoticiasbo.com\/?s={search_term_string}"},"query-input":{"@type":"PropertyValueSpecification","valueRequired":true,"valueName":"search_term_string"}}],"inLanguage":"es"},{"@type":"Organization","@id":"https:\/\/innoticiasbo.com\/#organization","name":"innoticiasbo.com","url":"https:\/\/innoticiasbo.com\/","logo":{"@type":"ImageObject","inLanguage":"es","@id":"https:\/\/innoticiasbo.com\/#\/schema\/logo\/image\/","url":"https:\/\/i0.wp.com\/innoticiasbo.com\/wp-content\/uploads\/2026\/04\/cropped-IN-LOGO.png?fit=1476%2C1476&ssl=1","contentUrl":"https:\/\/i0.wp.com\/innoticiasbo.com\/wp-content\/uploads\/2026\/04\/cropped-IN-LOGO.png?fit=1476%2C1476&ssl=1","width":1476,"height":1476,"caption":"innoticiasbo.com"},"image":{"@id":"https:\/\/innoticiasbo.com\/#\/schema\/logo\/image\/"},"sameAs":["https:\/\/www.facebook.com\/innoticiasbolivia","https:\/\/x.com\/innoticiasbo","https:\/\/www.instagram.com\/innoticiasbo","https:\/\/www.youtube.com\/innoticiasbo"]},{"@type":"Person","@id":"https:\/\/innoticiasbo.com\/#\/schema\/person\/589cd527c4211df1b943bdad85ec07ce","name":"Prensa","image":{"@type":"ImageObject","inLanguage":"es","@id":"https:\/\/innoticiasbo.com\/#\/schema\/person\/image\/","url":"https:\/\/secure.gravatar.com\/avatar\/d359bbdf112023c1c0a3ec7fe1600657?s=96&d=mm&r=g","contentUrl":"https:\/\/secure.gravatar.com\/avatar\/d359bbdf112023c1c0a3ec7fe1600657?s=96&d=mm&r=g","caption":"Prensa"},"sameAs":["http:\/\/www.innoticiasbo.com"],"url":"https:\/\/innoticiasbo.com\/index.php\/author\/prensa\/"}]}},"jetpack_featured_media_url":"https:\/\/i0.wp.com\/innoticiasbo.com\/wp-content\/uploads\/2026\/09\/IMG-20260816-WA01243.jpg?fit=1080%2C1080&ssl=1","jetpack_likes_enabled":true,"jetpack_sharing_enabled":true,"jetpack_shortlink":"https:\/\/wp.me\/pg298x-43x","_links":{"self":[{"href":"https:\/\/innoticiasbo.com\/index.php\/wp-json\/wp\/v2\/posts\/15595","targetHints":{"allow":["GET"]}}],"collection":[{"href":"https:\/\/innoticiasbo.com\/index.php\/wp-json\/wp\/v2\/posts"}],"about":[{"href":"https:\/\/innoticiasbo.com\/index.php\/wp-json\/wp\/v2\/types\/post"}],"author":[{"embeddable":true,"href":"https:\/\/innoticiasbo.com\/index.php\/wp-json\/wp\/v2\/users\/2"}],"replies":[{"embeddable":true,"href":"https:\/\/innoticiasbo.com\/index.php\/wp-json\/wp\/v2\/comments?post=15595"}],"version-history":[{"count":1,"href":"https:\/\/innoticiasbo.com\/index.php\/wp-json\/wp\/v2\/posts\/15595\/revisions"}],"predecessor-version":[{"id":15596,"href":"https:\/\/innoticiasbo.com\/index.php\/wp-json\/wp\/v2\/posts\/15595\/revisions\/15596"}],"wp:featuredmedia":[{"embeddable":true,"href":"https:\/\/innoticiasbo.com\/index.php\/wp-json\/wp\/v2\/media\/15594"}],"wp:attachment":[{"href":"https:\/\/innoticiasbo.com\/index.php\/wp-json\/wp\/v2\/media?parent=15595"}],"wp:term":[{"taxonomy":"category","embeddable":true,"href":"https:\/\/innoticiasbo.com\/index.php\/wp-json\/wp\/v2\/categories?post=15595"},{"taxonomy":"post_tag","embeddable":true,"href":"https:\/\/innoticiasbo.com\/index.php\/wp-json\/wp\/v2\/tags?post=15595"}],"curies":[{"name":"wp","href":"https:\/\/api.w.org\/{rel}","templated":true}]}}