{"id":15591,"date":"2026-09-05T12:20:27","date_gmt":"2026-09-05T16:20:27","guid":{"rendered":"https:\/\/innoticiasbo.com\/?p=15591"},"modified":"2026-09-05T12:22:24","modified_gmt":"2026-09-05T16:22:24","slug":"hoy-definen-la-suerte-del-capitan-cristhian-ustariz-procesado-por-tentativa-de-feminicidio-la-fiscalia-pedira-detencion-preventiva-por-seis-meses","status":"publish","type":"post","link":"https:\/\/innoticiasbo.com\/index.php\/2026\/09\/05\/hoy-definen-la-suerte-del-capitan-cristhian-ustariz-procesado-por-tentativa-de-feminicidio-la-fiscalia-pedira-detencion-preventiva-por-seis-meses\/","title":{"rendered":"HOY DEFINEN LA SUERTE DEL CAPIT\u00c1N CRISTHIAN USTARIZ, PROCESADO POR TENTATIVA DE FEMINICIDIO; LA FISCAL\u00cdA PEDIR\u00c1 DETENCI\u00d3N PREVENTIVA POR SEIS MESES"},"content":{"rendered":"\n<figure class=\"wp-block-image size-large\"><img data-recalc-dims=\"1\" loading=\"lazy\" decoding=\"async\" width=\"616\" height=\"970\" src=\"https:\/\/i0.wp.com\/innoticiasbo.com\/wp-content\/uploads\/2026\/09\/image_editor_output_image-1658368900-17886248478854028907521153730875.jpg?resize=616%2C970&#038;ssl=1\" alt=\"\" class=\"wp-image-15585\" srcset=\"https:\/\/i0.wp.com\/innoticiasbo.com\/wp-content\/uploads\/2026\/09\/image_editor_output_image-1658368900-17886248478854028907521153730875.jpg?w=616&amp;ssl=1 616w, https:\/\/i0.wp.com\/innoticiasbo.com\/wp-content\/uploads\/2026\/09\/image_editor_output_image-1658368900-17886248478854028907521153730875.jpg?resize=191%2C300&amp;ssl=1 191w\" sizes=\"auto, (max-width: 616px) 100vw, 616px\" \/><\/figure>\n\n\n\n<p>Cochabamba, 5 de septiembre de 2026.- Hoy a las 14:00 Hrs ser\u00e1 puesto ante un juez cautelar el capit\u00e1n de Polic\u00eda Cristhian Ustariz Caballero, procesado por tentativa de feminicidio, en un caso que expone un presunto historial de violencia f\u00edsica, psicol\u00f3gica, amenazas y control contra su esposa seg\u00fan datos incorporados a la investigaci\u00f3n por la Fiscal\u00eda.<p><br>La imputaci\u00f3n formal presentada por el Ministerio P\u00fablico reconstruye una serie de hechos que, seg\u00fan la investigaci\u00f3n fiscal, se habr\u00edan registrado durante la relaci\u00f3n de la pareja y que habr\u00edan escalado progresivamente en gravedad. El documento refiere agresiones, episodios de estrangulamiento, amenazas de muerte, hostigamiento y un presunto uso de un arma de fuego.<br><br>FISCAL\u00cdA PIDE 6 MESES DE DETENCI\u00d3N PREVENTIVA<br><br>Durante la imputaci\u00f3n formal, de 18 p\u00e1ginas a la que accedi\u00f3 IN NOTICIAS, la Fiscal\u00eda solicita al juez cautelar seis meses de detenci\u00f3n preventiva para el imputado, plazo que considera necesario para desarrollar distintos actos investigativos. Entre ellos, la realizaci\u00f3n de una pericia psicol\u00f3gica a la v\u00edctima, a trav\u00e9s del IDIF, para determinar la afectaci\u00f3n emocional que habr\u00eda sufrido como consecuencia de las agresiones denunciadas; una pericia de psicolog\u00eda forense al imputado, tambi\u00e9n mediante el IDIF, destinada a establecer sus niveles de agresividad; la recepci\u00f3n de la entrevista testifical del hermano de la v\u00edctima y el trabajo t\u00e9cnico de laboratorio sobre el tel\u00e9fono celular de la v\u00edctima.<br><\/p><\/p>\n\n\n\n<figure class=\"wp-block-image size-large\"><img data-recalc-dims=\"1\" loading=\"lazy\" decoding=\"async\" width=\"640\" height=\"804\" src=\"https:\/\/i0.wp.com\/innoticiasbo.com\/wp-content\/uploads\/2026\/09\/fb_img_17886247668387284824254776780593.jpg?resize=640%2C804&#038;ssl=1\" alt=\"\" class=\"wp-image-15586\" srcset=\"https:\/\/i0.wp.com\/innoticiasbo.com\/wp-content\/uploads\/2026\/09\/fb_img_17886247668387284824254776780593.jpg?resize=815%2C1024&amp;ssl=1 815w, https:\/\/i0.wp.com\/innoticiasbo.com\/wp-content\/uploads\/2026\/09\/fb_img_17886247668387284824254776780593.jpg?resize=239%2C300&amp;ssl=1 239w, https:\/\/i0.wp.com\/innoticiasbo.com\/wp-content\/uploads\/2026\/09\/fb_img_17886247668387284824254776780593.jpg?resize=768%2C964&amp;ssl=1 768w, https:\/\/i0.wp.com\/innoticiasbo.com\/wp-content\/uploads\/2026\/09\/fb_img_17886247668387284824254776780593.jpg?w=1040&amp;ssl=1 1040w\" sizes=\"auto, (max-width: 640px) 100vw, 640px\" \/><\/figure>\n\n\n\n<p>La fiscal del caso sostiene que la detenci\u00f3n preventiva es necesaria porque las medidas sustitutivas \u201cno frenar\u00e1n el ciclo de violencia\u201d ni impedir\u00e1n que el imputado pueda coaccionar a la v\u00edctima o a los testigos. Asimismo, considera que la medida es proporcional, debido a que el derecho a la vida y a la integridad de una mujer en situaci\u00f3n de vulnerabilidad prevalece temporalmente sobre la libertad del presunto agresor. La Fiscal\u00eda tambi\u00e9n califica la solicitud como razonable, al se\u00f1alar que los seis meses constituyen un plazo estrictamente necesario para que el Ministerio P\u00fablico concluya los actos investigativos pendientes, bajo una perspectiva de g\u00e9nero, conforme a la Constituci\u00f3n y al bloque de constitucionalidad, que \u2014seg\u00fan la fiscal\u2014 exige actuar con debida diligencia.<\/p>\n\n\n\n<figure class=\"wp-block-image size-large\"><img data-recalc-dims=\"1\" loading=\"lazy\" decoding=\"async\" width=\"640\" height=\"846\" src=\"https:\/\/i0.wp.com\/innoticiasbo.com\/wp-content\/uploads\/2026\/09\/fb_img_17886247715003153406066370349923.jpg?resize=640%2C846&#038;ssl=1\" alt=\"\" class=\"wp-image-15587\" srcset=\"https:\/\/i0.wp.com\/innoticiasbo.com\/wp-content\/uploads\/2026\/09\/fb_img_17886247715003153406066370349923.jpg?resize=775%2C1024&amp;ssl=1 775w, https:\/\/i0.wp.com\/innoticiasbo.com\/wp-content\/uploads\/2026\/09\/fb_img_17886247715003153406066370349923.jpg?resize=227%2C300&amp;ssl=1 227w, https:\/\/i0.wp.com\/innoticiasbo.com\/wp-content\/uploads\/2026\/09\/fb_img_17886247715003153406066370349923.jpg?resize=768%2C1015&amp;ssl=1 768w, https:\/\/i0.wp.com\/innoticiasbo.com\/wp-content\/uploads\/2026\/09\/fb_img_17886247715003153406066370349923.jpg?w=917&amp;ssl=1 917w\" sizes=\"auto, (max-width: 640px) 100vw, 640px\" \/><\/figure>\n\n\n\n<p>LA RELACION DE HECHAS QUE LA FISCAL\u00cdA LE PLANTE\u00d3 AL JUEZ<br><br>De acuerdo con la relaci\u00f3n de hechos incluida en la imputaci\u00f3n fiscal,\u00a0 una de las primeras agresiones denunciadas ocurri\u00f3 en marzo de 2025, cuando la v\u00edctima habr\u00eda sido golpeada en el rostro y las piernas, adem\u00e1s de haber sido retenida e incomunicada. Posteriormente, el 1 de mayo de ese mismo a\u00f1o, la Fiscal\u00eda refiere que Ustariz habr\u00eda estrangulado a su esposa hasta hacerle perder el conocimiento, adem\u00e1s de golpearla en diferentes partes del cuerpo y amenazarla.<br><br>La imputaci\u00f3n tambi\u00e9n describe un hecho ocurrido el 6 de agosto de 2025, cuando, seg\u00fan la denuncia, la mujer fue agredida dentro de un veh\u00edculo y posteriormente abandonada en la oscuridad, luego de recibir golpes y ser empujada hacia unos matorrales.<br><br>Pero uno de los antecedentes m\u00e1s graves descritos en el documento corresponde al 2 de febrero de 2026.<br><br> Seg\u00fan la Fiscal\u00eda, Ustariz habr\u00eda ejercido una fuerte presi\u00f3n psicol\u00f3gica sobre la v\u00edctima y le habr\u00eda dicho que prefer\u00eda verla muerta antes que serle infiel. La imputaci\u00f3n se\u00f1ala que la mujer entr\u00f3 en un estado de shock y subi\u00f3 al \u00faltimo piso de su condominio con la intenci\u00f3n de lanzarse al vac\u00edo, siendo finalmente rescatada por su padre y su hermano.<\/p>\n\n\n\n<figure class=\"wp-block-image size-large\"><img data-recalc-dims=\"1\" loading=\"lazy\" decoding=\"async\" width=\"640\" height=\"777\" src=\"https:\/\/i0.wp.com\/innoticiasbo.com\/wp-content\/uploads\/2026\/09\/fb_img_17886247769814223602481065559460.jpg?resize=640%2C777&#038;ssl=1\" alt=\"\" class=\"wp-image-15588\" srcset=\"https:\/\/i0.wp.com\/innoticiasbo.com\/wp-content\/uploads\/2026\/09\/fb_img_17886247769814223602481065559460.jpg?w=811&amp;ssl=1 811w, https:\/\/i0.wp.com\/innoticiasbo.com\/wp-content\/uploads\/2026\/09\/fb_img_17886247769814223602481065559460.jpg?resize=247%2C300&amp;ssl=1 247w, https:\/\/i0.wp.com\/innoticiasbo.com\/wp-content\/uploads\/2026\/09\/fb_img_17886247769814223602481065559460.jpg?resize=768%2C932&amp;ssl=1 768w\" sizes=\"auto, (max-width: 640px) 100vw, 640px\" \/><\/figure>\n\n\n\n<p>El documento fiscal tambi\u00e9n refiere que, tras un viaje del investigado a Sucre, se habr\u00eda intensificado el control sobre la v\u00edctima mediante llamadas constantes, exigencias para compartir su ubicaci\u00f3n en tiempo real, fotograf\u00edas de los lugares donde se encontraba y reportes sobre las personas con las que permanec\u00eda.<br><br>Otro hecho central de la investigaci\u00f3n fiscal\u00a0 ocurri\u00f3 el 1 de julio de 2026. Seg\u00fan la imputaci\u00f3n, Ustariz habr\u00eda interceptado a su esposa a la salida de su trabajo, la oblig\u00f3 a subir a su veh\u00edculo, la golpe\u00f3 y posteriormente le habr\u00eda apuntado con un arma de fuego de uso reglamentario, amenaz\u00e1ndola de muerte. La v\u00edctima habr\u00eda logrado escapar cuando el arma cay\u00f3 debajo del asiento y el investigado intentaba recuperarla.<\/p>\n\n\n\n<figure class=\"wp-block-image size-large\"><img data-recalc-dims=\"1\" loading=\"lazy\" decoding=\"async\" width=\"640\" height=\"799\" src=\"https:\/\/i0.wp.com\/innoticiasbo.com\/wp-content\/uploads\/2026\/09\/fb_img_1788624781775877794100859097420.jpg?resize=640%2C799&#038;ssl=1\" alt=\"\" class=\"wp-image-15589\" srcset=\"https:\/\/i0.wp.com\/innoticiasbo.com\/wp-content\/uploads\/2026\/09\/fb_img_1788624781775877794100859097420.jpg?resize=820%2C1024&amp;ssl=1 820w, https:\/\/i0.wp.com\/innoticiasbo.com\/wp-content\/uploads\/2026\/09\/fb_img_1788624781775877794100859097420.jpg?resize=240%2C300&amp;ssl=1 240w, https:\/\/i0.wp.com\/innoticiasbo.com\/wp-content\/uploads\/2026\/09\/fb_img_1788624781775877794100859097420.jpg?resize=768%2C959&amp;ssl=1 768w, https:\/\/i0.wp.com\/innoticiasbo.com\/wp-content\/uploads\/2026\/09\/fb_img_1788624781775877794100859097420.jpg?w=979&amp;ssl=1 979w\" sizes=\"auto, (max-width: 640px) 100vw, 640px\" \/><\/figure>\n\n\n\n<p>La Fiscal\u00eda tambi\u00e9n incorpor\u00f3 informes psicol\u00f3gicos que describen una presunta din\u00e1mica reiterada y progresiva de violencia, caracterizada por celos persistentes, control de movimientos, vigilancia, insultos, desvalorizaci\u00f3n, intimidaci\u00f3n y amenazas. El informe menciona adem\u00e1s una afectaci\u00f3n emocional significativa, con cuadros de ansiedad, depresi\u00f3n y temor constante por la vida de la denunciante.<br><br>Esta tarde, la autoridad judicial deber\u00e1 considerar los elementos presentados por el Ministerio P\u00fablico y definir la situaci\u00f3n jur\u00eddica del capit\u00e1n de Polic\u00eda, en una audiencia cautelar que genera expectativa por la gravedad de los hechos denunciados y la escalada de violencia descrita en la investigaci\u00f3n preliminar de la fiscal\u00eda.<\/p>\n","protected":false},"excerpt":{"rendered":"<p>Cochabamba, 5 de septiembre de 2026.- Hoy a las 14:00 Hrs ser\u00e1 puesto ante un juez cautelar el capit\u00e1n de Polic\u00eda Cristhian Ustariz Caballero, procesado por tentativa de feminicidio, en un caso que expone un presunto historial de violencia f\u00edsica, psicol\u00f3gica, amenazas y control contra su esposa seg\u00fan datos incorporados a la investigaci\u00f3n por la&#8230;<\/p>\n","protected":false},"author":12,"featured_media":15590,"comment_status":"open","ping_status":"open","sticky":false,"template":"","format":"standard","meta":{"_jetpack_memberships_contains_paid_content":false,"footnotes":"","jetpack_publicize_message":"","jetpack_publicize_feature_enabled":true,"jetpack_social_post_already_shared":true,"jetpack_social_options":{"image_generator_settings":{"template":"highway","enabled":false},"version":2}},"categories":[1,2,15],"tags":[3256,7,4063,6,1129,195,4062],"class_list":["post-15591","post","type-post","status-publish","format-standard","has-post-thumbnail","hentry","category-bolivia","category-cochabamba","category-seguridad","tag-audiencia-cautelar","tag-bolivia","tag-capitan-cristhian-ustariz-caballero","tag-cochabamba","tag-el-avispero","tag-in-noticias","tag-violencia-intrafamiliar"],"jetpack_publicize_connections":[],"yoast_head":"<!-- This site is optimized with the Yoast SEO plugin v23.4 - https:\/\/yoast.com\/wordpress\/plugins\/seo\/ -->\n<title>HOY DEFINEN LA SUERTE DEL CAPIT\u00c1N CRISTHIAN USTARIZ, PROCESADO POR TENTATIVA DE FEMINICIDIO; LA FISCAL\u00cdA PEDIR\u00c1 DETENCI\u00d3N PREVENTIVA POR SEIS MESES - innoticiasbo.com<\/title>\n<meta name=\"robots\" content=\"index, follow, max-snippet:-1, max-image-preview:large, max-video-preview:-1\" \/>\n<link rel=\"canonical\" href=\"https:\/\/innoticiasbo.com\/index.php\/2026\/09\/05\/hoy-definen-la-suerte-del-capitan-cristhian-ustariz-procesado-por-tentativa-de-feminicidio-la-fiscalia-pedira-detencion-preventiva-por-seis-meses\/\" \/>\n<meta property=\"og:locale\" content=\"es_ES\" \/>\n<meta property=\"og:type\" content=\"article\" \/>\n<meta property=\"og:title\" content=\"HOY DEFINEN LA SUERTE DEL CAPIT\u00c1N CRISTHIAN USTARIZ, PROCESADO POR TENTATIVA DE FEMINICIDIO; LA FISCAL\u00cdA PEDIR\u00c1 DETENCI\u00d3N PREVENTIVA POR SEIS MESES - innoticiasbo.com\" \/>\n<meta property=\"og:description\" content=\"Cochabamba, 5 de septiembre de 2026.- Hoy a las 14:00 Hrs ser\u00e1 puesto ante un juez cautelar el capit\u00e1n de Polic\u00eda Cristhian Ustariz Caballero, procesado por tentativa de feminicidio, en un caso que expone un presunto historial de violencia f\u00edsica, psicol\u00f3gica, amenazas y control contra su esposa seg\u00fan datos incorporados a la investigaci\u00f3n por la...\" \/>\n<meta property=\"og:url\" content=\"https:\/\/innoticiasbo.com\/index.php\/2026\/09\/05\/hoy-definen-la-suerte-del-capitan-cristhian-ustariz-procesado-por-tentativa-de-feminicidio-la-fiscalia-pedira-detencion-preventiva-por-seis-meses\/\" \/>\n<meta property=\"og:site_name\" content=\"innoticiasbo.com\" \/>\n<meta property=\"article:publisher\" content=\"https:\/\/www.facebook.com\/innoticiasbolivia\" \/>\n<meta property=\"article:published_time\" content=\"2026-09-05T16:20:27+00:00\" \/>\n<meta property=\"article:modified_time\" content=\"2026-09-05T16:22:24+00:00\" \/>\n<meta property=\"og:image\" content=\"https:\/\/i0.wp.com\/innoticiasbo.com\/wp-content\/uploads\/2026\/09\/image_editor_output_image-1658368900-1788625317659.jpg?fit=617%2C1167&ssl=1\" \/>\n\t<meta property=\"og:image:width\" content=\"617\" \/>\n\t<meta property=\"og:image:height\" content=\"1167\" \/>\n\t<meta property=\"og:image:type\" content=\"image\/jpeg\" \/>\n<meta name=\"author\" content=\"Jason Gonzales\" \/>\n<meta name=\"twitter:card\" content=\"summary_large_image\" \/>\n<meta name=\"twitter:creator\" content=\"@innoticiasbo\" \/>\n<meta name=\"twitter:site\" content=\"@innoticiasbo\" \/>\n<meta name=\"twitter:label1\" content=\"Escrito por\" \/>\n\t<meta name=\"twitter:data1\" content=\"Jason Gonzales\" \/>\n\t<meta name=\"twitter:label2\" content=\"Tiempo de lectura\" \/>\n\t<meta name=\"twitter:data2\" content=\"4 minutos\" \/>\n<script type=\"application\/ld+json\" class=\"yoast-schema-graph\">{\"@context\":\"https:\/\/schema.org\",\"@graph\":[{\"@type\":\"Article\",\"@id\":\"https:\/\/innoticiasbo.com\/index.php\/2026\/09\/05\/hoy-definen-la-suerte-del-capitan-cristhian-ustariz-procesado-por-tentativa-de-feminicidio-la-fiscalia-pedira-detencion-preventiva-por-seis-meses\/#article\",\"isPartOf\":{\"@id\":\"https:\/\/innoticiasbo.com\/index.php\/2026\/09\/05\/hoy-definen-la-suerte-del-capitan-cristhian-ustariz-procesado-por-tentativa-de-feminicidio-la-fiscalia-pedira-detencion-preventiva-por-seis-meses\/\"},\"author\":{\"name\":\"Jason Gonzales\",\"@id\":\"https:\/\/innoticiasbo.com\/#\/schema\/person\/9af0c49836719fb5d47b55cc879140ce\"},\"headline\":\"HOY DEFINEN LA SUERTE DEL CAPIT\u00c1N CRISTHIAN USTARIZ, PROCESADO POR TENTATIVA DE FEMINICIDIO; LA FISCAL\u00cdA PEDIR\u00c1 DETENCI\u00d3N PREVENTIVA POR SEIS MESES\",\"datePublished\":\"2026-09-05T16:20:27+00:00\",\"dateModified\":\"2026-09-05T16:22:24+00:00\",\"mainEntityOfPage\":{\"@id\":\"https:\/\/innoticiasbo.com\/index.php\/2026\/09\/05\/hoy-definen-la-suerte-del-capitan-cristhian-ustariz-procesado-por-tentativa-de-feminicidio-la-fiscalia-pedira-detencion-preventiva-por-seis-meses\/\"},\"wordCount\":887,\"commentCount\":0,\"publisher\":{\"@id\":\"https:\/\/innoticiasbo.com\/#organization\"},\"image\":{\"@id\":\"https:\/\/innoticiasbo.com\/index.php\/2026\/09\/05\/hoy-definen-la-suerte-del-capitan-cristhian-ustariz-procesado-por-tentativa-de-feminicidio-la-fiscalia-pedira-detencion-preventiva-por-seis-meses\/#primaryimage\"},\"thumbnailUrl\":\"https:\/\/i0.wp.com\/innoticiasbo.com\/wp-content\/uploads\/2026\/09\/image_editor_output_image-1658368900-1788625317659.jpg?fit=617%2C1167&ssl=1\",\"keywords\":[\"Audiencia Cautelar\",\"Bolivia\",\"Capit\u00e1n Cristhian Ustariz Caballero\",\"Cochabamba\",\"El Avispero\",\"IN Noticias\",\"Violencia intrafamiliar\"],\"articleSection\":[\"Bolivia\",\"Cochabamba\",\"Seguridad\"],\"inLanguage\":\"es\",\"potentialAction\":[{\"@type\":\"CommentAction\",\"name\":\"Comment\",\"target\":[\"https:\/\/innoticiasbo.com\/index.php\/2026\/09\/05\/hoy-definen-la-suerte-del-capitan-cristhian-ustariz-procesado-por-tentativa-de-feminicidio-la-fiscalia-pedira-detencion-preventiva-por-seis-meses\/#respond\"]}]},{\"@type\":\"WebPage\",\"@id\":\"https:\/\/innoticiasbo.com\/index.php\/2026\/09\/05\/hoy-definen-la-suerte-del-capitan-cristhian-ustariz-procesado-por-tentativa-de-feminicidio-la-fiscalia-pedira-detencion-preventiva-por-seis-meses\/\",\"url\":\"https:\/\/innoticiasbo.com\/index.php\/2026\/09\/05\/hoy-definen-la-suerte-del-capitan-cristhian-ustariz-procesado-por-tentativa-de-feminicidio-la-fiscalia-pedira-detencion-preventiva-por-seis-meses\/\",\"name\":\"HOY DEFINEN LA SUERTE DEL CAPIT\u00c1N CRISTHIAN USTARIZ, PROCESADO POR TENTATIVA DE FEMINICIDIO; LA FISCAL\u00cdA PEDIR\u00c1 DETENCI\u00d3N PREVENTIVA POR SEIS MESES - innoticiasbo.com\",\"isPartOf\":{\"@id\":\"https:\/\/innoticiasbo.com\/#website\"},\"primaryImageOfPage\":{\"@id\":\"https:\/\/innoticiasbo.com\/index.php\/2026\/09\/05\/hoy-definen-la-suerte-del-capitan-cristhian-ustariz-procesado-por-tentativa-de-feminicidio-la-fiscalia-pedira-detencion-preventiva-por-seis-meses\/#primaryimage\"},\"image\":{\"@id\":\"https:\/\/innoticiasbo.com\/index.php\/2026\/09\/05\/hoy-definen-la-suerte-del-capitan-cristhian-ustariz-procesado-por-tentativa-de-feminicidio-la-fiscalia-pedira-detencion-preventiva-por-seis-meses\/#primaryimage\"},\"thumbnailUrl\":\"https:\/\/i0.wp.com\/innoticiasbo.com\/wp-content\/uploads\/2026\/09\/image_editor_output_image-1658368900-1788625317659.jpg?fit=617%2C1167&ssl=1\",\"datePublished\":\"2026-09-05T16:20:27+00:00\",\"dateModified\":\"2026-09-05T16:22:24+00:00\",\"breadcrumb\":{\"@id\":\"https:\/\/innoticiasbo.com\/index.php\/2026\/09\/05\/hoy-definen-la-suerte-del-capitan-cristhian-ustariz-procesado-por-tentativa-de-feminicidio-la-fiscalia-pedira-detencion-preventiva-por-seis-meses\/#breadcrumb\"},\"inLanguage\":\"es\",\"potentialAction\":[{\"@type\":\"ReadAction\",\"target\":[\"https:\/\/innoticiasbo.com\/index.php\/2026\/09\/05\/hoy-definen-la-suerte-del-capitan-cristhian-ustariz-procesado-por-tentativa-de-feminicidio-la-fiscalia-pedira-detencion-preventiva-por-seis-meses\/\"]}]},{\"@type\":\"ImageObject\",\"inLanguage\":\"es\",\"@id\":\"https:\/\/innoticiasbo.com\/index.php\/2026\/09\/05\/hoy-definen-la-suerte-del-capitan-cristhian-ustariz-procesado-por-tentativa-de-feminicidio-la-fiscalia-pedira-detencion-preventiva-por-seis-meses\/#primaryimage\",\"url\":\"https:\/\/i0.wp.com\/innoticiasbo.com\/wp-content\/uploads\/2026\/09\/image_editor_output_image-1658368900-1788625317659.jpg?fit=617%2C1167&ssl=1\",\"contentUrl\":\"https:\/\/i0.wp.com\/innoticiasbo.com\/wp-content\/uploads\/2026\/09\/image_editor_output_image-1658368900-1788625317659.jpg?fit=617%2C1167&ssl=1\",\"width\":617,\"height\":1167},{\"@type\":\"BreadcrumbList\",\"@id\":\"https:\/\/innoticiasbo.com\/index.php\/2026\/09\/05\/hoy-definen-la-suerte-del-capitan-cristhian-ustariz-procesado-por-tentativa-de-feminicidio-la-fiscalia-pedira-detencion-preventiva-por-seis-meses\/#breadcrumb\",\"itemListElement\":[{\"@type\":\"ListItem\",\"position\":1,\"name\":\"Portada\",\"item\":\"https:\/\/innoticiasbo.com\/\"},{\"@type\":\"ListItem\",\"position\":2,\"name\":\"HOY DEFINEN LA SUERTE DEL CAPIT\u00c1N CRISTHIAN USTARIZ, PROCESADO POR TENTATIVA DE FEMINICIDIO; LA FISCAL\u00cdA PEDIR\u00c1 DETENCI\u00d3N PREVENTIVA POR SEIS MESES\"}]},{\"@type\":\"WebSite\",\"@id\":\"https:\/\/innoticiasbo.com\/#website\",\"url\":\"https:\/\/innoticiasbo.com\/\",\"name\":\"innoticiasbo.com\",\"description\":\"\",\"publisher\":{\"@id\":\"https:\/\/innoticiasbo.com\/#organization\"},\"potentialAction\":[{\"@type\":\"SearchAction\",\"target\":{\"@type\":\"EntryPoint\",\"urlTemplate\":\"https:\/\/innoticiasbo.com\/?s={search_term_string}\"},\"query-input\":{\"@type\":\"PropertyValueSpecification\",\"valueRequired\":true,\"valueName\":\"search_term_string\"}}],\"inLanguage\":\"es\"},{\"@type\":\"Organization\",\"@id\":\"https:\/\/innoticiasbo.com\/#organization\",\"name\":\"innoticiasbo.com\",\"url\":\"https:\/\/innoticiasbo.com\/\",\"logo\":{\"@type\":\"ImageObject\",\"inLanguage\":\"es\",\"@id\":\"https:\/\/innoticiasbo.com\/#\/schema\/logo\/image\/\",\"url\":\"https:\/\/i0.wp.com\/innoticiasbo.com\/wp-content\/uploads\/2026\/04\/cropped-IN-LOGO.png?fit=1476%2C1476&ssl=1\",\"contentUrl\":\"https:\/\/i0.wp.com\/innoticiasbo.com\/wp-content\/uploads\/2026\/04\/cropped-IN-LOGO.png?fit=1476%2C1476&ssl=1\",\"width\":1476,\"height\":1476,\"caption\":\"innoticiasbo.com\"},\"image\":{\"@id\":\"https:\/\/innoticiasbo.com\/#\/schema\/logo\/image\/\"},\"sameAs\":[\"https:\/\/www.facebook.com\/innoticiasbolivia\",\"https:\/\/x.com\/innoticiasbo\",\"https:\/\/www.instagram.com\/innoticiasbo\",\"https:\/\/www.youtube.com\/innoticiasbo\"]},{\"@type\":\"Person\",\"@id\":\"https:\/\/innoticiasbo.com\/#\/schema\/person\/9af0c49836719fb5d47b55cc879140ce\",\"name\":\"Jason Gonzales\",\"image\":{\"@type\":\"ImageObject\",\"inLanguage\":\"es\",\"@id\":\"https:\/\/innoticiasbo.com\/#\/schema\/person\/image\/\",\"url\":\"https:\/\/secure.gravatar.com\/avatar\/ff64cacc93e8658997d62d298b4dff23?s=96&d=mm&r=g\",\"contentUrl\":\"https:\/\/secure.gravatar.com\/avatar\/ff64cacc93e8658997d62d298b4dff23?s=96&d=mm&r=g\",\"caption\":\"Jason Gonzales\"},\"sameAs\":[\"http:\/\/www.innoticiasbo.com\"],\"url\":\"https:\/\/innoticiasbo.com\/index.php\/author\/prensa-8\/\"}]}<\/script>\n<!-- \/ Yoast SEO plugin. -->","yoast_head_json":{"title":"HOY DEFINEN LA SUERTE DEL CAPIT\u00c1N CRISTHIAN USTARIZ, PROCESADO POR TENTATIVA DE FEMINICIDIO; LA FISCAL\u00cdA PEDIR\u00c1 DETENCI\u00d3N PREVENTIVA POR SEIS MESES - innoticiasbo.com","robots":{"index":"index","follow":"follow","max-snippet":"max-snippet:-1","max-image-preview":"max-image-preview:large","max-video-preview":"max-video-preview:-1"},"canonical":"https:\/\/innoticiasbo.com\/index.php\/2026\/09\/05\/hoy-definen-la-suerte-del-capitan-cristhian-ustariz-procesado-por-tentativa-de-feminicidio-la-fiscalia-pedira-detencion-preventiva-por-seis-meses\/","og_locale":"es_ES","og_type":"article","og_title":"HOY DEFINEN LA SUERTE DEL CAPIT\u00c1N CRISTHIAN USTARIZ, PROCESADO POR TENTATIVA DE FEMINICIDIO; LA FISCAL\u00cdA PEDIR\u00c1 DETENCI\u00d3N PREVENTIVA POR SEIS MESES - innoticiasbo.com","og_description":"Cochabamba, 5 de septiembre de 2026.- Hoy a las 14:00 Hrs ser\u00e1 puesto ante un juez cautelar el capit\u00e1n de Polic\u00eda Cristhian Ustariz Caballero, procesado por tentativa de feminicidio, en un caso que expone un presunto historial de violencia f\u00edsica, psicol\u00f3gica, amenazas y control contra su esposa seg\u00fan datos incorporados a la investigaci\u00f3n por la...","og_url":"https:\/\/innoticiasbo.com\/index.php\/2026\/09\/05\/hoy-definen-la-suerte-del-capitan-cristhian-ustariz-procesado-por-tentativa-de-feminicidio-la-fiscalia-pedira-detencion-preventiva-por-seis-meses\/","og_site_name":"innoticiasbo.com","article_publisher":"https:\/\/www.facebook.com\/innoticiasbolivia","article_published_time":"2026-09-05T16:20:27+00:00","article_modified_time":"2026-09-05T16:22:24+00:00","og_image":[{"width":617,"height":1167,"url":"https:\/\/i0.wp.com\/innoticiasbo.com\/wp-content\/uploads\/2026\/09\/image_editor_output_image-1658368900-1788625317659.jpg?fit=617%2C1167&ssl=1","type":"image\/jpeg"}],"author":"Jason Gonzales","twitter_card":"summary_large_image","twitter_creator":"@innoticiasbo","twitter_site":"@innoticiasbo","twitter_misc":{"Escrito por":"Jason Gonzales","Tiempo de lectura":"4 minutos"},"schema":{"@context":"https:\/\/schema.org","@graph":[{"@type":"Article","@id":"https:\/\/innoticiasbo.com\/index.php\/2026\/09\/05\/hoy-definen-la-suerte-del-capitan-cristhian-ustariz-procesado-por-tentativa-de-feminicidio-la-fiscalia-pedira-detencion-preventiva-por-seis-meses\/#article","isPartOf":{"@id":"https:\/\/innoticiasbo.com\/index.php\/2026\/09\/05\/hoy-definen-la-suerte-del-capitan-cristhian-ustariz-procesado-por-tentativa-de-feminicidio-la-fiscalia-pedira-detencion-preventiva-por-seis-meses\/"},"author":{"name":"Jason Gonzales","@id":"https:\/\/innoticiasbo.com\/#\/schema\/person\/9af0c49836719fb5d47b55cc879140ce"},"headline":"HOY DEFINEN LA SUERTE DEL CAPIT\u00c1N CRISTHIAN USTARIZ, PROCESADO POR TENTATIVA DE FEMINICIDIO; LA FISCAL\u00cdA PEDIR\u00c1 DETENCI\u00d3N PREVENTIVA POR SEIS MESES","datePublished":"2026-09-05T16:20:27+00:00","dateModified":"2026-09-05T16:22:24+00:00","mainEntityOfPage":{"@id":"https:\/\/innoticiasbo.com\/index.php\/2026\/09\/05\/hoy-definen-la-suerte-del-capitan-cristhian-ustariz-procesado-por-tentativa-de-feminicidio-la-fiscalia-pedira-detencion-preventiva-por-seis-meses\/"},"wordCount":887,"commentCount":0,"publisher":{"@id":"https:\/\/innoticiasbo.com\/#organization"},"image":{"@id":"https:\/\/innoticiasbo.com\/index.php\/2026\/09\/05\/hoy-definen-la-suerte-del-capitan-cristhian-ustariz-procesado-por-tentativa-de-feminicidio-la-fiscalia-pedira-detencion-preventiva-por-seis-meses\/#primaryimage"},"thumbnailUrl":"https:\/\/i0.wp.com\/innoticiasbo.com\/wp-content\/uploads\/2026\/09\/image_editor_output_image-1658368900-1788625317659.jpg?fit=617%2C1167&ssl=1","keywords":["Audiencia Cautelar","Bolivia","Capit\u00e1n Cristhian Ustariz Caballero","Cochabamba","El Avispero","IN Noticias","Violencia intrafamiliar"],"articleSection":["Bolivia","Cochabamba","Seguridad"],"inLanguage":"es","potentialAction":[{"@type":"CommentAction","name":"Comment","target":["https:\/\/innoticiasbo.com\/index.php\/2026\/09\/05\/hoy-definen-la-suerte-del-capitan-cristhian-ustariz-procesado-por-tentativa-de-feminicidio-la-fiscalia-pedira-detencion-preventiva-por-seis-meses\/#respond"]}]},{"@type":"WebPage","@id":"https:\/\/innoticiasbo.com\/index.php\/2026\/09\/05\/hoy-definen-la-suerte-del-capitan-cristhian-ustariz-procesado-por-tentativa-de-feminicidio-la-fiscalia-pedira-detencion-preventiva-por-seis-meses\/","url":"https:\/\/innoticiasbo.com\/index.php\/2026\/09\/05\/hoy-definen-la-suerte-del-capitan-cristhian-ustariz-procesado-por-tentativa-de-feminicidio-la-fiscalia-pedira-detencion-preventiva-por-seis-meses\/","name":"HOY DEFINEN LA SUERTE DEL CAPIT\u00c1N CRISTHIAN USTARIZ, PROCESADO POR TENTATIVA DE FEMINICIDIO; LA FISCAL\u00cdA PEDIR\u00c1 DETENCI\u00d3N PREVENTIVA POR SEIS MESES - innoticiasbo.com","isPartOf":{"@id":"https:\/\/innoticiasbo.com\/#website"},"primaryImageOfPage":{"@id":"https:\/\/innoticiasbo.com\/index.php\/2026\/09\/05\/hoy-definen-la-suerte-del-capitan-cristhian-ustariz-procesado-por-tentativa-de-feminicidio-la-fiscalia-pedira-detencion-preventiva-por-seis-meses\/#primaryimage"},"image":{"@id":"https:\/\/innoticiasbo.com\/index.php\/2026\/09\/05\/hoy-definen-la-suerte-del-capitan-cristhian-ustariz-procesado-por-tentativa-de-feminicidio-la-fiscalia-pedira-detencion-preventiva-por-seis-meses\/#primaryimage"},"thumbnailUrl":"https:\/\/i0.wp.com\/innoticiasbo.com\/wp-content\/uploads\/2026\/09\/image_editor_output_image-1658368900-1788625317659.jpg?fit=617%2C1167&ssl=1","datePublished":"2026-09-05T16:20:27+00:00","dateModified":"2026-09-05T16:22:24+00:00","breadcrumb":{"@id":"https:\/\/innoticiasbo.com\/index.php\/2026\/09\/05\/hoy-definen-la-suerte-del-capitan-cristhian-ustariz-procesado-por-tentativa-de-feminicidio-la-fiscalia-pedira-detencion-preventiva-por-seis-meses\/#breadcrumb"},"inLanguage":"es","potentialAction":[{"@type":"ReadAction","target":["https:\/\/innoticiasbo.com\/index.php\/2026\/09\/05\/hoy-definen-la-suerte-del-capitan-cristhian-ustariz-procesado-por-tentativa-de-feminicidio-la-fiscalia-pedira-detencion-preventiva-por-seis-meses\/"]}]},{"@type":"ImageObject","inLanguage":"es","@id":"https:\/\/innoticiasbo.com\/index.php\/2026\/09\/05\/hoy-definen-la-suerte-del-capitan-cristhian-ustariz-procesado-por-tentativa-de-feminicidio-la-fiscalia-pedira-detencion-preventiva-por-seis-meses\/#primaryimage","url":"https:\/\/i0.wp.com\/innoticiasbo.com\/wp-content\/uploads\/2026\/09\/image_editor_output_image-1658368900-1788625317659.jpg?fit=617%2C1167&ssl=1","contentUrl":"https:\/\/i0.wp.com\/innoticiasbo.com\/wp-content\/uploads\/2026\/09\/image_editor_output_image-1658368900-1788625317659.jpg?fit=617%2C1167&ssl=1","width":617,"height":1167},{"@type":"BreadcrumbList","@id":"https:\/\/innoticiasbo.com\/index.php\/2026\/09\/05\/hoy-definen-la-suerte-del-capitan-cristhian-ustariz-procesado-por-tentativa-de-feminicidio-la-fiscalia-pedira-detencion-preventiva-por-seis-meses\/#breadcrumb","itemListElement":[{"@type":"ListItem","position":1,"name":"Portada","item":"https:\/\/innoticiasbo.com\/"},{"@type":"ListItem","position":2,"name":"HOY DEFINEN LA SUERTE DEL CAPIT\u00c1N CRISTHIAN USTARIZ, PROCESADO POR TENTATIVA DE FEMINICIDIO; LA FISCAL\u00cdA PEDIR\u00c1 DETENCI\u00d3N PREVENTIVA POR SEIS MESES"}]},{"@type":"WebSite","@id":"https:\/\/innoticiasbo.com\/#website","url":"https:\/\/innoticiasbo.com\/","name":"innoticiasbo.com","description":"","publisher":{"@id":"https:\/\/innoticiasbo.com\/#organization"},"potentialAction":[{"@type":"SearchAction","target":{"@type":"EntryPoint","urlTemplate":"https:\/\/innoticiasbo.com\/?s={search_term_string}"},"query-input":{"@type":"PropertyValueSpecification","valueRequired":true,"valueName":"search_term_string"}}],"inLanguage":"es"},{"@type":"Organization","@id":"https:\/\/innoticiasbo.com\/#organization","name":"innoticiasbo.com","url":"https:\/\/innoticiasbo.com\/","logo":{"@type":"ImageObject","inLanguage":"es","@id":"https:\/\/innoticiasbo.com\/#\/schema\/logo\/image\/","url":"https:\/\/i0.wp.com\/innoticiasbo.com\/wp-content\/uploads\/2026\/04\/cropped-IN-LOGO.png?fit=1476%2C1476&ssl=1","contentUrl":"https:\/\/i0.wp.com\/innoticiasbo.com\/wp-content\/uploads\/2026\/04\/cropped-IN-LOGO.png?fit=1476%2C1476&ssl=1","width":1476,"height":1476,"caption":"innoticiasbo.com"},"image":{"@id":"https:\/\/innoticiasbo.com\/#\/schema\/logo\/image\/"},"sameAs":["https:\/\/www.facebook.com\/innoticiasbolivia","https:\/\/x.com\/innoticiasbo","https:\/\/www.instagram.com\/innoticiasbo","https:\/\/www.youtube.com\/innoticiasbo"]},{"@type":"Person","@id":"https:\/\/innoticiasbo.com\/#\/schema\/person\/9af0c49836719fb5d47b55cc879140ce","name":"Jason Gonzales","image":{"@type":"ImageObject","inLanguage":"es","@id":"https:\/\/innoticiasbo.com\/#\/schema\/person\/image\/","url":"https:\/\/secure.gravatar.com\/avatar\/ff64cacc93e8658997d62d298b4dff23?s=96&d=mm&r=g","contentUrl":"https:\/\/secure.gravatar.com\/avatar\/ff64cacc93e8658997d62d298b4dff23?s=96&d=mm&r=g","caption":"Jason Gonzales"},"sameAs":["http:\/\/www.innoticiasbo.com"],"url":"https:\/\/innoticiasbo.com\/index.php\/author\/prensa-8\/"}]}},"jetpack_featured_media_url":"https:\/\/i0.wp.com\/innoticiasbo.com\/wp-content\/uploads\/2026\/09\/image_editor_output_image-1658368900-1788625317659.jpg?fit=617%2C1167&ssl=1","jetpack_likes_enabled":true,"jetpack_sharing_enabled":true,"jetpack_shortlink":"https:\/\/wp.me\/pg298x-43t","_links":{"self":[{"href":"https:\/\/innoticiasbo.com\/index.php\/wp-json\/wp\/v2\/posts\/15591","targetHints":{"allow":["GET"]}}],"collection":[{"href":"https:\/\/innoticiasbo.com\/index.php\/wp-json\/wp\/v2\/posts"}],"about":[{"href":"https:\/\/innoticiasbo.com\/index.php\/wp-json\/wp\/v2\/types\/post"}],"author":[{"embeddable":true,"href":"https:\/\/innoticiasbo.com\/index.php\/wp-json\/wp\/v2\/users\/12"}],"replies":[{"embeddable":true,"href":"https:\/\/innoticiasbo.com\/index.php\/wp-json\/wp\/v2\/comments?post=15591"}],"version-history":[{"count":1,"href":"https:\/\/innoticiasbo.com\/index.php\/wp-json\/wp\/v2\/posts\/15591\/revisions"}],"predecessor-version":[{"id":15592,"href":"https:\/\/innoticiasbo.com\/index.php\/wp-json\/wp\/v2\/posts\/15591\/revisions\/15592"}],"wp:featuredmedia":[{"embeddable":true,"href":"https:\/\/innoticiasbo.com\/index.php\/wp-json\/wp\/v2\/media\/15590"}],"wp:attachment":[{"href":"https:\/\/innoticiasbo.com\/index.php\/wp-json\/wp\/v2\/media?parent=15591"}],"wp:term":[{"taxonomy":"category","embeddable":true,"href":"https:\/\/innoticiasbo.com\/index.php\/wp-json\/wp\/v2\/categories?post=15591"},{"taxonomy":"post_tag","embeddable":true,"href":"https:\/\/innoticiasbo.com\/index.php\/wp-json\/wp\/v2\/tags?post=15591"}],"curies":[{"name":"wp","href":"https:\/\/api.w.org\/{rel}","templated":true}]}}