{"id":15579,"date":"2026-09-04T10:30:32","date_gmt":"2026-09-04T14:30:32","guid":{"rendered":"https:\/\/innoticiasbo.com\/?p=15579"},"modified":"2026-09-04T10:40:46","modified_gmt":"2026-09-04T14:40:46","slug":"envian-a-la-carcel-a-militar-por-la-desaparicion-de-33-608-municiones-de-un-cuartel","status":"publish","type":"post","link":"https:\/\/innoticiasbo.com\/index.php\/2026\/09\/04\/envian-a-la-carcel-a-militar-por-la-desaparicion-de-33-608-municiones-de-un-cuartel\/","title":{"rendered":"ENV\u00cdAN A LA C\u00c1RCEL A MILITAR POR LA DESAPARICI\u00d3N DE 33.608 MUNICIONES DE UN CUARTEL"},"content":{"rendered":"\n<figure class=\"wp-block-image size-large\"><img data-recalc-dims=\"1\" loading=\"lazy\" decoding=\"async\" width=\"640\" height=\"359\" src=\"https:\/\/i0.wp.com\/innoticiasbo.com\/wp-content\/uploads\/2026\/09\/image_editor_output_image891459758-17885294103513395181629931253218.jpg?resize=640%2C359&#038;ssl=1\" alt=\"\" class=\"wp-image-15577\" srcset=\"https:\/\/i0.wp.com\/innoticiasbo.com\/wp-content\/uploads\/2026\/09\/image_editor_output_image891459758-17885294103513395181629931253218.jpg?w=993&amp;ssl=1 993w, https:\/\/i0.wp.com\/innoticiasbo.com\/wp-content\/uploads\/2026\/09\/image_editor_output_image891459758-17885294103513395181629931253218.jpg?resize=300%2C168&amp;ssl=1 300w, https:\/\/i0.wp.com\/innoticiasbo.com\/wp-content\/uploads\/2026\/09\/image_editor_output_image891459758-17885294103513395181629931253218.jpg?resize=768%2C431&amp;ssl=1 768w\" sizes=\"auto, (max-width: 640px) 100vw, 640px\" \/><\/figure>\n\n\n\n<p>Santa Cruz, 4 de septiembre.- El militar, encargado de custodiar el dep\u00f3sito del cuartel, cumplir\u00e1 120 d\u00edas de detenci\u00f3n preventiva en Cerprom. La Fiscal\u00eda sospecha que las balas fueron sustra\u00eddas durante varios meses y que las cajas fueron rellenadas con cemento para ocultar el faltante.<\/p>\n\n\n\n<p>Un teniente del Ej\u00e9rcito encargado de custodiar el dep\u00f3sito de armas y municiones del Regimiento de Satinadores RS-2 \u2018Cnel. Francisco Manchego\u2019, en Montero, fue enviado este jueves al Centro de Readaptaci\u00f3n Productiva de Montero (Cerprom) con 120 d\u00edas de detenci\u00f3n preventiva por la desaparici\u00f3n de 33.608 municiones calibre 5,56 x 45 mil\u00edmetros.<br><br>La decisi\u00f3n judicial se produjo dentro de la investigaci\u00f3n por el presunto delito de hurto de material militar. El fiscal de Montero, Carlos Candia, inform\u00f3 que el militar era responsable de la custodia del dep\u00f3sito donde se encontraban las municiones desaparecidas.<br><br>La cantidad sustra\u00edda representa aproximadamente 400 kilos de munici\u00f3n y una p\u00e9rdida econ\u00f3mica superior a Bs 800.000, de acuerdo con la informaci\u00f3n proporcionada por la Fiscal\u00eda.<\/p>\n\n\n\n<p>Uno de los elementos que m\u00e1s preocupa a los investigadores es el mecanismo que habr\u00eda sido utilizado para ocultar la desaparici\u00f3n de las municiones.<br><br>Seg\u00fan Candia, las cajas donde estaban almacenados los cartuchos fueron rellenadas con cemento para aparentar que continuaban llenas, pese a que las balas ya hab\u00edan sido retiradas.<br><br>Este hallazgo lleva a la Fiscal\u00eda a sospechar que la sustracci\u00f3n no ocurri\u00f3 de una sola vez, sino que habr\u00eda sido ejecutada de manera progresiva durante un periodo prolongado. \u201cCreemos que este hecho ha sido permanente durante varios meses, porque se trata de mucho material, muchas municiones\u201d, afirm\u00f3 el fiscal.<\/p>\n\n\n\n<p>Candia explic\u00f3 que el teniente detenido estaba a cargo del dep\u00f3sito desde enero, aunque antes y durante ese periodo tambi\u00e9n hubo otras personas responsables de la custodia del arsenal.<br><br>La Fiscal\u00eda expres\u00f3 preocupaci\u00f3n por el destino que pudieron tener los cartuchos, debido a que son compatibles con distintos fusiles de asalto.<br><br>Candia se\u00f1al\u00f3 que la munici\u00f3n 5,56 x 45 puede utilizarse en armas como Galil, M-16 y AR-15, por lo que advirti\u00f3 que su eventual circulaci\u00f3n fuera del control militar representa un riesgo para la seguridad. \u201cEsta munici\u00f3n es un peligro que est\u00e9 afuera, quiz\u00e1s en manos de civiles o de gente dedicada a actividades il\u00edcitas\u201d, sostuvo.<\/p>\n\n\n\n<p>El fiscal agreg\u00f3 que este tipo de municiones puede ser utilizado por organizaciones dedicadas al narcotr\u00e1fico y otras actividades criminales. \u201cEs alarmante, es sorprendente porque este tipo de munici\u00f3n es compatible con varios tipos de armas, varios fusiles que normalmente manejan narcotr\u00e1fico\u201d, afirm\u00f3.<br><br>En este caso tambi\u00e9n fueron convocados otros militares en calidad de testigos para reconstruir la cadena de custodia de las municiones y establecer qui\u00e9nes tuvieron acceso al dep\u00f3sito. Ahora los investigadores buscan determinar cu\u00e1ndo comenz\u00f3 la sustracci\u00f3n, c\u00f3mo fueron retirados los 33.608 cartuchos, qui\u00e9nes participaron y cu\u00e1l fue el destino final del material militar.<\/p>\n\n\n\n<p>Fuente: El Deber <\/p>\n","protected":false},"excerpt":{"rendered":"<p>Santa Cruz, 4 de septiembre.- El militar, encargado de custodiar el dep\u00f3sito del cuartel, cumplir\u00e1 120 d\u00edas de detenci\u00f3n preventiva en Cerprom. La Fiscal\u00eda sospecha que las balas fueron sustra\u00eddas durante varios meses y que las cajas fueron rellenadas con cemento para ocultar el faltante. Un teniente del Ej\u00e9rcito encargado de custodiar el dep\u00f3sito de&#8230;<\/p>\n","protected":false},"author":12,"featured_media":15578,"comment_status":"open","ping_status":"open","sticky":false,"template":"","format":"standard","meta":{"_jetpack_memberships_contains_paid_content":false,"footnotes":"","jetpack_publicize_message":"","jetpack_publicize_feature_enabled":true,"jetpack_social_post_already_shared":true,"jetpack_social_options":{"image_generator_settings":{"template":"highway","enabled":false},"version":2}},"categories":[1],"tags":[7,4057,3404,4056,597,4058,167],"class_list":["post-15579","post","type-post","status-publish","format-standard","has-post-thumbnail","hentry","category-bolivia","tag-bolivia","tag-carcel-de-montero","tag-desaparicion","tag-envian","tag-militar","tag-municion","tag-santa-cruz"],"jetpack_publicize_connections":[],"yoast_head":"<!-- This site is optimized with the Yoast SEO plugin v23.4 - https:\/\/yoast.com\/wordpress\/plugins\/seo\/ -->\n<title>ENV\u00cdAN A LA C\u00c1RCEL A MILITAR POR LA DESAPARICI\u00d3N DE 33.608 MUNICIONES DE UN CUARTEL - innoticiasbo.com<\/title>\n<meta name=\"robots\" content=\"index, follow, max-snippet:-1, max-image-preview:large, max-video-preview:-1\" \/>\n<link rel=\"canonical\" href=\"https:\/\/innoticiasbo.com\/index.php\/2026\/09\/04\/envian-a-la-carcel-a-militar-por-la-desaparicion-de-33-608-municiones-de-un-cuartel\/\" \/>\n<meta property=\"og:locale\" content=\"es_ES\" \/>\n<meta property=\"og:type\" content=\"article\" \/>\n<meta property=\"og:title\" content=\"ENV\u00cdAN A LA C\u00c1RCEL A MILITAR POR LA DESAPARICI\u00d3N DE 33.608 MUNICIONES DE UN CUARTEL - innoticiasbo.com\" \/>\n<meta property=\"og:description\" content=\"Santa Cruz, 4 de septiembre.- El militar, encargado de custodiar el dep\u00f3sito del cuartel, cumplir\u00e1 120 d\u00edas de detenci\u00f3n preventiva en Cerprom. La Fiscal\u00eda sospecha que las balas fueron sustra\u00eddas durante varios meses y que las cajas fueron rellenadas con cemento para ocultar el faltante. Un teniente del Ej\u00e9rcito encargado de custodiar el dep\u00f3sito de...\" \/>\n<meta property=\"og:url\" content=\"https:\/\/innoticiasbo.com\/index.php\/2026\/09\/04\/envian-a-la-carcel-a-militar-por-la-desaparicion-de-33-608-municiones-de-un-cuartel\/\" \/>\n<meta property=\"og:site_name\" content=\"innoticiasbo.com\" \/>\n<meta property=\"article:publisher\" content=\"https:\/\/www.facebook.com\/innoticiasbolivia\" \/>\n<meta property=\"article:published_time\" content=\"2026-09-04T14:30:32+00:00\" \/>\n<meta property=\"article:modified_time\" content=\"2026-09-04T14:40:46+00:00\" \/>\n<meta property=\"og:image\" content=\"https:\/\/i0.wp.com\/innoticiasbo.com\/wp-content\/uploads\/2026\/09\/image_editor_output_image891459758-1788529537404.jpg?fit=997%2C563&ssl=1\" \/>\n\t<meta property=\"og:image:width\" content=\"997\" \/>\n\t<meta property=\"og:image:height\" content=\"563\" \/>\n\t<meta property=\"og:image:type\" content=\"image\/jpeg\" \/>\n<meta name=\"author\" content=\"Jason Gonzales\" \/>\n<meta name=\"twitter:card\" content=\"summary_large_image\" \/>\n<meta name=\"twitter:creator\" content=\"@innoticiasbo\" \/>\n<meta name=\"twitter:site\" content=\"@innoticiasbo\" \/>\n<meta name=\"twitter:label1\" content=\"Escrito por\" \/>\n\t<meta name=\"twitter:data1\" content=\"Jason Gonzales\" \/>\n\t<meta name=\"twitter:label2\" content=\"Tiempo de lectura\" \/>\n\t<meta name=\"twitter:data2\" content=\"3 minutos\" \/>\n<script type=\"application\/ld+json\" class=\"yoast-schema-graph\">{\"@context\":\"https:\/\/schema.org\",\"@graph\":[{\"@type\":\"Article\",\"@id\":\"https:\/\/innoticiasbo.com\/index.php\/2026\/09\/04\/envian-a-la-carcel-a-militar-por-la-desaparicion-de-33-608-municiones-de-un-cuartel\/#article\",\"isPartOf\":{\"@id\":\"https:\/\/innoticiasbo.com\/index.php\/2026\/09\/04\/envian-a-la-carcel-a-militar-por-la-desaparicion-de-33-608-municiones-de-un-cuartel\/\"},\"author\":{\"name\":\"Jason Gonzales\",\"@id\":\"https:\/\/innoticiasbo.com\/#\/schema\/person\/9af0c49836719fb5d47b55cc879140ce\"},\"headline\":\"ENV\u00cdAN A LA C\u00c1RCEL A MILITAR POR LA DESAPARICI\u00d3N DE 33.608 MUNICIONES DE UN CUARTEL\",\"datePublished\":\"2026-09-04T14:30:32+00:00\",\"dateModified\":\"2026-09-04T14:40:46+00:00\",\"mainEntityOfPage\":{\"@id\":\"https:\/\/innoticiasbo.com\/index.php\/2026\/09\/04\/envian-a-la-carcel-a-militar-por-la-desaparicion-de-33-608-municiones-de-un-cuartel\/\"},\"wordCount\":529,\"commentCount\":0,\"publisher\":{\"@id\":\"https:\/\/innoticiasbo.com\/#organization\"},\"image\":{\"@id\":\"https:\/\/innoticiasbo.com\/index.php\/2026\/09\/04\/envian-a-la-carcel-a-militar-por-la-desaparicion-de-33-608-municiones-de-un-cuartel\/#primaryimage\"},\"thumbnailUrl\":\"https:\/\/i0.wp.com\/innoticiasbo.com\/wp-content\/uploads\/2026\/09\/image_editor_output_image891459758-1788529537404.jpg?fit=997%2C563&ssl=1\",\"keywords\":[\"Bolivia\",\"C\u00e1rcel de Montero\",\"Desaparici\u00f3n\",\"Env\u00edan\",\"militar\",\"Munici\u00f3n\",\"Santa Cruz\"],\"articleSection\":[\"Bolivia\"],\"inLanguage\":\"es\",\"potentialAction\":[{\"@type\":\"CommentAction\",\"name\":\"Comment\",\"target\":[\"https:\/\/innoticiasbo.com\/index.php\/2026\/09\/04\/envian-a-la-carcel-a-militar-por-la-desaparicion-de-33-608-municiones-de-un-cuartel\/#respond\"]}]},{\"@type\":\"WebPage\",\"@id\":\"https:\/\/innoticiasbo.com\/index.php\/2026\/09\/04\/envian-a-la-carcel-a-militar-por-la-desaparicion-de-33-608-municiones-de-un-cuartel\/\",\"url\":\"https:\/\/innoticiasbo.com\/index.php\/2026\/09\/04\/envian-a-la-carcel-a-militar-por-la-desaparicion-de-33-608-municiones-de-un-cuartel\/\",\"name\":\"ENV\u00cdAN A LA C\u00c1RCEL A MILITAR POR LA DESAPARICI\u00d3N DE 33.608 MUNICIONES DE UN CUARTEL - innoticiasbo.com\",\"isPartOf\":{\"@id\":\"https:\/\/innoticiasbo.com\/#website\"},\"primaryImageOfPage\":{\"@id\":\"https:\/\/innoticiasbo.com\/index.php\/2026\/09\/04\/envian-a-la-carcel-a-militar-por-la-desaparicion-de-33-608-municiones-de-un-cuartel\/#primaryimage\"},\"image\":{\"@id\":\"https:\/\/innoticiasbo.com\/index.php\/2026\/09\/04\/envian-a-la-carcel-a-militar-por-la-desaparicion-de-33-608-municiones-de-un-cuartel\/#primaryimage\"},\"thumbnailUrl\":\"https:\/\/i0.wp.com\/innoticiasbo.com\/wp-content\/uploads\/2026\/09\/image_editor_output_image891459758-1788529537404.jpg?fit=997%2C563&ssl=1\",\"datePublished\":\"2026-09-04T14:30:32+00:00\",\"dateModified\":\"2026-09-04T14:40:46+00:00\",\"breadcrumb\":{\"@id\":\"https:\/\/innoticiasbo.com\/index.php\/2026\/09\/04\/envian-a-la-carcel-a-militar-por-la-desaparicion-de-33-608-municiones-de-un-cuartel\/#breadcrumb\"},\"inLanguage\":\"es\",\"potentialAction\":[{\"@type\":\"ReadAction\",\"target\":[\"https:\/\/innoticiasbo.com\/index.php\/2026\/09\/04\/envian-a-la-carcel-a-militar-por-la-desaparicion-de-33-608-municiones-de-un-cuartel\/\"]}]},{\"@type\":\"ImageObject\",\"inLanguage\":\"es\",\"@id\":\"https:\/\/innoticiasbo.com\/index.php\/2026\/09\/04\/envian-a-la-carcel-a-militar-por-la-desaparicion-de-33-608-municiones-de-un-cuartel\/#primaryimage\",\"url\":\"https:\/\/i0.wp.com\/innoticiasbo.com\/wp-content\/uploads\/2026\/09\/image_editor_output_image891459758-1788529537404.jpg?fit=997%2C563&ssl=1\",\"contentUrl\":\"https:\/\/i0.wp.com\/innoticiasbo.com\/wp-content\/uploads\/2026\/09\/image_editor_output_image891459758-1788529537404.jpg?fit=997%2C563&ssl=1\",\"width\":997,\"height\":563},{\"@type\":\"BreadcrumbList\",\"@id\":\"https:\/\/innoticiasbo.com\/index.php\/2026\/09\/04\/envian-a-la-carcel-a-militar-por-la-desaparicion-de-33-608-municiones-de-un-cuartel\/#breadcrumb\",\"itemListElement\":[{\"@type\":\"ListItem\",\"position\":1,\"name\":\"Portada\",\"item\":\"https:\/\/innoticiasbo.com\/\"},{\"@type\":\"ListItem\",\"position\":2,\"name\":\"ENV\u00cdAN A LA C\u00c1RCEL A MILITAR POR LA DESAPARICI\u00d3N DE 33.608 MUNICIONES DE UN CUARTEL\"}]},{\"@type\":\"WebSite\",\"@id\":\"https:\/\/innoticiasbo.com\/#website\",\"url\":\"https:\/\/innoticiasbo.com\/\",\"name\":\"innoticiasbo.com\",\"description\":\"\",\"publisher\":{\"@id\":\"https:\/\/innoticiasbo.com\/#organization\"},\"potentialAction\":[{\"@type\":\"SearchAction\",\"target\":{\"@type\":\"EntryPoint\",\"urlTemplate\":\"https:\/\/innoticiasbo.com\/?s={search_term_string}\"},\"query-input\":{\"@type\":\"PropertyValueSpecification\",\"valueRequired\":true,\"valueName\":\"search_term_string\"}}],\"inLanguage\":\"es\"},{\"@type\":\"Organization\",\"@id\":\"https:\/\/innoticiasbo.com\/#organization\",\"name\":\"innoticiasbo.com\",\"url\":\"https:\/\/innoticiasbo.com\/\",\"logo\":{\"@type\":\"ImageObject\",\"inLanguage\":\"es\",\"@id\":\"https:\/\/innoticiasbo.com\/#\/schema\/logo\/image\/\",\"url\":\"https:\/\/i0.wp.com\/innoticiasbo.com\/wp-content\/uploads\/2026\/04\/cropped-IN-LOGO.png?fit=1476%2C1476&ssl=1\",\"contentUrl\":\"https:\/\/i0.wp.com\/innoticiasbo.com\/wp-content\/uploads\/2026\/04\/cropped-IN-LOGO.png?fit=1476%2C1476&ssl=1\",\"width\":1476,\"height\":1476,\"caption\":\"innoticiasbo.com\"},\"image\":{\"@id\":\"https:\/\/innoticiasbo.com\/#\/schema\/logo\/image\/\"},\"sameAs\":[\"https:\/\/www.facebook.com\/innoticiasbolivia\",\"https:\/\/x.com\/innoticiasbo\",\"https:\/\/www.instagram.com\/innoticiasbo\",\"https:\/\/www.youtube.com\/innoticiasbo\"]},{\"@type\":\"Person\",\"@id\":\"https:\/\/innoticiasbo.com\/#\/schema\/person\/9af0c49836719fb5d47b55cc879140ce\",\"name\":\"Jason Gonzales\",\"image\":{\"@type\":\"ImageObject\",\"inLanguage\":\"es\",\"@id\":\"https:\/\/innoticiasbo.com\/#\/schema\/person\/image\/\",\"url\":\"https:\/\/secure.gravatar.com\/avatar\/ff64cacc93e8658997d62d298b4dff23?s=96&d=mm&r=g\",\"contentUrl\":\"https:\/\/secure.gravatar.com\/avatar\/ff64cacc93e8658997d62d298b4dff23?s=96&d=mm&r=g\",\"caption\":\"Jason Gonzales\"},\"sameAs\":[\"http:\/\/www.innoticiasbo.com\"],\"url\":\"https:\/\/innoticiasbo.com\/index.php\/author\/prensa-8\/\"}]}<\/script>\n<!-- \/ Yoast SEO plugin. -->","yoast_head_json":{"title":"ENV\u00cdAN A LA C\u00c1RCEL A MILITAR POR LA DESAPARICI\u00d3N DE 33.608 MUNICIONES DE UN CUARTEL - innoticiasbo.com","robots":{"index":"index","follow":"follow","max-snippet":"max-snippet:-1","max-image-preview":"max-image-preview:large","max-video-preview":"max-video-preview:-1"},"canonical":"https:\/\/innoticiasbo.com\/index.php\/2026\/09\/04\/envian-a-la-carcel-a-militar-por-la-desaparicion-de-33-608-municiones-de-un-cuartel\/","og_locale":"es_ES","og_type":"article","og_title":"ENV\u00cdAN A LA C\u00c1RCEL A MILITAR POR LA DESAPARICI\u00d3N DE 33.608 MUNICIONES DE UN CUARTEL - innoticiasbo.com","og_description":"Santa Cruz, 4 de septiembre.- El militar, encargado de custodiar el dep\u00f3sito del cuartel, cumplir\u00e1 120 d\u00edas de detenci\u00f3n preventiva en Cerprom. La Fiscal\u00eda sospecha que las balas fueron sustra\u00eddas durante varios meses y que las cajas fueron rellenadas con cemento para ocultar el faltante. Un teniente del Ej\u00e9rcito encargado de custodiar el dep\u00f3sito de...","og_url":"https:\/\/innoticiasbo.com\/index.php\/2026\/09\/04\/envian-a-la-carcel-a-militar-por-la-desaparicion-de-33-608-municiones-de-un-cuartel\/","og_site_name":"innoticiasbo.com","article_publisher":"https:\/\/www.facebook.com\/innoticiasbolivia","article_published_time":"2026-09-04T14:30:32+00:00","article_modified_time":"2026-09-04T14:40:46+00:00","og_image":[{"width":997,"height":563,"url":"https:\/\/i0.wp.com\/innoticiasbo.com\/wp-content\/uploads\/2026\/09\/image_editor_output_image891459758-1788529537404.jpg?fit=997%2C563&ssl=1","type":"image\/jpeg"}],"author":"Jason Gonzales","twitter_card":"summary_large_image","twitter_creator":"@innoticiasbo","twitter_site":"@innoticiasbo","twitter_misc":{"Escrito por":"Jason Gonzales","Tiempo de lectura":"3 minutos"},"schema":{"@context":"https:\/\/schema.org","@graph":[{"@type":"Article","@id":"https:\/\/innoticiasbo.com\/index.php\/2026\/09\/04\/envian-a-la-carcel-a-militar-por-la-desaparicion-de-33-608-municiones-de-un-cuartel\/#article","isPartOf":{"@id":"https:\/\/innoticiasbo.com\/index.php\/2026\/09\/04\/envian-a-la-carcel-a-militar-por-la-desaparicion-de-33-608-municiones-de-un-cuartel\/"},"author":{"name":"Jason Gonzales","@id":"https:\/\/innoticiasbo.com\/#\/schema\/person\/9af0c49836719fb5d47b55cc879140ce"},"headline":"ENV\u00cdAN A LA C\u00c1RCEL A MILITAR POR LA DESAPARICI\u00d3N DE 33.608 MUNICIONES DE UN CUARTEL","datePublished":"2026-09-04T14:30:32+00:00","dateModified":"2026-09-04T14:40:46+00:00","mainEntityOfPage":{"@id":"https:\/\/innoticiasbo.com\/index.php\/2026\/09\/04\/envian-a-la-carcel-a-militar-por-la-desaparicion-de-33-608-municiones-de-un-cuartel\/"},"wordCount":529,"commentCount":0,"publisher":{"@id":"https:\/\/innoticiasbo.com\/#organization"},"image":{"@id":"https:\/\/innoticiasbo.com\/index.php\/2026\/09\/04\/envian-a-la-carcel-a-militar-por-la-desaparicion-de-33-608-municiones-de-un-cuartel\/#primaryimage"},"thumbnailUrl":"https:\/\/i0.wp.com\/innoticiasbo.com\/wp-content\/uploads\/2026\/09\/image_editor_output_image891459758-1788529537404.jpg?fit=997%2C563&ssl=1","keywords":["Bolivia","C\u00e1rcel de Montero","Desaparici\u00f3n","Env\u00edan","militar","Munici\u00f3n","Santa Cruz"],"articleSection":["Bolivia"],"inLanguage":"es","potentialAction":[{"@type":"CommentAction","name":"Comment","target":["https:\/\/innoticiasbo.com\/index.php\/2026\/09\/04\/envian-a-la-carcel-a-militar-por-la-desaparicion-de-33-608-municiones-de-un-cuartel\/#respond"]}]},{"@type":"WebPage","@id":"https:\/\/innoticiasbo.com\/index.php\/2026\/09\/04\/envian-a-la-carcel-a-militar-por-la-desaparicion-de-33-608-municiones-de-un-cuartel\/","url":"https:\/\/innoticiasbo.com\/index.php\/2026\/09\/04\/envian-a-la-carcel-a-militar-por-la-desaparicion-de-33-608-municiones-de-un-cuartel\/","name":"ENV\u00cdAN A LA C\u00c1RCEL A MILITAR POR LA DESAPARICI\u00d3N DE 33.608 MUNICIONES DE UN CUARTEL - innoticiasbo.com","isPartOf":{"@id":"https:\/\/innoticiasbo.com\/#website"},"primaryImageOfPage":{"@id":"https:\/\/innoticiasbo.com\/index.php\/2026\/09\/04\/envian-a-la-carcel-a-militar-por-la-desaparicion-de-33-608-municiones-de-un-cuartel\/#primaryimage"},"image":{"@id":"https:\/\/innoticiasbo.com\/index.php\/2026\/09\/04\/envian-a-la-carcel-a-militar-por-la-desaparicion-de-33-608-municiones-de-un-cuartel\/#primaryimage"},"thumbnailUrl":"https:\/\/i0.wp.com\/innoticiasbo.com\/wp-content\/uploads\/2026\/09\/image_editor_output_image891459758-1788529537404.jpg?fit=997%2C563&ssl=1","datePublished":"2026-09-04T14:30:32+00:00","dateModified":"2026-09-04T14:40:46+00:00","breadcrumb":{"@id":"https:\/\/innoticiasbo.com\/index.php\/2026\/09\/04\/envian-a-la-carcel-a-militar-por-la-desaparicion-de-33-608-municiones-de-un-cuartel\/#breadcrumb"},"inLanguage":"es","potentialAction":[{"@type":"ReadAction","target":["https:\/\/innoticiasbo.com\/index.php\/2026\/09\/04\/envian-a-la-carcel-a-militar-por-la-desaparicion-de-33-608-municiones-de-un-cuartel\/"]}]},{"@type":"ImageObject","inLanguage":"es","@id":"https:\/\/innoticiasbo.com\/index.php\/2026\/09\/04\/envian-a-la-carcel-a-militar-por-la-desaparicion-de-33-608-municiones-de-un-cuartel\/#primaryimage","url":"https:\/\/i0.wp.com\/innoticiasbo.com\/wp-content\/uploads\/2026\/09\/image_editor_output_image891459758-1788529537404.jpg?fit=997%2C563&ssl=1","contentUrl":"https:\/\/i0.wp.com\/innoticiasbo.com\/wp-content\/uploads\/2026\/09\/image_editor_output_image891459758-1788529537404.jpg?fit=997%2C563&ssl=1","width":997,"height":563},{"@type":"BreadcrumbList","@id":"https:\/\/innoticiasbo.com\/index.php\/2026\/09\/04\/envian-a-la-carcel-a-militar-por-la-desaparicion-de-33-608-municiones-de-un-cuartel\/#breadcrumb","itemListElement":[{"@type":"ListItem","position":1,"name":"Portada","item":"https:\/\/innoticiasbo.com\/"},{"@type":"ListItem","position":2,"name":"ENV\u00cdAN A LA C\u00c1RCEL A MILITAR POR LA DESAPARICI\u00d3N DE 33.608 MUNICIONES DE UN CUARTEL"}]},{"@type":"WebSite","@id":"https:\/\/innoticiasbo.com\/#website","url":"https:\/\/innoticiasbo.com\/","name":"innoticiasbo.com","description":"","publisher":{"@id":"https:\/\/innoticiasbo.com\/#organization"},"potentialAction":[{"@type":"SearchAction","target":{"@type":"EntryPoint","urlTemplate":"https:\/\/innoticiasbo.com\/?s={search_term_string}"},"query-input":{"@type":"PropertyValueSpecification","valueRequired":true,"valueName":"search_term_string"}}],"inLanguage":"es"},{"@type":"Organization","@id":"https:\/\/innoticiasbo.com\/#organization","name":"innoticiasbo.com","url":"https:\/\/innoticiasbo.com\/","logo":{"@type":"ImageObject","inLanguage":"es","@id":"https:\/\/innoticiasbo.com\/#\/schema\/logo\/image\/","url":"https:\/\/i0.wp.com\/innoticiasbo.com\/wp-content\/uploads\/2026\/04\/cropped-IN-LOGO.png?fit=1476%2C1476&ssl=1","contentUrl":"https:\/\/i0.wp.com\/innoticiasbo.com\/wp-content\/uploads\/2026\/04\/cropped-IN-LOGO.png?fit=1476%2C1476&ssl=1","width":1476,"height":1476,"caption":"innoticiasbo.com"},"image":{"@id":"https:\/\/innoticiasbo.com\/#\/schema\/logo\/image\/"},"sameAs":["https:\/\/www.facebook.com\/innoticiasbolivia","https:\/\/x.com\/innoticiasbo","https:\/\/www.instagram.com\/innoticiasbo","https:\/\/www.youtube.com\/innoticiasbo"]},{"@type":"Person","@id":"https:\/\/innoticiasbo.com\/#\/schema\/person\/9af0c49836719fb5d47b55cc879140ce","name":"Jason Gonzales","image":{"@type":"ImageObject","inLanguage":"es","@id":"https:\/\/innoticiasbo.com\/#\/schema\/person\/image\/","url":"https:\/\/secure.gravatar.com\/avatar\/ff64cacc93e8658997d62d298b4dff23?s=96&d=mm&r=g","contentUrl":"https:\/\/secure.gravatar.com\/avatar\/ff64cacc93e8658997d62d298b4dff23?s=96&d=mm&r=g","caption":"Jason Gonzales"},"sameAs":["http:\/\/www.innoticiasbo.com"],"url":"https:\/\/innoticiasbo.com\/index.php\/author\/prensa-8\/"}]}},"jetpack_featured_media_url":"https:\/\/i0.wp.com\/innoticiasbo.com\/wp-content\/uploads\/2026\/09\/image_editor_output_image891459758-1788529537404.jpg?fit=997%2C563&ssl=1","jetpack_likes_enabled":true,"jetpack_sharing_enabled":true,"jetpack_shortlink":"https:\/\/wp.me\/pg298x-43h","_links":{"self":[{"href":"https:\/\/innoticiasbo.com\/index.php\/wp-json\/wp\/v2\/posts\/15579","targetHints":{"allow":["GET"]}}],"collection":[{"href":"https:\/\/innoticiasbo.com\/index.php\/wp-json\/wp\/v2\/posts"}],"about":[{"href":"https:\/\/innoticiasbo.com\/index.php\/wp-json\/wp\/v2\/types\/post"}],"author":[{"embeddable":true,"href":"https:\/\/innoticiasbo.com\/index.php\/wp-json\/wp\/v2\/users\/12"}],"replies":[{"embeddable":true,"href":"https:\/\/innoticiasbo.com\/index.php\/wp-json\/wp\/v2\/comments?post=15579"}],"version-history":[{"count":1,"href":"https:\/\/innoticiasbo.com\/index.php\/wp-json\/wp\/v2\/posts\/15579\/revisions"}],"predecessor-version":[{"id":15580,"href":"https:\/\/innoticiasbo.com\/index.php\/wp-json\/wp\/v2\/posts\/15579\/revisions\/15580"}],"wp:featuredmedia":[{"embeddable":true,"href":"https:\/\/innoticiasbo.com\/index.php\/wp-json\/wp\/v2\/media\/15578"}],"wp:attachment":[{"href":"https:\/\/innoticiasbo.com\/index.php\/wp-json\/wp\/v2\/media?parent=15579"}],"wp:term":[{"taxonomy":"category","embeddable":true,"href":"https:\/\/innoticiasbo.com\/index.php\/wp-json\/wp\/v2\/categories?post=15579"},{"taxonomy":"post_tag","embeddable":true,"href":"https:\/\/innoticiasbo.com\/index.php\/wp-json\/wp\/v2\/tags?post=15579"}],"curies":[{"name":"wp","href":"https:\/\/api.w.org\/{rel}","templated":true}]}}