{"id":15575,"date":"2026-09-04T10:30:07","date_gmt":"2026-09-04T14:30:07","guid":{"rendered":"https:\/\/innoticiasbo.com\/?p=15575"},"modified":"2026-09-04T10:40:43","modified_gmt":"2026-09-04T14:40:43","slug":"nuevo-comandante-de-la-policia-anuncia-patrullajes-focalizados-para-reforzar-la-seguridad-en-santa-cruz","status":"publish","type":"post","link":"https:\/\/innoticiasbo.com\/index.php\/2026\/09\/04\/nuevo-comandante-de-la-policia-anuncia-patrullajes-focalizados-para-reforzar-la-seguridad-en-santa-cruz\/","title":{"rendered":"NUEVO COMANDANTE DE LA POLIC\u00cdA ANUNCIA PATRULLAJES FOCALIZADOS PARA REFORZAR LA SEGURIDAD EN SANTA CRUZ"},"content":{"rendered":"\n<figure class=\"wp-block-image size-large\"><img data-recalc-dims=\"1\" loading=\"lazy\" decoding=\"async\" width=\"640\" height=\"360\" src=\"https:\/\/i0.wp.com\/innoticiasbo.com\/wp-content\/uploads\/2026\/09\/image_editor_output_image-870312820-17885289925956444565197799125814.jpg?resize=640%2C360&#038;ssl=1\" alt=\"\" class=\"wp-image-15573\" srcset=\"https:\/\/i0.wp.com\/innoticiasbo.com\/wp-content\/uploads\/2026\/09\/image_editor_output_image-870312820-17885289925956444565197799125814.jpg?w=1002&amp;ssl=1 1002w, https:\/\/i0.wp.com\/innoticiasbo.com\/wp-content\/uploads\/2026\/09\/image_editor_output_image-870312820-17885289925956444565197799125814.jpg?resize=300%2C169&amp;ssl=1 300w, https:\/\/i0.wp.com\/innoticiasbo.com\/wp-content\/uploads\/2026\/09\/image_editor_output_image-870312820-17885289925956444565197799125814.jpg?resize=768%2C432&amp;ssl=1 768w\" sizes=\"auto, (max-width: 640px) 100vw, 640px\" \/><\/figure>\n\n\n\n<p>Santa Cruz, 4 de septiembre.- Adri\u00e1n \u00c1lvarez Arizmendi lleg\u00f3 a Santa Cruz para evaluar la capacidad operativa del Comando Departamental y anunci\u00f3 una nueva estrategia de prevenci\u00f3n del delito. Tambi\u00e9n anticip\u00f3 cambios dentro de la instituci\u00f3n y medidas especiales por la Expocruz.<\/p>\n\n\n\n<p>El nuevo comandante general de la Polic\u00eda Boliviana, Adri\u00e1n \u00c1lvarez Arizmendi, anunci\u00f3 este jueves la puesta en marcha de patrullajes focalizados en Santa Cruz, una estrategia que, seg\u00fan explic\u00f3, busca identificar zonas de riesgo y reforzar la prevenci\u00f3n y disuasi\u00f3n del delito.<br><br>\u00c1lvarez realiz\u00f3 una visita al Comando Departamental de Santa Cruz con el objetivo de realizar una evaluaci\u00f3n de la situaci\u00f3n operativa y administrativa de la instituci\u00f3n. Durante su recorrido, se\u00f1al\u00f3 que el viernes comenzar\u00e1 un operativo con \u201ccaracter\u00edsticas innovadoras\u201d para aumentar la presencia policial en las calles.<br><br>\u201cVamos a darle continuidad y fortalecer los planes operativos de prevenci\u00f3n que han sido desarrollados por el comandante departamental (David G\u00f3mez). El d\u00eda de ma\u00f1ana vamos a desplegar un operativo con algunas caracter\u00edsticas innovadoras. Queremos implementar los patrullajes focalizados para la disuasi\u00f3n del delito\u201d, afirm\u00f3.<\/p>\n\n\n\n<p>El nuevo jefe policial explic\u00f3 que esta metodolog\u00eda ya fue aplicada en otros pa\u00edses y, seg\u00fan su evaluaci\u00f3n, ha permitido obtener resultados favorables en materia de prevenci\u00f3n. \u201cEsta es una metodolog\u00eda que en diversos pa\u00edses y cuerpos de polic\u00eda de la regi\u00f3n han dado muy buenos resultados\u201d, se\u00f1al\u00f3.<br><br>Ante la preocupaci\u00f3n por los recientes asesinatos registrados en Santa Cruz y en distintas provincias del departamento, \u00c1lvarez anunci\u00f3 que ser\u00e1n actualizados y reforzados los planes contra el crimen organizado y de seguridad fronteriza.<br><br>Mencion\u00f3 espec\u00edficamente el Plan Alc\u00f3n, orientado a combatir el crimen organizado, y el Plan Frontera Segura, adem\u00e1s de otras estrategias implementadas por el Comando Departamental. \u201cLo que vamos a hacer es estos planes actualizarlos, reforzarlos y de esta manera generar mayor presencia policial en las calles\u201d, sostuvo.<br><br>El comandante general tambi\u00e9n indic\u00f3 que estas acciones ser\u00e1n acompa\u00f1adas por patrullajes a\u00e9reos con helic\u00f3pteros, como parte de la estrategia para ampliar la vigilancia y la capacidad de respuesta policial.<br><br>Incrementar\u00e1n polic\u00edas en Santa Cruz<br><br>\u00c1lvarez evit\u00f3 confirmar por ahora un incremento concreto del n\u00famero de efectivos destinados a Santa Cruz y explic\u00f3 que primero se realizar\u00e1 un diagn\u00f3stico de la fuerza disponible.\u00a0 \u201cForma parte de esta visita realizar un diagn\u00f3stico situacional en nuestro comando departamental, ver la fuerza operativa que tiene, todo el equipamiento que se tiene\u201d, se\u00f1al\u00f3.<br><br>El comandante explic\u00f3 que la evaluaci\u00f3n contempla tanto aspectos operativos como administrativos, con especial atenci\u00f3n a las necesidades de seguridad del departamento durante un periodo de alta afluencia de personas.<\/p>\n\n\n\n<p>Santa Cruz se prepara para su mes aniversario y para la realizaci\u00f3n de la Expocruz, evento internacional que re\u00fane a visitantes nacionales y extranjeros. Ante ello, \u00c1lvarez afirm\u00f3 que la Polic\u00eda trabaja con anticipaci\u00f3n para garantizar la seguridad durante la feria.<br><br>\u201cPara nosotros es importante garantizar la seguridad en este mes que es el mes aniversario. Nuestro departamento de Santa Cruz, la feria Expocruz que se viene, entonces nos estamos adelantando\u201d, indic\u00f3.<br><br>Frente a la preocupaci\u00f3n de la poblaci\u00f3n por los hechos de inseguridad, el comandante general pidi\u00f3 confianza en la instituci\u00f3n y asegur\u00f3 que se reforzar\u00e1n las acciones preventivas. \u201cYo lo que puedo manifestarle a nuestra poblaci\u00f3n es que conf\u00eden en su Polic\u00eda Boliviana porque definitivamente se han desarrollado y vamos a seguir realizando nuestros mayores y mejores esfuerzos para garantizar la seguridad de nuestra comunidad\u201d, afirm\u00f3.<\/p>\n\n\n\n<p>\u00c1lvarez explic\u00f3 que el patrullaje focalizado permitir\u00e1 identificar zonas y situaciones de riesgo para aplicar medidas de prevenci\u00f3n antes de que se produzcan hechos delictivos. \u201cEn funci\u00f3n a eso, con la presencia de la Polic\u00eda, los patrullajes, vamos a reducir el \u00edndice delictivo\u201d, asegur\u00f3.<br><br>El nuevo comandante general tambi\u00e9n confirm\u00f3 que actualmente se realiza una evaluaci\u00f3n interna en el Comando General y anticip\u00f3 que en los pr\u00f3ximos d\u00edas se anunciar\u00e1n posibles cambios dentro de la instituci\u00f3n.<br><br>\u201cSe est\u00e1 realizando una evaluaci\u00f3n en el Comando General conforme a la normativa interna institucional y en los pr\u00f3ximos d\u00edas vamos a anunciar qu\u00e9 cambios se van a realizar\u201d, manifest\u00f3.<\/p>\n\n\n\n<p>\u00c1lvarez continuar\u00e1 este viernes con reuniones y evaluaciones en Santa Cruz, mientras el Comando Departamental prepara el operativo de patrullajes focalizados anunciado para este viernes.<\/p>\n\n\n\n<p>Fuente: El Deber <\/p>\n","protected":false},"excerpt":{"rendered":"<p>Santa Cruz, 4 de septiembre.- Adri\u00e1n \u00c1lvarez Arizmendi lleg\u00f3 a Santa Cruz para evaluar la capacidad operativa del Comando Departamental y anunci\u00f3 una nueva estrategia de prevenci\u00f3n del delito. Tambi\u00e9n anticip\u00f3 cambios dentro de la instituci\u00f3n y medidas especiales por la Expocruz. El nuevo comandante general de la Polic\u00eda Boliviana, Adri\u00e1n \u00c1lvarez Arizmendi, anunci\u00f3 este&#8230;<\/p>\n","protected":false},"author":12,"featured_media":15574,"comment_status":"open","ping_status":"open","sticky":false,"template":"","format":"standard","meta":{"_jetpack_memberships_contains_paid_content":false,"footnotes":"","jetpack_publicize_message":"","jetpack_publicize_feature_enabled":true,"jetpack_social_post_already_shared":true,"jetpack_social_options":{"image_generator_settings":{"template":"highway","enabled":false},"version":2}},"categories":[1,15],"tags":[4004,3795,7,1991,4054,4053,4055,167,235],"class_list":["post-15575","post","type-post","status-publish","format-standard","has-post-thumbnail","hentry","category-bolivia","category-seguridad","tag-adrian-javier-alvarez","tag-anuncia","tag-bolivia","tag-comandante-de-la-policia","tag-focalizados","tag-patrullajes","tag-reforzar","tag-santa-cruz","tag-seguridad"],"jetpack_publicize_connections":[],"yoast_head":"<!-- This site is optimized with the Yoast SEO plugin v23.4 - https:\/\/yoast.com\/wordpress\/plugins\/seo\/ -->\n<title>NUEVO COMANDANTE DE LA POLIC\u00cdA ANUNCIA PATRULLAJES FOCALIZADOS PARA REFORZAR LA SEGURIDAD EN SANTA CRUZ - innoticiasbo.com<\/title>\n<meta name=\"robots\" content=\"index, follow, max-snippet:-1, max-image-preview:large, max-video-preview:-1\" \/>\n<link rel=\"canonical\" href=\"https:\/\/innoticiasbo.com\/index.php\/2026\/09\/04\/nuevo-comandante-de-la-policia-anuncia-patrullajes-focalizados-para-reforzar-la-seguridad-en-santa-cruz\/\" \/>\n<meta property=\"og:locale\" content=\"es_ES\" \/>\n<meta property=\"og:type\" content=\"article\" \/>\n<meta property=\"og:title\" content=\"NUEVO COMANDANTE DE LA POLIC\u00cdA ANUNCIA PATRULLAJES FOCALIZADOS PARA REFORZAR LA SEGURIDAD EN SANTA CRUZ - innoticiasbo.com\" \/>\n<meta property=\"og:description\" content=\"Santa Cruz, 4 de septiembre.- Adri\u00e1n \u00c1lvarez Arizmendi lleg\u00f3 a Santa Cruz para evaluar la capacidad operativa del Comando Departamental y anunci\u00f3 una nueva estrategia de prevenci\u00f3n del delito. Tambi\u00e9n anticip\u00f3 cambios dentro de la instituci\u00f3n y medidas especiales por la Expocruz. El nuevo comandante general de la Polic\u00eda Boliviana, Adri\u00e1n \u00c1lvarez Arizmendi, anunci\u00f3 este...\" \/>\n<meta property=\"og:url\" content=\"https:\/\/innoticiasbo.com\/index.php\/2026\/09\/04\/nuevo-comandante-de-la-policia-anuncia-patrullajes-focalizados-para-reforzar-la-seguridad-en-santa-cruz\/\" \/>\n<meta property=\"og:site_name\" content=\"innoticiasbo.com\" \/>\n<meta property=\"article:publisher\" content=\"https:\/\/www.facebook.com\/innoticiasbolivia\" \/>\n<meta property=\"article:published_time\" content=\"2026-09-04T14:30:07+00:00\" \/>\n<meta property=\"article:modified_time\" content=\"2026-09-04T14:40:43+00:00\" \/>\n<meta property=\"og:image\" content=\"https:\/\/i0.wp.com\/innoticiasbo.com\/wp-content\/uploads\/2026\/09\/image_editor_output_image-870312820-1788529227165.jpg?fit=999%2C561&ssl=1\" \/>\n\t<meta property=\"og:image:width\" content=\"999\" \/>\n\t<meta property=\"og:image:height\" content=\"561\" \/>\n\t<meta property=\"og:image:type\" content=\"image\/jpeg\" \/>\n<meta name=\"author\" content=\"Jason Gonzales\" \/>\n<meta name=\"twitter:card\" content=\"summary_large_image\" \/>\n<meta name=\"twitter:creator\" content=\"@innoticiasbo\" \/>\n<meta name=\"twitter:site\" content=\"@innoticiasbo\" \/>\n<meta name=\"twitter:label1\" content=\"Escrito por\" \/>\n\t<meta name=\"twitter:data1\" content=\"Jason Gonzales\" \/>\n\t<meta name=\"twitter:label2\" content=\"Tiempo de lectura\" \/>\n\t<meta name=\"twitter:data2\" content=\"4 minutos\" \/>\n<script type=\"application\/ld+json\" class=\"yoast-schema-graph\">{\"@context\":\"https:\/\/schema.org\",\"@graph\":[{\"@type\":\"Article\",\"@id\":\"https:\/\/innoticiasbo.com\/index.php\/2026\/09\/04\/nuevo-comandante-de-la-policia-anuncia-patrullajes-focalizados-para-reforzar-la-seguridad-en-santa-cruz\/#article\",\"isPartOf\":{\"@id\":\"https:\/\/innoticiasbo.com\/index.php\/2026\/09\/04\/nuevo-comandante-de-la-policia-anuncia-patrullajes-focalizados-para-reforzar-la-seguridad-en-santa-cruz\/\"},\"author\":{\"name\":\"Jason Gonzales\",\"@id\":\"https:\/\/innoticiasbo.com\/#\/schema\/person\/9af0c49836719fb5d47b55cc879140ce\"},\"headline\":\"NUEVO COMANDANTE DE LA POLIC\u00cdA ANUNCIA PATRULLAJES FOCALIZADOS PARA REFORZAR LA SEGURIDAD EN SANTA CRUZ\",\"datePublished\":\"2026-09-04T14:30:07+00:00\",\"dateModified\":\"2026-09-04T14:40:43+00:00\",\"mainEntityOfPage\":{\"@id\":\"https:\/\/innoticiasbo.com\/index.php\/2026\/09\/04\/nuevo-comandante-de-la-policia-anuncia-patrullajes-focalizados-para-reforzar-la-seguridad-en-santa-cruz\/\"},\"wordCount\":783,\"commentCount\":0,\"publisher\":{\"@id\":\"https:\/\/innoticiasbo.com\/#organization\"},\"image\":{\"@id\":\"https:\/\/innoticiasbo.com\/index.php\/2026\/09\/04\/nuevo-comandante-de-la-policia-anuncia-patrullajes-focalizados-para-reforzar-la-seguridad-en-santa-cruz\/#primaryimage\"},\"thumbnailUrl\":\"https:\/\/i0.wp.com\/innoticiasbo.com\/wp-content\/uploads\/2026\/09\/image_editor_output_image-870312820-1788529227165.jpg?fit=999%2C561&ssl=1\",\"keywords\":[\"Adrian Javier \u00c1lvarez\",\"Anuncia\",\"Bolivia\",\"comandante de la Polic\u00eda\",\"Focalizados\",\"Patrullajes\",\"Reforzar\",\"Santa Cruz\",\"seguridad\"],\"articleSection\":[\"Bolivia\",\"Seguridad\"],\"inLanguage\":\"es\",\"potentialAction\":[{\"@type\":\"CommentAction\",\"name\":\"Comment\",\"target\":[\"https:\/\/innoticiasbo.com\/index.php\/2026\/09\/04\/nuevo-comandante-de-la-policia-anuncia-patrullajes-focalizados-para-reforzar-la-seguridad-en-santa-cruz\/#respond\"]}]},{\"@type\":\"WebPage\",\"@id\":\"https:\/\/innoticiasbo.com\/index.php\/2026\/09\/04\/nuevo-comandante-de-la-policia-anuncia-patrullajes-focalizados-para-reforzar-la-seguridad-en-santa-cruz\/\",\"url\":\"https:\/\/innoticiasbo.com\/index.php\/2026\/09\/04\/nuevo-comandante-de-la-policia-anuncia-patrullajes-focalizados-para-reforzar-la-seguridad-en-santa-cruz\/\",\"name\":\"NUEVO COMANDANTE DE LA POLIC\u00cdA ANUNCIA PATRULLAJES FOCALIZADOS PARA REFORZAR LA SEGURIDAD EN SANTA CRUZ - innoticiasbo.com\",\"isPartOf\":{\"@id\":\"https:\/\/innoticiasbo.com\/#website\"},\"primaryImageOfPage\":{\"@id\":\"https:\/\/innoticiasbo.com\/index.php\/2026\/09\/04\/nuevo-comandante-de-la-policia-anuncia-patrullajes-focalizados-para-reforzar-la-seguridad-en-santa-cruz\/#primaryimage\"},\"image\":{\"@id\":\"https:\/\/innoticiasbo.com\/index.php\/2026\/09\/04\/nuevo-comandante-de-la-policia-anuncia-patrullajes-focalizados-para-reforzar-la-seguridad-en-santa-cruz\/#primaryimage\"},\"thumbnailUrl\":\"https:\/\/i0.wp.com\/innoticiasbo.com\/wp-content\/uploads\/2026\/09\/image_editor_output_image-870312820-1788529227165.jpg?fit=999%2C561&ssl=1\",\"datePublished\":\"2026-09-04T14:30:07+00:00\",\"dateModified\":\"2026-09-04T14:40:43+00:00\",\"breadcrumb\":{\"@id\":\"https:\/\/innoticiasbo.com\/index.php\/2026\/09\/04\/nuevo-comandante-de-la-policia-anuncia-patrullajes-focalizados-para-reforzar-la-seguridad-en-santa-cruz\/#breadcrumb\"},\"inLanguage\":\"es\",\"potentialAction\":[{\"@type\":\"ReadAction\",\"target\":[\"https:\/\/innoticiasbo.com\/index.php\/2026\/09\/04\/nuevo-comandante-de-la-policia-anuncia-patrullajes-focalizados-para-reforzar-la-seguridad-en-santa-cruz\/\"]}]},{\"@type\":\"ImageObject\",\"inLanguage\":\"es\",\"@id\":\"https:\/\/innoticiasbo.com\/index.php\/2026\/09\/04\/nuevo-comandante-de-la-policia-anuncia-patrullajes-focalizados-para-reforzar-la-seguridad-en-santa-cruz\/#primaryimage\",\"url\":\"https:\/\/i0.wp.com\/innoticiasbo.com\/wp-content\/uploads\/2026\/09\/image_editor_output_image-870312820-1788529227165.jpg?fit=999%2C561&ssl=1\",\"contentUrl\":\"https:\/\/i0.wp.com\/innoticiasbo.com\/wp-content\/uploads\/2026\/09\/image_editor_output_image-870312820-1788529227165.jpg?fit=999%2C561&ssl=1\",\"width\":999,\"height\":561},{\"@type\":\"BreadcrumbList\",\"@id\":\"https:\/\/innoticiasbo.com\/index.php\/2026\/09\/04\/nuevo-comandante-de-la-policia-anuncia-patrullajes-focalizados-para-reforzar-la-seguridad-en-santa-cruz\/#breadcrumb\",\"itemListElement\":[{\"@type\":\"ListItem\",\"position\":1,\"name\":\"Portada\",\"item\":\"https:\/\/innoticiasbo.com\/\"},{\"@type\":\"ListItem\",\"position\":2,\"name\":\"NUEVO COMANDANTE DE LA POLIC\u00cdA ANUNCIA PATRULLAJES FOCALIZADOS PARA REFORZAR LA SEGURIDAD EN SANTA CRUZ\"}]},{\"@type\":\"WebSite\",\"@id\":\"https:\/\/innoticiasbo.com\/#website\",\"url\":\"https:\/\/innoticiasbo.com\/\",\"name\":\"innoticiasbo.com\",\"description\":\"\",\"publisher\":{\"@id\":\"https:\/\/innoticiasbo.com\/#organization\"},\"potentialAction\":[{\"@type\":\"SearchAction\",\"target\":{\"@type\":\"EntryPoint\",\"urlTemplate\":\"https:\/\/innoticiasbo.com\/?s={search_term_string}\"},\"query-input\":{\"@type\":\"PropertyValueSpecification\",\"valueRequired\":true,\"valueName\":\"search_term_string\"}}],\"inLanguage\":\"es\"},{\"@type\":\"Organization\",\"@id\":\"https:\/\/innoticiasbo.com\/#organization\",\"name\":\"innoticiasbo.com\",\"url\":\"https:\/\/innoticiasbo.com\/\",\"logo\":{\"@type\":\"ImageObject\",\"inLanguage\":\"es\",\"@id\":\"https:\/\/innoticiasbo.com\/#\/schema\/logo\/image\/\",\"url\":\"https:\/\/i0.wp.com\/innoticiasbo.com\/wp-content\/uploads\/2026\/04\/cropped-IN-LOGO.png?fit=1476%2C1476&ssl=1\",\"contentUrl\":\"https:\/\/i0.wp.com\/innoticiasbo.com\/wp-content\/uploads\/2026\/04\/cropped-IN-LOGO.png?fit=1476%2C1476&ssl=1\",\"width\":1476,\"height\":1476,\"caption\":\"innoticiasbo.com\"},\"image\":{\"@id\":\"https:\/\/innoticiasbo.com\/#\/schema\/logo\/image\/\"},\"sameAs\":[\"https:\/\/www.facebook.com\/innoticiasbolivia\",\"https:\/\/x.com\/innoticiasbo\",\"https:\/\/www.instagram.com\/innoticiasbo\",\"https:\/\/www.youtube.com\/innoticiasbo\"]},{\"@type\":\"Person\",\"@id\":\"https:\/\/innoticiasbo.com\/#\/schema\/person\/9af0c49836719fb5d47b55cc879140ce\",\"name\":\"Jason Gonzales\",\"image\":{\"@type\":\"ImageObject\",\"inLanguage\":\"es\",\"@id\":\"https:\/\/innoticiasbo.com\/#\/schema\/person\/image\/\",\"url\":\"https:\/\/secure.gravatar.com\/avatar\/ff64cacc93e8658997d62d298b4dff23?s=96&d=mm&r=g\",\"contentUrl\":\"https:\/\/secure.gravatar.com\/avatar\/ff64cacc93e8658997d62d298b4dff23?s=96&d=mm&r=g\",\"caption\":\"Jason Gonzales\"},\"sameAs\":[\"http:\/\/www.innoticiasbo.com\"],\"url\":\"https:\/\/innoticiasbo.com\/index.php\/author\/prensa-8\/\"}]}<\/script>\n<!-- \/ Yoast SEO plugin. -->","yoast_head_json":{"title":"NUEVO COMANDANTE DE LA POLIC\u00cdA ANUNCIA PATRULLAJES FOCALIZADOS PARA REFORZAR LA SEGURIDAD EN SANTA CRUZ - innoticiasbo.com","robots":{"index":"index","follow":"follow","max-snippet":"max-snippet:-1","max-image-preview":"max-image-preview:large","max-video-preview":"max-video-preview:-1"},"canonical":"https:\/\/innoticiasbo.com\/index.php\/2026\/09\/04\/nuevo-comandante-de-la-policia-anuncia-patrullajes-focalizados-para-reforzar-la-seguridad-en-santa-cruz\/","og_locale":"es_ES","og_type":"article","og_title":"NUEVO COMANDANTE DE LA POLIC\u00cdA ANUNCIA PATRULLAJES FOCALIZADOS PARA REFORZAR LA SEGURIDAD EN SANTA CRUZ - innoticiasbo.com","og_description":"Santa Cruz, 4 de septiembre.- Adri\u00e1n \u00c1lvarez Arizmendi lleg\u00f3 a Santa Cruz para evaluar la capacidad operativa del Comando Departamental y anunci\u00f3 una nueva estrategia de prevenci\u00f3n del delito. Tambi\u00e9n anticip\u00f3 cambios dentro de la instituci\u00f3n y medidas especiales por la Expocruz. El nuevo comandante general de la Polic\u00eda Boliviana, Adri\u00e1n \u00c1lvarez Arizmendi, anunci\u00f3 este...","og_url":"https:\/\/innoticiasbo.com\/index.php\/2026\/09\/04\/nuevo-comandante-de-la-policia-anuncia-patrullajes-focalizados-para-reforzar-la-seguridad-en-santa-cruz\/","og_site_name":"innoticiasbo.com","article_publisher":"https:\/\/www.facebook.com\/innoticiasbolivia","article_published_time":"2026-09-04T14:30:07+00:00","article_modified_time":"2026-09-04T14:40:43+00:00","og_image":[{"width":999,"height":561,"url":"https:\/\/i0.wp.com\/innoticiasbo.com\/wp-content\/uploads\/2026\/09\/image_editor_output_image-870312820-1788529227165.jpg?fit=999%2C561&ssl=1","type":"image\/jpeg"}],"author":"Jason Gonzales","twitter_card":"summary_large_image","twitter_creator":"@innoticiasbo","twitter_site":"@innoticiasbo","twitter_misc":{"Escrito por":"Jason Gonzales","Tiempo de lectura":"4 minutos"},"schema":{"@context":"https:\/\/schema.org","@graph":[{"@type":"Article","@id":"https:\/\/innoticiasbo.com\/index.php\/2026\/09\/04\/nuevo-comandante-de-la-policia-anuncia-patrullajes-focalizados-para-reforzar-la-seguridad-en-santa-cruz\/#article","isPartOf":{"@id":"https:\/\/innoticiasbo.com\/index.php\/2026\/09\/04\/nuevo-comandante-de-la-policia-anuncia-patrullajes-focalizados-para-reforzar-la-seguridad-en-santa-cruz\/"},"author":{"name":"Jason Gonzales","@id":"https:\/\/innoticiasbo.com\/#\/schema\/person\/9af0c49836719fb5d47b55cc879140ce"},"headline":"NUEVO COMANDANTE DE LA POLIC\u00cdA ANUNCIA PATRULLAJES FOCALIZADOS PARA REFORZAR LA SEGURIDAD EN SANTA CRUZ","datePublished":"2026-09-04T14:30:07+00:00","dateModified":"2026-09-04T14:40:43+00:00","mainEntityOfPage":{"@id":"https:\/\/innoticiasbo.com\/index.php\/2026\/09\/04\/nuevo-comandante-de-la-policia-anuncia-patrullajes-focalizados-para-reforzar-la-seguridad-en-santa-cruz\/"},"wordCount":783,"commentCount":0,"publisher":{"@id":"https:\/\/innoticiasbo.com\/#organization"},"image":{"@id":"https:\/\/innoticiasbo.com\/index.php\/2026\/09\/04\/nuevo-comandante-de-la-policia-anuncia-patrullajes-focalizados-para-reforzar-la-seguridad-en-santa-cruz\/#primaryimage"},"thumbnailUrl":"https:\/\/i0.wp.com\/innoticiasbo.com\/wp-content\/uploads\/2026\/09\/image_editor_output_image-870312820-1788529227165.jpg?fit=999%2C561&ssl=1","keywords":["Adrian Javier \u00c1lvarez","Anuncia","Bolivia","comandante de la Polic\u00eda","Focalizados","Patrullajes","Reforzar","Santa Cruz","seguridad"],"articleSection":["Bolivia","Seguridad"],"inLanguage":"es","potentialAction":[{"@type":"CommentAction","name":"Comment","target":["https:\/\/innoticiasbo.com\/index.php\/2026\/09\/04\/nuevo-comandante-de-la-policia-anuncia-patrullajes-focalizados-para-reforzar-la-seguridad-en-santa-cruz\/#respond"]}]},{"@type":"WebPage","@id":"https:\/\/innoticiasbo.com\/index.php\/2026\/09\/04\/nuevo-comandante-de-la-policia-anuncia-patrullajes-focalizados-para-reforzar-la-seguridad-en-santa-cruz\/","url":"https:\/\/innoticiasbo.com\/index.php\/2026\/09\/04\/nuevo-comandante-de-la-policia-anuncia-patrullajes-focalizados-para-reforzar-la-seguridad-en-santa-cruz\/","name":"NUEVO COMANDANTE DE LA POLIC\u00cdA ANUNCIA PATRULLAJES FOCALIZADOS PARA REFORZAR LA SEGURIDAD EN SANTA CRUZ - innoticiasbo.com","isPartOf":{"@id":"https:\/\/innoticiasbo.com\/#website"},"primaryImageOfPage":{"@id":"https:\/\/innoticiasbo.com\/index.php\/2026\/09\/04\/nuevo-comandante-de-la-policia-anuncia-patrullajes-focalizados-para-reforzar-la-seguridad-en-santa-cruz\/#primaryimage"},"image":{"@id":"https:\/\/innoticiasbo.com\/index.php\/2026\/09\/04\/nuevo-comandante-de-la-policia-anuncia-patrullajes-focalizados-para-reforzar-la-seguridad-en-santa-cruz\/#primaryimage"},"thumbnailUrl":"https:\/\/i0.wp.com\/innoticiasbo.com\/wp-content\/uploads\/2026\/09\/image_editor_output_image-870312820-1788529227165.jpg?fit=999%2C561&ssl=1","datePublished":"2026-09-04T14:30:07+00:00","dateModified":"2026-09-04T14:40:43+00:00","breadcrumb":{"@id":"https:\/\/innoticiasbo.com\/index.php\/2026\/09\/04\/nuevo-comandante-de-la-policia-anuncia-patrullajes-focalizados-para-reforzar-la-seguridad-en-santa-cruz\/#breadcrumb"},"inLanguage":"es","potentialAction":[{"@type":"ReadAction","target":["https:\/\/innoticiasbo.com\/index.php\/2026\/09\/04\/nuevo-comandante-de-la-policia-anuncia-patrullajes-focalizados-para-reforzar-la-seguridad-en-santa-cruz\/"]}]},{"@type":"ImageObject","inLanguage":"es","@id":"https:\/\/innoticiasbo.com\/index.php\/2026\/09\/04\/nuevo-comandante-de-la-policia-anuncia-patrullajes-focalizados-para-reforzar-la-seguridad-en-santa-cruz\/#primaryimage","url":"https:\/\/i0.wp.com\/innoticiasbo.com\/wp-content\/uploads\/2026\/09\/image_editor_output_image-870312820-1788529227165.jpg?fit=999%2C561&ssl=1","contentUrl":"https:\/\/i0.wp.com\/innoticiasbo.com\/wp-content\/uploads\/2026\/09\/image_editor_output_image-870312820-1788529227165.jpg?fit=999%2C561&ssl=1","width":999,"height":561},{"@type":"BreadcrumbList","@id":"https:\/\/innoticiasbo.com\/index.php\/2026\/09\/04\/nuevo-comandante-de-la-policia-anuncia-patrullajes-focalizados-para-reforzar-la-seguridad-en-santa-cruz\/#breadcrumb","itemListElement":[{"@type":"ListItem","position":1,"name":"Portada","item":"https:\/\/innoticiasbo.com\/"},{"@type":"ListItem","position":2,"name":"NUEVO COMANDANTE DE LA POLIC\u00cdA ANUNCIA PATRULLAJES FOCALIZADOS PARA REFORZAR LA SEGURIDAD EN SANTA CRUZ"}]},{"@type":"WebSite","@id":"https:\/\/innoticiasbo.com\/#website","url":"https:\/\/innoticiasbo.com\/","name":"innoticiasbo.com","description":"","publisher":{"@id":"https:\/\/innoticiasbo.com\/#organization"},"potentialAction":[{"@type":"SearchAction","target":{"@type":"EntryPoint","urlTemplate":"https:\/\/innoticiasbo.com\/?s={search_term_string}"},"query-input":{"@type":"PropertyValueSpecification","valueRequired":true,"valueName":"search_term_string"}}],"inLanguage":"es"},{"@type":"Organization","@id":"https:\/\/innoticiasbo.com\/#organization","name":"innoticiasbo.com","url":"https:\/\/innoticiasbo.com\/","logo":{"@type":"ImageObject","inLanguage":"es","@id":"https:\/\/innoticiasbo.com\/#\/schema\/logo\/image\/","url":"https:\/\/i0.wp.com\/innoticiasbo.com\/wp-content\/uploads\/2026\/04\/cropped-IN-LOGO.png?fit=1476%2C1476&ssl=1","contentUrl":"https:\/\/i0.wp.com\/innoticiasbo.com\/wp-content\/uploads\/2026\/04\/cropped-IN-LOGO.png?fit=1476%2C1476&ssl=1","width":1476,"height":1476,"caption":"innoticiasbo.com"},"image":{"@id":"https:\/\/innoticiasbo.com\/#\/schema\/logo\/image\/"},"sameAs":["https:\/\/www.facebook.com\/innoticiasbolivia","https:\/\/x.com\/innoticiasbo","https:\/\/www.instagram.com\/innoticiasbo","https:\/\/www.youtube.com\/innoticiasbo"]},{"@type":"Person","@id":"https:\/\/innoticiasbo.com\/#\/schema\/person\/9af0c49836719fb5d47b55cc879140ce","name":"Jason Gonzales","image":{"@type":"ImageObject","inLanguage":"es","@id":"https:\/\/innoticiasbo.com\/#\/schema\/person\/image\/","url":"https:\/\/secure.gravatar.com\/avatar\/ff64cacc93e8658997d62d298b4dff23?s=96&d=mm&r=g","contentUrl":"https:\/\/secure.gravatar.com\/avatar\/ff64cacc93e8658997d62d298b4dff23?s=96&d=mm&r=g","caption":"Jason Gonzales"},"sameAs":["http:\/\/www.innoticiasbo.com"],"url":"https:\/\/innoticiasbo.com\/index.php\/author\/prensa-8\/"}]}},"jetpack_featured_media_url":"https:\/\/i0.wp.com\/innoticiasbo.com\/wp-content\/uploads\/2026\/09\/image_editor_output_image-870312820-1788529227165.jpg?fit=999%2C561&ssl=1","jetpack_likes_enabled":true,"jetpack_sharing_enabled":true,"jetpack_shortlink":"https:\/\/wp.me\/pg298x-43d","_links":{"self":[{"href":"https:\/\/innoticiasbo.com\/index.php\/wp-json\/wp\/v2\/posts\/15575","targetHints":{"allow":["GET"]}}],"collection":[{"href":"https:\/\/innoticiasbo.com\/index.php\/wp-json\/wp\/v2\/posts"}],"about":[{"href":"https:\/\/innoticiasbo.com\/index.php\/wp-json\/wp\/v2\/types\/post"}],"author":[{"embeddable":true,"href":"https:\/\/innoticiasbo.com\/index.php\/wp-json\/wp\/v2\/users\/12"}],"replies":[{"embeddable":true,"href":"https:\/\/innoticiasbo.com\/index.php\/wp-json\/wp\/v2\/comments?post=15575"}],"version-history":[{"count":1,"href":"https:\/\/innoticiasbo.com\/index.php\/wp-json\/wp\/v2\/posts\/15575\/revisions"}],"predecessor-version":[{"id":15576,"href":"https:\/\/innoticiasbo.com\/index.php\/wp-json\/wp\/v2\/posts\/15575\/revisions\/15576"}],"wp:featuredmedia":[{"embeddable":true,"href":"https:\/\/innoticiasbo.com\/index.php\/wp-json\/wp\/v2\/media\/15574"}],"wp:attachment":[{"href":"https:\/\/innoticiasbo.com\/index.php\/wp-json\/wp\/v2\/media?parent=15575"}],"wp:term":[{"taxonomy":"category","embeddable":true,"href":"https:\/\/innoticiasbo.com\/index.php\/wp-json\/wp\/v2\/categories?post=15575"},{"taxonomy":"post_tag","embeddable":true,"href":"https:\/\/innoticiasbo.com\/index.php\/wp-json\/wp\/v2\/tags?post=15575"}],"curies":[{"name":"wp","href":"https:\/\/api.w.org\/{rel}","templated":true}]}}