{"id":15571,"date":"2026-09-04T10:31:36","date_gmt":"2026-09-04T14:31:36","guid":{"rendered":"https:\/\/innoticiasbo.com\/?p=15571"},"modified":"2026-09-04T09:33:07","modified_gmt":"2026-09-04T13:33:07","slug":"rodrigo-paz-alerta-que-no-estamos-lejos-de-otro-sismo-politico-tras-el-intento-de-golpe-de-este-ano","status":"publish","type":"post","link":"https:\/\/innoticiasbo.com\/index.php\/2026\/09\/04\/rodrigo-paz-alerta-que-no-estamos-lejos-de-otro-sismo-politico-tras-el-intento-de-golpe-de-este-ano\/","title":{"rendered":"RODRIGO PAZ ALERTA QUE \u201cNO ESTAMOS LEJOS DE OTRO SISMO POL\u00cdTICO\u201d TRAS EL INTENTO DE \u201cGOLPE\u201d DE ESTE A\u00d1O"},"content":{"rendered":"\n<figure class=\"wp-block-image size-large\"><img data-recalc-dims=\"1\" loading=\"lazy\" decoding=\"async\" width=\"640\" height=\"361\" src=\"https:\/\/i0.wp.com\/innoticiasbo.com\/wp-content\/uploads\/2026\/09\/image_editor_output_image812048396-17885283957824056705792322297423.jpg?resize=640%2C361&#038;ssl=1\" alt=\"\" class=\"wp-image-15569\" srcset=\"https:\/\/i0.wp.com\/innoticiasbo.com\/wp-content\/uploads\/2026\/09\/image_editor_output_image812048396-17885283957824056705792322297423.jpg?w=995&amp;ssl=1 995w, https:\/\/i0.wp.com\/innoticiasbo.com\/wp-content\/uploads\/2026\/09\/image_editor_output_image812048396-17885283957824056705792322297423.jpg?resize=300%2C169&amp;ssl=1 300w, https:\/\/i0.wp.com\/innoticiasbo.com\/wp-content\/uploads\/2026\/09\/image_editor_output_image812048396-17885283957824056705792322297423.jpg?resize=768%2C433&amp;ssl=1 768w\" sizes=\"auto, (max-width: 640px) 100vw, 640px\" \/><\/figure>\n\n\n\n<p>4 de septiembre.- \u201cAtaques hay de todos, de todas las formas, de todos los \u00e1ngulos y de todos los colores\u201d, afirma el mandatario del pa\u00eds.<\/p>\n\n\n\n<p>En medio de constantes amenazas de nuevas medidas de presi\u00f3n despu\u00e9s de la finalizaci\u00f3n del estado de excepci\u00f3n, el presidente Rodrigo Paz advirti\u00f3 la noche del jueves que Bolivia no est\u00e1 lejos de otro \u201csismo pol\u00edtico\u201d.<br><br>\u201cEste a\u00f1o han intentado darle un golpe a Bolivia y no estamos lejos de que quieran generar otro sismo pol\u00edtico estructural en nuestra democracia y en nuestra Constituci\u00f3n (para) hacer peligrar este proceso\u201d, dijo.<br><br>Entre mayo y junio hubo un paro de 53 d\u00edas en Bolivia con bloqueo de carreteras que agrav\u00f3 su crisis econ\u00f3mica con millonarias p\u00e9rdidas de recursos.<\/p>\n\n\n\n<p>La protesta se realiz\u00f3 inicialmente por demandas sectoriales y luego pas\u00f3 a exigir solo la renuncia del presidente Paz sin aceptar ning\u00fan llamado al di\u00e1logo durante casi todo el conflicto.<br><br>Al final del paro, el Gobierno decret\u00f3 el estado de excepci\u00f3n en todo el pa\u00eds, que est\u00e1 vigente desde el 20 de junio y fue establecido para un periodo de 90 d\u00edas.<br><br>Pero, en los \u00faltimos d\u00edas, algunos sectores productivos desafiaron al estado de excepci\u00f3n y bloquearon algunas carreteras en protesta por la persistente escasez del di\u00e9sel y el incremento del precio de ese carburante para los grandes consumidores.<\/p>\n\n\n\n<p>Este viernes ya no hay ning\u00fan bloqueo; sin embargo, se mantiene una tensi\u00f3n social con advertencias de retomar las protestas.<br><br>\u201cAtaques hay de todos, de todas las formas, de todos los \u00e1ngulos y de todos los colores\u201d, expres\u00f3 Paz.<br><br>El mandatario indic\u00f3 que \u201chay una serie de noticias que ser\u00e1n buenas\u201d siempre y cuando lo permitan culminar con todos los proyectos que impulsa su gobierno. <\/p>\n\n\n\n<p>Asegur\u00f3 que hay \u201cempresas que quieren llegar a Bolivia\u201d a invertir, pero que si se bloquea no se progresar\u00e1.<br><br>El Jefe del Estado hizo esas declaraciones en el acto de inauguraci\u00f3n de La Paz Expone 2026.<\/p>\n\n\n\n<p>Fuente: El Deber <\/p>\n","protected":false},"excerpt":{"rendered":"<p>4 de septiembre.- \u201cAtaques hay de todos, de todas las formas, de todos los \u00e1ngulos y de todos los colores\u201d, afirma el mandatario del pa\u00eds. En medio de constantes amenazas de nuevas medidas de presi\u00f3n despu\u00e9s de la finalizaci\u00f3n del estado de excepci\u00f3n, el presidente Rodrigo Paz advirti\u00f3 la noche del jueves que Bolivia no&#8230;<\/p>\n","protected":false},"author":12,"featured_media":15570,"comment_status":"open","ping_status":"open","sticky":false,"template":"","format":"standard","meta":{"_jetpack_memberships_contains_paid_content":false,"footnotes":"","jetpack_publicize_message":"","jetpack_publicize_feature_enabled":true,"jetpack_social_post_already_shared":true,"jetpack_social_options":{"image_generator_settings":{"template":"highway","enabled":false},"version":2}},"categories":[1,3],"tags":[1419,7,177,2843,345,4052],"class_list":["post-15571","post","type-post","status-publish","format-standard","has-post-thumbnail","hentry","category-bolivia","category-politica","tag-alerta","tag-bolivia","tag-gobierno","tag-intento-de-golpe","tag-rodrigo-paz","tag-sismo-politico"],"jetpack_publicize_connections":[],"yoast_head":"<!-- This site is optimized with the Yoast SEO plugin v23.4 - https:\/\/yoast.com\/wordpress\/plugins\/seo\/ -->\n<title>RODRIGO PAZ ALERTA QUE \u201cNO ESTAMOS LEJOS DE OTRO SISMO POL\u00cdTICO\u201d TRAS EL INTENTO DE \u201cGOLPE\u201d DE ESTE A\u00d1O - innoticiasbo.com<\/title>\n<meta name=\"robots\" content=\"index, follow, max-snippet:-1, max-image-preview:large, max-video-preview:-1\" \/>\n<link rel=\"canonical\" href=\"https:\/\/innoticiasbo.com\/index.php\/2026\/09\/04\/rodrigo-paz-alerta-que-no-estamos-lejos-de-otro-sismo-politico-tras-el-intento-de-golpe-de-este-ano\/\" \/>\n<meta property=\"og:locale\" content=\"es_ES\" \/>\n<meta property=\"og:type\" content=\"article\" \/>\n<meta property=\"og:title\" content=\"RODRIGO PAZ ALERTA QUE \u201cNO ESTAMOS LEJOS DE OTRO SISMO POL\u00cdTICO\u201d TRAS EL INTENTO DE \u201cGOLPE\u201d DE ESTE A\u00d1O - innoticiasbo.com\" \/>\n<meta property=\"og:description\" content=\"4 de septiembre.- \u201cAtaques hay de todos, de todas las formas, de todos los \u00e1ngulos y de todos los colores\u201d, afirma el mandatario del pa\u00eds. En medio de constantes amenazas de nuevas medidas de presi\u00f3n despu\u00e9s de la finalizaci\u00f3n del estado de excepci\u00f3n, el presidente Rodrigo Paz advirti\u00f3 la noche del jueves que Bolivia no...\" \/>\n<meta property=\"og:url\" content=\"https:\/\/innoticiasbo.com\/index.php\/2026\/09\/04\/rodrigo-paz-alerta-que-no-estamos-lejos-de-otro-sismo-politico-tras-el-intento-de-golpe-de-este-ano\/\" \/>\n<meta property=\"og:site_name\" content=\"innoticiasbo.com\" \/>\n<meta property=\"article:publisher\" content=\"https:\/\/www.facebook.com\/innoticiasbolivia\" \/>\n<meta property=\"article:published_time\" content=\"2026-09-04T14:31:36+00:00\" \/>\n<meta property=\"article:modified_time\" content=\"2026-09-04T13:33:07+00:00\" \/>\n<meta property=\"og:image\" content=\"https:\/\/i0.wp.com\/innoticiasbo.com\/wp-content\/uploads\/2026\/09\/image_editor_output_image812048396-1788528765253.jpg?fit=997%2C563&ssl=1\" \/>\n\t<meta property=\"og:image:width\" content=\"997\" \/>\n\t<meta property=\"og:image:height\" content=\"563\" \/>\n\t<meta property=\"og:image:type\" content=\"image\/jpeg\" \/>\n<meta name=\"author\" content=\"Jason Gonzales\" \/>\n<meta name=\"twitter:card\" content=\"summary_large_image\" \/>\n<meta name=\"twitter:creator\" content=\"@innoticiasbo\" \/>\n<meta name=\"twitter:site\" content=\"@innoticiasbo\" \/>\n<meta name=\"twitter:label1\" content=\"Escrito por\" \/>\n\t<meta name=\"twitter:data1\" content=\"Jason Gonzales\" \/>\n\t<meta name=\"twitter:label2\" content=\"Tiempo de lectura\" \/>\n\t<meta name=\"twitter:data2\" content=\"2 minutos\" \/>\n<script type=\"application\/ld+json\" class=\"yoast-schema-graph\">{\"@context\":\"https:\/\/schema.org\",\"@graph\":[{\"@type\":\"Article\",\"@id\":\"https:\/\/innoticiasbo.com\/index.php\/2026\/09\/04\/rodrigo-paz-alerta-que-no-estamos-lejos-de-otro-sismo-politico-tras-el-intento-de-golpe-de-este-ano\/#article\",\"isPartOf\":{\"@id\":\"https:\/\/innoticiasbo.com\/index.php\/2026\/09\/04\/rodrigo-paz-alerta-que-no-estamos-lejos-de-otro-sismo-politico-tras-el-intento-de-golpe-de-este-ano\/\"},\"author\":{\"name\":\"Jason Gonzales\",\"@id\":\"https:\/\/innoticiasbo.com\/#\/schema\/person\/9af0c49836719fb5d47b55cc879140ce\"},\"headline\":\"RODRIGO PAZ ALERTA QUE \u201cNO ESTAMOS LEJOS DE OTRO SISMO POL\u00cdTICO\u201d TRAS EL INTENTO DE \u201cGOLPE\u201d DE ESTE A\u00d1O\",\"datePublished\":\"2026-09-04T14:31:36+00:00\",\"dateModified\":\"2026-09-04T13:33:07+00:00\",\"mainEntityOfPage\":{\"@id\":\"https:\/\/innoticiasbo.com\/index.php\/2026\/09\/04\/rodrigo-paz-alerta-que-no-estamos-lejos-de-otro-sismo-politico-tras-el-intento-de-golpe-de-este-ano\/\"},\"wordCount\":365,\"commentCount\":0,\"publisher\":{\"@id\":\"https:\/\/innoticiasbo.com\/#organization\"},\"image\":{\"@id\":\"https:\/\/innoticiasbo.com\/index.php\/2026\/09\/04\/rodrigo-paz-alerta-que-no-estamos-lejos-de-otro-sismo-politico-tras-el-intento-de-golpe-de-este-ano\/#primaryimage\"},\"thumbnailUrl\":\"https:\/\/i0.wp.com\/innoticiasbo.com\/wp-content\/uploads\/2026\/09\/image_editor_output_image812048396-1788528765253.jpg?fit=997%2C563&ssl=1\",\"keywords\":[\"Alerta\",\"Bolivia\",\"gobierno\",\"Intento de golpe\",\"Rodrigo Paz\",\"Sismo Pol\u00edtico\"],\"articleSection\":[\"Bolivia\",\"Pol\u00edtica\"],\"inLanguage\":\"es\",\"potentialAction\":[{\"@type\":\"CommentAction\",\"name\":\"Comment\",\"target\":[\"https:\/\/innoticiasbo.com\/index.php\/2026\/09\/04\/rodrigo-paz-alerta-que-no-estamos-lejos-de-otro-sismo-politico-tras-el-intento-de-golpe-de-este-ano\/#respond\"]}]},{\"@type\":\"WebPage\",\"@id\":\"https:\/\/innoticiasbo.com\/index.php\/2026\/09\/04\/rodrigo-paz-alerta-que-no-estamos-lejos-de-otro-sismo-politico-tras-el-intento-de-golpe-de-este-ano\/\",\"url\":\"https:\/\/innoticiasbo.com\/index.php\/2026\/09\/04\/rodrigo-paz-alerta-que-no-estamos-lejos-de-otro-sismo-politico-tras-el-intento-de-golpe-de-este-ano\/\",\"name\":\"RODRIGO PAZ ALERTA QUE \u201cNO ESTAMOS LEJOS DE OTRO SISMO POL\u00cdTICO\u201d TRAS EL INTENTO DE \u201cGOLPE\u201d DE ESTE A\u00d1O - innoticiasbo.com\",\"isPartOf\":{\"@id\":\"https:\/\/innoticiasbo.com\/#website\"},\"primaryImageOfPage\":{\"@id\":\"https:\/\/innoticiasbo.com\/index.php\/2026\/09\/04\/rodrigo-paz-alerta-que-no-estamos-lejos-de-otro-sismo-politico-tras-el-intento-de-golpe-de-este-ano\/#primaryimage\"},\"image\":{\"@id\":\"https:\/\/innoticiasbo.com\/index.php\/2026\/09\/04\/rodrigo-paz-alerta-que-no-estamos-lejos-de-otro-sismo-politico-tras-el-intento-de-golpe-de-este-ano\/#primaryimage\"},\"thumbnailUrl\":\"https:\/\/i0.wp.com\/innoticiasbo.com\/wp-content\/uploads\/2026\/09\/image_editor_output_image812048396-1788528765253.jpg?fit=997%2C563&ssl=1\",\"datePublished\":\"2026-09-04T14:31:36+00:00\",\"dateModified\":\"2026-09-04T13:33:07+00:00\",\"breadcrumb\":{\"@id\":\"https:\/\/innoticiasbo.com\/index.php\/2026\/09\/04\/rodrigo-paz-alerta-que-no-estamos-lejos-de-otro-sismo-politico-tras-el-intento-de-golpe-de-este-ano\/#breadcrumb\"},\"inLanguage\":\"es\",\"potentialAction\":[{\"@type\":\"ReadAction\",\"target\":[\"https:\/\/innoticiasbo.com\/index.php\/2026\/09\/04\/rodrigo-paz-alerta-que-no-estamos-lejos-de-otro-sismo-politico-tras-el-intento-de-golpe-de-este-ano\/\"]}]},{\"@type\":\"ImageObject\",\"inLanguage\":\"es\",\"@id\":\"https:\/\/innoticiasbo.com\/index.php\/2026\/09\/04\/rodrigo-paz-alerta-que-no-estamos-lejos-de-otro-sismo-politico-tras-el-intento-de-golpe-de-este-ano\/#primaryimage\",\"url\":\"https:\/\/i0.wp.com\/innoticiasbo.com\/wp-content\/uploads\/2026\/09\/image_editor_output_image812048396-1788528765253.jpg?fit=997%2C563&ssl=1\",\"contentUrl\":\"https:\/\/i0.wp.com\/innoticiasbo.com\/wp-content\/uploads\/2026\/09\/image_editor_output_image812048396-1788528765253.jpg?fit=997%2C563&ssl=1\",\"width\":997,\"height\":563},{\"@type\":\"BreadcrumbList\",\"@id\":\"https:\/\/innoticiasbo.com\/index.php\/2026\/09\/04\/rodrigo-paz-alerta-que-no-estamos-lejos-de-otro-sismo-politico-tras-el-intento-de-golpe-de-este-ano\/#breadcrumb\",\"itemListElement\":[{\"@type\":\"ListItem\",\"position\":1,\"name\":\"Portada\",\"item\":\"https:\/\/innoticiasbo.com\/\"},{\"@type\":\"ListItem\",\"position\":2,\"name\":\"RODRIGO PAZ ALERTA QUE \u201cNO ESTAMOS LEJOS DE OTRO SISMO POL\u00cdTICO\u201d TRAS EL INTENTO DE \u201cGOLPE\u201d DE ESTE A\u00d1O\"}]},{\"@type\":\"WebSite\",\"@id\":\"https:\/\/innoticiasbo.com\/#website\",\"url\":\"https:\/\/innoticiasbo.com\/\",\"name\":\"innoticiasbo.com\",\"description\":\"\",\"publisher\":{\"@id\":\"https:\/\/innoticiasbo.com\/#organization\"},\"potentialAction\":[{\"@type\":\"SearchAction\",\"target\":{\"@type\":\"EntryPoint\",\"urlTemplate\":\"https:\/\/innoticiasbo.com\/?s={search_term_string}\"},\"query-input\":{\"@type\":\"PropertyValueSpecification\",\"valueRequired\":true,\"valueName\":\"search_term_string\"}}],\"inLanguage\":\"es\"},{\"@type\":\"Organization\",\"@id\":\"https:\/\/innoticiasbo.com\/#organization\",\"name\":\"innoticiasbo.com\",\"url\":\"https:\/\/innoticiasbo.com\/\",\"logo\":{\"@type\":\"ImageObject\",\"inLanguage\":\"es\",\"@id\":\"https:\/\/innoticiasbo.com\/#\/schema\/logo\/image\/\",\"url\":\"https:\/\/i0.wp.com\/innoticiasbo.com\/wp-content\/uploads\/2026\/04\/cropped-IN-LOGO.png?fit=1476%2C1476&ssl=1\",\"contentUrl\":\"https:\/\/i0.wp.com\/innoticiasbo.com\/wp-content\/uploads\/2026\/04\/cropped-IN-LOGO.png?fit=1476%2C1476&ssl=1\",\"width\":1476,\"height\":1476,\"caption\":\"innoticiasbo.com\"},\"image\":{\"@id\":\"https:\/\/innoticiasbo.com\/#\/schema\/logo\/image\/\"},\"sameAs\":[\"https:\/\/www.facebook.com\/innoticiasbolivia\",\"https:\/\/x.com\/innoticiasbo\",\"https:\/\/www.instagram.com\/innoticiasbo\",\"https:\/\/www.youtube.com\/innoticiasbo\"]},{\"@type\":\"Person\",\"@id\":\"https:\/\/innoticiasbo.com\/#\/schema\/person\/9af0c49836719fb5d47b55cc879140ce\",\"name\":\"Jason Gonzales\",\"image\":{\"@type\":\"ImageObject\",\"inLanguage\":\"es\",\"@id\":\"https:\/\/innoticiasbo.com\/#\/schema\/person\/image\/\",\"url\":\"https:\/\/secure.gravatar.com\/avatar\/ff64cacc93e8658997d62d298b4dff23?s=96&d=mm&r=g\",\"contentUrl\":\"https:\/\/secure.gravatar.com\/avatar\/ff64cacc93e8658997d62d298b4dff23?s=96&d=mm&r=g\",\"caption\":\"Jason Gonzales\"},\"sameAs\":[\"http:\/\/www.innoticiasbo.com\"],\"url\":\"https:\/\/innoticiasbo.com\/index.php\/author\/prensa-8\/\"}]}<\/script>\n<!-- \/ Yoast SEO plugin. -->","yoast_head_json":{"title":"RODRIGO PAZ ALERTA QUE \u201cNO ESTAMOS LEJOS DE OTRO SISMO POL\u00cdTICO\u201d TRAS EL INTENTO DE \u201cGOLPE\u201d DE ESTE A\u00d1O - innoticiasbo.com","robots":{"index":"index","follow":"follow","max-snippet":"max-snippet:-1","max-image-preview":"max-image-preview:large","max-video-preview":"max-video-preview:-1"},"canonical":"https:\/\/innoticiasbo.com\/index.php\/2026\/09\/04\/rodrigo-paz-alerta-que-no-estamos-lejos-de-otro-sismo-politico-tras-el-intento-de-golpe-de-este-ano\/","og_locale":"es_ES","og_type":"article","og_title":"RODRIGO PAZ ALERTA QUE \u201cNO ESTAMOS LEJOS DE OTRO SISMO POL\u00cdTICO\u201d TRAS EL INTENTO DE \u201cGOLPE\u201d DE ESTE A\u00d1O - innoticiasbo.com","og_description":"4 de septiembre.- \u201cAtaques hay de todos, de todas las formas, de todos los \u00e1ngulos y de todos los colores\u201d, afirma el mandatario del pa\u00eds. En medio de constantes amenazas de nuevas medidas de presi\u00f3n despu\u00e9s de la finalizaci\u00f3n del estado de excepci\u00f3n, el presidente Rodrigo Paz advirti\u00f3 la noche del jueves que Bolivia no...","og_url":"https:\/\/innoticiasbo.com\/index.php\/2026\/09\/04\/rodrigo-paz-alerta-que-no-estamos-lejos-de-otro-sismo-politico-tras-el-intento-de-golpe-de-este-ano\/","og_site_name":"innoticiasbo.com","article_publisher":"https:\/\/www.facebook.com\/innoticiasbolivia","article_published_time":"2026-09-04T14:31:36+00:00","article_modified_time":"2026-09-04T13:33:07+00:00","og_image":[{"width":997,"height":563,"url":"https:\/\/i0.wp.com\/innoticiasbo.com\/wp-content\/uploads\/2026\/09\/image_editor_output_image812048396-1788528765253.jpg?fit=997%2C563&ssl=1","type":"image\/jpeg"}],"author":"Jason Gonzales","twitter_card":"summary_large_image","twitter_creator":"@innoticiasbo","twitter_site":"@innoticiasbo","twitter_misc":{"Escrito por":"Jason Gonzales","Tiempo de lectura":"2 minutos"},"schema":{"@context":"https:\/\/schema.org","@graph":[{"@type":"Article","@id":"https:\/\/innoticiasbo.com\/index.php\/2026\/09\/04\/rodrigo-paz-alerta-que-no-estamos-lejos-de-otro-sismo-politico-tras-el-intento-de-golpe-de-este-ano\/#article","isPartOf":{"@id":"https:\/\/innoticiasbo.com\/index.php\/2026\/09\/04\/rodrigo-paz-alerta-que-no-estamos-lejos-de-otro-sismo-politico-tras-el-intento-de-golpe-de-este-ano\/"},"author":{"name":"Jason Gonzales","@id":"https:\/\/innoticiasbo.com\/#\/schema\/person\/9af0c49836719fb5d47b55cc879140ce"},"headline":"RODRIGO PAZ ALERTA QUE \u201cNO ESTAMOS LEJOS DE OTRO SISMO POL\u00cdTICO\u201d TRAS EL INTENTO DE \u201cGOLPE\u201d DE ESTE A\u00d1O","datePublished":"2026-09-04T14:31:36+00:00","dateModified":"2026-09-04T13:33:07+00:00","mainEntityOfPage":{"@id":"https:\/\/innoticiasbo.com\/index.php\/2026\/09\/04\/rodrigo-paz-alerta-que-no-estamos-lejos-de-otro-sismo-politico-tras-el-intento-de-golpe-de-este-ano\/"},"wordCount":365,"commentCount":0,"publisher":{"@id":"https:\/\/innoticiasbo.com\/#organization"},"image":{"@id":"https:\/\/innoticiasbo.com\/index.php\/2026\/09\/04\/rodrigo-paz-alerta-que-no-estamos-lejos-de-otro-sismo-politico-tras-el-intento-de-golpe-de-este-ano\/#primaryimage"},"thumbnailUrl":"https:\/\/i0.wp.com\/innoticiasbo.com\/wp-content\/uploads\/2026\/09\/image_editor_output_image812048396-1788528765253.jpg?fit=997%2C563&ssl=1","keywords":["Alerta","Bolivia","gobierno","Intento de golpe","Rodrigo Paz","Sismo Pol\u00edtico"],"articleSection":["Bolivia","Pol\u00edtica"],"inLanguage":"es","potentialAction":[{"@type":"CommentAction","name":"Comment","target":["https:\/\/innoticiasbo.com\/index.php\/2026\/09\/04\/rodrigo-paz-alerta-que-no-estamos-lejos-de-otro-sismo-politico-tras-el-intento-de-golpe-de-este-ano\/#respond"]}]},{"@type":"WebPage","@id":"https:\/\/innoticiasbo.com\/index.php\/2026\/09\/04\/rodrigo-paz-alerta-que-no-estamos-lejos-de-otro-sismo-politico-tras-el-intento-de-golpe-de-este-ano\/","url":"https:\/\/innoticiasbo.com\/index.php\/2026\/09\/04\/rodrigo-paz-alerta-que-no-estamos-lejos-de-otro-sismo-politico-tras-el-intento-de-golpe-de-este-ano\/","name":"RODRIGO PAZ ALERTA QUE \u201cNO ESTAMOS LEJOS DE OTRO SISMO POL\u00cdTICO\u201d TRAS EL INTENTO DE \u201cGOLPE\u201d DE ESTE A\u00d1O - innoticiasbo.com","isPartOf":{"@id":"https:\/\/innoticiasbo.com\/#website"},"primaryImageOfPage":{"@id":"https:\/\/innoticiasbo.com\/index.php\/2026\/09\/04\/rodrigo-paz-alerta-que-no-estamos-lejos-de-otro-sismo-politico-tras-el-intento-de-golpe-de-este-ano\/#primaryimage"},"image":{"@id":"https:\/\/innoticiasbo.com\/index.php\/2026\/09\/04\/rodrigo-paz-alerta-que-no-estamos-lejos-de-otro-sismo-politico-tras-el-intento-de-golpe-de-este-ano\/#primaryimage"},"thumbnailUrl":"https:\/\/i0.wp.com\/innoticiasbo.com\/wp-content\/uploads\/2026\/09\/image_editor_output_image812048396-1788528765253.jpg?fit=997%2C563&ssl=1","datePublished":"2026-09-04T14:31:36+00:00","dateModified":"2026-09-04T13:33:07+00:00","breadcrumb":{"@id":"https:\/\/innoticiasbo.com\/index.php\/2026\/09\/04\/rodrigo-paz-alerta-que-no-estamos-lejos-de-otro-sismo-politico-tras-el-intento-de-golpe-de-este-ano\/#breadcrumb"},"inLanguage":"es","potentialAction":[{"@type":"ReadAction","target":["https:\/\/innoticiasbo.com\/index.php\/2026\/09\/04\/rodrigo-paz-alerta-que-no-estamos-lejos-de-otro-sismo-politico-tras-el-intento-de-golpe-de-este-ano\/"]}]},{"@type":"ImageObject","inLanguage":"es","@id":"https:\/\/innoticiasbo.com\/index.php\/2026\/09\/04\/rodrigo-paz-alerta-que-no-estamos-lejos-de-otro-sismo-politico-tras-el-intento-de-golpe-de-este-ano\/#primaryimage","url":"https:\/\/i0.wp.com\/innoticiasbo.com\/wp-content\/uploads\/2026\/09\/image_editor_output_image812048396-1788528765253.jpg?fit=997%2C563&ssl=1","contentUrl":"https:\/\/i0.wp.com\/innoticiasbo.com\/wp-content\/uploads\/2026\/09\/image_editor_output_image812048396-1788528765253.jpg?fit=997%2C563&ssl=1","width":997,"height":563},{"@type":"BreadcrumbList","@id":"https:\/\/innoticiasbo.com\/index.php\/2026\/09\/04\/rodrigo-paz-alerta-que-no-estamos-lejos-de-otro-sismo-politico-tras-el-intento-de-golpe-de-este-ano\/#breadcrumb","itemListElement":[{"@type":"ListItem","position":1,"name":"Portada","item":"https:\/\/innoticiasbo.com\/"},{"@type":"ListItem","position":2,"name":"RODRIGO PAZ ALERTA QUE \u201cNO ESTAMOS LEJOS DE OTRO SISMO POL\u00cdTICO\u201d TRAS EL INTENTO DE \u201cGOLPE\u201d DE ESTE A\u00d1O"}]},{"@type":"WebSite","@id":"https:\/\/innoticiasbo.com\/#website","url":"https:\/\/innoticiasbo.com\/","name":"innoticiasbo.com","description":"","publisher":{"@id":"https:\/\/innoticiasbo.com\/#organization"},"potentialAction":[{"@type":"SearchAction","target":{"@type":"EntryPoint","urlTemplate":"https:\/\/innoticiasbo.com\/?s={search_term_string}"},"query-input":{"@type":"PropertyValueSpecification","valueRequired":true,"valueName":"search_term_string"}}],"inLanguage":"es"},{"@type":"Organization","@id":"https:\/\/innoticiasbo.com\/#organization","name":"innoticiasbo.com","url":"https:\/\/innoticiasbo.com\/","logo":{"@type":"ImageObject","inLanguage":"es","@id":"https:\/\/innoticiasbo.com\/#\/schema\/logo\/image\/","url":"https:\/\/i0.wp.com\/innoticiasbo.com\/wp-content\/uploads\/2026\/04\/cropped-IN-LOGO.png?fit=1476%2C1476&ssl=1","contentUrl":"https:\/\/i0.wp.com\/innoticiasbo.com\/wp-content\/uploads\/2026\/04\/cropped-IN-LOGO.png?fit=1476%2C1476&ssl=1","width":1476,"height":1476,"caption":"innoticiasbo.com"},"image":{"@id":"https:\/\/innoticiasbo.com\/#\/schema\/logo\/image\/"},"sameAs":["https:\/\/www.facebook.com\/innoticiasbolivia","https:\/\/x.com\/innoticiasbo","https:\/\/www.instagram.com\/innoticiasbo","https:\/\/www.youtube.com\/innoticiasbo"]},{"@type":"Person","@id":"https:\/\/innoticiasbo.com\/#\/schema\/person\/9af0c49836719fb5d47b55cc879140ce","name":"Jason Gonzales","image":{"@type":"ImageObject","inLanguage":"es","@id":"https:\/\/innoticiasbo.com\/#\/schema\/person\/image\/","url":"https:\/\/secure.gravatar.com\/avatar\/ff64cacc93e8658997d62d298b4dff23?s=96&d=mm&r=g","contentUrl":"https:\/\/secure.gravatar.com\/avatar\/ff64cacc93e8658997d62d298b4dff23?s=96&d=mm&r=g","caption":"Jason Gonzales"},"sameAs":["http:\/\/www.innoticiasbo.com"],"url":"https:\/\/innoticiasbo.com\/index.php\/author\/prensa-8\/"}]}},"jetpack_featured_media_url":"https:\/\/i0.wp.com\/innoticiasbo.com\/wp-content\/uploads\/2026\/09\/image_editor_output_image812048396-1788528765253.jpg?fit=997%2C563&ssl=1","jetpack_likes_enabled":true,"jetpack_sharing_enabled":true,"jetpack_shortlink":"https:\/\/wp.me\/pg298x-439","_links":{"self":[{"href":"https:\/\/innoticiasbo.com\/index.php\/wp-json\/wp\/v2\/posts\/15571","targetHints":{"allow":["GET"]}}],"collection":[{"href":"https:\/\/innoticiasbo.com\/index.php\/wp-json\/wp\/v2\/posts"}],"about":[{"href":"https:\/\/innoticiasbo.com\/index.php\/wp-json\/wp\/v2\/types\/post"}],"author":[{"embeddable":true,"href":"https:\/\/innoticiasbo.com\/index.php\/wp-json\/wp\/v2\/users\/12"}],"replies":[{"embeddable":true,"href":"https:\/\/innoticiasbo.com\/index.php\/wp-json\/wp\/v2\/comments?post=15571"}],"version-history":[{"count":1,"href":"https:\/\/innoticiasbo.com\/index.php\/wp-json\/wp\/v2\/posts\/15571\/revisions"}],"predecessor-version":[{"id":15572,"href":"https:\/\/innoticiasbo.com\/index.php\/wp-json\/wp\/v2\/posts\/15571\/revisions\/15572"}],"wp:featuredmedia":[{"embeddable":true,"href":"https:\/\/innoticiasbo.com\/index.php\/wp-json\/wp\/v2\/media\/15570"}],"wp:attachment":[{"href":"https:\/\/innoticiasbo.com\/index.php\/wp-json\/wp\/v2\/media?parent=15571"}],"wp:term":[{"taxonomy":"category","embeddable":true,"href":"https:\/\/innoticiasbo.com\/index.php\/wp-json\/wp\/v2\/categories?post=15571"},{"taxonomy":"post_tag","embeddable":true,"href":"https:\/\/innoticiasbo.com\/index.php\/wp-json\/wp\/v2\/tags?post=15571"}],"curies":[{"name":"wp","href":"https:\/\/api.w.org\/{rel}","templated":true}]}}