{"id":15567,"date":"2026-09-04T09:21:17","date_gmt":"2026-09-04T13:21:17","guid":{"rendered":"https:\/\/innoticiasbo.com\/?p=15567"},"modified":"2026-09-04T09:22:27","modified_gmt":"2026-09-04T13:22:27","slug":"gobierno-logra-acuerdo-con-los-interculturales-y-levantan-el-bloqueo-en-yapacani","status":"publish","type":"post","link":"https:\/\/innoticiasbo.com\/index.php\/2026\/09\/04\/gobierno-logra-acuerdo-con-los-interculturales-y-levantan-el-bloqueo-en-yapacani\/","title":{"rendered":"GOBIERNO LOGRA ACUERDO CON LOS INTERCULTURALES Y LEVANTAN EL BLOQUEO EN YAPACAN\u00cd"},"content":{"rendered":"\n<figure class=\"wp-block-image size-large\"><img data-recalc-dims=\"1\" loading=\"lazy\" decoding=\"async\" width=\"640\" height=\"359\" src=\"https:\/\/i0.wp.com\/innoticiasbo.com\/wp-content\/uploads\/2026\/09\/image_editor_output_image-1636718347-1788528007142237925706739132815.jpg?resize=640%2C359&#038;ssl=1\" alt=\"\" class=\"wp-image-15565\" srcset=\"https:\/\/i0.wp.com\/innoticiasbo.com\/wp-content\/uploads\/2026\/09\/image_editor_output_image-1636718347-1788528007142237925706739132815.jpg?w=999&amp;ssl=1 999w, https:\/\/i0.wp.com\/innoticiasbo.com\/wp-content\/uploads\/2026\/09\/image_editor_output_image-1636718347-1788528007142237925706739132815.jpg?resize=300%2C168&amp;ssl=1 300w, https:\/\/i0.wp.com\/innoticiasbo.com\/wp-content\/uploads\/2026\/09\/image_editor_output_image-1636718347-1788528007142237925706739132815.jpg?resize=768%2C431&amp;ssl=1 768w\" sizes=\"auto, (max-width: 640px) 100vw, 640px\" \/><\/figure>\n\n\n\n<p>4 de septiembre.- Despu\u00e9s de casi seis horas de di\u00e1logo, el ministro de Defensa, Ernesto Justiniano, logr\u00f3 consensuar con los bloqueadores, que determinaron suspender la medida de presi\u00f3n.<\/p>\n\n\n\n<p>El gobierno nacional y los interculturales de Yapacan\u00ed lograron un acuerdo, con lo que se levanta el bloqueo instalado desde el mi\u00e9rcoles y que obstru\u00eda el paso vehicular en la carretera que une Santa Cruz con Cochabamba.<\/p>\n\n\n\n<p>De acuerdo con la versi\u00f3n del ministro Ernesto Justiniano, se mantendr\u00e1n los decretos 5676 y 5698, pero tambi\u00e9n se gestionar\u00e1 la provisi\u00f3n del combustible para el sector productivo de la zona del Norte Integrado. <br><br>\u00abEl primer punto (del acuerdo firmado) dice lo siguiente: para el municipio de Yapacan\u00ed con un volumen de 300.000 litros por semana, distribuido en cuatro municipios, abasteciendo con 150.000 litros por semana para lo que vendr\u00eda a ser San Juan de Yapacan\u00ed. Y hay una tabla, clarita, de cu\u00e1nto le tiene que llegar a cada uno de los surtidores\u00bb, explic\u00f3 el ministro.<br><br>Remarc\u00f3 que para la distribuci\u00f3n de di\u00e9sel se desarrollar\u00e1 mediante mecanismo de control social por parte de los productores y las autoridades competentes como ANH, polic\u00eda y efectivos militares.<br><br>\u00abEl punto dos dice lo siguiente: los productores se proveer\u00e1n de di\u00e9sel en los surtidores hasta un volumen de 2.500 litros por mes por productor en precio de Bs 9.80 por litro a los verdaderos productores. Y el punto tres, la Federaci\u00f3n Constitucional de Productores Agropecuarios de Yapacan\u00ed y los productores a la firma del acuerdo, se suspende la medida de bloqueo en el r\u00edo de Yapacan\u00ed declar\u00e1ndose en estado de emergencia\u00bb, puntualiz\u00f3 Justiniano. <\/p>\n\n\n\n<p>Por su parte, un representante de los interculturales resalt\u00f3 que primero, \u00abrechazamos de manera categ\u00f3rica el Decreto Supremo 5676 y el Decreto 5698, que es atentatorio para el bolsillo para los productores y la sociedad civil. Dos, nos declaramos en estado de emergencia hasta su abrogaci\u00f3n de estos dos decretos supremos del 5676 y el 5698. Continuamos nuestras medidas de presi\u00f3n sin claudicar nuestra petici\u00f3n\u00bb.<br><br>Eso s\u00ed, especific\u00f3 que, solo se trata de un cuarto intermedio, a la espera de que el gobierno nacional cumpla lo que prometi\u00f3. <br><br>Sin embargo, la firma del acuerdo provoc\u00f3 reacciones contrarias en las mismas filas de los interculturales, puesto que en el punto de bloqueo hab\u00eda un grupo que se resist\u00eda a retirarse. Minutos despu\u00e9s, las mismas personas que permanec\u00edan retenidas por el bloqueo optaron por retirar la tierra que imped\u00eda el paso y liberar la ruta.<\/p>\n\n\n\n<p>Fuente: El Deber <\/p>\n","protected":false},"excerpt":{"rendered":"<p>4 de septiembre.- Despu\u00e9s de casi seis horas de di\u00e1logo, el ministro de Defensa, Ernesto Justiniano, logr\u00f3 consensuar con los bloqueadores, que determinaron suspender la medida de presi\u00f3n. El gobierno nacional y los interculturales de Yapacan\u00ed lograron un acuerdo, con lo que se levanta el bloqueo instalado desde el mi\u00e9rcoles y que obstru\u00eda el paso&#8230;<\/p>\n","protected":false},"author":12,"featured_media":15566,"comment_status":"open","ping_status":"open","sticky":false,"template":"","format":"standard","meta":{"_jetpack_memberships_contains_paid_content":false,"footnotes":"","jetpack_publicize_message":"","jetpack_publicize_feature_enabled":true,"jetpack_social_post_already_shared":true,"jetpack_social_options":{"image_generator_settings":{"template":"highway","enabled":false},"version":2}},"categories":[1],"tags":[1104,339,7,177,4051,4050,1353],"class_list":["post-15567","post","type-post","status-publish","format-standard","has-post-thumbnail","hentry","category-bolivia","tag-acuerdo","tag-bloqueos","tag-bolivia","tag-gobierno","tag-interculturales","tag-logro","tag-yapacani"],"jetpack_publicize_connections":[],"yoast_head":"<!-- This site is optimized with the Yoast SEO plugin v23.4 - https:\/\/yoast.com\/wordpress\/plugins\/seo\/ -->\n<title>GOBIERNO LOGRA ACUERDO CON LOS INTERCULTURALES Y LEVANTAN EL BLOQUEO EN YAPACAN\u00cd - innoticiasbo.com<\/title>\n<meta name=\"robots\" content=\"index, follow, max-snippet:-1, max-image-preview:large, max-video-preview:-1\" \/>\n<link rel=\"canonical\" href=\"https:\/\/innoticiasbo.com\/index.php\/2026\/09\/04\/gobierno-logra-acuerdo-con-los-interculturales-y-levantan-el-bloqueo-en-yapacani\/\" \/>\n<meta property=\"og:locale\" content=\"es_ES\" \/>\n<meta property=\"og:type\" content=\"article\" \/>\n<meta property=\"og:title\" content=\"GOBIERNO LOGRA ACUERDO CON LOS INTERCULTURALES Y LEVANTAN EL BLOQUEO EN YAPACAN\u00cd - innoticiasbo.com\" \/>\n<meta property=\"og:description\" content=\"4 de septiembre.- Despu\u00e9s de casi seis horas de di\u00e1logo, el ministro de Defensa, Ernesto Justiniano, logr\u00f3 consensuar con los bloqueadores, que determinaron suspender la medida de presi\u00f3n. El gobierno nacional y los interculturales de Yapacan\u00ed lograron un acuerdo, con lo que se levanta el bloqueo instalado desde el mi\u00e9rcoles y que obstru\u00eda el paso...\" \/>\n<meta property=\"og:url\" content=\"https:\/\/innoticiasbo.com\/index.php\/2026\/09\/04\/gobierno-logra-acuerdo-con-los-interculturales-y-levantan-el-bloqueo-en-yapacani\/\" \/>\n<meta property=\"og:site_name\" content=\"innoticiasbo.com\" \/>\n<meta property=\"article:publisher\" content=\"https:\/\/www.facebook.com\/innoticiasbolivia\" \/>\n<meta property=\"article:published_time\" content=\"2026-09-04T13:21:17+00:00\" \/>\n<meta property=\"article:modified_time\" content=\"2026-09-04T13:22:27+00:00\" \/>\n<meta property=\"og:image\" content=\"https:\/\/i0.wp.com\/innoticiasbo.com\/wp-content\/uploads\/2026\/09\/image_editor_output_image-1636718347-1788528125416.jpg?fit=1002%2C564&ssl=1\" \/>\n\t<meta property=\"og:image:width\" content=\"1002\" \/>\n\t<meta property=\"og:image:height\" content=\"564\" \/>\n\t<meta property=\"og:image:type\" content=\"image\/jpeg\" \/>\n<meta name=\"author\" content=\"Jason Gonzales\" \/>\n<meta name=\"twitter:card\" content=\"summary_large_image\" \/>\n<meta name=\"twitter:creator\" content=\"@innoticiasbo\" \/>\n<meta name=\"twitter:site\" content=\"@innoticiasbo\" \/>\n<meta name=\"twitter:label1\" content=\"Escrito por\" \/>\n\t<meta name=\"twitter:data1\" content=\"Jason Gonzales\" \/>\n\t<meta name=\"twitter:label2\" content=\"Tiempo de lectura\" \/>\n\t<meta name=\"twitter:data2\" content=\"2 minutos\" \/>\n<script type=\"application\/ld+json\" class=\"yoast-schema-graph\">{\"@context\":\"https:\/\/schema.org\",\"@graph\":[{\"@type\":\"Article\",\"@id\":\"https:\/\/innoticiasbo.com\/index.php\/2026\/09\/04\/gobierno-logra-acuerdo-con-los-interculturales-y-levantan-el-bloqueo-en-yapacani\/#article\",\"isPartOf\":{\"@id\":\"https:\/\/innoticiasbo.com\/index.php\/2026\/09\/04\/gobierno-logra-acuerdo-con-los-interculturales-y-levantan-el-bloqueo-en-yapacani\/\"},\"author\":{\"name\":\"Jason Gonzales\",\"@id\":\"https:\/\/innoticiasbo.com\/#\/schema\/person\/9af0c49836719fb5d47b55cc879140ce\"},\"headline\":\"GOBIERNO LOGRA ACUERDO CON LOS INTERCULTURALES Y LEVANTAN EL BLOQUEO EN YAPACAN\u00cd\",\"datePublished\":\"2026-09-04T13:21:17+00:00\",\"dateModified\":\"2026-09-04T13:22:27+00:00\",\"mainEntityOfPage\":{\"@id\":\"https:\/\/innoticiasbo.com\/index.php\/2026\/09\/04\/gobierno-logra-acuerdo-con-los-interculturales-y-levantan-el-bloqueo-en-yapacani\/\"},\"wordCount\":440,\"commentCount\":0,\"publisher\":{\"@id\":\"https:\/\/innoticiasbo.com\/#organization\"},\"image\":{\"@id\":\"https:\/\/innoticiasbo.com\/index.php\/2026\/09\/04\/gobierno-logra-acuerdo-con-los-interculturales-y-levantan-el-bloqueo-en-yapacani\/#primaryimage\"},\"thumbnailUrl\":\"https:\/\/i0.wp.com\/innoticiasbo.com\/wp-content\/uploads\/2026\/09\/image_editor_output_image-1636718347-1788528125416.jpg?fit=1002%2C564&ssl=1\",\"keywords\":[\"acuerdo\",\"bloqueos\",\"Bolivia\",\"gobierno\",\"Interculturales\",\"Logro\",\"Yapacan\u00ed\"],\"articleSection\":[\"Bolivia\"],\"inLanguage\":\"es\",\"potentialAction\":[{\"@type\":\"CommentAction\",\"name\":\"Comment\",\"target\":[\"https:\/\/innoticiasbo.com\/index.php\/2026\/09\/04\/gobierno-logra-acuerdo-con-los-interculturales-y-levantan-el-bloqueo-en-yapacani\/#respond\"]}]},{\"@type\":\"WebPage\",\"@id\":\"https:\/\/innoticiasbo.com\/index.php\/2026\/09\/04\/gobierno-logra-acuerdo-con-los-interculturales-y-levantan-el-bloqueo-en-yapacani\/\",\"url\":\"https:\/\/innoticiasbo.com\/index.php\/2026\/09\/04\/gobierno-logra-acuerdo-con-los-interculturales-y-levantan-el-bloqueo-en-yapacani\/\",\"name\":\"GOBIERNO LOGRA ACUERDO CON LOS INTERCULTURALES Y LEVANTAN EL BLOQUEO EN YAPACAN\u00cd - innoticiasbo.com\",\"isPartOf\":{\"@id\":\"https:\/\/innoticiasbo.com\/#website\"},\"primaryImageOfPage\":{\"@id\":\"https:\/\/innoticiasbo.com\/index.php\/2026\/09\/04\/gobierno-logra-acuerdo-con-los-interculturales-y-levantan-el-bloqueo-en-yapacani\/#primaryimage\"},\"image\":{\"@id\":\"https:\/\/innoticiasbo.com\/index.php\/2026\/09\/04\/gobierno-logra-acuerdo-con-los-interculturales-y-levantan-el-bloqueo-en-yapacani\/#primaryimage\"},\"thumbnailUrl\":\"https:\/\/i0.wp.com\/innoticiasbo.com\/wp-content\/uploads\/2026\/09\/image_editor_output_image-1636718347-1788528125416.jpg?fit=1002%2C564&ssl=1\",\"datePublished\":\"2026-09-04T13:21:17+00:00\",\"dateModified\":\"2026-09-04T13:22:27+00:00\",\"breadcrumb\":{\"@id\":\"https:\/\/innoticiasbo.com\/index.php\/2026\/09\/04\/gobierno-logra-acuerdo-con-los-interculturales-y-levantan-el-bloqueo-en-yapacani\/#breadcrumb\"},\"inLanguage\":\"es\",\"potentialAction\":[{\"@type\":\"ReadAction\",\"target\":[\"https:\/\/innoticiasbo.com\/index.php\/2026\/09\/04\/gobierno-logra-acuerdo-con-los-interculturales-y-levantan-el-bloqueo-en-yapacani\/\"]}]},{\"@type\":\"ImageObject\",\"inLanguage\":\"es\",\"@id\":\"https:\/\/innoticiasbo.com\/index.php\/2026\/09\/04\/gobierno-logra-acuerdo-con-los-interculturales-y-levantan-el-bloqueo-en-yapacani\/#primaryimage\",\"url\":\"https:\/\/i0.wp.com\/innoticiasbo.com\/wp-content\/uploads\/2026\/09\/image_editor_output_image-1636718347-1788528125416.jpg?fit=1002%2C564&ssl=1\",\"contentUrl\":\"https:\/\/i0.wp.com\/innoticiasbo.com\/wp-content\/uploads\/2026\/09\/image_editor_output_image-1636718347-1788528125416.jpg?fit=1002%2C564&ssl=1\",\"width\":1002,\"height\":564},{\"@type\":\"BreadcrumbList\",\"@id\":\"https:\/\/innoticiasbo.com\/index.php\/2026\/09\/04\/gobierno-logra-acuerdo-con-los-interculturales-y-levantan-el-bloqueo-en-yapacani\/#breadcrumb\",\"itemListElement\":[{\"@type\":\"ListItem\",\"position\":1,\"name\":\"Portada\",\"item\":\"https:\/\/innoticiasbo.com\/\"},{\"@type\":\"ListItem\",\"position\":2,\"name\":\"GOBIERNO LOGRA ACUERDO CON LOS INTERCULTURALES Y LEVANTAN EL BLOQUEO EN YAPACAN\u00cd\"}]},{\"@type\":\"WebSite\",\"@id\":\"https:\/\/innoticiasbo.com\/#website\",\"url\":\"https:\/\/innoticiasbo.com\/\",\"name\":\"innoticiasbo.com\",\"description\":\"\",\"publisher\":{\"@id\":\"https:\/\/innoticiasbo.com\/#organization\"},\"potentialAction\":[{\"@type\":\"SearchAction\",\"target\":{\"@type\":\"EntryPoint\",\"urlTemplate\":\"https:\/\/innoticiasbo.com\/?s={search_term_string}\"},\"query-input\":{\"@type\":\"PropertyValueSpecification\",\"valueRequired\":true,\"valueName\":\"search_term_string\"}}],\"inLanguage\":\"es\"},{\"@type\":\"Organization\",\"@id\":\"https:\/\/innoticiasbo.com\/#organization\",\"name\":\"innoticiasbo.com\",\"url\":\"https:\/\/innoticiasbo.com\/\",\"logo\":{\"@type\":\"ImageObject\",\"inLanguage\":\"es\",\"@id\":\"https:\/\/innoticiasbo.com\/#\/schema\/logo\/image\/\",\"url\":\"https:\/\/i0.wp.com\/innoticiasbo.com\/wp-content\/uploads\/2026\/04\/cropped-IN-LOGO.png?fit=1476%2C1476&ssl=1\",\"contentUrl\":\"https:\/\/i0.wp.com\/innoticiasbo.com\/wp-content\/uploads\/2026\/04\/cropped-IN-LOGO.png?fit=1476%2C1476&ssl=1\",\"width\":1476,\"height\":1476,\"caption\":\"innoticiasbo.com\"},\"image\":{\"@id\":\"https:\/\/innoticiasbo.com\/#\/schema\/logo\/image\/\"},\"sameAs\":[\"https:\/\/www.facebook.com\/innoticiasbolivia\",\"https:\/\/x.com\/innoticiasbo\",\"https:\/\/www.instagram.com\/innoticiasbo\",\"https:\/\/www.youtube.com\/innoticiasbo\"]},{\"@type\":\"Person\",\"@id\":\"https:\/\/innoticiasbo.com\/#\/schema\/person\/9af0c49836719fb5d47b55cc879140ce\",\"name\":\"Jason Gonzales\",\"image\":{\"@type\":\"ImageObject\",\"inLanguage\":\"es\",\"@id\":\"https:\/\/innoticiasbo.com\/#\/schema\/person\/image\/\",\"url\":\"https:\/\/secure.gravatar.com\/avatar\/ff64cacc93e8658997d62d298b4dff23?s=96&d=mm&r=g\",\"contentUrl\":\"https:\/\/secure.gravatar.com\/avatar\/ff64cacc93e8658997d62d298b4dff23?s=96&d=mm&r=g\",\"caption\":\"Jason Gonzales\"},\"sameAs\":[\"http:\/\/www.innoticiasbo.com\"],\"url\":\"https:\/\/innoticiasbo.com\/index.php\/author\/prensa-8\/\"}]}<\/script>\n<!-- \/ Yoast SEO plugin. -->","yoast_head_json":{"title":"GOBIERNO LOGRA ACUERDO CON LOS INTERCULTURALES Y LEVANTAN EL BLOQUEO EN YAPACAN\u00cd - innoticiasbo.com","robots":{"index":"index","follow":"follow","max-snippet":"max-snippet:-1","max-image-preview":"max-image-preview:large","max-video-preview":"max-video-preview:-1"},"canonical":"https:\/\/innoticiasbo.com\/index.php\/2026\/09\/04\/gobierno-logra-acuerdo-con-los-interculturales-y-levantan-el-bloqueo-en-yapacani\/","og_locale":"es_ES","og_type":"article","og_title":"GOBIERNO LOGRA ACUERDO CON LOS INTERCULTURALES Y LEVANTAN EL BLOQUEO EN YAPACAN\u00cd - innoticiasbo.com","og_description":"4 de septiembre.- Despu\u00e9s de casi seis horas de di\u00e1logo, el ministro de Defensa, Ernesto Justiniano, logr\u00f3 consensuar con los bloqueadores, que determinaron suspender la medida de presi\u00f3n. El gobierno nacional y los interculturales de Yapacan\u00ed lograron un acuerdo, con lo que se levanta el bloqueo instalado desde el mi\u00e9rcoles y que obstru\u00eda el paso...","og_url":"https:\/\/innoticiasbo.com\/index.php\/2026\/09\/04\/gobierno-logra-acuerdo-con-los-interculturales-y-levantan-el-bloqueo-en-yapacani\/","og_site_name":"innoticiasbo.com","article_publisher":"https:\/\/www.facebook.com\/innoticiasbolivia","article_published_time":"2026-09-04T13:21:17+00:00","article_modified_time":"2026-09-04T13:22:27+00:00","og_image":[{"width":1002,"height":564,"url":"https:\/\/i0.wp.com\/innoticiasbo.com\/wp-content\/uploads\/2026\/09\/image_editor_output_image-1636718347-1788528125416.jpg?fit=1002%2C564&ssl=1","type":"image\/jpeg"}],"author":"Jason Gonzales","twitter_card":"summary_large_image","twitter_creator":"@innoticiasbo","twitter_site":"@innoticiasbo","twitter_misc":{"Escrito por":"Jason Gonzales","Tiempo de lectura":"2 minutos"},"schema":{"@context":"https:\/\/schema.org","@graph":[{"@type":"Article","@id":"https:\/\/innoticiasbo.com\/index.php\/2026\/09\/04\/gobierno-logra-acuerdo-con-los-interculturales-y-levantan-el-bloqueo-en-yapacani\/#article","isPartOf":{"@id":"https:\/\/innoticiasbo.com\/index.php\/2026\/09\/04\/gobierno-logra-acuerdo-con-los-interculturales-y-levantan-el-bloqueo-en-yapacani\/"},"author":{"name":"Jason Gonzales","@id":"https:\/\/innoticiasbo.com\/#\/schema\/person\/9af0c49836719fb5d47b55cc879140ce"},"headline":"GOBIERNO LOGRA ACUERDO CON LOS INTERCULTURALES Y LEVANTAN EL BLOQUEO EN YAPACAN\u00cd","datePublished":"2026-09-04T13:21:17+00:00","dateModified":"2026-09-04T13:22:27+00:00","mainEntityOfPage":{"@id":"https:\/\/innoticiasbo.com\/index.php\/2026\/09\/04\/gobierno-logra-acuerdo-con-los-interculturales-y-levantan-el-bloqueo-en-yapacani\/"},"wordCount":440,"commentCount":0,"publisher":{"@id":"https:\/\/innoticiasbo.com\/#organization"},"image":{"@id":"https:\/\/innoticiasbo.com\/index.php\/2026\/09\/04\/gobierno-logra-acuerdo-con-los-interculturales-y-levantan-el-bloqueo-en-yapacani\/#primaryimage"},"thumbnailUrl":"https:\/\/i0.wp.com\/innoticiasbo.com\/wp-content\/uploads\/2026\/09\/image_editor_output_image-1636718347-1788528125416.jpg?fit=1002%2C564&ssl=1","keywords":["acuerdo","bloqueos","Bolivia","gobierno","Interculturales","Logro","Yapacan\u00ed"],"articleSection":["Bolivia"],"inLanguage":"es","potentialAction":[{"@type":"CommentAction","name":"Comment","target":["https:\/\/innoticiasbo.com\/index.php\/2026\/09\/04\/gobierno-logra-acuerdo-con-los-interculturales-y-levantan-el-bloqueo-en-yapacani\/#respond"]}]},{"@type":"WebPage","@id":"https:\/\/innoticiasbo.com\/index.php\/2026\/09\/04\/gobierno-logra-acuerdo-con-los-interculturales-y-levantan-el-bloqueo-en-yapacani\/","url":"https:\/\/innoticiasbo.com\/index.php\/2026\/09\/04\/gobierno-logra-acuerdo-con-los-interculturales-y-levantan-el-bloqueo-en-yapacani\/","name":"GOBIERNO LOGRA ACUERDO CON LOS INTERCULTURALES Y LEVANTAN EL BLOQUEO EN YAPACAN\u00cd - innoticiasbo.com","isPartOf":{"@id":"https:\/\/innoticiasbo.com\/#website"},"primaryImageOfPage":{"@id":"https:\/\/innoticiasbo.com\/index.php\/2026\/09\/04\/gobierno-logra-acuerdo-con-los-interculturales-y-levantan-el-bloqueo-en-yapacani\/#primaryimage"},"image":{"@id":"https:\/\/innoticiasbo.com\/index.php\/2026\/09\/04\/gobierno-logra-acuerdo-con-los-interculturales-y-levantan-el-bloqueo-en-yapacani\/#primaryimage"},"thumbnailUrl":"https:\/\/i0.wp.com\/innoticiasbo.com\/wp-content\/uploads\/2026\/09\/image_editor_output_image-1636718347-1788528125416.jpg?fit=1002%2C564&ssl=1","datePublished":"2026-09-04T13:21:17+00:00","dateModified":"2026-09-04T13:22:27+00:00","breadcrumb":{"@id":"https:\/\/innoticiasbo.com\/index.php\/2026\/09\/04\/gobierno-logra-acuerdo-con-los-interculturales-y-levantan-el-bloqueo-en-yapacani\/#breadcrumb"},"inLanguage":"es","potentialAction":[{"@type":"ReadAction","target":["https:\/\/innoticiasbo.com\/index.php\/2026\/09\/04\/gobierno-logra-acuerdo-con-los-interculturales-y-levantan-el-bloqueo-en-yapacani\/"]}]},{"@type":"ImageObject","inLanguage":"es","@id":"https:\/\/innoticiasbo.com\/index.php\/2026\/09\/04\/gobierno-logra-acuerdo-con-los-interculturales-y-levantan-el-bloqueo-en-yapacani\/#primaryimage","url":"https:\/\/i0.wp.com\/innoticiasbo.com\/wp-content\/uploads\/2026\/09\/image_editor_output_image-1636718347-1788528125416.jpg?fit=1002%2C564&ssl=1","contentUrl":"https:\/\/i0.wp.com\/innoticiasbo.com\/wp-content\/uploads\/2026\/09\/image_editor_output_image-1636718347-1788528125416.jpg?fit=1002%2C564&ssl=1","width":1002,"height":564},{"@type":"BreadcrumbList","@id":"https:\/\/innoticiasbo.com\/index.php\/2026\/09\/04\/gobierno-logra-acuerdo-con-los-interculturales-y-levantan-el-bloqueo-en-yapacani\/#breadcrumb","itemListElement":[{"@type":"ListItem","position":1,"name":"Portada","item":"https:\/\/innoticiasbo.com\/"},{"@type":"ListItem","position":2,"name":"GOBIERNO LOGRA ACUERDO CON LOS INTERCULTURALES Y LEVANTAN EL BLOQUEO EN YAPACAN\u00cd"}]},{"@type":"WebSite","@id":"https:\/\/innoticiasbo.com\/#website","url":"https:\/\/innoticiasbo.com\/","name":"innoticiasbo.com","description":"","publisher":{"@id":"https:\/\/innoticiasbo.com\/#organization"},"potentialAction":[{"@type":"SearchAction","target":{"@type":"EntryPoint","urlTemplate":"https:\/\/innoticiasbo.com\/?s={search_term_string}"},"query-input":{"@type":"PropertyValueSpecification","valueRequired":true,"valueName":"search_term_string"}}],"inLanguage":"es"},{"@type":"Organization","@id":"https:\/\/innoticiasbo.com\/#organization","name":"innoticiasbo.com","url":"https:\/\/innoticiasbo.com\/","logo":{"@type":"ImageObject","inLanguage":"es","@id":"https:\/\/innoticiasbo.com\/#\/schema\/logo\/image\/","url":"https:\/\/i0.wp.com\/innoticiasbo.com\/wp-content\/uploads\/2026\/04\/cropped-IN-LOGO.png?fit=1476%2C1476&ssl=1","contentUrl":"https:\/\/i0.wp.com\/innoticiasbo.com\/wp-content\/uploads\/2026\/04\/cropped-IN-LOGO.png?fit=1476%2C1476&ssl=1","width":1476,"height":1476,"caption":"innoticiasbo.com"},"image":{"@id":"https:\/\/innoticiasbo.com\/#\/schema\/logo\/image\/"},"sameAs":["https:\/\/www.facebook.com\/innoticiasbolivia","https:\/\/x.com\/innoticiasbo","https:\/\/www.instagram.com\/innoticiasbo","https:\/\/www.youtube.com\/innoticiasbo"]},{"@type":"Person","@id":"https:\/\/innoticiasbo.com\/#\/schema\/person\/9af0c49836719fb5d47b55cc879140ce","name":"Jason Gonzales","image":{"@type":"ImageObject","inLanguage":"es","@id":"https:\/\/innoticiasbo.com\/#\/schema\/person\/image\/","url":"https:\/\/secure.gravatar.com\/avatar\/ff64cacc93e8658997d62d298b4dff23?s=96&d=mm&r=g","contentUrl":"https:\/\/secure.gravatar.com\/avatar\/ff64cacc93e8658997d62d298b4dff23?s=96&d=mm&r=g","caption":"Jason Gonzales"},"sameAs":["http:\/\/www.innoticiasbo.com"],"url":"https:\/\/innoticiasbo.com\/index.php\/author\/prensa-8\/"}]}},"jetpack_featured_media_url":"https:\/\/i0.wp.com\/innoticiasbo.com\/wp-content\/uploads\/2026\/09\/image_editor_output_image-1636718347-1788528125416.jpg?fit=1002%2C564&ssl=1","jetpack_likes_enabled":true,"jetpack_sharing_enabled":true,"jetpack_shortlink":"https:\/\/wp.me\/pg298x-435","_links":{"self":[{"href":"https:\/\/innoticiasbo.com\/index.php\/wp-json\/wp\/v2\/posts\/15567","targetHints":{"allow":["GET"]}}],"collection":[{"href":"https:\/\/innoticiasbo.com\/index.php\/wp-json\/wp\/v2\/posts"}],"about":[{"href":"https:\/\/innoticiasbo.com\/index.php\/wp-json\/wp\/v2\/types\/post"}],"author":[{"embeddable":true,"href":"https:\/\/innoticiasbo.com\/index.php\/wp-json\/wp\/v2\/users\/12"}],"replies":[{"embeddable":true,"href":"https:\/\/innoticiasbo.com\/index.php\/wp-json\/wp\/v2\/comments?post=15567"}],"version-history":[{"count":1,"href":"https:\/\/innoticiasbo.com\/index.php\/wp-json\/wp\/v2\/posts\/15567\/revisions"}],"predecessor-version":[{"id":15568,"href":"https:\/\/innoticiasbo.com\/index.php\/wp-json\/wp\/v2\/posts\/15567\/revisions\/15568"}],"wp:featuredmedia":[{"embeddable":true,"href":"https:\/\/innoticiasbo.com\/index.php\/wp-json\/wp\/v2\/media\/15566"}],"wp:attachment":[{"href":"https:\/\/innoticiasbo.com\/index.php\/wp-json\/wp\/v2\/media?parent=15567"}],"wp:term":[{"taxonomy":"category","embeddable":true,"href":"https:\/\/innoticiasbo.com\/index.php\/wp-json\/wp\/v2\/categories?post=15567"},{"taxonomy":"post_tag","embeddable":true,"href":"https:\/\/innoticiasbo.com\/index.php\/wp-json\/wp\/v2\/tags?post=15567"}],"curies":[{"name":"wp","href":"https:\/\/api.w.org\/{rel}","templated":true}]}}