{"id":15563,"date":"2026-09-04T09:16:23","date_gmt":"2026-09-04T13:16:23","guid":{"rendered":"https:\/\/innoticiasbo.com\/?p=15563"},"modified":"2026-09-04T09:17:40","modified_gmt":"2026-09-04T13:17:40","slug":"el-pollo-subio-25-y-el-dolar-amenaza-con-encarecer-mas-la-mesa-del-hogar","status":"publish","type":"post","link":"https:\/\/innoticiasbo.com\/index.php\/2026\/09\/04\/el-pollo-subio-25-y-el-dolar-amenaza-con-encarecer-mas-la-mesa-del-hogar\/","title":{"rendered":"EL POLLO SUBI\u00d3 25% Y EL D\u00d3LAR AMENAZA CON ENCARECER M\u00c1S LA MESA DEL HOGAR"},"content":{"rendered":"\n<figure class=\"wp-block-image size-large\"><img data-recalc-dims=\"1\" loading=\"lazy\" decoding=\"async\" width=\"640\" height=\"359\" src=\"https:\/\/i0.wp.com\/innoticiasbo.com\/wp-content\/uploads\/2026\/09\/image_editor_output_image1499344651-17885276982438945439323505466281.jpg?resize=640%2C359&#038;ssl=1\" alt=\"\" class=\"wp-image-15561\" srcset=\"https:\/\/i0.wp.com\/innoticiasbo.com\/wp-content\/uploads\/2026\/09\/image_editor_output_image1499344651-17885276982438945439323505466281.jpg?w=999&amp;ssl=1 999w, https:\/\/i0.wp.com\/innoticiasbo.com\/wp-content\/uploads\/2026\/09\/image_editor_output_image1499344651-17885276982438945439323505466281.jpg?resize=300%2C168&amp;ssl=1 300w, https:\/\/i0.wp.com\/innoticiasbo.com\/wp-content\/uploads\/2026\/09\/image_editor_output_image1499344651-17885276982438945439323505466281.jpg?resize=768%2C431&amp;ssl=1 768w\" sizes=\"auto, (max-width: 640px) 100vw, 640px\" \/><\/figure>\n\n\n\n<p>4 de septiembre.- La inflaci\u00f3n volvi\u00f3 a subir en agosto y alcanz\u00f3 el 1,10%. El alza del d\u00f3lar agrega m\u00e1s presi\u00f3n sobre los costos y amenaza el poder adquisitivo, mientras el Gobierno pide acostumbrarse al r\u00e9gimen flexible, pero promete contener una escalada. <\/p>\n\n\n\n<p>El pollo volvi\u00f3 a subir y el golpe lleg\u00f3 directamente al bolsillo. En agosto, su precio aument\u00f3 25,16% en solo un mes. Para una familia que lo compra varias veces por semana, el dato significa llevar menos carne, reducir porciones o destinar m\u00e1s dinero a la misma comida.<br><br>El incremento fue tan fuerte que, por s\u00ed solo, explic\u00f3 casi la mitad de la inflaci\u00f3n mensual. El \u00cdndice de Precios al Consumidor (IPC) subi\u00f3 1,10% en agosto, despu\u00e9s de caer 2,79% en julio. La inflaci\u00f3n acumulada en los primeros ocho meses lleg\u00f3 al 3,01% y la registrada durante los \u00faltimos 12 meses se situ\u00f3 en 5,02%, seg\u00fan el Instituto Nacional de Estad\u00edstica (INE).<br><br>El pollo no fue el \u00fanico producto que se encareci\u00f3. Los quesos aumentaron 3,95%; el aceite, 2,95%; la manzana, 2,10%; la papa, 1,84%, y la leche pasteurizada, 1,29%. Comer fuera de casa tambi\u00e9n cost\u00f3 m\u00e1s: el pollo al espiedo o a la brasa subi\u00f3 3,04%; el plato extra, 1,68%, y el almuerzo, 0,62%.<\/p>\n\n\n\n<p>La presi\u00f3n alcanz\u00f3 otros gastos. Los celulares aumentaron 9,01%; los refrigeradores, 6,17%; las cocinas a gas, 5,54%; las computadoras port\u00e1tiles, 5,52%, y la pasta dental, 4,32%. Bajaron el transporte interdepartamental en flota, el tomate, la arveja, los huevos y la carne de res, pero el salto del pollo inclin\u00f3 el resultado general hacia arriba..<br><br>Una mesa cada vez m\u00e1s cara<br><br>Detr\u00e1s de cada porcentaje existe una p\u00e9rdida concreta en la vida diaria. Si el salario permanece igual, pero la comida y los art\u00edculos necesarios para vivir cuestan m\u00e1s, el ingreso compra menos. La familia conserva la misma cantidad de billetes, pero pierde capacidad para cubrir sus necesidades.<br><br>Es la diferencia entre el ingreso nominal y el poder adquisitivo. Una persona puede seguir recibiendo Bs 3.000 o Bs 5.000 cada mes, pero ese monto pierde fuerza si debe destinar una proporci\u00f3n mayor a comprar los mismos alimentos, pagar transporte o reponer productos b\u00e1sicos. Los precios suben y el salario se queda atr\u00e1s.<\/p>\n\n\n\n<p>Ese deterioro obliga a sustituir productos, elegir presentaciones peque\u00f1as, postergar compras o recortar otros gastos. El impacto es mayor sobre los hogares de menores ingresos, que destinan una parte m\u00e1s grande de su presupuesto a la alimentaci\u00f3n y tienen menos margen para absorber un aumento abrupto.<br><br>La inflaci\u00f3n tampoco fue uniforme. Oruro registr\u00f3 el mayor aumento, con 1,38%, seguido de Potos\u00ed, con 1,36%. En el \u00e1rea metropolitana de Santa Cruz, los precios subieron 1,25%, por encima del promedio nacional. Cochabamba registr\u00f3 1,19% y La Paz, 1,12%.<br><br>El d\u00f3lar a\u00f1ade otra presi\u00f3n<br><br>El encarecimiento de agosto no fue provocado por la \u00faltima subida del d\u00f3lar. Pero la escalada de la divisa aparece ahora como un riesgo adicional para los precios de las pr\u00f3ximas semanas.<\/p>\n\n\n\n<p>La cotizaci\u00f3n oficial pas\u00f3 de Bs 11,92, vigente entre el 29 y el 31 de agosto, a Bs 12,45 para hoy 4 de septiembre. El d\u00f3lar aument\u00f3 53 centavos, equivalente al 4,25%, en cuatro d\u00edas h\u00e1biles. Bajo el r\u00e9gimen flexible, su valor se convirti\u00f3 en una referencia directa para importadores, productores y comerciantes.<br><br>Cuando el d\u00f3lar sube, se necesitan m\u00e1s bolivianos para comprar la misma cantidad de divisas. Eso puede encarecer medicamentos, celulares, repuestos, veh\u00edculos, maquinaria y materias primas. El efecto tambi\u00e9n alcanza a productos nacionales que dependen de fertilizantes, semillas, medicamentos veterinarios, envases o aditivos importados.<br><br>Al respecto, el economista Germ\u00e1n Molina considera prematuro afirmar que la inflaci\u00f3n volver\u00e1 a acelerarse de manera generalizada. Una subida del d\u00f3lar durante algunos d\u00edas, explica, no necesariamente se convierte en un incremento permanente de los precios.<\/p>\n\n\n\n<p>\u201cUna nueva realidad\u201d<br><br>El Gobierno sostiene que el pa\u00eds debe acostumbrarse a una \u201cnueva realidad\u201d: en un mercado flexible, el d\u00f3lar puede subir o bajar. El presidente del Banco Central de Bolivia (BCB), David Espinoza, afirm\u00f3 que esas fluctuaciones son normales bajo el nuevo esquema.<br><br>Sin embargo, la flexibilidad tendr\u00e1 l\u00edmites. El ministro de Econom\u00eda, Christian Morales, anunci\u00f3 que el Ejecutivo coordina medidas con el BCB, la Autoridad de Supervisi\u00f3n del Sistema Financiero (ASFI) y el INE para moderar el incremento y corregir posibles movimientos especulativos.<br><br>\u201cNo vamos a esperar que llegue a Bs 15, Bs 18 o Bs 20 para intervenir\u201d, advirti\u00f3 Morales. La declaraci\u00f3n muestra que el Gobierno acepta las variaciones del mercado, pero reconoce que una escalada descontrolada puede trasladarse a los precios, alimentar la incertidumbre y profundizar la p\u00e9rdida del poder adquisitivo. El ministro no detall\u00f3 qu\u00e9 medidas ser\u00e1n aplicadas ni el nivel del d\u00f3lar que activar\u00e1 una intervenci\u00f3n.<\/p>\n\n\n\n<p>Ahora, las familias enfrentan dos se\u00f1ales. La primera ya est\u00e1 en los mercados: el pollo y otros productos cuestan m\u00e1s. La segunda aparece en la cotizaci\u00f3n del d\u00f3lar y anticipa nuevos riesgos. Mientras los ingresos no aumenten al mismo ritmo, cada subida obligar\u00e1 a repartir el mismo salario entre una mesa m\u00e1s cara y necesidades que no dejan de crecer.<\/p>\n\n\n\n<p>Fuente: El Deber <\/p>\n","protected":false},"excerpt":{"rendered":"<p>4 de septiembre.- La inflaci\u00f3n volvi\u00f3 a subir en agosto y alcanz\u00f3 el 1,10%. El alza del d\u00f3lar agrega m\u00e1s presi\u00f3n sobre los costos y amenaza el poder adquisitivo, mientras el Gobierno pide acostumbrarse al r\u00e9gimen flexible, pero promete contener una escalada. El pollo volvi\u00f3 a subir y el golpe lleg\u00f3 directamente al bolsillo. En&#8230;<\/p>\n","protected":false},"author":12,"featured_media":15562,"comment_status":"open","ping_status":"open","sticky":false,"template":"","format":"standard","meta":{"_jetpack_memberships_contains_paid_content":false,"footnotes":"","jetpack_publicize_message":"","jetpack_publicize_feature_enabled":true,"jetpack_social_post_already_shared":true,"jetpack_social_options":{"image_generator_settings":{"template":"highway","enabled":false},"version":2}},"categories":[1],"tags":[4048,7,2138,949,4049,1258,1327,289],"class_list":["post-15563","post","type-post","status-publish","format-standard","has-post-thumbnail","hentry","category-bolivia","tag-amenaza","tag-bolivia","tag-canasta-familiar","tag-dolar","tag-encarecer","tag-ine","tag-pollo","tag-produccion"],"jetpack_publicize_connections":[],"yoast_head":"<!-- This site is optimized with the Yoast SEO plugin v23.4 - https:\/\/yoast.com\/wordpress\/plugins\/seo\/ -->\n<title>EL POLLO SUBI\u00d3 25% Y EL D\u00d3LAR AMENAZA CON ENCARECER M\u00c1S LA MESA DEL HOGAR - innoticiasbo.com<\/title>\n<meta name=\"robots\" content=\"index, follow, max-snippet:-1, max-image-preview:large, max-video-preview:-1\" \/>\n<link rel=\"canonical\" href=\"https:\/\/innoticiasbo.com\/index.php\/2026\/09\/04\/el-pollo-subio-25-y-el-dolar-amenaza-con-encarecer-mas-la-mesa-del-hogar\/\" \/>\n<meta property=\"og:locale\" content=\"es_ES\" \/>\n<meta property=\"og:type\" content=\"article\" \/>\n<meta property=\"og:title\" content=\"EL POLLO SUBI\u00d3 25% Y EL D\u00d3LAR AMENAZA CON ENCARECER M\u00c1S LA MESA DEL HOGAR - innoticiasbo.com\" \/>\n<meta property=\"og:description\" content=\"4 de septiembre.- La inflaci\u00f3n volvi\u00f3 a subir en agosto y alcanz\u00f3 el 1,10%. El alza del d\u00f3lar agrega m\u00e1s presi\u00f3n sobre los costos y amenaza el poder adquisitivo, mientras el Gobierno pide acostumbrarse al r\u00e9gimen flexible, pero promete contener una escalada. El pollo volvi\u00f3 a subir y el golpe lleg\u00f3 directamente al bolsillo. En...\" \/>\n<meta property=\"og:url\" content=\"https:\/\/innoticiasbo.com\/index.php\/2026\/09\/04\/el-pollo-subio-25-y-el-dolar-amenaza-con-encarecer-mas-la-mesa-del-hogar\/\" \/>\n<meta property=\"og:site_name\" content=\"innoticiasbo.com\" \/>\n<meta property=\"article:publisher\" content=\"https:\/\/www.facebook.com\/innoticiasbolivia\" \/>\n<meta property=\"article:published_time\" content=\"2026-09-04T13:16:23+00:00\" \/>\n<meta property=\"article:modified_time\" content=\"2026-09-04T13:17:40+00:00\" \/>\n<meta property=\"og:image\" content=\"https:\/\/i0.wp.com\/innoticiasbo.com\/wp-content\/uploads\/2026\/09\/image_editor_output_image1499344651-1788527840557.jpg?fit=992%2C567&ssl=1\" \/>\n\t<meta property=\"og:image:width\" content=\"992\" \/>\n\t<meta property=\"og:image:height\" content=\"567\" \/>\n\t<meta property=\"og:image:type\" content=\"image\/jpeg\" \/>\n<meta name=\"author\" content=\"Jason Gonzales\" \/>\n<meta name=\"twitter:card\" content=\"summary_large_image\" \/>\n<meta name=\"twitter:creator\" content=\"@innoticiasbo\" \/>\n<meta name=\"twitter:site\" content=\"@innoticiasbo\" \/>\n<meta name=\"twitter:label1\" content=\"Escrito por\" \/>\n\t<meta name=\"twitter:data1\" content=\"Jason Gonzales\" \/>\n\t<meta name=\"twitter:label2\" content=\"Tiempo de lectura\" \/>\n\t<meta name=\"twitter:data2\" content=\"4 minutos\" \/>\n<script type=\"application\/ld+json\" class=\"yoast-schema-graph\">{\"@context\":\"https:\/\/schema.org\",\"@graph\":[{\"@type\":\"Article\",\"@id\":\"https:\/\/innoticiasbo.com\/index.php\/2026\/09\/04\/el-pollo-subio-25-y-el-dolar-amenaza-con-encarecer-mas-la-mesa-del-hogar\/#article\",\"isPartOf\":{\"@id\":\"https:\/\/innoticiasbo.com\/index.php\/2026\/09\/04\/el-pollo-subio-25-y-el-dolar-amenaza-con-encarecer-mas-la-mesa-del-hogar\/\"},\"author\":{\"name\":\"Jason Gonzales\",\"@id\":\"https:\/\/innoticiasbo.com\/#\/schema\/person\/9af0c49836719fb5d47b55cc879140ce\"},\"headline\":\"EL POLLO SUBI\u00d3 25% Y EL D\u00d3LAR AMENAZA CON ENCARECER M\u00c1S LA MESA DEL HOGAR\",\"datePublished\":\"2026-09-04T13:16:23+00:00\",\"dateModified\":\"2026-09-04T13:17:40+00:00\",\"mainEntityOfPage\":{\"@id\":\"https:\/\/innoticiasbo.com\/index.php\/2026\/09\/04\/el-pollo-subio-25-y-el-dolar-amenaza-con-encarecer-mas-la-mesa-del-hogar\/\"},\"wordCount\":880,\"commentCount\":0,\"publisher\":{\"@id\":\"https:\/\/innoticiasbo.com\/#organization\"},\"image\":{\"@id\":\"https:\/\/innoticiasbo.com\/index.php\/2026\/09\/04\/el-pollo-subio-25-y-el-dolar-amenaza-con-encarecer-mas-la-mesa-del-hogar\/#primaryimage\"},\"thumbnailUrl\":\"https:\/\/i0.wp.com\/innoticiasbo.com\/wp-content\/uploads\/2026\/09\/image_editor_output_image1499344651-1788527840557.jpg?fit=992%2C567&ssl=1\",\"keywords\":[\"Amenaza\",\"Bolivia\",\"Canasta familiar\",\"dolar\",\"Encarecer\",\"INE\",\"Pollo\",\"producci\u00f3n\"],\"articleSection\":[\"Bolivia\"],\"inLanguage\":\"es\",\"potentialAction\":[{\"@type\":\"CommentAction\",\"name\":\"Comment\",\"target\":[\"https:\/\/innoticiasbo.com\/index.php\/2026\/09\/04\/el-pollo-subio-25-y-el-dolar-amenaza-con-encarecer-mas-la-mesa-del-hogar\/#respond\"]}]},{\"@type\":\"WebPage\",\"@id\":\"https:\/\/innoticiasbo.com\/index.php\/2026\/09\/04\/el-pollo-subio-25-y-el-dolar-amenaza-con-encarecer-mas-la-mesa-del-hogar\/\",\"url\":\"https:\/\/innoticiasbo.com\/index.php\/2026\/09\/04\/el-pollo-subio-25-y-el-dolar-amenaza-con-encarecer-mas-la-mesa-del-hogar\/\",\"name\":\"EL POLLO SUBI\u00d3 25% Y EL D\u00d3LAR AMENAZA CON ENCARECER M\u00c1S LA MESA DEL HOGAR - innoticiasbo.com\",\"isPartOf\":{\"@id\":\"https:\/\/innoticiasbo.com\/#website\"},\"primaryImageOfPage\":{\"@id\":\"https:\/\/innoticiasbo.com\/index.php\/2026\/09\/04\/el-pollo-subio-25-y-el-dolar-amenaza-con-encarecer-mas-la-mesa-del-hogar\/#primaryimage\"},\"image\":{\"@id\":\"https:\/\/innoticiasbo.com\/index.php\/2026\/09\/04\/el-pollo-subio-25-y-el-dolar-amenaza-con-encarecer-mas-la-mesa-del-hogar\/#primaryimage\"},\"thumbnailUrl\":\"https:\/\/i0.wp.com\/innoticiasbo.com\/wp-content\/uploads\/2026\/09\/image_editor_output_image1499344651-1788527840557.jpg?fit=992%2C567&ssl=1\",\"datePublished\":\"2026-09-04T13:16:23+00:00\",\"dateModified\":\"2026-09-04T13:17:40+00:00\",\"breadcrumb\":{\"@id\":\"https:\/\/innoticiasbo.com\/index.php\/2026\/09\/04\/el-pollo-subio-25-y-el-dolar-amenaza-con-encarecer-mas-la-mesa-del-hogar\/#breadcrumb\"},\"inLanguage\":\"es\",\"potentialAction\":[{\"@type\":\"ReadAction\",\"target\":[\"https:\/\/innoticiasbo.com\/index.php\/2026\/09\/04\/el-pollo-subio-25-y-el-dolar-amenaza-con-encarecer-mas-la-mesa-del-hogar\/\"]}]},{\"@type\":\"ImageObject\",\"inLanguage\":\"es\",\"@id\":\"https:\/\/innoticiasbo.com\/index.php\/2026\/09\/04\/el-pollo-subio-25-y-el-dolar-amenaza-con-encarecer-mas-la-mesa-del-hogar\/#primaryimage\",\"url\":\"https:\/\/i0.wp.com\/innoticiasbo.com\/wp-content\/uploads\/2026\/09\/image_editor_output_image1499344651-1788527840557.jpg?fit=992%2C567&ssl=1\",\"contentUrl\":\"https:\/\/i0.wp.com\/innoticiasbo.com\/wp-content\/uploads\/2026\/09\/image_editor_output_image1499344651-1788527840557.jpg?fit=992%2C567&ssl=1\",\"width\":992,\"height\":567},{\"@type\":\"BreadcrumbList\",\"@id\":\"https:\/\/innoticiasbo.com\/index.php\/2026\/09\/04\/el-pollo-subio-25-y-el-dolar-amenaza-con-encarecer-mas-la-mesa-del-hogar\/#breadcrumb\",\"itemListElement\":[{\"@type\":\"ListItem\",\"position\":1,\"name\":\"Portada\",\"item\":\"https:\/\/innoticiasbo.com\/\"},{\"@type\":\"ListItem\",\"position\":2,\"name\":\"EL POLLO SUBI\u00d3 25% Y EL D\u00d3LAR AMENAZA CON ENCARECER M\u00c1S LA MESA DEL HOGAR\"}]},{\"@type\":\"WebSite\",\"@id\":\"https:\/\/innoticiasbo.com\/#website\",\"url\":\"https:\/\/innoticiasbo.com\/\",\"name\":\"innoticiasbo.com\",\"description\":\"\",\"publisher\":{\"@id\":\"https:\/\/innoticiasbo.com\/#organization\"},\"potentialAction\":[{\"@type\":\"SearchAction\",\"target\":{\"@type\":\"EntryPoint\",\"urlTemplate\":\"https:\/\/innoticiasbo.com\/?s={search_term_string}\"},\"query-input\":{\"@type\":\"PropertyValueSpecification\",\"valueRequired\":true,\"valueName\":\"search_term_string\"}}],\"inLanguage\":\"es\"},{\"@type\":\"Organization\",\"@id\":\"https:\/\/innoticiasbo.com\/#organization\",\"name\":\"innoticiasbo.com\",\"url\":\"https:\/\/innoticiasbo.com\/\",\"logo\":{\"@type\":\"ImageObject\",\"inLanguage\":\"es\",\"@id\":\"https:\/\/innoticiasbo.com\/#\/schema\/logo\/image\/\",\"url\":\"https:\/\/i0.wp.com\/innoticiasbo.com\/wp-content\/uploads\/2026\/04\/cropped-IN-LOGO.png?fit=1476%2C1476&ssl=1\",\"contentUrl\":\"https:\/\/i0.wp.com\/innoticiasbo.com\/wp-content\/uploads\/2026\/04\/cropped-IN-LOGO.png?fit=1476%2C1476&ssl=1\",\"width\":1476,\"height\":1476,\"caption\":\"innoticiasbo.com\"},\"image\":{\"@id\":\"https:\/\/innoticiasbo.com\/#\/schema\/logo\/image\/\"},\"sameAs\":[\"https:\/\/www.facebook.com\/innoticiasbolivia\",\"https:\/\/x.com\/innoticiasbo\",\"https:\/\/www.instagram.com\/innoticiasbo\",\"https:\/\/www.youtube.com\/innoticiasbo\"]},{\"@type\":\"Person\",\"@id\":\"https:\/\/innoticiasbo.com\/#\/schema\/person\/9af0c49836719fb5d47b55cc879140ce\",\"name\":\"Jason Gonzales\",\"image\":{\"@type\":\"ImageObject\",\"inLanguage\":\"es\",\"@id\":\"https:\/\/innoticiasbo.com\/#\/schema\/person\/image\/\",\"url\":\"https:\/\/secure.gravatar.com\/avatar\/ff64cacc93e8658997d62d298b4dff23?s=96&d=mm&r=g\",\"contentUrl\":\"https:\/\/secure.gravatar.com\/avatar\/ff64cacc93e8658997d62d298b4dff23?s=96&d=mm&r=g\",\"caption\":\"Jason Gonzales\"},\"sameAs\":[\"http:\/\/www.innoticiasbo.com\"],\"url\":\"https:\/\/innoticiasbo.com\/index.php\/author\/prensa-8\/\"}]}<\/script>\n<!-- \/ Yoast SEO plugin. -->","yoast_head_json":{"title":"EL POLLO SUBI\u00d3 25% Y EL D\u00d3LAR AMENAZA CON ENCARECER M\u00c1S LA MESA DEL HOGAR - innoticiasbo.com","robots":{"index":"index","follow":"follow","max-snippet":"max-snippet:-1","max-image-preview":"max-image-preview:large","max-video-preview":"max-video-preview:-1"},"canonical":"https:\/\/innoticiasbo.com\/index.php\/2026\/09\/04\/el-pollo-subio-25-y-el-dolar-amenaza-con-encarecer-mas-la-mesa-del-hogar\/","og_locale":"es_ES","og_type":"article","og_title":"EL POLLO SUBI\u00d3 25% Y EL D\u00d3LAR AMENAZA CON ENCARECER M\u00c1S LA MESA DEL HOGAR - innoticiasbo.com","og_description":"4 de septiembre.- La inflaci\u00f3n volvi\u00f3 a subir en agosto y alcanz\u00f3 el 1,10%. El alza del d\u00f3lar agrega m\u00e1s presi\u00f3n sobre los costos y amenaza el poder adquisitivo, mientras el Gobierno pide acostumbrarse al r\u00e9gimen flexible, pero promete contener una escalada. El pollo volvi\u00f3 a subir y el golpe lleg\u00f3 directamente al bolsillo. En...","og_url":"https:\/\/innoticiasbo.com\/index.php\/2026\/09\/04\/el-pollo-subio-25-y-el-dolar-amenaza-con-encarecer-mas-la-mesa-del-hogar\/","og_site_name":"innoticiasbo.com","article_publisher":"https:\/\/www.facebook.com\/innoticiasbolivia","article_published_time":"2026-09-04T13:16:23+00:00","article_modified_time":"2026-09-04T13:17:40+00:00","og_image":[{"width":992,"height":567,"url":"https:\/\/i0.wp.com\/innoticiasbo.com\/wp-content\/uploads\/2026\/09\/image_editor_output_image1499344651-1788527840557.jpg?fit=992%2C567&ssl=1","type":"image\/jpeg"}],"author":"Jason Gonzales","twitter_card":"summary_large_image","twitter_creator":"@innoticiasbo","twitter_site":"@innoticiasbo","twitter_misc":{"Escrito por":"Jason Gonzales","Tiempo de lectura":"4 minutos"},"schema":{"@context":"https:\/\/schema.org","@graph":[{"@type":"Article","@id":"https:\/\/innoticiasbo.com\/index.php\/2026\/09\/04\/el-pollo-subio-25-y-el-dolar-amenaza-con-encarecer-mas-la-mesa-del-hogar\/#article","isPartOf":{"@id":"https:\/\/innoticiasbo.com\/index.php\/2026\/09\/04\/el-pollo-subio-25-y-el-dolar-amenaza-con-encarecer-mas-la-mesa-del-hogar\/"},"author":{"name":"Jason Gonzales","@id":"https:\/\/innoticiasbo.com\/#\/schema\/person\/9af0c49836719fb5d47b55cc879140ce"},"headline":"EL POLLO SUBI\u00d3 25% Y EL D\u00d3LAR AMENAZA CON ENCARECER M\u00c1S LA MESA DEL HOGAR","datePublished":"2026-09-04T13:16:23+00:00","dateModified":"2026-09-04T13:17:40+00:00","mainEntityOfPage":{"@id":"https:\/\/innoticiasbo.com\/index.php\/2026\/09\/04\/el-pollo-subio-25-y-el-dolar-amenaza-con-encarecer-mas-la-mesa-del-hogar\/"},"wordCount":880,"commentCount":0,"publisher":{"@id":"https:\/\/innoticiasbo.com\/#organization"},"image":{"@id":"https:\/\/innoticiasbo.com\/index.php\/2026\/09\/04\/el-pollo-subio-25-y-el-dolar-amenaza-con-encarecer-mas-la-mesa-del-hogar\/#primaryimage"},"thumbnailUrl":"https:\/\/i0.wp.com\/innoticiasbo.com\/wp-content\/uploads\/2026\/09\/image_editor_output_image1499344651-1788527840557.jpg?fit=992%2C567&ssl=1","keywords":["Amenaza","Bolivia","Canasta familiar","dolar","Encarecer","INE","Pollo","producci\u00f3n"],"articleSection":["Bolivia"],"inLanguage":"es","potentialAction":[{"@type":"CommentAction","name":"Comment","target":["https:\/\/innoticiasbo.com\/index.php\/2026\/09\/04\/el-pollo-subio-25-y-el-dolar-amenaza-con-encarecer-mas-la-mesa-del-hogar\/#respond"]}]},{"@type":"WebPage","@id":"https:\/\/innoticiasbo.com\/index.php\/2026\/09\/04\/el-pollo-subio-25-y-el-dolar-amenaza-con-encarecer-mas-la-mesa-del-hogar\/","url":"https:\/\/innoticiasbo.com\/index.php\/2026\/09\/04\/el-pollo-subio-25-y-el-dolar-amenaza-con-encarecer-mas-la-mesa-del-hogar\/","name":"EL POLLO SUBI\u00d3 25% Y EL D\u00d3LAR AMENAZA CON ENCARECER M\u00c1S LA MESA DEL HOGAR - innoticiasbo.com","isPartOf":{"@id":"https:\/\/innoticiasbo.com\/#website"},"primaryImageOfPage":{"@id":"https:\/\/innoticiasbo.com\/index.php\/2026\/09\/04\/el-pollo-subio-25-y-el-dolar-amenaza-con-encarecer-mas-la-mesa-del-hogar\/#primaryimage"},"image":{"@id":"https:\/\/innoticiasbo.com\/index.php\/2026\/09\/04\/el-pollo-subio-25-y-el-dolar-amenaza-con-encarecer-mas-la-mesa-del-hogar\/#primaryimage"},"thumbnailUrl":"https:\/\/i0.wp.com\/innoticiasbo.com\/wp-content\/uploads\/2026\/09\/image_editor_output_image1499344651-1788527840557.jpg?fit=992%2C567&ssl=1","datePublished":"2026-09-04T13:16:23+00:00","dateModified":"2026-09-04T13:17:40+00:00","breadcrumb":{"@id":"https:\/\/innoticiasbo.com\/index.php\/2026\/09\/04\/el-pollo-subio-25-y-el-dolar-amenaza-con-encarecer-mas-la-mesa-del-hogar\/#breadcrumb"},"inLanguage":"es","potentialAction":[{"@type":"ReadAction","target":["https:\/\/innoticiasbo.com\/index.php\/2026\/09\/04\/el-pollo-subio-25-y-el-dolar-amenaza-con-encarecer-mas-la-mesa-del-hogar\/"]}]},{"@type":"ImageObject","inLanguage":"es","@id":"https:\/\/innoticiasbo.com\/index.php\/2026\/09\/04\/el-pollo-subio-25-y-el-dolar-amenaza-con-encarecer-mas-la-mesa-del-hogar\/#primaryimage","url":"https:\/\/i0.wp.com\/innoticiasbo.com\/wp-content\/uploads\/2026\/09\/image_editor_output_image1499344651-1788527840557.jpg?fit=992%2C567&ssl=1","contentUrl":"https:\/\/i0.wp.com\/innoticiasbo.com\/wp-content\/uploads\/2026\/09\/image_editor_output_image1499344651-1788527840557.jpg?fit=992%2C567&ssl=1","width":992,"height":567},{"@type":"BreadcrumbList","@id":"https:\/\/innoticiasbo.com\/index.php\/2026\/09\/04\/el-pollo-subio-25-y-el-dolar-amenaza-con-encarecer-mas-la-mesa-del-hogar\/#breadcrumb","itemListElement":[{"@type":"ListItem","position":1,"name":"Portada","item":"https:\/\/innoticiasbo.com\/"},{"@type":"ListItem","position":2,"name":"EL POLLO SUBI\u00d3 25% Y EL D\u00d3LAR AMENAZA CON ENCARECER M\u00c1S LA MESA DEL HOGAR"}]},{"@type":"WebSite","@id":"https:\/\/innoticiasbo.com\/#website","url":"https:\/\/innoticiasbo.com\/","name":"innoticiasbo.com","description":"","publisher":{"@id":"https:\/\/innoticiasbo.com\/#organization"},"potentialAction":[{"@type":"SearchAction","target":{"@type":"EntryPoint","urlTemplate":"https:\/\/innoticiasbo.com\/?s={search_term_string}"},"query-input":{"@type":"PropertyValueSpecification","valueRequired":true,"valueName":"search_term_string"}}],"inLanguage":"es"},{"@type":"Organization","@id":"https:\/\/innoticiasbo.com\/#organization","name":"innoticiasbo.com","url":"https:\/\/innoticiasbo.com\/","logo":{"@type":"ImageObject","inLanguage":"es","@id":"https:\/\/innoticiasbo.com\/#\/schema\/logo\/image\/","url":"https:\/\/i0.wp.com\/innoticiasbo.com\/wp-content\/uploads\/2026\/04\/cropped-IN-LOGO.png?fit=1476%2C1476&ssl=1","contentUrl":"https:\/\/i0.wp.com\/innoticiasbo.com\/wp-content\/uploads\/2026\/04\/cropped-IN-LOGO.png?fit=1476%2C1476&ssl=1","width":1476,"height":1476,"caption":"innoticiasbo.com"},"image":{"@id":"https:\/\/innoticiasbo.com\/#\/schema\/logo\/image\/"},"sameAs":["https:\/\/www.facebook.com\/innoticiasbolivia","https:\/\/x.com\/innoticiasbo","https:\/\/www.instagram.com\/innoticiasbo","https:\/\/www.youtube.com\/innoticiasbo"]},{"@type":"Person","@id":"https:\/\/innoticiasbo.com\/#\/schema\/person\/9af0c49836719fb5d47b55cc879140ce","name":"Jason Gonzales","image":{"@type":"ImageObject","inLanguage":"es","@id":"https:\/\/innoticiasbo.com\/#\/schema\/person\/image\/","url":"https:\/\/secure.gravatar.com\/avatar\/ff64cacc93e8658997d62d298b4dff23?s=96&d=mm&r=g","contentUrl":"https:\/\/secure.gravatar.com\/avatar\/ff64cacc93e8658997d62d298b4dff23?s=96&d=mm&r=g","caption":"Jason Gonzales"},"sameAs":["http:\/\/www.innoticiasbo.com"],"url":"https:\/\/innoticiasbo.com\/index.php\/author\/prensa-8\/"}]}},"jetpack_featured_media_url":"https:\/\/i0.wp.com\/innoticiasbo.com\/wp-content\/uploads\/2026\/09\/image_editor_output_image1499344651-1788527840557.jpg?fit=992%2C567&ssl=1","jetpack_likes_enabled":true,"jetpack_sharing_enabled":true,"jetpack_shortlink":"https:\/\/wp.me\/pg298x-431","_links":{"self":[{"href":"https:\/\/innoticiasbo.com\/index.php\/wp-json\/wp\/v2\/posts\/15563","targetHints":{"allow":["GET"]}}],"collection":[{"href":"https:\/\/innoticiasbo.com\/index.php\/wp-json\/wp\/v2\/posts"}],"about":[{"href":"https:\/\/innoticiasbo.com\/index.php\/wp-json\/wp\/v2\/types\/post"}],"author":[{"embeddable":true,"href":"https:\/\/innoticiasbo.com\/index.php\/wp-json\/wp\/v2\/users\/12"}],"replies":[{"embeddable":true,"href":"https:\/\/innoticiasbo.com\/index.php\/wp-json\/wp\/v2\/comments?post=15563"}],"version-history":[{"count":1,"href":"https:\/\/innoticiasbo.com\/index.php\/wp-json\/wp\/v2\/posts\/15563\/revisions"}],"predecessor-version":[{"id":15564,"href":"https:\/\/innoticiasbo.com\/index.php\/wp-json\/wp\/v2\/posts\/15563\/revisions\/15564"}],"wp:featuredmedia":[{"embeddable":true,"href":"https:\/\/innoticiasbo.com\/index.php\/wp-json\/wp\/v2\/media\/15562"}],"wp:attachment":[{"href":"https:\/\/innoticiasbo.com\/index.php\/wp-json\/wp\/v2\/media?parent=15563"}],"wp:term":[{"taxonomy":"category","embeddable":true,"href":"https:\/\/innoticiasbo.com\/index.php\/wp-json\/wp\/v2\/categories?post=15563"},{"taxonomy":"post_tag","embeddable":true,"href":"https:\/\/innoticiasbo.com\/index.php\/wp-json\/wp\/v2\/tags?post=15563"}],"curies":[{"name":"wp","href":"https:\/\/api.w.org\/{rel}","templated":true}]}}