{"id":15559,"date":"2026-09-04T09:10:12","date_gmt":"2026-09-04T13:10:12","guid":{"rendered":"https:\/\/innoticiasbo.com\/?p=15559"},"modified":"2026-09-04T09:12:51","modified_gmt":"2026-09-04T13:12:51","slug":"acribillado-en-el-urubo-tenia-dinero-adherido-a-su-cuerpo-y-contaba-con-antecedentes-por-narcotrafico","status":"publish","type":"post","link":"https:\/\/innoticiasbo.com\/index.php\/2026\/09\/04\/acribillado-en-el-urubo-tenia-dinero-adherido-a-su-cuerpo-y-contaba-con-antecedentes-por-narcotrafico\/","title":{"rendered":"ACRIBILLADO EN EL URUB\u00d3 TEN\u00cdA DINERO ADHERIDO A SU CUERPO Y CONTABA CON ANTECEDENTES POR NARCOTR\u00c1FICO"},"content":{"rendered":"\n<figure class=\"wp-block-image size-large\"><img data-recalc-dims=\"1\" loading=\"lazy\" decoding=\"async\" width=\"640\" height=\"361\" src=\"https:\/\/i0.wp.com\/innoticiasbo.com\/wp-content\/uploads\/2026\/09\/image_editor_output_image808089875-17885273450318757985518742997944.jpg?resize=640%2C361&#038;ssl=1\" alt=\"\" class=\"wp-image-15557\" srcset=\"https:\/\/i0.wp.com\/innoticiasbo.com\/wp-content\/uploads\/2026\/09\/image_editor_output_image808089875-17885273450318757985518742997944.jpg?w=1002&amp;ssl=1 1002w, https:\/\/i0.wp.com\/innoticiasbo.com\/wp-content\/uploads\/2026\/09\/image_editor_output_image808089875-17885273450318757985518742997944.jpg?resize=300%2C169&amp;ssl=1 300w, https:\/\/i0.wp.com\/innoticiasbo.com\/wp-content\/uploads\/2026\/09\/image_editor_output_image808089875-17885273450318757985518742997944.jpg?resize=768%2C433&amp;ssl=1 768w\" sizes=\"auto, (max-width: 640px) 100vw, 640px\" \/><\/figure>\n\n\n\n<p>Santa Cruz, 4 de septiembre.- El hombre fue citado al lugar donde fue abatido con m\u00faltiples disparos de arma de fuego. La Polic\u00eda identifica al menos a cinco personas vinculadas con el hecho, quienes tuvieron contacto con el asesinado antes de ser abatido.<\/p>\n\n\n\n<p>Con 6.400 bolivianos adheridos al cuerpo, as\u00ed fue hallado el hombre que fue acribillado en la zona del Urub\u00f3, en el municipio de Porongo, la noche del jueves 3 de septiembre. La Polic\u00eda tras el levantamiento legal del cad\u00e1ver, encontr\u00f3 el dinero, el mismo que fue colectado como elemento parte de las investigaciones. <br><br>El comandante departamental de la Polic\u00eda, coronel David G\u00f3mez, indic\u00f3 que, tras la revisi\u00f3n f\u00edsica externa del cuerpo, se detectaron m\u00e1s de cinco disparos de arma en el cuerpo de la v\u00edctima; sin embargo, se aguarda el informe de la autopsia m\u00e9dico legal para determinar la cantidad exacta. Agreg\u00f3 que, se colectaron varias vainas de proyectil de arma de fuego, calibre 9 mil\u00edmetros. <\/p>\n\n\n\n<p>Detall\u00f3 que, el hombre hab\u00eda sido citado al lugar de los hechos, donde tuvo contacto con al menos cinco personas que llegaron en otros veh\u00edculos, pero despu\u00e9s de entablar conversaciones, los sujetos armados lo acribillaron.<br><br>El jefe policial precis\u00f3 que, la v\u00edctima tiene antecedentes vinculados al narcotr\u00e1fico, por lo que presume que el hecho se trate de un ajuste de cuentas.<br><br>El Ministerio P\u00fablico, el personal t\u00e9cnico cient\u00edfico de Instituto de Investigaciones Forenses (IDIF) y del Instituto de Investigaciones T\u00e9cnico Cient\u00edficas de la Universidad Policial (Iitcup) para realizar las pericias tras el asesinato.<\/p>\n\n\n\n<p>El jefe policial se limit\u00f3 a dar la identidad del hombre abatido, a fin de no entorpecer las investigaciones y dar con los sujetos armados vinculados al crimen.<br><br>\u00abNuestro personal de inteligencia y tambi\u00e9n de nuestra unidad operativa est\u00e1n realizando todos los actos con la final de poder ubicar estos dos veh\u00edculos que se dieron a la fuga momentos despu\u00e9s del hecho\u00bb, sostuvo.<\/p>\n\n\n\n<p>Fuente: El Deber <\/p>\n","protected":false},"excerpt":{"rendered":"<p>Santa Cruz, 4 de septiembre.- El hombre fue citado al lugar donde fue abatido con m\u00faltiples disparos de arma de fuego. La Polic\u00eda identifica al menos a cinco personas vinculadas con el hecho, quienes tuvieron contacto con el asesinado antes de ser abatido. Con 6.400 bolivianos adheridos al cuerpo, as\u00ed fue hallado el hombre que&#8230;<\/p>\n","protected":false},"author":12,"featured_media":15558,"comment_status":"open","ping_status":"open","sticky":false,"template":"","format":"standard","meta":{"_jetpack_memberships_contains_paid_content":false,"footnotes":"","jetpack_publicize_message":"","jetpack_publicize_feature_enabled":true,"jetpack_social_post_already_shared":true,"jetpack_social_options":{"image_generator_settings":{"template":"highway","enabled":false},"version":2}},"categories":[1,15],"tags":[1326,4046,7,4045,3722,565,167,4047],"class_list":["post-15559","post","type-post","status-publish","format-standard","has-post-thumbnail","hentry","category-bolivia","category-seguridad","tag-acribillado","tag-antecedentes","tag-bolivia","tag-cuerpo","tag-dinero","tag-narcotrafico","tag-santa-cruz","tag-urubo"],"jetpack_publicize_connections":[],"yoast_head":"<!-- This site is optimized with the Yoast SEO plugin v23.4 - https:\/\/yoast.com\/wordpress\/plugins\/seo\/ -->\n<title>ACRIBILLADO EN EL URUB\u00d3 TEN\u00cdA DINERO ADHERIDO A SU CUERPO Y CONTABA CON ANTECEDENTES POR NARCOTR\u00c1FICO - innoticiasbo.com<\/title>\n<meta name=\"robots\" content=\"index, follow, max-snippet:-1, max-image-preview:large, max-video-preview:-1\" \/>\n<link rel=\"canonical\" href=\"https:\/\/innoticiasbo.com\/index.php\/2026\/09\/04\/acribillado-en-el-urubo-tenia-dinero-adherido-a-su-cuerpo-y-contaba-con-antecedentes-por-narcotrafico\/\" \/>\n<meta property=\"og:locale\" content=\"es_ES\" \/>\n<meta property=\"og:type\" content=\"article\" \/>\n<meta property=\"og:title\" content=\"ACRIBILLADO EN EL URUB\u00d3 TEN\u00cdA DINERO ADHERIDO A SU CUERPO Y CONTABA CON ANTECEDENTES POR NARCOTR\u00c1FICO - innoticiasbo.com\" \/>\n<meta property=\"og:description\" content=\"Santa Cruz, 4 de septiembre.- El hombre fue citado al lugar donde fue abatido con m\u00faltiples disparos de arma de fuego. La Polic\u00eda identifica al menos a cinco personas vinculadas con el hecho, quienes tuvieron contacto con el asesinado antes de ser abatido. Con 6.400 bolivianos adheridos al cuerpo, as\u00ed fue hallado el hombre que...\" \/>\n<meta property=\"og:url\" content=\"https:\/\/innoticiasbo.com\/index.php\/2026\/09\/04\/acribillado-en-el-urubo-tenia-dinero-adherido-a-su-cuerpo-y-contaba-con-antecedentes-por-narcotrafico\/\" \/>\n<meta property=\"og:site_name\" content=\"innoticiasbo.com\" \/>\n<meta property=\"article:publisher\" content=\"https:\/\/www.facebook.com\/innoticiasbolivia\" \/>\n<meta property=\"article:published_time\" content=\"2026-09-04T13:10:12+00:00\" \/>\n<meta property=\"article:modified_time\" content=\"2026-09-04T13:12:51+00:00\" \/>\n<meta property=\"og:image\" content=\"https:\/\/i0.wp.com\/innoticiasbo.com\/wp-content\/uploads\/2026\/09\/image_editor_output_image808089875-1788527517122.jpg?fit=999%2C557&ssl=1\" \/>\n\t<meta property=\"og:image:width\" content=\"999\" \/>\n\t<meta property=\"og:image:height\" content=\"557\" \/>\n\t<meta property=\"og:image:type\" content=\"image\/jpeg\" \/>\n<meta name=\"author\" content=\"Jason Gonzales\" \/>\n<meta name=\"twitter:card\" content=\"summary_large_image\" \/>\n<meta name=\"twitter:creator\" content=\"@innoticiasbo\" \/>\n<meta name=\"twitter:site\" content=\"@innoticiasbo\" \/>\n<meta name=\"twitter:label1\" content=\"Escrito por\" \/>\n\t<meta name=\"twitter:data1\" content=\"Jason Gonzales\" \/>\n\t<meta name=\"twitter:label2\" content=\"Tiempo de lectura\" \/>\n\t<meta name=\"twitter:data2\" content=\"2 minutos\" \/>\n<script type=\"application\/ld+json\" class=\"yoast-schema-graph\">{\"@context\":\"https:\/\/schema.org\",\"@graph\":[{\"@type\":\"Article\",\"@id\":\"https:\/\/innoticiasbo.com\/index.php\/2026\/09\/04\/acribillado-en-el-urubo-tenia-dinero-adherido-a-su-cuerpo-y-contaba-con-antecedentes-por-narcotrafico\/#article\",\"isPartOf\":{\"@id\":\"https:\/\/innoticiasbo.com\/index.php\/2026\/09\/04\/acribillado-en-el-urubo-tenia-dinero-adherido-a-su-cuerpo-y-contaba-con-antecedentes-por-narcotrafico\/\"},\"author\":{\"name\":\"Jason Gonzales\",\"@id\":\"https:\/\/innoticiasbo.com\/#\/schema\/person\/9af0c49836719fb5d47b55cc879140ce\"},\"headline\":\"ACRIBILLADO EN EL URUB\u00d3 TEN\u00cdA DINERO ADHERIDO A SU CUERPO Y CONTABA CON ANTECEDENTES POR NARCOTR\u00c1FICO\",\"datePublished\":\"2026-09-04T13:10:12+00:00\",\"dateModified\":\"2026-09-04T13:12:51+00:00\",\"mainEntityOfPage\":{\"@id\":\"https:\/\/innoticiasbo.com\/index.php\/2026\/09\/04\/acribillado-en-el-urubo-tenia-dinero-adherido-a-su-cuerpo-y-contaba-con-antecedentes-por-narcotrafico\/\"},\"wordCount\":359,\"commentCount\":0,\"publisher\":{\"@id\":\"https:\/\/innoticiasbo.com\/#organization\"},\"image\":{\"@id\":\"https:\/\/innoticiasbo.com\/index.php\/2026\/09\/04\/acribillado-en-el-urubo-tenia-dinero-adherido-a-su-cuerpo-y-contaba-con-antecedentes-por-narcotrafico\/#primaryimage\"},\"thumbnailUrl\":\"https:\/\/i0.wp.com\/innoticiasbo.com\/wp-content\/uploads\/2026\/09\/image_editor_output_image808089875-1788527517122.jpg?fit=999%2C557&ssl=1\",\"keywords\":[\"acribillado\",\"Antecedentes\",\"Bolivia\",\"Cuerpo\",\"Dinero\",\"narcotr\u00e1fico\",\"Santa Cruz\",\"Urub\u00f3\"],\"articleSection\":[\"Bolivia\",\"Seguridad\"],\"inLanguage\":\"es\",\"potentialAction\":[{\"@type\":\"CommentAction\",\"name\":\"Comment\",\"target\":[\"https:\/\/innoticiasbo.com\/index.php\/2026\/09\/04\/acribillado-en-el-urubo-tenia-dinero-adherido-a-su-cuerpo-y-contaba-con-antecedentes-por-narcotrafico\/#respond\"]}]},{\"@type\":\"WebPage\",\"@id\":\"https:\/\/innoticiasbo.com\/index.php\/2026\/09\/04\/acribillado-en-el-urubo-tenia-dinero-adherido-a-su-cuerpo-y-contaba-con-antecedentes-por-narcotrafico\/\",\"url\":\"https:\/\/innoticiasbo.com\/index.php\/2026\/09\/04\/acribillado-en-el-urubo-tenia-dinero-adherido-a-su-cuerpo-y-contaba-con-antecedentes-por-narcotrafico\/\",\"name\":\"ACRIBILLADO EN EL URUB\u00d3 TEN\u00cdA DINERO ADHERIDO A SU CUERPO Y CONTABA CON ANTECEDENTES POR NARCOTR\u00c1FICO - innoticiasbo.com\",\"isPartOf\":{\"@id\":\"https:\/\/innoticiasbo.com\/#website\"},\"primaryImageOfPage\":{\"@id\":\"https:\/\/innoticiasbo.com\/index.php\/2026\/09\/04\/acribillado-en-el-urubo-tenia-dinero-adherido-a-su-cuerpo-y-contaba-con-antecedentes-por-narcotrafico\/#primaryimage\"},\"image\":{\"@id\":\"https:\/\/innoticiasbo.com\/index.php\/2026\/09\/04\/acribillado-en-el-urubo-tenia-dinero-adherido-a-su-cuerpo-y-contaba-con-antecedentes-por-narcotrafico\/#primaryimage\"},\"thumbnailUrl\":\"https:\/\/i0.wp.com\/innoticiasbo.com\/wp-content\/uploads\/2026\/09\/image_editor_output_image808089875-1788527517122.jpg?fit=999%2C557&ssl=1\",\"datePublished\":\"2026-09-04T13:10:12+00:00\",\"dateModified\":\"2026-09-04T13:12:51+00:00\",\"breadcrumb\":{\"@id\":\"https:\/\/innoticiasbo.com\/index.php\/2026\/09\/04\/acribillado-en-el-urubo-tenia-dinero-adherido-a-su-cuerpo-y-contaba-con-antecedentes-por-narcotrafico\/#breadcrumb\"},\"inLanguage\":\"es\",\"potentialAction\":[{\"@type\":\"ReadAction\",\"target\":[\"https:\/\/innoticiasbo.com\/index.php\/2026\/09\/04\/acribillado-en-el-urubo-tenia-dinero-adherido-a-su-cuerpo-y-contaba-con-antecedentes-por-narcotrafico\/\"]}]},{\"@type\":\"ImageObject\",\"inLanguage\":\"es\",\"@id\":\"https:\/\/innoticiasbo.com\/index.php\/2026\/09\/04\/acribillado-en-el-urubo-tenia-dinero-adherido-a-su-cuerpo-y-contaba-con-antecedentes-por-narcotrafico\/#primaryimage\",\"url\":\"https:\/\/i0.wp.com\/innoticiasbo.com\/wp-content\/uploads\/2026\/09\/image_editor_output_image808089875-1788527517122.jpg?fit=999%2C557&ssl=1\",\"contentUrl\":\"https:\/\/i0.wp.com\/innoticiasbo.com\/wp-content\/uploads\/2026\/09\/image_editor_output_image808089875-1788527517122.jpg?fit=999%2C557&ssl=1\",\"width\":999,\"height\":557},{\"@type\":\"BreadcrumbList\",\"@id\":\"https:\/\/innoticiasbo.com\/index.php\/2026\/09\/04\/acribillado-en-el-urubo-tenia-dinero-adherido-a-su-cuerpo-y-contaba-con-antecedentes-por-narcotrafico\/#breadcrumb\",\"itemListElement\":[{\"@type\":\"ListItem\",\"position\":1,\"name\":\"Portada\",\"item\":\"https:\/\/innoticiasbo.com\/\"},{\"@type\":\"ListItem\",\"position\":2,\"name\":\"ACRIBILLADO EN EL URUB\u00d3 TEN\u00cdA DINERO ADHERIDO A SU CUERPO Y CONTABA CON ANTECEDENTES POR NARCOTR\u00c1FICO\"}]},{\"@type\":\"WebSite\",\"@id\":\"https:\/\/innoticiasbo.com\/#website\",\"url\":\"https:\/\/innoticiasbo.com\/\",\"name\":\"innoticiasbo.com\",\"description\":\"\",\"publisher\":{\"@id\":\"https:\/\/innoticiasbo.com\/#organization\"},\"potentialAction\":[{\"@type\":\"SearchAction\",\"target\":{\"@type\":\"EntryPoint\",\"urlTemplate\":\"https:\/\/innoticiasbo.com\/?s={search_term_string}\"},\"query-input\":{\"@type\":\"PropertyValueSpecification\",\"valueRequired\":true,\"valueName\":\"search_term_string\"}}],\"inLanguage\":\"es\"},{\"@type\":\"Organization\",\"@id\":\"https:\/\/innoticiasbo.com\/#organization\",\"name\":\"innoticiasbo.com\",\"url\":\"https:\/\/innoticiasbo.com\/\",\"logo\":{\"@type\":\"ImageObject\",\"inLanguage\":\"es\",\"@id\":\"https:\/\/innoticiasbo.com\/#\/schema\/logo\/image\/\",\"url\":\"https:\/\/i0.wp.com\/innoticiasbo.com\/wp-content\/uploads\/2026\/04\/cropped-IN-LOGO.png?fit=1476%2C1476&ssl=1\",\"contentUrl\":\"https:\/\/i0.wp.com\/innoticiasbo.com\/wp-content\/uploads\/2026\/04\/cropped-IN-LOGO.png?fit=1476%2C1476&ssl=1\",\"width\":1476,\"height\":1476,\"caption\":\"innoticiasbo.com\"},\"image\":{\"@id\":\"https:\/\/innoticiasbo.com\/#\/schema\/logo\/image\/\"},\"sameAs\":[\"https:\/\/www.facebook.com\/innoticiasbolivia\",\"https:\/\/x.com\/innoticiasbo\",\"https:\/\/www.instagram.com\/innoticiasbo\",\"https:\/\/www.youtube.com\/innoticiasbo\"]},{\"@type\":\"Person\",\"@id\":\"https:\/\/innoticiasbo.com\/#\/schema\/person\/9af0c49836719fb5d47b55cc879140ce\",\"name\":\"Jason Gonzales\",\"image\":{\"@type\":\"ImageObject\",\"inLanguage\":\"es\",\"@id\":\"https:\/\/innoticiasbo.com\/#\/schema\/person\/image\/\",\"url\":\"https:\/\/secure.gravatar.com\/avatar\/ff64cacc93e8658997d62d298b4dff23?s=96&d=mm&r=g\",\"contentUrl\":\"https:\/\/secure.gravatar.com\/avatar\/ff64cacc93e8658997d62d298b4dff23?s=96&d=mm&r=g\",\"caption\":\"Jason Gonzales\"},\"sameAs\":[\"http:\/\/www.innoticiasbo.com\"],\"url\":\"https:\/\/innoticiasbo.com\/index.php\/author\/prensa-8\/\"}]}<\/script>\n<!-- \/ Yoast SEO plugin. -->","yoast_head_json":{"title":"ACRIBILLADO EN EL URUB\u00d3 TEN\u00cdA DINERO ADHERIDO A SU CUERPO Y CONTABA CON ANTECEDENTES POR NARCOTR\u00c1FICO - innoticiasbo.com","robots":{"index":"index","follow":"follow","max-snippet":"max-snippet:-1","max-image-preview":"max-image-preview:large","max-video-preview":"max-video-preview:-1"},"canonical":"https:\/\/innoticiasbo.com\/index.php\/2026\/09\/04\/acribillado-en-el-urubo-tenia-dinero-adherido-a-su-cuerpo-y-contaba-con-antecedentes-por-narcotrafico\/","og_locale":"es_ES","og_type":"article","og_title":"ACRIBILLADO EN EL URUB\u00d3 TEN\u00cdA DINERO ADHERIDO A SU CUERPO Y CONTABA CON ANTECEDENTES POR NARCOTR\u00c1FICO - innoticiasbo.com","og_description":"Santa Cruz, 4 de septiembre.- El hombre fue citado al lugar donde fue abatido con m\u00faltiples disparos de arma de fuego. La Polic\u00eda identifica al menos a cinco personas vinculadas con el hecho, quienes tuvieron contacto con el asesinado antes de ser abatido. Con 6.400 bolivianos adheridos al cuerpo, as\u00ed fue hallado el hombre que...","og_url":"https:\/\/innoticiasbo.com\/index.php\/2026\/09\/04\/acribillado-en-el-urubo-tenia-dinero-adherido-a-su-cuerpo-y-contaba-con-antecedentes-por-narcotrafico\/","og_site_name":"innoticiasbo.com","article_publisher":"https:\/\/www.facebook.com\/innoticiasbolivia","article_published_time":"2026-09-04T13:10:12+00:00","article_modified_time":"2026-09-04T13:12:51+00:00","og_image":[{"width":999,"height":557,"url":"https:\/\/i0.wp.com\/innoticiasbo.com\/wp-content\/uploads\/2026\/09\/image_editor_output_image808089875-1788527517122.jpg?fit=999%2C557&ssl=1","type":"image\/jpeg"}],"author":"Jason Gonzales","twitter_card":"summary_large_image","twitter_creator":"@innoticiasbo","twitter_site":"@innoticiasbo","twitter_misc":{"Escrito por":"Jason Gonzales","Tiempo de lectura":"2 minutos"},"schema":{"@context":"https:\/\/schema.org","@graph":[{"@type":"Article","@id":"https:\/\/innoticiasbo.com\/index.php\/2026\/09\/04\/acribillado-en-el-urubo-tenia-dinero-adherido-a-su-cuerpo-y-contaba-con-antecedentes-por-narcotrafico\/#article","isPartOf":{"@id":"https:\/\/innoticiasbo.com\/index.php\/2026\/09\/04\/acribillado-en-el-urubo-tenia-dinero-adherido-a-su-cuerpo-y-contaba-con-antecedentes-por-narcotrafico\/"},"author":{"name":"Jason Gonzales","@id":"https:\/\/innoticiasbo.com\/#\/schema\/person\/9af0c49836719fb5d47b55cc879140ce"},"headline":"ACRIBILLADO EN EL URUB\u00d3 TEN\u00cdA DINERO ADHERIDO A SU CUERPO Y CONTABA CON ANTECEDENTES POR NARCOTR\u00c1FICO","datePublished":"2026-09-04T13:10:12+00:00","dateModified":"2026-09-04T13:12:51+00:00","mainEntityOfPage":{"@id":"https:\/\/innoticiasbo.com\/index.php\/2026\/09\/04\/acribillado-en-el-urubo-tenia-dinero-adherido-a-su-cuerpo-y-contaba-con-antecedentes-por-narcotrafico\/"},"wordCount":359,"commentCount":0,"publisher":{"@id":"https:\/\/innoticiasbo.com\/#organization"},"image":{"@id":"https:\/\/innoticiasbo.com\/index.php\/2026\/09\/04\/acribillado-en-el-urubo-tenia-dinero-adherido-a-su-cuerpo-y-contaba-con-antecedentes-por-narcotrafico\/#primaryimage"},"thumbnailUrl":"https:\/\/i0.wp.com\/innoticiasbo.com\/wp-content\/uploads\/2026\/09\/image_editor_output_image808089875-1788527517122.jpg?fit=999%2C557&ssl=1","keywords":["acribillado","Antecedentes","Bolivia","Cuerpo","Dinero","narcotr\u00e1fico","Santa Cruz","Urub\u00f3"],"articleSection":["Bolivia","Seguridad"],"inLanguage":"es","potentialAction":[{"@type":"CommentAction","name":"Comment","target":["https:\/\/innoticiasbo.com\/index.php\/2026\/09\/04\/acribillado-en-el-urubo-tenia-dinero-adherido-a-su-cuerpo-y-contaba-con-antecedentes-por-narcotrafico\/#respond"]}]},{"@type":"WebPage","@id":"https:\/\/innoticiasbo.com\/index.php\/2026\/09\/04\/acribillado-en-el-urubo-tenia-dinero-adherido-a-su-cuerpo-y-contaba-con-antecedentes-por-narcotrafico\/","url":"https:\/\/innoticiasbo.com\/index.php\/2026\/09\/04\/acribillado-en-el-urubo-tenia-dinero-adherido-a-su-cuerpo-y-contaba-con-antecedentes-por-narcotrafico\/","name":"ACRIBILLADO EN EL URUB\u00d3 TEN\u00cdA DINERO ADHERIDO A SU CUERPO Y CONTABA CON ANTECEDENTES POR NARCOTR\u00c1FICO - innoticiasbo.com","isPartOf":{"@id":"https:\/\/innoticiasbo.com\/#website"},"primaryImageOfPage":{"@id":"https:\/\/innoticiasbo.com\/index.php\/2026\/09\/04\/acribillado-en-el-urubo-tenia-dinero-adherido-a-su-cuerpo-y-contaba-con-antecedentes-por-narcotrafico\/#primaryimage"},"image":{"@id":"https:\/\/innoticiasbo.com\/index.php\/2026\/09\/04\/acribillado-en-el-urubo-tenia-dinero-adherido-a-su-cuerpo-y-contaba-con-antecedentes-por-narcotrafico\/#primaryimage"},"thumbnailUrl":"https:\/\/i0.wp.com\/innoticiasbo.com\/wp-content\/uploads\/2026\/09\/image_editor_output_image808089875-1788527517122.jpg?fit=999%2C557&ssl=1","datePublished":"2026-09-04T13:10:12+00:00","dateModified":"2026-09-04T13:12:51+00:00","breadcrumb":{"@id":"https:\/\/innoticiasbo.com\/index.php\/2026\/09\/04\/acribillado-en-el-urubo-tenia-dinero-adherido-a-su-cuerpo-y-contaba-con-antecedentes-por-narcotrafico\/#breadcrumb"},"inLanguage":"es","potentialAction":[{"@type":"ReadAction","target":["https:\/\/innoticiasbo.com\/index.php\/2026\/09\/04\/acribillado-en-el-urubo-tenia-dinero-adherido-a-su-cuerpo-y-contaba-con-antecedentes-por-narcotrafico\/"]}]},{"@type":"ImageObject","inLanguage":"es","@id":"https:\/\/innoticiasbo.com\/index.php\/2026\/09\/04\/acribillado-en-el-urubo-tenia-dinero-adherido-a-su-cuerpo-y-contaba-con-antecedentes-por-narcotrafico\/#primaryimage","url":"https:\/\/i0.wp.com\/innoticiasbo.com\/wp-content\/uploads\/2026\/09\/image_editor_output_image808089875-1788527517122.jpg?fit=999%2C557&ssl=1","contentUrl":"https:\/\/i0.wp.com\/innoticiasbo.com\/wp-content\/uploads\/2026\/09\/image_editor_output_image808089875-1788527517122.jpg?fit=999%2C557&ssl=1","width":999,"height":557},{"@type":"BreadcrumbList","@id":"https:\/\/innoticiasbo.com\/index.php\/2026\/09\/04\/acribillado-en-el-urubo-tenia-dinero-adherido-a-su-cuerpo-y-contaba-con-antecedentes-por-narcotrafico\/#breadcrumb","itemListElement":[{"@type":"ListItem","position":1,"name":"Portada","item":"https:\/\/innoticiasbo.com\/"},{"@type":"ListItem","position":2,"name":"ACRIBILLADO EN EL URUB\u00d3 TEN\u00cdA DINERO ADHERIDO A SU CUERPO Y CONTABA CON ANTECEDENTES POR NARCOTR\u00c1FICO"}]},{"@type":"WebSite","@id":"https:\/\/innoticiasbo.com\/#website","url":"https:\/\/innoticiasbo.com\/","name":"innoticiasbo.com","description":"","publisher":{"@id":"https:\/\/innoticiasbo.com\/#organization"},"potentialAction":[{"@type":"SearchAction","target":{"@type":"EntryPoint","urlTemplate":"https:\/\/innoticiasbo.com\/?s={search_term_string}"},"query-input":{"@type":"PropertyValueSpecification","valueRequired":true,"valueName":"search_term_string"}}],"inLanguage":"es"},{"@type":"Organization","@id":"https:\/\/innoticiasbo.com\/#organization","name":"innoticiasbo.com","url":"https:\/\/innoticiasbo.com\/","logo":{"@type":"ImageObject","inLanguage":"es","@id":"https:\/\/innoticiasbo.com\/#\/schema\/logo\/image\/","url":"https:\/\/i0.wp.com\/innoticiasbo.com\/wp-content\/uploads\/2026\/04\/cropped-IN-LOGO.png?fit=1476%2C1476&ssl=1","contentUrl":"https:\/\/i0.wp.com\/innoticiasbo.com\/wp-content\/uploads\/2026\/04\/cropped-IN-LOGO.png?fit=1476%2C1476&ssl=1","width":1476,"height":1476,"caption":"innoticiasbo.com"},"image":{"@id":"https:\/\/innoticiasbo.com\/#\/schema\/logo\/image\/"},"sameAs":["https:\/\/www.facebook.com\/innoticiasbolivia","https:\/\/x.com\/innoticiasbo","https:\/\/www.instagram.com\/innoticiasbo","https:\/\/www.youtube.com\/innoticiasbo"]},{"@type":"Person","@id":"https:\/\/innoticiasbo.com\/#\/schema\/person\/9af0c49836719fb5d47b55cc879140ce","name":"Jason Gonzales","image":{"@type":"ImageObject","inLanguage":"es","@id":"https:\/\/innoticiasbo.com\/#\/schema\/person\/image\/","url":"https:\/\/secure.gravatar.com\/avatar\/ff64cacc93e8658997d62d298b4dff23?s=96&d=mm&r=g","contentUrl":"https:\/\/secure.gravatar.com\/avatar\/ff64cacc93e8658997d62d298b4dff23?s=96&d=mm&r=g","caption":"Jason Gonzales"},"sameAs":["http:\/\/www.innoticiasbo.com"],"url":"https:\/\/innoticiasbo.com\/index.php\/author\/prensa-8\/"}]}},"jetpack_featured_media_url":"https:\/\/i0.wp.com\/innoticiasbo.com\/wp-content\/uploads\/2026\/09\/image_editor_output_image808089875-1788527517122.jpg?fit=999%2C557&ssl=1","jetpack_likes_enabled":true,"jetpack_sharing_enabled":true,"jetpack_shortlink":"https:\/\/wp.me\/pg298x-42X","_links":{"self":[{"href":"https:\/\/innoticiasbo.com\/index.php\/wp-json\/wp\/v2\/posts\/15559","targetHints":{"allow":["GET"]}}],"collection":[{"href":"https:\/\/innoticiasbo.com\/index.php\/wp-json\/wp\/v2\/posts"}],"about":[{"href":"https:\/\/innoticiasbo.com\/index.php\/wp-json\/wp\/v2\/types\/post"}],"author":[{"embeddable":true,"href":"https:\/\/innoticiasbo.com\/index.php\/wp-json\/wp\/v2\/users\/12"}],"replies":[{"embeddable":true,"href":"https:\/\/innoticiasbo.com\/index.php\/wp-json\/wp\/v2\/comments?post=15559"}],"version-history":[{"count":1,"href":"https:\/\/innoticiasbo.com\/index.php\/wp-json\/wp\/v2\/posts\/15559\/revisions"}],"predecessor-version":[{"id":15560,"href":"https:\/\/innoticiasbo.com\/index.php\/wp-json\/wp\/v2\/posts\/15559\/revisions\/15560"}],"wp:featuredmedia":[{"embeddable":true,"href":"https:\/\/innoticiasbo.com\/index.php\/wp-json\/wp\/v2\/media\/15558"}],"wp:attachment":[{"href":"https:\/\/innoticiasbo.com\/index.php\/wp-json\/wp\/v2\/media?parent=15559"}],"wp:term":[{"taxonomy":"category","embeddable":true,"href":"https:\/\/innoticiasbo.com\/index.php\/wp-json\/wp\/v2\/categories?post=15559"},{"taxonomy":"post_tag","embeddable":true,"href":"https:\/\/innoticiasbo.com\/index.php\/wp-json\/wp\/v2\/tags?post=15559"}],"curies":[{"name":"wp","href":"https:\/\/api.w.org\/{rel}","templated":true}]}}