{"id":15551,"date":"2026-09-03T13:34:40","date_gmt":"2026-09-03T17:34:40","guid":{"rendered":"https:\/\/innoticiasbo.com\/?p=15551"},"modified":"2026-09-03T13:36:58","modified_gmt":"2026-09-03T17:36:58","slug":"me-case-ha-sido-un-infierno-la-victima-de-un-capitan-de-policia-rompe-el-silencio-y-pide-justicia","status":"publish","type":"post","link":"https:\/\/innoticiasbo.com\/index.php\/2026\/09\/03\/me-case-ha-sido-un-infierno-la-victima-de-un-capitan-de-policia-rompe-el-silencio-y-pide-justicia\/","title":{"rendered":"\u201cME CAS\u00c9, HA SIDO UN INFIERNO\u201d: LA V\u00cdCTIMA DE UN CAPIT\u00c1N DE POLIC\u00cdA ROMPE EL SILENCIO Y PIDE JUSTICIA"},"content":{"rendered":"\n<figure class=\"wp-block-image size-large\"><img data-recalc-dims=\"1\" loading=\"lazy\" decoding=\"async\" width=\"640\" height=\"355\" src=\"https:\/\/i0.wp.com\/innoticiasbo.com\/wp-content\/uploads\/2026\/09\/image_editor_output_image-141758805-17884567263042218016076683052891.jpg?resize=640%2C355&#038;ssl=1\" alt=\"\" class=\"wp-image-15549\" srcset=\"https:\/\/i0.wp.com\/innoticiasbo.com\/wp-content\/uploads\/2026\/09\/image_editor_output_image-141758805-17884567263042218016076683052891.jpg?resize=1024%2C568&amp;ssl=1 1024w, https:\/\/i0.wp.com\/innoticiasbo.com\/wp-content\/uploads\/2026\/09\/image_editor_output_image-141758805-17884567263042218016076683052891.jpg?resize=300%2C167&amp;ssl=1 300w, https:\/\/i0.wp.com\/innoticiasbo.com\/wp-content\/uploads\/2026\/09\/image_editor_output_image-141758805-17884567263042218016076683052891.jpg?resize=768%2C426&amp;ssl=1 768w, https:\/\/i0.wp.com\/innoticiasbo.com\/wp-content\/uploads\/2026\/09\/image_editor_output_image-141758805-17884567263042218016076683052891.jpg?resize=1536%2C853&amp;ssl=1 1536w, https:\/\/i0.wp.com\/innoticiasbo.com\/wp-content\/uploads\/2026\/09\/image_editor_output_image-141758805-17884567263042218016076683052891.jpg?w=1890&amp;ssl=1 1890w, https:\/\/i0.wp.com\/innoticiasbo.com\/wp-content\/uploads\/2026\/09\/image_editor_output_image-141758805-17884567263042218016076683052891.jpg?w=1280&amp;ssl=1 1280w\" sizes=\"auto, (max-width: 640px) 100vw, 640px\" \/><\/figure>\n\n\n\n<p>Cochabamba, 3 de septiembre de 2026.- Una\u00a0 v\u00edctima de violencia\u00a0 rompi\u00f3 el silencio en El Avispero y relat\u00f3, entre l\u00e1grimas y visiblemente angustiada, el calvario que asegura haber vivido durante su matrimonio. La v\u00edctima acusa a su esposo, el capit\u00e1n de Polic\u00eda Christian Ustariz Caballero, de ejercer violencia en su contra y afirma que durante meses vivi\u00f3 con miedo, sometida a agresiones f\u00edsicas, psicol\u00f3gicas y sexuales.<\/p><p><br>La entrevista fue brindada de espaldas, para preservar su identidad. Temblorosa y con evidente angustia, la mujer describi\u00f3 lo que califica como un verdadero tormento por m\u00e1s de 7 episodios violentos donde fue golpeada, vejada, herida, amenazada y hasta enca\u00f1onada.<br><br>\u201cMe cas\u00e9, ha sido un infierno\u201d, relat\u00f3. Seg\u00fan su testimonio, la primera denuncia la realiz\u00f3 el 1 de enero de 2025, pero asegura que inicialmente en la instituci\u00f3n policial no quisieron recibirla y que incluso intentaron convencerla de regresar a su hogar y \u201carreglar\u201d la situaci\u00f3n.<br><br>La v\u00edctima denunci\u00f3 agresiones constantes y asegur\u00f3 que su situaci\u00f3n lleg\u00f3 a un extremo tan dram\u00e1tico que, en un momento de desesperaci\u00f3n, subi\u00f3 hasta el octavo piso del edificio donde viv\u00eda con la intenci\u00f3n de quitarse la vida.<br><br>\u201cHe decidido hacerlo p\u00fablico porque vivo con miedo. Me da miedo ir a trabajar, me da miedo salir, me da miedo estar en la calle\u201d, afirm\u00f3.<br><br>Tambi\u00e9n denunci\u00f3 que la \u00faltima agresi\u00f3n habr\u00eda ocurrido el 1 de julio, cuando, seg\u00fan su versi\u00f3n, fue interceptada y amenazada. \u201cQuiero vivir tranquila y no quiero que pase lo mismo a otra mujer, que otra mujer viva lo que yo he vivido\u201d, se\u00f1al\u00f3.<br><br>Su pedido a las autoridades fue contundente: \u201cSolo les pido que se haga justicia, solo pido la ley. Quiero vivir en paz, quiero vivir tranquila, quiero volver a ser feliz. Yo antes era feliz. Quiero que ya no me siga da\u00f1ando\u201d.<br>Pero su mensaje tambi\u00e9n estuvo dirigido a quien identifica como su agresor. \u201cYo te perdono, yo no voy a vivir con odios. Necesitas ayuda, necesitas entender qu\u00e9 es lo que te pasa\u201d, expres\u00f3.<br><br>La mujer pidi\u00f3 adem\u00e1s empat\u00eda a quienes emiten opiniones en redes sociales sin conocer su historia. Asegur\u00f3 que durante mucho tiempo perdon\u00f3 porque estaba enamorada y crey\u00f3 que su esposo pod\u00eda cambiar. \u201c\u00c9l me hac\u00eda creer que yo era la culpable de todo. Por favor, no opinen sin conocer\u201d, manifest\u00f3, describi\u00e9ndolo como una persona \u201cnarcisista, manipuladora y abusadora\u201d.<br><br>EXISTEN OTRAS 4 DENUNCIAS EN SU CONTRA<br><br>La denuncia tom\u00f3 una dimensi\u00f3n a\u00fan m\u00e1s grave cuando, seg\u00fan la v\u00edctima, antes de ella habr\u00edan existido otras mujeres que atravesaron situaciones similares, pero que no denunciaron por temor.<br><br>Tras difundirse la entrevista, una mujer se comunic\u00f3 con las redes sociales de El Avispero y, bajo reserva de identidad, asegur\u00f3: \u201cFui v\u00edctima de ese enfermo, actu\u00f3 de la misma forma conmigo. No denunci\u00e9 porque me amenaz\u00f3 y los polic\u00edas siempre estaban tras de m\u00ed. La entiendo, que se haga justicia. Y estando casada con ella, \u00e9l tambi\u00e9n me segu\u00eda buscando\u201d.<br><br>\u201cHASTA AQU\u00cd SE ACAB\u00d3 SU SOLEDAD\u201d<br><br>La v\u00edctima ahora cuenta con la defensa de dos abogados, Carlos Molina y Luis Felipe Choque, quienes anunciaron que acompa\u00f1ar\u00e1n todas las acciones legales y denunciaron que el capit\u00e1n procesado contin\u00faa en libertad.<br><br>Los juristas cuestionaron adem\u00e1s que, seg\u00fan su versi\u00f3n, el acusado estar\u00eda siendo protegido por integrantes de la instituci\u00f3n policial.<br><br>\u201cAl agresor, al polic\u00eda, lo est\u00e1n defendiendo sus camaradas\u201d, denunci\u00f3 el abogado Carlos Molina.<br>A su turno, Luis Felipe Choque lanz\u00f3 una advertencia: \u201cA los que quieran proteger a este polic\u00eda los vamos a procesar. Ella no est\u00e1 sola, hasta aqu\u00ed se acab\u00f3 su soledad\u201d.<br><br>Los abogados tambi\u00e9n se\u00f1alaron que la Fiscal\u00eda tendr\u00eda previsto un nuevo acto procesal, debido a una denuncia por un presunto incumplimiento de medidas de protecci\u00f3n. Seg\u00fan la defensa, el acusado habr\u00eda vuelto a acercarse y hostigar a la v\u00edctima.<br><br>DENUNCIA SOBRE PRESIONES Y POSIBLE ACOSO<br><br>Uno de los aspectos que m\u00e1s preocupa a la defensa es la denuncia de la mujer respecto a las dificultades que habr\u00eda enfrentado cuando intent\u00f3 formalizar su primera denuncia. Seg\u00fan su testimonio, funcionarios habr\u00edan intentado disuadirla para que no contin\u00fae con el proceso.<br><br>La v\u00edctima y sus abogados tambi\u00e9n cuestionan que el denunciado contin\u00fae trabajando como capit\u00e1n en la EPI Norte.<br><br>A esto se suma otra denuncia que deber\u00e1 ser esclarecida. La defensa asegur\u00f3 que una dirigente vecinal del Distrito 12 habr\u00eda sido buscada por el capit\u00e1n y que posteriormente se habr\u00edan generado gestiones ante autoridades municipales para cuestionar a una funcionaria vinculada al caso.<br><br>El abogado de la v\u00edctima denunci\u00f3 adem\u00e1s que la mujer habr\u00eda sido objeto de un presunto acoso laboral por parte de una subalcaldesa, situaci\u00f3n que tambi\u00e9n ser\u00e1 puesta en conocimiento de las autoridades correspondientes.<br><br>La defensa anunci\u00f3 que continuar\u00e1 con todas las acciones legales y expres\u00f3 preocupaci\u00f3n por la seguridad de la v\u00edctima. Mientras tanto, El Avispero buscar\u00e1 la versi\u00f3n del capit\u00e1n denunciado, de la Polic\u00eda y de las autoridades municipales mencionadas, para conocer su posici\u00f3n frente a estas graves acusaciones.<br><br>Hoy, la mujer que durante meses dice haber vivido con miedo asegura que decidi\u00f3 hablar para no sentirse m\u00e1s sola. Su pedido es uno solo: justicia, protecci\u00f3n y la oportunidad de volver a vivir en paz.<br><br>EL CAPIT\u00c1N LIBRE Y DE VACACIONES <br><br>El abogado de la v\u00edctima, Carlos Molina, denunci\u00f3 que su defendida habr\u00eda sufrido al menos siete episodios de violencia, agresiones y amenazas durante y despu\u00e9s de su relaci\u00f3n con el capit\u00e1n de Polic\u00eda Christian Ustariz Caballero. Seg\u00fan la defensa, los hechos son investigados por el Ministerio P\u00fablico y la v\u00edctima actualmente teme por su seguridad.<br><br>El abogado Luis Felipe Choque\u00a0 sostuvo que existen elementos y antecedentes que respaldan la denuncia y cuestion\u00f3 que, pese a las acusaciones, el efectivo policial contin\u00fae en libertad y se encuentre de vacaciones. \u201cEl polic\u00eda sigue en libertad y de vacaciones\u201d, se\u00f1al\u00f3, al advertir que la situaci\u00f3n genera preocupaci\u00f3n por los riesgos que podr\u00eda enfrentar la v\u00edctima.<br><br>Tambi\u00e9n afirm\u00f3 que el capit\u00e1n estar\u00eda relacionado con otros cuatro casos que presentar\u00edan caracter\u00edsticas similares y cuestion\u00f3 una presunta falta de respuesta institucional. \u201cHay violencia institucional de la Polic\u00eda\u201d, sostuvo.<br><br>Ante esta situaci\u00f3n, la defensa pidi\u00f3 que se garantice la seguridad de la v\u00edctima y anunci\u00f3 que, si fuera necesario, acudir\u00e1 contra las instancias que correspondan para exigir que se cumpla la ley. \u201cA los que quieran protegerlos los vamos a procesar\u201d, advirti\u00f3.<\/p>\n","protected":false},"excerpt":{"rendered":"<p>Cochabamba, 3 de septiembre de 2026.- Una\u00a0 v\u00edctima de violencia\u00a0 rompi\u00f3 el silencio en El Avispero y relat\u00f3, entre l\u00e1grimas y visiblemente angustiada, el calvario que asegura haber vivido durante su matrimonio. La v\u00edctima acusa a su esposo, el capit\u00e1n de Polic\u00eda Christian Ustariz Caballero, de ejercer violencia en su contra y afirma que durante&#8230;<\/p>\n","protected":false},"author":12,"featured_media":15550,"comment_status":"open","ping_status":"open","sticky":false,"template":"","format":"standard","meta":{"_jetpack_memberships_contains_paid_content":false,"footnotes":"","jetpack_publicize_message":"","jetpack_publicize_feature_enabled":true,"jetpack_social_post_already_shared":true,"jetpack_social_options":{"image_generator_settings":{"template":"highway","enabled":false},"version":2}},"categories":[1,2,13],"tags":[7,6,1299,195,3477,83,660,119],"class_list":["post-15551","post","type-post","status-publish","format-standard","has-post-thumbnail","hentry","category-bolivia","category-cochabamba","category-elavispero","tag-bolivia","tag-cochabamba","tag-felcv","tag-in-noticias","tag-investigaciones","tag-policia","tag-tentativa-de-feminicidio","tag-violencia"],"jetpack_publicize_connections":[],"yoast_head":"<!-- This site is optimized with the Yoast SEO plugin v23.4 - https:\/\/yoast.com\/wordpress\/plugins\/seo\/ -->\n<title>\u201cME CAS\u00c9, HA SIDO UN INFIERNO\u201d: LA V\u00cdCTIMA DE UN CAPIT\u00c1N DE POLIC\u00cdA ROMPE EL SILENCIO Y PIDE JUSTICIA - innoticiasbo.com<\/title>\n<meta name=\"robots\" content=\"index, follow, max-snippet:-1, max-image-preview:large, max-video-preview:-1\" \/>\n<link rel=\"canonical\" href=\"https:\/\/innoticiasbo.com\/index.php\/2026\/09\/03\/me-case-ha-sido-un-infierno-la-victima-de-un-capitan-de-policia-rompe-el-silencio-y-pide-justicia\/\" \/>\n<meta property=\"og:locale\" content=\"es_ES\" \/>\n<meta property=\"og:type\" content=\"article\" \/>\n<meta property=\"og:title\" content=\"\u201cME CAS\u00c9, HA SIDO UN INFIERNO\u201d: LA V\u00cdCTIMA DE UN CAPIT\u00c1N DE POLIC\u00cdA ROMPE EL SILENCIO Y PIDE JUSTICIA - innoticiasbo.com\" \/>\n<meta property=\"og:description\" content=\"Cochabamba, 3 de septiembre de 2026.- Una\u00a0 v\u00edctima de violencia\u00a0 rompi\u00f3 el silencio en El Avispero y relat\u00f3, entre l\u00e1grimas y visiblemente angustiada, el calvario que asegura haber vivido durante su matrimonio. La v\u00edctima acusa a su esposo, el capit\u00e1n de Polic\u00eda Christian Ustariz Caballero, de ejercer violencia en su contra y afirma que durante...\" \/>\n<meta property=\"og:url\" content=\"https:\/\/innoticiasbo.com\/index.php\/2026\/09\/03\/me-case-ha-sido-un-infierno-la-victima-de-un-capitan-de-policia-rompe-el-silencio-y-pide-justicia\/\" \/>\n<meta property=\"og:site_name\" content=\"innoticiasbo.com\" \/>\n<meta property=\"article:publisher\" content=\"https:\/\/www.facebook.com\/innoticiasbolivia\" \/>\n<meta property=\"article:published_time\" content=\"2026-09-03T17:34:40+00:00\" \/>\n<meta property=\"article:modified_time\" content=\"2026-09-03T17:36:58+00:00\" \/>\n<meta property=\"og:image\" content=\"https:\/\/i0.wp.com\/innoticiasbo.com\/wp-content\/uploads\/2026\/09\/image_editor_output_image-141758805-1788456964250.jpg?fit=1881%2C1026&ssl=1\" \/>\n\t<meta property=\"og:image:width\" content=\"1881\" \/>\n\t<meta property=\"og:image:height\" content=\"1026\" \/>\n\t<meta property=\"og:image:type\" content=\"image\/jpeg\" \/>\n<meta name=\"author\" content=\"Jason Gonzales\" \/>\n<meta name=\"twitter:card\" content=\"summary_large_image\" \/>\n<meta name=\"twitter:creator\" content=\"@innoticiasbo\" \/>\n<meta name=\"twitter:site\" content=\"@innoticiasbo\" \/>\n<meta name=\"twitter:label1\" content=\"Escrito por\" \/>\n\t<meta name=\"twitter:data1\" content=\"Jason Gonzales\" \/>\n\t<meta name=\"twitter:label2\" content=\"Tiempo de lectura\" \/>\n\t<meta name=\"twitter:data2\" content=\"6 minutos\" \/>\n<script type=\"application\/ld+json\" class=\"yoast-schema-graph\">{\"@context\":\"https:\/\/schema.org\",\"@graph\":[{\"@type\":\"Article\",\"@id\":\"https:\/\/innoticiasbo.com\/index.php\/2026\/09\/03\/me-case-ha-sido-un-infierno-la-victima-de-un-capitan-de-policia-rompe-el-silencio-y-pide-justicia\/#article\",\"isPartOf\":{\"@id\":\"https:\/\/innoticiasbo.com\/index.php\/2026\/09\/03\/me-case-ha-sido-un-infierno-la-victima-de-un-capitan-de-policia-rompe-el-silencio-y-pide-justicia\/\"},\"author\":{\"name\":\"Jason Gonzales\",\"@id\":\"https:\/\/innoticiasbo.com\/#\/schema\/person\/9af0c49836719fb5d47b55cc879140ce\"},\"headline\":\"\u201cME CAS\u00c9, HA SIDO UN INFIERNO\u201d: LA V\u00cdCTIMA DE UN CAPIT\u00c1N DE POLIC\u00cdA ROMPE EL SILENCIO Y PIDE JUSTICIA\",\"datePublished\":\"2026-09-03T17:34:40+00:00\",\"dateModified\":\"2026-09-03T17:36:58+00:00\",\"mainEntityOfPage\":{\"@id\":\"https:\/\/innoticiasbo.com\/index.php\/2026\/09\/03\/me-case-ha-sido-un-infierno-la-victima-de-un-capitan-de-policia-rompe-el-silencio-y-pide-justicia\/\"},\"wordCount\":1177,\"commentCount\":0,\"publisher\":{\"@id\":\"https:\/\/innoticiasbo.com\/#organization\"},\"image\":{\"@id\":\"https:\/\/innoticiasbo.com\/index.php\/2026\/09\/03\/me-case-ha-sido-un-infierno-la-victima-de-un-capitan-de-policia-rompe-el-silencio-y-pide-justicia\/#primaryimage\"},\"thumbnailUrl\":\"https:\/\/i0.wp.com\/innoticiasbo.com\/wp-content\/uploads\/2026\/09\/image_editor_output_image-141758805-1788456964250.jpg?fit=1881%2C1026&ssl=1\",\"keywords\":[\"Bolivia\",\"Cochabamba\",\"FELCV\",\"IN Noticias\",\"Investigaciones\",\"polic\u00eda\",\"tentativa de feminicidio\",\"Violencia\"],\"articleSection\":[\"Bolivia\",\"Cochabamba\",\"El Avispero\"],\"inLanguage\":\"es\",\"potentialAction\":[{\"@type\":\"CommentAction\",\"name\":\"Comment\",\"target\":[\"https:\/\/innoticiasbo.com\/index.php\/2026\/09\/03\/me-case-ha-sido-un-infierno-la-victima-de-un-capitan-de-policia-rompe-el-silencio-y-pide-justicia\/#respond\"]}]},{\"@type\":\"WebPage\",\"@id\":\"https:\/\/innoticiasbo.com\/index.php\/2026\/09\/03\/me-case-ha-sido-un-infierno-la-victima-de-un-capitan-de-policia-rompe-el-silencio-y-pide-justicia\/\",\"url\":\"https:\/\/innoticiasbo.com\/index.php\/2026\/09\/03\/me-case-ha-sido-un-infierno-la-victima-de-un-capitan-de-policia-rompe-el-silencio-y-pide-justicia\/\",\"name\":\"\u201cME CAS\u00c9, HA SIDO UN INFIERNO\u201d: LA V\u00cdCTIMA DE UN CAPIT\u00c1N DE POLIC\u00cdA ROMPE EL SILENCIO Y PIDE JUSTICIA - innoticiasbo.com\",\"isPartOf\":{\"@id\":\"https:\/\/innoticiasbo.com\/#website\"},\"primaryImageOfPage\":{\"@id\":\"https:\/\/innoticiasbo.com\/index.php\/2026\/09\/03\/me-case-ha-sido-un-infierno-la-victima-de-un-capitan-de-policia-rompe-el-silencio-y-pide-justicia\/#primaryimage\"},\"image\":{\"@id\":\"https:\/\/innoticiasbo.com\/index.php\/2026\/09\/03\/me-case-ha-sido-un-infierno-la-victima-de-un-capitan-de-policia-rompe-el-silencio-y-pide-justicia\/#primaryimage\"},\"thumbnailUrl\":\"https:\/\/i0.wp.com\/innoticiasbo.com\/wp-content\/uploads\/2026\/09\/image_editor_output_image-141758805-1788456964250.jpg?fit=1881%2C1026&ssl=1\",\"datePublished\":\"2026-09-03T17:34:40+00:00\",\"dateModified\":\"2026-09-03T17:36:58+00:00\",\"breadcrumb\":{\"@id\":\"https:\/\/innoticiasbo.com\/index.php\/2026\/09\/03\/me-case-ha-sido-un-infierno-la-victima-de-un-capitan-de-policia-rompe-el-silencio-y-pide-justicia\/#breadcrumb\"},\"inLanguage\":\"es\",\"potentialAction\":[{\"@type\":\"ReadAction\",\"target\":[\"https:\/\/innoticiasbo.com\/index.php\/2026\/09\/03\/me-case-ha-sido-un-infierno-la-victima-de-un-capitan-de-policia-rompe-el-silencio-y-pide-justicia\/\"]}]},{\"@type\":\"ImageObject\",\"inLanguage\":\"es\",\"@id\":\"https:\/\/innoticiasbo.com\/index.php\/2026\/09\/03\/me-case-ha-sido-un-infierno-la-victima-de-un-capitan-de-policia-rompe-el-silencio-y-pide-justicia\/#primaryimage\",\"url\":\"https:\/\/i0.wp.com\/innoticiasbo.com\/wp-content\/uploads\/2026\/09\/image_editor_output_image-141758805-1788456964250.jpg?fit=1881%2C1026&ssl=1\",\"contentUrl\":\"https:\/\/i0.wp.com\/innoticiasbo.com\/wp-content\/uploads\/2026\/09\/image_editor_output_image-141758805-1788456964250.jpg?fit=1881%2C1026&ssl=1\",\"width\":1881,\"height\":1026},{\"@type\":\"BreadcrumbList\",\"@id\":\"https:\/\/innoticiasbo.com\/index.php\/2026\/09\/03\/me-case-ha-sido-un-infierno-la-victima-de-un-capitan-de-policia-rompe-el-silencio-y-pide-justicia\/#breadcrumb\",\"itemListElement\":[{\"@type\":\"ListItem\",\"position\":1,\"name\":\"Portada\",\"item\":\"https:\/\/innoticiasbo.com\/\"},{\"@type\":\"ListItem\",\"position\":2,\"name\":\"\u201cME CAS\u00c9, HA SIDO UN INFIERNO\u201d: LA V\u00cdCTIMA DE UN CAPIT\u00c1N DE POLIC\u00cdA ROMPE EL SILENCIO Y PIDE JUSTICIA\"}]},{\"@type\":\"WebSite\",\"@id\":\"https:\/\/innoticiasbo.com\/#website\",\"url\":\"https:\/\/innoticiasbo.com\/\",\"name\":\"innoticiasbo.com\",\"description\":\"\",\"publisher\":{\"@id\":\"https:\/\/innoticiasbo.com\/#organization\"},\"potentialAction\":[{\"@type\":\"SearchAction\",\"target\":{\"@type\":\"EntryPoint\",\"urlTemplate\":\"https:\/\/innoticiasbo.com\/?s={search_term_string}\"},\"query-input\":{\"@type\":\"PropertyValueSpecification\",\"valueRequired\":true,\"valueName\":\"search_term_string\"}}],\"inLanguage\":\"es\"},{\"@type\":\"Organization\",\"@id\":\"https:\/\/innoticiasbo.com\/#organization\",\"name\":\"innoticiasbo.com\",\"url\":\"https:\/\/innoticiasbo.com\/\",\"logo\":{\"@type\":\"ImageObject\",\"inLanguage\":\"es\",\"@id\":\"https:\/\/innoticiasbo.com\/#\/schema\/logo\/image\/\",\"url\":\"https:\/\/i0.wp.com\/innoticiasbo.com\/wp-content\/uploads\/2026\/04\/cropped-IN-LOGO.png?fit=1476%2C1476&ssl=1\",\"contentUrl\":\"https:\/\/i0.wp.com\/innoticiasbo.com\/wp-content\/uploads\/2026\/04\/cropped-IN-LOGO.png?fit=1476%2C1476&ssl=1\",\"width\":1476,\"height\":1476,\"caption\":\"innoticiasbo.com\"},\"image\":{\"@id\":\"https:\/\/innoticiasbo.com\/#\/schema\/logo\/image\/\"},\"sameAs\":[\"https:\/\/www.facebook.com\/innoticiasbolivia\",\"https:\/\/x.com\/innoticiasbo\",\"https:\/\/www.instagram.com\/innoticiasbo\",\"https:\/\/www.youtube.com\/innoticiasbo\"]},{\"@type\":\"Person\",\"@id\":\"https:\/\/innoticiasbo.com\/#\/schema\/person\/9af0c49836719fb5d47b55cc879140ce\",\"name\":\"Jason Gonzales\",\"image\":{\"@type\":\"ImageObject\",\"inLanguage\":\"es\",\"@id\":\"https:\/\/innoticiasbo.com\/#\/schema\/person\/image\/\",\"url\":\"https:\/\/secure.gravatar.com\/avatar\/ff64cacc93e8658997d62d298b4dff23?s=96&d=mm&r=g\",\"contentUrl\":\"https:\/\/secure.gravatar.com\/avatar\/ff64cacc93e8658997d62d298b4dff23?s=96&d=mm&r=g\",\"caption\":\"Jason Gonzales\"},\"sameAs\":[\"http:\/\/www.innoticiasbo.com\"],\"url\":\"https:\/\/innoticiasbo.com\/index.php\/author\/prensa-8\/\"}]}<\/script>\n<!-- \/ Yoast SEO plugin. -->","yoast_head_json":{"title":"\u201cME CAS\u00c9, HA SIDO UN INFIERNO\u201d: LA V\u00cdCTIMA DE UN CAPIT\u00c1N DE POLIC\u00cdA ROMPE EL SILENCIO Y PIDE JUSTICIA - innoticiasbo.com","robots":{"index":"index","follow":"follow","max-snippet":"max-snippet:-1","max-image-preview":"max-image-preview:large","max-video-preview":"max-video-preview:-1"},"canonical":"https:\/\/innoticiasbo.com\/index.php\/2026\/09\/03\/me-case-ha-sido-un-infierno-la-victima-de-un-capitan-de-policia-rompe-el-silencio-y-pide-justicia\/","og_locale":"es_ES","og_type":"article","og_title":"\u201cME CAS\u00c9, HA SIDO UN INFIERNO\u201d: LA V\u00cdCTIMA DE UN CAPIT\u00c1N DE POLIC\u00cdA ROMPE EL SILENCIO Y PIDE JUSTICIA - innoticiasbo.com","og_description":"Cochabamba, 3 de septiembre de 2026.- Una\u00a0 v\u00edctima de violencia\u00a0 rompi\u00f3 el silencio en El Avispero y relat\u00f3, entre l\u00e1grimas y visiblemente angustiada, el calvario que asegura haber vivido durante su matrimonio. La v\u00edctima acusa a su esposo, el capit\u00e1n de Polic\u00eda Christian Ustariz Caballero, de ejercer violencia en su contra y afirma que durante...","og_url":"https:\/\/innoticiasbo.com\/index.php\/2026\/09\/03\/me-case-ha-sido-un-infierno-la-victima-de-un-capitan-de-policia-rompe-el-silencio-y-pide-justicia\/","og_site_name":"innoticiasbo.com","article_publisher":"https:\/\/www.facebook.com\/innoticiasbolivia","article_published_time":"2026-09-03T17:34:40+00:00","article_modified_time":"2026-09-03T17:36:58+00:00","og_image":[{"width":1881,"height":1026,"url":"https:\/\/i0.wp.com\/innoticiasbo.com\/wp-content\/uploads\/2026\/09\/image_editor_output_image-141758805-1788456964250.jpg?fit=1881%2C1026&ssl=1","type":"image\/jpeg"}],"author":"Jason Gonzales","twitter_card":"summary_large_image","twitter_creator":"@innoticiasbo","twitter_site":"@innoticiasbo","twitter_misc":{"Escrito por":"Jason Gonzales","Tiempo de lectura":"6 minutos"},"schema":{"@context":"https:\/\/schema.org","@graph":[{"@type":"Article","@id":"https:\/\/innoticiasbo.com\/index.php\/2026\/09\/03\/me-case-ha-sido-un-infierno-la-victima-de-un-capitan-de-policia-rompe-el-silencio-y-pide-justicia\/#article","isPartOf":{"@id":"https:\/\/innoticiasbo.com\/index.php\/2026\/09\/03\/me-case-ha-sido-un-infierno-la-victima-de-un-capitan-de-policia-rompe-el-silencio-y-pide-justicia\/"},"author":{"name":"Jason Gonzales","@id":"https:\/\/innoticiasbo.com\/#\/schema\/person\/9af0c49836719fb5d47b55cc879140ce"},"headline":"\u201cME CAS\u00c9, HA SIDO UN INFIERNO\u201d: LA V\u00cdCTIMA DE UN CAPIT\u00c1N DE POLIC\u00cdA ROMPE EL SILENCIO Y PIDE JUSTICIA","datePublished":"2026-09-03T17:34:40+00:00","dateModified":"2026-09-03T17:36:58+00:00","mainEntityOfPage":{"@id":"https:\/\/innoticiasbo.com\/index.php\/2026\/09\/03\/me-case-ha-sido-un-infierno-la-victima-de-un-capitan-de-policia-rompe-el-silencio-y-pide-justicia\/"},"wordCount":1177,"commentCount":0,"publisher":{"@id":"https:\/\/innoticiasbo.com\/#organization"},"image":{"@id":"https:\/\/innoticiasbo.com\/index.php\/2026\/09\/03\/me-case-ha-sido-un-infierno-la-victima-de-un-capitan-de-policia-rompe-el-silencio-y-pide-justicia\/#primaryimage"},"thumbnailUrl":"https:\/\/i0.wp.com\/innoticiasbo.com\/wp-content\/uploads\/2026\/09\/image_editor_output_image-141758805-1788456964250.jpg?fit=1881%2C1026&ssl=1","keywords":["Bolivia","Cochabamba","FELCV","IN Noticias","Investigaciones","polic\u00eda","tentativa de feminicidio","Violencia"],"articleSection":["Bolivia","Cochabamba","El Avispero"],"inLanguage":"es","potentialAction":[{"@type":"CommentAction","name":"Comment","target":["https:\/\/innoticiasbo.com\/index.php\/2026\/09\/03\/me-case-ha-sido-un-infierno-la-victima-de-un-capitan-de-policia-rompe-el-silencio-y-pide-justicia\/#respond"]}]},{"@type":"WebPage","@id":"https:\/\/innoticiasbo.com\/index.php\/2026\/09\/03\/me-case-ha-sido-un-infierno-la-victima-de-un-capitan-de-policia-rompe-el-silencio-y-pide-justicia\/","url":"https:\/\/innoticiasbo.com\/index.php\/2026\/09\/03\/me-case-ha-sido-un-infierno-la-victima-de-un-capitan-de-policia-rompe-el-silencio-y-pide-justicia\/","name":"\u201cME CAS\u00c9, HA SIDO UN INFIERNO\u201d: LA V\u00cdCTIMA DE UN CAPIT\u00c1N DE POLIC\u00cdA ROMPE EL SILENCIO Y PIDE JUSTICIA - innoticiasbo.com","isPartOf":{"@id":"https:\/\/innoticiasbo.com\/#website"},"primaryImageOfPage":{"@id":"https:\/\/innoticiasbo.com\/index.php\/2026\/09\/03\/me-case-ha-sido-un-infierno-la-victima-de-un-capitan-de-policia-rompe-el-silencio-y-pide-justicia\/#primaryimage"},"image":{"@id":"https:\/\/innoticiasbo.com\/index.php\/2026\/09\/03\/me-case-ha-sido-un-infierno-la-victima-de-un-capitan-de-policia-rompe-el-silencio-y-pide-justicia\/#primaryimage"},"thumbnailUrl":"https:\/\/i0.wp.com\/innoticiasbo.com\/wp-content\/uploads\/2026\/09\/image_editor_output_image-141758805-1788456964250.jpg?fit=1881%2C1026&ssl=1","datePublished":"2026-09-03T17:34:40+00:00","dateModified":"2026-09-03T17:36:58+00:00","breadcrumb":{"@id":"https:\/\/innoticiasbo.com\/index.php\/2026\/09\/03\/me-case-ha-sido-un-infierno-la-victima-de-un-capitan-de-policia-rompe-el-silencio-y-pide-justicia\/#breadcrumb"},"inLanguage":"es","potentialAction":[{"@type":"ReadAction","target":["https:\/\/innoticiasbo.com\/index.php\/2026\/09\/03\/me-case-ha-sido-un-infierno-la-victima-de-un-capitan-de-policia-rompe-el-silencio-y-pide-justicia\/"]}]},{"@type":"ImageObject","inLanguage":"es","@id":"https:\/\/innoticiasbo.com\/index.php\/2026\/09\/03\/me-case-ha-sido-un-infierno-la-victima-de-un-capitan-de-policia-rompe-el-silencio-y-pide-justicia\/#primaryimage","url":"https:\/\/i0.wp.com\/innoticiasbo.com\/wp-content\/uploads\/2026\/09\/image_editor_output_image-141758805-1788456964250.jpg?fit=1881%2C1026&ssl=1","contentUrl":"https:\/\/i0.wp.com\/innoticiasbo.com\/wp-content\/uploads\/2026\/09\/image_editor_output_image-141758805-1788456964250.jpg?fit=1881%2C1026&ssl=1","width":1881,"height":1026},{"@type":"BreadcrumbList","@id":"https:\/\/innoticiasbo.com\/index.php\/2026\/09\/03\/me-case-ha-sido-un-infierno-la-victima-de-un-capitan-de-policia-rompe-el-silencio-y-pide-justicia\/#breadcrumb","itemListElement":[{"@type":"ListItem","position":1,"name":"Portada","item":"https:\/\/innoticiasbo.com\/"},{"@type":"ListItem","position":2,"name":"\u201cME CAS\u00c9, HA SIDO UN INFIERNO\u201d: LA V\u00cdCTIMA DE UN CAPIT\u00c1N DE POLIC\u00cdA ROMPE EL SILENCIO Y PIDE JUSTICIA"}]},{"@type":"WebSite","@id":"https:\/\/innoticiasbo.com\/#website","url":"https:\/\/innoticiasbo.com\/","name":"innoticiasbo.com","description":"","publisher":{"@id":"https:\/\/innoticiasbo.com\/#organization"},"potentialAction":[{"@type":"SearchAction","target":{"@type":"EntryPoint","urlTemplate":"https:\/\/innoticiasbo.com\/?s={search_term_string}"},"query-input":{"@type":"PropertyValueSpecification","valueRequired":true,"valueName":"search_term_string"}}],"inLanguage":"es"},{"@type":"Organization","@id":"https:\/\/innoticiasbo.com\/#organization","name":"innoticiasbo.com","url":"https:\/\/innoticiasbo.com\/","logo":{"@type":"ImageObject","inLanguage":"es","@id":"https:\/\/innoticiasbo.com\/#\/schema\/logo\/image\/","url":"https:\/\/i0.wp.com\/innoticiasbo.com\/wp-content\/uploads\/2026\/04\/cropped-IN-LOGO.png?fit=1476%2C1476&ssl=1","contentUrl":"https:\/\/i0.wp.com\/innoticiasbo.com\/wp-content\/uploads\/2026\/04\/cropped-IN-LOGO.png?fit=1476%2C1476&ssl=1","width":1476,"height":1476,"caption":"innoticiasbo.com"},"image":{"@id":"https:\/\/innoticiasbo.com\/#\/schema\/logo\/image\/"},"sameAs":["https:\/\/www.facebook.com\/innoticiasbolivia","https:\/\/x.com\/innoticiasbo","https:\/\/www.instagram.com\/innoticiasbo","https:\/\/www.youtube.com\/innoticiasbo"]},{"@type":"Person","@id":"https:\/\/innoticiasbo.com\/#\/schema\/person\/9af0c49836719fb5d47b55cc879140ce","name":"Jason Gonzales","image":{"@type":"ImageObject","inLanguage":"es","@id":"https:\/\/innoticiasbo.com\/#\/schema\/person\/image\/","url":"https:\/\/secure.gravatar.com\/avatar\/ff64cacc93e8658997d62d298b4dff23?s=96&d=mm&r=g","contentUrl":"https:\/\/secure.gravatar.com\/avatar\/ff64cacc93e8658997d62d298b4dff23?s=96&d=mm&r=g","caption":"Jason Gonzales"},"sameAs":["http:\/\/www.innoticiasbo.com"],"url":"https:\/\/innoticiasbo.com\/index.php\/author\/prensa-8\/"}]}},"jetpack_featured_media_url":"https:\/\/i0.wp.com\/innoticiasbo.com\/wp-content\/uploads\/2026\/09\/image_editor_output_image-141758805-1788456964250.jpg?fit=1881%2C1026&ssl=1","jetpack_likes_enabled":true,"jetpack_sharing_enabled":true,"jetpack_shortlink":"https:\/\/wp.me\/pg298x-42P","_links":{"self":[{"href":"https:\/\/innoticiasbo.com\/index.php\/wp-json\/wp\/v2\/posts\/15551","targetHints":{"allow":["GET"]}}],"collection":[{"href":"https:\/\/innoticiasbo.com\/index.php\/wp-json\/wp\/v2\/posts"}],"about":[{"href":"https:\/\/innoticiasbo.com\/index.php\/wp-json\/wp\/v2\/types\/post"}],"author":[{"embeddable":true,"href":"https:\/\/innoticiasbo.com\/index.php\/wp-json\/wp\/v2\/users\/12"}],"replies":[{"embeddable":true,"href":"https:\/\/innoticiasbo.com\/index.php\/wp-json\/wp\/v2\/comments?post=15551"}],"version-history":[{"count":1,"href":"https:\/\/innoticiasbo.com\/index.php\/wp-json\/wp\/v2\/posts\/15551\/revisions"}],"predecessor-version":[{"id":15552,"href":"https:\/\/innoticiasbo.com\/index.php\/wp-json\/wp\/v2\/posts\/15551\/revisions\/15552"}],"wp:featuredmedia":[{"embeddable":true,"href":"https:\/\/innoticiasbo.com\/index.php\/wp-json\/wp\/v2\/media\/15550"}],"wp:attachment":[{"href":"https:\/\/innoticiasbo.com\/index.php\/wp-json\/wp\/v2\/media?parent=15551"}],"wp:term":[{"taxonomy":"category","embeddable":true,"href":"https:\/\/innoticiasbo.com\/index.php\/wp-json\/wp\/v2\/categories?post=15551"},{"taxonomy":"post_tag","embeddable":true,"href":"https:\/\/innoticiasbo.com\/index.php\/wp-json\/wp\/v2\/tags?post=15551"}],"curies":[{"name":"wp","href":"https:\/\/api.w.org\/{rel}","templated":true}]}}