{"id":15543,"date":"2026-09-03T10:11:45","date_gmt":"2026-09-03T14:11:45","guid":{"rendered":"https:\/\/innoticiasbo.com\/?p=15543"},"modified":"2026-09-03T10:13:06","modified_gmt":"2026-09-03T14:13:06","slug":"tras-dialogo-productores-de-cuatro-canadas-levantan-el-bloqueo","status":"publish","type":"post","link":"https:\/\/innoticiasbo.com\/index.php\/2026\/09\/03\/tras-dialogo-productores-de-cuatro-canadas-levantan-el-bloqueo\/","title":{"rendered":"TRAS DI\u00c1LOGO, PRODUCTORES DE CUATRO CA\u00d1ADAS LEVANTAN EL BLOQUEO"},"content":{"rendered":"\n<figure class=\"wp-block-image size-large\"><img data-recalc-dims=\"1\" loading=\"lazy\" decoding=\"async\" width=\"640\" height=\"365\" src=\"https:\/\/i0.wp.com\/innoticiasbo.com\/wp-content\/uploads\/2026\/09\/image_editor_output_image-992437778-17884446352557288787166363792317.jpg?resize=640%2C365&#038;ssl=1\" alt=\"\" class=\"wp-image-15541\" srcset=\"https:\/\/i0.wp.com\/innoticiasbo.com\/wp-content\/uploads\/2026\/09\/image_editor_output_image-992437778-17884446352557288787166363792317.jpg?w=991&amp;ssl=1 991w, https:\/\/i0.wp.com\/innoticiasbo.com\/wp-content\/uploads\/2026\/09\/image_editor_output_image-992437778-17884446352557288787166363792317.jpg?resize=300%2C171&amp;ssl=1 300w, https:\/\/i0.wp.com\/innoticiasbo.com\/wp-content\/uploads\/2026\/09\/image_editor_output_image-992437778-17884446352557288787166363792317.jpg?resize=768%2C438&amp;ssl=1 768w\" sizes=\"auto, (max-width: 640px) 100vw, 640px\" \/><\/figure>\n\n\n\n<p>Santa Cruz, 3 de septiembre.- En San Juli\u00e1n, los movilizados tambi\u00e9n levantaron la medida, pero advirtieron que se trata de un cuarto intermedio y volver\u00e1n a bloquear si el Gobierno no atienden sus demandas.<\/p>\n\n\n\n<p>Despu\u00e9s de casi cuatro horas de di\u00e1logo, el Gobierno y los productores de Cuatro Ca\u00f1adas alcanzaron la madrugada de este jueves un acuerdo que permiti\u00f3 levantar el bloqueo y restablecer la circulaci\u00f3n en la zona.<br><br>Adem\u00e1s, se estableci\u00f3 una ruta de trabajo para atender las demandas relacionadas con el abastecimiento de di\u00e9sel y otros requerimientos del sector.<br><br>El ministro de Defensa, Ernesto Justiniano Urenda, sostuvo una reuni\u00f3n con los movilizados hasta la 1.35 de este jueves.<\/p>\n\n\n\n<p>\u201cSobre la abrogaci\u00f3n del Decreto Supremo 5676, ha quedado claro que, al existir el Decreto Supremo 5698, los peque\u00f1os productores est\u00e1n comprendidos en esta nueva norma. Por lo tanto, el 5676 ya no les corresponde directamente; a ellos les ata\u00f1e el 5698\u201d, explic\u00f3 Justiniano citado por un reporte gubernamental.<br><br>El nuevo decreto permite a los peque\u00f1os productores acceder a hasta 2.500 litros mensuales de di\u00e9sel a Bs 9,80 por litro, una cantidad muy superior a los 120 litros que generaban preocupaci\u00f3n en el sector.<br><br>El segundo punto central fue garantizar el abastecimiento. Justiniano explic\u00f3 que el problema principal de los productores no era solamente el precio o la cantidad individual, sino contar con combustible disponible.<br><br>En respuesta, el Gobierno comprometi\u00f3 incrementar el volumen destinado a Cuatro Ca\u00f1adas de alrededor de 300.000 a 405.000 litros, con posibilidad de elevar nuevamente esa cantidad seg\u00fan la demanda.<\/p>\n\n\n\n<p>Cupo<br>\u201cTenemos la informaci\u00f3n de que recib\u00edan alrededor de 300.000 litros y hemos pasado a 405.000 litros. La idea es garantizar que los peque\u00f1os productores puedan tener combustible y seguir trabajando la tierra como corresponde, sobre todo durante este mes de septiembre\u201d, explic\u00f3.<br><br>El abastecimiento ser\u00e1 acompa\u00f1ado por mecanismos de control social, con participaci\u00f3n de los productores, YPFB, la ANH y los propietarios de surtidores, para evitar desv\u00edos y garantizar que el combustible llegue a sus destinatarios.<br><br>El acuerdo tambi\u00e9n contempla mesas t\u00e9cnicas para resolver otros planteamientos del sector, entre ellos la solicitud relacionada con la importaci\u00f3n de crudo para la producci\u00f3n de di\u00e9sel en Cuatro Ca\u00f1adas.<br><br>Se estableci\u00f3 un plazo de 72 horas para avanzar en estas mesas y una primera reuni\u00f3n para este viernes 4 de septiembre, a las 09.00, en oficinas de YPFB Santa Cruz.<br><br>San Juli\u00e1n<br>En San Juli\u00e1n el bloqueo se levant\u00f3 a la medianoche del jueves; sin embargo, los productores alertaron que volver\u00e1n a asumir la medida si no atienden sus demandas para el abastecimiento regular de di\u00e9sel.<br><br>\u201cEs un cuarto intermedio porque estamos en plena cosecha El Gobierno queda advertido, si no responde a necesidades, de lo contrario vamos a analizar otras medidas\u201d, manifest\u00f3 uno de los dirigentes que se encontraba en el lugar.<\/p>\n\n\n\n<p>Fuente: La Raz\u00f3n <\/p>\n","protected":false},"excerpt":{"rendered":"<p>Santa Cruz, 3 de septiembre.- En San Juli\u00e1n, los movilizados tambi\u00e9n levantaron la medida, pero advirtieron que se trata de un cuarto intermedio y volver\u00e1n a bloquear si el Gobierno no atienden sus demandas. Despu\u00e9s de casi cuatro horas de di\u00e1logo, el Gobierno y los productores de Cuatro Ca\u00f1adas alcanzaron la madrugada de este jueves&#8230;<\/p>\n","protected":false},"author":12,"featured_media":15542,"comment_status":"open","ping_status":"open","sticky":false,"template":"","format":"standard","meta":{"_jetpack_memberships_contains_paid_content":false,"footnotes":"","jetpack_publicize_message":"","jetpack_publicize_feature_enabled":true,"jetpack_social_post_already_shared":true,"jetpack_social_options":{"image_generator_settings":{"template":"highway","enabled":false},"version":2}},"categories":[1],"tags":[1104,339,7,4041,42,625,3049,167],"class_list":["post-15543","post","type-post","status-publish","format-standard","has-post-thumbnail","hentry","category-bolivia","tag-acuerdo","tag-bloqueos","tag-bolivia","tag-cuatro-canadas","tag-dialogo","tag-diesel","tag-san-julian","tag-santa-cruz"],"jetpack_publicize_connections":[],"yoast_head":"<!-- This site is optimized with the Yoast SEO plugin v23.4 - https:\/\/yoast.com\/wordpress\/plugins\/seo\/ -->\n<title>TRAS DI\u00c1LOGO, PRODUCTORES DE CUATRO CA\u00d1ADAS LEVANTAN EL BLOQUEO - innoticiasbo.com<\/title>\n<meta name=\"robots\" content=\"index, follow, max-snippet:-1, max-image-preview:large, max-video-preview:-1\" \/>\n<link rel=\"canonical\" href=\"https:\/\/innoticiasbo.com\/index.php\/2026\/09\/03\/tras-dialogo-productores-de-cuatro-canadas-levantan-el-bloqueo\/\" \/>\n<meta property=\"og:locale\" content=\"es_ES\" \/>\n<meta property=\"og:type\" content=\"article\" \/>\n<meta property=\"og:title\" content=\"TRAS DI\u00c1LOGO, PRODUCTORES DE CUATRO CA\u00d1ADAS LEVANTAN EL BLOQUEO - innoticiasbo.com\" \/>\n<meta property=\"og:description\" content=\"Santa Cruz, 3 de septiembre.- En San Juli\u00e1n, los movilizados tambi\u00e9n levantaron la medida, pero advirtieron que se trata de un cuarto intermedio y volver\u00e1n a bloquear si el Gobierno no atienden sus demandas. Despu\u00e9s de casi cuatro horas de di\u00e1logo, el Gobierno y los productores de Cuatro Ca\u00f1adas alcanzaron la madrugada de este jueves...\" \/>\n<meta property=\"og:url\" content=\"https:\/\/innoticiasbo.com\/index.php\/2026\/09\/03\/tras-dialogo-productores-de-cuatro-canadas-levantan-el-bloqueo\/\" \/>\n<meta property=\"og:site_name\" content=\"innoticiasbo.com\" \/>\n<meta property=\"article:publisher\" content=\"https:\/\/www.facebook.com\/innoticiasbolivia\" \/>\n<meta property=\"article:published_time\" content=\"2026-09-03T14:11:45+00:00\" \/>\n<meta property=\"article:modified_time\" content=\"2026-09-03T14:13:06+00:00\" \/>\n<meta property=\"og:image\" content=\"https:\/\/i0.wp.com\/innoticiasbo.com\/wp-content\/uploads\/2026\/09\/image_editor_output_image-992437778-1788444762063.jpg?fit=999%2C568&ssl=1\" \/>\n\t<meta property=\"og:image:width\" content=\"999\" \/>\n\t<meta property=\"og:image:height\" content=\"568\" \/>\n\t<meta property=\"og:image:type\" content=\"image\/jpeg\" \/>\n<meta name=\"author\" content=\"Jason Gonzales\" \/>\n<meta name=\"twitter:card\" content=\"summary_large_image\" \/>\n<meta name=\"twitter:creator\" content=\"@innoticiasbo\" \/>\n<meta name=\"twitter:site\" content=\"@innoticiasbo\" \/>\n<meta name=\"twitter:label1\" content=\"Escrito por\" \/>\n\t<meta name=\"twitter:data1\" content=\"Jason Gonzales\" \/>\n\t<meta name=\"twitter:label2\" content=\"Tiempo de lectura\" \/>\n\t<meta name=\"twitter:data2\" content=\"2 minutos\" \/>\n<script type=\"application\/ld+json\" class=\"yoast-schema-graph\">{\"@context\":\"https:\/\/schema.org\",\"@graph\":[{\"@type\":\"Article\",\"@id\":\"https:\/\/innoticiasbo.com\/index.php\/2026\/09\/03\/tras-dialogo-productores-de-cuatro-canadas-levantan-el-bloqueo\/#article\",\"isPartOf\":{\"@id\":\"https:\/\/innoticiasbo.com\/index.php\/2026\/09\/03\/tras-dialogo-productores-de-cuatro-canadas-levantan-el-bloqueo\/\"},\"author\":{\"name\":\"Jason Gonzales\",\"@id\":\"https:\/\/innoticiasbo.com\/#\/schema\/person\/9af0c49836719fb5d47b55cc879140ce\"},\"headline\":\"TRAS DI\u00c1LOGO, PRODUCTORES DE CUATRO CA\u00d1ADAS LEVANTAN EL BLOQUEO\",\"datePublished\":\"2026-09-03T14:11:45+00:00\",\"dateModified\":\"2026-09-03T14:13:06+00:00\",\"mainEntityOfPage\":{\"@id\":\"https:\/\/innoticiasbo.com\/index.php\/2026\/09\/03\/tras-dialogo-productores-de-cuatro-canadas-levantan-el-bloqueo\/\"},\"wordCount\":500,\"commentCount\":0,\"publisher\":{\"@id\":\"https:\/\/innoticiasbo.com\/#organization\"},\"image\":{\"@id\":\"https:\/\/innoticiasbo.com\/index.php\/2026\/09\/03\/tras-dialogo-productores-de-cuatro-canadas-levantan-el-bloqueo\/#primaryimage\"},\"thumbnailUrl\":\"https:\/\/i0.wp.com\/innoticiasbo.com\/wp-content\/uploads\/2026\/09\/image_editor_output_image-992437778-1788444762063.jpg?fit=999%2C568&ssl=1\",\"keywords\":[\"acuerdo\",\"bloqueos\",\"Bolivia\",\"Cuatro Ca\u00f1adas\",\"di\u00e1logo\",\"di\u00e9sel\",\"San Juli\u00e1n\",\"Santa Cruz\"],\"articleSection\":[\"Bolivia\"],\"inLanguage\":\"es\",\"potentialAction\":[{\"@type\":\"CommentAction\",\"name\":\"Comment\",\"target\":[\"https:\/\/innoticiasbo.com\/index.php\/2026\/09\/03\/tras-dialogo-productores-de-cuatro-canadas-levantan-el-bloqueo\/#respond\"]}]},{\"@type\":\"WebPage\",\"@id\":\"https:\/\/innoticiasbo.com\/index.php\/2026\/09\/03\/tras-dialogo-productores-de-cuatro-canadas-levantan-el-bloqueo\/\",\"url\":\"https:\/\/innoticiasbo.com\/index.php\/2026\/09\/03\/tras-dialogo-productores-de-cuatro-canadas-levantan-el-bloqueo\/\",\"name\":\"TRAS DI\u00c1LOGO, PRODUCTORES DE CUATRO CA\u00d1ADAS LEVANTAN EL BLOQUEO - innoticiasbo.com\",\"isPartOf\":{\"@id\":\"https:\/\/innoticiasbo.com\/#website\"},\"primaryImageOfPage\":{\"@id\":\"https:\/\/innoticiasbo.com\/index.php\/2026\/09\/03\/tras-dialogo-productores-de-cuatro-canadas-levantan-el-bloqueo\/#primaryimage\"},\"image\":{\"@id\":\"https:\/\/innoticiasbo.com\/index.php\/2026\/09\/03\/tras-dialogo-productores-de-cuatro-canadas-levantan-el-bloqueo\/#primaryimage\"},\"thumbnailUrl\":\"https:\/\/i0.wp.com\/innoticiasbo.com\/wp-content\/uploads\/2026\/09\/image_editor_output_image-992437778-1788444762063.jpg?fit=999%2C568&ssl=1\",\"datePublished\":\"2026-09-03T14:11:45+00:00\",\"dateModified\":\"2026-09-03T14:13:06+00:00\",\"breadcrumb\":{\"@id\":\"https:\/\/innoticiasbo.com\/index.php\/2026\/09\/03\/tras-dialogo-productores-de-cuatro-canadas-levantan-el-bloqueo\/#breadcrumb\"},\"inLanguage\":\"es\",\"potentialAction\":[{\"@type\":\"ReadAction\",\"target\":[\"https:\/\/innoticiasbo.com\/index.php\/2026\/09\/03\/tras-dialogo-productores-de-cuatro-canadas-levantan-el-bloqueo\/\"]}]},{\"@type\":\"ImageObject\",\"inLanguage\":\"es\",\"@id\":\"https:\/\/innoticiasbo.com\/index.php\/2026\/09\/03\/tras-dialogo-productores-de-cuatro-canadas-levantan-el-bloqueo\/#primaryimage\",\"url\":\"https:\/\/i0.wp.com\/innoticiasbo.com\/wp-content\/uploads\/2026\/09\/image_editor_output_image-992437778-1788444762063.jpg?fit=999%2C568&ssl=1\",\"contentUrl\":\"https:\/\/i0.wp.com\/innoticiasbo.com\/wp-content\/uploads\/2026\/09\/image_editor_output_image-992437778-1788444762063.jpg?fit=999%2C568&ssl=1\",\"width\":999,\"height\":568},{\"@type\":\"BreadcrumbList\",\"@id\":\"https:\/\/innoticiasbo.com\/index.php\/2026\/09\/03\/tras-dialogo-productores-de-cuatro-canadas-levantan-el-bloqueo\/#breadcrumb\",\"itemListElement\":[{\"@type\":\"ListItem\",\"position\":1,\"name\":\"Portada\",\"item\":\"https:\/\/innoticiasbo.com\/\"},{\"@type\":\"ListItem\",\"position\":2,\"name\":\"TRAS DI\u00c1LOGO, PRODUCTORES DE CUATRO CA\u00d1ADAS LEVANTAN EL BLOQUEO\"}]},{\"@type\":\"WebSite\",\"@id\":\"https:\/\/innoticiasbo.com\/#website\",\"url\":\"https:\/\/innoticiasbo.com\/\",\"name\":\"innoticiasbo.com\",\"description\":\"\",\"publisher\":{\"@id\":\"https:\/\/innoticiasbo.com\/#organization\"},\"potentialAction\":[{\"@type\":\"SearchAction\",\"target\":{\"@type\":\"EntryPoint\",\"urlTemplate\":\"https:\/\/innoticiasbo.com\/?s={search_term_string}\"},\"query-input\":{\"@type\":\"PropertyValueSpecification\",\"valueRequired\":true,\"valueName\":\"search_term_string\"}}],\"inLanguage\":\"es\"},{\"@type\":\"Organization\",\"@id\":\"https:\/\/innoticiasbo.com\/#organization\",\"name\":\"innoticiasbo.com\",\"url\":\"https:\/\/innoticiasbo.com\/\",\"logo\":{\"@type\":\"ImageObject\",\"inLanguage\":\"es\",\"@id\":\"https:\/\/innoticiasbo.com\/#\/schema\/logo\/image\/\",\"url\":\"https:\/\/i0.wp.com\/innoticiasbo.com\/wp-content\/uploads\/2026\/04\/cropped-IN-LOGO.png?fit=1476%2C1476&ssl=1\",\"contentUrl\":\"https:\/\/i0.wp.com\/innoticiasbo.com\/wp-content\/uploads\/2026\/04\/cropped-IN-LOGO.png?fit=1476%2C1476&ssl=1\",\"width\":1476,\"height\":1476,\"caption\":\"innoticiasbo.com\"},\"image\":{\"@id\":\"https:\/\/innoticiasbo.com\/#\/schema\/logo\/image\/\"},\"sameAs\":[\"https:\/\/www.facebook.com\/innoticiasbolivia\",\"https:\/\/x.com\/innoticiasbo\",\"https:\/\/www.instagram.com\/innoticiasbo\",\"https:\/\/www.youtube.com\/innoticiasbo\"]},{\"@type\":\"Person\",\"@id\":\"https:\/\/innoticiasbo.com\/#\/schema\/person\/9af0c49836719fb5d47b55cc879140ce\",\"name\":\"Jason Gonzales\",\"image\":{\"@type\":\"ImageObject\",\"inLanguage\":\"es\",\"@id\":\"https:\/\/innoticiasbo.com\/#\/schema\/person\/image\/\",\"url\":\"https:\/\/secure.gravatar.com\/avatar\/ff64cacc93e8658997d62d298b4dff23?s=96&d=mm&r=g\",\"contentUrl\":\"https:\/\/secure.gravatar.com\/avatar\/ff64cacc93e8658997d62d298b4dff23?s=96&d=mm&r=g\",\"caption\":\"Jason Gonzales\"},\"sameAs\":[\"http:\/\/www.innoticiasbo.com\"],\"url\":\"https:\/\/innoticiasbo.com\/index.php\/author\/prensa-8\/\"}]}<\/script>\n<!-- \/ Yoast SEO plugin. -->","yoast_head_json":{"title":"TRAS DI\u00c1LOGO, PRODUCTORES DE CUATRO CA\u00d1ADAS LEVANTAN EL BLOQUEO - innoticiasbo.com","robots":{"index":"index","follow":"follow","max-snippet":"max-snippet:-1","max-image-preview":"max-image-preview:large","max-video-preview":"max-video-preview:-1"},"canonical":"https:\/\/innoticiasbo.com\/index.php\/2026\/09\/03\/tras-dialogo-productores-de-cuatro-canadas-levantan-el-bloqueo\/","og_locale":"es_ES","og_type":"article","og_title":"TRAS DI\u00c1LOGO, PRODUCTORES DE CUATRO CA\u00d1ADAS LEVANTAN EL BLOQUEO - innoticiasbo.com","og_description":"Santa Cruz, 3 de septiembre.- En San Juli\u00e1n, los movilizados tambi\u00e9n levantaron la medida, pero advirtieron que se trata de un cuarto intermedio y volver\u00e1n a bloquear si el Gobierno no atienden sus demandas. Despu\u00e9s de casi cuatro horas de di\u00e1logo, el Gobierno y los productores de Cuatro Ca\u00f1adas alcanzaron la madrugada de este jueves...","og_url":"https:\/\/innoticiasbo.com\/index.php\/2026\/09\/03\/tras-dialogo-productores-de-cuatro-canadas-levantan-el-bloqueo\/","og_site_name":"innoticiasbo.com","article_publisher":"https:\/\/www.facebook.com\/innoticiasbolivia","article_published_time":"2026-09-03T14:11:45+00:00","article_modified_time":"2026-09-03T14:13:06+00:00","og_image":[{"width":999,"height":568,"url":"https:\/\/i0.wp.com\/innoticiasbo.com\/wp-content\/uploads\/2026\/09\/image_editor_output_image-992437778-1788444762063.jpg?fit=999%2C568&ssl=1","type":"image\/jpeg"}],"author":"Jason Gonzales","twitter_card":"summary_large_image","twitter_creator":"@innoticiasbo","twitter_site":"@innoticiasbo","twitter_misc":{"Escrito por":"Jason Gonzales","Tiempo de lectura":"2 minutos"},"schema":{"@context":"https:\/\/schema.org","@graph":[{"@type":"Article","@id":"https:\/\/innoticiasbo.com\/index.php\/2026\/09\/03\/tras-dialogo-productores-de-cuatro-canadas-levantan-el-bloqueo\/#article","isPartOf":{"@id":"https:\/\/innoticiasbo.com\/index.php\/2026\/09\/03\/tras-dialogo-productores-de-cuatro-canadas-levantan-el-bloqueo\/"},"author":{"name":"Jason Gonzales","@id":"https:\/\/innoticiasbo.com\/#\/schema\/person\/9af0c49836719fb5d47b55cc879140ce"},"headline":"TRAS DI\u00c1LOGO, PRODUCTORES DE CUATRO CA\u00d1ADAS LEVANTAN EL BLOQUEO","datePublished":"2026-09-03T14:11:45+00:00","dateModified":"2026-09-03T14:13:06+00:00","mainEntityOfPage":{"@id":"https:\/\/innoticiasbo.com\/index.php\/2026\/09\/03\/tras-dialogo-productores-de-cuatro-canadas-levantan-el-bloqueo\/"},"wordCount":500,"commentCount":0,"publisher":{"@id":"https:\/\/innoticiasbo.com\/#organization"},"image":{"@id":"https:\/\/innoticiasbo.com\/index.php\/2026\/09\/03\/tras-dialogo-productores-de-cuatro-canadas-levantan-el-bloqueo\/#primaryimage"},"thumbnailUrl":"https:\/\/i0.wp.com\/innoticiasbo.com\/wp-content\/uploads\/2026\/09\/image_editor_output_image-992437778-1788444762063.jpg?fit=999%2C568&ssl=1","keywords":["acuerdo","bloqueos","Bolivia","Cuatro Ca\u00f1adas","di\u00e1logo","di\u00e9sel","San Juli\u00e1n","Santa Cruz"],"articleSection":["Bolivia"],"inLanguage":"es","potentialAction":[{"@type":"CommentAction","name":"Comment","target":["https:\/\/innoticiasbo.com\/index.php\/2026\/09\/03\/tras-dialogo-productores-de-cuatro-canadas-levantan-el-bloqueo\/#respond"]}]},{"@type":"WebPage","@id":"https:\/\/innoticiasbo.com\/index.php\/2026\/09\/03\/tras-dialogo-productores-de-cuatro-canadas-levantan-el-bloqueo\/","url":"https:\/\/innoticiasbo.com\/index.php\/2026\/09\/03\/tras-dialogo-productores-de-cuatro-canadas-levantan-el-bloqueo\/","name":"TRAS DI\u00c1LOGO, PRODUCTORES DE CUATRO CA\u00d1ADAS LEVANTAN EL BLOQUEO - innoticiasbo.com","isPartOf":{"@id":"https:\/\/innoticiasbo.com\/#website"},"primaryImageOfPage":{"@id":"https:\/\/innoticiasbo.com\/index.php\/2026\/09\/03\/tras-dialogo-productores-de-cuatro-canadas-levantan-el-bloqueo\/#primaryimage"},"image":{"@id":"https:\/\/innoticiasbo.com\/index.php\/2026\/09\/03\/tras-dialogo-productores-de-cuatro-canadas-levantan-el-bloqueo\/#primaryimage"},"thumbnailUrl":"https:\/\/i0.wp.com\/innoticiasbo.com\/wp-content\/uploads\/2026\/09\/image_editor_output_image-992437778-1788444762063.jpg?fit=999%2C568&ssl=1","datePublished":"2026-09-03T14:11:45+00:00","dateModified":"2026-09-03T14:13:06+00:00","breadcrumb":{"@id":"https:\/\/innoticiasbo.com\/index.php\/2026\/09\/03\/tras-dialogo-productores-de-cuatro-canadas-levantan-el-bloqueo\/#breadcrumb"},"inLanguage":"es","potentialAction":[{"@type":"ReadAction","target":["https:\/\/innoticiasbo.com\/index.php\/2026\/09\/03\/tras-dialogo-productores-de-cuatro-canadas-levantan-el-bloqueo\/"]}]},{"@type":"ImageObject","inLanguage":"es","@id":"https:\/\/innoticiasbo.com\/index.php\/2026\/09\/03\/tras-dialogo-productores-de-cuatro-canadas-levantan-el-bloqueo\/#primaryimage","url":"https:\/\/i0.wp.com\/innoticiasbo.com\/wp-content\/uploads\/2026\/09\/image_editor_output_image-992437778-1788444762063.jpg?fit=999%2C568&ssl=1","contentUrl":"https:\/\/i0.wp.com\/innoticiasbo.com\/wp-content\/uploads\/2026\/09\/image_editor_output_image-992437778-1788444762063.jpg?fit=999%2C568&ssl=1","width":999,"height":568},{"@type":"BreadcrumbList","@id":"https:\/\/innoticiasbo.com\/index.php\/2026\/09\/03\/tras-dialogo-productores-de-cuatro-canadas-levantan-el-bloqueo\/#breadcrumb","itemListElement":[{"@type":"ListItem","position":1,"name":"Portada","item":"https:\/\/innoticiasbo.com\/"},{"@type":"ListItem","position":2,"name":"TRAS DI\u00c1LOGO, PRODUCTORES DE CUATRO CA\u00d1ADAS LEVANTAN EL BLOQUEO"}]},{"@type":"WebSite","@id":"https:\/\/innoticiasbo.com\/#website","url":"https:\/\/innoticiasbo.com\/","name":"innoticiasbo.com","description":"","publisher":{"@id":"https:\/\/innoticiasbo.com\/#organization"},"potentialAction":[{"@type":"SearchAction","target":{"@type":"EntryPoint","urlTemplate":"https:\/\/innoticiasbo.com\/?s={search_term_string}"},"query-input":{"@type":"PropertyValueSpecification","valueRequired":true,"valueName":"search_term_string"}}],"inLanguage":"es"},{"@type":"Organization","@id":"https:\/\/innoticiasbo.com\/#organization","name":"innoticiasbo.com","url":"https:\/\/innoticiasbo.com\/","logo":{"@type":"ImageObject","inLanguage":"es","@id":"https:\/\/innoticiasbo.com\/#\/schema\/logo\/image\/","url":"https:\/\/i0.wp.com\/innoticiasbo.com\/wp-content\/uploads\/2026\/04\/cropped-IN-LOGO.png?fit=1476%2C1476&ssl=1","contentUrl":"https:\/\/i0.wp.com\/innoticiasbo.com\/wp-content\/uploads\/2026\/04\/cropped-IN-LOGO.png?fit=1476%2C1476&ssl=1","width":1476,"height":1476,"caption":"innoticiasbo.com"},"image":{"@id":"https:\/\/innoticiasbo.com\/#\/schema\/logo\/image\/"},"sameAs":["https:\/\/www.facebook.com\/innoticiasbolivia","https:\/\/x.com\/innoticiasbo","https:\/\/www.instagram.com\/innoticiasbo","https:\/\/www.youtube.com\/innoticiasbo"]},{"@type":"Person","@id":"https:\/\/innoticiasbo.com\/#\/schema\/person\/9af0c49836719fb5d47b55cc879140ce","name":"Jason Gonzales","image":{"@type":"ImageObject","inLanguage":"es","@id":"https:\/\/innoticiasbo.com\/#\/schema\/person\/image\/","url":"https:\/\/secure.gravatar.com\/avatar\/ff64cacc93e8658997d62d298b4dff23?s=96&d=mm&r=g","contentUrl":"https:\/\/secure.gravatar.com\/avatar\/ff64cacc93e8658997d62d298b4dff23?s=96&d=mm&r=g","caption":"Jason Gonzales"},"sameAs":["http:\/\/www.innoticiasbo.com"],"url":"https:\/\/innoticiasbo.com\/index.php\/author\/prensa-8\/"}]}},"jetpack_featured_media_url":"https:\/\/i0.wp.com\/innoticiasbo.com\/wp-content\/uploads\/2026\/09\/image_editor_output_image-992437778-1788444762063.jpg?fit=999%2C568&ssl=1","jetpack_likes_enabled":true,"jetpack_sharing_enabled":true,"jetpack_shortlink":"https:\/\/wp.me\/pg298x-42H","_links":{"self":[{"href":"https:\/\/innoticiasbo.com\/index.php\/wp-json\/wp\/v2\/posts\/15543","targetHints":{"allow":["GET"]}}],"collection":[{"href":"https:\/\/innoticiasbo.com\/index.php\/wp-json\/wp\/v2\/posts"}],"about":[{"href":"https:\/\/innoticiasbo.com\/index.php\/wp-json\/wp\/v2\/types\/post"}],"author":[{"embeddable":true,"href":"https:\/\/innoticiasbo.com\/index.php\/wp-json\/wp\/v2\/users\/12"}],"replies":[{"embeddable":true,"href":"https:\/\/innoticiasbo.com\/index.php\/wp-json\/wp\/v2\/comments?post=15543"}],"version-history":[{"count":1,"href":"https:\/\/innoticiasbo.com\/index.php\/wp-json\/wp\/v2\/posts\/15543\/revisions"}],"predecessor-version":[{"id":15544,"href":"https:\/\/innoticiasbo.com\/index.php\/wp-json\/wp\/v2\/posts\/15543\/revisions\/15544"}],"wp:featuredmedia":[{"embeddable":true,"href":"https:\/\/innoticiasbo.com\/index.php\/wp-json\/wp\/v2\/media\/15542"}],"wp:attachment":[{"href":"https:\/\/innoticiasbo.com\/index.php\/wp-json\/wp\/v2\/media?parent=15543"}],"wp:term":[{"taxonomy":"category","embeddable":true,"href":"https:\/\/innoticiasbo.com\/index.php\/wp-json\/wp\/v2\/categories?post=15543"},{"taxonomy":"post_tag","embeddable":true,"href":"https:\/\/innoticiasbo.com\/index.php\/wp-json\/wp\/v2\/tags?post=15543"}],"curies":[{"name":"wp","href":"https:\/\/api.w.org\/{rel}","templated":true}]}}