{"id":15527,"date":"2026-09-03T09:27:42","date_gmt":"2026-09-03T13:27:42","guid":{"rendered":"https:\/\/innoticiasbo.com\/?p=15527"},"modified":"2026-09-03T09:32:59","modified_gmt":"2026-09-03T13:32:59","slug":"la-oea-respalda-a-rodrigo-paz-avala-el-manejo-de-la-crisis-y-deja-nueve-tareas","status":"publish","type":"post","link":"https:\/\/innoticiasbo.com\/index.php\/2026\/09\/03\/la-oea-respalda-a-rodrigo-paz-avala-el-manejo-de-la-crisis-y-deja-nueve-tareas\/","title":{"rendered":"LA OEA RESPALDA A RODRIGO PAZ, AVALA EL MANEJO DE LA CRISIS Y DEJA NUEVE TAREAS"},"content":{"rendered":"\n<figure class=\"wp-block-image size-large\"><img data-recalc-dims=\"1\" loading=\"lazy\" decoding=\"async\" width=\"640\" height=\"361\" src=\"https:\/\/i0.wp.com\/innoticiasbo.com\/wp-content\/uploads\/2026\/09\/image_editor_output_image-548569522-17884419636025310748123309458423.jpg?resize=640%2C361&#038;ssl=1\" alt=\"\" class=\"wp-image-15525\" srcset=\"https:\/\/i0.wp.com\/innoticiasbo.com\/wp-content\/uploads\/2026\/09\/image_editor_output_image-548569522-17884419636025310748123309458423.jpg?w=997&amp;ssl=1 997w, https:\/\/i0.wp.com\/innoticiasbo.com\/wp-content\/uploads\/2026\/09\/image_editor_output_image-548569522-17884419636025310748123309458423.jpg?resize=300%2C169&amp;ssl=1 300w, https:\/\/i0.wp.com\/innoticiasbo.com\/wp-content\/uploads\/2026\/09\/image_editor_output_image-548569522-17884419636025310748123309458423.jpg?resize=768%2C434&amp;ssl=1 768w\" sizes=\"auto, (max-width: 640px) 100vw, 640px\" \/><\/figure>\n\n\n\n<p>3 de septiembre.- El informe que ser\u00e1 presentado hoy ante el Consejo Permanente, defiende la continuidad del mandato presidencial, considera que los bloqueos amenazaron.<br>El orden democr\u00e1tico y valora que el Gobierno evitara el uso de la fuerza.<\/p>\n\n\n\n<p>La misi\u00f3n de alto nivel de la Organizaci\u00f3n de los Estados Americanos (OEA), creada en junio, respald\u00f3 al presidente Rodrigo Paz, aval\u00f3 la respuesta gubernamental a la crisis social de 53 d\u00edas y plante\u00f3 nueve tareas urgentes para prevenir nuevos conflictos y fortalecer la democracia del pa\u00eds.<br><br>Estas conclusiones est\u00e1n contenidas en un documento al que tuvo acceso EL DEBER y ser\u00e1 expuesto hoy en Washington en una sesi\u00f3n del Consejo Permanente. Bolivia estar\u00e1 representada por el ministro de la Presidencia, Fernando Aramayo. Jos\u00e9 Luis Lupo fue designado embajador permanente ante la OEA, pero a\u00fan no fue acreditado.<br><br>En ese contexto, la misi\u00f3n sostuvo que el mandato surgido de las urnas debe ser respetado \u00edntegramente. Afirma que la violencia, los bloqueos coercitivos y los intentos de algunos sectores de forzar la renuncia de Paz amenazaron el orden democr\u00e1tico, aunque no identifica a esos actores ni califica los hechos como un golpe de Estado. Tambi\u00e9n valora que el Gobierno privilegiara el di\u00e1logo y la contenci\u00f3n durante el estado de excepci\u00f3n, que a\u00fan est\u00e1 vigente, \u201csin recurrir a un uso desproporcionado de la fuerza p\u00fablica\u201d.<\/p>\n\n\n\n<p>Seg\u00fan datos de la Defensor\u00eda del Pueblo, el conflicto dej\u00f3 22 fallecidos \u201419 de ellos no movilizados y tres manifestantes\u2014, 255 procesados y cerca de 40 sentencias abreviadas. Entre los decesos figuran seis personas que perdieron la vida en el accidente de una aeronave militar que inspeccionaba una ruta bloqueada.<br><br>Las nueve recomendaciones son: defender los mandatos democr\u00e1ticos; crear un di\u00e1logo plural y permanente; establecer alertas tempranas; garantizar la participaci\u00f3n ind\u00edgena y campesina; proteger la protesta pac\u00edfica, a terceros y los servicios esenciales; reactivar la econom\u00eda; proteger al periodismo y aprobar una ley de acceso a la informaci\u00f3n; investigar la violencia con debido proceso, y fortalecer a la Defensor\u00eda y la transparencia judicial. En cuanto a la ley de acceso a la informaci\u00f3n, dicha normativa ya fue aprobada por el Senado y pas\u00f3 a la C\u00e1mara de Diputados para su validaci\u00f3n final.<br><br>La misi\u00f3n, liderada por el secretario general de la OEA, Albert Ramdin y el canciller de Panam\u00e1, Javier Mart\u00ednez-Acha, lleg\u00f3 a Bolivia el 29 de julio. Durante dos d\u00edas instal\u00f3 cuatro mesas de di\u00e1logo en La Paz y Santa Cruz con autoridades, sectores productivos, transportistas, ind\u00edgenas, campesinos, sindicatos, periodistas, acad\u00e9micos y representantes de la sociedad civil.<\/p>\n\n\n\n<p>Fuente: El Deber <\/p>\n","protected":false},"excerpt":{"rendered":"<p>3 de septiembre.- El informe que ser\u00e1 presentado hoy ante el Consejo Permanente, defiende la continuidad del mandato presidencial, considera que los bloqueos amenazaron.El orden democr\u00e1tico y valora que el Gobierno evitara el uso de la fuerza. La misi\u00f3n de alto nivel de la Organizaci\u00f3n de los Estados Americanos (OEA), creada en junio, respald\u00f3 al&#8230;<\/p>\n","protected":false},"author":12,"featured_media":15526,"comment_status":"open","ping_status":"open","sticky":false,"template":"","format":"standard","meta":{"_jetpack_memberships_contains_paid_content":false,"footnotes":"","jetpack_publicize_message":"","jetpack_publicize_feature_enabled":true,"jetpack_social_post_already_shared":true,"jetpack_social_options":{"image_generator_settings":{"template":"highway","enabled":false},"version":2}},"categories":[1,684],"tags":[7,177,8,4036,1585,4035,345],"class_list":["post-15527","post","type-post","status-publish","format-standard","has-post-thumbnail","hentry","category-bolivia","category-internacional","tag-bolivia","tag-gobierno","tag-internacional","tag-manejo-de-crisis","tag-oea","tag-respalda","tag-rodrigo-paz"],"jetpack_publicize_connections":[],"yoast_head":"<!-- This site is optimized with the Yoast SEO plugin v23.4 - https:\/\/yoast.com\/wordpress\/plugins\/seo\/ -->\n<title>LA OEA RESPALDA A RODRIGO PAZ, AVALA EL MANEJO DE LA CRISIS Y DEJA NUEVE TAREAS - innoticiasbo.com<\/title>\n<meta name=\"robots\" content=\"index, follow, max-snippet:-1, max-image-preview:large, max-video-preview:-1\" \/>\n<link rel=\"canonical\" href=\"https:\/\/innoticiasbo.com\/index.php\/2026\/09\/03\/la-oea-respalda-a-rodrigo-paz-avala-el-manejo-de-la-crisis-y-deja-nueve-tareas\/\" \/>\n<meta property=\"og:locale\" content=\"es_ES\" \/>\n<meta property=\"og:type\" content=\"article\" \/>\n<meta property=\"og:title\" content=\"LA OEA RESPALDA A RODRIGO PAZ, AVALA EL MANEJO DE LA CRISIS Y DEJA NUEVE TAREAS - innoticiasbo.com\" \/>\n<meta property=\"og:description\" content=\"3 de septiembre.- El informe que ser\u00e1 presentado hoy ante el Consejo Permanente, defiende la continuidad del mandato presidencial, considera que los bloqueos amenazaron.El orden democr\u00e1tico y valora que el Gobierno evitara el uso de la fuerza. La misi\u00f3n de alto nivel de la Organizaci\u00f3n de los Estados Americanos (OEA), creada en junio, respald\u00f3 al...\" \/>\n<meta property=\"og:url\" content=\"https:\/\/innoticiasbo.com\/index.php\/2026\/09\/03\/la-oea-respalda-a-rodrigo-paz-avala-el-manejo-de-la-crisis-y-deja-nueve-tareas\/\" \/>\n<meta property=\"og:site_name\" content=\"innoticiasbo.com\" \/>\n<meta property=\"article:publisher\" content=\"https:\/\/www.facebook.com\/innoticiasbolivia\" \/>\n<meta property=\"article:published_time\" content=\"2026-09-03T13:27:42+00:00\" \/>\n<meta property=\"article:modified_time\" content=\"2026-09-03T13:32:59+00:00\" \/>\n<meta property=\"og:image\" content=\"https:\/\/i0.wp.com\/innoticiasbo.com\/wp-content\/uploads\/2026\/09\/image_editor_output_image-548569522-1788442119181.jpg?fit=1000%2C556&ssl=1\" \/>\n\t<meta property=\"og:image:width\" content=\"1000\" \/>\n\t<meta property=\"og:image:height\" content=\"556\" \/>\n\t<meta property=\"og:image:type\" content=\"image\/jpeg\" \/>\n<meta name=\"author\" content=\"Jason Gonzales\" \/>\n<meta name=\"twitter:card\" content=\"summary_large_image\" \/>\n<meta name=\"twitter:creator\" content=\"@innoticiasbo\" \/>\n<meta name=\"twitter:site\" content=\"@innoticiasbo\" \/>\n<meta name=\"twitter:label1\" content=\"Escrito por\" \/>\n\t<meta name=\"twitter:data1\" content=\"Jason Gonzales\" \/>\n\t<meta name=\"twitter:label2\" content=\"Tiempo de lectura\" \/>\n\t<meta name=\"twitter:data2\" content=\"2 minutos\" \/>\n<script type=\"application\/ld+json\" class=\"yoast-schema-graph\">{\"@context\":\"https:\/\/schema.org\",\"@graph\":[{\"@type\":\"Article\",\"@id\":\"https:\/\/innoticiasbo.com\/index.php\/2026\/09\/03\/la-oea-respalda-a-rodrigo-paz-avala-el-manejo-de-la-crisis-y-deja-nueve-tareas\/#article\",\"isPartOf\":{\"@id\":\"https:\/\/innoticiasbo.com\/index.php\/2026\/09\/03\/la-oea-respalda-a-rodrigo-paz-avala-el-manejo-de-la-crisis-y-deja-nueve-tareas\/\"},\"author\":{\"name\":\"Jason Gonzales\",\"@id\":\"https:\/\/innoticiasbo.com\/#\/schema\/person\/9af0c49836719fb5d47b55cc879140ce\"},\"headline\":\"LA OEA RESPALDA A RODRIGO PAZ, AVALA EL MANEJO DE LA CRISIS Y DEJA NUEVE TAREAS\",\"datePublished\":\"2026-09-03T13:27:42+00:00\",\"dateModified\":\"2026-09-03T13:32:59+00:00\",\"mainEntityOfPage\":{\"@id\":\"https:\/\/innoticiasbo.com\/index.php\/2026\/09\/03\/la-oea-respalda-a-rodrigo-paz-avala-el-manejo-de-la-crisis-y-deja-nueve-tareas\/\"},\"wordCount\":467,\"commentCount\":0,\"publisher\":{\"@id\":\"https:\/\/innoticiasbo.com\/#organization\"},\"image\":{\"@id\":\"https:\/\/innoticiasbo.com\/index.php\/2026\/09\/03\/la-oea-respalda-a-rodrigo-paz-avala-el-manejo-de-la-crisis-y-deja-nueve-tareas\/#primaryimage\"},\"thumbnailUrl\":\"https:\/\/i0.wp.com\/innoticiasbo.com\/wp-content\/uploads\/2026\/09\/image_editor_output_image-548569522-1788442119181.jpg?fit=1000%2C556&ssl=1\",\"keywords\":[\"Bolivia\",\"gobierno\",\"Internacional\",\"Manejo de crisis\",\"OEA\",\"Respalda\",\"Rodrigo Paz\"],\"articleSection\":[\"Bolivia\",\"Internacional\"],\"inLanguage\":\"es\",\"potentialAction\":[{\"@type\":\"CommentAction\",\"name\":\"Comment\",\"target\":[\"https:\/\/innoticiasbo.com\/index.php\/2026\/09\/03\/la-oea-respalda-a-rodrigo-paz-avala-el-manejo-de-la-crisis-y-deja-nueve-tareas\/#respond\"]}]},{\"@type\":\"WebPage\",\"@id\":\"https:\/\/innoticiasbo.com\/index.php\/2026\/09\/03\/la-oea-respalda-a-rodrigo-paz-avala-el-manejo-de-la-crisis-y-deja-nueve-tareas\/\",\"url\":\"https:\/\/innoticiasbo.com\/index.php\/2026\/09\/03\/la-oea-respalda-a-rodrigo-paz-avala-el-manejo-de-la-crisis-y-deja-nueve-tareas\/\",\"name\":\"LA OEA RESPALDA A RODRIGO PAZ, AVALA EL MANEJO DE LA CRISIS Y DEJA NUEVE TAREAS - innoticiasbo.com\",\"isPartOf\":{\"@id\":\"https:\/\/innoticiasbo.com\/#website\"},\"primaryImageOfPage\":{\"@id\":\"https:\/\/innoticiasbo.com\/index.php\/2026\/09\/03\/la-oea-respalda-a-rodrigo-paz-avala-el-manejo-de-la-crisis-y-deja-nueve-tareas\/#primaryimage\"},\"image\":{\"@id\":\"https:\/\/innoticiasbo.com\/index.php\/2026\/09\/03\/la-oea-respalda-a-rodrigo-paz-avala-el-manejo-de-la-crisis-y-deja-nueve-tareas\/#primaryimage\"},\"thumbnailUrl\":\"https:\/\/i0.wp.com\/innoticiasbo.com\/wp-content\/uploads\/2026\/09\/image_editor_output_image-548569522-1788442119181.jpg?fit=1000%2C556&ssl=1\",\"datePublished\":\"2026-09-03T13:27:42+00:00\",\"dateModified\":\"2026-09-03T13:32:59+00:00\",\"breadcrumb\":{\"@id\":\"https:\/\/innoticiasbo.com\/index.php\/2026\/09\/03\/la-oea-respalda-a-rodrigo-paz-avala-el-manejo-de-la-crisis-y-deja-nueve-tareas\/#breadcrumb\"},\"inLanguage\":\"es\",\"potentialAction\":[{\"@type\":\"ReadAction\",\"target\":[\"https:\/\/innoticiasbo.com\/index.php\/2026\/09\/03\/la-oea-respalda-a-rodrigo-paz-avala-el-manejo-de-la-crisis-y-deja-nueve-tareas\/\"]}]},{\"@type\":\"ImageObject\",\"inLanguage\":\"es\",\"@id\":\"https:\/\/innoticiasbo.com\/index.php\/2026\/09\/03\/la-oea-respalda-a-rodrigo-paz-avala-el-manejo-de-la-crisis-y-deja-nueve-tareas\/#primaryimage\",\"url\":\"https:\/\/i0.wp.com\/innoticiasbo.com\/wp-content\/uploads\/2026\/09\/image_editor_output_image-548569522-1788442119181.jpg?fit=1000%2C556&ssl=1\",\"contentUrl\":\"https:\/\/i0.wp.com\/innoticiasbo.com\/wp-content\/uploads\/2026\/09\/image_editor_output_image-548569522-1788442119181.jpg?fit=1000%2C556&ssl=1\",\"width\":1000,\"height\":556},{\"@type\":\"BreadcrumbList\",\"@id\":\"https:\/\/innoticiasbo.com\/index.php\/2026\/09\/03\/la-oea-respalda-a-rodrigo-paz-avala-el-manejo-de-la-crisis-y-deja-nueve-tareas\/#breadcrumb\",\"itemListElement\":[{\"@type\":\"ListItem\",\"position\":1,\"name\":\"Portada\",\"item\":\"https:\/\/innoticiasbo.com\/\"},{\"@type\":\"ListItem\",\"position\":2,\"name\":\"LA OEA RESPALDA A RODRIGO PAZ, AVALA EL MANEJO DE LA CRISIS Y DEJA NUEVE TAREAS\"}]},{\"@type\":\"WebSite\",\"@id\":\"https:\/\/innoticiasbo.com\/#website\",\"url\":\"https:\/\/innoticiasbo.com\/\",\"name\":\"innoticiasbo.com\",\"description\":\"\",\"publisher\":{\"@id\":\"https:\/\/innoticiasbo.com\/#organization\"},\"potentialAction\":[{\"@type\":\"SearchAction\",\"target\":{\"@type\":\"EntryPoint\",\"urlTemplate\":\"https:\/\/innoticiasbo.com\/?s={search_term_string}\"},\"query-input\":{\"@type\":\"PropertyValueSpecification\",\"valueRequired\":true,\"valueName\":\"search_term_string\"}}],\"inLanguage\":\"es\"},{\"@type\":\"Organization\",\"@id\":\"https:\/\/innoticiasbo.com\/#organization\",\"name\":\"innoticiasbo.com\",\"url\":\"https:\/\/innoticiasbo.com\/\",\"logo\":{\"@type\":\"ImageObject\",\"inLanguage\":\"es\",\"@id\":\"https:\/\/innoticiasbo.com\/#\/schema\/logo\/image\/\",\"url\":\"https:\/\/i0.wp.com\/innoticiasbo.com\/wp-content\/uploads\/2026\/04\/cropped-IN-LOGO.png?fit=1476%2C1476&ssl=1\",\"contentUrl\":\"https:\/\/i0.wp.com\/innoticiasbo.com\/wp-content\/uploads\/2026\/04\/cropped-IN-LOGO.png?fit=1476%2C1476&ssl=1\",\"width\":1476,\"height\":1476,\"caption\":\"innoticiasbo.com\"},\"image\":{\"@id\":\"https:\/\/innoticiasbo.com\/#\/schema\/logo\/image\/\"},\"sameAs\":[\"https:\/\/www.facebook.com\/innoticiasbolivia\",\"https:\/\/x.com\/innoticiasbo\",\"https:\/\/www.instagram.com\/innoticiasbo\",\"https:\/\/www.youtube.com\/innoticiasbo\"]},{\"@type\":\"Person\",\"@id\":\"https:\/\/innoticiasbo.com\/#\/schema\/person\/9af0c49836719fb5d47b55cc879140ce\",\"name\":\"Jason Gonzales\",\"image\":{\"@type\":\"ImageObject\",\"inLanguage\":\"es\",\"@id\":\"https:\/\/innoticiasbo.com\/#\/schema\/person\/image\/\",\"url\":\"https:\/\/secure.gravatar.com\/avatar\/ff64cacc93e8658997d62d298b4dff23?s=96&d=mm&r=g\",\"contentUrl\":\"https:\/\/secure.gravatar.com\/avatar\/ff64cacc93e8658997d62d298b4dff23?s=96&d=mm&r=g\",\"caption\":\"Jason Gonzales\"},\"sameAs\":[\"http:\/\/www.innoticiasbo.com\"],\"url\":\"https:\/\/innoticiasbo.com\/index.php\/author\/prensa-8\/\"}]}<\/script>\n<!-- \/ Yoast SEO plugin. -->","yoast_head_json":{"title":"LA OEA RESPALDA A RODRIGO PAZ, AVALA EL MANEJO DE LA CRISIS Y DEJA NUEVE TAREAS - innoticiasbo.com","robots":{"index":"index","follow":"follow","max-snippet":"max-snippet:-1","max-image-preview":"max-image-preview:large","max-video-preview":"max-video-preview:-1"},"canonical":"https:\/\/innoticiasbo.com\/index.php\/2026\/09\/03\/la-oea-respalda-a-rodrigo-paz-avala-el-manejo-de-la-crisis-y-deja-nueve-tareas\/","og_locale":"es_ES","og_type":"article","og_title":"LA OEA RESPALDA A RODRIGO PAZ, AVALA EL MANEJO DE LA CRISIS Y DEJA NUEVE TAREAS - innoticiasbo.com","og_description":"3 de septiembre.- El informe que ser\u00e1 presentado hoy ante el Consejo Permanente, defiende la continuidad del mandato presidencial, considera que los bloqueos amenazaron.El orden democr\u00e1tico y valora que el Gobierno evitara el uso de la fuerza. La misi\u00f3n de alto nivel de la Organizaci\u00f3n de los Estados Americanos (OEA), creada en junio, respald\u00f3 al...","og_url":"https:\/\/innoticiasbo.com\/index.php\/2026\/09\/03\/la-oea-respalda-a-rodrigo-paz-avala-el-manejo-de-la-crisis-y-deja-nueve-tareas\/","og_site_name":"innoticiasbo.com","article_publisher":"https:\/\/www.facebook.com\/innoticiasbolivia","article_published_time":"2026-09-03T13:27:42+00:00","article_modified_time":"2026-09-03T13:32:59+00:00","og_image":[{"width":1000,"height":556,"url":"https:\/\/i0.wp.com\/innoticiasbo.com\/wp-content\/uploads\/2026\/09\/image_editor_output_image-548569522-1788442119181.jpg?fit=1000%2C556&ssl=1","type":"image\/jpeg"}],"author":"Jason Gonzales","twitter_card":"summary_large_image","twitter_creator":"@innoticiasbo","twitter_site":"@innoticiasbo","twitter_misc":{"Escrito por":"Jason Gonzales","Tiempo de lectura":"2 minutos"},"schema":{"@context":"https:\/\/schema.org","@graph":[{"@type":"Article","@id":"https:\/\/innoticiasbo.com\/index.php\/2026\/09\/03\/la-oea-respalda-a-rodrigo-paz-avala-el-manejo-de-la-crisis-y-deja-nueve-tareas\/#article","isPartOf":{"@id":"https:\/\/innoticiasbo.com\/index.php\/2026\/09\/03\/la-oea-respalda-a-rodrigo-paz-avala-el-manejo-de-la-crisis-y-deja-nueve-tareas\/"},"author":{"name":"Jason Gonzales","@id":"https:\/\/innoticiasbo.com\/#\/schema\/person\/9af0c49836719fb5d47b55cc879140ce"},"headline":"LA OEA RESPALDA A RODRIGO PAZ, AVALA EL MANEJO DE LA CRISIS Y DEJA NUEVE TAREAS","datePublished":"2026-09-03T13:27:42+00:00","dateModified":"2026-09-03T13:32:59+00:00","mainEntityOfPage":{"@id":"https:\/\/innoticiasbo.com\/index.php\/2026\/09\/03\/la-oea-respalda-a-rodrigo-paz-avala-el-manejo-de-la-crisis-y-deja-nueve-tareas\/"},"wordCount":467,"commentCount":0,"publisher":{"@id":"https:\/\/innoticiasbo.com\/#organization"},"image":{"@id":"https:\/\/innoticiasbo.com\/index.php\/2026\/09\/03\/la-oea-respalda-a-rodrigo-paz-avala-el-manejo-de-la-crisis-y-deja-nueve-tareas\/#primaryimage"},"thumbnailUrl":"https:\/\/i0.wp.com\/innoticiasbo.com\/wp-content\/uploads\/2026\/09\/image_editor_output_image-548569522-1788442119181.jpg?fit=1000%2C556&ssl=1","keywords":["Bolivia","gobierno","Internacional","Manejo de crisis","OEA","Respalda","Rodrigo Paz"],"articleSection":["Bolivia","Internacional"],"inLanguage":"es","potentialAction":[{"@type":"CommentAction","name":"Comment","target":["https:\/\/innoticiasbo.com\/index.php\/2026\/09\/03\/la-oea-respalda-a-rodrigo-paz-avala-el-manejo-de-la-crisis-y-deja-nueve-tareas\/#respond"]}]},{"@type":"WebPage","@id":"https:\/\/innoticiasbo.com\/index.php\/2026\/09\/03\/la-oea-respalda-a-rodrigo-paz-avala-el-manejo-de-la-crisis-y-deja-nueve-tareas\/","url":"https:\/\/innoticiasbo.com\/index.php\/2026\/09\/03\/la-oea-respalda-a-rodrigo-paz-avala-el-manejo-de-la-crisis-y-deja-nueve-tareas\/","name":"LA OEA RESPALDA A RODRIGO PAZ, AVALA EL MANEJO DE LA CRISIS Y DEJA NUEVE TAREAS - innoticiasbo.com","isPartOf":{"@id":"https:\/\/innoticiasbo.com\/#website"},"primaryImageOfPage":{"@id":"https:\/\/innoticiasbo.com\/index.php\/2026\/09\/03\/la-oea-respalda-a-rodrigo-paz-avala-el-manejo-de-la-crisis-y-deja-nueve-tareas\/#primaryimage"},"image":{"@id":"https:\/\/innoticiasbo.com\/index.php\/2026\/09\/03\/la-oea-respalda-a-rodrigo-paz-avala-el-manejo-de-la-crisis-y-deja-nueve-tareas\/#primaryimage"},"thumbnailUrl":"https:\/\/i0.wp.com\/innoticiasbo.com\/wp-content\/uploads\/2026\/09\/image_editor_output_image-548569522-1788442119181.jpg?fit=1000%2C556&ssl=1","datePublished":"2026-09-03T13:27:42+00:00","dateModified":"2026-09-03T13:32:59+00:00","breadcrumb":{"@id":"https:\/\/innoticiasbo.com\/index.php\/2026\/09\/03\/la-oea-respalda-a-rodrigo-paz-avala-el-manejo-de-la-crisis-y-deja-nueve-tareas\/#breadcrumb"},"inLanguage":"es","potentialAction":[{"@type":"ReadAction","target":["https:\/\/innoticiasbo.com\/index.php\/2026\/09\/03\/la-oea-respalda-a-rodrigo-paz-avala-el-manejo-de-la-crisis-y-deja-nueve-tareas\/"]}]},{"@type":"ImageObject","inLanguage":"es","@id":"https:\/\/innoticiasbo.com\/index.php\/2026\/09\/03\/la-oea-respalda-a-rodrigo-paz-avala-el-manejo-de-la-crisis-y-deja-nueve-tareas\/#primaryimage","url":"https:\/\/i0.wp.com\/innoticiasbo.com\/wp-content\/uploads\/2026\/09\/image_editor_output_image-548569522-1788442119181.jpg?fit=1000%2C556&ssl=1","contentUrl":"https:\/\/i0.wp.com\/innoticiasbo.com\/wp-content\/uploads\/2026\/09\/image_editor_output_image-548569522-1788442119181.jpg?fit=1000%2C556&ssl=1","width":1000,"height":556},{"@type":"BreadcrumbList","@id":"https:\/\/innoticiasbo.com\/index.php\/2026\/09\/03\/la-oea-respalda-a-rodrigo-paz-avala-el-manejo-de-la-crisis-y-deja-nueve-tareas\/#breadcrumb","itemListElement":[{"@type":"ListItem","position":1,"name":"Portada","item":"https:\/\/innoticiasbo.com\/"},{"@type":"ListItem","position":2,"name":"LA OEA RESPALDA A RODRIGO PAZ, AVALA EL MANEJO DE LA CRISIS Y DEJA NUEVE TAREAS"}]},{"@type":"WebSite","@id":"https:\/\/innoticiasbo.com\/#website","url":"https:\/\/innoticiasbo.com\/","name":"innoticiasbo.com","description":"","publisher":{"@id":"https:\/\/innoticiasbo.com\/#organization"},"potentialAction":[{"@type":"SearchAction","target":{"@type":"EntryPoint","urlTemplate":"https:\/\/innoticiasbo.com\/?s={search_term_string}"},"query-input":{"@type":"PropertyValueSpecification","valueRequired":true,"valueName":"search_term_string"}}],"inLanguage":"es"},{"@type":"Organization","@id":"https:\/\/innoticiasbo.com\/#organization","name":"innoticiasbo.com","url":"https:\/\/innoticiasbo.com\/","logo":{"@type":"ImageObject","inLanguage":"es","@id":"https:\/\/innoticiasbo.com\/#\/schema\/logo\/image\/","url":"https:\/\/i0.wp.com\/innoticiasbo.com\/wp-content\/uploads\/2026\/04\/cropped-IN-LOGO.png?fit=1476%2C1476&ssl=1","contentUrl":"https:\/\/i0.wp.com\/innoticiasbo.com\/wp-content\/uploads\/2026\/04\/cropped-IN-LOGO.png?fit=1476%2C1476&ssl=1","width":1476,"height":1476,"caption":"innoticiasbo.com"},"image":{"@id":"https:\/\/innoticiasbo.com\/#\/schema\/logo\/image\/"},"sameAs":["https:\/\/www.facebook.com\/innoticiasbolivia","https:\/\/x.com\/innoticiasbo","https:\/\/www.instagram.com\/innoticiasbo","https:\/\/www.youtube.com\/innoticiasbo"]},{"@type":"Person","@id":"https:\/\/innoticiasbo.com\/#\/schema\/person\/9af0c49836719fb5d47b55cc879140ce","name":"Jason Gonzales","image":{"@type":"ImageObject","inLanguage":"es","@id":"https:\/\/innoticiasbo.com\/#\/schema\/person\/image\/","url":"https:\/\/secure.gravatar.com\/avatar\/ff64cacc93e8658997d62d298b4dff23?s=96&d=mm&r=g","contentUrl":"https:\/\/secure.gravatar.com\/avatar\/ff64cacc93e8658997d62d298b4dff23?s=96&d=mm&r=g","caption":"Jason Gonzales"},"sameAs":["http:\/\/www.innoticiasbo.com"],"url":"https:\/\/innoticiasbo.com\/index.php\/author\/prensa-8\/"}]}},"jetpack_featured_media_url":"https:\/\/i0.wp.com\/innoticiasbo.com\/wp-content\/uploads\/2026\/09\/image_editor_output_image-548569522-1788442119181.jpg?fit=1000%2C556&ssl=1","jetpack_likes_enabled":true,"jetpack_sharing_enabled":true,"jetpack_shortlink":"https:\/\/wp.me\/pg298x-42r","_links":{"self":[{"href":"https:\/\/innoticiasbo.com\/index.php\/wp-json\/wp\/v2\/posts\/15527","targetHints":{"allow":["GET"]}}],"collection":[{"href":"https:\/\/innoticiasbo.com\/index.php\/wp-json\/wp\/v2\/posts"}],"about":[{"href":"https:\/\/innoticiasbo.com\/index.php\/wp-json\/wp\/v2\/types\/post"}],"author":[{"embeddable":true,"href":"https:\/\/innoticiasbo.com\/index.php\/wp-json\/wp\/v2\/users\/12"}],"replies":[{"embeddable":true,"href":"https:\/\/innoticiasbo.com\/index.php\/wp-json\/wp\/v2\/comments?post=15527"}],"version-history":[{"count":1,"href":"https:\/\/innoticiasbo.com\/index.php\/wp-json\/wp\/v2\/posts\/15527\/revisions"}],"predecessor-version":[{"id":15528,"href":"https:\/\/innoticiasbo.com\/index.php\/wp-json\/wp\/v2\/posts\/15527\/revisions\/15528"}],"wp:featuredmedia":[{"embeddable":true,"href":"https:\/\/innoticiasbo.com\/index.php\/wp-json\/wp\/v2\/media\/15526"}],"wp:attachment":[{"href":"https:\/\/innoticiasbo.com\/index.php\/wp-json\/wp\/v2\/media?parent=15527"}],"wp:term":[{"taxonomy":"category","embeddable":true,"href":"https:\/\/innoticiasbo.com\/index.php\/wp-json\/wp\/v2\/categories?post=15527"},{"taxonomy":"post_tag","embeddable":true,"href":"https:\/\/innoticiasbo.com\/index.php\/wp-json\/wp\/v2\/tags?post=15527"}],"curies":[{"name":"wp","href":"https:\/\/api.w.org\/{rel}","templated":true}]}}