{"id":15523,"date":"2026-09-03T09:21:26","date_gmt":"2026-09-03T13:21:26","guid":{"rendered":"https:\/\/innoticiasbo.com\/?p=15523"},"modified":"2026-09-03T09:24:28","modified_gmt":"2026-09-03T13:24:28","slug":"detienen-a-11-asiaticos-en-una-operacion-contra-la-mineria-ilegal-en-bolivia","status":"publish","type":"post","link":"https:\/\/innoticiasbo.com\/index.php\/2026\/09\/03\/detienen-a-11-asiaticos-en-una-operacion-contra-la-mineria-ilegal-en-bolivia\/","title":{"rendered":"DETIENEN A 11 ASI\u00c1TICOS EN UNA OPERACI\u00d3N CONTRA LA MINER\u00cdA ILEGAL EN BOLIVIA"},"content":{"rendered":"\n<figure class=\"wp-block-image size-large\"><img data-recalc-dims=\"1\" loading=\"lazy\" decoding=\"async\" width=\"640\" height=\"358\" src=\"https:\/\/i0.wp.com\/innoticiasbo.com\/wp-content\/uploads\/2026\/09\/image_editor_output_image2021389773-17884416372483734178952274205429.jpg?resize=640%2C358&#038;ssl=1\" alt=\"\" class=\"wp-image-15521\" srcset=\"https:\/\/i0.wp.com\/innoticiasbo.com\/wp-content\/uploads\/2026\/09\/image_editor_output_image2021389773-17884416372483734178952274205429.jpg?w=1000&amp;ssl=1 1000w, https:\/\/i0.wp.com\/innoticiasbo.com\/wp-content\/uploads\/2026\/09\/image_editor_output_image2021389773-17884416372483734178952274205429.jpg?resize=300%2C168&amp;ssl=1 300w, https:\/\/i0.wp.com\/innoticiasbo.com\/wp-content\/uploads\/2026\/09\/image_editor_output_image2021389773-17884416372483734178952274205429.jpg?resize=768%2C430&amp;ssl=1 768w\" sizes=\"auto, (max-width: 640px) 100vw, 640px\" \/><\/figure>\n\n\n\n<p>La Paz, 3 de septiembre.- La unidad policial contra delitos ambientales de Bolivia y el ente regulador de la miner\u00eda realizaron este mi\u00e9rcoles una operaci\u00f3n contra la actividad minera ilegal en una localidad rural en el departamento de La Paz en la que fueron aprehendidas 18 personas, incluidos 11 asi\u00e1ticos, presumiblemente chinos.<br><br>El operativo se efectu\u00f3 en la comunidad Lacat\u00eda, en el municipio de Sorata, a unos 150 kil\u00f3metros de la ciudad de La Paz, con la intervenci\u00f3n de agentes de la Fuerza Especial de Lucha contra Delitos Ambientales (Felcda) y funcionarios de la Autoridad Jurisdiccional Administrativa Minera (AJAM).<br><br>\u00abPudimos aprehender en primera instancia a 18 personas, 11 extranjeros, de nacionalidad china aparentemente, y 7 nacionales\u00bb, dijo a los medios el director departamental de la Felcda de La Paz, coronel Marco Antonio Aze\u00f1as.<br><br>Los 18 detenidos fueron trasladados a las oficinas de Fuerza Especial de Lucha contra el Crimen (Felcc) de La Paz, \u00abpara que puedan ser puestos a disposici\u00f3n del control jurisdiccional y del Ministerio P\u00fablico\u00bb, indic\u00f3 Aze\u00f1as.<br><br>El director nacional de la AJAM, Jaime Sanabria, se\u00f1al\u00f3 por su parte que la operaci\u00f3n se realiz\u00f3 a solicitud de la cooperativa minera Buenavista, \u00abque tiene derechos mineros sobre el \u00e1rea denominada Metalani 2, en la comunidad Lacat\u00eda\u00bb, y cuyos asociados denunciaron \u00abque hab\u00edan sido invadidos por ciudadanos extranjeros\u00bb.<br><br>La AJAM precis\u00f3 en un comunicado de prensa que durante el operativo se ingres\u00f3 primero a un campamento en Lacat\u00eda, posteriormente al r\u00edo Huilachuro y, finalmente, en Metalani 2, donde \u00aben un punto alejado del campamento, se identific\u00f3 actividad minera en plena ejecuci\u00f3n\u00bb.<br><br>\u00abAsimismo, se evidenci\u00f3 una labor minera subterr\u00e1nea con un avance aproximado de 50 metros, adem\u00e1s de combustible y una importante cantidad de material explosivo, entre ellos cartuchos de dinamita, cord\u00f3n detonante y fulminantes, cuya cuantificaci\u00f3n y an\u00e1lisis se encuentran en proceso\u00bb, se\u00f1al\u00f3 la entidad.<br><br>Sanabria sostuvo que la intervenci\u00f3n en Sorata muestra que la miner\u00eda ilegal \u00abha dejado de ser un simple problema administrativo y un problema ambiental para convertirse en un problema econ\u00f3mico, de seguridad y de gobernanza\u00bb.<br><br>Con base en \u00abdatos estad\u00edsticos\u00bb y las intervenciones realizadas por la AJAM, el funcionario afirm\u00f3 que se ha \u00abpodido establecer que m\u00e1s del 80 % de la actividad minera que se realiza en el pa\u00eds es ilegal\u00bb y esto ocurre no solamente en la explotaci\u00f3n de oro, sino tambi\u00e9n \u00aben la miner\u00eda tradicional\u00bb y \u00aba gran escala\u00bb.<br><br>Mencion\u00f3 que, por ejemplo, en Metalani 2 \u00abhab\u00eda maquinaria muy moderna, hab\u00eda instalaciones, campamento y equipo que f\u00e1cilmente supera los 5 millones de d\u00f3lares en inversi\u00f3n\u00bb.<br><br>\u00abLa miner\u00eda ilegal est\u00e1 muy bien organizada, muy bien estructurada y adem\u00e1s goza de la protecci\u00f3n de la misma sociedad, en muchos casos\u00bb, advirti\u00f3 Sanabria e indic\u00f3 que, por ejemplo, en algunos sitios hay \u00abcomplicidad, encubrimiento o participaci\u00f3n de las mismas comunidades\u00bb a cambio de alg\u00fan \u00abporcentaje\u00bb de ganancia.<br><br>A su juicio, es necesario \u00abadoptar medidas administrativas\u00bb para regularizar las operaciones ilegales en los casos que corresponda.<\/p>\n\n\n\n<p>Fuente: El Deber <\/p>\n","protected":false},"excerpt":{"rendered":"<p>La Paz, 3 de septiembre.- La unidad policial contra delitos ambientales de Bolivia y el ente regulador de la miner\u00eda realizaron este mi\u00e9rcoles una operaci\u00f3n contra la actividad minera ilegal en una localidad rural en el departamento de La Paz en la que fueron aprehendidas 18 personas, incluidos 11 asi\u00e1ticos, presumiblemente chinos. El operativo se&#8230;<\/p>\n","protected":false},"author":12,"featured_media":15522,"comment_status":"open","ping_status":"open","sticky":false,"template":"","format":"standard","meta":{"_jetpack_memberships_contains_paid_content":false,"footnotes":"","jetpack_publicize_message":"","jetpack_publicize_feature_enabled":true,"jetpack_social_post_already_shared":true,"jetpack_social_options":{"image_generator_settings":{"template":"highway","enabled":false},"version":2}},"categories":[1],"tags":[4034,7,3626,615,308,2701],"class_list":["post-15523","post","type-post","status-publish","format-standard","has-post-thumbnail","hentry","category-bolivia","tag-asiaticos","tag-bolivia","tag-detencion","tag-la-paz","tag-mineria-ilegal","tag-operativo"],"jetpack_publicize_connections":[],"yoast_head":"<!-- This site is optimized with the Yoast SEO plugin v23.4 - https:\/\/yoast.com\/wordpress\/plugins\/seo\/ -->\n<title>DETIENEN A 11 ASI\u00c1TICOS EN UNA OPERACI\u00d3N CONTRA LA MINER\u00cdA ILEGAL EN BOLIVIA - innoticiasbo.com<\/title>\n<meta name=\"robots\" content=\"index, follow, max-snippet:-1, max-image-preview:large, max-video-preview:-1\" \/>\n<link rel=\"canonical\" href=\"https:\/\/innoticiasbo.com\/index.php\/2026\/09\/03\/detienen-a-11-asiaticos-en-una-operacion-contra-la-mineria-ilegal-en-bolivia\/\" \/>\n<meta property=\"og:locale\" content=\"es_ES\" \/>\n<meta property=\"og:type\" content=\"article\" \/>\n<meta property=\"og:title\" content=\"DETIENEN A 11 ASI\u00c1TICOS EN UNA OPERACI\u00d3N CONTRA LA MINER\u00cdA ILEGAL EN BOLIVIA - innoticiasbo.com\" \/>\n<meta property=\"og:description\" content=\"La Paz, 3 de septiembre.- La unidad policial contra delitos ambientales de Bolivia y el ente regulador de la miner\u00eda realizaron este mi\u00e9rcoles una operaci\u00f3n contra la actividad minera ilegal en una localidad rural en el departamento de La Paz en la que fueron aprehendidas 18 personas, incluidos 11 asi\u00e1ticos, presumiblemente chinos. El operativo se...\" \/>\n<meta property=\"og:url\" content=\"https:\/\/innoticiasbo.com\/index.php\/2026\/09\/03\/detienen-a-11-asiaticos-en-una-operacion-contra-la-mineria-ilegal-en-bolivia\/\" \/>\n<meta property=\"og:site_name\" content=\"innoticiasbo.com\" \/>\n<meta property=\"article:publisher\" content=\"https:\/\/www.facebook.com\/innoticiasbolivia\" \/>\n<meta property=\"article:published_time\" content=\"2026-09-03T13:21:26+00:00\" \/>\n<meta property=\"article:modified_time\" content=\"2026-09-03T13:24:28+00:00\" \/>\n<meta property=\"og:image\" content=\"https:\/\/i0.wp.com\/innoticiasbo.com\/wp-content\/uploads\/2026\/09\/image_editor_output_image2021389773-1788441833295.jpg?fit=995%2C560&ssl=1\" \/>\n\t<meta property=\"og:image:width\" content=\"995\" \/>\n\t<meta property=\"og:image:height\" content=\"560\" \/>\n\t<meta property=\"og:image:type\" content=\"image\/jpeg\" \/>\n<meta name=\"author\" content=\"Jason Gonzales\" \/>\n<meta name=\"twitter:card\" content=\"summary_large_image\" \/>\n<meta name=\"twitter:creator\" content=\"@innoticiasbo\" \/>\n<meta name=\"twitter:site\" content=\"@innoticiasbo\" \/>\n<meta name=\"twitter:label1\" content=\"Escrito por\" \/>\n\t<meta name=\"twitter:data1\" content=\"Jason Gonzales\" \/>\n\t<meta name=\"twitter:label2\" content=\"Tiempo de lectura\" \/>\n\t<meta name=\"twitter:data2\" content=\"3 minutos\" \/>\n<script type=\"application\/ld+json\" class=\"yoast-schema-graph\">{\"@context\":\"https:\/\/schema.org\",\"@graph\":[{\"@type\":\"Article\",\"@id\":\"https:\/\/innoticiasbo.com\/index.php\/2026\/09\/03\/detienen-a-11-asiaticos-en-una-operacion-contra-la-mineria-ilegal-en-bolivia\/#article\",\"isPartOf\":{\"@id\":\"https:\/\/innoticiasbo.com\/index.php\/2026\/09\/03\/detienen-a-11-asiaticos-en-una-operacion-contra-la-mineria-ilegal-en-bolivia\/\"},\"author\":{\"name\":\"Jason Gonzales\",\"@id\":\"https:\/\/innoticiasbo.com\/#\/schema\/person\/9af0c49836719fb5d47b55cc879140ce\"},\"headline\":\"DETIENEN A 11 ASI\u00c1TICOS EN UNA OPERACI\u00d3N CONTRA LA MINER\u00cdA ILEGAL EN BOLIVIA\",\"datePublished\":\"2026-09-03T13:21:26+00:00\",\"dateModified\":\"2026-09-03T13:24:28+00:00\",\"mainEntityOfPage\":{\"@id\":\"https:\/\/innoticiasbo.com\/index.php\/2026\/09\/03\/detienen-a-11-asiaticos-en-una-operacion-contra-la-mineria-ilegal-en-bolivia\/\"},\"wordCount\":537,\"commentCount\":0,\"publisher\":{\"@id\":\"https:\/\/innoticiasbo.com\/#organization\"},\"image\":{\"@id\":\"https:\/\/innoticiasbo.com\/index.php\/2026\/09\/03\/detienen-a-11-asiaticos-en-una-operacion-contra-la-mineria-ilegal-en-bolivia\/#primaryimage\"},\"thumbnailUrl\":\"https:\/\/i0.wp.com\/innoticiasbo.com\/wp-content\/uploads\/2026\/09\/image_editor_output_image2021389773-1788441833295.jpg?fit=995%2C560&ssl=1\",\"keywords\":[\"Asi\u00e1ticos\",\"Bolivia\",\"Detenci\u00f3n\",\"La Paz\",\"miner\u00eda ilegal\",\"operativo\"],\"articleSection\":[\"Bolivia\"],\"inLanguage\":\"es\",\"potentialAction\":[{\"@type\":\"CommentAction\",\"name\":\"Comment\",\"target\":[\"https:\/\/innoticiasbo.com\/index.php\/2026\/09\/03\/detienen-a-11-asiaticos-en-una-operacion-contra-la-mineria-ilegal-en-bolivia\/#respond\"]}]},{\"@type\":\"WebPage\",\"@id\":\"https:\/\/innoticiasbo.com\/index.php\/2026\/09\/03\/detienen-a-11-asiaticos-en-una-operacion-contra-la-mineria-ilegal-en-bolivia\/\",\"url\":\"https:\/\/innoticiasbo.com\/index.php\/2026\/09\/03\/detienen-a-11-asiaticos-en-una-operacion-contra-la-mineria-ilegal-en-bolivia\/\",\"name\":\"DETIENEN A 11 ASI\u00c1TICOS EN UNA OPERACI\u00d3N CONTRA LA MINER\u00cdA ILEGAL EN BOLIVIA - innoticiasbo.com\",\"isPartOf\":{\"@id\":\"https:\/\/innoticiasbo.com\/#website\"},\"primaryImageOfPage\":{\"@id\":\"https:\/\/innoticiasbo.com\/index.php\/2026\/09\/03\/detienen-a-11-asiaticos-en-una-operacion-contra-la-mineria-ilegal-en-bolivia\/#primaryimage\"},\"image\":{\"@id\":\"https:\/\/innoticiasbo.com\/index.php\/2026\/09\/03\/detienen-a-11-asiaticos-en-una-operacion-contra-la-mineria-ilegal-en-bolivia\/#primaryimage\"},\"thumbnailUrl\":\"https:\/\/i0.wp.com\/innoticiasbo.com\/wp-content\/uploads\/2026\/09\/image_editor_output_image2021389773-1788441833295.jpg?fit=995%2C560&ssl=1\",\"datePublished\":\"2026-09-03T13:21:26+00:00\",\"dateModified\":\"2026-09-03T13:24:28+00:00\",\"breadcrumb\":{\"@id\":\"https:\/\/innoticiasbo.com\/index.php\/2026\/09\/03\/detienen-a-11-asiaticos-en-una-operacion-contra-la-mineria-ilegal-en-bolivia\/#breadcrumb\"},\"inLanguage\":\"es\",\"potentialAction\":[{\"@type\":\"ReadAction\",\"target\":[\"https:\/\/innoticiasbo.com\/index.php\/2026\/09\/03\/detienen-a-11-asiaticos-en-una-operacion-contra-la-mineria-ilegal-en-bolivia\/\"]}]},{\"@type\":\"ImageObject\",\"inLanguage\":\"es\",\"@id\":\"https:\/\/innoticiasbo.com\/index.php\/2026\/09\/03\/detienen-a-11-asiaticos-en-una-operacion-contra-la-mineria-ilegal-en-bolivia\/#primaryimage\",\"url\":\"https:\/\/i0.wp.com\/innoticiasbo.com\/wp-content\/uploads\/2026\/09\/image_editor_output_image2021389773-1788441833295.jpg?fit=995%2C560&ssl=1\",\"contentUrl\":\"https:\/\/i0.wp.com\/innoticiasbo.com\/wp-content\/uploads\/2026\/09\/image_editor_output_image2021389773-1788441833295.jpg?fit=995%2C560&ssl=1\",\"width\":995,\"height\":560},{\"@type\":\"BreadcrumbList\",\"@id\":\"https:\/\/innoticiasbo.com\/index.php\/2026\/09\/03\/detienen-a-11-asiaticos-en-una-operacion-contra-la-mineria-ilegal-en-bolivia\/#breadcrumb\",\"itemListElement\":[{\"@type\":\"ListItem\",\"position\":1,\"name\":\"Portada\",\"item\":\"https:\/\/innoticiasbo.com\/\"},{\"@type\":\"ListItem\",\"position\":2,\"name\":\"DETIENEN A 11 ASI\u00c1TICOS EN UNA OPERACI\u00d3N CONTRA LA MINER\u00cdA ILEGAL EN BOLIVIA\"}]},{\"@type\":\"WebSite\",\"@id\":\"https:\/\/innoticiasbo.com\/#website\",\"url\":\"https:\/\/innoticiasbo.com\/\",\"name\":\"innoticiasbo.com\",\"description\":\"\",\"publisher\":{\"@id\":\"https:\/\/innoticiasbo.com\/#organization\"},\"potentialAction\":[{\"@type\":\"SearchAction\",\"target\":{\"@type\":\"EntryPoint\",\"urlTemplate\":\"https:\/\/innoticiasbo.com\/?s={search_term_string}\"},\"query-input\":{\"@type\":\"PropertyValueSpecification\",\"valueRequired\":true,\"valueName\":\"search_term_string\"}}],\"inLanguage\":\"es\"},{\"@type\":\"Organization\",\"@id\":\"https:\/\/innoticiasbo.com\/#organization\",\"name\":\"innoticiasbo.com\",\"url\":\"https:\/\/innoticiasbo.com\/\",\"logo\":{\"@type\":\"ImageObject\",\"inLanguage\":\"es\",\"@id\":\"https:\/\/innoticiasbo.com\/#\/schema\/logo\/image\/\",\"url\":\"https:\/\/i0.wp.com\/innoticiasbo.com\/wp-content\/uploads\/2026\/04\/cropped-IN-LOGO.png?fit=1476%2C1476&ssl=1\",\"contentUrl\":\"https:\/\/i0.wp.com\/innoticiasbo.com\/wp-content\/uploads\/2026\/04\/cropped-IN-LOGO.png?fit=1476%2C1476&ssl=1\",\"width\":1476,\"height\":1476,\"caption\":\"innoticiasbo.com\"},\"image\":{\"@id\":\"https:\/\/innoticiasbo.com\/#\/schema\/logo\/image\/\"},\"sameAs\":[\"https:\/\/www.facebook.com\/innoticiasbolivia\",\"https:\/\/x.com\/innoticiasbo\",\"https:\/\/www.instagram.com\/innoticiasbo\",\"https:\/\/www.youtube.com\/innoticiasbo\"]},{\"@type\":\"Person\",\"@id\":\"https:\/\/innoticiasbo.com\/#\/schema\/person\/9af0c49836719fb5d47b55cc879140ce\",\"name\":\"Jason Gonzales\",\"image\":{\"@type\":\"ImageObject\",\"inLanguage\":\"es\",\"@id\":\"https:\/\/innoticiasbo.com\/#\/schema\/person\/image\/\",\"url\":\"https:\/\/secure.gravatar.com\/avatar\/ff64cacc93e8658997d62d298b4dff23?s=96&d=mm&r=g\",\"contentUrl\":\"https:\/\/secure.gravatar.com\/avatar\/ff64cacc93e8658997d62d298b4dff23?s=96&d=mm&r=g\",\"caption\":\"Jason Gonzales\"},\"sameAs\":[\"http:\/\/www.innoticiasbo.com\"],\"url\":\"https:\/\/innoticiasbo.com\/index.php\/author\/prensa-8\/\"}]}<\/script>\n<!-- \/ Yoast SEO plugin. -->","yoast_head_json":{"title":"DETIENEN A 11 ASI\u00c1TICOS EN UNA OPERACI\u00d3N CONTRA LA MINER\u00cdA ILEGAL EN BOLIVIA - innoticiasbo.com","robots":{"index":"index","follow":"follow","max-snippet":"max-snippet:-1","max-image-preview":"max-image-preview:large","max-video-preview":"max-video-preview:-1"},"canonical":"https:\/\/innoticiasbo.com\/index.php\/2026\/09\/03\/detienen-a-11-asiaticos-en-una-operacion-contra-la-mineria-ilegal-en-bolivia\/","og_locale":"es_ES","og_type":"article","og_title":"DETIENEN A 11 ASI\u00c1TICOS EN UNA OPERACI\u00d3N CONTRA LA MINER\u00cdA ILEGAL EN BOLIVIA - innoticiasbo.com","og_description":"La Paz, 3 de septiembre.- La unidad policial contra delitos ambientales de Bolivia y el ente regulador de la miner\u00eda realizaron este mi\u00e9rcoles una operaci\u00f3n contra la actividad minera ilegal en una localidad rural en el departamento de La Paz en la que fueron aprehendidas 18 personas, incluidos 11 asi\u00e1ticos, presumiblemente chinos. El operativo se...","og_url":"https:\/\/innoticiasbo.com\/index.php\/2026\/09\/03\/detienen-a-11-asiaticos-en-una-operacion-contra-la-mineria-ilegal-en-bolivia\/","og_site_name":"innoticiasbo.com","article_publisher":"https:\/\/www.facebook.com\/innoticiasbolivia","article_published_time":"2026-09-03T13:21:26+00:00","article_modified_time":"2026-09-03T13:24:28+00:00","og_image":[{"width":995,"height":560,"url":"https:\/\/i0.wp.com\/innoticiasbo.com\/wp-content\/uploads\/2026\/09\/image_editor_output_image2021389773-1788441833295.jpg?fit=995%2C560&ssl=1","type":"image\/jpeg"}],"author":"Jason Gonzales","twitter_card":"summary_large_image","twitter_creator":"@innoticiasbo","twitter_site":"@innoticiasbo","twitter_misc":{"Escrito por":"Jason Gonzales","Tiempo de lectura":"3 minutos"},"schema":{"@context":"https:\/\/schema.org","@graph":[{"@type":"Article","@id":"https:\/\/innoticiasbo.com\/index.php\/2026\/09\/03\/detienen-a-11-asiaticos-en-una-operacion-contra-la-mineria-ilegal-en-bolivia\/#article","isPartOf":{"@id":"https:\/\/innoticiasbo.com\/index.php\/2026\/09\/03\/detienen-a-11-asiaticos-en-una-operacion-contra-la-mineria-ilegal-en-bolivia\/"},"author":{"name":"Jason Gonzales","@id":"https:\/\/innoticiasbo.com\/#\/schema\/person\/9af0c49836719fb5d47b55cc879140ce"},"headline":"DETIENEN A 11 ASI\u00c1TICOS EN UNA OPERACI\u00d3N CONTRA LA MINER\u00cdA ILEGAL EN BOLIVIA","datePublished":"2026-09-03T13:21:26+00:00","dateModified":"2026-09-03T13:24:28+00:00","mainEntityOfPage":{"@id":"https:\/\/innoticiasbo.com\/index.php\/2026\/09\/03\/detienen-a-11-asiaticos-en-una-operacion-contra-la-mineria-ilegal-en-bolivia\/"},"wordCount":537,"commentCount":0,"publisher":{"@id":"https:\/\/innoticiasbo.com\/#organization"},"image":{"@id":"https:\/\/innoticiasbo.com\/index.php\/2026\/09\/03\/detienen-a-11-asiaticos-en-una-operacion-contra-la-mineria-ilegal-en-bolivia\/#primaryimage"},"thumbnailUrl":"https:\/\/i0.wp.com\/innoticiasbo.com\/wp-content\/uploads\/2026\/09\/image_editor_output_image2021389773-1788441833295.jpg?fit=995%2C560&ssl=1","keywords":["Asi\u00e1ticos","Bolivia","Detenci\u00f3n","La Paz","miner\u00eda ilegal","operativo"],"articleSection":["Bolivia"],"inLanguage":"es","potentialAction":[{"@type":"CommentAction","name":"Comment","target":["https:\/\/innoticiasbo.com\/index.php\/2026\/09\/03\/detienen-a-11-asiaticos-en-una-operacion-contra-la-mineria-ilegal-en-bolivia\/#respond"]}]},{"@type":"WebPage","@id":"https:\/\/innoticiasbo.com\/index.php\/2026\/09\/03\/detienen-a-11-asiaticos-en-una-operacion-contra-la-mineria-ilegal-en-bolivia\/","url":"https:\/\/innoticiasbo.com\/index.php\/2026\/09\/03\/detienen-a-11-asiaticos-en-una-operacion-contra-la-mineria-ilegal-en-bolivia\/","name":"DETIENEN A 11 ASI\u00c1TICOS EN UNA OPERACI\u00d3N CONTRA LA MINER\u00cdA ILEGAL EN BOLIVIA - innoticiasbo.com","isPartOf":{"@id":"https:\/\/innoticiasbo.com\/#website"},"primaryImageOfPage":{"@id":"https:\/\/innoticiasbo.com\/index.php\/2026\/09\/03\/detienen-a-11-asiaticos-en-una-operacion-contra-la-mineria-ilegal-en-bolivia\/#primaryimage"},"image":{"@id":"https:\/\/innoticiasbo.com\/index.php\/2026\/09\/03\/detienen-a-11-asiaticos-en-una-operacion-contra-la-mineria-ilegal-en-bolivia\/#primaryimage"},"thumbnailUrl":"https:\/\/i0.wp.com\/innoticiasbo.com\/wp-content\/uploads\/2026\/09\/image_editor_output_image2021389773-1788441833295.jpg?fit=995%2C560&ssl=1","datePublished":"2026-09-03T13:21:26+00:00","dateModified":"2026-09-03T13:24:28+00:00","breadcrumb":{"@id":"https:\/\/innoticiasbo.com\/index.php\/2026\/09\/03\/detienen-a-11-asiaticos-en-una-operacion-contra-la-mineria-ilegal-en-bolivia\/#breadcrumb"},"inLanguage":"es","potentialAction":[{"@type":"ReadAction","target":["https:\/\/innoticiasbo.com\/index.php\/2026\/09\/03\/detienen-a-11-asiaticos-en-una-operacion-contra-la-mineria-ilegal-en-bolivia\/"]}]},{"@type":"ImageObject","inLanguage":"es","@id":"https:\/\/innoticiasbo.com\/index.php\/2026\/09\/03\/detienen-a-11-asiaticos-en-una-operacion-contra-la-mineria-ilegal-en-bolivia\/#primaryimage","url":"https:\/\/i0.wp.com\/innoticiasbo.com\/wp-content\/uploads\/2026\/09\/image_editor_output_image2021389773-1788441833295.jpg?fit=995%2C560&ssl=1","contentUrl":"https:\/\/i0.wp.com\/innoticiasbo.com\/wp-content\/uploads\/2026\/09\/image_editor_output_image2021389773-1788441833295.jpg?fit=995%2C560&ssl=1","width":995,"height":560},{"@type":"BreadcrumbList","@id":"https:\/\/innoticiasbo.com\/index.php\/2026\/09\/03\/detienen-a-11-asiaticos-en-una-operacion-contra-la-mineria-ilegal-en-bolivia\/#breadcrumb","itemListElement":[{"@type":"ListItem","position":1,"name":"Portada","item":"https:\/\/innoticiasbo.com\/"},{"@type":"ListItem","position":2,"name":"DETIENEN A 11 ASI\u00c1TICOS EN UNA OPERACI\u00d3N CONTRA LA MINER\u00cdA ILEGAL EN BOLIVIA"}]},{"@type":"WebSite","@id":"https:\/\/innoticiasbo.com\/#website","url":"https:\/\/innoticiasbo.com\/","name":"innoticiasbo.com","description":"","publisher":{"@id":"https:\/\/innoticiasbo.com\/#organization"},"potentialAction":[{"@type":"SearchAction","target":{"@type":"EntryPoint","urlTemplate":"https:\/\/innoticiasbo.com\/?s={search_term_string}"},"query-input":{"@type":"PropertyValueSpecification","valueRequired":true,"valueName":"search_term_string"}}],"inLanguage":"es"},{"@type":"Organization","@id":"https:\/\/innoticiasbo.com\/#organization","name":"innoticiasbo.com","url":"https:\/\/innoticiasbo.com\/","logo":{"@type":"ImageObject","inLanguage":"es","@id":"https:\/\/innoticiasbo.com\/#\/schema\/logo\/image\/","url":"https:\/\/i0.wp.com\/innoticiasbo.com\/wp-content\/uploads\/2026\/04\/cropped-IN-LOGO.png?fit=1476%2C1476&ssl=1","contentUrl":"https:\/\/i0.wp.com\/innoticiasbo.com\/wp-content\/uploads\/2026\/04\/cropped-IN-LOGO.png?fit=1476%2C1476&ssl=1","width":1476,"height":1476,"caption":"innoticiasbo.com"},"image":{"@id":"https:\/\/innoticiasbo.com\/#\/schema\/logo\/image\/"},"sameAs":["https:\/\/www.facebook.com\/innoticiasbolivia","https:\/\/x.com\/innoticiasbo","https:\/\/www.instagram.com\/innoticiasbo","https:\/\/www.youtube.com\/innoticiasbo"]},{"@type":"Person","@id":"https:\/\/innoticiasbo.com\/#\/schema\/person\/9af0c49836719fb5d47b55cc879140ce","name":"Jason Gonzales","image":{"@type":"ImageObject","inLanguage":"es","@id":"https:\/\/innoticiasbo.com\/#\/schema\/person\/image\/","url":"https:\/\/secure.gravatar.com\/avatar\/ff64cacc93e8658997d62d298b4dff23?s=96&d=mm&r=g","contentUrl":"https:\/\/secure.gravatar.com\/avatar\/ff64cacc93e8658997d62d298b4dff23?s=96&d=mm&r=g","caption":"Jason Gonzales"},"sameAs":["http:\/\/www.innoticiasbo.com"],"url":"https:\/\/innoticiasbo.com\/index.php\/author\/prensa-8\/"}]}},"jetpack_featured_media_url":"https:\/\/i0.wp.com\/innoticiasbo.com\/wp-content\/uploads\/2026\/09\/image_editor_output_image2021389773-1788441833295.jpg?fit=995%2C560&ssl=1","jetpack_likes_enabled":true,"jetpack_sharing_enabled":true,"jetpack_shortlink":"https:\/\/wp.me\/pg298x-42n","_links":{"self":[{"href":"https:\/\/innoticiasbo.com\/index.php\/wp-json\/wp\/v2\/posts\/15523","targetHints":{"allow":["GET"]}}],"collection":[{"href":"https:\/\/innoticiasbo.com\/index.php\/wp-json\/wp\/v2\/posts"}],"about":[{"href":"https:\/\/innoticiasbo.com\/index.php\/wp-json\/wp\/v2\/types\/post"}],"author":[{"embeddable":true,"href":"https:\/\/innoticiasbo.com\/index.php\/wp-json\/wp\/v2\/users\/12"}],"replies":[{"embeddable":true,"href":"https:\/\/innoticiasbo.com\/index.php\/wp-json\/wp\/v2\/comments?post=15523"}],"version-history":[{"count":1,"href":"https:\/\/innoticiasbo.com\/index.php\/wp-json\/wp\/v2\/posts\/15523\/revisions"}],"predecessor-version":[{"id":15524,"href":"https:\/\/innoticiasbo.com\/index.php\/wp-json\/wp\/v2\/posts\/15523\/revisions\/15524"}],"wp:featuredmedia":[{"embeddable":true,"href":"https:\/\/innoticiasbo.com\/index.php\/wp-json\/wp\/v2\/media\/15522"}],"wp:attachment":[{"href":"https:\/\/innoticiasbo.com\/index.php\/wp-json\/wp\/v2\/media?parent=15523"}],"wp:term":[{"taxonomy":"category","embeddable":true,"href":"https:\/\/innoticiasbo.com\/index.php\/wp-json\/wp\/v2\/categories?post=15523"},{"taxonomy":"post_tag","embeddable":true,"href":"https:\/\/innoticiasbo.com\/index.php\/wp-json\/wp\/v2\/tags?post=15523"}],"curies":[{"name":"wp","href":"https:\/\/api.w.org\/{rel}","templated":true}]}}