{"id":15519,"date":"2026-09-03T09:17:20","date_gmt":"2026-09-03T13:17:20","guid":{"rendered":"https:\/\/innoticiasbo.com\/?p=15519"},"modified":"2026-09-03T09:18:59","modified_gmt":"2026-09-03T13:18:59","slug":"productores-de-coca-toman-el-reten-policial-en-el-tropico-de-cochabamba","status":"publish","type":"post","link":"https:\/\/innoticiasbo.com\/index.php\/2026\/09\/03\/productores-de-coca-toman-el-reten-policial-en-el-tropico-de-cochabamba\/","title":{"rendered":"PRODUCTORES DE COCA TOMAN EL RET\u00c9N POLICIAL EN EL TR\u00d3PICO DE COCHABAMBA"},"content":{"rendered":"\n<figure class=\"wp-block-image size-large\"><img data-recalc-dims=\"1\" loading=\"lazy\" decoding=\"async\" width=\"640\" height=\"358\" src=\"https:\/\/i0.wp.com\/innoticiasbo.com\/wp-content\/uploads\/2026\/09\/image_editor_output_image-1259017385-17884413606993606905549061769063.jpg?resize=640%2C358&#038;ssl=1\" alt=\"\" class=\"wp-image-15517\" srcset=\"https:\/\/i0.wp.com\/innoticiasbo.com\/wp-content\/uploads\/2026\/09\/image_editor_output_image-1259017385-17884413606993606905549061769063.jpg?w=996&amp;ssl=1 996w, https:\/\/i0.wp.com\/innoticiasbo.com\/wp-content\/uploads\/2026\/09\/image_editor_output_image-1259017385-17884413606993606905549061769063.jpg?resize=300%2C168&amp;ssl=1 300w, https:\/\/i0.wp.com\/innoticiasbo.com\/wp-content\/uploads\/2026\/09\/image_editor_output_image-1259017385-17884413606993606905549061769063.jpg?resize=768%2C429&amp;ssl=1 768w\" sizes=\"auto, (max-width: 640px) 100vw, 640px\" \/><\/figure>\n\n\n\n<p>Cochabamba, 3 de septiembre.- Los cocaleros denuncian presuntos abusos por parte de los agentes antidrogas. Protestan por la detenci\u00f3n de un cocalero.<\/p>\n\n\n\n<p>Por presuntos abusos de autoridad por parte de los agentes antidrogas, cocaleros del Tr\u00f3pico de Cochabamba tomaron el ret\u00e9n policial en la zona de El Castillo, en Villa Tunari. Los movilizados realizaron la toma de este punto de cobro de peaje y tras entablar di\u00e1logo con los efectivos de turno, pidieron replegarse del sector.<br><br>Los cocaleros se apostaron en el lugar a la espera de la llegada del jefe policial antidroga, a quien plantean expresar su molestia, principalmente por la detenci\u00f3n de uno de sus afiliados tras ser encontrado con cal. <\/p>\n\n\n\n<p>Los productores de coca de las seis federaciones del Tr\u00f3pico de Cochabamba, tomaron el puesto de control la noche del mi\u00e9rcoles. Reclaman que, incluso, los piscicultores utilizan cal, producto que aseguran que es de uso agr\u00edcola para desinfectar las piscinas de tambaqu\u00ed y para regular el PH del suelo.<br><br>Recalcan que la venta de cal es libre y sin restricciones, por lo que denuncian presunto abuso de poder de los agentes de Umopar, quienes retuvieron un veh\u00edculo y detuvieron al conductor.<br><br>Los movilizados se\u00f1ala que no piden que cesen los controles, pero que los efectivos que realizan las requisa no cometan presuntos abusos de autoridad.<\/p>\n\n\n\n<p>Fuente: El Deber <\/p>\n","protected":false},"excerpt":{"rendered":"<p>Cochabamba, 3 de septiembre.- Los cocaleros denuncian presuntos abusos por parte de los agentes antidrogas. Protestan por la detenci\u00f3n de un cocalero. Por presuntos abusos de autoridad por parte de los agentes antidrogas, cocaleros del Tr\u00f3pico de Cochabamba tomaron el ret\u00e9n policial en la zona de El Castillo, en Villa Tunari. Los movilizados realizaron la&#8230;<\/p>\n","protected":false},"author":12,"featured_media":15518,"comment_status":"open","ping_status":"open","sticky":false,"template":"","format":"standard","meta":{"_jetpack_memberships_contains_paid_content":false,"footnotes":"","jetpack_publicize_message":"","jetpack_publicize_feature_enabled":true,"jetpack_social_post_already_shared":true,"jetpack_social_options":{"image_generator_settings":{"template":"highway","enabled":false},"version":2}},"categories":[1,15],"tags":[4031,4032,6,4030,4033,406],"class_list":["post-15519","post","type-post","status-publish","format-standard","has-post-thumbnail","hentry","category-bolivia","category-seguridad","tag-abusos","tag-antidrogas","tag-cochabamba","tag-productores-de-coca","tag-reten-policial","tag-tropico"],"jetpack_publicize_connections":[],"yoast_head":"<!-- This site is optimized with the Yoast SEO plugin v23.4 - https:\/\/yoast.com\/wordpress\/plugins\/seo\/ -->\n<title>PRODUCTORES DE COCA TOMAN EL RET\u00c9N POLICIAL EN EL TR\u00d3PICO DE COCHABAMBA - innoticiasbo.com<\/title>\n<meta name=\"robots\" content=\"index, follow, max-snippet:-1, max-image-preview:large, max-video-preview:-1\" \/>\n<link rel=\"canonical\" href=\"https:\/\/innoticiasbo.com\/index.php\/2026\/09\/03\/productores-de-coca-toman-el-reten-policial-en-el-tropico-de-cochabamba\/\" \/>\n<meta property=\"og:locale\" content=\"es_ES\" \/>\n<meta property=\"og:type\" content=\"article\" \/>\n<meta property=\"og:title\" content=\"PRODUCTORES DE COCA TOMAN EL RET\u00c9N POLICIAL EN EL TR\u00d3PICO DE COCHABAMBA - innoticiasbo.com\" \/>\n<meta property=\"og:description\" content=\"Cochabamba, 3 de septiembre.- Los cocaleros denuncian presuntos abusos por parte de los agentes antidrogas. Protestan por la detenci\u00f3n de un cocalero. Por presuntos abusos de autoridad por parte de los agentes antidrogas, cocaleros del Tr\u00f3pico de Cochabamba tomaron el ret\u00e9n policial en la zona de El Castillo, en Villa Tunari. Los movilizados realizaron la...\" \/>\n<meta property=\"og:url\" content=\"https:\/\/innoticiasbo.com\/index.php\/2026\/09\/03\/productores-de-coca-toman-el-reten-policial-en-el-tropico-de-cochabamba\/\" \/>\n<meta property=\"og:site_name\" content=\"innoticiasbo.com\" \/>\n<meta property=\"article:publisher\" content=\"https:\/\/www.facebook.com\/innoticiasbolivia\" \/>\n<meta property=\"article:published_time\" content=\"2026-09-03T13:17:20+00:00\" \/>\n<meta property=\"article:modified_time\" content=\"2026-09-03T13:18:59+00:00\" \/>\n<meta property=\"og:image\" content=\"https:\/\/i0.wp.com\/innoticiasbo.com\/wp-content\/uploads\/2026\/09\/image_editor_output_image-1259017385-1788441505318.jpg?fit=996%2C557&ssl=1\" \/>\n\t<meta property=\"og:image:width\" content=\"996\" \/>\n\t<meta property=\"og:image:height\" content=\"557\" \/>\n\t<meta property=\"og:image:type\" content=\"image\/jpeg\" \/>\n<meta name=\"author\" content=\"Jason Gonzales\" \/>\n<meta name=\"twitter:card\" content=\"summary_large_image\" \/>\n<meta name=\"twitter:creator\" content=\"@innoticiasbo\" \/>\n<meta name=\"twitter:site\" content=\"@innoticiasbo\" \/>\n<meta name=\"twitter:label1\" content=\"Escrito por\" \/>\n\t<meta name=\"twitter:data1\" content=\"Jason Gonzales\" \/>\n\t<meta name=\"twitter:label2\" content=\"Tiempo de lectura\" \/>\n\t<meta name=\"twitter:data2\" content=\"1 minuto\" \/>\n<script type=\"application\/ld+json\" class=\"yoast-schema-graph\">{\"@context\":\"https:\/\/schema.org\",\"@graph\":[{\"@type\":\"Article\",\"@id\":\"https:\/\/innoticiasbo.com\/index.php\/2026\/09\/03\/productores-de-coca-toman-el-reten-policial-en-el-tropico-de-cochabamba\/#article\",\"isPartOf\":{\"@id\":\"https:\/\/innoticiasbo.com\/index.php\/2026\/09\/03\/productores-de-coca-toman-el-reten-policial-en-el-tropico-de-cochabamba\/\"},\"author\":{\"name\":\"Jason Gonzales\",\"@id\":\"https:\/\/innoticiasbo.com\/#\/schema\/person\/9af0c49836719fb5d47b55cc879140ce\"},\"headline\":\"PRODUCTORES DE COCA TOMAN EL RET\u00c9N POLICIAL EN EL TR\u00d3PICO DE COCHABAMBA\",\"datePublished\":\"2026-09-03T13:17:20+00:00\",\"dateModified\":\"2026-09-03T13:18:59+00:00\",\"mainEntityOfPage\":{\"@id\":\"https:\/\/innoticiasbo.com\/index.php\/2026\/09\/03\/productores-de-coca-toman-el-reten-policial-en-el-tropico-de-cochabamba\/\"},\"wordCount\":245,\"commentCount\":0,\"publisher\":{\"@id\":\"https:\/\/innoticiasbo.com\/#organization\"},\"image\":{\"@id\":\"https:\/\/innoticiasbo.com\/index.php\/2026\/09\/03\/productores-de-coca-toman-el-reten-policial-en-el-tropico-de-cochabamba\/#primaryimage\"},\"thumbnailUrl\":\"https:\/\/i0.wp.com\/innoticiasbo.com\/wp-content\/uploads\/2026\/09\/image_editor_output_image-1259017385-1788441505318.jpg?fit=996%2C557&ssl=1\",\"keywords\":[\"Abusos\",\"Antidrogas\",\"Cochabamba\",\"Productores de coca\",\"Ret\u00e9n policial\",\"Tr\u00f3pico\"],\"articleSection\":[\"Bolivia\",\"Seguridad\"],\"inLanguage\":\"es\",\"potentialAction\":[{\"@type\":\"CommentAction\",\"name\":\"Comment\",\"target\":[\"https:\/\/innoticiasbo.com\/index.php\/2026\/09\/03\/productores-de-coca-toman-el-reten-policial-en-el-tropico-de-cochabamba\/#respond\"]}]},{\"@type\":\"WebPage\",\"@id\":\"https:\/\/innoticiasbo.com\/index.php\/2026\/09\/03\/productores-de-coca-toman-el-reten-policial-en-el-tropico-de-cochabamba\/\",\"url\":\"https:\/\/innoticiasbo.com\/index.php\/2026\/09\/03\/productores-de-coca-toman-el-reten-policial-en-el-tropico-de-cochabamba\/\",\"name\":\"PRODUCTORES DE COCA TOMAN EL RET\u00c9N POLICIAL EN EL TR\u00d3PICO DE COCHABAMBA - innoticiasbo.com\",\"isPartOf\":{\"@id\":\"https:\/\/innoticiasbo.com\/#website\"},\"primaryImageOfPage\":{\"@id\":\"https:\/\/innoticiasbo.com\/index.php\/2026\/09\/03\/productores-de-coca-toman-el-reten-policial-en-el-tropico-de-cochabamba\/#primaryimage\"},\"image\":{\"@id\":\"https:\/\/innoticiasbo.com\/index.php\/2026\/09\/03\/productores-de-coca-toman-el-reten-policial-en-el-tropico-de-cochabamba\/#primaryimage\"},\"thumbnailUrl\":\"https:\/\/i0.wp.com\/innoticiasbo.com\/wp-content\/uploads\/2026\/09\/image_editor_output_image-1259017385-1788441505318.jpg?fit=996%2C557&ssl=1\",\"datePublished\":\"2026-09-03T13:17:20+00:00\",\"dateModified\":\"2026-09-03T13:18:59+00:00\",\"breadcrumb\":{\"@id\":\"https:\/\/innoticiasbo.com\/index.php\/2026\/09\/03\/productores-de-coca-toman-el-reten-policial-en-el-tropico-de-cochabamba\/#breadcrumb\"},\"inLanguage\":\"es\",\"potentialAction\":[{\"@type\":\"ReadAction\",\"target\":[\"https:\/\/innoticiasbo.com\/index.php\/2026\/09\/03\/productores-de-coca-toman-el-reten-policial-en-el-tropico-de-cochabamba\/\"]}]},{\"@type\":\"ImageObject\",\"inLanguage\":\"es\",\"@id\":\"https:\/\/innoticiasbo.com\/index.php\/2026\/09\/03\/productores-de-coca-toman-el-reten-policial-en-el-tropico-de-cochabamba\/#primaryimage\",\"url\":\"https:\/\/i0.wp.com\/innoticiasbo.com\/wp-content\/uploads\/2026\/09\/image_editor_output_image-1259017385-1788441505318.jpg?fit=996%2C557&ssl=1\",\"contentUrl\":\"https:\/\/i0.wp.com\/innoticiasbo.com\/wp-content\/uploads\/2026\/09\/image_editor_output_image-1259017385-1788441505318.jpg?fit=996%2C557&ssl=1\",\"width\":996,\"height\":557},{\"@type\":\"BreadcrumbList\",\"@id\":\"https:\/\/innoticiasbo.com\/index.php\/2026\/09\/03\/productores-de-coca-toman-el-reten-policial-en-el-tropico-de-cochabamba\/#breadcrumb\",\"itemListElement\":[{\"@type\":\"ListItem\",\"position\":1,\"name\":\"Portada\",\"item\":\"https:\/\/innoticiasbo.com\/\"},{\"@type\":\"ListItem\",\"position\":2,\"name\":\"PRODUCTORES DE COCA TOMAN EL RET\u00c9N POLICIAL EN EL TR\u00d3PICO DE COCHABAMBA\"}]},{\"@type\":\"WebSite\",\"@id\":\"https:\/\/innoticiasbo.com\/#website\",\"url\":\"https:\/\/innoticiasbo.com\/\",\"name\":\"innoticiasbo.com\",\"description\":\"\",\"publisher\":{\"@id\":\"https:\/\/innoticiasbo.com\/#organization\"},\"potentialAction\":[{\"@type\":\"SearchAction\",\"target\":{\"@type\":\"EntryPoint\",\"urlTemplate\":\"https:\/\/innoticiasbo.com\/?s={search_term_string}\"},\"query-input\":{\"@type\":\"PropertyValueSpecification\",\"valueRequired\":true,\"valueName\":\"search_term_string\"}}],\"inLanguage\":\"es\"},{\"@type\":\"Organization\",\"@id\":\"https:\/\/innoticiasbo.com\/#organization\",\"name\":\"innoticiasbo.com\",\"url\":\"https:\/\/innoticiasbo.com\/\",\"logo\":{\"@type\":\"ImageObject\",\"inLanguage\":\"es\",\"@id\":\"https:\/\/innoticiasbo.com\/#\/schema\/logo\/image\/\",\"url\":\"https:\/\/i0.wp.com\/innoticiasbo.com\/wp-content\/uploads\/2026\/04\/cropped-IN-LOGO.png?fit=1476%2C1476&ssl=1\",\"contentUrl\":\"https:\/\/i0.wp.com\/innoticiasbo.com\/wp-content\/uploads\/2026\/04\/cropped-IN-LOGO.png?fit=1476%2C1476&ssl=1\",\"width\":1476,\"height\":1476,\"caption\":\"innoticiasbo.com\"},\"image\":{\"@id\":\"https:\/\/innoticiasbo.com\/#\/schema\/logo\/image\/\"},\"sameAs\":[\"https:\/\/www.facebook.com\/innoticiasbolivia\",\"https:\/\/x.com\/innoticiasbo\",\"https:\/\/www.instagram.com\/innoticiasbo\",\"https:\/\/www.youtube.com\/innoticiasbo\"]},{\"@type\":\"Person\",\"@id\":\"https:\/\/innoticiasbo.com\/#\/schema\/person\/9af0c49836719fb5d47b55cc879140ce\",\"name\":\"Jason Gonzales\",\"image\":{\"@type\":\"ImageObject\",\"inLanguage\":\"es\",\"@id\":\"https:\/\/innoticiasbo.com\/#\/schema\/person\/image\/\",\"url\":\"https:\/\/secure.gravatar.com\/avatar\/ff64cacc93e8658997d62d298b4dff23?s=96&d=mm&r=g\",\"contentUrl\":\"https:\/\/secure.gravatar.com\/avatar\/ff64cacc93e8658997d62d298b4dff23?s=96&d=mm&r=g\",\"caption\":\"Jason Gonzales\"},\"sameAs\":[\"http:\/\/www.innoticiasbo.com\"],\"url\":\"https:\/\/innoticiasbo.com\/index.php\/author\/prensa-8\/\"}]}<\/script>\n<!-- \/ Yoast SEO plugin. -->","yoast_head_json":{"title":"PRODUCTORES DE COCA TOMAN EL RET\u00c9N POLICIAL EN EL TR\u00d3PICO DE COCHABAMBA - innoticiasbo.com","robots":{"index":"index","follow":"follow","max-snippet":"max-snippet:-1","max-image-preview":"max-image-preview:large","max-video-preview":"max-video-preview:-1"},"canonical":"https:\/\/innoticiasbo.com\/index.php\/2026\/09\/03\/productores-de-coca-toman-el-reten-policial-en-el-tropico-de-cochabamba\/","og_locale":"es_ES","og_type":"article","og_title":"PRODUCTORES DE COCA TOMAN EL RET\u00c9N POLICIAL EN EL TR\u00d3PICO DE COCHABAMBA - innoticiasbo.com","og_description":"Cochabamba, 3 de septiembre.- Los cocaleros denuncian presuntos abusos por parte de los agentes antidrogas. Protestan por la detenci\u00f3n de un cocalero. Por presuntos abusos de autoridad por parte de los agentes antidrogas, cocaleros del Tr\u00f3pico de Cochabamba tomaron el ret\u00e9n policial en la zona de El Castillo, en Villa Tunari. Los movilizados realizaron la...","og_url":"https:\/\/innoticiasbo.com\/index.php\/2026\/09\/03\/productores-de-coca-toman-el-reten-policial-en-el-tropico-de-cochabamba\/","og_site_name":"innoticiasbo.com","article_publisher":"https:\/\/www.facebook.com\/innoticiasbolivia","article_published_time":"2026-09-03T13:17:20+00:00","article_modified_time":"2026-09-03T13:18:59+00:00","og_image":[{"width":996,"height":557,"url":"https:\/\/i0.wp.com\/innoticiasbo.com\/wp-content\/uploads\/2026\/09\/image_editor_output_image-1259017385-1788441505318.jpg?fit=996%2C557&ssl=1","type":"image\/jpeg"}],"author":"Jason Gonzales","twitter_card":"summary_large_image","twitter_creator":"@innoticiasbo","twitter_site":"@innoticiasbo","twitter_misc":{"Escrito por":"Jason Gonzales","Tiempo de lectura":"1 minuto"},"schema":{"@context":"https:\/\/schema.org","@graph":[{"@type":"Article","@id":"https:\/\/innoticiasbo.com\/index.php\/2026\/09\/03\/productores-de-coca-toman-el-reten-policial-en-el-tropico-de-cochabamba\/#article","isPartOf":{"@id":"https:\/\/innoticiasbo.com\/index.php\/2026\/09\/03\/productores-de-coca-toman-el-reten-policial-en-el-tropico-de-cochabamba\/"},"author":{"name":"Jason Gonzales","@id":"https:\/\/innoticiasbo.com\/#\/schema\/person\/9af0c49836719fb5d47b55cc879140ce"},"headline":"PRODUCTORES DE COCA TOMAN EL RET\u00c9N POLICIAL EN EL TR\u00d3PICO DE COCHABAMBA","datePublished":"2026-09-03T13:17:20+00:00","dateModified":"2026-09-03T13:18:59+00:00","mainEntityOfPage":{"@id":"https:\/\/innoticiasbo.com\/index.php\/2026\/09\/03\/productores-de-coca-toman-el-reten-policial-en-el-tropico-de-cochabamba\/"},"wordCount":245,"commentCount":0,"publisher":{"@id":"https:\/\/innoticiasbo.com\/#organization"},"image":{"@id":"https:\/\/innoticiasbo.com\/index.php\/2026\/09\/03\/productores-de-coca-toman-el-reten-policial-en-el-tropico-de-cochabamba\/#primaryimage"},"thumbnailUrl":"https:\/\/i0.wp.com\/innoticiasbo.com\/wp-content\/uploads\/2026\/09\/image_editor_output_image-1259017385-1788441505318.jpg?fit=996%2C557&ssl=1","keywords":["Abusos","Antidrogas","Cochabamba","Productores de coca","Ret\u00e9n policial","Tr\u00f3pico"],"articleSection":["Bolivia","Seguridad"],"inLanguage":"es","potentialAction":[{"@type":"CommentAction","name":"Comment","target":["https:\/\/innoticiasbo.com\/index.php\/2026\/09\/03\/productores-de-coca-toman-el-reten-policial-en-el-tropico-de-cochabamba\/#respond"]}]},{"@type":"WebPage","@id":"https:\/\/innoticiasbo.com\/index.php\/2026\/09\/03\/productores-de-coca-toman-el-reten-policial-en-el-tropico-de-cochabamba\/","url":"https:\/\/innoticiasbo.com\/index.php\/2026\/09\/03\/productores-de-coca-toman-el-reten-policial-en-el-tropico-de-cochabamba\/","name":"PRODUCTORES DE COCA TOMAN EL RET\u00c9N POLICIAL EN EL TR\u00d3PICO DE COCHABAMBA - innoticiasbo.com","isPartOf":{"@id":"https:\/\/innoticiasbo.com\/#website"},"primaryImageOfPage":{"@id":"https:\/\/innoticiasbo.com\/index.php\/2026\/09\/03\/productores-de-coca-toman-el-reten-policial-en-el-tropico-de-cochabamba\/#primaryimage"},"image":{"@id":"https:\/\/innoticiasbo.com\/index.php\/2026\/09\/03\/productores-de-coca-toman-el-reten-policial-en-el-tropico-de-cochabamba\/#primaryimage"},"thumbnailUrl":"https:\/\/i0.wp.com\/innoticiasbo.com\/wp-content\/uploads\/2026\/09\/image_editor_output_image-1259017385-1788441505318.jpg?fit=996%2C557&ssl=1","datePublished":"2026-09-03T13:17:20+00:00","dateModified":"2026-09-03T13:18:59+00:00","breadcrumb":{"@id":"https:\/\/innoticiasbo.com\/index.php\/2026\/09\/03\/productores-de-coca-toman-el-reten-policial-en-el-tropico-de-cochabamba\/#breadcrumb"},"inLanguage":"es","potentialAction":[{"@type":"ReadAction","target":["https:\/\/innoticiasbo.com\/index.php\/2026\/09\/03\/productores-de-coca-toman-el-reten-policial-en-el-tropico-de-cochabamba\/"]}]},{"@type":"ImageObject","inLanguage":"es","@id":"https:\/\/innoticiasbo.com\/index.php\/2026\/09\/03\/productores-de-coca-toman-el-reten-policial-en-el-tropico-de-cochabamba\/#primaryimage","url":"https:\/\/i0.wp.com\/innoticiasbo.com\/wp-content\/uploads\/2026\/09\/image_editor_output_image-1259017385-1788441505318.jpg?fit=996%2C557&ssl=1","contentUrl":"https:\/\/i0.wp.com\/innoticiasbo.com\/wp-content\/uploads\/2026\/09\/image_editor_output_image-1259017385-1788441505318.jpg?fit=996%2C557&ssl=1","width":996,"height":557},{"@type":"BreadcrumbList","@id":"https:\/\/innoticiasbo.com\/index.php\/2026\/09\/03\/productores-de-coca-toman-el-reten-policial-en-el-tropico-de-cochabamba\/#breadcrumb","itemListElement":[{"@type":"ListItem","position":1,"name":"Portada","item":"https:\/\/innoticiasbo.com\/"},{"@type":"ListItem","position":2,"name":"PRODUCTORES DE COCA TOMAN EL RET\u00c9N POLICIAL EN EL TR\u00d3PICO DE COCHABAMBA"}]},{"@type":"WebSite","@id":"https:\/\/innoticiasbo.com\/#website","url":"https:\/\/innoticiasbo.com\/","name":"innoticiasbo.com","description":"","publisher":{"@id":"https:\/\/innoticiasbo.com\/#organization"},"potentialAction":[{"@type":"SearchAction","target":{"@type":"EntryPoint","urlTemplate":"https:\/\/innoticiasbo.com\/?s={search_term_string}"},"query-input":{"@type":"PropertyValueSpecification","valueRequired":true,"valueName":"search_term_string"}}],"inLanguage":"es"},{"@type":"Organization","@id":"https:\/\/innoticiasbo.com\/#organization","name":"innoticiasbo.com","url":"https:\/\/innoticiasbo.com\/","logo":{"@type":"ImageObject","inLanguage":"es","@id":"https:\/\/innoticiasbo.com\/#\/schema\/logo\/image\/","url":"https:\/\/i0.wp.com\/innoticiasbo.com\/wp-content\/uploads\/2026\/04\/cropped-IN-LOGO.png?fit=1476%2C1476&ssl=1","contentUrl":"https:\/\/i0.wp.com\/innoticiasbo.com\/wp-content\/uploads\/2026\/04\/cropped-IN-LOGO.png?fit=1476%2C1476&ssl=1","width":1476,"height":1476,"caption":"innoticiasbo.com"},"image":{"@id":"https:\/\/innoticiasbo.com\/#\/schema\/logo\/image\/"},"sameAs":["https:\/\/www.facebook.com\/innoticiasbolivia","https:\/\/x.com\/innoticiasbo","https:\/\/www.instagram.com\/innoticiasbo","https:\/\/www.youtube.com\/innoticiasbo"]},{"@type":"Person","@id":"https:\/\/innoticiasbo.com\/#\/schema\/person\/9af0c49836719fb5d47b55cc879140ce","name":"Jason Gonzales","image":{"@type":"ImageObject","inLanguage":"es","@id":"https:\/\/innoticiasbo.com\/#\/schema\/person\/image\/","url":"https:\/\/secure.gravatar.com\/avatar\/ff64cacc93e8658997d62d298b4dff23?s=96&d=mm&r=g","contentUrl":"https:\/\/secure.gravatar.com\/avatar\/ff64cacc93e8658997d62d298b4dff23?s=96&d=mm&r=g","caption":"Jason Gonzales"},"sameAs":["http:\/\/www.innoticiasbo.com"],"url":"https:\/\/innoticiasbo.com\/index.php\/author\/prensa-8\/"}]}},"jetpack_featured_media_url":"https:\/\/i0.wp.com\/innoticiasbo.com\/wp-content\/uploads\/2026\/09\/image_editor_output_image-1259017385-1788441505318.jpg?fit=996%2C557&ssl=1","jetpack_likes_enabled":true,"jetpack_sharing_enabled":true,"jetpack_shortlink":"https:\/\/wp.me\/pg298x-42j","_links":{"self":[{"href":"https:\/\/innoticiasbo.com\/index.php\/wp-json\/wp\/v2\/posts\/15519","targetHints":{"allow":["GET"]}}],"collection":[{"href":"https:\/\/innoticiasbo.com\/index.php\/wp-json\/wp\/v2\/posts"}],"about":[{"href":"https:\/\/innoticiasbo.com\/index.php\/wp-json\/wp\/v2\/types\/post"}],"author":[{"embeddable":true,"href":"https:\/\/innoticiasbo.com\/index.php\/wp-json\/wp\/v2\/users\/12"}],"replies":[{"embeddable":true,"href":"https:\/\/innoticiasbo.com\/index.php\/wp-json\/wp\/v2\/comments?post=15519"}],"version-history":[{"count":1,"href":"https:\/\/innoticiasbo.com\/index.php\/wp-json\/wp\/v2\/posts\/15519\/revisions"}],"predecessor-version":[{"id":15520,"href":"https:\/\/innoticiasbo.com\/index.php\/wp-json\/wp\/v2\/posts\/15519\/revisions\/15520"}],"wp:featuredmedia":[{"embeddable":true,"href":"https:\/\/innoticiasbo.com\/index.php\/wp-json\/wp\/v2\/media\/15518"}],"wp:attachment":[{"href":"https:\/\/innoticiasbo.com\/index.php\/wp-json\/wp\/v2\/media?parent=15519"}],"wp:term":[{"taxonomy":"category","embeddable":true,"href":"https:\/\/innoticiasbo.com\/index.php\/wp-json\/wp\/v2\/categories?post=15519"},{"taxonomy":"post_tag","embeddable":true,"href":"https:\/\/innoticiasbo.com\/index.php\/wp-json\/wp\/v2\/tags?post=15519"}],"curies":[{"name":"wp","href":"https:\/\/api.w.org\/{rel}","templated":true}]}}