{"id":15507,"date":"2026-09-02T10:16:43","date_gmt":"2026-09-02T14:16:43","guid":{"rendered":"https:\/\/innoticiasbo.com\/?p=15507"},"modified":"2026-09-02T10:18:08","modified_gmt":"2026-09-02T14:18:08","slug":"un-coronel-es-el-comandante-de-la-policia-pero-la-cpe-obliga-a-que-el-maximo-jefe-sea-general","status":"publish","type":"post","link":"https:\/\/innoticiasbo.com\/index.php\/2026\/09\/02\/un-coronel-es-el-comandante-de-la-policia-pero-la-cpe-obliga-a-que-el-maximo-jefe-sea-general\/","title":{"rendered":"UN CORONEL ES EL COMANDANTE DE LA POLIC\u00cdA, PERO LA CPE OBLIGA A QUE EL M\u00c1XIMO JEFE SEA GENERAL"},"content":{"rendered":"\n<figure class=\"wp-block-image size-large\"><img data-recalc-dims=\"1\" loading=\"lazy\" decoding=\"async\" width=\"640\" height=\"402\" src=\"https:\/\/i0.wp.com\/innoticiasbo.com\/wp-content\/uploads\/2026\/09\/image_editor_output_image541753870-17883585503977156044983309226481.jpg?resize=640%2C402&#038;ssl=1\" alt=\"\" class=\"wp-image-15505\" srcset=\"https:\/\/i0.wp.com\/innoticiasbo.com\/wp-content\/uploads\/2026\/09\/image_editor_output_image541753870-17883585503977156044983309226481.jpg?resize=1024%2C643&amp;ssl=1 1024w, https:\/\/i0.wp.com\/innoticiasbo.com\/wp-content\/uploads\/2026\/09\/image_editor_output_image541753870-17883585503977156044983309226481.jpg?resize=300%2C189&amp;ssl=1 300w, https:\/\/i0.wp.com\/innoticiasbo.com\/wp-content\/uploads\/2026\/09\/image_editor_output_image541753870-17883585503977156044983309226481.jpg?resize=768%2C483&amp;ssl=1 768w, https:\/\/i0.wp.com\/innoticiasbo.com\/wp-content\/uploads\/2026\/09\/image_editor_output_image541753870-17883585503977156044983309226481.jpg?resize=150%2C95&amp;ssl=1 150w, https:\/\/i0.wp.com\/innoticiasbo.com\/wp-content\/uploads\/2026\/09\/image_editor_output_image541753870-17883585503977156044983309226481.jpg?resize=400%2C250&amp;ssl=1 400w, https:\/\/i0.wp.com\/innoticiasbo.com\/wp-content\/uploads\/2026\/09\/image_editor_output_image541753870-17883585503977156044983309226481.jpg?w=1028&amp;ssl=1 1028w\" sizes=\"auto, (max-width: 640px) 100vw, 640px\" \/><\/figure>\n\n\n\n<p>2 de septiembre.- El 31 de agosto de 2026, el Presidente Rodrigo Paz Pereira emiti\u00f3\u00a0 el\u00a0 Decreto\u00a0 Presidencial\u00a0 N\u00b0\u00a0 5685,\u00a0 publicado\u00a0 en\u00a0 la Gaceta\u00a0 Oficial\u00a0 de\u00a0 Bolivia,\u00a0 mediante\u00a0 el\u00a0 cual\u00a0 design\u00f3\u00a0 al Coronel Adrian Javier Alvarez Arismendi como Comandante General de la Polic\u00eda Boliviana a.i., al Coronel Roger Roca Saavedra como Subcomandante General y Jefe de Estado Mayor a.i. y al Coronel Frans William Cabrera Quispe como Inspector\u00a0 General\u00a0 a.i.\u00a0 El\u00a0 Decreto\u00a0 fue\u00a0 firmado conjuntamente por los Ministros Fernando Hugo Aramayo Carrasco y Marco Antonio Oviedo Huerta. Sin embargo, la Carta Magna oblilga a que el designado tenga grado de general.<br><br>El\u00a0 art\u00edculo\u00a0 253\u00a0 de\u00a0 la\u00a0 Constituci\u00f3n\u00a0 Pol\u00edtica\u00a0 del\u00a0 Estado establece de forma textual: \u00abPara ser designada o designado Comandante General de la Polic\u00eda\u00a0 Boliviana\u00a0 ser\u00e1\u00a0 indispensable\u00a0 ser\u00a0 boliviana\u00a0 o\u00a0 boliviano\u00a0 por\u00a0 nacimiento,\u00a0 General\u00a0 de\u00a0 la\u00a0 instituci\u00f3n,\u00a0 y\u00a0 reunir\u00a0 los\u00a0 requisitos\u00a0 que\u00a0 se\u00f1ala la ley.\u00bb, dijeron fuentes consultadas<\/p>\n\n\n\n<p>Este dato surge en el contexto de que la posesi\u00f3n del nuevo cmandante de la Polilc\u00eda, tras la renuncia de Mirko Sokol, se dio en medio de un acto confuso celebrado en el Palacio de Gobierno. De hecho, el maestro de ceremonias ley\u00f3 otro nombre cuando mencion\u00f3 al nuevo comandante.<br><br>La\u00a0 norma\u00a0 constitucional\u00a0 fija\u00a0 tres\u00a0 requisitos\u00a0 concurrentes para ocupar el cargo de Comandante General: ser boliviano de nacimiento, ostentar el grado de General de la Polic\u00eda Boliviana\u00a0 y\u00a0 cumplir\u00a0 los\u00a0 dem\u00e1s\u00a0 requisitos\u00a0 que\u00a0 la\u00a0 ley establezca. El t\u00e9rmino \u00abindispensable\u00bb no admite\u00a0 lectura alternativa: se trata de una exigencia cerrada, no sujeta a excepci\u00f3n ni modulaci\u00f3n por norma de rango inferior. El\u00a0 Coronel Alvarez Arismendi no ostenta el grado de General.<br><br>No\u00a0 cumple,\u00a0 por\u00a0 tanto,\u00a0 el\u00a0 requisito\u00a0 que\u00a0 la\u00a0 Constituci\u00f3n\u00a0 califica como indispensable. El propio Decreto N\u00b0 5685 reconoce esta exigencia. En su tercer\u00a0 considerando,\u00a0 transcribe\u00a0 el\u00a0 art\u00edculo\u00a0 253\u00a0 de\u00a0 la Constituci\u00f3n\u00a0 y\u00a0 reproduce\u00a0 la\u00a0 obligaci\u00f3n\u00a0 de\u00a0 que\u00a0 el Comandante\u00a0 General\u00a0 sea\u00a0 General\u00a0 de\u00a0 la\u00a0 instituci\u00f3n.\u00a0 Acto seguido, en su art\u00edculo \u00fanico, designa a un Coronel en ese cargo.\u00a0 El\u00a0 instrumento\u00a0 que\u00a0 contiene\u00a0 la\u00a0 designaci\u00f3n\u00a0 es,\u00a0 al mismo tiempo, el instrumento que acredita el conocimiento de la norma que se infringe.<br><br>\u00abPara intentar justificar la designaci\u00f3n, el Decreto invoca la Disposici\u00f3n\u00a0 Transitoria\u00a0 Tercera\u00a0 de\u00a0 la\u00a0 Ley\u00a0 N\u00b0\u00a0 1387\u00a0 de Carrera de Generales y de Ascensos de la Polic\u00eda Boliviana, que permite cubrir acefal\u00edas interinamente por disposici\u00f3n del\u00a0 Presidente\u00a0 con\u00a0 car\u00e1cter\u00a0 excepcional.\u00a0 Esa\u00a0 disposici\u00f3n transitoria\u00a0 fue\u00a0 concebida\u00a0 como\u00a0 mecanismo\u00a0 provisional mientras se implementaba la nueva estructura de la carrera de generales creada por la misma ley. Sin embargo, por categ\u00f3rica\u00a0 que\u00a0 sea\u00a0 una\u00a0 norma\u00a0 transitoria,\u00a0 no\u00a0 puede habilitar\u00a0 lo\u00a0 que\u00a0 la\u00a0 Constituci\u00f3n\u00a0 proh\u00edbe.\u00a0 El\u00a0 art\u00edculo\u00a0 410, par\u00e1grafo II, de la Constituci\u00f3n Pol\u00edtica del Estado dispone que la Constituci\u00f3n es la norma suprema del ordenamiento jur\u00eddico boliviano y goza de primac\u00eda frente a cualquier otra disposici\u00f3n normativa. Un requisito que la Constituci\u00f3n fija como\u00a0 \u00abindispensable\u00bb\u00a0 no\u00a0 puede\u00a0 ser\u00a0 dispensado\u00a0 por\u00a0 una cl\u00e1usula transitoria de una ley ordinaria\u00bb, dijeron funetes jur\u00eddicas consultadas por el peri\u00f3dico digital Urgente.bo.<br><br>Existe,\u00a0 adem\u00e1s,\u00a0 una\u00a0 raz\u00f3n\u00a0 de\u00a0 fondo\u00a0 para\u00a0 que\u00a0 la Constituci\u00f3n exija el grado de General. En Bolivia, ning\u00fan oficial de la Polic\u00eda alcanza ese grado sin la ratificaci\u00f3n de la C\u00e1mara de Senadores, conforme al art\u00edculo 160, numeral 8,\u00a0 de\u00a0 la\u00a0 Constituci\u00f3n.\u00a0 Ese\u00a0 mecanismo\u00a0 garantiza\u00a0 que\u00a0 la persona que ejerza el mando de la fuerza p\u00fablica haya sido sometida al escrutinio del Poder Legislativo. El requisito del art\u00edculo 253 no es, entonces, una formalidad escalafonaria:\u00a0 es\u00a0 la\u00a0 expresi\u00f3n\u00a0 del\u00a0 principio\u00a0 constitucional\u00a0 de\u00a0 pesos\u00a0 y contrapesos.\u00a0 Designar\u00a0 a\u00a0 un\u00a0 Coronel\u00a0 como\u00a0 Comandante General equivale a colocar al frente de la Polic\u00eda a un oficial que nunca pas\u00f3 por el control del Senado, concentrando en el Presidente un poder de designaci\u00f3n que la Constituci\u00f3n distribuye entre dos \u00f3rganos del Estado.<\/p>\n\n\n\n<p>Fuente: Urgente.bo <\/p>\n","protected":false},"excerpt":{"rendered":"<p>2 de septiembre.- El 31 de agosto de 2026, el Presidente Rodrigo Paz Pereira emiti\u00f3\u00a0 el\u00a0 Decreto\u00a0 Presidencial\u00a0 N\u00b0\u00a0 5685,\u00a0 publicado\u00a0 en\u00a0 la Gaceta\u00a0 Oficial\u00a0 de\u00a0 Bolivia,\u00a0 mediante\u00a0 el\u00a0 cual\u00a0 design\u00f3\u00a0 al Coronel Adrian Javier Alvarez Arismendi como Comandante General de la Polic\u00eda Boliviana a.i., al Coronel Roger Roca Saavedra como Subcomandante General y Jefe&#8230;<\/p>\n","protected":false},"author":12,"featured_media":15506,"comment_status":"open","ping_status":"open","sticky":false,"template":"","format":"standard","meta":{"_jetpack_memberships_contains_paid_content":false,"footnotes":"","jetpack_publicize_message":"","jetpack_publicize_feature_enabled":true,"jetpack_social_post_already_shared":true,"jetpack_social_options":{"image_generator_settings":{"template":"highway","enabled":false},"version":2}},"categories":[1,15],"tags":[7,4026,2007,4025,4028,4027,235],"class_list":["post-15507","post","type-post","status-publish","format-standard","has-post-thumbnail","hentry","category-bolivia","category-seguridad","tag-bolivia","tag-comandante-general-del-estado","tag-constitucion-politica-del-estado","tag-coronel","tag-general","tag-maximo-jefe","tag-seguridad"],"jetpack_publicize_connections":[],"yoast_head":"<!-- This site is optimized with the Yoast SEO plugin v23.4 - https:\/\/yoast.com\/wordpress\/plugins\/seo\/ -->\n<title>UN CORONEL ES EL COMANDANTE DE LA POLIC\u00cdA, PERO LA CPE OBLIGA A QUE EL M\u00c1XIMO JEFE SEA GENERAL - innoticiasbo.com<\/title>\n<meta name=\"robots\" content=\"index, follow, max-snippet:-1, max-image-preview:large, max-video-preview:-1\" \/>\n<link rel=\"canonical\" href=\"https:\/\/innoticiasbo.com\/index.php\/2026\/09\/02\/un-coronel-es-el-comandante-de-la-policia-pero-la-cpe-obliga-a-que-el-maximo-jefe-sea-general\/\" \/>\n<meta property=\"og:locale\" content=\"es_ES\" \/>\n<meta property=\"og:type\" content=\"article\" \/>\n<meta property=\"og:title\" content=\"UN CORONEL ES EL COMANDANTE DE LA POLIC\u00cdA, PERO LA CPE OBLIGA A QUE EL M\u00c1XIMO JEFE SEA GENERAL - innoticiasbo.com\" \/>\n<meta property=\"og:description\" content=\"2 de septiembre.- El 31 de agosto de 2026, el Presidente Rodrigo Paz Pereira emiti\u00f3\u00a0 el\u00a0 Decreto\u00a0 Presidencial\u00a0 N\u00b0\u00a0 5685,\u00a0 publicado\u00a0 en\u00a0 la Gaceta\u00a0 Oficial\u00a0 de\u00a0 Bolivia,\u00a0 mediante\u00a0 el\u00a0 cual\u00a0 design\u00f3\u00a0 al Coronel Adrian Javier Alvarez Arismendi como Comandante General de la Polic\u00eda Boliviana a.i., al Coronel Roger Roca Saavedra como Subcomandante General y Jefe...\" \/>\n<meta property=\"og:url\" content=\"https:\/\/innoticiasbo.com\/index.php\/2026\/09\/02\/un-coronel-es-el-comandante-de-la-policia-pero-la-cpe-obliga-a-que-el-maximo-jefe-sea-general\/\" \/>\n<meta property=\"og:site_name\" content=\"innoticiasbo.com\" \/>\n<meta property=\"article:publisher\" content=\"https:\/\/www.facebook.com\/innoticiasbolivia\" \/>\n<meta property=\"article:published_time\" content=\"2026-09-02T14:16:43+00:00\" \/>\n<meta property=\"article:modified_time\" content=\"2026-09-02T14:18:08+00:00\" \/>\n<meta property=\"og:image\" content=\"https:\/\/i0.wp.com\/innoticiasbo.com\/wp-content\/uploads\/2026\/09\/image_editor_output_image541753870-1788358660299.jpg?fit=1020%2C644&ssl=1\" \/>\n\t<meta property=\"og:image:width\" content=\"1020\" \/>\n\t<meta property=\"og:image:height\" content=\"644\" \/>\n\t<meta property=\"og:image:type\" content=\"image\/jpeg\" \/>\n<meta name=\"author\" content=\"Jason Gonzales\" \/>\n<meta name=\"twitter:card\" content=\"summary_large_image\" \/>\n<meta name=\"twitter:creator\" content=\"@innoticiasbo\" \/>\n<meta name=\"twitter:site\" content=\"@innoticiasbo\" \/>\n<meta name=\"twitter:label1\" content=\"Escrito por\" \/>\n\t<meta name=\"twitter:data1\" content=\"Jason Gonzales\" \/>\n\t<meta name=\"twitter:label2\" content=\"Tiempo de lectura\" \/>\n\t<meta name=\"twitter:data2\" content=\"3 minutos\" \/>\n<script type=\"application\/ld+json\" class=\"yoast-schema-graph\">{\"@context\":\"https:\/\/schema.org\",\"@graph\":[{\"@type\":\"Article\",\"@id\":\"https:\/\/innoticiasbo.com\/index.php\/2026\/09\/02\/un-coronel-es-el-comandante-de-la-policia-pero-la-cpe-obliga-a-que-el-maximo-jefe-sea-general\/#article\",\"isPartOf\":{\"@id\":\"https:\/\/innoticiasbo.com\/index.php\/2026\/09\/02\/un-coronel-es-el-comandante-de-la-policia-pero-la-cpe-obliga-a-que-el-maximo-jefe-sea-general\/\"},\"author\":{\"name\":\"Jason Gonzales\",\"@id\":\"https:\/\/innoticiasbo.com\/#\/schema\/person\/9af0c49836719fb5d47b55cc879140ce\"},\"headline\":\"UN CORONEL ES EL COMANDANTE DE LA POLIC\u00cdA, PERO LA CPE OBLIGA A QUE EL M\u00c1XIMO JEFE SEA GENERAL\",\"datePublished\":\"2026-09-02T14:16:43+00:00\",\"dateModified\":\"2026-09-02T14:18:08+00:00\",\"mainEntityOfPage\":{\"@id\":\"https:\/\/innoticiasbo.com\/index.php\/2026\/09\/02\/un-coronel-es-el-comandante-de-la-policia-pero-la-cpe-obliga-a-que-el-maximo-jefe-sea-general\/\"},\"wordCount\":694,\"commentCount\":0,\"publisher\":{\"@id\":\"https:\/\/innoticiasbo.com\/#organization\"},\"image\":{\"@id\":\"https:\/\/innoticiasbo.com\/index.php\/2026\/09\/02\/un-coronel-es-el-comandante-de-la-policia-pero-la-cpe-obliga-a-que-el-maximo-jefe-sea-general\/#primaryimage\"},\"thumbnailUrl\":\"https:\/\/i0.wp.com\/innoticiasbo.com\/wp-content\/uploads\/2026\/09\/image_editor_output_image541753870-1788358660299.jpg?fit=1020%2C644&ssl=1\",\"keywords\":[\"Bolivia\",\"Comandante General del Estado\",\"Constituci\u00f3n Pol\u00edtica del Estado\",\"Coronel\",\"General\",\"M\u00e1ximo jefe\",\"seguridad\"],\"articleSection\":[\"Bolivia\",\"Seguridad\"],\"inLanguage\":\"es\",\"potentialAction\":[{\"@type\":\"CommentAction\",\"name\":\"Comment\",\"target\":[\"https:\/\/innoticiasbo.com\/index.php\/2026\/09\/02\/un-coronel-es-el-comandante-de-la-policia-pero-la-cpe-obliga-a-que-el-maximo-jefe-sea-general\/#respond\"]}]},{\"@type\":\"WebPage\",\"@id\":\"https:\/\/innoticiasbo.com\/index.php\/2026\/09\/02\/un-coronel-es-el-comandante-de-la-policia-pero-la-cpe-obliga-a-que-el-maximo-jefe-sea-general\/\",\"url\":\"https:\/\/innoticiasbo.com\/index.php\/2026\/09\/02\/un-coronel-es-el-comandante-de-la-policia-pero-la-cpe-obliga-a-que-el-maximo-jefe-sea-general\/\",\"name\":\"UN CORONEL ES EL COMANDANTE DE LA POLIC\u00cdA, PERO LA CPE OBLIGA A QUE EL M\u00c1XIMO JEFE SEA GENERAL - innoticiasbo.com\",\"isPartOf\":{\"@id\":\"https:\/\/innoticiasbo.com\/#website\"},\"primaryImageOfPage\":{\"@id\":\"https:\/\/innoticiasbo.com\/index.php\/2026\/09\/02\/un-coronel-es-el-comandante-de-la-policia-pero-la-cpe-obliga-a-que-el-maximo-jefe-sea-general\/#primaryimage\"},\"image\":{\"@id\":\"https:\/\/innoticiasbo.com\/index.php\/2026\/09\/02\/un-coronel-es-el-comandante-de-la-policia-pero-la-cpe-obliga-a-que-el-maximo-jefe-sea-general\/#primaryimage\"},\"thumbnailUrl\":\"https:\/\/i0.wp.com\/innoticiasbo.com\/wp-content\/uploads\/2026\/09\/image_editor_output_image541753870-1788358660299.jpg?fit=1020%2C644&ssl=1\",\"datePublished\":\"2026-09-02T14:16:43+00:00\",\"dateModified\":\"2026-09-02T14:18:08+00:00\",\"breadcrumb\":{\"@id\":\"https:\/\/innoticiasbo.com\/index.php\/2026\/09\/02\/un-coronel-es-el-comandante-de-la-policia-pero-la-cpe-obliga-a-que-el-maximo-jefe-sea-general\/#breadcrumb\"},\"inLanguage\":\"es\",\"potentialAction\":[{\"@type\":\"ReadAction\",\"target\":[\"https:\/\/innoticiasbo.com\/index.php\/2026\/09\/02\/un-coronel-es-el-comandante-de-la-policia-pero-la-cpe-obliga-a-que-el-maximo-jefe-sea-general\/\"]}]},{\"@type\":\"ImageObject\",\"inLanguage\":\"es\",\"@id\":\"https:\/\/innoticiasbo.com\/index.php\/2026\/09\/02\/un-coronel-es-el-comandante-de-la-policia-pero-la-cpe-obliga-a-que-el-maximo-jefe-sea-general\/#primaryimage\",\"url\":\"https:\/\/i0.wp.com\/innoticiasbo.com\/wp-content\/uploads\/2026\/09\/image_editor_output_image541753870-1788358660299.jpg?fit=1020%2C644&ssl=1\",\"contentUrl\":\"https:\/\/i0.wp.com\/innoticiasbo.com\/wp-content\/uploads\/2026\/09\/image_editor_output_image541753870-1788358660299.jpg?fit=1020%2C644&ssl=1\",\"width\":1020,\"height\":644},{\"@type\":\"BreadcrumbList\",\"@id\":\"https:\/\/innoticiasbo.com\/index.php\/2026\/09\/02\/un-coronel-es-el-comandante-de-la-policia-pero-la-cpe-obliga-a-que-el-maximo-jefe-sea-general\/#breadcrumb\",\"itemListElement\":[{\"@type\":\"ListItem\",\"position\":1,\"name\":\"Portada\",\"item\":\"https:\/\/innoticiasbo.com\/\"},{\"@type\":\"ListItem\",\"position\":2,\"name\":\"UN CORONEL ES EL COMANDANTE DE LA POLIC\u00cdA, PERO LA CPE OBLIGA A QUE EL M\u00c1XIMO JEFE SEA GENERAL\"}]},{\"@type\":\"WebSite\",\"@id\":\"https:\/\/innoticiasbo.com\/#website\",\"url\":\"https:\/\/innoticiasbo.com\/\",\"name\":\"innoticiasbo.com\",\"description\":\"\",\"publisher\":{\"@id\":\"https:\/\/innoticiasbo.com\/#organization\"},\"potentialAction\":[{\"@type\":\"SearchAction\",\"target\":{\"@type\":\"EntryPoint\",\"urlTemplate\":\"https:\/\/innoticiasbo.com\/?s={search_term_string}\"},\"query-input\":{\"@type\":\"PropertyValueSpecification\",\"valueRequired\":true,\"valueName\":\"search_term_string\"}}],\"inLanguage\":\"es\"},{\"@type\":\"Organization\",\"@id\":\"https:\/\/innoticiasbo.com\/#organization\",\"name\":\"innoticiasbo.com\",\"url\":\"https:\/\/innoticiasbo.com\/\",\"logo\":{\"@type\":\"ImageObject\",\"inLanguage\":\"es\",\"@id\":\"https:\/\/innoticiasbo.com\/#\/schema\/logo\/image\/\",\"url\":\"https:\/\/i0.wp.com\/innoticiasbo.com\/wp-content\/uploads\/2026\/04\/cropped-IN-LOGO.png?fit=1476%2C1476&ssl=1\",\"contentUrl\":\"https:\/\/i0.wp.com\/innoticiasbo.com\/wp-content\/uploads\/2026\/04\/cropped-IN-LOGO.png?fit=1476%2C1476&ssl=1\",\"width\":1476,\"height\":1476,\"caption\":\"innoticiasbo.com\"},\"image\":{\"@id\":\"https:\/\/innoticiasbo.com\/#\/schema\/logo\/image\/\"},\"sameAs\":[\"https:\/\/www.facebook.com\/innoticiasbolivia\",\"https:\/\/x.com\/innoticiasbo\",\"https:\/\/www.instagram.com\/innoticiasbo\",\"https:\/\/www.youtube.com\/innoticiasbo\"]},{\"@type\":\"Person\",\"@id\":\"https:\/\/innoticiasbo.com\/#\/schema\/person\/9af0c49836719fb5d47b55cc879140ce\",\"name\":\"Jason Gonzales\",\"image\":{\"@type\":\"ImageObject\",\"inLanguage\":\"es\",\"@id\":\"https:\/\/innoticiasbo.com\/#\/schema\/person\/image\/\",\"url\":\"https:\/\/secure.gravatar.com\/avatar\/ff64cacc93e8658997d62d298b4dff23?s=96&d=mm&r=g\",\"contentUrl\":\"https:\/\/secure.gravatar.com\/avatar\/ff64cacc93e8658997d62d298b4dff23?s=96&d=mm&r=g\",\"caption\":\"Jason Gonzales\"},\"sameAs\":[\"http:\/\/www.innoticiasbo.com\"],\"url\":\"https:\/\/innoticiasbo.com\/index.php\/author\/prensa-8\/\"}]}<\/script>\n<!-- \/ Yoast SEO plugin. -->","yoast_head_json":{"title":"UN CORONEL ES EL COMANDANTE DE LA POLIC\u00cdA, PERO LA CPE OBLIGA A QUE EL M\u00c1XIMO JEFE SEA GENERAL - innoticiasbo.com","robots":{"index":"index","follow":"follow","max-snippet":"max-snippet:-1","max-image-preview":"max-image-preview:large","max-video-preview":"max-video-preview:-1"},"canonical":"https:\/\/innoticiasbo.com\/index.php\/2026\/09\/02\/un-coronel-es-el-comandante-de-la-policia-pero-la-cpe-obliga-a-que-el-maximo-jefe-sea-general\/","og_locale":"es_ES","og_type":"article","og_title":"UN CORONEL ES EL COMANDANTE DE LA POLIC\u00cdA, PERO LA CPE OBLIGA A QUE EL M\u00c1XIMO JEFE SEA GENERAL - innoticiasbo.com","og_description":"2 de septiembre.- El 31 de agosto de 2026, el Presidente Rodrigo Paz Pereira emiti\u00f3\u00a0 el\u00a0 Decreto\u00a0 Presidencial\u00a0 N\u00b0\u00a0 5685,\u00a0 publicado\u00a0 en\u00a0 la Gaceta\u00a0 Oficial\u00a0 de\u00a0 Bolivia,\u00a0 mediante\u00a0 el\u00a0 cual\u00a0 design\u00f3\u00a0 al Coronel Adrian Javier Alvarez Arismendi como Comandante General de la Polic\u00eda Boliviana a.i., al Coronel Roger Roca Saavedra como Subcomandante General y Jefe...","og_url":"https:\/\/innoticiasbo.com\/index.php\/2026\/09\/02\/un-coronel-es-el-comandante-de-la-policia-pero-la-cpe-obliga-a-que-el-maximo-jefe-sea-general\/","og_site_name":"innoticiasbo.com","article_publisher":"https:\/\/www.facebook.com\/innoticiasbolivia","article_published_time":"2026-09-02T14:16:43+00:00","article_modified_time":"2026-09-02T14:18:08+00:00","og_image":[{"width":1020,"height":644,"url":"https:\/\/i0.wp.com\/innoticiasbo.com\/wp-content\/uploads\/2026\/09\/image_editor_output_image541753870-1788358660299.jpg?fit=1020%2C644&ssl=1","type":"image\/jpeg"}],"author":"Jason Gonzales","twitter_card":"summary_large_image","twitter_creator":"@innoticiasbo","twitter_site":"@innoticiasbo","twitter_misc":{"Escrito por":"Jason Gonzales","Tiempo de lectura":"3 minutos"},"schema":{"@context":"https:\/\/schema.org","@graph":[{"@type":"Article","@id":"https:\/\/innoticiasbo.com\/index.php\/2026\/09\/02\/un-coronel-es-el-comandante-de-la-policia-pero-la-cpe-obliga-a-que-el-maximo-jefe-sea-general\/#article","isPartOf":{"@id":"https:\/\/innoticiasbo.com\/index.php\/2026\/09\/02\/un-coronel-es-el-comandante-de-la-policia-pero-la-cpe-obliga-a-que-el-maximo-jefe-sea-general\/"},"author":{"name":"Jason Gonzales","@id":"https:\/\/innoticiasbo.com\/#\/schema\/person\/9af0c49836719fb5d47b55cc879140ce"},"headline":"UN CORONEL ES EL COMANDANTE DE LA POLIC\u00cdA, PERO LA CPE OBLIGA A QUE EL M\u00c1XIMO JEFE SEA GENERAL","datePublished":"2026-09-02T14:16:43+00:00","dateModified":"2026-09-02T14:18:08+00:00","mainEntityOfPage":{"@id":"https:\/\/innoticiasbo.com\/index.php\/2026\/09\/02\/un-coronel-es-el-comandante-de-la-policia-pero-la-cpe-obliga-a-que-el-maximo-jefe-sea-general\/"},"wordCount":694,"commentCount":0,"publisher":{"@id":"https:\/\/innoticiasbo.com\/#organization"},"image":{"@id":"https:\/\/innoticiasbo.com\/index.php\/2026\/09\/02\/un-coronel-es-el-comandante-de-la-policia-pero-la-cpe-obliga-a-que-el-maximo-jefe-sea-general\/#primaryimage"},"thumbnailUrl":"https:\/\/i0.wp.com\/innoticiasbo.com\/wp-content\/uploads\/2026\/09\/image_editor_output_image541753870-1788358660299.jpg?fit=1020%2C644&ssl=1","keywords":["Bolivia","Comandante General del Estado","Constituci\u00f3n Pol\u00edtica del Estado","Coronel","General","M\u00e1ximo jefe","seguridad"],"articleSection":["Bolivia","Seguridad"],"inLanguage":"es","potentialAction":[{"@type":"CommentAction","name":"Comment","target":["https:\/\/innoticiasbo.com\/index.php\/2026\/09\/02\/un-coronel-es-el-comandante-de-la-policia-pero-la-cpe-obliga-a-que-el-maximo-jefe-sea-general\/#respond"]}]},{"@type":"WebPage","@id":"https:\/\/innoticiasbo.com\/index.php\/2026\/09\/02\/un-coronel-es-el-comandante-de-la-policia-pero-la-cpe-obliga-a-que-el-maximo-jefe-sea-general\/","url":"https:\/\/innoticiasbo.com\/index.php\/2026\/09\/02\/un-coronel-es-el-comandante-de-la-policia-pero-la-cpe-obliga-a-que-el-maximo-jefe-sea-general\/","name":"UN CORONEL ES EL COMANDANTE DE LA POLIC\u00cdA, PERO LA CPE OBLIGA A QUE EL M\u00c1XIMO JEFE SEA GENERAL - innoticiasbo.com","isPartOf":{"@id":"https:\/\/innoticiasbo.com\/#website"},"primaryImageOfPage":{"@id":"https:\/\/innoticiasbo.com\/index.php\/2026\/09\/02\/un-coronel-es-el-comandante-de-la-policia-pero-la-cpe-obliga-a-que-el-maximo-jefe-sea-general\/#primaryimage"},"image":{"@id":"https:\/\/innoticiasbo.com\/index.php\/2026\/09\/02\/un-coronel-es-el-comandante-de-la-policia-pero-la-cpe-obliga-a-que-el-maximo-jefe-sea-general\/#primaryimage"},"thumbnailUrl":"https:\/\/i0.wp.com\/innoticiasbo.com\/wp-content\/uploads\/2026\/09\/image_editor_output_image541753870-1788358660299.jpg?fit=1020%2C644&ssl=1","datePublished":"2026-09-02T14:16:43+00:00","dateModified":"2026-09-02T14:18:08+00:00","breadcrumb":{"@id":"https:\/\/innoticiasbo.com\/index.php\/2026\/09\/02\/un-coronel-es-el-comandante-de-la-policia-pero-la-cpe-obliga-a-que-el-maximo-jefe-sea-general\/#breadcrumb"},"inLanguage":"es","potentialAction":[{"@type":"ReadAction","target":["https:\/\/innoticiasbo.com\/index.php\/2026\/09\/02\/un-coronel-es-el-comandante-de-la-policia-pero-la-cpe-obliga-a-que-el-maximo-jefe-sea-general\/"]}]},{"@type":"ImageObject","inLanguage":"es","@id":"https:\/\/innoticiasbo.com\/index.php\/2026\/09\/02\/un-coronel-es-el-comandante-de-la-policia-pero-la-cpe-obliga-a-que-el-maximo-jefe-sea-general\/#primaryimage","url":"https:\/\/i0.wp.com\/innoticiasbo.com\/wp-content\/uploads\/2026\/09\/image_editor_output_image541753870-1788358660299.jpg?fit=1020%2C644&ssl=1","contentUrl":"https:\/\/i0.wp.com\/innoticiasbo.com\/wp-content\/uploads\/2026\/09\/image_editor_output_image541753870-1788358660299.jpg?fit=1020%2C644&ssl=1","width":1020,"height":644},{"@type":"BreadcrumbList","@id":"https:\/\/innoticiasbo.com\/index.php\/2026\/09\/02\/un-coronel-es-el-comandante-de-la-policia-pero-la-cpe-obliga-a-que-el-maximo-jefe-sea-general\/#breadcrumb","itemListElement":[{"@type":"ListItem","position":1,"name":"Portada","item":"https:\/\/innoticiasbo.com\/"},{"@type":"ListItem","position":2,"name":"UN CORONEL ES EL COMANDANTE DE LA POLIC\u00cdA, PERO LA CPE OBLIGA A QUE EL M\u00c1XIMO JEFE SEA GENERAL"}]},{"@type":"WebSite","@id":"https:\/\/innoticiasbo.com\/#website","url":"https:\/\/innoticiasbo.com\/","name":"innoticiasbo.com","description":"","publisher":{"@id":"https:\/\/innoticiasbo.com\/#organization"},"potentialAction":[{"@type":"SearchAction","target":{"@type":"EntryPoint","urlTemplate":"https:\/\/innoticiasbo.com\/?s={search_term_string}"},"query-input":{"@type":"PropertyValueSpecification","valueRequired":true,"valueName":"search_term_string"}}],"inLanguage":"es"},{"@type":"Organization","@id":"https:\/\/innoticiasbo.com\/#organization","name":"innoticiasbo.com","url":"https:\/\/innoticiasbo.com\/","logo":{"@type":"ImageObject","inLanguage":"es","@id":"https:\/\/innoticiasbo.com\/#\/schema\/logo\/image\/","url":"https:\/\/i0.wp.com\/innoticiasbo.com\/wp-content\/uploads\/2026\/04\/cropped-IN-LOGO.png?fit=1476%2C1476&ssl=1","contentUrl":"https:\/\/i0.wp.com\/innoticiasbo.com\/wp-content\/uploads\/2026\/04\/cropped-IN-LOGO.png?fit=1476%2C1476&ssl=1","width":1476,"height":1476,"caption":"innoticiasbo.com"},"image":{"@id":"https:\/\/innoticiasbo.com\/#\/schema\/logo\/image\/"},"sameAs":["https:\/\/www.facebook.com\/innoticiasbolivia","https:\/\/x.com\/innoticiasbo","https:\/\/www.instagram.com\/innoticiasbo","https:\/\/www.youtube.com\/innoticiasbo"]},{"@type":"Person","@id":"https:\/\/innoticiasbo.com\/#\/schema\/person\/9af0c49836719fb5d47b55cc879140ce","name":"Jason Gonzales","image":{"@type":"ImageObject","inLanguage":"es","@id":"https:\/\/innoticiasbo.com\/#\/schema\/person\/image\/","url":"https:\/\/secure.gravatar.com\/avatar\/ff64cacc93e8658997d62d298b4dff23?s=96&d=mm&r=g","contentUrl":"https:\/\/secure.gravatar.com\/avatar\/ff64cacc93e8658997d62d298b4dff23?s=96&d=mm&r=g","caption":"Jason Gonzales"},"sameAs":["http:\/\/www.innoticiasbo.com"],"url":"https:\/\/innoticiasbo.com\/index.php\/author\/prensa-8\/"}]}},"jetpack_featured_media_url":"https:\/\/i0.wp.com\/innoticiasbo.com\/wp-content\/uploads\/2026\/09\/image_editor_output_image541753870-1788358660299.jpg?fit=1020%2C644&ssl=1","jetpack_likes_enabled":true,"jetpack_sharing_enabled":true,"jetpack_shortlink":"https:\/\/wp.me\/pg298x-427","_links":{"self":[{"href":"https:\/\/innoticiasbo.com\/index.php\/wp-json\/wp\/v2\/posts\/15507","targetHints":{"allow":["GET"]}}],"collection":[{"href":"https:\/\/innoticiasbo.com\/index.php\/wp-json\/wp\/v2\/posts"}],"about":[{"href":"https:\/\/innoticiasbo.com\/index.php\/wp-json\/wp\/v2\/types\/post"}],"author":[{"embeddable":true,"href":"https:\/\/innoticiasbo.com\/index.php\/wp-json\/wp\/v2\/users\/12"}],"replies":[{"embeddable":true,"href":"https:\/\/innoticiasbo.com\/index.php\/wp-json\/wp\/v2\/comments?post=15507"}],"version-history":[{"count":1,"href":"https:\/\/innoticiasbo.com\/index.php\/wp-json\/wp\/v2\/posts\/15507\/revisions"}],"predecessor-version":[{"id":15508,"href":"https:\/\/innoticiasbo.com\/index.php\/wp-json\/wp\/v2\/posts\/15507\/revisions\/15508"}],"wp:featuredmedia":[{"embeddable":true,"href":"https:\/\/innoticiasbo.com\/index.php\/wp-json\/wp\/v2\/media\/15506"}],"wp:attachment":[{"href":"https:\/\/innoticiasbo.com\/index.php\/wp-json\/wp\/v2\/media?parent=15507"}],"wp:term":[{"taxonomy":"category","embeddable":true,"href":"https:\/\/innoticiasbo.com\/index.php\/wp-json\/wp\/v2\/categories?post=15507"},{"taxonomy":"post_tag","embeddable":true,"href":"https:\/\/innoticiasbo.com\/index.php\/wp-json\/wp\/v2\/tags?post=15507"}],"curies":[{"name":"wp","href":"https:\/\/api.w.org\/{rel}","templated":true}]}}