{"id":15503,"date":"2026-09-02T10:13:02","date_gmt":"2026-09-02T14:13:02","guid":{"rendered":"https:\/\/innoticiasbo.com\/?p=15503"},"modified":"2026-09-02T10:13:58","modified_gmt":"2026-09-02T14:13:58","slug":"alvarez-afirma-que-la-aprehension-de-evo-es-una-prioridad-para-la-policia","status":"publish","type":"post","link":"https:\/\/innoticiasbo.com\/index.php\/2026\/09\/02\/alvarez-afirma-que-la-aprehension-de-evo-es-una-prioridad-para-la-policia\/","title":{"rendered":"\u00c1LVAREZ AFIRMA QUE LA APREHENSI\u00d3N DE EVO ES UNA PRIORIDAD PARA LA POLIC\u00cdA"},"content":{"rendered":"\n<figure class=\"wp-block-image size-large\"><img data-recalc-dims=\"1\" loading=\"lazy\" decoding=\"async\" width=\"640\" height=\"500\" src=\"https:\/\/i0.wp.com\/innoticiasbo.com\/wp-content\/uploads\/2026\/09\/image_editor_output_image2122078054-17883583293652520689050008749221.jpg?resize=640%2C500&#038;ssl=1\" alt=\"\" class=\"wp-image-15501\" srcset=\"https:\/\/i0.wp.com\/innoticiasbo.com\/wp-content\/uploads\/2026\/09\/image_editor_output_image2122078054-17883583293652520689050008749221.jpg?w=1023&amp;ssl=1 1023w, https:\/\/i0.wp.com\/innoticiasbo.com\/wp-content\/uploads\/2026\/09\/image_editor_output_image2122078054-17883583293652520689050008749221.jpg?resize=300%2C234&amp;ssl=1 300w, https:\/\/i0.wp.com\/innoticiasbo.com\/wp-content\/uploads\/2026\/09\/image_editor_output_image2122078054-17883583293652520689050008749221.jpg?resize=768%2C600&amp;ssl=1 768w\" sizes=\"auto, (max-width: 640px) 100vw, 640px\" \/><\/figure>\n\n\n\n<p>2 de septiembre.- El comandante general de la Polic\u00eda Boliviana, Adri\u00e1n \u00c1lvarez, afirm\u00f3 que es una prioridad \u201cel cumplimiento y ejecuci\u00f3n\u201d de la orden de aprehensi\u00f3n en contra del expresidente y l\u00edder cocalero Evo Morales.<br><br>\u201cPor supuesto que s\u00ed, es una prioridad para la Polic\u00eda Boliviana el cumplimiento y la ejecuci\u00f3n de esta orden de operaci\u00f3n y todas aquellas que sean emanadas por la autoridad competente\u201d, dijo \u00c1lvarez.<\/p>\n\n\n\n<p>Asimismo, indic\u00f3 que para este operativo es necesario conformar la estructura institucional de mando con todos los niveles, generales y nacionales, y se\u00f1al\u00f3 que sostendr\u00e1n reuniones de coordinaci\u00f3n para realizar la planificaci\u00f3n necesaria y dar cumplimiento a la orden.<\/p>\n\n\n\n<p>Fuente: Urgente.bo <\/p>\n","protected":false},"excerpt":{"rendered":"<p>2 de septiembre.- El comandante general de la Polic\u00eda Boliviana, Adri\u00e1n \u00c1lvarez, afirm\u00f3 que es una prioridad \u201cel cumplimiento y ejecuci\u00f3n\u201d de la orden de aprehensi\u00f3n en contra del expresidente y l\u00edder cocalero Evo Morales. \u201cPor supuesto que s\u00ed, es una prioridad para la Polic\u00eda Boliviana el cumplimiento y la ejecuci\u00f3n de esta orden de&#8230;<\/p>\n","protected":false},"author":12,"featured_media":15502,"comment_status":"open","ping_status":"open","sticky":false,"template":"","format":"standard","meta":{"_jetpack_memberships_contains_paid_content":false,"footnotes":"","jetpack_publicize_message":"","jetpack_publicize_feature_enabled":true,"jetpack_social_post_already_shared":true,"jetpack_social_options":{"image_generator_settings":{"template":"highway","enabled":false},"version":2}},"categories":[1],"tags":[4004,76,7,4023,3627,4024,3628],"class_list":["post-15503","post","type-post","status-publish","format-standard","has-post-thumbnail","hentry","category-bolivia","tag-adrian-javier-alvarez","tag-aprehension","tag-bolivia","tag-comandante-general-de-la-policia","tag-evo-morales-ayma","tag-indico","tag-prioridad"],"jetpack_publicize_connections":[],"yoast_head":"<!-- This site is optimized with the Yoast SEO plugin v23.4 - https:\/\/yoast.com\/wordpress\/plugins\/seo\/ -->\n<title>\u00c1LVAREZ AFIRMA QUE LA APREHENSI\u00d3N DE EVO ES UNA PRIORIDAD PARA LA POLIC\u00cdA - innoticiasbo.com<\/title>\n<meta name=\"robots\" content=\"index, follow, max-snippet:-1, max-image-preview:large, max-video-preview:-1\" \/>\n<link rel=\"canonical\" href=\"https:\/\/innoticiasbo.com\/index.php\/2026\/09\/02\/alvarez-afirma-que-la-aprehension-de-evo-es-una-prioridad-para-la-policia\/\" \/>\n<meta property=\"og:locale\" content=\"es_ES\" \/>\n<meta property=\"og:type\" content=\"article\" \/>\n<meta property=\"og:title\" content=\"\u00c1LVAREZ AFIRMA QUE LA APREHENSI\u00d3N DE EVO ES UNA PRIORIDAD PARA LA POLIC\u00cdA - innoticiasbo.com\" \/>\n<meta property=\"og:description\" content=\"2 de septiembre.- El comandante general de la Polic\u00eda Boliviana, Adri\u00e1n \u00c1lvarez, afirm\u00f3 que es una prioridad \u201cel cumplimiento y ejecuci\u00f3n\u201d de la orden de aprehensi\u00f3n en contra del expresidente y l\u00edder cocalero Evo Morales. \u201cPor supuesto que s\u00ed, es una prioridad para la Polic\u00eda Boliviana el cumplimiento y la ejecuci\u00f3n de esta orden de...\" \/>\n<meta property=\"og:url\" content=\"https:\/\/innoticiasbo.com\/index.php\/2026\/09\/02\/alvarez-afirma-que-la-aprehension-de-evo-es-una-prioridad-para-la-policia\/\" \/>\n<meta property=\"og:site_name\" content=\"innoticiasbo.com\" \/>\n<meta property=\"article:publisher\" content=\"https:\/\/www.facebook.com\/innoticiasbolivia\" \/>\n<meta property=\"article:published_time\" content=\"2026-09-02T14:13:02+00:00\" \/>\n<meta property=\"article:modified_time\" content=\"2026-09-02T14:13:58+00:00\" \/>\n<meta property=\"og:image\" content=\"https:\/\/i0.wp.com\/innoticiasbo.com\/wp-content\/uploads\/2026\/09\/image_editor_output_image2122078054-1788358415455.jpg?fit=1028%2C806&ssl=1\" \/>\n\t<meta property=\"og:image:width\" content=\"1028\" \/>\n\t<meta property=\"og:image:height\" content=\"806\" \/>\n\t<meta property=\"og:image:type\" content=\"image\/jpeg\" \/>\n<meta name=\"author\" content=\"Jason Gonzales\" \/>\n<meta name=\"twitter:card\" content=\"summary_large_image\" \/>\n<meta name=\"twitter:creator\" content=\"@innoticiasbo\" \/>\n<meta name=\"twitter:site\" content=\"@innoticiasbo\" \/>\n<meta name=\"twitter:label1\" content=\"Escrito por\" \/>\n\t<meta name=\"twitter:data1\" content=\"Jason Gonzales\" \/>\n\t<meta name=\"twitter:label2\" content=\"Tiempo de lectura\" \/>\n\t<meta name=\"twitter:data2\" content=\"1 minuto\" \/>\n<script type=\"application\/ld+json\" class=\"yoast-schema-graph\">{\"@context\":\"https:\/\/schema.org\",\"@graph\":[{\"@type\":\"Article\",\"@id\":\"https:\/\/innoticiasbo.com\/index.php\/2026\/09\/02\/alvarez-afirma-que-la-aprehension-de-evo-es-una-prioridad-para-la-policia\/#article\",\"isPartOf\":{\"@id\":\"https:\/\/innoticiasbo.com\/index.php\/2026\/09\/02\/alvarez-afirma-que-la-aprehension-de-evo-es-una-prioridad-para-la-policia\/\"},\"author\":{\"name\":\"Jason Gonzales\",\"@id\":\"https:\/\/innoticiasbo.com\/#\/schema\/person\/9af0c49836719fb5d47b55cc879140ce\"},\"headline\":\"\u00c1LVAREZ AFIRMA QUE LA APREHENSI\u00d3N DE EVO ES UNA PRIORIDAD PARA LA POLIC\u00cdA\",\"datePublished\":\"2026-09-02T14:13:02+00:00\",\"dateModified\":\"2026-09-02T14:13:58+00:00\",\"mainEntityOfPage\":{\"@id\":\"https:\/\/innoticiasbo.com\/index.php\/2026\/09\/02\/alvarez-afirma-que-la-aprehension-de-evo-es-una-prioridad-para-la-policia\/\"},\"wordCount\":137,\"commentCount\":0,\"publisher\":{\"@id\":\"https:\/\/innoticiasbo.com\/#organization\"},\"image\":{\"@id\":\"https:\/\/innoticiasbo.com\/index.php\/2026\/09\/02\/alvarez-afirma-que-la-aprehension-de-evo-es-una-prioridad-para-la-policia\/#primaryimage\"},\"thumbnailUrl\":\"https:\/\/i0.wp.com\/innoticiasbo.com\/wp-content\/uploads\/2026\/09\/image_editor_output_image2122078054-1788358415455.jpg?fit=1028%2C806&ssl=1\",\"keywords\":[\"Adrian Javier \u00c1lvarez\",\"aprehensi\u00f3n\",\"Bolivia\",\"Comandante general de la Polic\u00eda\",\"Evo Morales Ayma\",\"Indic\u00f3\",\"Prioridad\"],\"articleSection\":[\"Bolivia\"],\"inLanguage\":\"es\",\"potentialAction\":[{\"@type\":\"CommentAction\",\"name\":\"Comment\",\"target\":[\"https:\/\/innoticiasbo.com\/index.php\/2026\/09\/02\/alvarez-afirma-que-la-aprehension-de-evo-es-una-prioridad-para-la-policia\/#respond\"]}]},{\"@type\":\"WebPage\",\"@id\":\"https:\/\/innoticiasbo.com\/index.php\/2026\/09\/02\/alvarez-afirma-que-la-aprehension-de-evo-es-una-prioridad-para-la-policia\/\",\"url\":\"https:\/\/innoticiasbo.com\/index.php\/2026\/09\/02\/alvarez-afirma-que-la-aprehension-de-evo-es-una-prioridad-para-la-policia\/\",\"name\":\"\u00c1LVAREZ AFIRMA QUE LA APREHENSI\u00d3N DE EVO ES UNA PRIORIDAD PARA LA POLIC\u00cdA - innoticiasbo.com\",\"isPartOf\":{\"@id\":\"https:\/\/innoticiasbo.com\/#website\"},\"primaryImageOfPage\":{\"@id\":\"https:\/\/innoticiasbo.com\/index.php\/2026\/09\/02\/alvarez-afirma-que-la-aprehension-de-evo-es-una-prioridad-para-la-policia\/#primaryimage\"},\"image\":{\"@id\":\"https:\/\/innoticiasbo.com\/index.php\/2026\/09\/02\/alvarez-afirma-que-la-aprehension-de-evo-es-una-prioridad-para-la-policia\/#primaryimage\"},\"thumbnailUrl\":\"https:\/\/i0.wp.com\/innoticiasbo.com\/wp-content\/uploads\/2026\/09\/image_editor_output_image2122078054-1788358415455.jpg?fit=1028%2C806&ssl=1\",\"datePublished\":\"2026-09-02T14:13:02+00:00\",\"dateModified\":\"2026-09-02T14:13:58+00:00\",\"breadcrumb\":{\"@id\":\"https:\/\/innoticiasbo.com\/index.php\/2026\/09\/02\/alvarez-afirma-que-la-aprehension-de-evo-es-una-prioridad-para-la-policia\/#breadcrumb\"},\"inLanguage\":\"es\",\"potentialAction\":[{\"@type\":\"ReadAction\",\"target\":[\"https:\/\/innoticiasbo.com\/index.php\/2026\/09\/02\/alvarez-afirma-que-la-aprehension-de-evo-es-una-prioridad-para-la-policia\/\"]}]},{\"@type\":\"ImageObject\",\"inLanguage\":\"es\",\"@id\":\"https:\/\/innoticiasbo.com\/index.php\/2026\/09\/02\/alvarez-afirma-que-la-aprehension-de-evo-es-una-prioridad-para-la-policia\/#primaryimage\",\"url\":\"https:\/\/i0.wp.com\/innoticiasbo.com\/wp-content\/uploads\/2026\/09\/image_editor_output_image2122078054-1788358415455.jpg?fit=1028%2C806&ssl=1\",\"contentUrl\":\"https:\/\/i0.wp.com\/innoticiasbo.com\/wp-content\/uploads\/2026\/09\/image_editor_output_image2122078054-1788358415455.jpg?fit=1028%2C806&ssl=1\",\"width\":1028,\"height\":806},{\"@type\":\"BreadcrumbList\",\"@id\":\"https:\/\/innoticiasbo.com\/index.php\/2026\/09\/02\/alvarez-afirma-que-la-aprehension-de-evo-es-una-prioridad-para-la-policia\/#breadcrumb\",\"itemListElement\":[{\"@type\":\"ListItem\",\"position\":1,\"name\":\"Portada\",\"item\":\"https:\/\/innoticiasbo.com\/\"},{\"@type\":\"ListItem\",\"position\":2,\"name\":\"\u00c1LVAREZ AFIRMA QUE LA APREHENSI\u00d3N DE EVO ES UNA PRIORIDAD PARA LA POLIC\u00cdA\"}]},{\"@type\":\"WebSite\",\"@id\":\"https:\/\/innoticiasbo.com\/#website\",\"url\":\"https:\/\/innoticiasbo.com\/\",\"name\":\"innoticiasbo.com\",\"description\":\"\",\"publisher\":{\"@id\":\"https:\/\/innoticiasbo.com\/#organization\"},\"potentialAction\":[{\"@type\":\"SearchAction\",\"target\":{\"@type\":\"EntryPoint\",\"urlTemplate\":\"https:\/\/innoticiasbo.com\/?s={search_term_string}\"},\"query-input\":{\"@type\":\"PropertyValueSpecification\",\"valueRequired\":true,\"valueName\":\"search_term_string\"}}],\"inLanguage\":\"es\"},{\"@type\":\"Organization\",\"@id\":\"https:\/\/innoticiasbo.com\/#organization\",\"name\":\"innoticiasbo.com\",\"url\":\"https:\/\/innoticiasbo.com\/\",\"logo\":{\"@type\":\"ImageObject\",\"inLanguage\":\"es\",\"@id\":\"https:\/\/innoticiasbo.com\/#\/schema\/logo\/image\/\",\"url\":\"https:\/\/i0.wp.com\/innoticiasbo.com\/wp-content\/uploads\/2026\/04\/cropped-IN-LOGO.png?fit=1476%2C1476&ssl=1\",\"contentUrl\":\"https:\/\/i0.wp.com\/innoticiasbo.com\/wp-content\/uploads\/2026\/04\/cropped-IN-LOGO.png?fit=1476%2C1476&ssl=1\",\"width\":1476,\"height\":1476,\"caption\":\"innoticiasbo.com\"},\"image\":{\"@id\":\"https:\/\/innoticiasbo.com\/#\/schema\/logo\/image\/\"},\"sameAs\":[\"https:\/\/www.facebook.com\/innoticiasbolivia\",\"https:\/\/x.com\/innoticiasbo\",\"https:\/\/www.instagram.com\/innoticiasbo\",\"https:\/\/www.youtube.com\/innoticiasbo\"]},{\"@type\":\"Person\",\"@id\":\"https:\/\/innoticiasbo.com\/#\/schema\/person\/9af0c49836719fb5d47b55cc879140ce\",\"name\":\"Jason Gonzales\",\"image\":{\"@type\":\"ImageObject\",\"inLanguage\":\"es\",\"@id\":\"https:\/\/innoticiasbo.com\/#\/schema\/person\/image\/\",\"url\":\"https:\/\/secure.gravatar.com\/avatar\/ff64cacc93e8658997d62d298b4dff23?s=96&d=mm&r=g\",\"contentUrl\":\"https:\/\/secure.gravatar.com\/avatar\/ff64cacc93e8658997d62d298b4dff23?s=96&d=mm&r=g\",\"caption\":\"Jason Gonzales\"},\"sameAs\":[\"http:\/\/www.innoticiasbo.com\"],\"url\":\"https:\/\/innoticiasbo.com\/index.php\/author\/prensa-8\/\"}]}<\/script>\n<!-- \/ Yoast SEO plugin. -->","yoast_head_json":{"title":"\u00c1LVAREZ AFIRMA QUE LA APREHENSI\u00d3N DE EVO ES UNA PRIORIDAD PARA LA POLIC\u00cdA - innoticiasbo.com","robots":{"index":"index","follow":"follow","max-snippet":"max-snippet:-1","max-image-preview":"max-image-preview:large","max-video-preview":"max-video-preview:-1"},"canonical":"https:\/\/innoticiasbo.com\/index.php\/2026\/09\/02\/alvarez-afirma-que-la-aprehension-de-evo-es-una-prioridad-para-la-policia\/","og_locale":"es_ES","og_type":"article","og_title":"\u00c1LVAREZ AFIRMA QUE LA APREHENSI\u00d3N DE EVO ES UNA PRIORIDAD PARA LA POLIC\u00cdA - innoticiasbo.com","og_description":"2 de septiembre.- El comandante general de la Polic\u00eda Boliviana, Adri\u00e1n \u00c1lvarez, afirm\u00f3 que es una prioridad \u201cel cumplimiento y ejecuci\u00f3n\u201d de la orden de aprehensi\u00f3n en contra del expresidente y l\u00edder cocalero Evo Morales. \u201cPor supuesto que s\u00ed, es una prioridad para la Polic\u00eda Boliviana el cumplimiento y la ejecuci\u00f3n de esta orden de...","og_url":"https:\/\/innoticiasbo.com\/index.php\/2026\/09\/02\/alvarez-afirma-que-la-aprehension-de-evo-es-una-prioridad-para-la-policia\/","og_site_name":"innoticiasbo.com","article_publisher":"https:\/\/www.facebook.com\/innoticiasbolivia","article_published_time":"2026-09-02T14:13:02+00:00","article_modified_time":"2026-09-02T14:13:58+00:00","og_image":[{"width":1028,"height":806,"url":"https:\/\/i0.wp.com\/innoticiasbo.com\/wp-content\/uploads\/2026\/09\/image_editor_output_image2122078054-1788358415455.jpg?fit=1028%2C806&ssl=1","type":"image\/jpeg"}],"author":"Jason Gonzales","twitter_card":"summary_large_image","twitter_creator":"@innoticiasbo","twitter_site":"@innoticiasbo","twitter_misc":{"Escrito por":"Jason Gonzales","Tiempo de lectura":"1 minuto"},"schema":{"@context":"https:\/\/schema.org","@graph":[{"@type":"Article","@id":"https:\/\/innoticiasbo.com\/index.php\/2026\/09\/02\/alvarez-afirma-que-la-aprehension-de-evo-es-una-prioridad-para-la-policia\/#article","isPartOf":{"@id":"https:\/\/innoticiasbo.com\/index.php\/2026\/09\/02\/alvarez-afirma-que-la-aprehension-de-evo-es-una-prioridad-para-la-policia\/"},"author":{"name":"Jason Gonzales","@id":"https:\/\/innoticiasbo.com\/#\/schema\/person\/9af0c49836719fb5d47b55cc879140ce"},"headline":"\u00c1LVAREZ AFIRMA QUE LA APREHENSI\u00d3N DE EVO ES UNA PRIORIDAD PARA LA POLIC\u00cdA","datePublished":"2026-09-02T14:13:02+00:00","dateModified":"2026-09-02T14:13:58+00:00","mainEntityOfPage":{"@id":"https:\/\/innoticiasbo.com\/index.php\/2026\/09\/02\/alvarez-afirma-que-la-aprehension-de-evo-es-una-prioridad-para-la-policia\/"},"wordCount":137,"commentCount":0,"publisher":{"@id":"https:\/\/innoticiasbo.com\/#organization"},"image":{"@id":"https:\/\/innoticiasbo.com\/index.php\/2026\/09\/02\/alvarez-afirma-que-la-aprehension-de-evo-es-una-prioridad-para-la-policia\/#primaryimage"},"thumbnailUrl":"https:\/\/i0.wp.com\/innoticiasbo.com\/wp-content\/uploads\/2026\/09\/image_editor_output_image2122078054-1788358415455.jpg?fit=1028%2C806&ssl=1","keywords":["Adrian Javier \u00c1lvarez","aprehensi\u00f3n","Bolivia","Comandante general de la Polic\u00eda","Evo Morales Ayma","Indic\u00f3","Prioridad"],"articleSection":["Bolivia"],"inLanguage":"es","potentialAction":[{"@type":"CommentAction","name":"Comment","target":["https:\/\/innoticiasbo.com\/index.php\/2026\/09\/02\/alvarez-afirma-que-la-aprehension-de-evo-es-una-prioridad-para-la-policia\/#respond"]}]},{"@type":"WebPage","@id":"https:\/\/innoticiasbo.com\/index.php\/2026\/09\/02\/alvarez-afirma-que-la-aprehension-de-evo-es-una-prioridad-para-la-policia\/","url":"https:\/\/innoticiasbo.com\/index.php\/2026\/09\/02\/alvarez-afirma-que-la-aprehension-de-evo-es-una-prioridad-para-la-policia\/","name":"\u00c1LVAREZ AFIRMA QUE LA APREHENSI\u00d3N DE EVO ES UNA PRIORIDAD PARA LA POLIC\u00cdA - innoticiasbo.com","isPartOf":{"@id":"https:\/\/innoticiasbo.com\/#website"},"primaryImageOfPage":{"@id":"https:\/\/innoticiasbo.com\/index.php\/2026\/09\/02\/alvarez-afirma-que-la-aprehension-de-evo-es-una-prioridad-para-la-policia\/#primaryimage"},"image":{"@id":"https:\/\/innoticiasbo.com\/index.php\/2026\/09\/02\/alvarez-afirma-que-la-aprehension-de-evo-es-una-prioridad-para-la-policia\/#primaryimage"},"thumbnailUrl":"https:\/\/i0.wp.com\/innoticiasbo.com\/wp-content\/uploads\/2026\/09\/image_editor_output_image2122078054-1788358415455.jpg?fit=1028%2C806&ssl=1","datePublished":"2026-09-02T14:13:02+00:00","dateModified":"2026-09-02T14:13:58+00:00","breadcrumb":{"@id":"https:\/\/innoticiasbo.com\/index.php\/2026\/09\/02\/alvarez-afirma-que-la-aprehension-de-evo-es-una-prioridad-para-la-policia\/#breadcrumb"},"inLanguage":"es","potentialAction":[{"@type":"ReadAction","target":["https:\/\/innoticiasbo.com\/index.php\/2026\/09\/02\/alvarez-afirma-que-la-aprehension-de-evo-es-una-prioridad-para-la-policia\/"]}]},{"@type":"ImageObject","inLanguage":"es","@id":"https:\/\/innoticiasbo.com\/index.php\/2026\/09\/02\/alvarez-afirma-que-la-aprehension-de-evo-es-una-prioridad-para-la-policia\/#primaryimage","url":"https:\/\/i0.wp.com\/innoticiasbo.com\/wp-content\/uploads\/2026\/09\/image_editor_output_image2122078054-1788358415455.jpg?fit=1028%2C806&ssl=1","contentUrl":"https:\/\/i0.wp.com\/innoticiasbo.com\/wp-content\/uploads\/2026\/09\/image_editor_output_image2122078054-1788358415455.jpg?fit=1028%2C806&ssl=1","width":1028,"height":806},{"@type":"BreadcrumbList","@id":"https:\/\/innoticiasbo.com\/index.php\/2026\/09\/02\/alvarez-afirma-que-la-aprehension-de-evo-es-una-prioridad-para-la-policia\/#breadcrumb","itemListElement":[{"@type":"ListItem","position":1,"name":"Portada","item":"https:\/\/innoticiasbo.com\/"},{"@type":"ListItem","position":2,"name":"\u00c1LVAREZ AFIRMA QUE LA APREHENSI\u00d3N DE EVO ES UNA PRIORIDAD PARA LA POLIC\u00cdA"}]},{"@type":"WebSite","@id":"https:\/\/innoticiasbo.com\/#website","url":"https:\/\/innoticiasbo.com\/","name":"innoticiasbo.com","description":"","publisher":{"@id":"https:\/\/innoticiasbo.com\/#organization"},"potentialAction":[{"@type":"SearchAction","target":{"@type":"EntryPoint","urlTemplate":"https:\/\/innoticiasbo.com\/?s={search_term_string}"},"query-input":{"@type":"PropertyValueSpecification","valueRequired":true,"valueName":"search_term_string"}}],"inLanguage":"es"},{"@type":"Organization","@id":"https:\/\/innoticiasbo.com\/#organization","name":"innoticiasbo.com","url":"https:\/\/innoticiasbo.com\/","logo":{"@type":"ImageObject","inLanguage":"es","@id":"https:\/\/innoticiasbo.com\/#\/schema\/logo\/image\/","url":"https:\/\/i0.wp.com\/innoticiasbo.com\/wp-content\/uploads\/2026\/04\/cropped-IN-LOGO.png?fit=1476%2C1476&ssl=1","contentUrl":"https:\/\/i0.wp.com\/innoticiasbo.com\/wp-content\/uploads\/2026\/04\/cropped-IN-LOGO.png?fit=1476%2C1476&ssl=1","width":1476,"height":1476,"caption":"innoticiasbo.com"},"image":{"@id":"https:\/\/innoticiasbo.com\/#\/schema\/logo\/image\/"},"sameAs":["https:\/\/www.facebook.com\/innoticiasbolivia","https:\/\/x.com\/innoticiasbo","https:\/\/www.instagram.com\/innoticiasbo","https:\/\/www.youtube.com\/innoticiasbo"]},{"@type":"Person","@id":"https:\/\/innoticiasbo.com\/#\/schema\/person\/9af0c49836719fb5d47b55cc879140ce","name":"Jason Gonzales","image":{"@type":"ImageObject","inLanguage":"es","@id":"https:\/\/innoticiasbo.com\/#\/schema\/person\/image\/","url":"https:\/\/secure.gravatar.com\/avatar\/ff64cacc93e8658997d62d298b4dff23?s=96&d=mm&r=g","contentUrl":"https:\/\/secure.gravatar.com\/avatar\/ff64cacc93e8658997d62d298b4dff23?s=96&d=mm&r=g","caption":"Jason Gonzales"},"sameAs":["http:\/\/www.innoticiasbo.com"],"url":"https:\/\/innoticiasbo.com\/index.php\/author\/prensa-8\/"}]}},"jetpack_featured_media_url":"https:\/\/i0.wp.com\/innoticiasbo.com\/wp-content\/uploads\/2026\/09\/image_editor_output_image2122078054-1788358415455.jpg?fit=1028%2C806&ssl=1","jetpack_likes_enabled":true,"jetpack_sharing_enabled":true,"jetpack_shortlink":"https:\/\/wp.me\/pg298x-423","_links":{"self":[{"href":"https:\/\/innoticiasbo.com\/index.php\/wp-json\/wp\/v2\/posts\/15503","targetHints":{"allow":["GET"]}}],"collection":[{"href":"https:\/\/innoticiasbo.com\/index.php\/wp-json\/wp\/v2\/posts"}],"about":[{"href":"https:\/\/innoticiasbo.com\/index.php\/wp-json\/wp\/v2\/types\/post"}],"author":[{"embeddable":true,"href":"https:\/\/innoticiasbo.com\/index.php\/wp-json\/wp\/v2\/users\/12"}],"replies":[{"embeddable":true,"href":"https:\/\/innoticiasbo.com\/index.php\/wp-json\/wp\/v2\/comments?post=15503"}],"version-history":[{"count":1,"href":"https:\/\/innoticiasbo.com\/index.php\/wp-json\/wp\/v2\/posts\/15503\/revisions"}],"predecessor-version":[{"id":15504,"href":"https:\/\/innoticiasbo.com\/index.php\/wp-json\/wp\/v2\/posts\/15503\/revisions\/15504"}],"wp:featuredmedia":[{"embeddable":true,"href":"https:\/\/innoticiasbo.com\/index.php\/wp-json\/wp\/v2\/media\/15502"}],"wp:attachment":[{"href":"https:\/\/innoticiasbo.com\/index.php\/wp-json\/wp\/v2\/media?parent=15503"}],"wp:term":[{"taxonomy":"category","embeddable":true,"href":"https:\/\/innoticiasbo.com\/index.php\/wp-json\/wp\/v2\/categories?post=15503"},{"taxonomy":"post_tag","embeddable":true,"href":"https:\/\/innoticiasbo.com\/index.php\/wp-json\/wp\/v2\/tags?post=15503"}],"curies":[{"name":"wp","href":"https:\/\/api.w.org\/{rel}","templated":true}]}}