{"id":15499,"date":"2026-09-02T10:05:36","date_gmt":"2026-09-02T14:05:36","guid":{"rendered":"https:\/\/innoticiasbo.com\/?p=15499"},"modified":"2026-09-02T10:07:04","modified_gmt":"2026-09-02T14:07:04","slug":"morales-denuncia-presion-politica-del-gobierno-de-paz-por-intereses-de-eeuu","status":"publish","type":"post","link":"https:\/\/innoticiasbo.com\/index.php\/2026\/09\/02\/morales-denuncia-presion-politica-del-gobierno-de-paz-por-intereses-de-eeuu\/","title":{"rendered":"MORALES DENUNCIA PRESI\u00d3N POL\u00cdTICA DEL GOBIERNO DE PAZ POR INTERESES DE EEUU"},"content":{"rendered":"\n<figure class=\"wp-block-image size-large\"><img data-recalc-dims=\"1\" loading=\"lazy\" decoding=\"async\" width=\"640\" height=\"351\" src=\"https:\/\/i0.wp.com\/innoticiasbo.com\/wp-content\/uploads\/2026\/09\/image_editor_output_image2006504741-17883578874471053567776625294136.jpg?resize=640%2C351&#038;ssl=1\" alt=\"\" class=\"wp-image-15497\" srcset=\"https:\/\/i0.wp.com\/innoticiasbo.com\/wp-content\/uploads\/2026\/09\/image_editor_output_image2006504741-17883578874471053567776625294136.jpg?w=999&amp;ssl=1 999w, https:\/\/i0.wp.com\/innoticiasbo.com\/wp-content\/uploads\/2026\/09\/image_editor_output_image2006504741-17883578874471053567776625294136.jpg?resize=300%2C165&amp;ssl=1 300w, https:\/\/i0.wp.com\/innoticiasbo.com\/wp-content\/uploads\/2026\/09\/image_editor_output_image2006504741-17883578874471053567776625294136.jpg?resize=768%2C421&amp;ssl=1 768w\" sizes=\"auto, (max-width: 640px) 100vw, 640px\" \/><\/figure>\n\n\n\n<p>2 de septiembre.- El expresidente Evo Morales denunci\u00f3 este mi\u00e9rcoles que existe presi\u00f3n pol\u00edtica desde el Gobierno de Rodrigo Paz sobre la Polic\u00eda y atribuy\u00f3 esa situaci\u00f3n a los intereses de Estados Unidos.<br><br>Morales se pronunci\u00f3 tras las declaraciones del nuevo comandante interino de la Polic\u00eda, Javier \u00c1lvarez, quien se\u00f1al\u00f3 que la captura del exmandatario es una prioridad institucional.<br><br>\u201cLas declaraciones del nuevo comandante nacional de la Polic\u00eda ponen en evidencia la presi\u00f3n pol\u00edtica que existe desde el Gobierno de Paz y su megacoalici\u00f3n sometida a los intereses de EEUU\u201d, escribi\u00f3 Morales en sus redes sociales.<\/p>\n\n\n\n<p>El exmandatario cuestion\u00f3 que la administraci\u00f3n de Paz otorgue prioridad a los procesos judiciales contra sus adversarios mientras el pa\u00eds atraviesa dificultades econ\u00f3micas y problemas de abastecimiento de combustibles.<\/p>\n\n\n\n<p>\u201cEn medio de una profunda crisis econ\u00f3mica, desabastecimiento de combustibles y esc\u00e1ndalos de corrupci\u00f3n de alcance internacional, la prioridad del gobierno son los juicios pol\u00edticos\u201d, afirm\u00f3.<br><br>Morales asegur\u00f3 que las acciones contra sus adversarios responden a una estrategia pol\u00edtica para desviar la atenci\u00f3n de los problemas que afectan a la poblaci\u00f3n.<br><br>\u201cEsto demuestra que, ante su incapacidad para resolver los problemas del pueblo, buscan perseguir y judicializar a sus adversarios para desviar la atenci\u00f3n y seguir gobernando mediante la persecuci\u00f3n\u201d, se\u00f1al\u00f3.<br><br>\u00c1lvarez asegur\u00f3 que, para la Polic\u00eda es prioridad, el cumplimiento de la orden de aprehensi\u00f3n.<br><br>De ese modo, Morales cuestion\u00f3 la orientaci\u00f3n de la nueva gesti\u00f3n policial y present\u00f3 la persecuci\u00f3n judicial en su contra como parte de una pol\u00edtica que responde a intereses externos y busca desplazar de la agenda p\u00fablica la crisis econ\u00f3mica, el desabastecimiento de combustibles y los casos de corrupci\u00f3n.<\/p>\n\n\n\n<p>Fuente: La Raz\u00f3n <\/p>\n","protected":false},"excerpt":{"rendered":"<p>2 de septiembre.- El expresidente Evo Morales denunci\u00f3 este mi\u00e9rcoles que existe presi\u00f3n pol\u00edtica desde el Gobierno de Rodrigo Paz sobre la Polic\u00eda y atribuy\u00f3 esa situaci\u00f3n a los intereses de Estados Unidos. Morales se pronunci\u00f3 tras las declaraciones del nuevo comandante interino de la Polic\u00eda, Javier \u00c1lvarez, quien se\u00f1al\u00f3 que la captura del exmandatario&#8230;<\/p>\n","protected":false},"author":12,"featured_media":15498,"comment_status":"open","ping_status":"open","sticky":false,"template":"","format":"standard","meta":{"_jetpack_memberships_contains_paid_content":false,"footnotes":"","jetpack_publicize_message":"","jetpack_publicize_feature_enabled":true,"jetpack_social_post_already_shared":true,"jetpack_social_options":{"image_generator_settings":{"template":"highway","enabled":false},"version":2}},"categories":[1,3],"tags":[7,26,3059,3570,4022,4021],"class_list":["post-15499","post","type-post","status-publish","format-standard","has-post-thumbnail","hentry","category-bolivia","category-politica","tag-bolivia","tag-denuncia","tag-e-e-u-u","tag-ex-presidente-evo-morales-ayma","tag-intereses","tag-presion-politica"],"jetpack_publicize_connections":[],"yoast_head":"<!-- This site is optimized with the Yoast SEO plugin v23.4 - https:\/\/yoast.com\/wordpress\/plugins\/seo\/ -->\n<title>MORALES DENUNCIA PRESI\u00d3N POL\u00cdTICA DEL GOBIERNO DE PAZ POR INTERESES DE EEUU - innoticiasbo.com<\/title>\n<meta name=\"robots\" content=\"index, follow, max-snippet:-1, max-image-preview:large, max-video-preview:-1\" \/>\n<link rel=\"canonical\" href=\"https:\/\/innoticiasbo.com\/index.php\/2026\/09\/02\/morales-denuncia-presion-politica-del-gobierno-de-paz-por-intereses-de-eeuu\/\" \/>\n<meta property=\"og:locale\" content=\"es_ES\" \/>\n<meta property=\"og:type\" content=\"article\" \/>\n<meta property=\"og:title\" content=\"MORALES DENUNCIA PRESI\u00d3N POL\u00cdTICA DEL GOBIERNO DE PAZ POR INTERESES DE EEUU - innoticiasbo.com\" \/>\n<meta property=\"og:description\" content=\"2 de septiembre.- El expresidente Evo Morales denunci\u00f3 este mi\u00e9rcoles que existe presi\u00f3n pol\u00edtica desde el Gobierno de Rodrigo Paz sobre la Polic\u00eda y atribuy\u00f3 esa situaci\u00f3n a los intereses de Estados Unidos. Morales se pronunci\u00f3 tras las declaraciones del nuevo comandante interino de la Polic\u00eda, Javier \u00c1lvarez, quien se\u00f1al\u00f3 que la captura del exmandatario...\" \/>\n<meta property=\"og:url\" content=\"https:\/\/innoticiasbo.com\/index.php\/2026\/09\/02\/morales-denuncia-presion-politica-del-gobierno-de-paz-por-intereses-de-eeuu\/\" \/>\n<meta property=\"og:site_name\" content=\"innoticiasbo.com\" \/>\n<meta property=\"article:publisher\" content=\"https:\/\/www.facebook.com\/innoticiasbolivia\" \/>\n<meta property=\"article:published_time\" content=\"2026-09-02T14:05:36+00:00\" \/>\n<meta property=\"article:modified_time\" content=\"2026-09-02T14:07:04+00:00\" \/>\n<meta property=\"og:image\" content=\"https:\/\/i0.wp.com\/innoticiasbo.com\/wp-content\/uploads\/2026\/09\/image_editor_output_image2006504741-1788357999522.jpg?fit=997%2C553&ssl=1\" \/>\n\t<meta property=\"og:image:width\" content=\"997\" \/>\n\t<meta property=\"og:image:height\" content=\"553\" \/>\n\t<meta property=\"og:image:type\" content=\"image\/jpeg\" \/>\n<meta name=\"author\" content=\"Jason Gonzales\" \/>\n<meta name=\"twitter:card\" content=\"summary_large_image\" \/>\n<meta name=\"twitter:creator\" content=\"@innoticiasbo\" \/>\n<meta name=\"twitter:site\" content=\"@innoticiasbo\" \/>\n<meta name=\"twitter:label1\" content=\"Escrito por\" \/>\n\t<meta name=\"twitter:data1\" content=\"Jason Gonzales\" \/>\n\t<meta name=\"twitter:label2\" content=\"Tiempo de lectura\" \/>\n\t<meta name=\"twitter:data2\" content=\"2 minutos\" \/>\n<script type=\"application\/ld+json\" class=\"yoast-schema-graph\">{\"@context\":\"https:\/\/schema.org\",\"@graph\":[{\"@type\":\"Article\",\"@id\":\"https:\/\/innoticiasbo.com\/index.php\/2026\/09\/02\/morales-denuncia-presion-politica-del-gobierno-de-paz-por-intereses-de-eeuu\/#article\",\"isPartOf\":{\"@id\":\"https:\/\/innoticiasbo.com\/index.php\/2026\/09\/02\/morales-denuncia-presion-politica-del-gobierno-de-paz-por-intereses-de-eeuu\/\"},\"author\":{\"name\":\"Jason Gonzales\",\"@id\":\"https:\/\/innoticiasbo.com\/#\/schema\/person\/9af0c49836719fb5d47b55cc879140ce\"},\"headline\":\"MORALES DENUNCIA PRESI\u00d3N POL\u00cdTICA DEL GOBIERNO DE PAZ POR INTERESES DE EEUU\",\"datePublished\":\"2026-09-02T14:05:36+00:00\",\"dateModified\":\"2026-09-02T14:07:04+00:00\",\"mainEntityOfPage\":{\"@id\":\"https:\/\/innoticiasbo.com\/index.php\/2026\/09\/02\/morales-denuncia-presion-politica-del-gobierno-de-paz-por-intereses-de-eeuu\/\"},\"wordCount\":321,\"commentCount\":0,\"publisher\":{\"@id\":\"https:\/\/innoticiasbo.com\/#organization\"},\"image\":{\"@id\":\"https:\/\/innoticiasbo.com\/index.php\/2026\/09\/02\/morales-denuncia-presion-politica-del-gobierno-de-paz-por-intereses-de-eeuu\/#primaryimage\"},\"thumbnailUrl\":\"https:\/\/i0.wp.com\/innoticiasbo.com\/wp-content\/uploads\/2026\/09\/image_editor_output_image2006504741-1788357999522.jpg?fit=997%2C553&ssl=1\",\"keywords\":[\"Bolivia\",\"denuncia\",\"E.E.U.U.\",\"Ex presidente Evo Morales Ayma\",\"Intereses\",\"Presi\u00f3n Pol\u00edtica\"],\"articleSection\":[\"Bolivia\",\"Pol\u00edtica\"],\"inLanguage\":\"es\",\"potentialAction\":[{\"@type\":\"CommentAction\",\"name\":\"Comment\",\"target\":[\"https:\/\/innoticiasbo.com\/index.php\/2026\/09\/02\/morales-denuncia-presion-politica-del-gobierno-de-paz-por-intereses-de-eeuu\/#respond\"]}]},{\"@type\":\"WebPage\",\"@id\":\"https:\/\/innoticiasbo.com\/index.php\/2026\/09\/02\/morales-denuncia-presion-politica-del-gobierno-de-paz-por-intereses-de-eeuu\/\",\"url\":\"https:\/\/innoticiasbo.com\/index.php\/2026\/09\/02\/morales-denuncia-presion-politica-del-gobierno-de-paz-por-intereses-de-eeuu\/\",\"name\":\"MORALES DENUNCIA PRESI\u00d3N POL\u00cdTICA DEL GOBIERNO DE PAZ POR INTERESES DE EEUU - innoticiasbo.com\",\"isPartOf\":{\"@id\":\"https:\/\/innoticiasbo.com\/#website\"},\"primaryImageOfPage\":{\"@id\":\"https:\/\/innoticiasbo.com\/index.php\/2026\/09\/02\/morales-denuncia-presion-politica-del-gobierno-de-paz-por-intereses-de-eeuu\/#primaryimage\"},\"image\":{\"@id\":\"https:\/\/innoticiasbo.com\/index.php\/2026\/09\/02\/morales-denuncia-presion-politica-del-gobierno-de-paz-por-intereses-de-eeuu\/#primaryimage\"},\"thumbnailUrl\":\"https:\/\/i0.wp.com\/innoticiasbo.com\/wp-content\/uploads\/2026\/09\/image_editor_output_image2006504741-1788357999522.jpg?fit=997%2C553&ssl=1\",\"datePublished\":\"2026-09-02T14:05:36+00:00\",\"dateModified\":\"2026-09-02T14:07:04+00:00\",\"breadcrumb\":{\"@id\":\"https:\/\/innoticiasbo.com\/index.php\/2026\/09\/02\/morales-denuncia-presion-politica-del-gobierno-de-paz-por-intereses-de-eeuu\/#breadcrumb\"},\"inLanguage\":\"es\",\"potentialAction\":[{\"@type\":\"ReadAction\",\"target\":[\"https:\/\/innoticiasbo.com\/index.php\/2026\/09\/02\/morales-denuncia-presion-politica-del-gobierno-de-paz-por-intereses-de-eeuu\/\"]}]},{\"@type\":\"ImageObject\",\"inLanguage\":\"es\",\"@id\":\"https:\/\/innoticiasbo.com\/index.php\/2026\/09\/02\/morales-denuncia-presion-politica-del-gobierno-de-paz-por-intereses-de-eeuu\/#primaryimage\",\"url\":\"https:\/\/i0.wp.com\/innoticiasbo.com\/wp-content\/uploads\/2026\/09\/image_editor_output_image2006504741-1788357999522.jpg?fit=997%2C553&ssl=1\",\"contentUrl\":\"https:\/\/i0.wp.com\/innoticiasbo.com\/wp-content\/uploads\/2026\/09\/image_editor_output_image2006504741-1788357999522.jpg?fit=997%2C553&ssl=1\",\"width\":997,\"height\":553},{\"@type\":\"BreadcrumbList\",\"@id\":\"https:\/\/innoticiasbo.com\/index.php\/2026\/09\/02\/morales-denuncia-presion-politica-del-gobierno-de-paz-por-intereses-de-eeuu\/#breadcrumb\",\"itemListElement\":[{\"@type\":\"ListItem\",\"position\":1,\"name\":\"Portada\",\"item\":\"https:\/\/innoticiasbo.com\/\"},{\"@type\":\"ListItem\",\"position\":2,\"name\":\"MORALES DENUNCIA PRESI\u00d3N POL\u00cdTICA DEL GOBIERNO DE PAZ POR INTERESES DE EEUU\"}]},{\"@type\":\"WebSite\",\"@id\":\"https:\/\/innoticiasbo.com\/#website\",\"url\":\"https:\/\/innoticiasbo.com\/\",\"name\":\"innoticiasbo.com\",\"description\":\"\",\"publisher\":{\"@id\":\"https:\/\/innoticiasbo.com\/#organization\"},\"potentialAction\":[{\"@type\":\"SearchAction\",\"target\":{\"@type\":\"EntryPoint\",\"urlTemplate\":\"https:\/\/innoticiasbo.com\/?s={search_term_string}\"},\"query-input\":{\"@type\":\"PropertyValueSpecification\",\"valueRequired\":true,\"valueName\":\"search_term_string\"}}],\"inLanguage\":\"es\"},{\"@type\":\"Organization\",\"@id\":\"https:\/\/innoticiasbo.com\/#organization\",\"name\":\"innoticiasbo.com\",\"url\":\"https:\/\/innoticiasbo.com\/\",\"logo\":{\"@type\":\"ImageObject\",\"inLanguage\":\"es\",\"@id\":\"https:\/\/innoticiasbo.com\/#\/schema\/logo\/image\/\",\"url\":\"https:\/\/i0.wp.com\/innoticiasbo.com\/wp-content\/uploads\/2026\/04\/cropped-IN-LOGO.png?fit=1476%2C1476&ssl=1\",\"contentUrl\":\"https:\/\/i0.wp.com\/innoticiasbo.com\/wp-content\/uploads\/2026\/04\/cropped-IN-LOGO.png?fit=1476%2C1476&ssl=1\",\"width\":1476,\"height\":1476,\"caption\":\"innoticiasbo.com\"},\"image\":{\"@id\":\"https:\/\/innoticiasbo.com\/#\/schema\/logo\/image\/\"},\"sameAs\":[\"https:\/\/www.facebook.com\/innoticiasbolivia\",\"https:\/\/x.com\/innoticiasbo\",\"https:\/\/www.instagram.com\/innoticiasbo\",\"https:\/\/www.youtube.com\/innoticiasbo\"]},{\"@type\":\"Person\",\"@id\":\"https:\/\/innoticiasbo.com\/#\/schema\/person\/9af0c49836719fb5d47b55cc879140ce\",\"name\":\"Jason Gonzales\",\"image\":{\"@type\":\"ImageObject\",\"inLanguage\":\"es\",\"@id\":\"https:\/\/innoticiasbo.com\/#\/schema\/person\/image\/\",\"url\":\"https:\/\/secure.gravatar.com\/avatar\/ff64cacc93e8658997d62d298b4dff23?s=96&d=mm&r=g\",\"contentUrl\":\"https:\/\/secure.gravatar.com\/avatar\/ff64cacc93e8658997d62d298b4dff23?s=96&d=mm&r=g\",\"caption\":\"Jason Gonzales\"},\"sameAs\":[\"http:\/\/www.innoticiasbo.com\"],\"url\":\"https:\/\/innoticiasbo.com\/index.php\/author\/prensa-8\/\"}]}<\/script>\n<!-- \/ Yoast SEO plugin. -->","yoast_head_json":{"title":"MORALES DENUNCIA PRESI\u00d3N POL\u00cdTICA DEL GOBIERNO DE PAZ POR INTERESES DE EEUU - innoticiasbo.com","robots":{"index":"index","follow":"follow","max-snippet":"max-snippet:-1","max-image-preview":"max-image-preview:large","max-video-preview":"max-video-preview:-1"},"canonical":"https:\/\/innoticiasbo.com\/index.php\/2026\/09\/02\/morales-denuncia-presion-politica-del-gobierno-de-paz-por-intereses-de-eeuu\/","og_locale":"es_ES","og_type":"article","og_title":"MORALES DENUNCIA PRESI\u00d3N POL\u00cdTICA DEL GOBIERNO DE PAZ POR INTERESES DE EEUU - innoticiasbo.com","og_description":"2 de septiembre.- El expresidente Evo Morales denunci\u00f3 este mi\u00e9rcoles que existe presi\u00f3n pol\u00edtica desde el Gobierno de Rodrigo Paz sobre la Polic\u00eda y atribuy\u00f3 esa situaci\u00f3n a los intereses de Estados Unidos. Morales se pronunci\u00f3 tras las declaraciones del nuevo comandante interino de la Polic\u00eda, Javier \u00c1lvarez, quien se\u00f1al\u00f3 que la captura del exmandatario...","og_url":"https:\/\/innoticiasbo.com\/index.php\/2026\/09\/02\/morales-denuncia-presion-politica-del-gobierno-de-paz-por-intereses-de-eeuu\/","og_site_name":"innoticiasbo.com","article_publisher":"https:\/\/www.facebook.com\/innoticiasbolivia","article_published_time":"2026-09-02T14:05:36+00:00","article_modified_time":"2026-09-02T14:07:04+00:00","og_image":[{"width":997,"height":553,"url":"https:\/\/i0.wp.com\/innoticiasbo.com\/wp-content\/uploads\/2026\/09\/image_editor_output_image2006504741-1788357999522.jpg?fit=997%2C553&ssl=1","type":"image\/jpeg"}],"author":"Jason Gonzales","twitter_card":"summary_large_image","twitter_creator":"@innoticiasbo","twitter_site":"@innoticiasbo","twitter_misc":{"Escrito por":"Jason Gonzales","Tiempo de lectura":"2 minutos"},"schema":{"@context":"https:\/\/schema.org","@graph":[{"@type":"Article","@id":"https:\/\/innoticiasbo.com\/index.php\/2026\/09\/02\/morales-denuncia-presion-politica-del-gobierno-de-paz-por-intereses-de-eeuu\/#article","isPartOf":{"@id":"https:\/\/innoticiasbo.com\/index.php\/2026\/09\/02\/morales-denuncia-presion-politica-del-gobierno-de-paz-por-intereses-de-eeuu\/"},"author":{"name":"Jason Gonzales","@id":"https:\/\/innoticiasbo.com\/#\/schema\/person\/9af0c49836719fb5d47b55cc879140ce"},"headline":"MORALES DENUNCIA PRESI\u00d3N POL\u00cdTICA DEL GOBIERNO DE PAZ POR INTERESES DE EEUU","datePublished":"2026-09-02T14:05:36+00:00","dateModified":"2026-09-02T14:07:04+00:00","mainEntityOfPage":{"@id":"https:\/\/innoticiasbo.com\/index.php\/2026\/09\/02\/morales-denuncia-presion-politica-del-gobierno-de-paz-por-intereses-de-eeuu\/"},"wordCount":321,"commentCount":0,"publisher":{"@id":"https:\/\/innoticiasbo.com\/#organization"},"image":{"@id":"https:\/\/innoticiasbo.com\/index.php\/2026\/09\/02\/morales-denuncia-presion-politica-del-gobierno-de-paz-por-intereses-de-eeuu\/#primaryimage"},"thumbnailUrl":"https:\/\/i0.wp.com\/innoticiasbo.com\/wp-content\/uploads\/2026\/09\/image_editor_output_image2006504741-1788357999522.jpg?fit=997%2C553&ssl=1","keywords":["Bolivia","denuncia","E.E.U.U.","Ex presidente Evo Morales Ayma","Intereses","Presi\u00f3n Pol\u00edtica"],"articleSection":["Bolivia","Pol\u00edtica"],"inLanguage":"es","potentialAction":[{"@type":"CommentAction","name":"Comment","target":["https:\/\/innoticiasbo.com\/index.php\/2026\/09\/02\/morales-denuncia-presion-politica-del-gobierno-de-paz-por-intereses-de-eeuu\/#respond"]}]},{"@type":"WebPage","@id":"https:\/\/innoticiasbo.com\/index.php\/2026\/09\/02\/morales-denuncia-presion-politica-del-gobierno-de-paz-por-intereses-de-eeuu\/","url":"https:\/\/innoticiasbo.com\/index.php\/2026\/09\/02\/morales-denuncia-presion-politica-del-gobierno-de-paz-por-intereses-de-eeuu\/","name":"MORALES DENUNCIA PRESI\u00d3N POL\u00cdTICA DEL GOBIERNO DE PAZ POR INTERESES DE EEUU - innoticiasbo.com","isPartOf":{"@id":"https:\/\/innoticiasbo.com\/#website"},"primaryImageOfPage":{"@id":"https:\/\/innoticiasbo.com\/index.php\/2026\/09\/02\/morales-denuncia-presion-politica-del-gobierno-de-paz-por-intereses-de-eeuu\/#primaryimage"},"image":{"@id":"https:\/\/innoticiasbo.com\/index.php\/2026\/09\/02\/morales-denuncia-presion-politica-del-gobierno-de-paz-por-intereses-de-eeuu\/#primaryimage"},"thumbnailUrl":"https:\/\/i0.wp.com\/innoticiasbo.com\/wp-content\/uploads\/2026\/09\/image_editor_output_image2006504741-1788357999522.jpg?fit=997%2C553&ssl=1","datePublished":"2026-09-02T14:05:36+00:00","dateModified":"2026-09-02T14:07:04+00:00","breadcrumb":{"@id":"https:\/\/innoticiasbo.com\/index.php\/2026\/09\/02\/morales-denuncia-presion-politica-del-gobierno-de-paz-por-intereses-de-eeuu\/#breadcrumb"},"inLanguage":"es","potentialAction":[{"@type":"ReadAction","target":["https:\/\/innoticiasbo.com\/index.php\/2026\/09\/02\/morales-denuncia-presion-politica-del-gobierno-de-paz-por-intereses-de-eeuu\/"]}]},{"@type":"ImageObject","inLanguage":"es","@id":"https:\/\/innoticiasbo.com\/index.php\/2026\/09\/02\/morales-denuncia-presion-politica-del-gobierno-de-paz-por-intereses-de-eeuu\/#primaryimage","url":"https:\/\/i0.wp.com\/innoticiasbo.com\/wp-content\/uploads\/2026\/09\/image_editor_output_image2006504741-1788357999522.jpg?fit=997%2C553&ssl=1","contentUrl":"https:\/\/i0.wp.com\/innoticiasbo.com\/wp-content\/uploads\/2026\/09\/image_editor_output_image2006504741-1788357999522.jpg?fit=997%2C553&ssl=1","width":997,"height":553},{"@type":"BreadcrumbList","@id":"https:\/\/innoticiasbo.com\/index.php\/2026\/09\/02\/morales-denuncia-presion-politica-del-gobierno-de-paz-por-intereses-de-eeuu\/#breadcrumb","itemListElement":[{"@type":"ListItem","position":1,"name":"Portada","item":"https:\/\/innoticiasbo.com\/"},{"@type":"ListItem","position":2,"name":"MORALES DENUNCIA PRESI\u00d3N POL\u00cdTICA DEL GOBIERNO DE PAZ POR INTERESES DE EEUU"}]},{"@type":"WebSite","@id":"https:\/\/innoticiasbo.com\/#website","url":"https:\/\/innoticiasbo.com\/","name":"innoticiasbo.com","description":"","publisher":{"@id":"https:\/\/innoticiasbo.com\/#organization"},"potentialAction":[{"@type":"SearchAction","target":{"@type":"EntryPoint","urlTemplate":"https:\/\/innoticiasbo.com\/?s={search_term_string}"},"query-input":{"@type":"PropertyValueSpecification","valueRequired":true,"valueName":"search_term_string"}}],"inLanguage":"es"},{"@type":"Organization","@id":"https:\/\/innoticiasbo.com\/#organization","name":"innoticiasbo.com","url":"https:\/\/innoticiasbo.com\/","logo":{"@type":"ImageObject","inLanguage":"es","@id":"https:\/\/innoticiasbo.com\/#\/schema\/logo\/image\/","url":"https:\/\/i0.wp.com\/innoticiasbo.com\/wp-content\/uploads\/2026\/04\/cropped-IN-LOGO.png?fit=1476%2C1476&ssl=1","contentUrl":"https:\/\/i0.wp.com\/innoticiasbo.com\/wp-content\/uploads\/2026\/04\/cropped-IN-LOGO.png?fit=1476%2C1476&ssl=1","width":1476,"height":1476,"caption":"innoticiasbo.com"},"image":{"@id":"https:\/\/innoticiasbo.com\/#\/schema\/logo\/image\/"},"sameAs":["https:\/\/www.facebook.com\/innoticiasbolivia","https:\/\/x.com\/innoticiasbo","https:\/\/www.instagram.com\/innoticiasbo","https:\/\/www.youtube.com\/innoticiasbo"]},{"@type":"Person","@id":"https:\/\/innoticiasbo.com\/#\/schema\/person\/9af0c49836719fb5d47b55cc879140ce","name":"Jason Gonzales","image":{"@type":"ImageObject","inLanguage":"es","@id":"https:\/\/innoticiasbo.com\/#\/schema\/person\/image\/","url":"https:\/\/secure.gravatar.com\/avatar\/ff64cacc93e8658997d62d298b4dff23?s=96&d=mm&r=g","contentUrl":"https:\/\/secure.gravatar.com\/avatar\/ff64cacc93e8658997d62d298b4dff23?s=96&d=mm&r=g","caption":"Jason Gonzales"},"sameAs":["http:\/\/www.innoticiasbo.com"],"url":"https:\/\/innoticiasbo.com\/index.php\/author\/prensa-8\/"}]}},"jetpack_featured_media_url":"https:\/\/i0.wp.com\/innoticiasbo.com\/wp-content\/uploads\/2026\/09\/image_editor_output_image2006504741-1788357999522.jpg?fit=997%2C553&ssl=1","jetpack_likes_enabled":true,"jetpack_sharing_enabled":true,"jetpack_shortlink":"https:\/\/wp.me\/pg298x-41Z","_links":{"self":[{"href":"https:\/\/innoticiasbo.com\/index.php\/wp-json\/wp\/v2\/posts\/15499","targetHints":{"allow":["GET"]}}],"collection":[{"href":"https:\/\/innoticiasbo.com\/index.php\/wp-json\/wp\/v2\/posts"}],"about":[{"href":"https:\/\/innoticiasbo.com\/index.php\/wp-json\/wp\/v2\/types\/post"}],"author":[{"embeddable":true,"href":"https:\/\/innoticiasbo.com\/index.php\/wp-json\/wp\/v2\/users\/12"}],"replies":[{"embeddable":true,"href":"https:\/\/innoticiasbo.com\/index.php\/wp-json\/wp\/v2\/comments?post=15499"}],"version-history":[{"count":1,"href":"https:\/\/innoticiasbo.com\/index.php\/wp-json\/wp\/v2\/posts\/15499\/revisions"}],"predecessor-version":[{"id":15500,"href":"https:\/\/innoticiasbo.com\/index.php\/wp-json\/wp\/v2\/posts\/15499\/revisions\/15500"}],"wp:featuredmedia":[{"embeddable":true,"href":"https:\/\/innoticiasbo.com\/index.php\/wp-json\/wp\/v2\/media\/15498"}],"wp:attachment":[{"href":"https:\/\/innoticiasbo.com\/index.php\/wp-json\/wp\/v2\/media?parent=15499"}],"wp:term":[{"taxonomy":"category","embeddable":true,"href":"https:\/\/innoticiasbo.com\/index.php\/wp-json\/wp\/v2\/categories?post=15499"},{"taxonomy":"post_tag","embeddable":true,"href":"https:\/\/innoticiasbo.com\/index.php\/wp-json\/wp\/v2\/tags?post=15499"}],"curies":[{"name":"wp","href":"https:\/\/api.w.org\/{rel}","templated":true}]}}