{"id":15495,"date":"2026-09-02T09:56:02","date_gmt":"2026-09-02T13:56:02","guid":{"rendered":"https:\/\/innoticiasbo.com\/?p=15495"},"modified":"2026-09-02T09:57:10","modified_gmt":"2026-09-02T13:57:10","slug":"inician-erradicacion-de-coca-en-zonas-no-autorizadas-de-la-asunta","status":"publish","type":"post","link":"https:\/\/innoticiasbo.com\/index.php\/2026\/09\/02\/inician-erradicacion-de-coca-en-zonas-no-autorizadas-de-la-asunta\/","title":{"rendered":"INICIAN ERRADICACI\u00d3N DE COCA EN ZONAS NO AUTORIZADAS DE LA ASUNTA"},"content":{"rendered":"\n<figure class=\"wp-block-image size-large\"><img data-recalc-dims=\"1\" loading=\"lazy\" decoding=\"async\" width=\"640\" height=\"478\" src=\"https:\/\/i0.wp.com\/innoticiasbo.com\/wp-content\/uploads\/2026\/09\/image_editor_output_image-1920123828-17883572756151414553513775620294.jpg?resize=640%2C478&#038;ssl=1\" alt=\"\" class=\"wp-image-15493\" srcset=\"https:\/\/i0.wp.com\/innoticiasbo.com\/wp-content\/uploads\/2026\/09\/image_editor_output_image-1920123828-17883572756151414553513775620294.jpg?w=1002&amp;ssl=1 1002w, https:\/\/i0.wp.com\/innoticiasbo.com\/wp-content\/uploads\/2026\/09\/image_editor_output_image-1920123828-17883572756151414553513775620294.jpg?resize=300%2C224&amp;ssl=1 300w, https:\/\/i0.wp.com\/innoticiasbo.com\/wp-content\/uploads\/2026\/09\/image_editor_output_image-1920123828-17883572756151414553513775620294.jpg?resize=768%2C573&amp;ssl=1 768w\" sizes=\"auto, (max-width: 640px) 100vw, 640px\" \/><\/figure>\n\n\n\n<p>2 de septiembre.- El Gobierno dio inicio a las tareas de erradicaci\u00f3n de cultivos de coca instalados en zonas no autorizadas del municipio de La Asunta, en los Yungas de La Paz.<br><br>Las primeras acciones se ejecutaron en la comunidad de Puerto Carmen, fuera de las \u00e1reas reconocidas para la producci\u00f3n legal de hoja de coca.<br><br>El operativo cuenta con la participaci\u00f3n del Comando Estrat\u00e9gico Operacional \u201cTte. Gironda\u201d, la Direcci\u00f3n General de Desarrollo Integral de Comunidades Productoras de la Hoja de Coca, la Unidad de Polic\u00eda Ecol\u00f3gica, el componente policial y el Viceministerio de Lucha Integral Contra el Narcotr\u00e1fico.<\/p>\n\n\n\n<p>La intervenci\u00f3n se sustenta en la Ley 906, General de la Coca, y su Decreto Supremo Reglamentario 3318, que establecen las zonas autorizadas para la producci\u00f3n de la hoja de coca.<br><br>El Gobierno se\u00f1al\u00f3 que las acciones buscan preservar la producci\u00f3n legal y tradicional de coca y eliminar los cultivos establecidos fuera de las \u00e1reas permitidas.<br><br>La erradicaci\u00f3n de la hoja de coca en lugares no autorizados se realiza por razones legales, ambientales y de seguridad nacional. Los gobiernos aplican estas medidas para controlar la producci\u00f3n y evitar el desv\u00edo de la planta hacia actividades il\u00edcitas.<\/p>\n\n\n\n<p>Fuente: La Raz\u00f3n <\/p>\n","protected":false},"excerpt":{"rendered":"<p>2 de septiembre.- El Gobierno dio inicio a las tareas de erradicaci\u00f3n de cultivos de coca instalados en zonas no autorizadas del municipio de La Asunta, en los Yungas de La Paz. Las primeras acciones se ejecutaron en la comunidad de Puerto Carmen, fuera de las \u00e1reas reconocidas para la producci\u00f3n legal de hoja de&#8230;<\/p>\n","protected":false},"author":12,"featured_media":15494,"comment_status":"open","ping_status":"open","sticky":false,"template":"","format":"standard","meta":{"_jetpack_memberships_contains_paid_content":false,"footnotes":"","jetpack_publicize_message":"","jetpack_publicize_feature_enabled":true,"jetpack_social_post_already_shared":true,"jetpack_social_options":{"image_generator_settings":{"template":"highway","enabled":false},"version":2}},"categories":[1],"tags":[4020,7,1289,4018,177,303,4017,4019],"class_list":["post-15495","post","type-post","status-publish","format-standard","has-post-thumbnail","hentry","category-bolivia","tag-asunta","tag-bolivia","tag-coca","tag-erradicar","tag-gobierno","tag-militares","tag-ordeno","tag-zonas"],"jetpack_publicize_connections":[],"yoast_head":"<!-- This site is optimized with the Yoast SEO plugin v23.4 - https:\/\/yoast.com\/wordpress\/plugins\/seo\/ -->\n<title>INICIAN ERRADICACI\u00d3N DE COCA EN ZONAS NO AUTORIZADAS DE LA ASUNTA - innoticiasbo.com<\/title>\n<meta name=\"robots\" content=\"index, follow, max-snippet:-1, max-image-preview:large, max-video-preview:-1\" \/>\n<link rel=\"canonical\" href=\"https:\/\/innoticiasbo.com\/index.php\/2026\/09\/02\/inician-erradicacion-de-coca-en-zonas-no-autorizadas-de-la-asunta\/\" \/>\n<meta property=\"og:locale\" content=\"es_ES\" \/>\n<meta property=\"og:type\" content=\"article\" \/>\n<meta property=\"og:title\" content=\"INICIAN ERRADICACI\u00d3N DE COCA EN ZONAS NO AUTORIZADAS DE LA ASUNTA - innoticiasbo.com\" \/>\n<meta property=\"og:description\" content=\"2 de septiembre.- El Gobierno dio inicio a las tareas de erradicaci\u00f3n de cultivos de coca instalados en zonas no autorizadas del municipio de La Asunta, en los Yungas de La Paz. Las primeras acciones se ejecutaron en la comunidad de Puerto Carmen, fuera de las \u00e1reas reconocidas para la producci\u00f3n legal de hoja de...\" \/>\n<meta property=\"og:url\" content=\"https:\/\/innoticiasbo.com\/index.php\/2026\/09\/02\/inician-erradicacion-de-coca-en-zonas-no-autorizadas-de-la-asunta\/\" \/>\n<meta property=\"og:site_name\" content=\"innoticiasbo.com\" \/>\n<meta property=\"article:publisher\" content=\"https:\/\/www.facebook.com\/innoticiasbolivia\" \/>\n<meta property=\"article:published_time\" content=\"2026-09-02T13:56:02+00:00\" \/>\n<meta property=\"article:modified_time\" content=\"2026-09-02T13:57:10+00:00\" \/>\n<meta property=\"og:image\" content=\"https:\/\/i0.wp.com\/innoticiasbo.com\/wp-content\/uploads\/2026\/09\/image_editor_output_image-1920123828-1788357406530.jpg?fit=1000%2C752&ssl=1\" \/>\n\t<meta property=\"og:image:width\" content=\"1000\" \/>\n\t<meta property=\"og:image:height\" content=\"752\" \/>\n\t<meta property=\"og:image:type\" content=\"image\/jpeg\" \/>\n<meta name=\"author\" content=\"Jason Gonzales\" \/>\n<meta name=\"twitter:card\" content=\"summary_large_image\" \/>\n<meta name=\"twitter:creator\" content=\"@innoticiasbo\" \/>\n<meta name=\"twitter:site\" content=\"@innoticiasbo\" \/>\n<meta name=\"twitter:label1\" content=\"Escrito por\" \/>\n\t<meta name=\"twitter:data1\" content=\"Jason Gonzales\" \/>\n\t<meta name=\"twitter:label2\" content=\"Tiempo de lectura\" \/>\n\t<meta name=\"twitter:data2\" content=\"1 minuto\" \/>\n<script type=\"application\/ld+json\" class=\"yoast-schema-graph\">{\"@context\":\"https:\/\/schema.org\",\"@graph\":[{\"@type\":\"Article\",\"@id\":\"https:\/\/innoticiasbo.com\/index.php\/2026\/09\/02\/inician-erradicacion-de-coca-en-zonas-no-autorizadas-de-la-asunta\/#article\",\"isPartOf\":{\"@id\":\"https:\/\/innoticiasbo.com\/index.php\/2026\/09\/02\/inician-erradicacion-de-coca-en-zonas-no-autorizadas-de-la-asunta\/\"},\"author\":{\"name\":\"Jason Gonzales\",\"@id\":\"https:\/\/innoticiasbo.com\/#\/schema\/person\/9af0c49836719fb5d47b55cc879140ce\"},\"headline\":\"INICIAN ERRADICACI\u00d3N DE COCA EN ZONAS NO AUTORIZADAS DE LA ASUNTA\",\"datePublished\":\"2026-09-02T13:56:02+00:00\",\"dateModified\":\"2026-09-02T13:57:10+00:00\",\"mainEntityOfPage\":{\"@id\":\"https:\/\/innoticiasbo.com\/index.php\/2026\/09\/02\/inician-erradicacion-de-coca-en-zonas-no-autorizadas-de-la-asunta\/\"},\"wordCount\":225,\"commentCount\":0,\"publisher\":{\"@id\":\"https:\/\/innoticiasbo.com\/#organization\"},\"image\":{\"@id\":\"https:\/\/innoticiasbo.com\/index.php\/2026\/09\/02\/inician-erradicacion-de-coca-en-zonas-no-autorizadas-de-la-asunta\/#primaryimage\"},\"thumbnailUrl\":\"https:\/\/i0.wp.com\/innoticiasbo.com\/wp-content\/uploads\/2026\/09\/image_editor_output_image-1920123828-1788357406530.jpg?fit=1000%2C752&ssl=1\",\"keywords\":[\"Asunta\",\"Bolivia\",\"Coca\",\"Erradicar\",\"gobierno\",\"militares\",\"Ordeno\",\"Zonas\"],\"articleSection\":[\"Bolivia\"],\"inLanguage\":\"es\",\"potentialAction\":[{\"@type\":\"CommentAction\",\"name\":\"Comment\",\"target\":[\"https:\/\/innoticiasbo.com\/index.php\/2026\/09\/02\/inician-erradicacion-de-coca-en-zonas-no-autorizadas-de-la-asunta\/#respond\"]}]},{\"@type\":\"WebPage\",\"@id\":\"https:\/\/innoticiasbo.com\/index.php\/2026\/09\/02\/inician-erradicacion-de-coca-en-zonas-no-autorizadas-de-la-asunta\/\",\"url\":\"https:\/\/innoticiasbo.com\/index.php\/2026\/09\/02\/inician-erradicacion-de-coca-en-zonas-no-autorizadas-de-la-asunta\/\",\"name\":\"INICIAN ERRADICACI\u00d3N DE COCA EN ZONAS NO AUTORIZADAS DE LA ASUNTA - innoticiasbo.com\",\"isPartOf\":{\"@id\":\"https:\/\/innoticiasbo.com\/#website\"},\"primaryImageOfPage\":{\"@id\":\"https:\/\/innoticiasbo.com\/index.php\/2026\/09\/02\/inician-erradicacion-de-coca-en-zonas-no-autorizadas-de-la-asunta\/#primaryimage\"},\"image\":{\"@id\":\"https:\/\/innoticiasbo.com\/index.php\/2026\/09\/02\/inician-erradicacion-de-coca-en-zonas-no-autorizadas-de-la-asunta\/#primaryimage\"},\"thumbnailUrl\":\"https:\/\/i0.wp.com\/innoticiasbo.com\/wp-content\/uploads\/2026\/09\/image_editor_output_image-1920123828-1788357406530.jpg?fit=1000%2C752&ssl=1\",\"datePublished\":\"2026-09-02T13:56:02+00:00\",\"dateModified\":\"2026-09-02T13:57:10+00:00\",\"breadcrumb\":{\"@id\":\"https:\/\/innoticiasbo.com\/index.php\/2026\/09\/02\/inician-erradicacion-de-coca-en-zonas-no-autorizadas-de-la-asunta\/#breadcrumb\"},\"inLanguage\":\"es\",\"potentialAction\":[{\"@type\":\"ReadAction\",\"target\":[\"https:\/\/innoticiasbo.com\/index.php\/2026\/09\/02\/inician-erradicacion-de-coca-en-zonas-no-autorizadas-de-la-asunta\/\"]}]},{\"@type\":\"ImageObject\",\"inLanguage\":\"es\",\"@id\":\"https:\/\/innoticiasbo.com\/index.php\/2026\/09\/02\/inician-erradicacion-de-coca-en-zonas-no-autorizadas-de-la-asunta\/#primaryimage\",\"url\":\"https:\/\/i0.wp.com\/innoticiasbo.com\/wp-content\/uploads\/2026\/09\/image_editor_output_image-1920123828-1788357406530.jpg?fit=1000%2C752&ssl=1\",\"contentUrl\":\"https:\/\/i0.wp.com\/innoticiasbo.com\/wp-content\/uploads\/2026\/09\/image_editor_output_image-1920123828-1788357406530.jpg?fit=1000%2C752&ssl=1\",\"width\":1000,\"height\":752},{\"@type\":\"BreadcrumbList\",\"@id\":\"https:\/\/innoticiasbo.com\/index.php\/2026\/09\/02\/inician-erradicacion-de-coca-en-zonas-no-autorizadas-de-la-asunta\/#breadcrumb\",\"itemListElement\":[{\"@type\":\"ListItem\",\"position\":1,\"name\":\"Portada\",\"item\":\"https:\/\/innoticiasbo.com\/\"},{\"@type\":\"ListItem\",\"position\":2,\"name\":\"INICIAN ERRADICACI\u00d3N DE COCA EN ZONAS NO AUTORIZADAS DE LA ASUNTA\"}]},{\"@type\":\"WebSite\",\"@id\":\"https:\/\/innoticiasbo.com\/#website\",\"url\":\"https:\/\/innoticiasbo.com\/\",\"name\":\"innoticiasbo.com\",\"description\":\"\",\"publisher\":{\"@id\":\"https:\/\/innoticiasbo.com\/#organization\"},\"potentialAction\":[{\"@type\":\"SearchAction\",\"target\":{\"@type\":\"EntryPoint\",\"urlTemplate\":\"https:\/\/innoticiasbo.com\/?s={search_term_string}\"},\"query-input\":{\"@type\":\"PropertyValueSpecification\",\"valueRequired\":true,\"valueName\":\"search_term_string\"}}],\"inLanguage\":\"es\"},{\"@type\":\"Organization\",\"@id\":\"https:\/\/innoticiasbo.com\/#organization\",\"name\":\"innoticiasbo.com\",\"url\":\"https:\/\/innoticiasbo.com\/\",\"logo\":{\"@type\":\"ImageObject\",\"inLanguage\":\"es\",\"@id\":\"https:\/\/innoticiasbo.com\/#\/schema\/logo\/image\/\",\"url\":\"https:\/\/i0.wp.com\/innoticiasbo.com\/wp-content\/uploads\/2026\/04\/cropped-IN-LOGO.png?fit=1476%2C1476&ssl=1\",\"contentUrl\":\"https:\/\/i0.wp.com\/innoticiasbo.com\/wp-content\/uploads\/2026\/04\/cropped-IN-LOGO.png?fit=1476%2C1476&ssl=1\",\"width\":1476,\"height\":1476,\"caption\":\"innoticiasbo.com\"},\"image\":{\"@id\":\"https:\/\/innoticiasbo.com\/#\/schema\/logo\/image\/\"},\"sameAs\":[\"https:\/\/www.facebook.com\/innoticiasbolivia\",\"https:\/\/x.com\/innoticiasbo\",\"https:\/\/www.instagram.com\/innoticiasbo\",\"https:\/\/www.youtube.com\/innoticiasbo\"]},{\"@type\":\"Person\",\"@id\":\"https:\/\/innoticiasbo.com\/#\/schema\/person\/9af0c49836719fb5d47b55cc879140ce\",\"name\":\"Jason Gonzales\",\"image\":{\"@type\":\"ImageObject\",\"inLanguage\":\"es\",\"@id\":\"https:\/\/innoticiasbo.com\/#\/schema\/person\/image\/\",\"url\":\"https:\/\/secure.gravatar.com\/avatar\/ff64cacc93e8658997d62d298b4dff23?s=96&d=mm&r=g\",\"contentUrl\":\"https:\/\/secure.gravatar.com\/avatar\/ff64cacc93e8658997d62d298b4dff23?s=96&d=mm&r=g\",\"caption\":\"Jason Gonzales\"},\"sameAs\":[\"http:\/\/www.innoticiasbo.com\"],\"url\":\"https:\/\/innoticiasbo.com\/index.php\/author\/prensa-8\/\"}]}<\/script>\n<!-- \/ Yoast SEO plugin. -->","yoast_head_json":{"title":"INICIAN ERRADICACI\u00d3N DE COCA EN ZONAS NO AUTORIZADAS DE LA ASUNTA - innoticiasbo.com","robots":{"index":"index","follow":"follow","max-snippet":"max-snippet:-1","max-image-preview":"max-image-preview:large","max-video-preview":"max-video-preview:-1"},"canonical":"https:\/\/innoticiasbo.com\/index.php\/2026\/09\/02\/inician-erradicacion-de-coca-en-zonas-no-autorizadas-de-la-asunta\/","og_locale":"es_ES","og_type":"article","og_title":"INICIAN ERRADICACI\u00d3N DE COCA EN ZONAS NO AUTORIZADAS DE LA ASUNTA - innoticiasbo.com","og_description":"2 de septiembre.- El Gobierno dio inicio a las tareas de erradicaci\u00f3n de cultivos de coca instalados en zonas no autorizadas del municipio de La Asunta, en los Yungas de La Paz. Las primeras acciones se ejecutaron en la comunidad de Puerto Carmen, fuera de las \u00e1reas reconocidas para la producci\u00f3n legal de hoja de...","og_url":"https:\/\/innoticiasbo.com\/index.php\/2026\/09\/02\/inician-erradicacion-de-coca-en-zonas-no-autorizadas-de-la-asunta\/","og_site_name":"innoticiasbo.com","article_publisher":"https:\/\/www.facebook.com\/innoticiasbolivia","article_published_time":"2026-09-02T13:56:02+00:00","article_modified_time":"2026-09-02T13:57:10+00:00","og_image":[{"width":1000,"height":752,"url":"https:\/\/i0.wp.com\/innoticiasbo.com\/wp-content\/uploads\/2026\/09\/image_editor_output_image-1920123828-1788357406530.jpg?fit=1000%2C752&ssl=1","type":"image\/jpeg"}],"author":"Jason Gonzales","twitter_card":"summary_large_image","twitter_creator":"@innoticiasbo","twitter_site":"@innoticiasbo","twitter_misc":{"Escrito por":"Jason Gonzales","Tiempo de lectura":"1 minuto"},"schema":{"@context":"https:\/\/schema.org","@graph":[{"@type":"Article","@id":"https:\/\/innoticiasbo.com\/index.php\/2026\/09\/02\/inician-erradicacion-de-coca-en-zonas-no-autorizadas-de-la-asunta\/#article","isPartOf":{"@id":"https:\/\/innoticiasbo.com\/index.php\/2026\/09\/02\/inician-erradicacion-de-coca-en-zonas-no-autorizadas-de-la-asunta\/"},"author":{"name":"Jason Gonzales","@id":"https:\/\/innoticiasbo.com\/#\/schema\/person\/9af0c49836719fb5d47b55cc879140ce"},"headline":"INICIAN ERRADICACI\u00d3N DE COCA EN ZONAS NO AUTORIZADAS DE LA ASUNTA","datePublished":"2026-09-02T13:56:02+00:00","dateModified":"2026-09-02T13:57:10+00:00","mainEntityOfPage":{"@id":"https:\/\/innoticiasbo.com\/index.php\/2026\/09\/02\/inician-erradicacion-de-coca-en-zonas-no-autorizadas-de-la-asunta\/"},"wordCount":225,"commentCount":0,"publisher":{"@id":"https:\/\/innoticiasbo.com\/#organization"},"image":{"@id":"https:\/\/innoticiasbo.com\/index.php\/2026\/09\/02\/inician-erradicacion-de-coca-en-zonas-no-autorizadas-de-la-asunta\/#primaryimage"},"thumbnailUrl":"https:\/\/i0.wp.com\/innoticiasbo.com\/wp-content\/uploads\/2026\/09\/image_editor_output_image-1920123828-1788357406530.jpg?fit=1000%2C752&ssl=1","keywords":["Asunta","Bolivia","Coca","Erradicar","gobierno","militares","Ordeno","Zonas"],"articleSection":["Bolivia"],"inLanguage":"es","potentialAction":[{"@type":"CommentAction","name":"Comment","target":["https:\/\/innoticiasbo.com\/index.php\/2026\/09\/02\/inician-erradicacion-de-coca-en-zonas-no-autorizadas-de-la-asunta\/#respond"]}]},{"@type":"WebPage","@id":"https:\/\/innoticiasbo.com\/index.php\/2026\/09\/02\/inician-erradicacion-de-coca-en-zonas-no-autorizadas-de-la-asunta\/","url":"https:\/\/innoticiasbo.com\/index.php\/2026\/09\/02\/inician-erradicacion-de-coca-en-zonas-no-autorizadas-de-la-asunta\/","name":"INICIAN ERRADICACI\u00d3N DE COCA EN ZONAS NO AUTORIZADAS DE LA ASUNTA - innoticiasbo.com","isPartOf":{"@id":"https:\/\/innoticiasbo.com\/#website"},"primaryImageOfPage":{"@id":"https:\/\/innoticiasbo.com\/index.php\/2026\/09\/02\/inician-erradicacion-de-coca-en-zonas-no-autorizadas-de-la-asunta\/#primaryimage"},"image":{"@id":"https:\/\/innoticiasbo.com\/index.php\/2026\/09\/02\/inician-erradicacion-de-coca-en-zonas-no-autorizadas-de-la-asunta\/#primaryimage"},"thumbnailUrl":"https:\/\/i0.wp.com\/innoticiasbo.com\/wp-content\/uploads\/2026\/09\/image_editor_output_image-1920123828-1788357406530.jpg?fit=1000%2C752&ssl=1","datePublished":"2026-09-02T13:56:02+00:00","dateModified":"2026-09-02T13:57:10+00:00","breadcrumb":{"@id":"https:\/\/innoticiasbo.com\/index.php\/2026\/09\/02\/inician-erradicacion-de-coca-en-zonas-no-autorizadas-de-la-asunta\/#breadcrumb"},"inLanguage":"es","potentialAction":[{"@type":"ReadAction","target":["https:\/\/innoticiasbo.com\/index.php\/2026\/09\/02\/inician-erradicacion-de-coca-en-zonas-no-autorizadas-de-la-asunta\/"]}]},{"@type":"ImageObject","inLanguage":"es","@id":"https:\/\/innoticiasbo.com\/index.php\/2026\/09\/02\/inician-erradicacion-de-coca-en-zonas-no-autorizadas-de-la-asunta\/#primaryimage","url":"https:\/\/i0.wp.com\/innoticiasbo.com\/wp-content\/uploads\/2026\/09\/image_editor_output_image-1920123828-1788357406530.jpg?fit=1000%2C752&ssl=1","contentUrl":"https:\/\/i0.wp.com\/innoticiasbo.com\/wp-content\/uploads\/2026\/09\/image_editor_output_image-1920123828-1788357406530.jpg?fit=1000%2C752&ssl=1","width":1000,"height":752},{"@type":"BreadcrumbList","@id":"https:\/\/innoticiasbo.com\/index.php\/2026\/09\/02\/inician-erradicacion-de-coca-en-zonas-no-autorizadas-de-la-asunta\/#breadcrumb","itemListElement":[{"@type":"ListItem","position":1,"name":"Portada","item":"https:\/\/innoticiasbo.com\/"},{"@type":"ListItem","position":2,"name":"INICIAN ERRADICACI\u00d3N DE COCA EN ZONAS NO AUTORIZADAS DE LA ASUNTA"}]},{"@type":"WebSite","@id":"https:\/\/innoticiasbo.com\/#website","url":"https:\/\/innoticiasbo.com\/","name":"innoticiasbo.com","description":"","publisher":{"@id":"https:\/\/innoticiasbo.com\/#organization"},"potentialAction":[{"@type":"SearchAction","target":{"@type":"EntryPoint","urlTemplate":"https:\/\/innoticiasbo.com\/?s={search_term_string}"},"query-input":{"@type":"PropertyValueSpecification","valueRequired":true,"valueName":"search_term_string"}}],"inLanguage":"es"},{"@type":"Organization","@id":"https:\/\/innoticiasbo.com\/#organization","name":"innoticiasbo.com","url":"https:\/\/innoticiasbo.com\/","logo":{"@type":"ImageObject","inLanguage":"es","@id":"https:\/\/innoticiasbo.com\/#\/schema\/logo\/image\/","url":"https:\/\/i0.wp.com\/innoticiasbo.com\/wp-content\/uploads\/2026\/04\/cropped-IN-LOGO.png?fit=1476%2C1476&ssl=1","contentUrl":"https:\/\/i0.wp.com\/innoticiasbo.com\/wp-content\/uploads\/2026\/04\/cropped-IN-LOGO.png?fit=1476%2C1476&ssl=1","width":1476,"height":1476,"caption":"innoticiasbo.com"},"image":{"@id":"https:\/\/innoticiasbo.com\/#\/schema\/logo\/image\/"},"sameAs":["https:\/\/www.facebook.com\/innoticiasbolivia","https:\/\/x.com\/innoticiasbo","https:\/\/www.instagram.com\/innoticiasbo","https:\/\/www.youtube.com\/innoticiasbo"]},{"@type":"Person","@id":"https:\/\/innoticiasbo.com\/#\/schema\/person\/9af0c49836719fb5d47b55cc879140ce","name":"Jason Gonzales","image":{"@type":"ImageObject","inLanguage":"es","@id":"https:\/\/innoticiasbo.com\/#\/schema\/person\/image\/","url":"https:\/\/secure.gravatar.com\/avatar\/ff64cacc93e8658997d62d298b4dff23?s=96&d=mm&r=g","contentUrl":"https:\/\/secure.gravatar.com\/avatar\/ff64cacc93e8658997d62d298b4dff23?s=96&d=mm&r=g","caption":"Jason Gonzales"},"sameAs":["http:\/\/www.innoticiasbo.com"],"url":"https:\/\/innoticiasbo.com\/index.php\/author\/prensa-8\/"}]}},"jetpack_featured_media_url":"https:\/\/i0.wp.com\/innoticiasbo.com\/wp-content\/uploads\/2026\/09\/image_editor_output_image-1920123828-1788357406530.jpg?fit=1000%2C752&ssl=1","jetpack_likes_enabled":true,"jetpack_sharing_enabled":true,"jetpack_shortlink":"https:\/\/wp.me\/pg298x-41V","_links":{"self":[{"href":"https:\/\/innoticiasbo.com\/index.php\/wp-json\/wp\/v2\/posts\/15495","targetHints":{"allow":["GET"]}}],"collection":[{"href":"https:\/\/innoticiasbo.com\/index.php\/wp-json\/wp\/v2\/posts"}],"about":[{"href":"https:\/\/innoticiasbo.com\/index.php\/wp-json\/wp\/v2\/types\/post"}],"author":[{"embeddable":true,"href":"https:\/\/innoticiasbo.com\/index.php\/wp-json\/wp\/v2\/users\/12"}],"replies":[{"embeddable":true,"href":"https:\/\/innoticiasbo.com\/index.php\/wp-json\/wp\/v2\/comments?post=15495"}],"version-history":[{"count":1,"href":"https:\/\/innoticiasbo.com\/index.php\/wp-json\/wp\/v2\/posts\/15495\/revisions"}],"predecessor-version":[{"id":15496,"href":"https:\/\/innoticiasbo.com\/index.php\/wp-json\/wp\/v2\/posts\/15495\/revisions\/15496"}],"wp:featuredmedia":[{"embeddable":true,"href":"https:\/\/innoticiasbo.com\/index.php\/wp-json\/wp\/v2\/media\/15494"}],"wp:attachment":[{"href":"https:\/\/innoticiasbo.com\/index.php\/wp-json\/wp\/v2\/media?parent=15495"}],"wp:term":[{"taxonomy":"category","embeddable":true,"href":"https:\/\/innoticiasbo.com\/index.php\/wp-json\/wp\/v2\/categories?post=15495"},{"taxonomy":"post_tag","embeddable":true,"href":"https:\/\/innoticiasbo.com\/index.php\/wp-json\/wp\/v2\/tags?post=15495"}],"curies":[{"name":"wp","href":"https:\/\/api.w.org\/{rel}","templated":true}]}}