{"id":15487,"date":"2026-09-02T09:47:41","date_gmt":"2026-09-02T13:47:41","guid":{"rendered":"https:\/\/innoticiasbo.com\/?p=15487"},"modified":"2026-09-02T09:49:13","modified_gmt":"2026-09-02T13:49:13","slug":"juan-pari-recibe-22-anos-de-carcel-por-el-desfalco-al-banco-union","status":"publish","type":"post","link":"https:\/\/innoticiasbo.com\/index.php\/2026\/09\/02\/juan-pari-recibe-22-anos-de-carcel-por-el-desfalco-al-banco-union\/","title":{"rendered":"JUAN PARI RECIBE 22 A\u00d1OS DE C\u00c1RCEL POR EL DESFALCO AL BANCO UNI\u00d3N"},"content":{"rendered":"\n<figure class=\"wp-block-image size-large\"><img data-recalc-dims=\"1\" loading=\"lazy\" decoding=\"async\" width=\"640\" height=\"362\" src=\"https:\/\/i0.wp.com\/innoticiasbo.com\/wp-content\/uploads\/2026\/09\/image_editor_output_image2040415437-17883568048264232374355760242052.jpg?resize=640%2C362&#038;ssl=1\" alt=\"\" class=\"wp-image-15485\" srcset=\"https:\/\/i0.wp.com\/innoticiasbo.com\/wp-content\/uploads\/2026\/09\/image_editor_output_image2040415437-17883568048264232374355760242052.jpg?w=997&amp;ssl=1 997w, https:\/\/i0.wp.com\/innoticiasbo.com\/wp-content\/uploads\/2026\/09\/image_editor_output_image2040415437-17883568048264232374355760242052.jpg?resize=300%2C170&amp;ssl=1 300w, https:\/\/i0.wp.com\/innoticiasbo.com\/wp-content\/uploads\/2026\/09\/image_editor_output_image2040415437-17883568048264232374355760242052.jpg?resize=768%2C434&amp;ssl=1 768w\" sizes=\"auto, (max-width: 640px) 100vw, 640px\" \/><\/figure>\n\n\n\n<p>2 de septiembre.- El exjefe de operaciones fue condenado este martes tras casi una d\u00e9cada de proceso. De los 17 acusados, cinco recibieron sentencia y 12 fueron absueltos, seg\u00fan inform\u00f3 la Fiscal\u00eda<\/p>\n\n\n\n<p>Juan Pari fue condenado este martes a 22 a\u00f1os y seis meses de prisi\u00f3n por el desfalco de Bs 37,6 millones al Banco Uni\u00f3n, un caso descubierto en 2017 y que lleg\u00f3 a juicio despu\u00e9s de casi una d\u00e9cada de proceso.<br><br>La sentencia establece que Pari deber\u00e1 cumplir su condena en el penal de Chonchocoro, inform\u00f3 a los medios el fiscal Walter Lora. El acusado particip\u00f3 de la audiencia de manera virtual desde el penal de El Abra, en Cochabamba, donde se encuentra recluido actualmente.<br><br>Pari fue detenido en 2017, despu\u00e9s de que una investigaci\u00f3n detectara que hab\u00eda manipulado el sistema inform\u00e1tico del Banco Uni\u00f3n para sustraer millonarios recursos cuando ejerc\u00eda como jefe de operaciones de las agencias de Batallas y Achacachi.<\/p>\n\n\n\n<p>De acuerdo con la investigaci\u00f3n, entre 2016 y 2017 habr\u00eda ingresado al sistema sin autorizaci\u00f3n y desde ah\u00ed realiz\u00f3 transferencias hacia un cajero autom\u00e1tico inexistente, una maniobra con la que logr\u00f3 apropiarse de aproximadamente Bs 37,6 millones.<br><br>Cinco condenados y 12 absueltos<br><br>En este proceso fueron acusadas 17 personas. Seg\u00fan el fiscal Lora, adem\u00e1s de Pari, otras cuatro personas recibieron condenas, mientras que las 12 restantes fueron absueltas.<br><br>Entre las otras cuatro personas sentenciadas, una recibi\u00f3 cuatro a\u00f1os de prisi\u00f3n, dos fueron condenadas a tres a\u00f1os y otra recibi\u00f3 una pena de 10 a\u00f1os de privaci\u00f3n de libertad.<br><br>Durante su \u00faltima intervenci\u00f3n ante el tribunal, Pari pidi\u00f3 disculpas a los dem\u00e1s acusados y lament\u00f3 las consecuencias que el proceso tuvo sobre sus vidas durante estos nueve a\u00f1os.<br><br>El exfuncionario del Banco Uni\u00f3n sostuvo que los otros acusados eran inocentes y afirm\u00f3 que algunos habr\u00edan asumido responsabilidades que no les correspond\u00edan para poner fin al proceso.<br><br>\u201cHan tenido que asumir una culpabilidad siendo inocentes para de una vez terminar este proceso\u201d, manifest\u00f3 Pari durante su intervenci\u00f3n, en la que tambi\u00e9n reconoci\u00f3 que inicialmente no dimension\u00f3 la magnitud del problema generado por sus acciones.<br><br>El dinero y la vida de lujos<br><br>Seg\u00fan la investigaci\u00f3n, despu\u00e9s de apropiarse de los recursos del banco, Pari habr\u00eda intentado lavar el dinero mediante la adquisici\u00f3n de bienes inmuebles y veh\u00edculos de lujo. Parte de los recursos tambi\u00e9n habr\u00eda sido utilizada para financiar viajes, incluido el alquiler de aviones privados, adem\u00e1s de la creaci\u00f3n o participaci\u00f3n en diferentes negocios.<br><br>Entre las actividades vinculadas a los recursos del desfalco se mencionaron empresas y emprendimientos relacionados con alquiler de veh\u00edculos, construcci\u00f3n, curtiembre, una discoteca y un canal de televisi\u00f3n, entre otros.<br><br>La condena conocida este martes cierra en primera instancia un proceso penal que se prolong\u00f3 durante casi nueve a\u00f1os desde que el desfalco fue descubierto.<\/p>\n\n\n\n<p>Fuente: El Deber <\/p>\n","protected":false},"excerpt":{"rendered":"<p>2 de septiembre.- El exjefe de operaciones fue condenado este martes tras casi una d\u00e9cada de proceso. De los 17 acusados, cinco recibieron sentencia y 12 fueron absueltos, seg\u00fan inform\u00f3 la Fiscal\u00eda Juan Pari fue condenado este martes a 22 a\u00f1os y seis meses de prisi\u00f3n por el desfalco de Bs 37,6 millones al Banco&#8230;<\/p>\n","protected":false},"author":12,"featured_media":15486,"comment_status":"open","ping_status":"open","sticky":false,"template":"","format":"standard","meta":{"_jetpack_memberships_contains_paid_content":false,"footnotes":"","jetpack_publicize_message":"","jetpack_publicize_feature_enabled":true,"jetpack_social_post_already_shared":true,"jetpack_social_options":{"image_generator_settings":{"template":"highway","enabled":false},"version":2}},"categories":[1],"tags":[1837,7,3864,1836,1838,110],"class_list":["post-15487","post","type-post","status-publish","format-standard","has-post-thumbnail","hentry","category-bolivia","tag-banco-union","tag-bolivia","tag-carcel-de-chonchocoro","tag-desfalco","tag-juan-pari","tag-sentencia"],"jetpack_publicize_connections":[],"yoast_head":"<!-- This site is optimized with the Yoast SEO plugin v23.4 - https:\/\/yoast.com\/wordpress\/plugins\/seo\/ -->\n<title>JUAN PARI RECIBE 22 A\u00d1OS DE C\u00c1RCEL POR EL DESFALCO AL BANCO UNI\u00d3N - innoticiasbo.com<\/title>\n<meta name=\"robots\" content=\"index, follow, max-snippet:-1, max-image-preview:large, max-video-preview:-1\" \/>\n<link rel=\"canonical\" href=\"https:\/\/innoticiasbo.com\/index.php\/2026\/09\/02\/juan-pari-recibe-22-anos-de-carcel-por-el-desfalco-al-banco-union\/\" \/>\n<meta property=\"og:locale\" content=\"es_ES\" \/>\n<meta property=\"og:type\" content=\"article\" \/>\n<meta property=\"og:title\" content=\"JUAN PARI RECIBE 22 A\u00d1OS DE C\u00c1RCEL POR EL DESFALCO AL BANCO UNI\u00d3N - innoticiasbo.com\" \/>\n<meta property=\"og:description\" content=\"2 de septiembre.- El exjefe de operaciones fue condenado este martes tras casi una d\u00e9cada de proceso. De los 17 acusados, cinco recibieron sentencia y 12 fueron absueltos, seg\u00fan inform\u00f3 la Fiscal\u00eda Juan Pari fue condenado este martes a 22 a\u00f1os y seis meses de prisi\u00f3n por el desfalco de Bs 37,6 millones al Banco...\" \/>\n<meta property=\"og:url\" content=\"https:\/\/innoticiasbo.com\/index.php\/2026\/09\/02\/juan-pari-recibe-22-anos-de-carcel-por-el-desfalco-al-banco-union\/\" \/>\n<meta property=\"og:site_name\" content=\"innoticiasbo.com\" \/>\n<meta property=\"article:publisher\" content=\"https:\/\/www.facebook.com\/innoticiasbolivia\" \/>\n<meta property=\"article:published_time\" content=\"2026-09-02T13:47:41+00:00\" \/>\n<meta property=\"article:modified_time\" content=\"2026-09-02T13:49:13+00:00\" \/>\n<meta property=\"og:image\" content=\"https:\/\/i0.wp.com\/innoticiasbo.com\/wp-content\/uploads\/2026\/09\/image_editor_output_image2040415437-1788356931184.jpg?fit=1003%2C567&ssl=1\" \/>\n\t<meta property=\"og:image:width\" content=\"1003\" \/>\n\t<meta property=\"og:image:height\" content=\"567\" \/>\n\t<meta property=\"og:image:type\" content=\"image\/jpeg\" \/>\n<meta name=\"author\" content=\"Jason Gonzales\" \/>\n<meta name=\"twitter:card\" content=\"summary_large_image\" \/>\n<meta name=\"twitter:creator\" content=\"@innoticiasbo\" \/>\n<meta name=\"twitter:site\" content=\"@innoticiasbo\" \/>\n<meta name=\"twitter:label1\" content=\"Escrito por\" \/>\n\t<meta name=\"twitter:data1\" content=\"Jason Gonzales\" \/>\n\t<meta name=\"twitter:label2\" content=\"Tiempo de lectura\" \/>\n\t<meta name=\"twitter:data2\" content=\"2 minutos\" \/>\n<script type=\"application\/ld+json\" class=\"yoast-schema-graph\">{\"@context\":\"https:\/\/schema.org\",\"@graph\":[{\"@type\":\"Article\",\"@id\":\"https:\/\/innoticiasbo.com\/index.php\/2026\/09\/02\/juan-pari-recibe-22-anos-de-carcel-por-el-desfalco-al-banco-union\/#article\",\"isPartOf\":{\"@id\":\"https:\/\/innoticiasbo.com\/index.php\/2026\/09\/02\/juan-pari-recibe-22-anos-de-carcel-por-el-desfalco-al-banco-union\/\"},\"author\":{\"name\":\"Jason Gonzales\",\"@id\":\"https:\/\/innoticiasbo.com\/#\/schema\/person\/9af0c49836719fb5d47b55cc879140ce\"},\"headline\":\"JUAN PARI RECIBE 22 A\u00d1OS DE C\u00c1RCEL POR EL DESFALCO AL BANCO UNI\u00d3N\",\"datePublished\":\"2026-09-02T13:47:41+00:00\",\"dateModified\":\"2026-09-02T13:49:13+00:00\",\"mainEntityOfPage\":{\"@id\":\"https:\/\/innoticiasbo.com\/index.php\/2026\/09\/02\/juan-pari-recibe-22-anos-de-carcel-por-el-desfalco-al-banco-union\/\"},\"wordCount\":514,\"commentCount\":0,\"publisher\":{\"@id\":\"https:\/\/innoticiasbo.com\/#organization\"},\"image\":{\"@id\":\"https:\/\/innoticiasbo.com\/index.php\/2026\/09\/02\/juan-pari-recibe-22-anos-de-carcel-por-el-desfalco-al-banco-union\/#primaryimage\"},\"thumbnailUrl\":\"https:\/\/i0.wp.com\/innoticiasbo.com\/wp-content\/uploads\/2026\/09\/image_editor_output_image2040415437-1788356931184.jpg?fit=1003%2C567&ssl=1\",\"keywords\":[\"Banco Uni\u00f3n\",\"Bolivia\",\"C\u00e1rcel de Chonchocoro\",\"Desfalco\",\"Juan Pari\",\"sentencia\"],\"articleSection\":[\"Bolivia\"],\"inLanguage\":\"es\",\"potentialAction\":[{\"@type\":\"CommentAction\",\"name\":\"Comment\",\"target\":[\"https:\/\/innoticiasbo.com\/index.php\/2026\/09\/02\/juan-pari-recibe-22-anos-de-carcel-por-el-desfalco-al-banco-union\/#respond\"]}]},{\"@type\":\"WebPage\",\"@id\":\"https:\/\/innoticiasbo.com\/index.php\/2026\/09\/02\/juan-pari-recibe-22-anos-de-carcel-por-el-desfalco-al-banco-union\/\",\"url\":\"https:\/\/innoticiasbo.com\/index.php\/2026\/09\/02\/juan-pari-recibe-22-anos-de-carcel-por-el-desfalco-al-banco-union\/\",\"name\":\"JUAN PARI RECIBE 22 A\u00d1OS DE C\u00c1RCEL POR EL DESFALCO AL BANCO UNI\u00d3N - innoticiasbo.com\",\"isPartOf\":{\"@id\":\"https:\/\/innoticiasbo.com\/#website\"},\"primaryImageOfPage\":{\"@id\":\"https:\/\/innoticiasbo.com\/index.php\/2026\/09\/02\/juan-pari-recibe-22-anos-de-carcel-por-el-desfalco-al-banco-union\/#primaryimage\"},\"image\":{\"@id\":\"https:\/\/innoticiasbo.com\/index.php\/2026\/09\/02\/juan-pari-recibe-22-anos-de-carcel-por-el-desfalco-al-banco-union\/#primaryimage\"},\"thumbnailUrl\":\"https:\/\/i0.wp.com\/innoticiasbo.com\/wp-content\/uploads\/2026\/09\/image_editor_output_image2040415437-1788356931184.jpg?fit=1003%2C567&ssl=1\",\"datePublished\":\"2026-09-02T13:47:41+00:00\",\"dateModified\":\"2026-09-02T13:49:13+00:00\",\"breadcrumb\":{\"@id\":\"https:\/\/innoticiasbo.com\/index.php\/2026\/09\/02\/juan-pari-recibe-22-anos-de-carcel-por-el-desfalco-al-banco-union\/#breadcrumb\"},\"inLanguage\":\"es\",\"potentialAction\":[{\"@type\":\"ReadAction\",\"target\":[\"https:\/\/innoticiasbo.com\/index.php\/2026\/09\/02\/juan-pari-recibe-22-anos-de-carcel-por-el-desfalco-al-banco-union\/\"]}]},{\"@type\":\"ImageObject\",\"inLanguage\":\"es\",\"@id\":\"https:\/\/innoticiasbo.com\/index.php\/2026\/09\/02\/juan-pari-recibe-22-anos-de-carcel-por-el-desfalco-al-banco-union\/#primaryimage\",\"url\":\"https:\/\/i0.wp.com\/innoticiasbo.com\/wp-content\/uploads\/2026\/09\/image_editor_output_image2040415437-1788356931184.jpg?fit=1003%2C567&ssl=1\",\"contentUrl\":\"https:\/\/i0.wp.com\/innoticiasbo.com\/wp-content\/uploads\/2026\/09\/image_editor_output_image2040415437-1788356931184.jpg?fit=1003%2C567&ssl=1\",\"width\":1003,\"height\":567},{\"@type\":\"BreadcrumbList\",\"@id\":\"https:\/\/innoticiasbo.com\/index.php\/2026\/09\/02\/juan-pari-recibe-22-anos-de-carcel-por-el-desfalco-al-banco-union\/#breadcrumb\",\"itemListElement\":[{\"@type\":\"ListItem\",\"position\":1,\"name\":\"Portada\",\"item\":\"https:\/\/innoticiasbo.com\/\"},{\"@type\":\"ListItem\",\"position\":2,\"name\":\"JUAN PARI RECIBE 22 A\u00d1OS DE C\u00c1RCEL POR EL DESFALCO AL BANCO UNI\u00d3N\"}]},{\"@type\":\"WebSite\",\"@id\":\"https:\/\/innoticiasbo.com\/#website\",\"url\":\"https:\/\/innoticiasbo.com\/\",\"name\":\"innoticiasbo.com\",\"description\":\"\",\"publisher\":{\"@id\":\"https:\/\/innoticiasbo.com\/#organization\"},\"potentialAction\":[{\"@type\":\"SearchAction\",\"target\":{\"@type\":\"EntryPoint\",\"urlTemplate\":\"https:\/\/innoticiasbo.com\/?s={search_term_string}\"},\"query-input\":{\"@type\":\"PropertyValueSpecification\",\"valueRequired\":true,\"valueName\":\"search_term_string\"}}],\"inLanguage\":\"es\"},{\"@type\":\"Organization\",\"@id\":\"https:\/\/innoticiasbo.com\/#organization\",\"name\":\"innoticiasbo.com\",\"url\":\"https:\/\/innoticiasbo.com\/\",\"logo\":{\"@type\":\"ImageObject\",\"inLanguage\":\"es\",\"@id\":\"https:\/\/innoticiasbo.com\/#\/schema\/logo\/image\/\",\"url\":\"https:\/\/i0.wp.com\/innoticiasbo.com\/wp-content\/uploads\/2026\/04\/cropped-IN-LOGO.png?fit=1476%2C1476&ssl=1\",\"contentUrl\":\"https:\/\/i0.wp.com\/innoticiasbo.com\/wp-content\/uploads\/2026\/04\/cropped-IN-LOGO.png?fit=1476%2C1476&ssl=1\",\"width\":1476,\"height\":1476,\"caption\":\"innoticiasbo.com\"},\"image\":{\"@id\":\"https:\/\/innoticiasbo.com\/#\/schema\/logo\/image\/\"},\"sameAs\":[\"https:\/\/www.facebook.com\/innoticiasbolivia\",\"https:\/\/x.com\/innoticiasbo\",\"https:\/\/www.instagram.com\/innoticiasbo\",\"https:\/\/www.youtube.com\/innoticiasbo\"]},{\"@type\":\"Person\",\"@id\":\"https:\/\/innoticiasbo.com\/#\/schema\/person\/9af0c49836719fb5d47b55cc879140ce\",\"name\":\"Jason Gonzales\",\"image\":{\"@type\":\"ImageObject\",\"inLanguage\":\"es\",\"@id\":\"https:\/\/innoticiasbo.com\/#\/schema\/person\/image\/\",\"url\":\"https:\/\/secure.gravatar.com\/avatar\/ff64cacc93e8658997d62d298b4dff23?s=96&d=mm&r=g\",\"contentUrl\":\"https:\/\/secure.gravatar.com\/avatar\/ff64cacc93e8658997d62d298b4dff23?s=96&d=mm&r=g\",\"caption\":\"Jason Gonzales\"},\"sameAs\":[\"http:\/\/www.innoticiasbo.com\"],\"url\":\"https:\/\/innoticiasbo.com\/index.php\/author\/prensa-8\/\"}]}<\/script>\n<!-- \/ Yoast SEO plugin. -->","yoast_head_json":{"title":"JUAN PARI RECIBE 22 A\u00d1OS DE C\u00c1RCEL POR EL DESFALCO AL BANCO UNI\u00d3N - innoticiasbo.com","robots":{"index":"index","follow":"follow","max-snippet":"max-snippet:-1","max-image-preview":"max-image-preview:large","max-video-preview":"max-video-preview:-1"},"canonical":"https:\/\/innoticiasbo.com\/index.php\/2026\/09\/02\/juan-pari-recibe-22-anos-de-carcel-por-el-desfalco-al-banco-union\/","og_locale":"es_ES","og_type":"article","og_title":"JUAN PARI RECIBE 22 A\u00d1OS DE C\u00c1RCEL POR EL DESFALCO AL BANCO UNI\u00d3N - innoticiasbo.com","og_description":"2 de septiembre.- El exjefe de operaciones fue condenado este martes tras casi una d\u00e9cada de proceso. De los 17 acusados, cinco recibieron sentencia y 12 fueron absueltos, seg\u00fan inform\u00f3 la Fiscal\u00eda Juan Pari fue condenado este martes a 22 a\u00f1os y seis meses de prisi\u00f3n por el desfalco de Bs 37,6 millones al Banco...","og_url":"https:\/\/innoticiasbo.com\/index.php\/2026\/09\/02\/juan-pari-recibe-22-anos-de-carcel-por-el-desfalco-al-banco-union\/","og_site_name":"innoticiasbo.com","article_publisher":"https:\/\/www.facebook.com\/innoticiasbolivia","article_published_time":"2026-09-02T13:47:41+00:00","article_modified_time":"2026-09-02T13:49:13+00:00","og_image":[{"width":1003,"height":567,"url":"https:\/\/i0.wp.com\/innoticiasbo.com\/wp-content\/uploads\/2026\/09\/image_editor_output_image2040415437-1788356931184.jpg?fit=1003%2C567&ssl=1","type":"image\/jpeg"}],"author":"Jason Gonzales","twitter_card":"summary_large_image","twitter_creator":"@innoticiasbo","twitter_site":"@innoticiasbo","twitter_misc":{"Escrito por":"Jason Gonzales","Tiempo de lectura":"2 minutos"},"schema":{"@context":"https:\/\/schema.org","@graph":[{"@type":"Article","@id":"https:\/\/innoticiasbo.com\/index.php\/2026\/09\/02\/juan-pari-recibe-22-anos-de-carcel-por-el-desfalco-al-banco-union\/#article","isPartOf":{"@id":"https:\/\/innoticiasbo.com\/index.php\/2026\/09\/02\/juan-pari-recibe-22-anos-de-carcel-por-el-desfalco-al-banco-union\/"},"author":{"name":"Jason Gonzales","@id":"https:\/\/innoticiasbo.com\/#\/schema\/person\/9af0c49836719fb5d47b55cc879140ce"},"headline":"JUAN PARI RECIBE 22 A\u00d1OS DE C\u00c1RCEL POR EL DESFALCO AL BANCO UNI\u00d3N","datePublished":"2026-09-02T13:47:41+00:00","dateModified":"2026-09-02T13:49:13+00:00","mainEntityOfPage":{"@id":"https:\/\/innoticiasbo.com\/index.php\/2026\/09\/02\/juan-pari-recibe-22-anos-de-carcel-por-el-desfalco-al-banco-union\/"},"wordCount":514,"commentCount":0,"publisher":{"@id":"https:\/\/innoticiasbo.com\/#organization"},"image":{"@id":"https:\/\/innoticiasbo.com\/index.php\/2026\/09\/02\/juan-pari-recibe-22-anos-de-carcel-por-el-desfalco-al-banco-union\/#primaryimage"},"thumbnailUrl":"https:\/\/i0.wp.com\/innoticiasbo.com\/wp-content\/uploads\/2026\/09\/image_editor_output_image2040415437-1788356931184.jpg?fit=1003%2C567&ssl=1","keywords":["Banco Uni\u00f3n","Bolivia","C\u00e1rcel de Chonchocoro","Desfalco","Juan Pari","sentencia"],"articleSection":["Bolivia"],"inLanguage":"es","potentialAction":[{"@type":"CommentAction","name":"Comment","target":["https:\/\/innoticiasbo.com\/index.php\/2026\/09\/02\/juan-pari-recibe-22-anos-de-carcel-por-el-desfalco-al-banco-union\/#respond"]}]},{"@type":"WebPage","@id":"https:\/\/innoticiasbo.com\/index.php\/2026\/09\/02\/juan-pari-recibe-22-anos-de-carcel-por-el-desfalco-al-banco-union\/","url":"https:\/\/innoticiasbo.com\/index.php\/2026\/09\/02\/juan-pari-recibe-22-anos-de-carcel-por-el-desfalco-al-banco-union\/","name":"JUAN PARI RECIBE 22 A\u00d1OS DE C\u00c1RCEL POR EL DESFALCO AL BANCO UNI\u00d3N - innoticiasbo.com","isPartOf":{"@id":"https:\/\/innoticiasbo.com\/#website"},"primaryImageOfPage":{"@id":"https:\/\/innoticiasbo.com\/index.php\/2026\/09\/02\/juan-pari-recibe-22-anos-de-carcel-por-el-desfalco-al-banco-union\/#primaryimage"},"image":{"@id":"https:\/\/innoticiasbo.com\/index.php\/2026\/09\/02\/juan-pari-recibe-22-anos-de-carcel-por-el-desfalco-al-banco-union\/#primaryimage"},"thumbnailUrl":"https:\/\/i0.wp.com\/innoticiasbo.com\/wp-content\/uploads\/2026\/09\/image_editor_output_image2040415437-1788356931184.jpg?fit=1003%2C567&ssl=1","datePublished":"2026-09-02T13:47:41+00:00","dateModified":"2026-09-02T13:49:13+00:00","breadcrumb":{"@id":"https:\/\/innoticiasbo.com\/index.php\/2026\/09\/02\/juan-pari-recibe-22-anos-de-carcel-por-el-desfalco-al-banco-union\/#breadcrumb"},"inLanguage":"es","potentialAction":[{"@type":"ReadAction","target":["https:\/\/innoticiasbo.com\/index.php\/2026\/09\/02\/juan-pari-recibe-22-anos-de-carcel-por-el-desfalco-al-banco-union\/"]}]},{"@type":"ImageObject","inLanguage":"es","@id":"https:\/\/innoticiasbo.com\/index.php\/2026\/09\/02\/juan-pari-recibe-22-anos-de-carcel-por-el-desfalco-al-banco-union\/#primaryimage","url":"https:\/\/i0.wp.com\/innoticiasbo.com\/wp-content\/uploads\/2026\/09\/image_editor_output_image2040415437-1788356931184.jpg?fit=1003%2C567&ssl=1","contentUrl":"https:\/\/i0.wp.com\/innoticiasbo.com\/wp-content\/uploads\/2026\/09\/image_editor_output_image2040415437-1788356931184.jpg?fit=1003%2C567&ssl=1","width":1003,"height":567},{"@type":"BreadcrumbList","@id":"https:\/\/innoticiasbo.com\/index.php\/2026\/09\/02\/juan-pari-recibe-22-anos-de-carcel-por-el-desfalco-al-banco-union\/#breadcrumb","itemListElement":[{"@type":"ListItem","position":1,"name":"Portada","item":"https:\/\/innoticiasbo.com\/"},{"@type":"ListItem","position":2,"name":"JUAN PARI RECIBE 22 A\u00d1OS DE C\u00c1RCEL POR EL DESFALCO AL BANCO UNI\u00d3N"}]},{"@type":"WebSite","@id":"https:\/\/innoticiasbo.com\/#website","url":"https:\/\/innoticiasbo.com\/","name":"innoticiasbo.com","description":"","publisher":{"@id":"https:\/\/innoticiasbo.com\/#organization"},"potentialAction":[{"@type":"SearchAction","target":{"@type":"EntryPoint","urlTemplate":"https:\/\/innoticiasbo.com\/?s={search_term_string}"},"query-input":{"@type":"PropertyValueSpecification","valueRequired":true,"valueName":"search_term_string"}}],"inLanguage":"es"},{"@type":"Organization","@id":"https:\/\/innoticiasbo.com\/#organization","name":"innoticiasbo.com","url":"https:\/\/innoticiasbo.com\/","logo":{"@type":"ImageObject","inLanguage":"es","@id":"https:\/\/innoticiasbo.com\/#\/schema\/logo\/image\/","url":"https:\/\/i0.wp.com\/innoticiasbo.com\/wp-content\/uploads\/2026\/04\/cropped-IN-LOGO.png?fit=1476%2C1476&ssl=1","contentUrl":"https:\/\/i0.wp.com\/innoticiasbo.com\/wp-content\/uploads\/2026\/04\/cropped-IN-LOGO.png?fit=1476%2C1476&ssl=1","width":1476,"height":1476,"caption":"innoticiasbo.com"},"image":{"@id":"https:\/\/innoticiasbo.com\/#\/schema\/logo\/image\/"},"sameAs":["https:\/\/www.facebook.com\/innoticiasbolivia","https:\/\/x.com\/innoticiasbo","https:\/\/www.instagram.com\/innoticiasbo","https:\/\/www.youtube.com\/innoticiasbo"]},{"@type":"Person","@id":"https:\/\/innoticiasbo.com\/#\/schema\/person\/9af0c49836719fb5d47b55cc879140ce","name":"Jason Gonzales","image":{"@type":"ImageObject","inLanguage":"es","@id":"https:\/\/innoticiasbo.com\/#\/schema\/person\/image\/","url":"https:\/\/secure.gravatar.com\/avatar\/ff64cacc93e8658997d62d298b4dff23?s=96&d=mm&r=g","contentUrl":"https:\/\/secure.gravatar.com\/avatar\/ff64cacc93e8658997d62d298b4dff23?s=96&d=mm&r=g","caption":"Jason Gonzales"},"sameAs":["http:\/\/www.innoticiasbo.com"],"url":"https:\/\/innoticiasbo.com\/index.php\/author\/prensa-8\/"}]}},"jetpack_featured_media_url":"https:\/\/i0.wp.com\/innoticiasbo.com\/wp-content\/uploads\/2026\/09\/image_editor_output_image2040415437-1788356931184.jpg?fit=1003%2C567&ssl=1","jetpack_likes_enabled":true,"jetpack_sharing_enabled":true,"jetpack_shortlink":"https:\/\/wp.me\/pg298x-41N","_links":{"self":[{"href":"https:\/\/innoticiasbo.com\/index.php\/wp-json\/wp\/v2\/posts\/15487","targetHints":{"allow":["GET"]}}],"collection":[{"href":"https:\/\/innoticiasbo.com\/index.php\/wp-json\/wp\/v2\/posts"}],"about":[{"href":"https:\/\/innoticiasbo.com\/index.php\/wp-json\/wp\/v2\/types\/post"}],"author":[{"embeddable":true,"href":"https:\/\/innoticiasbo.com\/index.php\/wp-json\/wp\/v2\/users\/12"}],"replies":[{"embeddable":true,"href":"https:\/\/innoticiasbo.com\/index.php\/wp-json\/wp\/v2\/comments?post=15487"}],"version-history":[{"count":1,"href":"https:\/\/innoticiasbo.com\/index.php\/wp-json\/wp\/v2\/posts\/15487\/revisions"}],"predecessor-version":[{"id":15488,"href":"https:\/\/innoticiasbo.com\/index.php\/wp-json\/wp\/v2\/posts\/15487\/revisions\/15488"}],"wp:featuredmedia":[{"embeddable":true,"href":"https:\/\/innoticiasbo.com\/index.php\/wp-json\/wp\/v2\/media\/15486"}],"wp:attachment":[{"href":"https:\/\/innoticiasbo.com\/index.php\/wp-json\/wp\/v2\/media?parent=15487"}],"wp:term":[{"taxonomy":"category","embeddable":true,"href":"https:\/\/innoticiasbo.com\/index.php\/wp-json\/wp\/v2\/categories?post=15487"},{"taxonomy":"post_tag","embeddable":true,"href":"https:\/\/innoticiasbo.com\/index.php\/wp-json\/wp\/v2\/tags?post=15487"}],"curies":[{"name":"wp","href":"https:\/\/api.w.org\/{rel}","templated":true}]}}